{"id":157251,"date":"2022-09-09T12:42:00","date_gmt":"2022-09-09T10:42:00","guid":{"rendered":"https:\/\/legrandcontinent.eu\/fr\/?p=157251"},"modified":"2022-09-09T15:06:29","modified_gmt":"2022-09-09T13:06:29","slug":"sommet-crucial-des-ministres-de-lenergie-europeens","status":"publish","type":"post","link":"https:\/\/legrandcontinent.eu\/fr\/2022\/09\/09\/sommet-crucial-des-ministres-de-lenergie-europeens\/","title":{"rendered":"Sommet crucial des ministres de l&rsquo;\u00e9nergie europ\u00e9ens"},"content":{"rendered":"\n<ul class=\"wp-block-list\">\n<li>Apr\u00e8s <a href=\"https:\/\/legrandcontinent.eu\/fr\/2022\/08\/26\/les-prix-de-lenergie-atteignent-des-niveaux-historiques-en-europe\/\">l\u2019explosion du prix du m\u00e9gawattheure (MWh) en Europe<\/a> \u2014 particuli\u00e8rement en France et en Allemagne \u2014 \u00e0 la fin du mois d\u2019ao\u00fbt, le Premier ministre tch\u00e8que, Petr Fiala, a annonc\u00e9 que <a href=\"https:\/\/legrandcontinent.eu\/fr\/2022\/07\/01\/la-republique-tcheque-prend-le-relais-de-la-france-a-la-presidence-du-conseil-de-lunion-europeenne\/\">la pr\u00e9sidence tch\u00e8que du Conseil de l\u2019Union europ\u00e9enne<\/a> allait \u00ab&#160;convoquer une r\u00e9union des ministres de l\u2019\u00e9nergie pour discuter de mesures d\u2019urgence sp\u00e9cifiques pour faire face \u00e0 la situation \u00e9nerg\u00e9tique&#160;\u00bb.&nbsp;<\/li>\n<\/ul>\n\n\n\n<div class=\"iframe-container wp-block-image wp-block-image-medium  iframe-dw\">\n\t<div>\n\t\t<iframe class=\"absolute w-full h-full pin-t pin-l\" title=\"titolo\" aria-label=\"Interactive line chart\" src=\"\/\/datawrapper.dwcdn.net\/73ufn\/2\/\" scrolling=\"no\" frameborder=\"0\"><\/iframe>\n\t<\/div>\n<\/div>\n\n\n\n<ul class=\"wp-block-list\">\n<li>Depuis cette annonce, la position de la Commission et <a href=\"https:\/\/legrandcontinent.eu\/fr\/2022\/09\/02\/les-propositions-de-la-commission-pour-la-reforme-du-marche-europeen-de-lelectricite\/\">ses propositions pour la r\u00e9forme du march\u00e9 europ\u00e9en de l\u2019\u00e9lectricit\u00e9<\/a> s\u2019est fait conna\u00eetre \u00e0 travers la divulgation d\u2019un <em>non-paper, <\/em>auxquelles sont venues s\u2019ajouter d\u2019autres propositions de mesures, faisant suite \u00e0 la menace de Vladimir Poutine \u00ab&#160;mettre fin aux livraisons d\u2019hydrocarbures&#160;\u00bb, prononc\u00e9e <a href=\"https:\/\/legrandcontinent.eu\/fr\/2022\/09\/07\/poutine-menace-de-mettre-fin-aux-livraisons-dhydrocarbures-a-tous-les-pays-mettant-en-place-un-plafonnement-des-prix\/\">lors d\u2019un discours \u00e0 Vladivostok<\/a>.\n<ul class=\"wp-block-list\"><\/ul>\n<\/li>\n<\/ul>\n\n\n\n<div class=\"iframe-container wp-block-image wp-block-image-medium  iframe-dw\">\n\t<div>\n\t\t<iframe class=\"absolute w-full h-full pin-t pin-l\" title=\"titolo\" aria-label=\"Interactive line chart\" src=\"\/\/datawrapper.dwcdn.net\/AfaRe\/\" scrolling=\"no\" frameborder=\"0\"><\/iframe>\n\t<\/div>\n<\/div>\n\n\n\n<ul class=\"wp-block-list\">\n<li>Ursula von der Leyen devrait aujourd\u2019hui proposer aux \u00c9tats membres d&rsquo;imposer une taxe sur les producteurs d\u2019\u00e9lectricit\u00e9, dont les recettes seront redistribu\u00e9es, une r\u00e9duction de la demande d&rsquo;\u00e9lectricit\u00e9 ainsi que la mise en place d\u2019un plafonnement du prix pay\u00e9 pour le gaz russe.<\/li>\n<\/ul>\n\n\n\n<div class=\"iframe-container wp-block-image wp-block-image-medium  iframe-dw\">\n\t<div>\n\t\t<iframe class=\"absolute w-full h-full pin-t pin-l\" title=\"titolo\" aria-label=\"Interactive line chart\" src=\"\/\/datawrapper.dwcdn.net\/uBfF1\/1\/\" scrolling=\"no\" frameborder=\"0\"><\/iframe>\n\t<\/div>\n<\/div>\n\n\n\n<ul class=\"wp-block-list\">\n<li>Le plafonnement du prix du gaz est probablement la proposition qui suscitera le plus de discussions. Si certains pays comme la France, la Pologne ou l\u2019Italie ont d\u00e9clar\u00e9 \u00eatre en faveur d\u2019une telle mesure, l\u2019Allemagne ainsi que d\u2019autres pays d\u2019Europe centrale s\u2019y opposent, jugeant qu\u2019elle serait susceptible de conduire \u00e0 une coupure totale du gaz russe en direction de l\u2019Europe \u2014 ce qui arrivera probablement&nbsp;<span class='whitespace-nowrap'><span id='easy-footnote-1-157251' class='easy-footnote-margin-adjust'><\/span><span class='easy-footnote'><a href='https:\/\/legrandcontinent.eu\/fr\/2022\/09\/09\/sommet-crucial-des-ministres-de-lenergie-europeens\/#easy-footnote-bottom-1-157251' title='Hans von der Burchard, \u00ab&amp;#160;&lt;a href=&quot;https:\/\/www.politico.eu\/article\/germany-skeptical-over-price-cap-on-russian-gas-eu-commission\/&quot;&gt;Germany \u2018skeptical\u2019 over price cap on Russian gas&lt;\/a&gt;&amp;#160;\u00bb, &lt;em&gt;Politico&lt;\/em&gt;, 6 septembre 2022.'><sup>1<\/sup><\/a><\/span><\/span>.<\/li>\n<\/ul>\n\n\n\n<ul class=\"wp-block-list\">\n<li>Le d\u00e9couplage du prix du gaz et de l\u2019\u00e9lectricit\u00e9 est \u00e9galement une mesure qui serait susceptible d\u2019\u00eatre mise sur la table au cours du Sommet d\u2019aujourd\u2019hui. Bien qu\u2019elle n\u2019ait pas \u00e9t\u00e9 propos\u00e9e par la Commission, elle fait toutefois partie de la liste de propositions de la pr\u00e9sidence tch\u00e8que qui feront l\u2019objet d\u2019une discussion entre \u00c9tats membres&nbsp;<span class='whitespace-nowrap'><span id='easy-footnote-2-157251' class='easy-footnote-margin-adjust'><\/span><span class='easy-footnote'><a href='https:\/\/legrandcontinent.eu\/fr\/2022\/09\/09\/sommet-crucial-des-ministres-de-lenergie-europeens\/#easy-footnote-bottom-2-157251' title='Jakob Hanke Vela, \u00ab&amp;#160;&lt;a href=&quot;https:\/\/www.politico.eu\/article\/eu-plans-energy-prices-leyen-michel-russia-war-ukraine-electricity-crisis-nord-stream-gas\/&quot;&gt;EU plans to slam brakes on energy prices this week&lt;\/a&gt;&amp;#160;\u00bb, &lt;em&gt;Politico&lt;\/em&gt;, 5 septembre 2022.'><sup>2<\/sup><\/a><\/span><\/span>.<\/li>\n<\/ul>\n\n\n\n<ul class=\"wp-block-list\">\n<li>Il est peu probable que les Europ\u00e9ens se mettent d\u2019accord aujourd\u2019hui sur les mesures \u00e0 prendre pour faire face \u00e0 la crise \u00e9nerg\u00e9tique. Ce Sommet a plut\u00f4t pour objectif de rassurer les march\u00e9s et de montrer que l\u2019Union s\u2019attaque au probl\u00e8me de l\u2019\u00e9nergie. Si la d\u00e9cision finale ne sera probablement pas prise avant plusieurs semaines, l\u2019enjeu de cette r\u00e9union demeure crucial.<\/li>\n<\/ul>\n","protected":false},"excerpt":{"rendered":"<p>Aujourd\u2019hui se tient \u00e0 Bruxelles le tant attendu Sommet extraordinaire des ministres europ\u00e9ens de l\u2019\u00e9nergie. Ces derniers discuteront des propositions faites par la Commission pour r\u00e9pondre \u00e0 la crise \u00e9nerg\u00e9tique, tandis que Poutine a menac\u00e9 il y a deux jours de \u00ab&#160;&#160;mettre fin aux livraisons d\u2019hydrocarbures&#160;&#160;\u00bb \u00e0 tous les pays mettant en place un plafonnement des prix.<\/p>\n","protected":false},"author":2622,"featured_media":157252,"comment_status":"open","ping_status":"open","sticky":false,"template":"templates\/post-briefings.php","format":"standard","meta":{"_acf_changed":false,"_trash_the_other_posts":false,"_yoast_wpseo_estimated-reading-time-minutes":2,"footnotes":""},"categories":[1730],"tags":[],"staff":[],"editorial_format":[],"serie":[],"audience":[],"geo":[1917],"class_list":["post-157251","post","type-post","status-publish","format-standard","hentry","category-energie-et-environnement","geo-europe"],"acf":{"open_in_webview":false,"accent":false},"yoast_head":"<!-- This site is optimized with the Yoast SEO plugin v26.1.1 - https:\/\/yoast.com\/wordpress\/plugins\/seo\/ -->\n<title>Sommet crucial des ministres de l&#039;\u00e9nergie europ\u00e9ens | Le Grand Continent<\/title>\n<meta name=\"robots\" content=\"index, follow, max-snippet:-1, max-image-preview:large, max-video-preview:-1\" \/>\n<link rel=\"canonical\" href=\"https:\/\/legrandcontinent.eu\/fr\/2022\/09\/09\/sommet-crucial-des-ministres-de-lenergie-europeens\/\" \/>\n<meta property=\"og:locale\" content=\"fr_FR\" \/>\n<meta property=\"og:type\" content=\"article\" \/>\n<meta property=\"og:title\" content=\"Sommet crucial des ministres de l&#039;\u00e9nergie europ\u00e9ens | Le Grand Continent\" \/>\n<meta property=\"og:description\" content=\"Aujourd\u2019hui se tient \u00e0 Bruxelles le tant attendu Sommet extraordinaire des ministres europ\u00e9ens de l\u2019\u00e9nergie. Ces derniers discuteront des propositions faites par la Commission pour r\u00e9pondre \u00e0 la crise \u00e9nerg\u00e9tique, tandis que Poutine a menac\u00e9 il y a deux jours de \u00ab&#160;mettre fin aux livraisons d\u2019hydrocarbures&#160;\u00bb \u00e0 tous les pays mettant en place un plafonnement des prix.\" \/>\n<meta property=\"og:url\" content=\"https:\/\/legrandcontinent.eu\/fr\/2022\/09\/09\/sommet-crucial-des-ministres-de-lenergie-europeens\/\" \/>\n<meta property=\"og:site_name\" content=\"Le Grand Continent\" \/>\n<meta property=\"article:published_time\" content=\"2022-09-09T10:42:00+00:00\" \/>\n<meta property=\"article:modified_time\" content=\"2022-09-09T13:06:29+00:00\" \/>\n<meta property=\"og:image\" content=\"https:\/\/legrandcontinent.eu\/fr\/wp-content\/uploads\/sites\/2\/2022\/09\/Sommet-energie-09_09.jpg\" \/>\n\t<meta property=\"og:image:width\" content=\"1918\" \/>\n\t<meta property=\"og:image:height\" content=\"1102\" \/>\n\t<meta property=\"og:image:type\" content=\"image\/jpeg\" \/>\n<meta name=\"author\" content=\"Marin Saillofest\" \/>\n<meta name=\"twitter:card\" content=\"summary_large_image\" \/>\n<meta name=\"twitter:image\" content=\"https:\/\/legrandcontinent.eu\/fr\/wp-content\/uploads\/sites\/2\/2022\/09\/Sommet-energie-09_09.jpg\" \/>\n<meta name=\"twitter:label1\" content=\"\u00c9crit par\" \/>\n\t<meta name=\"twitter:data1\" content=\"Marin Saillofest\" \/>\n\t<meta name=\"twitter:label2\" content=\"Dur\u00e9e de lecture estim\u00e9e\" \/>\n\t<meta name=\"twitter:data2\" content=\"2 minutes\" \/>\n<script type=\"application\/ld+json\" class=\"yoast-schema-graph\">{\"@context\":\"https:\/\/schema.org\",\"@graph\":[{\"@type\":\"WebPage\",\"@id\":\"https:\/\/legrandcontinent.eu\/fr\/2022\/09\/09\/sommet-crucial-des-ministres-de-lenergie-europeens\/\",\"url\":\"https:\/\/legrandcontinent.eu\/fr\/2022\/09\/09\/sommet-crucial-des-ministres-de-lenergie-europeens\/\",\"name\":\"Sommet crucial des ministres de l'\u00e9nergie europ\u00e9ens | Le Grand Continent\",\"isPartOf\":{\"@id\":\"https:\/\/legrandcontinent.eu\/fr\/#website\"},\"primaryImageOfPage\":{\"@id\":\"https:\/\/legrandcontinent.eu\/fr\/2022\/09\/09\/sommet-crucial-des-ministres-de-lenergie-europeens\/#primaryimage\"},\"image\":{\"@id\":\"https:\/\/legrandcontinent.eu\/fr\/2022\/09\/09\/sommet-crucial-des-ministres-de-lenergie-europeens\/#primaryimage\"},\"thumbnailUrl\":\"https:\/\/legrandcontinent.eu\/fr\/wp-content\/uploads\/sites\/2\/2022\/09\/SIPA_SIPAUSA30321076_000005-scaled.jpg\",\"datePublished\":\"2022-09-09T10:42:00+00:00\",\"dateModified\":\"2022-09-09T13:06:29+00:00\",\"author\":{\"@id\":\"https:\/\/legrandcontinent.eu\/fr\/#\/schema\/person\/e4f85f52220fc7b4cc3cfdb86d88e833\"},\"breadcrumb\":{\"@id\":\"https:\/\/legrandcontinent.eu\/fr\/2022\/09\/09\/sommet-crucial-des-ministres-de-lenergie-europeens\/#breadcrumb\"},\"inLanguage\":\"fr-FR\",\"potentialAction\":[{\"@type\":\"ReadAction\",\"target\":[\"https:\/\/legrandcontinent.eu\/fr\/2022\/09\/09\/sommet-crucial-des-ministres-de-lenergie-europeens\/\"]}]},{\"@type\":\"ImageObject\",\"inLanguage\":\"fr-FR\",\"@id\":\"https:\/\/legrandcontinent.eu\/fr\/2022\/09\/09\/sommet-crucial-des-ministres-de-lenergie-europeens\/#primaryimage\",\"url\":\"https:\/\/legrandcontinent.eu\/fr\/wp-content\/uploads\/sites\/2\/2022\/09\/SIPA_SIPAUSA30321076_000005-scaled.jpg\",\"contentUrl\":\"https:\/\/legrandcontinent.eu\/fr\/wp-content\/uploads\/sites\/2\/2022\/09\/SIPA_SIPAUSA30321076_000005-scaled.jpg\",\"width\":2560,\"height\":1650,\"caption\":\"Electricity pylons with mountains and snow, Zugspitze, Bavaria, Germany, Europe\/iblmlk08513484\/imageBROKER.com\/Manuel Kamuf\/SIPA\/2209021213\"},{\"@type\":\"BreadcrumbList\",\"@id\":\"https:\/\/legrandcontinent.eu\/fr\/2022\/09\/09\/sommet-crucial-des-ministres-de-lenergie-europeens\/#breadcrumb\",\"itemListElement\":[{\"@type\":\"ListItem\",\"position\":1,\"name\":\"Accueil\",\"item\":\"https:\/\/legrandcontinent.eu\/fr\/\"},{\"@type\":\"ListItem\",\"position\":2,\"name\":\"Sommet crucial des ministres de l&rsquo;\u00e9nergie europ\u00e9ens\"}]},{\"@type\":\"WebSite\",\"@id\":\"https:\/\/legrandcontinent.eu\/fr\/#website\",\"url\":\"https:\/\/legrandcontinent.eu\/fr\/\",\"name\":\"Le Grand Continent\",\"description\":\"L&#039;\u00e9chelle pertinente\",\"potentialAction\":[{\"@type\":\"SearchAction\",\"target\":{\"@type\":\"EntryPoint\",\"urlTemplate\":\"https:\/\/legrandcontinent.eu\/fr\/?s={search_term_string}\"},\"query-input\":{\"@type\":\"PropertyValueSpecification\",\"valueRequired\":true,\"valueName\":\"search_term_string\"}}],\"inLanguage\":\"fr-FR\"},{\"@type\":\"Person\",\"@id\":\"https:\/\/legrandcontinent.eu\/fr\/#\/schema\/person\/e4f85f52220fc7b4cc3cfdb86d88e833\",\"name\":\"Marin Saillofest\",\"image\":{\"@type\":\"ImageObject\",\"inLanguage\":\"fr-FR\",\"@id\":\"https:\/\/legrandcontinent.eu\/fr\/#\/schema\/person\/image\/\",\"url\":\"https:\/\/secure.gravatar.com\/avatar\/87088698b4d967390c49ae6d4f1aa459?s=96&d=mm&r=g\",\"contentUrl\":\"https:\/\/secure.gravatar.com\/avatar\/87088698b4d967390c49ae6d4f1aa459?s=96&d=mm&r=g\",\"caption\":\"Marin Saillofest\"}}]}<\/script>\n<!-- \/ Yoast SEO plugin. -->","yoast_head_json":{"title":"Sommet crucial des ministres de l'\u00e9nergie europ\u00e9ens | Le Grand Continent","robots":{"index":"index","follow":"follow","max-snippet":"max-snippet:-1","max-image-preview":"max-image-preview:large","max-video-preview":"max-video-preview:-1"},"canonical":"https:\/\/legrandcontinent.eu\/fr\/2022\/09\/09\/sommet-crucial-des-ministres-de-lenergie-europeens\/","og_locale":"fr_FR","og_type":"article","og_title":"Sommet crucial des ministres de l'\u00e9nergie europ\u00e9ens | Le Grand Continent","og_description":"Aujourd\u2019hui se tient \u00e0 Bruxelles le tant attendu Sommet extraordinaire des ministres europ\u00e9ens de l\u2019\u00e9nergie. Ces derniers discuteront des propositions faites par la Commission pour r\u00e9pondre \u00e0 la crise \u00e9nerg\u00e9tique, tandis que Poutine a menac\u00e9 il y a deux jours de \u00ab&#160;mettre fin aux livraisons d\u2019hydrocarbures&#160;\u00bb \u00e0 tous les pays mettant en place un plafonnement des prix.","og_url":"https:\/\/legrandcontinent.eu\/fr\/2022\/09\/09\/sommet-crucial-des-ministres-de-lenergie-europeens\/","og_site_name":"Le Grand Continent","article_published_time":"2022-09-09T10:42:00+00:00","article_modified_time":"2022-09-09T13:06:29+00:00","og_image":[{"width":1918,"height":1102,"url":"https:\/\/legrandcontinent.eu\/fr\/wp-content\/uploads\/sites\/2\/2022\/09\/Sommet-energie-09_09.jpg","type":"image\/jpeg"}],"author":"Marin Saillofest","twitter_card":"summary_large_image","twitter_image":"https:\/\/legrandcontinent.eu\/fr\/wp-content\/uploads\/sites\/2\/2022\/09\/Sommet-energie-09_09.jpg","twitter_misc":{"\u00c9crit par":"Marin Saillofest","Dur\u00e9e de lecture estim\u00e9e":"2 minutes"},"schema":{"@context":"https:\/\/schema.org","@graph":[{"@type":"WebPage","@id":"https:\/\/legrandcontinent.eu\/fr\/2022\/09\/09\/sommet-crucial-des-ministres-de-lenergie-europeens\/","url":"https:\/\/legrandcontinent.eu\/fr\/2022\/09\/09\/sommet-crucial-des-ministres-de-lenergie-europeens\/","name":"Sommet crucial des ministres de l'\u00e9nergie europ\u00e9ens | Le Grand Continent","isPartOf":{"@id":"https:\/\/legrandcontinent.eu\/fr\/#website"},"primaryImageOfPage":{"@id":"https:\/\/legrandcontinent.eu\/fr\/2022\/09\/09\/sommet-crucial-des-ministres-de-lenergie-europeens\/#primaryimage"},"image":{"@id":"https:\/\/legrandcontinent.eu\/fr\/2022\/09\/09\/sommet-crucial-des-ministres-de-lenergie-europeens\/#primaryimage"},"thumbnailUrl":"https:\/\/legrandcontinent.eu\/fr\/wp-content\/uploads\/sites\/2\/2022\/09\/SIPA_SIPAUSA30321076_000005-scaled.jpg","datePublished":"2022-09-09T10:42:00+00:00","dateModified":"2022-09-09T13:06:29+00:00","author":{"@id":"https:\/\/legrandcontinent.eu\/fr\/#\/schema\/person\/e4f85f52220fc7b4cc3cfdb86d88e833"},"breadcrumb":{"@id":"https:\/\/legrandcontinent.eu\/fr\/2022\/09\/09\/sommet-crucial-des-ministres-de-lenergie-europeens\/#breadcrumb"},"inLanguage":"fr-FR","potentialAction":[{"@type":"ReadAction","target":["https:\/\/legrandcontinent.eu\/fr\/2022\/09\/09\/sommet-crucial-des-ministres-de-lenergie-europeens\/"]}]},{"@type":"ImageObject","inLanguage":"fr-FR","@id":"https:\/\/legrandcontinent.eu\/fr\/2022\/09\/09\/sommet-crucial-des-ministres-de-lenergie-europeens\/#primaryimage","url":"https:\/\/legrandcontinent.eu\/fr\/wp-content\/uploads\/sites\/2\/2022\/09\/SIPA_SIPAUSA30321076_000005-scaled.jpg","contentUrl":"https:\/\/legrandcontinent.eu\/fr\/wp-content\/uploads\/sites\/2\/2022\/09\/SIPA_SIPAUSA30321076_000005-scaled.jpg","width":2560,"height":1650,"caption":"Electricity pylons with mountains and snow, Zugspitze, Bavaria, Germany, Europe\/iblmlk08513484\/imageBROKER.com\/Manuel Kamuf\/SIPA\/2209021213"},{"@type":"BreadcrumbList","@id":"https:\/\/legrandcontinent.eu\/fr\/2022\/09\/09\/sommet-crucial-des-ministres-de-lenergie-europeens\/#breadcrumb","itemListElement":[{"@type":"ListItem","position":1,"name":"Accueil","item":"https:\/\/legrandcontinent.eu\/fr\/"},{"@type":"ListItem","position":2,"name":"Sommet crucial des ministres de l&rsquo;\u00e9nergie europ\u00e9ens"}]},{"@type":"WebSite","@id":"https:\/\/legrandcontinent.eu\/fr\/#website","url":"https:\/\/legrandcontinent.eu\/fr\/","name":"Le Grand Continent","description":"L&#039;\u00e9chelle pertinente","potentialAction":[{"@type":"SearchAction","target":{"@type":"EntryPoint","urlTemplate":"https:\/\/legrandcontinent.eu\/fr\/?s={search_term_string}"},"query-input":{"@type":"PropertyValueSpecification","valueRequired":true,"valueName":"search_term_string"}}],"inLanguage":"fr-FR"},{"@type":"Person","@id":"https:\/\/legrandcontinent.eu\/fr\/#\/schema\/person\/e4f85f52220fc7b4cc3cfdb86d88e833","name":"Marin Saillofest","image":{"@type":"ImageObject","inLanguage":"fr-FR","@id":"https:\/\/legrandcontinent.eu\/fr\/#\/schema\/person\/image\/","url":"https:\/\/secure.gravatar.com\/avatar\/87088698b4d967390c49ae6d4f1aa459?s=96&d=mm&r=g","contentUrl":"https:\/\/secure.gravatar.com\/avatar\/87088698b4d967390c49ae6d4f1aa459?s=96&d=mm&r=g","caption":"Marin Saillofest"}}]}},"lgc_categories":[{"id":1730,"name":"\u00c9nergie et environnement","slug":"energie-et-environnement"}],"lgc_author":null,"feature_image_summary":{"url":"https:\/\/legrandcontinent.eu\/fr\/wp-content\/uploads\/sites\/2\/2022\/09\/SIPA_SIPAUSA30321076_000005-scaled.jpg","width":2560,"height":1650,"alt":""},"feature_image_cover":null,"term_position_data":null,"_links":{"self":[{"href":"https:\/\/legrandcontinent.eu\/fr\/wp-json\/wp\/v2\/posts\/157251","targetHints":{"allow":["GET"]}}],"collection":[{"href":"https:\/\/legrandcontinent.eu\/fr\/wp-json\/wp\/v2\/posts"}],"about":[{"href":"https:\/\/legrandcontinent.eu\/fr\/wp-json\/wp\/v2\/types\/post"}],"author":[{"embeddable":true,"href":"https:\/\/legrandcontinent.eu\/fr\/wp-json\/wp\/v2\/users\/2622"}],"replies":[{"embeddable":true,"href":"https:\/\/legrandcontinent.eu\/fr\/wp-json\/wp\/v2\/comments?post=157251"}],"version-history":[{"count":0,"href":"https:\/\/legrandcontinent.eu\/fr\/wp-json\/wp\/v2\/posts\/157251\/revisions"}],"wp:featuredmedia":[{"embeddable":true,"href":"https:\/\/legrandcontinent.eu\/fr\/wp-json\/wp\/v2\/media\/157252"}],"wp:attachment":[{"href":"https:\/\/legrandcontinent.eu\/fr\/wp-json\/wp\/v2\/media?parent=157251"}],"wp:term":[{"taxonomy":"category","embeddable":true,"href":"https:\/\/legrandcontinent.eu\/fr\/wp-json\/wp\/v2\/categories?post=157251"},{"taxonomy":"post_tag","embeddable":true,"href":"https:\/\/legrandcontinent.eu\/fr\/wp-json\/wp\/v2\/tags?post=157251"},{"taxonomy":"staff","embeddable":true,"href":"https:\/\/legrandcontinent.eu\/fr\/wp-json\/wp\/v2\/staff?post=157251"},{"taxonomy":"editorial_format","embeddable":true,"href":"https:\/\/legrandcontinent.eu\/fr\/wp-json\/wp\/v2\/editorial_format?post=157251"},{"taxonomy":"serie","embeddable":true,"href":"https:\/\/legrandcontinent.eu\/fr\/wp-json\/wp\/v2\/serie?post=157251"},{"taxonomy":"audience","embeddable":true,"href":"https:\/\/legrandcontinent.eu\/fr\/wp-json\/wp\/v2\/audience?post=157251"},{"taxonomy":"geo","embeddable":true,"href":"https:\/\/legrandcontinent.eu\/fr\/wp-json\/wp\/v2\/geo?post=157251"}],"curies":[{"name":"wp","href":"https:\/\/api.w.org\/{rel}","templated":true}]}}