{"id":153348,"date":"2022-08-05T11:46:14","date_gmt":"2022-08-05T09:46:14","guid":{"rendered":"https:\/\/legrandcontinent.eu\/fr\/?p=153348"},"modified":"2022-08-05T16:16:34","modified_gmt":"2022-08-05T14:16:34","slug":"la-transition-energetique-pourrait-etre-a-portee-de-main","status":"publish","type":"post","link":"https:\/\/legrandcontinent.eu\/fr\/2022\/08\/05\/la-transition-energetique-pourrait-etre-a-portee-de-main\/","title":{"rendered":"La transition \u00e9nerg\u00e9tique pourrait se passer de nouvelles technologies"},"content":{"rendered":"\n<ul class=\"wp-block-list\"><li>Les objectifs nationaux fix\u00e9s par les pays dans le cadre de l\u2019Accord de Paris ainsi que la n\u00e9cessit\u00e9 de se d\u00e9tacher de certaines sources d\u2019approvisionnement fossile \u2014 <a href=\"https:\/\/legrandcontinent.eu\/fr\/2022\/04\/01\/cartographier-notre-dependance-energetique-a-la-russie\/\">renforc\u00e9e par la guerre en Ukraine<\/a> \u2014 posent la question d\u2019une meilleure utilisation de l\u2019\u00e9nergie d\u00e9j\u00e0 existante, ainsi que du potentiel apport de nouvelles technologies. Toutes les grandes puissances (\u00c9tats-Unis, Japon, Chine, Royaume-Uni ou bien l\u2019Union europ\u00e9enne dans le cadre du <a href=\"https:\/\/legrandcontinent.eu\/fr\/2021\/07\/15\/le-plan-qui-change-tout-10-points-sur-le-fit-for-55\/\">paquet l\u00e9gislatif <em>Fit for 55<\/em><\/a>) s\u2019accordent pour dire que la d\u00e9carbonation passera par l\u2019\u00e9lectrification, au sein de laquelle les nouvelles technologies comme l\u2019hydrog\u00e8ne pourraient jouer un r\u00f4le centrale.<\/li><\/ul>\n\n\n\n<div class=\"iframe-container wp-block-image wp-block-image-large  iframe-dw\">\n\t<div>\n\t\t<iframe class=\"absolute w-full h-full pin-t pin-l\" title=\"titolo\" aria-label=\"Interactive line chart\" src=\"\/\/datawrapper.dwcdn.net\/Zu840\/4\/\" scrolling=\"no\" frameborder=\"0\"><\/iframe>\n\t<\/div>\n<\/div>\n\n\n\n<ul class=\"wp-block-list\"><li>Toutefois, dans une \u00e9tude r\u00e9cente publi\u00e9e dans la revue <em>Energy &amp; Environmental Science<\/em>, des chercheurs de l\u2019Universit\u00e9 de Stanford soutiennent qu\u2019une transition \u00e9nerg\u00e9tique rapide et efficace ne n\u00e9cessiterait pas de nouvelles technologies \u2014 dont le d\u00e9veloppement est pour certaines toujours h\u00e9sitant. Cette d\u00e9monstration bouscule la conception d\u2019une r\u00e9duction significative des \u00e9missions de gaz \u00e0 effet de serre qui ne pourrait se concr\u00e9tiser qu\u2019en changeant radicalement la mani\u00e8re dont on produit et consomme de l\u2019\u00e9nergie&nbsp;<span class='whitespace-nowrap'><span id='easy-footnote-1-153348' class='easy-footnote-margin-adjust'><\/span><span class='easy-footnote'><a href='https:\/\/legrandcontinent.eu\/fr\/2022\/08\/05\/la-transition-energetique-pourrait-etre-a-portee-de-main\/#easy-footnote-bottom-1-153348' title='Mark Z. Jacobson, Anna-Katharina von Krauland, Stephen J. Coughlin, Emily Dukas, Alexander J. H. Nelson, Frances C. Palmer et Kylie R. Rasmussen, \u00ab&amp;#160;&lt;a href=&quot;https:\/\/web.stanford.edu\/group\/efmh\/jacobson\/Articles\/I\/145Country\/22-145Countries.pdf&quot;&gt;Low-cost solutions to global warming, air pollution, and energy insecurity for 145 countries&lt;\/a&gt;&amp;#160;\u00bb, &lt;em&gt;Energy &amp;amp; Environmental Science&lt;\/em&gt;, 28 juin 2022.'><sup>1<\/sup><\/a><\/span><\/span>.<\/li><\/ul>\n\n\n\n<ul class=\"wp-block-list\"><li>L\u2019\u00e9lectricit\u00e9 g\u00e9n\u00e9r\u00e9e par des \u00e9oliennes terrestres et marines, par l\u2019\u00e9nergie solaire photovolta\u00efque, la g\u00e9othermie, l\u2019\u00e9nergie hydraulique et par les \u00e9nergies houlomotrice et mar\u00e9motrice suffirait \u00e0 assurer une transition \u00e9nerg\u00e9tique efficace d\u2019ici 2050. Les principaux changements qui n\u00e9cessiteraient des investissements concerneraient avant tout les technologies de stockage ainsi que l\u2019optimisation de l\u2019utilisation de l\u2019\u00e9lectricit\u00e9, passant par des solutions comme la recharge en journ\u00e9e des v\u00e9hicules \u00e9lectriques afin de b\u00e9n\u00e9ficier de la production d\u2019\u00e9nergie photovolta\u00efque, qui peut difficilement \u00eatre stock\u00e9e en grande quantit\u00e9.<\/li><\/ul>\n\n\n\n<div class=\"iframe-container wp-block-image wp-block-image-medium  iframe-dw\">\n\t<div>\n\t\t<iframe class=\"absolute w-full h-full pin-t pin-l\" title=\"titolo\" aria-label=\"Interactive line chart\" src=\"\/\/datawrapper.dwcdn.net\/HLLDX\/6\/\" scrolling=\"no\" frameborder=\"0\"><\/iframe>\n\t<\/div>\n<\/div>\n\n\n\n<ul class=\"wp-block-list\"><li>En examinant le cas de 145 pays \u2014 qui repr\u00e9sentent \u00e0 eux-seuls 99,7&#160;% des \u00e9missions de gaz \u00e0 effet de serre \u00e0 l\u2019\u00e9chelle mondiale \u2014, l\u2019\u00e9tude postule qu\u2019une \u00e9lectrification massive de tous les secteurs de l\u2019\u00e9nergie \u00e0 partir de sources propres, qu\u2019un meilleur stockage ainsi qu\u2019une utilisation plus raisonn\u00e9e de l\u2019\u00e9nergie pourraient \u00eatre suffisants pour achever la transition d\u2019ici 2050. Les technologies comme la capture du CO2, l\u2019\u00e9nergie nucl\u00e9aire, l\u2019hydrog\u00e8ne vert ou la bio\u00e9nergie sont ainsi consid\u00e9r\u00e9es comme n\u2019\u00e9tant \u00ab&#160;pas n\u00e9cessaires&#160;\u00bb et comme \u00ab&#160;offrant moins d\u2019avantages&#160;\u00bb que les technologies \u00e9tudi\u00e9es.<\/li><\/ul>\n\n\n\n<ul class=\"wp-block-list\"><li>Bien que simples en apparence, de tels changements \u00e0 l\u2019\u00e9chelle globale seraient en r\u00e9alit\u00e9 tr\u00e8s complexes \u00e0 mettre en \u0153uvre et n\u00e9cessiteraient des investissements estim\u00e9s \u00e0 62 000 milliards de dollars. Cependant, ces d\u00e9penses g\u00e9n\u00e9reraient la cr\u00e9ation de tant d\u2019emplois ainsi qu\u2019une telle r\u00e9duction des co\u00fbts sociaux qu\u2019elles pourraient \u00eatre compl\u00e8tement amorties en moins de six ans, \u00e0 raison d\u2019une \u00e9conomie annuelle estim\u00e9e \u00e0 11 000 milliards de dollars pour les 145 pays \u00e9tudi\u00e9s. Selon l&rsquo;OMS, la pollution de l&rsquo;air \u00e0 l&rsquo;int\u00e9rieur des habitations ainsi que de l&rsquo;air ambiant serait responsable de plus de 7 millions de d\u00e9c\u00e8s par an dans le monde&nbsp;<span class='whitespace-nowrap'><span id='easy-footnote-2-153348' class='easy-footnote-margin-adjust'><\/span><span class='easy-footnote'><a href='https:\/\/legrandcontinent.eu\/fr\/2022\/08\/05\/la-transition-energetique-pourrait-etre-a-portee-de-main\/#easy-footnote-bottom-2-153348' title='&lt;a href=&quot;https:\/\/www.who.int\/news-room\/fact-sheets\/detail\/ambient-(outdoor)-air-quality-and-health&quot;&gt;Ambient (outdoor) air pollution&lt;\/a&gt; (22 septembre 2021), &lt;a href=&quot;https:\/\/www.who.int\/news-room\/fact-sheets\/detail\/household-air-pollution-and-health&quot;&gt;Household air pollution and health&lt;\/a&gt; (26 juillet 2022), Organisation mondiale de la sant\u00e9.'><sup>2<\/sup><\/a><\/span><\/span>.<\/li><\/ul>\n\n\n\n<ul class=\"wp-block-list\"><li>Helen Thompson <a href=\"https:\/\/legrandcontinent.eu\/fr\/2022\/07\/20\/le-front-de-la-guerre-verte\/\">rappelait<\/a> \u00e9galement que \u00ab&#160;Sans perc\u00e9es technologiques en mati\u00e8re de stockage, le solaire et l\u2019\u00e9olien restent des sources d\u2019\u00e9nergie primaire intermittentes pour la production d\u2019\u00e9lectricit\u00e9 et, m\u00eame si les ventes de v\u00e9hicules \u00e9lectriques personnels augmentent, les transports sur lesquels fonctionne l\u2019\u00e9conomie mondiale \u2014 bateaux et camions \u2014 n\u00e9cessitent des produits p\u00e9troliers&#160;\u00bb.<\/li><\/ul>\n","protected":false},"excerpt":{"rendered":"<p>Une r\u00e9cente \u00e9tude conduite par des chercheurs de l\u2019Universit\u00e9 de Stanford postule que la transition \u00e9nerg\u00e9tique pourrait \u00eatre conduite en utilisant des technologies d\u00e9j\u00e0 existantes. En favorisant une \u00e9nergie propre dont la consommation serait plus optimis\u00e9e, les pays \u00e9tudi\u00e9s pourraient drastiquement r\u00e9duire leurs co\u00fbts sociaux et contribuer \u00e0 la cr\u00e9ation de millions d\u2019emplois.<\/p>\n","protected":false},"author":2622,"featured_media":153349,"comment_status":"open","ping_status":"open","sticky":false,"template":"templates\/post-briefings.php","format":"standard","meta":{"_acf_changed":false,"_trash_the_other_posts":false,"_yoast_wpseo_estimated-reading-time-minutes":3,"footnotes":""},"categories":[1730],"tags":[],"staff":[],"editorial_format":[],"serie":[],"audience":[],"geo":[2163],"class_list":["post-153348","post","type-post","status-publish","format-standard","hentry","category-energie-et-environnement","geo-monde"],"acf":{"open_in_webview":false,"accent":false},"yoast_head":"<!-- This site is optimized with the Yoast SEO plugin v26.1.1 - https:\/\/yoast.com\/wordpress\/plugins\/seo\/ -->\n<title>La transition \u00e9nerg\u00e9tique pourrait se passer de nouvelles technologies | Le Grand Continent<\/title>\n<meta name=\"robots\" content=\"index, follow, max-snippet:-1, max-image-preview:large, max-video-preview:-1\" \/>\n<link rel=\"canonical\" href=\"https:\/\/legrandcontinent.eu\/fr\/2022\/08\/05\/la-transition-energetique-pourrait-etre-a-portee-de-main\/\" \/>\n<meta property=\"og:locale\" content=\"fr_FR\" \/>\n<meta property=\"og:type\" content=\"article\" \/>\n<meta property=\"og:title\" content=\"La transition \u00e9nerg\u00e9tique pourrait se passer de nouvelles technologies | Le Grand Continent\" \/>\n<meta property=\"og:description\" content=\"Une r\u00e9cente \u00e9tude conduite par des chercheurs de l\u2019Universit\u00e9 de Stanford postule que la transition \u00e9nerg\u00e9tique pourrait \u00eatre conduite en utilisant des technologies d\u00e9j\u00e0 existantes. En favorisant une \u00e9nergie propre dont la consommation serait plus optimis\u00e9e, les pays \u00e9tudi\u00e9s pourraient drastiquement r\u00e9duire leurs co\u00fbts sociaux et contribuer \u00e0 la cr\u00e9ation de millions d\u2019emplois.\" \/>\n<meta property=\"og:url\" content=\"https:\/\/legrandcontinent.eu\/fr\/2022\/08\/05\/la-transition-energetique-pourrait-etre-a-portee-de-main\/\" \/>\n<meta property=\"og:site_name\" content=\"Le Grand Continent\" \/>\n<meta property=\"article:published_time\" content=\"2022-08-05T09:46:14+00:00\" \/>\n<meta property=\"article:modified_time\" content=\"2022-08-05T14:16:34+00:00\" \/>\n<meta property=\"og:image\" content=\"https:\/\/legrandcontinent.eu\/fr\/wp-content\/uploads\/sites\/2\/2022\/08\/transition-energetique-GC-share.jpg\" \/>\n\t<meta property=\"og:image:width\" content=\"1914\" \/>\n\t<meta property=\"og:image:height\" content=\"1100\" \/>\n\t<meta property=\"og:image:type\" content=\"image\/jpeg\" \/>\n<meta name=\"author\" content=\"Marin Saillofest\" \/>\n<meta name=\"twitter:card\" content=\"summary_large_image\" \/>\n<meta name=\"twitter:image\" content=\"https:\/\/legrandcontinent.eu\/fr\/wp-content\/uploads\/sites\/2\/2022\/08\/transition-energetique-GC-share.jpg\" \/>\n<meta name=\"twitter:label1\" content=\"\u00c9crit par\" \/>\n\t<meta name=\"twitter:data1\" content=\"Marin Saillofest\" \/>\n\t<meta name=\"twitter:label2\" content=\"Dur\u00e9e de lecture estim\u00e9e\" \/>\n\t<meta name=\"twitter:data2\" content=\"3 minutes\" \/>\n<script type=\"application\/ld+json\" class=\"yoast-schema-graph\">{\"@context\":\"https:\/\/schema.org\",\"@graph\":[{\"@type\":\"WebPage\",\"@id\":\"https:\/\/legrandcontinent.eu\/fr\/2022\/08\/05\/la-transition-energetique-pourrait-etre-a-portee-de-main\/\",\"url\":\"https:\/\/legrandcontinent.eu\/fr\/2022\/08\/05\/la-transition-energetique-pourrait-etre-a-portee-de-main\/\",\"name\":\"La transition \u00e9nerg\u00e9tique pourrait se passer de nouvelles technologies | Le Grand Continent\",\"isPartOf\":{\"@id\":\"https:\/\/legrandcontinent.eu\/fr\/#website\"},\"primaryImageOfPage\":{\"@id\":\"https:\/\/legrandcontinent.eu\/fr\/2022\/08\/05\/la-transition-energetique-pourrait-etre-a-portee-de-main\/#primaryimage\"},\"image\":{\"@id\":\"https:\/\/legrandcontinent.eu\/fr\/2022\/08\/05\/la-transition-energetique-pourrait-etre-a-portee-de-main\/#primaryimage\"},\"thumbnailUrl\":\"https:\/\/legrandcontinent.eu\/fr\/wp-content\/uploads\/sites\/2\/2022\/08\/SIPA_AP22701775_000002.jpg\",\"datePublished\":\"2022-08-05T09:46:14+00:00\",\"dateModified\":\"2022-08-05T14:16:34+00:00\",\"author\":{\"@id\":\"https:\/\/legrandcontinent.eu\/fr\/#\/schema\/person\/e4f85f52220fc7b4cc3cfdb86d88e833\"},\"breadcrumb\":{\"@id\":\"https:\/\/legrandcontinent.eu\/fr\/2022\/08\/05\/la-transition-energetique-pourrait-etre-a-portee-de-main\/#breadcrumb\"},\"inLanguage\":\"fr-FR\",\"potentialAction\":[{\"@type\":\"ReadAction\",\"target\":[\"https:\/\/legrandcontinent.eu\/fr\/2022\/08\/05\/la-transition-energetique-pourrait-etre-a-portee-de-main\/\"]}]},{\"@type\":\"ImageObject\",\"inLanguage\":\"fr-FR\",\"@id\":\"https:\/\/legrandcontinent.eu\/fr\/2022\/08\/05\/la-transition-energetique-pourrait-etre-a-portee-de-main\/#primaryimage\",\"url\":\"https:\/\/legrandcontinent.eu\/fr\/wp-content\/uploads\/sites\/2\/2022\/08\/SIPA_AP22701775_000002.jpg\",\"contentUrl\":\"https:\/\/legrandcontinent.eu\/fr\/wp-content\/uploads\/sites\/2\/2022\/08\/SIPA_AP22701775_000002.jpg\",\"width\":2400,\"height\":1608,\"caption\":\"The sun sets at windmill farm in McCook, Texas during a heat wave on Wednesday, July 20, 2022 as public concerns over the reliability of the Texas power grid continue (Delcia Lopez\/The Monitor via AP)\/TXMCA102\/22202563884836\/MANDATORY CREDIT\/2207211747\"},{\"@type\":\"BreadcrumbList\",\"@id\":\"https:\/\/legrandcontinent.eu\/fr\/2022\/08\/05\/la-transition-energetique-pourrait-etre-a-portee-de-main\/#breadcrumb\",\"itemListElement\":[{\"@type\":\"ListItem\",\"position\":1,\"name\":\"Accueil\",\"item\":\"https:\/\/legrandcontinent.eu\/fr\/\"},{\"@type\":\"ListItem\",\"position\":2,\"name\":\"La transition \u00e9nerg\u00e9tique pourrait se passer de nouvelles technologies\"}]},{\"@type\":\"WebSite\",\"@id\":\"https:\/\/legrandcontinent.eu\/fr\/#website\",\"url\":\"https:\/\/legrandcontinent.eu\/fr\/\",\"name\":\"Le Grand Continent\",\"description\":\"L&#039;\u00e9chelle pertinente\",\"potentialAction\":[{\"@type\":\"SearchAction\",\"target\":{\"@type\":\"EntryPoint\",\"urlTemplate\":\"https:\/\/legrandcontinent.eu\/fr\/?s={search_term_string}\"},\"query-input\":{\"@type\":\"PropertyValueSpecification\",\"valueRequired\":true,\"valueName\":\"search_term_string\"}}],\"inLanguage\":\"fr-FR\"},{\"@type\":\"Person\",\"@id\":\"https:\/\/legrandcontinent.eu\/fr\/#\/schema\/person\/e4f85f52220fc7b4cc3cfdb86d88e833\",\"name\":\"Marin Saillofest\",\"image\":{\"@type\":\"ImageObject\",\"inLanguage\":\"fr-FR\",\"@id\":\"https:\/\/legrandcontinent.eu\/fr\/#\/schema\/person\/image\/\",\"url\":\"https:\/\/secure.gravatar.com\/avatar\/87088698b4d967390c49ae6d4f1aa459?s=96&d=mm&r=g\",\"contentUrl\":\"https:\/\/secure.gravatar.com\/avatar\/87088698b4d967390c49ae6d4f1aa459?s=96&d=mm&r=g\",\"caption\":\"Marin Saillofest\"}}]}<\/script>\n<!-- \/ Yoast SEO plugin. -->","yoast_head_json":{"title":"La transition \u00e9nerg\u00e9tique pourrait se passer de nouvelles technologies | Le Grand Continent","robots":{"index":"index","follow":"follow","max-snippet":"max-snippet:-1","max-image-preview":"max-image-preview:large","max-video-preview":"max-video-preview:-1"},"canonical":"https:\/\/legrandcontinent.eu\/fr\/2022\/08\/05\/la-transition-energetique-pourrait-etre-a-portee-de-main\/","og_locale":"fr_FR","og_type":"article","og_title":"La transition \u00e9nerg\u00e9tique pourrait se passer de nouvelles technologies | Le Grand Continent","og_description":"Une r\u00e9cente \u00e9tude conduite par des chercheurs de l\u2019Universit\u00e9 de Stanford postule que la transition \u00e9nerg\u00e9tique pourrait \u00eatre conduite en utilisant des technologies d\u00e9j\u00e0 existantes. En favorisant une \u00e9nergie propre dont la consommation serait plus optimis\u00e9e, les pays \u00e9tudi\u00e9s pourraient drastiquement r\u00e9duire leurs co\u00fbts sociaux et contribuer \u00e0 la cr\u00e9ation de millions d\u2019emplois.","og_url":"https:\/\/legrandcontinent.eu\/fr\/2022\/08\/05\/la-transition-energetique-pourrait-etre-a-portee-de-main\/","og_site_name":"Le Grand Continent","article_published_time":"2022-08-05T09:46:14+00:00","article_modified_time":"2022-08-05T14:16:34+00:00","og_image":[{"width":1914,"height":1100,"url":"https:\/\/legrandcontinent.eu\/fr\/wp-content\/uploads\/sites\/2\/2022\/08\/transition-energetique-GC-share.jpg","type":"image\/jpeg"}],"author":"Marin Saillofest","twitter_card":"summary_large_image","twitter_image":"https:\/\/legrandcontinent.eu\/fr\/wp-content\/uploads\/sites\/2\/2022\/08\/transition-energetique-GC-share.jpg","twitter_misc":{"\u00c9crit par":"Marin Saillofest","Dur\u00e9e de lecture estim\u00e9e":"3 minutes"},"schema":{"@context":"https:\/\/schema.org","@graph":[{"@type":"WebPage","@id":"https:\/\/legrandcontinent.eu\/fr\/2022\/08\/05\/la-transition-energetique-pourrait-etre-a-portee-de-main\/","url":"https:\/\/legrandcontinent.eu\/fr\/2022\/08\/05\/la-transition-energetique-pourrait-etre-a-portee-de-main\/","name":"La transition \u00e9nerg\u00e9tique pourrait se passer de nouvelles technologies | Le Grand Continent","isPartOf":{"@id":"https:\/\/legrandcontinent.eu\/fr\/#website"},"primaryImageOfPage":{"@id":"https:\/\/legrandcontinent.eu\/fr\/2022\/08\/05\/la-transition-energetique-pourrait-etre-a-portee-de-main\/#primaryimage"},"image":{"@id":"https:\/\/legrandcontinent.eu\/fr\/2022\/08\/05\/la-transition-energetique-pourrait-etre-a-portee-de-main\/#primaryimage"},"thumbnailUrl":"https:\/\/legrandcontinent.eu\/fr\/wp-content\/uploads\/sites\/2\/2022\/08\/SIPA_AP22701775_000002.jpg","datePublished":"2022-08-05T09:46:14+00:00","dateModified":"2022-08-05T14:16:34+00:00","author":{"@id":"https:\/\/legrandcontinent.eu\/fr\/#\/schema\/person\/e4f85f52220fc7b4cc3cfdb86d88e833"},"breadcrumb":{"@id":"https:\/\/legrandcontinent.eu\/fr\/2022\/08\/05\/la-transition-energetique-pourrait-etre-a-portee-de-main\/#breadcrumb"},"inLanguage":"fr-FR","potentialAction":[{"@type":"ReadAction","target":["https:\/\/legrandcontinent.eu\/fr\/2022\/08\/05\/la-transition-energetique-pourrait-etre-a-portee-de-main\/"]}]},{"@type":"ImageObject","inLanguage":"fr-FR","@id":"https:\/\/legrandcontinent.eu\/fr\/2022\/08\/05\/la-transition-energetique-pourrait-etre-a-portee-de-main\/#primaryimage","url":"https:\/\/legrandcontinent.eu\/fr\/wp-content\/uploads\/sites\/2\/2022\/08\/SIPA_AP22701775_000002.jpg","contentUrl":"https:\/\/legrandcontinent.eu\/fr\/wp-content\/uploads\/sites\/2\/2022\/08\/SIPA_AP22701775_000002.jpg","width":2400,"height":1608,"caption":"The sun sets at windmill farm in McCook, Texas during a heat wave on Wednesday, July 20, 2022 as public concerns over the reliability of the Texas power grid continue (Delcia Lopez\/The Monitor via AP)\/TXMCA102\/22202563884836\/MANDATORY CREDIT\/2207211747"},{"@type":"BreadcrumbList","@id":"https:\/\/legrandcontinent.eu\/fr\/2022\/08\/05\/la-transition-energetique-pourrait-etre-a-portee-de-main\/#breadcrumb","itemListElement":[{"@type":"ListItem","position":1,"name":"Accueil","item":"https:\/\/legrandcontinent.eu\/fr\/"},{"@type":"ListItem","position":2,"name":"La transition \u00e9nerg\u00e9tique pourrait se passer de nouvelles technologies"}]},{"@type":"WebSite","@id":"https:\/\/legrandcontinent.eu\/fr\/#website","url":"https:\/\/legrandcontinent.eu\/fr\/","name":"Le Grand Continent","description":"L&#039;\u00e9chelle pertinente","potentialAction":[{"@type":"SearchAction","target":{"@type":"EntryPoint","urlTemplate":"https:\/\/legrandcontinent.eu\/fr\/?s={search_term_string}"},"query-input":{"@type":"PropertyValueSpecification","valueRequired":true,"valueName":"search_term_string"}}],"inLanguage":"fr-FR"},{"@type":"Person","@id":"https:\/\/legrandcontinent.eu\/fr\/#\/schema\/person\/e4f85f52220fc7b4cc3cfdb86d88e833","name":"Marin Saillofest","image":{"@type":"ImageObject","inLanguage":"fr-FR","@id":"https:\/\/legrandcontinent.eu\/fr\/#\/schema\/person\/image\/","url":"https:\/\/secure.gravatar.com\/avatar\/87088698b4d967390c49ae6d4f1aa459?s=96&d=mm&r=g","contentUrl":"https:\/\/secure.gravatar.com\/avatar\/87088698b4d967390c49ae6d4f1aa459?s=96&d=mm&r=g","caption":"Marin Saillofest"}}]}},"lgc_categories":[{"id":1730,"name":"\u00c9nergie et environnement","slug":"energie-et-environnement"}],"lgc_author":null,"feature_image_summary":{"url":"https:\/\/legrandcontinent.eu\/fr\/wp-content\/uploads\/sites\/2\/2022\/08\/SIPA_AP22701775_000002.jpg","width":2400,"height":1608,"alt":""},"feature_image_cover":null,"term_position_data":null,"_links":{"self":[{"href":"https:\/\/legrandcontinent.eu\/fr\/wp-json\/wp\/v2\/posts\/153348","targetHints":{"allow":["GET"]}}],"collection":[{"href":"https:\/\/legrandcontinent.eu\/fr\/wp-json\/wp\/v2\/posts"}],"about":[{"href":"https:\/\/legrandcontinent.eu\/fr\/wp-json\/wp\/v2\/types\/post"}],"author":[{"embeddable":true,"href":"https:\/\/legrandcontinent.eu\/fr\/wp-json\/wp\/v2\/users\/2622"}],"replies":[{"embeddable":true,"href":"https:\/\/legrandcontinent.eu\/fr\/wp-json\/wp\/v2\/comments?post=153348"}],"version-history":[{"count":0,"href":"https:\/\/legrandcontinent.eu\/fr\/wp-json\/wp\/v2\/posts\/153348\/revisions"}],"wp:featuredmedia":[{"embeddable":true,"href":"https:\/\/legrandcontinent.eu\/fr\/wp-json\/wp\/v2\/media\/153349"}],"wp:attachment":[{"href":"https:\/\/legrandcontinent.eu\/fr\/wp-json\/wp\/v2\/media?parent=153348"}],"wp:term":[{"taxonomy":"category","embeddable":true,"href":"https:\/\/legrandcontinent.eu\/fr\/wp-json\/wp\/v2\/categories?post=153348"},{"taxonomy":"post_tag","embeddable":true,"href":"https:\/\/legrandcontinent.eu\/fr\/wp-json\/wp\/v2\/tags?post=153348"},{"taxonomy":"staff","embeddable":true,"href":"https:\/\/legrandcontinent.eu\/fr\/wp-json\/wp\/v2\/staff?post=153348"},{"taxonomy":"editorial_format","embeddable":true,"href":"https:\/\/legrandcontinent.eu\/fr\/wp-json\/wp\/v2\/editorial_format?post=153348"},{"taxonomy":"serie","embeddable":true,"href":"https:\/\/legrandcontinent.eu\/fr\/wp-json\/wp\/v2\/serie?post=153348"},{"taxonomy":"audience","embeddable":true,"href":"https:\/\/legrandcontinent.eu\/fr\/wp-json\/wp\/v2\/audience?post=153348"},{"taxonomy":"geo","embeddable":true,"href":"https:\/\/legrandcontinent.eu\/fr\/wp-json\/wp\/v2\/geo?post=153348"}],"curies":[{"name":"wp","href":"https:\/\/api.w.org\/{rel}","templated":true}]}}