{"id":151652,"date":"2022-07-26T10:37:50","date_gmt":"2022-07-26T08:37:50","guid":{"rendered":"https:\/\/legrandcontinent.eu\/fr\/?p=151652"},"modified":"2022-07-26T17:02:40","modified_gmt":"2022-07-26T15:02:40","slug":"les-etats-membres-discutent-de-la-proposition-de-la-commission-de-reduction-de-la-consommation-de-gaz","status":"publish","type":"post","link":"https:\/\/legrandcontinent.eu\/fr\/2022\/07\/26\/les-etats-membres-discutent-de-la-proposition-de-la-commission-de-reduction-de-la-consommation-de-gaz\/","title":{"rendered":"Les \u00c9tats membres discutent de la proposition de la Commission de r\u00e9duction de la consommation de gaz"},"content":{"rendered":"\n<ul class=\"wp-block-list\"><li>Mercredi dernier, le 20 juillet, <a href=\"https:\/\/legrandcontinent.eu\/fr\/2022\/07\/20\/la-commission-recommande-aux-etats-membres-de-commencer-a-rationner-leur-consommation-de-gaz\/#:~:text=La%20Commission%20recommande%20aux%20%C3%89tats%20membres%20de%20rationner%20leur%20consommation%20de%20gaz,-Br%C3%A8ves%20%C3%89nergie%20et&amp;text=Aujourd'hui%2C%20la%20Commission%20europ%C3%A9enne,de%20la%20consommation%20de%20gaz.\">la Commission europ\u00e9enne pr\u00e9sentait son plan intitul\u00e9 <em>Safe Gas for a Safe Winter<\/em><\/a>, recommandant aux \u00c9tats membres de baisser leur consommation de gaz de 15&#160;% d\u2019ici mars 2023, par rapport \u00e0 leur consommation moyenne des cinq derni\u00e8res ann\u00e9es.<\/li><\/ul>\n\n\n\n<ul class=\"wp-block-list\"><li>D\u00e8s la divulgation de ce plan, plusieurs \u00c9tats membres \u2014 <a href=\"https:\/\/legrandcontinent.eu\/fr\/2022\/07\/21\/lespagne-rejette-la-plan-de-reduction-de-consommation-de-gaz-de-la-commission\/\">dont l\u2019Espagne, par le biais d\u2019une tribune de la ministre de la Transition \u00e9cologique espagnole<\/a>, Teresa Ribera, dans <em>El Pa\u00eds <\/em>\u2014 ont imm\u00e9diatement fait savoir qu\u2019ils voteraient contre la proposition de la Commission. Le Portugal et la Hongrie notamment se sont \u00e9galement positionn\u00e9s contre, le Secr\u00e9taire portugais \u00e0 l\u2019\u00c9nergie, Joao Galamba, ayant argu\u00e9 que la proposition \u00ab&#160;ne tient pas compte des diff\u00e9rences entre les pays&#160;\u00bb&nbsp;<span class='whitespace-nowrap'><span id='easy-footnote-1-151652' class='easy-footnote-margin-adjust'><\/span><span class='easy-footnote'><a href='https:\/\/legrandcontinent.eu\/fr\/2022\/07\/26\/les-etats-membres-discutent-de-la-proposition-de-la-commission-de-reduction-de-la-consommation-de-gaz\/#easy-footnote-bottom-1-151652' title='Sergio Goncalves, \u00ab&amp;#160;&lt;a href=&quot;https:\/\/www.reuters.com\/business\/energy\/portugal-totally-against-eu-proposal-gas-usage-cuts-2022-07-21\/#:~:text=LISBON%2C%20July%2021%20(Reuters),Joao%20Galamba%20said%20on%20Thursday.&quot;&gt;Portugal &amp;lsquo;totally against&amp;rsquo; EU proposal on gas usage cuts&lt;\/a&gt;&amp;#160;\u00bb, &lt;em&gt;Reuters&lt;\/em&gt;, 21 juillet 2022.'><sup>1<\/sup><\/a><\/span><\/span>.<\/li><\/ul>\n\n\n\n<div class=\"iframe-container wp-block-image wp-block-image-medium  iframe-dw\">\n\t<div>\n\t\t<iframe class=\"absolute w-full h-full pin-t pin-l\" title=\"titolo\" aria-label=\"Interactive line chart\" src=\"\/\/datawrapper.dwcdn.net\/Y0Qr9\/4\/\" scrolling=\"no\" frameborder=\"0\"><\/iframe>\n\t<\/div>\n<\/div>\n\n\n\n<ul class=\"wp-block-list\"><li>Depuis la publication du plan de la Commission, plusieurs \u00e9v\u00e9nements qui pourraient peser dans la d\u00e9cision des \u00c9tats membres se sont toutefois produits. Hier, Gazprom a annonc\u00e9 que le transport de gaz via Nord Stream 1, reliant l\u2019Allemagne, allait tomber \u00e0 20&#160;% de sa capacit\u00e9 \u00e0 partir de demain, mercredi 27 juillet, confirmant <a href=\"https:\/\/legrandcontinent.eu\/fr\/2022\/07\/11\/larret-temporaire-de-nord-stream-1-fait-craindre-une-aggravation-de-la-crise-energetique-en-europe\/\">les craintes \u00e9mises lors de la mise hors-service du gazoduc pour cause de maintenance<\/a>&nbsp;<span class='whitespace-nowrap'><span id='easy-footnote-2-151652' class='easy-footnote-margin-adjust'><\/span><span class='easy-footnote'><a href='https:\/\/legrandcontinent.eu\/fr\/2022\/07\/26\/les-etats-membres-discutent-de-la-proposition-de-la-commission-de-reduction-de-la-consommation-de-gaz\/#easy-footnote-bottom-2-151652' title='&lt;a href=&quot;https:\/\/t.me\/gazprom\/835&quot;&gt;https:\/\/t.me\/gazprom\/835&lt;\/a&gt;'><sup>2<\/sup><\/a><\/span><\/span>. La soci\u00e9t\u00e9 gazi\u00e8re russe a invoqu\u00e9 des probl\u00e8mes techniques li\u00e9s aux turbines.<\/li><\/ul>\n\n\n\n<ul class=\"wp-block-list\"><li>Dans la nuit d\u2019hier \u00e0 aujourd\u2019hui, en amont du Conseil, Moscou a d\u00e9cid\u00e9 d\u2019envoyer un message \u00e0 l\u2019Europe en augmentant la pression dans le gazoduc Urengoi-Pomari-Uzhhorod, sans pr\u00e9venir l\u2019Ukraine. L\u2019op\u00e9rateur gazier ukrainien GTS a soulign\u00e9 qu\u2019une telle action pourrait \u00ab&#160;entra\u00eener des situations d&rsquo;urgence sur le gazoduc principal&#160;\u00bb&nbsp;<span class='whitespace-nowrap'><span id='easy-footnote-3-151652' class='easy-footnote-margin-adjust'><\/span><span class='easy-footnote'><a href='https:\/\/legrandcontinent.eu\/fr\/2022\/07\/26\/les-etats-membres-discutent-de-la-proposition-de-la-commission-de-reduction-de-la-consommation-de-gaz\/#easy-footnote-bottom-3-151652' title='&lt;a href=&quot;https:\/\/tsoua.com\/news\/gazprom-bez-poperedzhennya-pidvyshhyv-tysk-na-gazogoni-urengoj-pomary-uzhgorod\/?utm_source=POLITICO.EU&amp;amp;utm_campaign=2381ee511b-EMAIL_CAMPAIGN_2022_07_26_02_57&amp;amp;utm_medium=email&amp;amp;utm_term=0_10959edeb5-2381ee511b-190853696&quot;&gt;\u0413\u0430\u0437\u043f\u0440\u043e\u043c \u0431\u0435\u0437 \u043f\u043e\u043f\u0435\u0440\u0435\u0434\u0436\u0435\u043d\u043d\u044f \u043f\u0456\u0434\u0432\u0438\u0449\u0438\u0432 \u0442\u0438\u0441\u043a \u043d\u0430 \u0433\u0430\u0437\u043e\u0433\u043e\u043d\u0456 \u00ab&amp;#160;\u0423\u0440\u0435\u043d\u0433\u043e\u0439-\u041f\u043e\u043c\u0430\u0440\u0438-\u0423\u0436\u0433\u043e\u0440\u043e\u0434&amp;#160;\u00bb&lt;\/a&gt;, Transmission System Operator UA, 25 juillet 2022.'><sup>3<\/sup><\/a><\/span><\/span>.<\/li><\/ul>\n\n\n\n<ul class=\"wp-block-list\"><li>Le plan de la Commission est particuli\u00e8rement adapt\u00e9 pour l\u2019Allemagne, qui est encore d\u00e9pendant \u00e0 environ 35&#160;% de la Russie pour ses importations de gaz \u2014 en baisse d\u2019environ 20&#160;% depuis le 1er janvier 2022. De plus, Berlin s\u2019est fix\u00e9 un objectif de remplissage de ses r\u00e9serves de gaz \u00e0 95&#160;% d\u2019ici le 1er novembre, soit 15&#160;% de plus que l\u2019objectif fix\u00e9 par l\u2019Union europ\u00e9enne. Ainsi, il existe de fortes disparit\u00e9s entre l\u2019Allemagne \u2014 et les pays d\u2019Europe centrale \u2014 et les pays du Sud, particuli\u00e8rement l\u2019Espagne et le Portugal, qui ne re\u00e7oivent pas de gaz russe par gazoduc, les rendant tr\u00e8s peu d\u00e9pendants de celui-ci.<\/li><\/ul>\n\n\n\n<div class=\"iframe-container wp-block-image wp-block-image-medium  iframe-dw\">\n\t<div>\n\t\t<iframe class=\"absolute w-full h-full pin-t pin-l\" title=\"titolo\" aria-label=\"Interactive line chart\" src=\"\/\/datawrapper.dwcdn.net\/WzD4l\/6\/\" scrolling=\"no\" frameborder=\"0\"><\/iframe>\n\t<\/div>\n<\/div>\n\n\n\n<ul class=\"wp-block-list\"><li>L\u2019Allemagne va probablement chercher \u00e0 rallier les pays les plus r\u00e9ticents \u00e0 soutenir ce plan de la Commission, qui n\u00e9cessite une majorit\u00e9 qualifi\u00e9e repr\u00e9sentant 65&#160;% de la population de l\u2019Union, soit 15 pays. En proposant une r\u00e9duction \u00e9gale pour tous les pays du bloc, peu importe leur taux de d\u00e9pendance au gaz russe, la Commission teste <a href=\"https:\/\/legrandcontinent.eu\/fr\/2022\/06\/29\/la-solidarite-energetique-eprouvee-par-la-guerre-en-ukraine\/\">la solidarit\u00e9 \u00e9nerg\u00e9tique des pays europ\u00e9ens<\/a>, particuli\u00e8rement \u00e9prouv\u00e9e par la guerre en Ukraine. <\/li><\/ul>\n","protected":false},"excerpt":{"rendered":"<p>Aujourd\u2019hui se tient \u00e0 Bruxelles un Conseil extraordinaire d\u00e9di\u00e9 \u00e0 l\u2019\u00e9nergie, au cours duquel les ministres de l\u2019\u00c9nergie des \u00c9tats membres se r\u00e9unissent pour discuter du plan de la Commission <em>Safe Gas for a Safe Winter<\/em>. Plusieurs \u00c9tats ont d\u00e9j\u00e0 annonc\u00e9 qu&rsquo;ils comptaient s&rsquo;y opposer.<\/p>\n","protected":false},"author":2622,"featured_media":151657,"comment_status":"open","ping_status":"open","sticky":false,"template":"templates\/post-briefings.php","format":"standard","meta":{"_acf_changed":false,"_trash_the_other_posts":false,"_yoast_wpseo_estimated-reading-time-minutes":3,"footnotes":""},"categories":[1730],"tags":[],"staff":[],"editorial_format":[],"serie":[],"audience":[],"geo":[1917],"class_list":["post-151652","post","type-post","status-publish","format-standard","hentry","category-energie-et-environnement","geo-europe"],"acf":{"open_in_webview":false,"accent":false,"_thumbnail_id":151657,"excerpt":"Aujourd\u2019hui se tient \u00e0 Bruxelles un Conseil extraordinaire d\u00e9di\u00e9 \u00e0 l\u2019\u00e9nergie, au cours duquel les ministres de l\u2019\u00c9nergie des \u00c9tats membres se r\u00e9unissent pour discuter du plan de la Commission <em>Safe Gas for a Safe Winter<\/em>. Plusieurs \u00c9tats ont d\u00e9j\u00e0 annonc\u00e9 qu'ils comptaient s'y opposer.","display_date":"","new_abstract":true},"yoast_head":"<!-- This site is optimized with the Yoast SEO plugin v26.1.1 - https:\/\/yoast.com\/wordpress\/plugins\/seo\/ -->\n<title>Les \u00c9tats membres discutent de la proposition de la Commission de r\u00e9duction de la consommation de gaz | Le Grand Continent<\/title>\n<meta name=\"robots\" content=\"index, follow, max-snippet:-1, max-image-preview:large, max-video-preview:-1\" \/>\n<link rel=\"canonical\" href=\"https:\/\/legrandcontinent.eu\/fr\/2022\/07\/26\/les-etats-membres-discutent-de-la-proposition-de-la-commission-de-reduction-de-la-consommation-de-gaz\/\" \/>\n<meta property=\"og:locale\" content=\"fr_FR\" \/>\n<meta property=\"og:type\" content=\"article\" \/>\n<meta property=\"og:title\" content=\"Les \u00c9tats membres discutent de la proposition de la Commission de r\u00e9duction de la consommation de gaz | Le Grand Continent\" \/>\n<meta property=\"og:description\" content=\"Aujourd\u2019hui se tient \u00e0 Bruxelles un Conseil extraordinaire d\u00e9di\u00e9 \u00e0 l\u2019\u00e9nergie, au cours duquel les ministres de l\u2019\u00c9nergie des \u00c9tats membres se r\u00e9unissent pour discuter du plan de la Commission Safe Gas for a Safe Winter. Plusieurs \u00c9tats ont d\u00e9j\u00e0 annonc\u00e9 qu&#039;ils comptaient s&#039;y opposer.\" \/>\n<meta property=\"og:url\" content=\"https:\/\/legrandcontinent.eu\/fr\/2022\/07\/26\/les-etats-membres-discutent-de-la-proposition-de-la-commission-de-reduction-de-la-consommation-de-gaz\/\" \/>\n<meta property=\"og:site_name\" content=\"Le Grand Continent\" \/>\n<meta property=\"article:published_time\" content=\"2022-07-26T08:37:50+00:00\" \/>\n<meta property=\"article:modified_time\" content=\"2022-07-26T15:02:40+00:00\" \/>\n<meta property=\"og:image\" content=\"https:\/\/legrandcontinent.eu\/fr\/wp-content\/uploads\/sites\/2\/2022\/07\/Conseil-energie-26-juillet.jpg\" \/>\n\t<meta property=\"og:image:width\" content=\"1919\" \/>\n\t<meta property=\"og:image:height\" content=\"1103\" \/>\n\t<meta property=\"og:image:type\" content=\"image\/jpeg\" \/>\n<meta name=\"author\" content=\"Marin Saillofest\" \/>\n<meta name=\"twitter:card\" content=\"summary_large_image\" \/>\n<meta name=\"twitter:image\" content=\"https:\/\/legrandcontinent.eu\/fr\/wp-content\/uploads\/sites\/2\/2022\/07\/Conseil-energie-26-juillet.jpg\" \/>\n<meta name=\"twitter:label1\" content=\"\u00c9crit par\" \/>\n\t<meta name=\"twitter:data1\" content=\"Marin Saillofest\" \/>\n\t<meta name=\"twitter:label2\" content=\"Dur\u00e9e de lecture estim\u00e9e\" \/>\n\t<meta name=\"twitter:data2\" content=\"3 minutes\" \/>\n<script type=\"application\/ld+json\" class=\"yoast-schema-graph\">{\"@context\":\"https:\/\/schema.org\",\"@graph\":[{\"@type\":\"WebPage\",\"@id\":\"https:\/\/legrandcontinent.eu\/fr\/2022\/07\/26\/les-etats-membres-discutent-de-la-proposition-de-la-commission-de-reduction-de-la-consommation-de-gaz\/\",\"url\":\"https:\/\/legrandcontinent.eu\/fr\/2022\/07\/26\/les-etats-membres-discutent-de-la-proposition-de-la-commission-de-reduction-de-la-consommation-de-gaz\/\",\"name\":\"Les \u00c9tats membres discutent de la proposition de la Commission de r\u00e9duction de la consommation de gaz | Le Grand Continent\",\"isPartOf\":{\"@id\":\"https:\/\/legrandcontinent.eu\/fr\/#website\"},\"primaryImageOfPage\":{\"@id\":\"https:\/\/legrandcontinent.eu\/fr\/2022\/07\/26\/les-etats-membres-discutent-de-la-proposition-de-la-commission-de-reduction-de-la-consommation-de-gaz\/#primaryimage\"},\"image\":{\"@id\":\"https:\/\/legrandcontinent.eu\/fr\/2022\/07\/26\/les-etats-membres-discutent-de-la-proposition-de-la-commission-de-reduction-de-la-consommation-de-gaz\/#primaryimage\"},\"thumbnailUrl\":\"https:\/\/legrandcontinent.eu\/fr\/wp-content\/uploads\/sites\/2\/2022\/07\/SIPA_AP22703096_000009-scaled.jpg\",\"datePublished\":\"2022-07-26T08:37:50+00:00\",\"dateModified\":\"2022-07-26T15:02:40+00:00\",\"author\":{\"@id\":\"https:\/\/legrandcontinent.eu\/fr\/#\/schema\/person\/e4f85f52220fc7b4cc3cfdb86d88e833\"},\"breadcrumb\":{\"@id\":\"https:\/\/legrandcontinent.eu\/fr\/2022\/07\/26\/les-etats-membres-discutent-de-la-proposition-de-la-commission-de-reduction-de-la-consommation-de-gaz\/#breadcrumb\"},\"inLanguage\":\"fr-FR\",\"potentialAction\":[{\"@type\":\"ReadAction\",\"target\":[\"https:\/\/legrandcontinent.eu\/fr\/2022\/07\/26\/les-etats-membres-discutent-de-la-proposition-de-la-commission-de-reduction-de-la-consommation-de-gaz\/\"]}]},{\"@type\":\"ImageObject\",\"inLanguage\":\"fr-FR\",\"@id\":\"https:\/\/legrandcontinent.eu\/fr\/2022\/07\/26\/les-etats-membres-discutent-de-la-proposition-de-la-commission-de-reduction-de-la-consommation-de-gaz\/#primaryimage\",\"url\":\"https:\/\/legrandcontinent.eu\/fr\/wp-content\/uploads\/sites\/2\/2022\/07\/SIPA_AP22703096_000009-scaled.jpg\",\"contentUrl\":\"https:\/\/legrandcontinent.eu\/fr\/wp-content\/uploads\/sites\/2\/2022\/07\/SIPA_AP22703096_000009-scaled.jpg\",\"width\":2560,\"height\":1841,\"caption\":\"Germany's Minister for Climate Action Robert Habeck, second left, speaks with, from left, Spain's Minister for the Ecological Transition Teresa Ribera Rodriguez, Netherland's Minister for Climate Rob Jetten and Czech Republic's Minister for Industry and Trade Josef Sikela during an emergency meeting of EU energy ministers in Brussels on Tuesday, July 26, 2022. European Union governments Tuesday neared an agreement on rationing natural gas this winter to protect against any further supply cuts by Russia. (AP Photo\/Virginia Mayo)\/VLM109\/22207302447685\/\/2207261028\"},{\"@type\":\"BreadcrumbList\",\"@id\":\"https:\/\/legrandcontinent.eu\/fr\/2022\/07\/26\/les-etats-membres-discutent-de-la-proposition-de-la-commission-de-reduction-de-la-consommation-de-gaz\/#breadcrumb\",\"itemListElement\":[{\"@type\":\"ListItem\",\"position\":1,\"name\":\"Accueil\",\"item\":\"https:\/\/legrandcontinent.eu\/fr\/\"},{\"@type\":\"ListItem\",\"position\":2,\"name\":\"Les \u00c9tats membres discutent de la proposition de la Commission de r\u00e9duction de la consommation de gaz\"}]},{\"@type\":\"WebSite\",\"@id\":\"https:\/\/legrandcontinent.eu\/fr\/#website\",\"url\":\"https:\/\/legrandcontinent.eu\/fr\/\",\"name\":\"Le Grand Continent\",\"description\":\"L&#039;\u00e9chelle pertinente\",\"potentialAction\":[{\"@type\":\"SearchAction\",\"target\":{\"@type\":\"EntryPoint\",\"urlTemplate\":\"https:\/\/legrandcontinent.eu\/fr\/?s={search_term_string}\"},\"query-input\":{\"@type\":\"PropertyValueSpecification\",\"valueRequired\":true,\"valueName\":\"search_term_string\"}}],\"inLanguage\":\"fr-FR\"},{\"@type\":\"Person\",\"@id\":\"https:\/\/legrandcontinent.eu\/fr\/#\/schema\/person\/e4f85f52220fc7b4cc3cfdb86d88e833\",\"name\":\"Marin Saillofest\",\"image\":{\"@type\":\"ImageObject\",\"inLanguage\":\"fr-FR\",\"@id\":\"https:\/\/legrandcontinent.eu\/fr\/#\/schema\/person\/image\/\",\"url\":\"https:\/\/secure.gravatar.com\/avatar\/87088698b4d967390c49ae6d4f1aa459?s=96&d=mm&r=g\",\"contentUrl\":\"https:\/\/secure.gravatar.com\/avatar\/87088698b4d967390c49ae6d4f1aa459?s=96&d=mm&r=g\",\"caption\":\"Marin Saillofest\"}}]}<\/script>\n<!-- \/ Yoast SEO plugin. -->","yoast_head_json":{"title":"Les \u00c9tats membres discutent de la proposition de la Commission de r\u00e9duction de la consommation de gaz | Le Grand Continent","robots":{"index":"index","follow":"follow","max-snippet":"max-snippet:-1","max-image-preview":"max-image-preview:large","max-video-preview":"max-video-preview:-1"},"canonical":"https:\/\/legrandcontinent.eu\/fr\/2022\/07\/26\/les-etats-membres-discutent-de-la-proposition-de-la-commission-de-reduction-de-la-consommation-de-gaz\/","og_locale":"fr_FR","og_type":"article","og_title":"Les \u00c9tats membres discutent de la proposition de la Commission de r\u00e9duction de la consommation de gaz | Le Grand Continent","og_description":"Aujourd\u2019hui se tient \u00e0 Bruxelles un Conseil extraordinaire d\u00e9di\u00e9 \u00e0 l\u2019\u00e9nergie, au cours duquel les ministres de l\u2019\u00c9nergie des \u00c9tats membres se r\u00e9unissent pour discuter du plan de la Commission Safe Gas for a Safe Winter. Plusieurs \u00c9tats ont d\u00e9j\u00e0 annonc\u00e9 qu'ils comptaient s'y opposer.","og_url":"https:\/\/legrandcontinent.eu\/fr\/2022\/07\/26\/les-etats-membres-discutent-de-la-proposition-de-la-commission-de-reduction-de-la-consommation-de-gaz\/","og_site_name":"Le Grand Continent","article_published_time":"2022-07-26T08:37:50+00:00","article_modified_time":"2022-07-26T15:02:40+00:00","og_image":[{"width":1919,"height":1103,"url":"https:\/\/legrandcontinent.eu\/fr\/wp-content\/uploads\/sites\/2\/2022\/07\/Conseil-energie-26-juillet.jpg","type":"image\/jpeg"}],"author":"Marin Saillofest","twitter_card":"summary_large_image","twitter_image":"https:\/\/legrandcontinent.eu\/fr\/wp-content\/uploads\/sites\/2\/2022\/07\/Conseil-energie-26-juillet.jpg","twitter_misc":{"\u00c9crit par":"Marin Saillofest","Dur\u00e9e de lecture estim\u00e9e":"3 minutes"},"schema":{"@context":"https:\/\/schema.org","@graph":[{"@type":"WebPage","@id":"https:\/\/legrandcontinent.eu\/fr\/2022\/07\/26\/les-etats-membres-discutent-de-la-proposition-de-la-commission-de-reduction-de-la-consommation-de-gaz\/","url":"https:\/\/legrandcontinent.eu\/fr\/2022\/07\/26\/les-etats-membres-discutent-de-la-proposition-de-la-commission-de-reduction-de-la-consommation-de-gaz\/","name":"Les \u00c9tats membres discutent de la proposition de la Commission de r\u00e9duction de la consommation de gaz | Le Grand Continent","isPartOf":{"@id":"https:\/\/legrandcontinent.eu\/fr\/#website"},"primaryImageOfPage":{"@id":"https:\/\/legrandcontinent.eu\/fr\/2022\/07\/26\/les-etats-membres-discutent-de-la-proposition-de-la-commission-de-reduction-de-la-consommation-de-gaz\/#primaryimage"},"image":{"@id":"https:\/\/legrandcontinent.eu\/fr\/2022\/07\/26\/les-etats-membres-discutent-de-la-proposition-de-la-commission-de-reduction-de-la-consommation-de-gaz\/#primaryimage"},"thumbnailUrl":"https:\/\/legrandcontinent.eu\/fr\/wp-content\/uploads\/sites\/2\/2022\/07\/SIPA_AP22703096_000009-scaled.jpg","datePublished":"2022-07-26T08:37:50+00:00","dateModified":"2022-07-26T15:02:40+00:00","author":{"@id":"https:\/\/legrandcontinent.eu\/fr\/#\/schema\/person\/e4f85f52220fc7b4cc3cfdb86d88e833"},"breadcrumb":{"@id":"https:\/\/legrandcontinent.eu\/fr\/2022\/07\/26\/les-etats-membres-discutent-de-la-proposition-de-la-commission-de-reduction-de-la-consommation-de-gaz\/#breadcrumb"},"inLanguage":"fr-FR","potentialAction":[{"@type":"ReadAction","target":["https:\/\/legrandcontinent.eu\/fr\/2022\/07\/26\/les-etats-membres-discutent-de-la-proposition-de-la-commission-de-reduction-de-la-consommation-de-gaz\/"]}]},{"@type":"ImageObject","inLanguage":"fr-FR","@id":"https:\/\/legrandcontinent.eu\/fr\/2022\/07\/26\/les-etats-membres-discutent-de-la-proposition-de-la-commission-de-reduction-de-la-consommation-de-gaz\/#primaryimage","url":"https:\/\/legrandcontinent.eu\/fr\/wp-content\/uploads\/sites\/2\/2022\/07\/SIPA_AP22703096_000009-scaled.jpg","contentUrl":"https:\/\/legrandcontinent.eu\/fr\/wp-content\/uploads\/sites\/2\/2022\/07\/SIPA_AP22703096_000009-scaled.jpg","width":2560,"height":1841,"caption":"Germany's Minister for Climate Action Robert Habeck, second left, speaks with, from left, Spain's Minister for the Ecological Transition Teresa Ribera Rodriguez, Netherland's Minister for Climate Rob Jetten and Czech Republic's Minister for Industry and Trade Josef Sikela during an emergency meeting of EU energy ministers in Brussels on Tuesday, July 26, 2022. European Union governments Tuesday neared an agreement on rationing natural gas this winter to protect against any further supply cuts by Russia. (AP Photo\/Virginia Mayo)\/VLM109\/22207302447685\/\/2207261028"},{"@type":"BreadcrumbList","@id":"https:\/\/legrandcontinent.eu\/fr\/2022\/07\/26\/les-etats-membres-discutent-de-la-proposition-de-la-commission-de-reduction-de-la-consommation-de-gaz\/#breadcrumb","itemListElement":[{"@type":"ListItem","position":1,"name":"Accueil","item":"https:\/\/legrandcontinent.eu\/fr\/"},{"@type":"ListItem","position":2,"name":"Les \u00c9tats membres discutent de la proposition de la Commission de r\u00e9duction de la consommation de gaz"}]},{"@type":"WebSite","@id":"https:\/\/legrandcontinent.eu\/fr\/#website","url":"https:\/\/legrandcontinent.eu\/fr\/","name":"Le Grand Continent","description":"L&#039;\u00e9chelle pertinente","potentialAction":[{"@type":"SearchAction","target":{"@type":"EntryPoint","urlTemplate":"https:\/\/legrandcontinent.eu\/fr\/?s={search_term_string}"},"query-input":{"@type":"PropertyValueSpecification","valueRequired":true,"valueName":"search_term_string"}}],"inLanguage":"fr-FR"},{"@type":"Person","@id":"https:\/\/legrandcontinent.eu\/fr\/#\/schema\/person\/e4f85f52220fc7b4cc3cfdb86d88e833","name":"Marin Saillofest","image":{"@type":"ImageObject","inLanguage":"fr-FR","@id":"https:\/\/legrandcontinent.eu\/fr\/#\/schema\/person\/image\/","url":"https:\/\/secure.gravatar.com\/avatar\/87088698b4d967390c49ae6d4f1aa459?s=96&d=mm&r=g","contentUrl":"https:\/\/secure.gravatar.com\/avatar\/87088698b4d967390c49ae6d4f1aa459?s=96&d=mm&r=g","caption":"Marin Saillofest"}}]}},"lgc_categories":[{"id":1730,"name":"\u00c9nergie et environnement","slug":"energie-et-environnement"}],"lgc_author":null,"feature_image_summary":{"url":"https:\/\/legrandcontinent.eu\/fr\/wp-content\/uploads\/sites\/2\/2022\/07\/SIPA_AP22703096_000009-scaled.jpg","width":2560,"height":1841,"alt":""},"feature_image_cover":null,"term_position_data":null,"_links":{"self":[{"href":"https:\/\/legrandcontinent.eu\/fr\/wp-json\/wp\/v2\/posts\/151652","targetHints":{"allow":["GET"]}}],"collection":[{"href":"https:\/\/legrandcontinent.eu\/fr\/wp-json\/wp\/v2\/posts"}],"about":[{"href":"https:\/\/legrandcontinent.eu\/fr\/wp-json\/wp\/v2\/types\/post"}],"author":[{"embeddable":true,"href":"https:\/\/legrandcontinent.eu\/fr\/wp-json\/wp\/v2\/users\/2622"}],"replies":[{"embeddable":true,"href":"https:\/\/legrandcontinent.eu\/fr\/wp-json\/wp\/v2\/comments?post=151652"}],"version-history":[{"count":0,"href":"https:\/\/legrandcontinent.eu\/fr\/wp-json\/wp\/v2\/posts\/151652\/revisions"}],"wp:featuredmedia":[{"embeddable":true,"href":"https:\/\/legrandcontinent.eu\/fr\/wp-json\/wp\/v2\/media\/151657"}],"wp:attachment":[{"href":"https:\/\/legrandcontinent.eu\/fr\/wp-json\/wp\/v2\/media?parent=151652"}],"wp:term":[{"taxonomy":"category","embeddable":true,"href":"https:\/\/legrandcontinent.eu\/fr\/wp-json\/wp\/v2\/categories?post=151652"},{"taxonomy":"post_tag","embeddable":true,"href":"https:\/\/legrandcontinent.eu\/fr\/wp-json\/wp\/v2\/tags?post=151652"},{"taxonomy":"staff","embeddable":true,"href":"https:\/\/legrandcontinent.eu\/fr\/wp-json\/wp\/v2\/staff?post=151652"},{"taxonomy":"editorial_format","embeddable":true,"href":"https:\/\/legrandcontinent.eu\/fr\/wp-json\/wp\/v2\/editorial_format?post=151652"},{"taxonomy":"serie","embeddable":true,"href":"https:\/\/legrandcontinent.eu\/fr\/wp-json\/wp\/v2\/serie?post=151652"},{"taxonomy":"audience","embeddable":true,"href":"https:\/\/legrandcontinent.eu\/fr\/wp-json\/wp\/v2\/audience?post=151652"},{"taxonomy":"geo","embeddable":true,"href":"https:\/\/legrandcontinent.eu\/fr\/wp-json\/wp\/v2\/geo?post=151652"}],"curies":[{"name":"wp","href":"https:\/\/api.w.org\/{rel}","templated":true}]}}