{"id":149218,"date":"2024-06-06T12:34:34","date_gmt":"2024-06-06T10:34:34","guid":{"rendered":"https:\/\/legrandcontinent.eu\/fr\/?p=149218"},"modified":"2024-06-06T19:19:20","modified_gmt":"2024-06-06T17:19:20","slug":"eric-hazan","status":"publish","type":"post","link":"https:\/\/legrandcontinent.eu\/fr\/2024\/06\/06\/eric-hazan\/","title":{"rendered":"Eric Hazan (1936-2024), un \u00e9diteur de Paris"},"content":{"rendered":"\n<p class=\"has-drop-cap\">Le square Bolivar est un triangle en forte pente tendu entre l\u2019avenue Simon-Bolivar et la rue Clavel, dans le XIX<sup>e <\/sup>arrondissement de Paris. La pointe aigu\u00eb du triangle est en bas, du c\u00f4t\u00e9 de l&rsquo;avenue, entre un caf\u00e9 et une boulangerie. Sur les bords lat\u00e9raux, les immeubles, tous identiques, forment un cadre modeste mais digne. En haut, le triangle s\u2019ouvre largement sur la rue Clavel, dont le nom est celui d\u2019un officier qui d\u00e9fendit les Buttes-Chaumont contre les Russes et les Prussiens le 20 mars 1814.<\/p>\n\n\n\n<p>La ligne m\u00e9diane du square Bolivar est marqu\u00e9e par le magnifique alignement de cinq antiques marronniers. Ils \u00e9mergeaient nagu\u00e8re directement au milieu des gros pav\u00e9s qui tapissaient la pente. Le lieu \u00e9tait parfait et ne demandait qu\u2019\u00e0 \u00eatre laiss\u00e9 en paix.<\/p>\n\n\n\n\n\n<figure class=\"wp-block-image wp-block-image-medium\"\n    data-shadow=\"false\"\n    data-use-original-file=\"false\">\n    <a\n        data-pswp-src=\"https:\/\/legrandcontinent.eu\/fr\/wp-content\/uploads\/sites\/2\/2022\/07\/gc-Hazan.png\"\n        class=\"inline-block gallery-item no-underline \"\n        data-pswp-width=\"1388\"\n        data-pswp-height=\"1790\">\n                                        <picture>\r\n                    <source\r\n                srcset=\"https:\/\/legrandcontinent.eu\/fr\/wp-content\/uploads\/sites\/2\/2022\/07\/gc-Hazan-330x426.png\"\r\n                media=\"(max-width:  374px)\" \/>\r\n                    <source\r\n                srcset=\"https:\/\/legrandcontinent.eu\/fr\/wp-content\/uploads\/sites\/2\/2022\/07\/gc-Hazan-690x890.png\"\r\n                media=\"(max-width:  989px)\" \/>\r\n                    <source\r\n                srcset=\"https:\/\/legrandcontinent.eu\/fr\/wp-content\/uploads\/sites\/2\/2022\/07\/gc-Hazan-990x1277.png\"\r\n                media=\"(max-width: 1319px)\" \/>\r\n                    <source\r\n                srcset=\"https:\/\/legrandcontinent.eu\/fr\/wp-content\/uploads\/sites\/2\/2022\/07\/gc-Hazan-690x890.png\"\r\n                media=\"(max-width: 1599px)\" \/>\r\n                    <source\r\n                srcset=\"https:\/\/legrandcontinent.eu\/fr\/wp-content\/uploads\/sites\/2\/2022\/07\/gc-Hazan-990x1277.png\"\r\n                media=\"(min-width: 1600px)\" \/>\r\n                <img decoding=\"async\" src=\"https:\/\/legrandcontinent.eu\/fr\/wp-content\/uploads\/sites\/2\/2022\/07\/gc-Hazan-125x161.png\" \/>\r\n        <\/picture>\r\n                            \n                    <figcaption class=\"pswp-caption-content \">Square Bolivar, XIXe arrondissement de Paris <\/figcaption>\n            <\/a>\n<\/figure>\n\n\n<p>Mais voici cinq ou six ans il a subi une terrible agression&#160;: il a \u00e9t\u00e9 <em>v\u00e9g\u00e9talis\u00e9<\/em>. Apr\u00e8s l\u2019avoir enti\u00e8rement d\u00e9pav\u00e9, on a install\u00e9 autour des marronniers un triangle m\u00e9tallique de couleur verte, grillage pauvre et mal dessin\u00e9 (\u00ab&#160;on&#160;\u00bb&#160;: les Parcs et Jardins, la Voirie&#160;?).<\/p>\n\n\n\n<p>\u00c0 l\u2019int\u00e9rieur, on a apport\u00e9 de la terre et plant\u00e9 des arbustes poussi\u00e9reux qui n\u2019ont jamais donn\u00e9 depuis lors une fleur ni m\u00eame une tache de couleur.<\/p>\n\n\n\n<p>Autour du triangle, le sol a \u00e9t\u00e9 refait en alternant pav\u00e9s et bandes de granit gris\u00e2tre. Ce square qui aurait pu \u00eatre un sujet pour Cartier-Bresson est devenu un morceau de ville nouvelle tomb\u00e9 par hasard dans l\u2019est parisien.<\/p>\n\n\n\n\n\n<figure class=\"wp-block-image wp-block-image-large\"\n    data-shadow=\"false\"\n    data-use-original-file=\"false\">\n    <a\n        data-pswp-src=\"https:\/\/legrandcontinent.eu\/fr\/wp-content\/uploads\/sites\/2\/2022\/07\/Capture-de\u0301cran-2022-07-27-a\u0300-12.25.01.png\"\n        class=\"inline-block gallery-item no-underline \"\n        data-pswp-width=\"2256\"\n        data-pswp-height=\"1798\">\n                                        <picture>\r\n                    <source\r\n                srcset=\"https:\/\/legrandcontinent.eu\/fr\/wp-content\/uploads\/sites\/2\/2022\/07\/Capture-de\u0301cran-2022-07-27-a\u0300-12.25.01-330x263.png\"\r\n                media=\"(max-width: 374px)\" \/>\r\n                    <source\r\n                srcset=\"https:\/\/legrandcontinent.eu\/fr\/wp-content\/uploads\/sites\/2\/2022\/07\/Capture-de\u0301cran-2022-07-27-a\u0300-12.25.01-690x550.png\"\r\n                media=\"(max-width: 989px)\" \/>\r\n                    <source\r\n                srcset=\"https:\/\/legrandcontinent.eu\/fr\/wp-content\/uploads\/sites\/2\/2022\/07\/Capture-de\u0301cran-2022-07-27-a\u0300-12.25.01-1340x1068.png\"\r\n                media=\"(min-width: 990px)\" \/>\r\n                <img decoding=\"async\" src=\"https:\/\/legrandcontinent.eu\/fr\/wp-content\/uploads\/sites\/2\/2022\/07\/Capture-de\u0301cran-2022-07-27-a\u0300-12.25.01-125x100.png\" \/>\r\n        <\/picture>\r\n                            \n                    <figcaption class=\"pswp-caption-content \">Square Bolivar, XIXe arrondissement de Paris <\/figcaption>\n            <\/a>\n<\/figure>\n\n\n<p>La v\u00e9g\u00e9talisation (n\u00e9ologisme datant, me semble-t- il, du d\u00e9but de l\u2019\u00e8re Delano\u00eb) a frapp\u00e9 dans d\u2019autres lieux populaires. Elle a entre autres d\u00e9figur\u00e9 le noble axe des boulevards entre Barb\u00e8s et la place Clichy.<\/p>\n\n\n\n<p>En 1914, Sacha Guitry a tourn\u00e9 une s\u00e9rie de portraits qui s\u2019intitulait <em>Ceux de chez nous<\/em>. Dans l\u2019un de ceux- ci, on voit sur le boulevard de Clichy au milieu de la foule un vieil homme barbu, coiff\u00e9 d\u2019un melon, qui marche lentement comme s\u2019il h\u00e9sitait. La voix <em>off<\/em> nous dit&#160;: \u00ab&#160;C\u2019est Degas.&#160;\u00bb<\/p>\n\n\n\n\n\n<figure class=\"wp-block-image wp-block-image-medium\"\n    data-shadow=\"false\"\n    data-use-original-file=\"false\">\n    <a\n        data-pswp-src=\"https:\/\/legrandcontinent.eu\/fr\/wp-content\/uploads\/sites\/2\/2022\/07\/Capture-de\u0301cran-2022-07-27-a\u0300-12.25.14.png\"\n        class=\"inline-block gallery-item no-underline \"\n        data-pswp-width=\"2730\"\n        data-pswp-height=\"1794\">\n                                        <picture>\r\n                    <source\r\n                srcset=\"https:\/\/legrandcontinent.eu\/fr\/wp-content\/uploads\/sites\/2\/2022\/07\/Capture-de\u0301cran-2022-07-27-a\u0300-12.25.14-330x217.png\"\r\n                media=\"(max-width:  374px)\" \/>\r\n                    <source\r\n                srcset=\"https:\/\/legrandcontinent.eu\/fr\/wp-content\/uploads\/sites\/2\/2022\/07\/Capture-de\u0301cran-2022-07-27-a\u0300-12.25.14-690x453.png\"\r\n                media=\"(max-width:  989px)\" \/>\r\n                    <source\r\n                srcset=\"https:\/\/legrandcontinent.eu\/fr\/wp-content\/uploads\/sites\/2\/2022\/07\/Capture-de\u0301cran-2022-07-27-a\u0300-12.25.14-990x651.png\"\r\n                media=\"(max-width: 1319px)\" \/>\r\n                    <source\r\n                srcset=\"https:\/\/legrandcontinent.eu\/fr\/wp-content\/uploads\/sites\/2\/2022\/07\/Capture-de\u0301cran-2022-07-27-a\u0300-12.25.14-690x453.png\"\r\n                media=\"(max-width: 1599px)\" \/>\r\n                    <source\r\n                srcset=\"https:\/\/legrandcontinent.eu\/fr\/wp-content\/uploads\/sites\/2\/2022\/07\/Capture-de\u0301cran-2022-07-27-a\u0300-12.25.14-990x651.png\"\r\n                media=\"(min-width: 1600px)\" \/>\r\n                <img decoding=\"async\" src=\"https:\/\/legrandcontinent.eu\/fr\/wp-content\/uploads\/sites\/2\/2022\/07\/Capture-de\u0301cran-2022-07-27-a\u0300-12.25.14-125x82.png\" \/>\r\n        <\/picture>\r\n                            \n                    <figcaption class=\"pswp-caption-content \">Boulevards entre Barb\u00e8s et la place Clichy, Paris<\/figcaption>\n            <\/a>\n<\/figure>\n\n\n\n\n<figure class=\"wp-block-image wp-block-image-medium\"\n    data-shadow=\"false\"\n    data-use-original-file=\"false\">\n    <a\n        data-pswp-src=\"https:\/\/legrandcontinent.eu\/fr\/wp-content\/uploads\/sites\/2\/2022\/07\/Capture-de\u0301cran-2022-07-27-a\u0300-12.28.28.png\"\n        class=\"inline-block gallery-item no-underline \"\n        data-pswp-width=\"2616\"\n        data-pswp-height=\"1772\">\n                                        <picture>\r\n                    <source\r\n                srcset=\"https:\/\/legrandcontinent.eu\/fr\/wp-content\/uploads\/sites\/2\/2022\/07\/Capture-de\u0301cran-2022-07-27-a\u0300-12.28.28-330x224.png\"\r\n                media=\"(max-width:  374px)\" \/>\r\n                    <source\r\n                srcset=\"https:\/\/legrandcontinent.eu\/fr\/wp-content\/uploads\/sites\/2\/2022\/07\/Capture-de\u0301cran-2022-07-27-a\u0300-12.28.28-690x467.png\"\r\n                media=\"(max-width:  989px)\" \/>\r\n                    <source\r\n                srcset=\"https:\/\/legrandcontinent.eu\/fr\/wp-content\/uploads\/sites\/2\/2022\/07\/Capture-de\u0301cran-2022-07-27-a\u0300-12.28.28-990x671.png\"\r\n                media=\"(max-width: 1319px)\" \/>\r\n                    <source\r\n                srcset=\"https:\/\/legrandcontinent.eu\/fr\/wp-content\/uploads\/sites\/2\/2022\/07\/Capture-de\u0301cran-2022-07-27-a\u0300-12.28.28-690x467.png\"\r\n                media=\"(max-width: 1599px)\" \/>\r\n                    <source\r\n                srcset=\"https:\/\/legrandcontinent.eu\/fr\/wp-content\/uploads\/sites\/2\/2022\/07\/Capture-de\u0301cran-2022-07-27-a\u0300-12.28.28-990x671.png\"\r\n                media=\"(min-width: 1600px)\" \/>\r\n                <img decoding=\"async\" src=\"https:\/\/legrandcontinent.eu\/fr\/wp-content\/uploads\/sites\/2\/2022\/07\/Capture-de\u0301cran-2022-07-27-a\u0300-12.28.28-125x85.png\" \/>\r\n        <\/picture>\r\n                            \n                    <figcaption class=\"pswp-caption-content \">Boulevards entre Barb\u00e8s et la place Clichy, Paris <\/figcaption>\n            <\/a>\n<\/figure>\n\n\n<p>Il \u00e9tait aveugle et jamais il n\u2019aurait pu cheminer sur le boulevard tel qu\u2019il est devenu, h\u00e9riss\u00e9 de grilles, coup\u00e9 de pistes cyclables, plant\u00e9 de buissons minables, parsem\u00e9 de cannettes vides laiss\u00e9es par les touristes avant de monter dans leurs cars.<\/p>\n\n\n\n\n\n<figure class=\"wp-block-image wp-block-image-medium\"\n    data-shadow=\"false\"\n    data-use-original-file=\"false\">\n    <a\n        data-pswp-src=\"https:\/\/legrandcontinent.eu\/fr\/wp-content\/uploads\/sites\/2\/2022\/07\/Capture-de\u0301cran-2022-07-27-a\u0300-12.26.13.png\"\n        class=\"inline-block gallery-item no-underline \"\n        data-pswp-width=\"2872\"\n        data-pswp-height=\"1490\">\n                                        <picture>\r\n                    <source\r\n                srcset=\"https:\/\/legrandcontinent.eu\/fr\/wp-content\/uploads\/sites\/2\/2022\/07\/Capture-de\u0301cran-2022-07-27-a\u0300-12.26.13-330x171.png\"\r\n                media=\"(max-width:  374px)\" \/>\r\n                    <source\r\n                srcset=\"https:\/\/legrandcontinent.eu\/fr\/wp-content\/uploads\/sites\/2\/2022\/07\/Capture-de\u0301cran-2022-07-27-a\u0300-12.26.13-690x358.png\"\r\n                media=\"(max-width:  989px)\" \/>\r\n                    <source\r\n                srcset=\"https:\/\/legrandcontinent.eu\/fr\/wp-content\/uploads\/sites\/2\/2022\/07\/Capture-de\u0301cran-2022-07-27-a\u0300-12.26.13-990x514.png\"\r\n                media=\"(max-width: 1319px)\" \/>\r\n                    <source\r\n                srcset=\"https:\/\/legrandcontinent.eu\/fr\/wp-content\/uploads\/sites\/2\/2022\/07\/Capture-de\u0301cran-2022-07-27-a\u0300-12.26.13-690x358.png\"\r\n                media=\"(max-width: 1599px)\" \/>\r\n                    <source\r\n                srcset=\"https:\/\/legrandcontinent.eu\/fr\/wp-content\/uploads\/sites\/2\/2022\/07\/Capture-de\u0301cran-2022-07-27-a\u0300-12.26.13-990x514.png\"\r\n                media=\"(min-width: 1600px)\" \/>\r\n                <img decoding=\"async\" src=\"https:\/\/legrandcontinent.eu\/fr\/wp-content\/uploads\/sites\/2\/2022\/07\/Capture-de\u0301cran-2022-07-27-a\u0300-12.26.13-125x65.png\" \/>\r\n        <\/picture>\r\n                            \n                    <figcaption class=\"pswp-caption-content \">Boulevards entre Barb\u00e8s et la place Clichy, Paris <\/figcaption>\n            <\/a>\n<\/figure>\n\n\n<p>La manie du v\u00e9g\u00e9tal est \u00e9videmment une retomb\u00e9e architecturale et urbanistique du discours \u00e9cologique et de tous ses mots en <em>able<\/em>. Mais cette cause n\u2019est sans doute pas la seule&#160;: la \u00ab&#160;pouss\u00e9e verte&#160;\u00bb pourrait trouver sa place dans une histoire moderne de l\u2019ornement architectural. L\u2019Art nouveau avait tapiss\u00e9 les b\u00e2timents de d\u00e9cors floraux \u2013 surtout en France et singuli\u00e8rement \u00e0 Paris (les entr\u00e9es de m\u00e9tro de Guimard).<\/p>\n\n\n\n\n\n<figure class=\"wp-block-image wp-block-image-medium\"\n    data-shadow=\"false\"\n    data-use-original-file=\"false\">\n    <a\n        data-pswp-src=\"https:\/\/legrandcontinent.eu\/fr\/wp-content\/uploads\/sites\/2\/2022\/07\/Capture-de\u0301cran-2022-07-27-a\u0300-12.26.35.png\"\n        class=\"inline-block gallery-item no-underline \"\n        data-pswp-width=\"1196\"\n        data-pswp-height=\"1792\">\n                                        <picture>\r\n                    <source\r\n                srcset=\"https:\/\/legrandcontinent.eu\/fr\/wp-content\/uploads\/sites\/2\/2022\/07\/Capture-de\u0301cran-2022-07-27-a\u0300-12.26.35-330x494.png\"\r\n                media=\"(max-width:  374px)\" \/>\r\n                    <source\r\n                srcset=\"https:\/\/legrandcontinent.eu\/fr\/wp-content\/uploads\/sites\/2\/2022\/07\/Capture-de\u0301cran-2022-07-27-a\u0300-12.26.35-690x1034.png\"\r\n                media=\"(max-width:  989px)\" \/>\r\n                    <source\r\n                srcset=\"https:\/\/legrandcontinent.eu\/fr\/wp-content\/uploads\/sites\/2\/2022\/07\/Capture-de\u0301cran-2022-07-27-a\u0300-12.26.35-990x1483.png\"\r\n                media=\"(max-width: 1319px)\" \/>\r\n                    <source\r\n                srcset=\"https:\/\/legrandcontinent.eu\/fr\/wp-content\/uploads\/sites\/2\/2022\/07\/Capture-de\u0301cran-2022-07-27-a\u0300-12.26.35-690x1034.png\"\r\n                media=\"(max-width: 1599px)\" \/>\r\n                    <source\r\n                srcset=\"https:\/\/legrandcontinent.eu\/fr\/wp-content\/uploads\/sites\/2\/2022\/07\/Capture-de\u0301cran-2022-07-27-a\u0300-12.26.35-990x1483.png\"\r\n                media=\"(min-width: 1600px)\" \/>\r\n                <img decoding=\"async\" src=\"https:\/\/legrandcontinent.eu\/fr\/wp-content\/uploads\/sites\/2\/2022\/07\/Capture-de\u0301cran-2022-07-27-a\u0300-12.26.35-125x187.png\" \/>\r\n        <\/picture>\r\n                            \n                    <figcaption class=\"pswp-caption-content \">Entr\u00e9e de m\u00e9tro de Guimard, Paris<\/figcaption>\n            <\/a>\n<\/figure>\n\n\n<p>Puis arriv\u00e8rent sur la sc\u00e8ne architecturale des th\u00e9oriciens et des praticiens qui, en r\u00e9action, bannirent toute forme d\u2019ornement, floral ou non \u2013 Adolf Loos, <em>ornament ist verbrechen<\/em>, l\u2019ornement est un crime. Et pendant un demi-si\u00e8cle, du meilleur au pire, de la villa Savoye \u00e0 Maine-Montparnasse, l\u2019architecture qui se r\u00e9clamait du Mouvement moderne d\u00e9ployait verre et m\u00e9tal sans aucun ornement ni rien de v\u00e9g\u00e9tal.<\/p>\n\n\n\n\n\n<figure class=\"wp-block-image wp-block-image-medium\"\n    data-shadow=\"false\"\n    data-use-original-file=\"false\">\n    <a\n        data-pswp-src=\"https:\/\/legrandcontinent.eu\/fr\/wp-content\/uploads\/sites\/2\/2022\/07\/Capture-de\u0301cran-2022-07-27-a\u0300-12.26.59.png\"\n        class=\"inline-block gallery-item no-underline \"\n        data-pswp-width=\"2210\"\n        data-pswp-height=\"1796\">\n                                        <picture>\r\n                    <source\r\n                srcset=\"https:\/\/legrandcontinent.eu\/fr\/wp-content\/uploads\/sites\/2\/2022\/07\/Capture-de\u0301cran-2022-07-27-a\u0300-12.26.59-330x268.png\"\r\n                media=\"(max-width:  374px)\" \/>\r\n                    <source\r\n                srcset=\"https:\/\/legrandcontinent.eu\/fr\/wp-content\/uploads\/sites\/2\/2022\/07\/Capture-de\u0301cran-2022-07-27-a\u0300-12.26.59-690x561.png\"\r\n                media=\"(max-width:  989px)\" \/>\r\n                    <source\r\n                srcset=\"https:\/\/legrandcontinent.eu\/fr\/wp-content\/uploads\/sites\/2\/2022\/07\/Capture-de\u0301cran-2022-07-27-a\u0300-12.26.59-990x805.png\"\r\n                media=\"(max-width: 1319px)\" \/>\r\n                    <source\r\n                srcset=\"https:\/\/legrandcontinent.eu\/fr\/wp-content\/uploads\/sites\/2\/2022\/07\/Capture-de\u0301cran-2022-07-27-a\u0300-12.26.59-690x561.png\"\r\n                media=\"(max-width: 1599px)\" \/>\r\n                    <source\r\n                srcset=\"https:\/\/legrandcontinent.eu\/fr\/wp-content\/uploads\/sites\/2\/2022\/07\/Capture-de\u0301cran-2022-07-27-a\u0300-12.26.59-990x805.png\"\r\n                media=\"(min-width: 1600px)\" \/>\r\n                <img decoding=\"async\" src=\"https:\/\/legrandcontinent.eu\/fr\/wp-content\/uploads\/sites\/2\/2022\/07\/Capture-de\u0301cran-2022-07-27-a\u0300-12.26.59-125x102.png\" \/>\r\n        <\/picture>\r\n                            \n                    <figcaption class=\"pswp-caption-content \">Villa Savoye \u00e0 Maine-Montparnasse<\/figcaption>\n            <\/a>\n<\/figure>\n\n\n<p>On ne trouve pas non plus de vert dans l\u2019architecture postmoderne qui surgit dans les ann\u00e9es 1960&#160;: des couleurs vives, des frontons, des colonnes, mais pas de chlorophylle.<\/p>\n\n\n\n\n\n<figure class=\"wp-block-image wp-block-image-medium\"\n    data-shadow=\"false\"\n    data-use-original-file=\"false\">\n    <a\n        data-pswp-src=\"https:\/\/legrandcontinent.eu\/fr\/wp-content\/uploads\/sites\/2\/2022\/07\/Capture-de\u0301cran-2022-07-27-a\u0300-12.27.12.png\"\n        class=\"inline-block gallery-item no-underline \"\n        data-pswp-width=\"2402\"\n        data-pswp-height=\"1800\">\n                                        <picture>\r\n                    <source\r\n                srcset=\"https:\/\/legrandcontinent.eu\/fr\/wp-content\/uploads\/sites\/2\/2022\/07\/Capture-de\u0301cran-2022-07-27-a\u0300-12.27.12-330x247.png\"\r\n                media=\"(max-width:  374px)\" \/>\r\n                    <source\r\n                srcset=\"https:\/\/legrandcontinent.eu\/fr\/wp-content\/uploads\/sites\/2\/2022\/07\/Capture-de\u0301cran-2022-07-27-a\u0300-12.27.12-690x517.png\"\r\n                media=\"(max-width:  989px)\" \/>\r\n                    <source\r\n                srcset=\"https:\/\/legrandcontinent.eu\/fr\/wp-content\/uploads\/sites\/2\/2022\/07\/Capture-de\u0301cran-2022-07-27-a\u0300-12.27.12-990x742.png\"\r\n                media=\"(max-width: 1319px)\" \/>\r\n                    <source\r\n                srcset=\"https:\/\/legrandcontinent.eu\/fr\/wp-content\/uploads\/sites\/2\/2022\/07\/Capture-de\u0301cran-2022-07-27-a\u0300-12.27.12-690x517.png\"\r\n                media=\"(max-width: 1599px)\" \/>\r\n                    <source\r\n                srcset=\"https:\/\/legrandcontinent.eu\/fr\/wp-content\/uploads\/sites\/2\/2022\/07\/Capture-de\u0301cran-2022-07-27-a\u0300-12.27.12-990x742.png\"\r\n                media=\"(min-width: 1600px)\" \/>\r\n                <img decoding=\"async\" src=\"https:\/\/legrandcontinent.eu\/fr\/wp-content\/uploads\/sites\/2\/2022\/07\/Capture-de\u0301cran-2022-07-27-a\u0300-12.27.12-125x94.png\" \/>\r\n        <\/picture>\r\n                            \n            <\/a>\n<\/figure>\n\n\n<p>On peut voir l\u2019invasion actuelle du v\u00e9g\u00e9tal comme un avatar de l\u2019ornement, sans pr\u00e9c\u00e9dent (sauf peut- \u00eatre dans le rococo du sud de l\u2019Allemagne \u00e0 la fin du XVIII<sup>e <\/sup>si\u00e8cle ou le baroque ib\u00e9rique).<\/p>\n\n\n\n\n\n<figure class=\"wp-block-image wp-block-image-medium\"\n    data-shadow=\"false\"\n    data-use-original-file=\"false\">\n    <a\n        data-pswp-src=\"https:\/\/legrandcontinent.eu\/fr\/wp-content\/uploads\/sites\/2\/2022\/07\/Capture-de\u0301cran-2022-07-27-a\u0300-12.27.25.png\"\n        class=\"inline-block gallery-item no-underline \"\n        data-pswp-width=\"2704\"\n        data-pswp-height=\"1800\">\n                                        <picture>\r\n                    <source\r\n                srcset=\"https:\/\/legrandcontinent.eu\/fr\/wp-content\/uploads\/sites\/2\/2022\/07\/Capture-de\u0301cran-2022-07-27-a\u0300-12.27.25-330x220.png\"\r\n                media=\"(max-width:  374px)\" \/>\r\n                    <source\r\n                srcset=\"https:\/\/legrandcontinent.eu\/fr\/wp-content\/uploads\/sites\/2\/2022\/07\/Capture-de\u0301cran-2022-07-27-a\u0300-12.27.25-690x459.png\"\r\n                media=\"(max-width:  989px)\" \/>\r\n                    <source\r\n                srcset=\"https:\/\/legrandcontinent.eu\/fr\/wp-content\/uploads\/sites\/2\/2022\/07\/Capture-de\u0301cran-2022-07-27-a\u0300-12.27.25-990x659.png\"\r\n                media=\"(max-width: 1319px)\" \/>\r\n                    <source\r\n                srcset=\"https:\/\/legrandcontinent.eu\/fr\/wp-content\/uploads\/sites\/2\/2022\/07\/Capture-de\u0301cran-2022-07-27-a\u0300-12.27.25-690x459.png\"\r\n                media=\"(max-width: 1599px)\" \/>\r\n                    <source\r\n                srcset=\"https:\/\/legrandcontinent.eu\/fr\/wp-content\/uploads\/sites\/2\/2022\/07\/Capture-de\u0301cran-2022-07-27-a\u0300-12.27.25-990x659.png\"\r\n                media=\"(min-width: 1600px)\" \/>\r\n                <img decoding=\"async\" src=\"https:\/\/legrandcontinent.eu\/fr\/wp-content\/uploads\/sites\/2\/2022\/07\/Capture-de\u0301cran-2022-07-27-a\u0300-12.27.25-125x83.png\" \/>\r\n        <\/picture>\r\n                            \n            <\/a>\n<\/figure>\n\n\n<p>Jamais auparavant l\u2019ornement n\u2019a tenu lieu d\u2019architecture, comme c\u2019est le cas entre autres dans un immeuble d\u2019\u00c9douard Fran\u00e7ois nomm\u00e9 Tower Flower porte d\u2019Asni\u00e8res, o\u00f9 les pots de fleurs semblent avoir un r\u00f4le tectonique.<\/p>\n\n\n\n\n\n<figure class=\"wp-block-image wp-block-image-medium\"\n    data-shadow=\"false\"\n    data-use-original-file=\"false\">\n    <a\n        data-pswp-src=\"https:\/\/legrandcontinent.eu\/fr\/wp-content\/uploads\/sites\/2\/2022\/07\/Capture-de\u0301cran-2022-07-27-a\u0300-12.27.41.png\"\n        class=\"inline-block gallery-item no-underline \"\n        data-pswp-width=\"1202\"\n        data-pswp-height=\"1798\">\n                                        <picture>\r\n                    <source\r\n                srcset=\"https:\/\/legrandcontinent.eu\/fr\/wp-content\/uploads\/sites\/2\/2022\/07\/Capture-de\u0301cran-2022-07-27-a\u0300-12.27.41-330x494.png\"\r\n                media=\"(max-width:  374px)\" \/>\r\n                    <source\r\n                srcset=\"https:\/\/legrandcontinent.eu\/fr\/wp-content\/uploads\/sites\/2\/2022\/07\/Capture-de\u0301cran-2022-07-27-a\u0300-12.27.41-690x1032.png\"\r\n                media=\"(max-width:  989px)\" \/>\r\n                    <source\r\n                srcset=\"https:\/\/legrandcontinent.eu\/fr\/wp-content\/uploads\/sites\/2\/2022\/07\/Capture-de\u0301cran-2022-07-27-a\u0300-12.27.41-990x1481.png\"\r\n                media=\"(max-width: 1319px)\" \/>\r\n                    <source\r\n                srcset=\"https:\/\/legrandcontinent.eu\/fr\/wp-content\/uploads\/sites\/2\/2022\/07\/Capture-de\u0301cran-2022-07-27-a\u0300-12.27.41-690x1032.png\"\r\n                media=\"(max-width: 1599px)\" \/>\r\n                    <source\r\n                srcset=\"https:\/\/legrandcontinent.eu\/fr\/wp-content\/uploads\/sites\/2\/2022\/07\/Capture-de\u0301cran-2022-07-27-a\u0300-12.27.41-990x1481.png\"\r\n                media=\"(min-width: 1600px)\" \/>\r\n                <img decoding=\"async\" src=\"https:\/\/legrandcontinent.eu\/fr\/wp-content\/uploads\/sites\/2\/2022\/07\/Capture-de\u0301cran-2022-07-27-a\u0300-12.27.41-125x187.png\" \/>\r\n        <\/picture>\r\n                            \n                    <figcaption class=\"pswp-caption-content \">Tower Flower porte d\u2019Asni\u00e8res, \u00c9douard Fran\u00e7ois <\/figcaption>\n            <\/a>\n<\/figure>\n\n\n<p>Mais sans doute est-il difficile aujourd\u2019hui de gagner un concours \u00e0 Paris si on ne fait pas d\u00e9gouliner un peu de salade de quelque terrasse. On peut aussi penser que les architectes actuels utilisent le v\u00e9g\u00e9tal, mat\u00e9riau \u00ab&#160;connot\u00e9 positivement&#160;\u00bb comme ils disent, pour se faire pardonner. Ils savent que leurs b\u00e2timents sont d\u00e9test\u00e9s, qu\u2019ils sont eux-m\u00eames m\u00e9pris\u00e9s comme profiteurs du g\u00e2chis de l\u2019espace urbain. Alors ils utilisent les plantes pour tenter de montrer qu\u2019ils sont eux aussi responsables et durables, sinon aimables.<\/p>\n\n\n\n<p>Ceux qui ne sont pas convaincus peuvent aller voir comment Jean Nouvel a \u00ab&#160;humanis\u00e9&#160;\u00bb \u00e0 coups de verdure le vaisseau glacial install\u00e9 dans le nouveau campus de l\u2019h\u00f4pital Necker-Enfants malades \u00e0 Paris, \u00e0 l\u2019angle du boulevard du Montparnasse et de la rue du Cherche-Midi.<\/p>\n\n\n\n<p>Mais le pire est peut-\u00eatre \u00e0 venir&#160;: on a confi\u00e9 para\u00eet-il un plan de v\u00e9g\u00e9talisation de l\u2019\u00eele de la Cit\u00e9 \u00e0 Dominique Perrault et on nous propose sans se cacher des projets de \u00ab&#160;ville verte&#160;\u00bb en comparaison desquels le plan Voisin fait figure d\u2019anticipation douce.<\/p>\n\n\n\n<p>Prenons-y garde&#160;: partout l\u2019esprit du temps l\u2019emporte sur l\u2019esprit des lieux.<\/p>\n","protected":false},"excerpt":{"rendered":"<p>Le grand \u00e9diteur fran\u00e7ais Eric Hazan vient de s&rsquo;\u00e9teindre. Dans son travail, il avait fait de Paris le terrain d&rsquo;une th\u00e9orie critique aussi mordante que pr\u00e9cise. Il y a deux \u00e9t\u00e9s, il nous avait confi\u00e9 ce texte, paru dans une s\u00e9rie con\u00e7ue en partenariat avec Le Visiteur. Cette r\u00e9futation foudroyante de la v\u00e9g\u00e9talisation peut-\u00eatre lue comme l&rsquo;une de ses derni\u00e8res d\u00e9clarations de guerre et d&rsquo;amour. Nous la publions de nouveau aujourd&rsquo;hui.<\/p>\n","protected":false},"author":10,"featured_media":231763,"comment_status":"open","ping_status":"open","sticky":false,"template":"templates\/post-angles.php","format":"standard","meta":{"_acf_changed":true,"_trash_the_other_posts":false,"_yoast_wpseo_estimated-reading-time-minutes":5,"footnotes":""},"categories":[3173,3565],"tags":[],"staff":[3197],"editorial_format":[],"serie":[],"audience":[],"geo":[1876],"class_list":["post-149218","post","type-post","status-publish","format-standard","hentry","category-echelles-habiter","category-in-memoriam","staff-eric-hazan","geo-paris"],"acf":{"open_in_webview":false,"accent":false,"_thumbnail_id":231763,"excerpt":"Le grand \u00e9diteur fran\u00e7ais Eric Hazan vient de s'\u00e9teindre. Dans son travail, il avait fait de Paris le terrain d'une th\u00e9orie critique aussi mordante que pr\u00e9cise. Il y a deux \u00e9t\u00e9s, il nous avait confi\u00e9 ce texte, paru dans une s\u00e9rie con\u00e7ue en partenariat avec Le Visiteur. Cette r\u00e9futation foudroyante de la v\u00e9g\u00e9talisation peut-\u00eatre lue comme l'une de ses derni\u00e8res d\u00e9clarations de guerre et d'amour. Nous la publions de nouveau aujourd'hui.","display_date":"","new_abstract":true},"yoast_head":"<!-- This site is optimized with the Yoast SEO plugin v26.1.1 - https:\/\/yoast.com\/wordpress\/plugins\/seo\/ -->\n<title>Eric Hazan (1936-2024), un \u00e9diteur de Paris | Le Grand Continent<\/title>\n<meta name=\"robots\" content=\"index, follow, max-snippet:-1, max-image-preview:large, max-video-preview:-1\" \/>\n<link rel=\"canonical\" href=\"https:\/\/legrandcontinent.eu\/fr\/2024\/06\/06\/eric-hazan\/\" \/>\n<meta property=\"og:locale\" content=\"fr_FR\" \/>\n<meta property=\"og:type\" content=\"article\" \/>\n<meta property=\"og:title\" content=\"Eric Hazan (1936-2024), un \u00e9diteur de Paris | Le Grand Continent\" \/>\n<meta property=\"og:description\" content=\"Le grand \u00e9diteur fran\u00e7ais Eric Hazan vient de s&#039;\u00e9teindre. Dans son travail, il avait fait de Paris le terrain d&#039;une th\u00e9orie critique aussi mordante que pr\u00e9cise. Il y a deux \u00e9t\u00e9s, il nous avait confi\u00e9 ce texte, paru dans une s\u00e9rie con\u00e7ue en partenariat avec Le Visiteur. Cette r\u00e9futation foudroyante de la v\u00e9g\u00e9talisation peut-\u00eatre lue comme l&#039;une de ses derni\u00e8res d\u00e9clarations de guerre et d&#039;amour. Nous la publions de nouveau aujourd&#039;hui.\" \/>\n<meta property=\"og:url\" content=\"https:\/\/legrandcontinent.eu\/fr\/2024\/06\/06\/eric-hazan\/\" \/>\n<meta property=\"og:site_name\" content=\"Le Grand Continent\" \/>\n<meta property=\"article:published_time\" content=\"2024-06-06T10:34:34+00:00\" \/>\n<meta property=\"article:modified_time\" content=\"2024-06-06T17:19:20+00:00\" \/>\n<meta property=\"og:image\" content=\"https:\/\/legrandcontinent.eu\/fr\/wp-content\/uploads\/sites\/2\/2022\/08\/Capture-decran-2024-06-06-a-12.08.26.png\" \/>\n\t<meta property=\"og:image:width\" content=\"950\" \/>\n\t<meta property=\"og:image:height\" content=\"532\" \/>\n\t<meta property=\"og:image:type\" content=\"image\/png\" \/>\n<meta name=\"author\" content=\"Matheo Malik\" \/>\n<meta name=\"twitter:card\" content=\"summary_large_image\" \/>\n<meta name=\"twitter:image\" content=\"https:\/\/legrandcontinent.eu\/fr\/wp-content\/uploads\/sites\/2\/2022\/08\/Capture-decran-2024-06-06-a-12.08.26.png\" \/>\n<meta name=\"twitter:label1\" content=\"\u00c9crit par\" \/>\n\t<meta name=\"twitter:data1\" content=\"Matheo Malik\" \/>\n\t<meta name=\"twitter:label2\" content=\"Dur\u00e9e de lecture estim\u00e9e\" \/>\n\t<meta name=\"twitter:data2\" content=\"5 minutes\" \/>\n<script type=\"application\/ld+json\" class=\"yoast-schema-graph\">{\"@context\":\"https:\/\/schema.org\",\"@graph\":[{\"@type\":\"WebPage\",\"@id\":\"https:\/\/legrandcontinent.eu\/fr\/2024\/06\/06\/eric-hazan\/\",\"url\":\"https:\/\/legrandcontinent.eu\/fr\/2024\/06\/06\/eric-hazan\/\",\"name\":\"Eric Hazan (1936-2024), un \u00e9diteur de Paris | Le Grand Continent\",\"isPartOf\":{\"@id\":\"https:\/\/legrandcontinent.eu\/fr\/#website\"},\"primaryImageOfPage\":{\"@id\":\"https:\/\/legrandcontinent.eu\/fr\/2024\/06\/06\/eric-hazan\/#primaryimage\"},\"image\":{\"@id\":\"https:\/\/legrandcontinent.eu\/fr\/2024\/06\/06\/eric-hazan\/#primaryimage\"},\"thumbnailUrl\":\"https:\/\/legrandcontinent.eu\/fr\/wp-content\/uploads\/sites\/2\/2022\/08\/hazan_portrait1.jpg\",\"datePublished\":\"2024-06-06T10:34:34+00:00\",\"dateModified\":\"2024-06-06T17:19:20+00:00\",\"author\":{\"@id\":\"https:\/\/legrandcontinent.eu\/fr\/#\/schema\/person\/a1c2123a1ef5abd663fcde8f63063d45\"},\"breadcrumb\":{\"@id\":\"https:\/\/legrandcontinent.eu\/fr\/2024\/06\/06\/eric-hazan\/#breadcrumb\"},\"inLanguage\":\"fr-FR\",\"potentialAction\":[{\"@type\":\"ReadAction\",\"target\":[\"https:\/\/legrandcontinent.eu\/fr\/2024\/06\/06\/eric-hazan\/\"]}]},{\"@type\":\"ImageObject\",\"inLanguage\":\"fr-FR\",\"@id\":\"https:\/\/legrandcontinent.eu\/fr\/2024\/06\/06\/eric-hazan\/#primaryimage\",\"url\":\"https:\/\/legrandcontinent.eu\/fr\/wp-content\/uploads\/sites\/2\/2022\/08\/hazan_portrait1.jpg\",\"contentUrl\":\"https:\/\/legrandcontinent.eu\/fr\/wp-content\/uploads\/sites\/2\/2022\/08\/hazan_portrait1.jpg\",\"width\":640,\"height\":360},{\"@type\":\"BreadcrumbList\",\"@id\":\"https:\/\/legrandcontinent.eu\/fr\/2024\/06\/06\/eric-hazan\/#breadcrumb\",\"itemListElement\":[{\"@type\":\"ListItem\",\"position\":1,\"name\":\"Accueil\",\"item\":\"https:\/\/legrandcontinent.eu\/fr\/\"},{\"@type\":\"ListItem\",\"position\":2,\"name\":\"Eric Hazan (1936-2024), un \u00e9diteur de Paris\"}]},{\"@type\":\"WebSite\",\"@id\":\"https:\/\/legrandcontinent.eu\/fr\/#website\",\"url\":\"https:\/\/legrandcontinent.eu\/fr\/\",\"name\":\"Le Grand Continent\",\"description\":\"L&#039;\u00e9chelle pertinente\",\"potentialAction\":[{\"@type\":\"SearchAction\",\"target\":{\"@type\":\"EntryPoint\",\"urlTemplate\":\"https:\/\/legrandcontinent.eu\/fr\/?s={search_term_string}\"},\"query-input\":{\"@type\":\"PropertyValueSpecification\",\"valueRequired\":true,\"valueName\":\"search_term_string\"}}],\"inLanguage\":\"fr-FR\"},{\"@type\":\"Person\",\"@id\":\"https:\/\/legrandcontinent.eu\/fr\/#\/schema\/person\/a1c2123a1ef5abd663fcde8f63063d45\",\"name\":\"Matheo Malik\",\"image\":{\"@type\":\"ImageObject\",\"inLanguage\":\"fr-FR\",\"@id\":\"https:\/\/legrandcontinent.eu\/fr\/#\/schema\/person\/image\/\",\"url\":\"https:\/\/secure.gravatar.com\/avatar\/62cbadb9f7f0804282928747d8d2051d?s=96&d=mm&r=g\",\"contentUrl\":\"https:\/\/secure.gravatar.com\/avatar\/62cbadb9f7f0804282928747d8d2051d?s=96&d=mm&r=g\",\"caption\":\"Matheo Malik\"}}]}<\/script>\n<!-- \/ Yoast SEO plugin. -->","yoast_head_json":{"title":"Eric Hazan (1936-2024), un \u00e9diteur de Paris | Le Grand Continent","robots":{"index":"index","follow":"follow","max-snippet":"max-snippet:-1","max-image-preview":"max-image-preview:large","max-video-preview":"max-video-preview:-1"},"canonical":"https:\/\/legrandcontinent.eu\/fr\/2024\/06\/06\/eric-hazan\/","og_locale":"fr_FR","og_type":"article","og_title":"Eric Hazan (1936-2024), un \u00e9diteur de Paris | Le Grand Continent","og_description":"Le grand \u00e9diteur fran\u00e7ais Eric Hazan vient de s'\u00e9teindre. Dans son travail, il avait fait de Paris le terrain d'une th\u00e9orie critique aussi mordante que pr\u00e9cise. Il y a deux \u00e9t\u00e9s, il nous avait confi\u00e9 ce texte, paru dans une s\u00e9rie con\u00e7ue en partenariat avec Le Visiteur. Cette r\u00e9futation foudroyante de la v\u00e9g\u00e9talisation peut-\u00eatre lue comme l'une de ses derni\u00e8res d\u00e9clarations de guerre et d'amour. Nous la publions de nouveau aujourd'hui.","og_url":"https:\/\/legrandcontinent.eu\/fr\/2024\/06\/06\/eric-hazan\/","og_site_name":"Le Grand Continent","article_published_time":"2024-06-06T10:34:34+00:00","article_modified_time":"2024-06-06T17:19:20+00:00","og_image":[{"width":950,"height":532,"url":"https:\/\/legrandcontinent.eu\/fr\/wp-content\/uploads\/sites\/2\/2022\/08\/Capture-decran-2024-06-06-a-12.08.26.png","type":"image\/png"}],"author":"Matheo Malik","twitter_card":"summary_large_image","twitter_image":"https:\/\/legrandcontinent.eu\/fr\/wp-content\/uploads\/sites\/2\/2022\/08\/Capture-decran-2024-06-06-a-12.08.26.png","twitter_misc":{"\u00c9crit par":"Matheo Malik","Dur\u00e9e de lecture estim\u00e9e":"5 minutes"},"schema":{"@context":"https:\/\/schema.org","@graph":[{"@type":"WebPage","@id":"https:\/\/legrandcontinent.eu\/fr\/2024\/06\/06\/eric-hazan\/","url":"https:\/\/legrandcontinent.eu\/fr\/2024\/06\/06\/eric-hazan\/","name":"Eric Hazan (1936-2024), un \u00e9diteur de Paris | Le Grand Continent","isPartOf":{"@id":"https:\/\/legrandcontinent.eu\/fr\/#website"},"primaryImageOfPage":{"@id":"https:\/\/legrandcontinent.eu\/fr\/2024\/06\/06\/eric-hazan\/#primaryimage"},"image":{"@id":"https:\/\/legrandcontinent.eu\/fr\/2024\/06\/06\/eric-hazan\/#primaryimage"},"thumbnailUrl":"https:\/\/legrandcontinent.eu\/fr\/wp-content\/uploads\/sites\/2\/2022\/08\/hazan_portrait1.jpg","datePublished":"2024-06-06T10:34:34+00:00","dateModified":"2024-06-06T17:19:20+00:00","author":{"@id":"https:\/\/legrandcontinent.eu\/fr\/#\/schema\/person\/a1c2123a1ef5abd663fcde8f63063d45"},"breadcrumb":{"@id":"https:\/\/legrandcontinent.eu\/fr\/2024\/06\/06\/eric-hazan\/#breadcrumb"},"inLanguage":"fr-FR","potentialAction":[{"@type":"ReadAction","target":["https:\/\/legrandcontinent.eu\/fr\/2024\/06\/06\/eric-hazan\/"]}]},{"@type":"ImageObject","inLanguage":"fr-FR","@id":"https:\/\/legrandcontinent.eu\/fr\/2024\/06\/06\/eric-hazan\/#primaryimage","url":"https:\/\/legrandcontinent.eu\/fr\/wp-content\/uploads\/sites\/2\/2022\/08\/hazan_portrait1.jpg","contentUrl":"https:\/\/legrandcontinent.eu\/fr\/wp-content\/uploads\/sites\/2\/2022\/08\/hazan_portrait1.jpg","width":640,"height":360},{"@type":"BreadcrumbList","@id":"https:\/\/legrandcontinent.eu\/fr\/2024\/06\/06\/eric-hazan\/#breadcrumb","itemListElement":[{"@type":"ListItem","position":1,"name":"Accueil","item":"https:\/\/legrandcontinent.eu\/fr\/"},{"@type":"ListItem","position":2,"name":"Eric Hazan (1936-2024), un \u00e9diteur de Paris"}]},{"@type":"WebSite","@id":"https:\/\/legrandcontinent.eu\/fr\/#website","url":"https:\/\/legrandcontinent.eu\/fr\/","name":"Le Grand Continent","description":"L&#039;\u00e9chelle pertinente","potentialAction":[{"@type":"SearchAction","target":{"@type":"EntryPoint","urlTemplate":"https:\/\/legrandcontinent.eu\/fr\/?s={search_term_string}"},"query-input":{"@type":"PropertyValueSpecification","valueRequired":true,"valueName":"search_term_string"}}],"inLanguage":"fr-FR"},{"@type":"Person","@id":"https:\/\/legrandcontinent.eu\/fr\/#\/schema\/person\/a1c2123a1ef5abd663fcde8f63063d45","name":"Matheo Malik","image":{"@type":"ImageObject","inLanguage":"fr-FR","@id":"https:\/\/legrandcontinent.eu\/fr\/#\/schema\/person\/image\/","url":"https:\/\/secure.gravatar.com\/avatar\/62cbadb9f7f0804282928747d8d2051d?s=96&d=mm&r=g","contentUrl":"https:\/\/secure.gravatar.com\/avatar\/62cbadb9f7f0804282928747d8d2051d?s=96&d=mm&r=g","caption":"Matheo Malik"}}]}},"lgc_categories":[{"id":3173,"name":"\u00c9chelles de l'habiter","slug":"echelles-habiter"},{"id":3565,"name":"In Memoriam","slug":"in-memoriam"}],"lgc_author":{"id":3197,"name":"\u00c9ric Hazan","slug":"eric-hazan","description":"Eric Hazan est un grand \u00e9diteur et \u00e9crivain, fondateur de la Fabrique, maison d'\u00e9dition qui publie majoritairement des essais historiques et philosophiques.","first_name":"Eric","last_name":"Hazan","picture":{"url":"https:\/\/legrandcontinent.eu\/fr\/wp-content\/uploads\/sites\/2\/2024\/06\/Unknown-1-2-fotor-2024060616288.png","width":174,"height":174,"alt":""}},"feature_image_summary":{"url":"https:\/\/legrandcontinent.eu\/fr\/wp-content\/uploads\/sites\/2\/2022\/08\/hazan_portrait1.jpg","width":640,"height":360,"alt":""},"feature_image_cover":{"url":"https:\/\/legrandcontinent.eu\/fr\/wp-content\/uploads\/sites\/2\/2022\/08\/hazan_portrait1.jpg","width":640,"height":360,"alt":""},"term_position_data":null,"_links":{"self":[{"href":"https:\/\/legrandcontinent.eu\/fr\/wp-json\/wp\/v2\/posts\/149218","targetHints":{"allow":["GET"]}}],"collection":[{"href":"https:\/\/legrandcontinent.eu\/fr\/wp-json\/wp\/v2\/posts"}],"about":[{"href":"https:\/\/legrandcontinent.eu\/fr\/wp-json\/wp\/v2\/types\/post"}],"author":[{"embeddable":true,"href":"https:\/\/legrandcontinent.eu\/fr\/wp-json\/wp\/v2\/users\/10"}],"replies":[{"embeddable":true,"href":"https:\/\/legrandcontinent.eu\/fr\/wp-json\/wp\/v2\/comments?post=149218"}],"version-history":[{"count":0,"href":"https:\/\/legrandcontinent.eu\/fr\/wp-json\/wp\/v2\/posts\/149218\/revisions"}],"wp:featuredmedia":[{"embeddable":true,"href":"https:\/\/legrandcontinent.eu\/fr\/wp-json\/wp\/v2\/media\/231763"}],"wp:attachment":[{"href":"https:\/\/legrandcontinent.eu\/fr\/wp-json\/wp\/v2\/media?parent=149218"}],"wp:term":[{"taxonomy":"category","embeddable":true,"href":"https:\/\/legrandcontinent.eu\/fr\/wp-json\/wp\/v2\/categories?post=149218"},{"taxonomy":"post_tag","embeddable":true,"href":"https:\/\/legrandcontinent.eu\/fr\/wp-json\/wp\/v2\/tags?post=149218"},{"taxonomy":"staff","embeddable":true,"href":"https:\/\/legrandcontinent.eu\/fr\/wp-json\/wp\/v2\/staff?post=149218"},{"taxonomy":"editorial_format","embeddable":true,"href":"https:\/\/legrandcontinent.eu\/fr\/wp-json\/wp\/v2\/editorial_format?post=149218"},{"taxonomy":"serie","embeddable":true,"href":"https:\/\/legrandcontinent.eu\/fr\/wp-json\/wp\/v2\/serie?post=149218"},{"taxonomy":"audience","embeddable":true,"href":"https:\/\/legrandcontinent.eu\/fr\/wp-json\/wp\/v2\/audience?post=149218"},{"taxonomy":"geo","embeddable":true,"href":"https:\/\/legrandcontinent.eu\/fr\/wp-json\/wp\/v2\/geo?post=149218"}],"curies":[{"name":"wp","href":"https:\/\/api.w.org\/{rel}","templated":true}]}}