{"id":148400,"date":"2022-07-08T17:28:06","date_gmt":"2022-07-08T15:28:06","guid":{"rendered":"https:\/\/legrandcontinent.eu\/fr\/?p=148400"},"modified":"2022-07-11T12:18:03","modified_gmt":"2022-07-11T10:18:03","slug":"visite-du-premier-ministre-de-la-malaisie-en-turquie","status":"publish","type":"post","link":"https:\/\/legrandcontinent.eu\/fr\/2022\/07\/08\/visite-du-premier-ministre-de-la-malaisie-en-turquie\/","title":{"rendered":"Signes de rapprochement entre la Malaisie et la Turquie"},"content":{"rendered":"\n<ul class=\"wp-block-list\"><li>Le Premier ministre malaisien, Ismail Sabri Yaakob, est arriv\u00e9 mercredi 5 juillet en Turquie et y a rencontr\u00e9 le pr\u00e9sident turc, Recep Tayyip Erdogan. Au cours de sa visite, Ismail Sabri Yaakob a rendu visite \u00e0 deux entreprises turques, MKE, une entreprise sp\u00e9cialis\u00e9e dans l\u2019industrie m\u00e9canique et TUSA\u015e, une entreprise d\u2019\u00c9tat port\u00e9e sur l\u2019a\u00e9rospatiale&nbsp;<span class='whitespace-nowrap'><span id='easy-footnote-1-148400' class='easy-footnote-margin-adjust'><\/span><span class='easy-footnote'><a href='https:\/\/legrandcontinent.eu\/fr\/2022\/07\/08\/visite-du-premier-ministre-de-la-malaisie-en-turquie\/#easy-footnote-bottom-1-148400' title='&amp;nbsp;&lt;a href=&quot;https:\/\/www.trtfrancais.com\/actualites\/turquie-le-chef-du-gouvernement-malaisien-visite-deux-entreprises-turques-9477509&quot;&gt;Turquie&amp;#160;: le chef du gouvernement malaisien visite deux entreprises turques&lt;\/a&gt;, TRTfran\u00e7ais, 7 juillet 2022'><sup>1<\/sup><\/a><\/span><\/span>. La Turquie devrait vendre \u00e0 la Malaisie trois dr\u00f4nes Anka-S qui ont servi dans le Nord de la Syrie et en Irak, mais \u00e9galement aux c\u00f4t\u00e9s des dr\u00f4nes Bayraktar TB2 lors de la guerre de 2020 dans le Haut-Karabagh&nbsp;<span class='whitespace-nowrap'><span id='easy-footnote-2-148400' class='easy-footnote-margin-adjust'><\/span><span class='easy-footnote'><a href='https:\/\/legrandcontinent.eu\/fr\/2022\/07\/08\/visite-du-premier-ministre-de-la-malaisie-en-turquie\/#easy-footnote-bottom-2-148400' title='&lt;a href=&quot;https:\/\/ahvalnews.com\/turkey-malaysia\/turkey-eyes-drone-sales-malaysia&quot;&gt;Turkey eyes drone sales to Malaysia&lt;\/a&gt;,, Ahvalnews, 8 juillet 2022'><sup>2<\/sup><\/a><\/span><\/span>.&nbsp;<\/li><\/ul>\n\n\n\n<div class=\"iframe-container wp-block-image wp-block-image-large  iframe-dw\">\n\t<div>\n\t\t<iframe class=\"absolute w-full h-full pin-t pin-l\" title=\"titolo\" aria-label=\"Interactive line chart\" src=\"\/\/datawrapper.dwcdn.net\/UZqL9\/6\/\" scrolling=\"no\" frameborder=\"0\"><\/iframe>\n\t<\/div>\n<\/div>\n\n\n\n<ul class=\"wp-block-list\"><li>La visite du Premier ministre malaisien vise \u00e9galement \u00e0 renforcer les liens \u00e9conomiques entre les deux pays. La Malaisie fait partie des \u00ab&#160;cinq tigres asiatiques&#160;\u00bb&nbsp;<span class='whitespace-nowrap'><span id='easy-footnote-3-148400' class='easy-footnote-margin-adjust'><\/span><span class='easy-footnote'><a href='https:\/\/legrandcontinent.eu\/fr\/2022\/07\/08\/visite-du-premier-ministre-de-la-malaisie-en-turquie\/#easy-footnote-bottom-3-148400' title='&amp;nbsp;Dans les ann\u00e9es 1980-1990, on parlait plus souvent des dragons asiatiques \u2014 Hong-Kong, Ta\u00efwan, Cor\u00e9e du Sud et Singapour \u2014 qui sont aujourd\u2019hui des pays d\u00e9velopp\u00e9s selon l\u2019Indice de d\u00e9veloppement humain (IDH) des Nations Unies.&amp;nbsp;'><sup>3<\/sup><\/a><\/span><\/span> &#8211; Malaisie, Tha\u00eflande, Indon\u00e9sie, Vietnam, Philippines &#8211; qui connaissent un rapide d\u00e9veloppement \u00e9conomique depuis le d\u00e9but des ann\u00e9es 2000. La Turquie est le troisi\u00e8me partenaire commercial au Moyen-Orient de la Malaisie, derri\u00e8re l\u2019Arabie Saoudite et les \u00c9mirats arabes unis&nbsp;<span class='whitespace-nowrap'><span id='easy-footnote-4-148400' class='easy-footnote-margin-adjust'><\/span><span class='easy-footnote'><a href='https:\/\/legrandcontinent.eu\/fr\/2022\/07\/08\/visite-du-premier-ministre-de-la-malaisie-en-turquie\/#easy-footnote-bottom-4-148400' title='&lt;a href=&quot;https:\/\/www.malaymail.com\/news\/malaysia\/2022\/07\/05\/pm-arrives-in-turkey-for-four-day-visit\/15840&quot;&gt;PM arrives in Turkey for four-day visitl&lt;\/a&gt;, Malay Mail, 5 juillet 2022'><sup>4<\/sup><\/a><\/span><\/span>. Dans une d\u00e9claration commune, le pr\u00e9sident turc et le Premier ministre malaisien se sont f\u00e9licit\u00e9s mutuellement pour le renforcement en 2021 du commerce bilat\u00e9ral entre leurs deux pays qui a d\u00e9pass\u00e9 les 3,5 milliards de dollars, malgr\u00e9 la pand\u00e9mie de Covid-19, et qui devrait d\u00e9passer les 5 milliards de dollars avant 2024&nbsp;<span class='whitespace-nowrap'><span id='easy-footnote-5-148400' class='easy-footnote-margin-adjust'><\/span><span class='easy-footnote'><a href='https:\/\/legrandcontinent.eu\/fr\/2022\/07\/08\/visite-du-premier-ministre-de-la-malaisie-en-turquie\/#easy-footnote-bottom-5-148400' title='&amp;nbsp;&lt;a href=&quot;https:\/\/www.tccb.gov.tr\/en\/news\/542\/138696\/-we-have-decided-to-elevate-the-turkiye-malaysia-relations-to-the-level-of-comprehensive-strategic-partnership-&quot;&gt;Presidency Of The Republic Of Turkey&amp;#160;: \u201cWe have decided to elevate the T\u00fcrkiye-Malaysia relations to the level of comprehensive strategic partnership\u201d&lt;\/a&gt;, 7 juillet 2022'><sup>5<\/sup><\/a><\/span><\/span>.<\/li><\/ul>\n\n\n\n<div class=\"iframe-container wp-block-image wp-block-image-large  iframe-dw\">\n\t<div>\n\t\t<iframe class=\"absolute w-full h-full pin-t pin-l\" title=\"titolo\" aria-label=\"Interactive line chart\" src=\"\/\/datawrapper.dwcdn.net\/UnAoY\/2\/\" scrolling=\"no\" frameborder=\"0\"><\/iframe>\n\t<\/div>\n<\/div>\n\n\n\n<ul class=\"wp-block-list\"><li>Le pr\u00e9sident Erdogan a \u00e9galement soulign\u00e9 que les deux pays allaient accro\u00eetre leur coop\u00e9ration dans le domaine de la sant\u00e9, notamment afin d\u2019exporter vers la Malaisie le vaccin Turcovac&nbsp;<span class='whitespace-nowrap'><span id='easy-footnote-6-148400' class='easy-footnote-margin-adjust'><\/span><span class='easy-footnote'><a href='https:\/\/legrandcontinent.eu\/fr\/2022\/07\/08\/visite-du-premier-ministre-de-la-malaisie-en-turquie\/#easy-footnote-bottom-6-148400' title='&amp;nbsp;&lt;a href=&quot;https:\/\/www.aa.com.tr\/fr\/turkiye\/erdogan-nous-travaillons-avec-la-malaisie-pour-lusage-dans-ce-pays-de-notre-vaccin-turcovac-\/2632552&quot;&gt;Erdogan&amp;#160;: \u00ab&amp;#160;Nous travaillons avec la Malaisie pour l&amp;rsquo;usage, dans ce pays, de notre vaccin TURCOVAC&amp;#160;\u00bb&lt;\/a&gt;, AATR, 7 juillet 2022'><sup>6<\/sup><\/a><\/span><\/span>. Il a aussi plaid\u00e9 pour un renforcement des liens entre les deux pays au sein des organisations internationales comme l\u2019ONU, l\u2019Organisation de Coop\u00e9ration Islamique (OCI) ou encore le forum D8, une organisation visant \u00e0 am\u00e9liorer la coop\u00e9ration \u00e9conomique entre les huit pays musulmans les plus peupl\u00e9s dans le monde&nbsp;<span class='whitespace-nowrap'><span id='easy-footnote-7-148400' class='easy-footnote-margin-adjust'><\/span><span class='easy-footnote'><a href='https:\/\/legrandcontinent.eu\/fr\/2022\/07\/08\/visite-du-premier-ministre-de-la-malaisie-en-turquie\/#easy-footnote-bottom-7-148400' title='Ibid'><sup>7<\/sup><\/a><\/span><\/span>.&nbsp;<\/li><\/ul>\n\n\n\n<div class=\"iframe-container wp-block-image wp-block-image-large  iframe-dw\">\n\t<div>\n\t\t<iframe class=\"absolute w-full h-full pin-t pin-l\" title=\"titolo\" aria-label=\"Interactive line chart\" src=\"\/\/datawrapper.dwcdn.net\/gVta9\/3\/\" scrolling=\"no\" frameborder=\"0\"><\/iframe>\n\t<\/div>\n<\/div>\n\n\n\n<ul class=\"wp-block-list\"><li>La Turquie conna\u00eet aujourd\u2019hui une inflation record de 78,6&#160;%, contrastant avec la faible inflation en Malaisie \u2014 une des plus faibles au monde \u2014 qui n\u2019est que de 2,8&#160;% actuellement. Le gouvernement malaisien, \u00e0 travers la voix du ministre de l\u2019information et de la communication, Annuar Musa, s\u2019est dit fier de cette performance et a attribu\u00e9 celle-ci aux mesures de contr\u00f4le des prix mis en place par le gouvernement&nbsp;<span class='whitespace-nowrap'><span id='easy-footnote-8-148400' class='easy-footnote-margin-adjust'><\/span><span class='easy-footnote'><a href='https:\/\/legrandcontinent.eu\/fr\/2022\/07\/08\/visite-du-premier-ministre-de-la-malaisie-en-turquie\/#easy-footnote-bottom-8-148400' title='&lt;a href=&quot;https:\/\/www.thestar.com.my\/news\/nation\/2022\/06\/30\/malaysia039s-inflation-rate-among-lowest-in-the-world-says-annuar-musa#.Yr5RHgZbNBQ.twitter&quot;&gt;Malaysia&amp;rsquo;s inflation rate among lowest in the world, says Annuar Musa&lt;\/a&gt;, The Star, 30 juin 2022'><sup>8<\/sup><\/a><\/span><\/span>.<\/li><\/ul>\n\n\n\n<div class=\"iframe-container wp-block-image wp-block-image-large  iframe-dw\">\n\t<div>\n\t\t<iframe class=\"absolute w-full h-full pin-t pin-l\" title=\"titolo\" aria-label=\"Interactive line chart\" src=\"\/\/datawrapper.dwcdn.net\/q2eVv\/6\/\" scrolling=\"no\" frameborder=\"0\"><\/iframe>\n\t<\/div>\n<\/div>\n\n\n\n<ul class=\"wp-block-list\"><li>Sur le plan diplomatique, <a href=\"https:\/\/legrandcontinent.eu\/fr\/2022\/07\/06\/la-turquie-maintient-sa-pression-vis-a-vis-de-ladhesion-de-la-suede-et-de-la-finlande-a-lotan\/\">la Turquie maintient sa pression sur la Su\u00e8de et la Finlande en mena\u00e7ant de ne pas ratifier le trait\u00e9 garantissant leur adh\u00e9sion \u00e0 l\u2019OTAN des deux pays<\/a>. N\u00e9anmoins la Turquie est de plus en plus critiqu\u00e9e par l\u2019Ukraine pour ses relations avec la Turquie, notamment apr\u00e8s qu\u2019Ankara a achet\u00e9 des cargaisons de bl\u00e9 ukrainien vol\u00e9 \u00e0 la Russie&nbsp;<span class='whitespace-nowrap'><span id='easy-footnote-9-148400' class='easy-footnote-margin-adjust'><\/span><span class='easy-footnote'><a href='https:\/\/legrandcontinent.eu\/fr\/2022\/07\/08\/visite-du-premier-ministre-de-la-malaisie-en-turquie\/#easy-footnote-bottom-9-148400' title='&lt;a href=&quot;https:\/\/www.al-monitor.com\/originals\/2022\/07\/ukraines-turkey-ambassador-strategic-ties-intact-public-unhappy-over-turkish&quot;&gt;Ukraine\u2019s Turkey ambassador&amp;#160;: strategic ties intact but public unhappy over Turkish stance on Russia&lt;\/a&gt;, Al-Monitor, 7 juillet 2022'><sup>9<\/sup><\/a><\/span><\/span>. La Malaisie essaie \u00e9galement de maintenir un \u00e9quilibre diplomatique et a condamn\u00e9 le 2 mars \u00e0 l\u2019assembl\u00e9e g\u00e9n\u00e9rale de l\u2019ONU l\u2019agression militaire russe, mais n\u2019a pas pris de sanctions contre Moscou \u2014 une position similaire \u00e0 celle adopt\u00e9e par la Turquie&nbsp;<span class='whitespace-nowrap'><span id='easy-footnote-10-148400' class='easy-footnote-margin-adjust'><\/span><span class='easy-footnote'><a href='https:\/\/legrandcontinent.eu\/fr\/2022\/07\/08\/visite-du-premier-ministre-de-la-malaisie-en-turquie\/#easy-footnote-bottom-10-148400' title='&lt;a href=&quot;https:\/\/thediplomat.com\/2022\/04\/how-should-malaysia-react-to-the-russia-ukraine-conflict\/&quot;&gt;How Should Malaysia React to the Russia-Ukraine Conflict&amp;#160;?&lt;\/a&gt;, The Diplomat, 4 avril 2022'><sup>10<\/sup><\/a><\/span><\/span>.<\/li><\/ul>\n","protected":false},"excerpt":{"rendered":"<p>Le Premier ministre malaisien, Ismail Sabri Yaakob, s\u2019est rendu le 5 juillet \u00e0 Ankara pour une visite officielle de quatre jours symbolisant l\u2019activisme diplomatique de la Turquie en Asie.<\/p>\n","protected":false},"author":1971,"featured_media":148401,"comment_status":"open","ping_status":"open","sticky":false,"template":"templates\/post-briefings.php","format":"standard","meta":{"_acf_changed":false,"_trash_the_other_posts":false,"_yoast_wpseo_estimated-reading-time-minutes":4,"footnotes":""},"categories":[1731],"tags":[],"staff":[],"editorial_format":[],"serie":[],"audience":[],"geo":[543],"class_list":["post-148400","post","type-post","status-publish","format-standard","hentry","category-politique","geo-mediterranee"],"acf":{"open_in_webview":false,"accent":false},"yoast_head":"<!-- This site is optimized with the Yoast SEO plugin v26.1.1 - https:\/\/yoast.com\/wordpress\/plugins\/seo\/ -->\n<title>Signes de rapprochement entre la Malaisie et la Turquie | Le Grand Continent<\/title>\n<meta name=\"robots\" content=\"index, follow, max-snippet:-1, max-image-preview:large, max-video-preview:-1\" \/>\n<link rel=\"canonical\" href=\"https:\/\/legrandcontinent.eu\/fr\/2022\/07\/08\/visite-du-premier-ministre-de-la-malaisie-en-turquie\/\" \/>\n<meta property=\"og:locale\" content=\"fr_FR\" \/>\n<meta property=\"og:type\" content=\"article\" \/>\n<meta property=\"og:title\" content=\"Signes de rapprochement entre la Malaisie et la Turquie | Le Grand Continent\" \/>\n<meta property=\"og:description\" content=\"Le Premier ministre malaisien, Ismail Sabri Yaakob, s\u2019est rendu le 5 juillet \u00e0 Ankara pour une visite officielle de quatre jours symbolisant l\u2019activisme diplomatique de la Turquie en Asie.\" \/>\n<meta property=\"og:url\" content=\"https:\/\/legrandcontinent.eu\/fr\/2022\/07\/08\/visite-du-premier-ministre-de-la-malaisie-en-turquie\/\" \/>\n<meta property=\"og:site_name\" content=\"Le Grand Continent\" \/>\n<meta property=\"article:published_time\" content=\"2022-07-08T15:28:06+00:00\" \/>\n<meta property=\"article:modified_time\" content=\"2022-07-11T10:18:03+00:00\" \/>\n<meta property=\"og:image\" content=\"https:\/\/legrandcontinent.eu\/fr\/wp-content\/uploads\/sites\/2\/2022\/07\/GC-malaisie.jpg\" \/>\n\t<meta property=\"og:image:width\" content=\"1919\" \/>\n\t<meta property=\"og:image:height\" content=\"1075\" \/>\n\t<meta property=\"og:image:type\" content=\"image\/jpeg\" \/>\n<meta name=\"author\" content=\"antoinecrouzet\" \/>\n<meta name=\"twitter:card\" content=\"summary_large_image\" \/>\n<meta name=\"twitter:image\" content=\"https:\/\/legrandcontinent.eu\/fr\/wp-content\/uploads\/sites\/2\/2022\/07\/GC-malaisie.jpg\" \/>\n<meta name=\"twitter:label1\" content=\"\u00c9crit par\" \/>\n\t<meta name=\"twitter:data1\" content=\"antoinecrouzet\" \/>\n\t<meta name=\"twitter:label2\" content=\"Dur\u00e9e de lecture estim\u00e9e\" \/>\n\t<meta name=\"twitter:data2\" content=\"4 minutes\" \/>\n<script type=\"application\/ld+json\" class=\"yoast-schema-graph\">{\"@context\":\"https:\/\/schema.org\",\"@graph\":[{\"@type\":\"WebPage\",\"@id\":\"https:\/\/legrandcontinent.eu\/fr\/2022\/07\/08\/visite-du-premier-ministre-de-la-malaisie-en-turquie\/\",\"url\":\"https:\/\/legrandcontinent.eu\/fr\/2022\/07\/08\/visite-du-premier-ministre-de-la-malaisie-en-turquie\/\",\"name\":\"Signes de rapprochement entre la Malaisie et la Turquie | Le Grand Continent\",\"isPartOf\":{\"@id\":\"https:\/\/legrandcontinent.eu\/fr\/#website\"},\"primaryImageOfPage\":{\"@id\":\"https:\/\/legrandcontinent.eu\/fr\/2022\/07\/08\/visite-du-premier-ministre-de-la-malaisie-en-turquie\/#primaryimage\"},\"image\":{\"@id\":\"https:\/\/legrandcontinent.eu\/fr\/2022\/07\/08\/visite-du-premier-ministre-de-la-malaisie-en-turquie\/#primaryimage\"},\"thumbnailUrl\":\"https:\/\/legrandcontinent.eu\/fr\/wp-content\/uploads\/sites\/2\/2022\/07\/SIPA_AP22697382_000001-scaled.jpg\",\"datePublished\":\"2022-07-08T15:28:06+00:00\",\"dateModified\":\"2022-07-11T10:18:03+00:00\",\"author\":{\"@id\":\"https:\/\/legrandcontinent.eu\/fr\/#\/schema\/person\/ee462dd0600baa2d22814bab6037fcff\"},\"breadcrumb\":{\"@id\":\"https:\/\/legrandcontinent.eu\/fr\/2022\/07\/08\/visite-du-premier-ministre-de-la-malaisie-en-turquie\/#breadcrumb\"},\"inLanguage\":\"fr-FR\",\"potentialAction\":[{\"@type\":\"ReadAction\",\"target\":[\"https:\/\/legrandcontinent.eu\/fr\/2022\/07\/08\/visite-du-premier-ministre-de-la-malaisie-en-turquie\/\"]}]},{\"@type\":\"ImageObject\",\"inLanguage\":\"fr-FR\",\"@id\":\"https:\/\/legrandcontinent.eu\/fr\/2022\/07\/08\/visite-du-premier-ministre-de-la-malaisie-en-turquie\/#primaryimage\",\"url\":\"https:\/\/legrandcontinent.eu\/fr\/wp-content\/uploads\/sites\/2\/2022\/07\/SIPA_AP22697382_000001-scaled.jpg\",\"contentUrl\":\"https:\/\/legrandcontinent.eu\/fr\/wp-content\/uploads\/sites\/2\/2022\/07\/SIPA_AP22697382_000001-scaled.jpg\",\"width\":2560,\"height\":1824,\"caption\":\"Turkey's President Recep Tayyip Erdogan, left, and Ismail Sabri Yaakob, Malaysia's Prime Minister, review an honor guard at the Presidential Palace in Ankara, Turkey, Thursday, July 7, 2022.(AP Photo\/Burhan Ozbilici)\/ANK102\/22188409209450\/\/2207071326\"},{\"@type\":\"BreadcrumbList\",\"@id\":\"https:\/\/legrandcontinent.eu\/fr\/2022\/07\/08\/visite-du-premier-ministre-de-la-malaisie-en-turquie\/#breadcrumb\",\"itemListElement\":[{\"@type\":\"ListItem\",\"position\":1,\"name\":\"Accueil\",\"item\":\"https:\/\/legrandcontinent.eu\/fr\/\"},{\"@type\":\"ListItem\",\"position\":2,\"name\":\"Signes de rapprochement entre la Malaisie et la Turquie\"}]},{\"@type\":\"WebSite\",\"@id\":\"https:\/\/legrandcontinent.eu\/fr\/#website\",\"url\":\"https:\/\/legrandcontinent.eu\/fr\/\",\"name\":\"Le Grand Continent\",\"description\":\"L&#039;\u00e9chelle pertinente\",\"potentialAction\":[{\"@type\":\"SearchAction\",\"target\":{\"@type\":\"EntryPoint\",\"urlTemplate\":\"https:\/\/legrandcontinent.eu\/fr\/?s={search_term_string}\"},\"query-input\":{\"@type\":\"PropertyValueSpecification\",\"valueRequired\":true,\"valueName\":\"search_term_string\"}}],\"inLanguage\":\"fr-FR\"},{\"@type\":\"Person\",\"@id\":\"https:\/\/legrandcontinent.eu\/fr\/#\/schema\/person\/ee462dd0600baa2d22814bab6037fcff\",\"name\":\"antoinecrouzet\",\"image\":{\"@type\":\"ImageObject\",\"inLanguage\":\"fr-FR\",\"@id\":\"https:\/\/legrandcontinent.eu\/fr\/#\/schema\/person\/image\/\",\"url\":\"https:\/\/secure.gravatar.com\/avatar\/329b17fa4fbf90afa92f6cb149268531?s=96&d=mm&r=g\",\"contentUrl\":\"https:\/\/secure.gravatar.com\/avatar\/329b17fa4fbf90afa92f6cb149268531?s=96&d=mm&r=g\",\"caption\":\"antoinecrouzet\"}}]}<\/script>\n<!-- \/ Yoast SEO plugin. -->","yoast_head_json":{"title":"Signes de rapprochement entre la Malaisie et la Turquie | Le Grand Continent","robots":{"index":"index","follow":"follow","max-snippet":"max-snippet:-1","max-image-preview":"max-image-preview:large","max-video-preview":"max-video-preview:-1"},"canonical":"https:\/\/legrandcontinent.eu\/fr\/2022\/07\/08\/visite-du-premier-ministre-de-la-malaisie-en-turquie\/","og_locale":"fr_FR","og_type":"article","og_title":"Signes de rapprochement entre la Malaisie et la Turquie | Le Grand Continent","og_description":"Le Premier ministre malaisien, Ismail Sabri Yaakob, s\u2019est rendu le 5 juillet \u00e0 Ankara pour une visite officielle de quatre jours symbolisant l\u2019activisme diplomatique de la Turquie en Asie.","og_url":"https:\/\/legrandcontinent.eu\/fr\/2022\/07\/08\/visite-du-premier-ministre-de-la-malaisie-en-turquie\/","og_site_name":"Le Grand Continent","article_published_time":"2022-07-08T15:28:06+00:00","article_modified_time":"2022-07-11T10:18:03+00:00","og_image":[{"width":1919,"height":1075,"url":"https:\/\/legrandcontinent.eu\/fr\/wp-content\/uploads\/sites\/2\/2022\/07\/GC-malaisie.jpg","type":"image\/jpeg"}],"author":"antoinecrouzet","twitter_card":"summary_large_image","twitter_image":"https:\/\/legrandcontinent.eu\/fr\/wp-content\/uploads\/sites\/2\/2022\/07\/GC-malaisie.jpg","twitter_misc":{"\u00c9crit par":"antoinecrouzet","Dur\u00e9e de lecture estim\u00e9e":"4 minutes"},"schema":{"@context":"https:\/\/schema.org","@graph":[{"@type":"WebPage","@id":"https:\/\/legrandcontinent.eu\/fr\/2022\/07\/08\/visite-du-premier-ministre-de-la-malaisie-en-turquie\/","url":"https:\/\/legrandcontinent.eu\/fr\/2022\/07\/08\/visite-du-premier-ministre-de-la-malaisie-en-turquie\/","name":"Signes de rapprochement entre la Malaisie et la Turquie | Le Grand Continent","isPartOf":{"@id":"https:\/\/legrandcontinent.eu\/fr\/#website"},"primaryImageOfPage":{"@id":"https:\/\/legrandcontinent.eu\/fr\/2022\/07\/08\/visite-du-premier-ministre-de-la-malaisie-en-turquie\/#primaryimage"},"image":{"@id":"https:\/\/legrandcontinent.eu\/fr\/2022\/07\/08\/visite-du-premier-ministre-de-la-malaisie-en-turquie\/#primaryimage"},"thumbnailUrl":"https:\/\/legrandcontinent.eu\/fr\/wp-content\/uploads\/sites\/2\/2022\/07\/SIPA_AP22697382_000001-scaled.jpg","datePublished":"2022-07-08T15:28:06+00:00","dateModified":"2022-07-11T10:18:03+00:00","author":{"@id":"https:\/\/legrandcontinent.eu\/fr\/#\/schema\/person\/ee462dd0600baa2d22814bab6037fcff"},"breadcrumb":{"@id":"https:\/\/legrandcontinent.eu\/fr\/2022\/07\/08\/visite-du-premier-ministre-de-la-malaisie-en-turquie\/#breadcrumb"},"inLanguage":"fr-FR","potentialAction":[{"@type":"ReadAction","target":["https:\/\/legrandcontinent.eu\/fr\/2022\/07\/08\/visite-du-premier-ministre-de-la-malaisie-en-turquie\/"]}]},{"@type":"ImageObject","inLanguage":"fr-FR","@id":"https:\/\/legrandcontinent.eu\/fr\/2022\/07\/08\/visite-du-premier-ministre-de-la-malaisie-en-turquie\/#primaryimage","url":"https:\/\/legrandcontinent.eu\/fr\/wp-content\/uploads\/sites\/2\/2022\/07\/SIPA_AP22697382_000001-scaled.jpg","contentUrl":"https:\/\/legrandcontinent.eu\/fr\/wp-content\/uploads\/sites\/2\/2022\/07\/SIPA_AP22697382_000001-scaled.jpg","width":2560,"height":1824,"caption":"Turkey's President Recep Tayyip Erdogan, left, and Ismail Sabri Yaakob, Malaysia's Prime Minister, review an honor guard at the Presidential Palace in Ankara, Turkey, Thursday, July 7, 2022.(AP Photo\/Burhan Ozbilici)\/ANK102\/22188409209450\/\/2207071326"},{"@type":"BreadcrumbList","@id":"https:\/\/legrandcontinent.eu\/fr\/2022\/07\/08\/visite-du-premier-ministre-de-la-malaisie-en-turquie\/#breadcrumb","itemListElement":[{"@type":"ListItem","position":1,"name":"Accueil","item":"https:\/\/legrandcontinent.eu\/fr\/"},{"@type":"ListItem","position":2,"name":"Signes de rapprochement entre la Malaisie et la Turquie"}]},{"@type":"WebSite","@id":"https:\/\/legrandcontinent.eu\/fr\/#website","url":"https:\/\/legrandcontinent.eu\/fr\/","name":"Le Grand Continent","description":"L&#039;\u00e9chelle pertinente","potentialAction":[{"@type":"SearchAction","target":{"@type":"EntryPoint","urlTemplate":"https:\/\/legrandcontinent.eu\/fr\/?s={search_term_string}"},"query-input":{"@type":"PropertyValueSpecification","valueRequired":true,"valueName":"search_term_string"}}],"inLanguage":"fr-FR"},{"@type":"Person","@id":"https:\/\/legrandcontinent.eu\/fr\/#\/schema\/person\/ee462dd0600baa2d22814bab6037fcff","name":"antoinecrouzet","image":{"@type":"ImageObject","inLanguage":"fr-FR","@id":"https:\/\/legrandcontinent.eu\/fr\/#\/schema\/person\/image\/","url":"https:\/\/secure.gravatar.com\/avatar\/329b17fa4fbf90afa92f6cb149268531?s=96&d=mm&r=g","contentUrl":"https:\/\/secure.gravatar.com\/avatar\/329b17fa4fbf90afa92f6cb149268531?s=96&d=mm&r=g","caption":"antoinecrouzet"}}]}},"lgc_categories":[{"id":1731,"name":"Politique","slug":"politique"}],"lgc_author":null,"feature_image_summary":{"url":"https:\/\/legrandcontinent.eu\/fr\/wp-content\/uploads\/sites\/2\/2022\/07\/SIPA_AP22697382_000001-scaled.jpg","width":2560,"height":1824,"alt":""},"feature_image_cover":null,"term_position_data":null,"_links":{"self":[{"href":"https:\/\/legrandcontinent.eu\/fr\/wp-json\/wp\/v2\/posts\/148400","targetHints":{"allow":["GET"]}}],"collection":[{"href":"https:\/\/legrandcontinent.eu\/fr\/wp-json\/wp\/v2\/posts"}],"about":[{"href":"https:\/\/legrandcontinent.eu\/fr\/wp-json\/wp\/v2\/types\/post"}],"author":[{"embeddable":true,"href":"https:\/\/legrandcontinent.eu\/fr\/wp-json\/wp\/v2\/users\/1971"}],"replies":[{"embeddable":true,"href":"https:\/\/legrandcontinent.eu\/fr\/wp-json\/wp\/v2\/comments?post=148400"}],"version-history":[{"count":0,"href":"https:\/\/legrandcontinent.eu\/fr\/wp-json\/wp\/v2\/posts\/148400\/revisions"}],"wp:featuredmedia":[{"embeddable":true,"href":"https:\/\/legrandcontinent.eu\/fr\/wp-json\/wp\/v2\/media\/148401"}],"wp:attachment":[{"href":"https:\/\/legrandcontinent.eu\/fr\/wp-json\/wp\/v2\/media?parent=148400"}],"wp:term":[{"taxonomy":"category","embeddable":true,"href":"https:\/\/legrandcontinent.eu\/fr\/wp-json\/wp\/v2\/categories?post=148400"},{"taxonomy":"post_tag","embeddable":true,"href":"https:\/\/legrandcontinent.eu\/fr\/wp-json\/wp\/v2\/tags?post=148400"},{"taxonomy":"staff","embeddable":true,"href":"https:\/\/legrandcontinent.eu\/fr\/wp-json\/wp\/v2\/staff?post=148400"},{"taxonomy":"editorial_format","embeddable":true,"href":"https:\/\/legrandcontinent.eu\/fr\/wp-json\/wp\/v2\/editorial_format?post=148400"},{"taxonomy":"serie","embeddable":true,"href":"https:\/\/legrandcontinent.eu\/fr\/wp-json\/wp\/v2\/serie?post=148400"},{"taxonomy":"audience","embeddable":true,"href":"https:\/\/legrandcontinent.eu\/fr\/wp-json\/wp\/v2\/audience?post=148400"},{"taxonomy":"geo","embeddable":true,"href":"https:\/\/legrandcontinent.eu\/fr\/wp-json\/wp\/v2\/geo?post=148400"}],"curies":[{"name":"wp","href":"https:\/\/api.w.org\/{rel}","templated":true}]}}