{"id":148229,"date":"2022-07-07T16:52:50","date_gmt":"2022-07-07T14:52:50","guid":{"rendered":"https:\/\/legrandcontinent.eu\/fr\/?p=148229"},"modified":"2023-09-08T16:06:40","modified_gmt":"2023-09-08T14:06:40","slug":"la-presence-de-lavrov-au-g20-cree-un-sommet-a-deux-vitesses","status":"publish","type":"post","link":"https:\/\/legrandcontinent.eu\/fr\/2022\/07\/07\/la-presence-de-lavrov-au-g20-cree-un-sommet-a-deux-vitesses\/","title":{"rendered":"La pr\u00e9sence de Lavrov au G20 cr\u00e9e un Sommet \u00e0 deux vitesses"},"content":{"rendered":"\n<ul class=\"wp-block-list\"><li>Aujourd\u2019hui s\u2019ouvre \u00e0 Bali, en Indon\u00e9sie, un Sommet de deux jours rassemblant les ministres des Affaires \u00e9trang\u00e8res des pays membres du G20. Alors que la guerre men\u00e9e par la Russie contre l\u2019Ukraine continue, rythm\u00e9e par la mise au jour de crimes de guerre commis par l\u2019arm\u00e9e russe, la pr\u00e9sence de Sergue\u00ef Lavrov \u00e0 un sommet international soul\u00e8ve quelques questions.<\/li><\/ul>\n\n\n\n<div class=\"iframe-container wp-block-image wp-block-image-large  iframe-dw\">\n\t<div>\n\t\t<iframe class=\"absolute w-full h-full pin-t pin-l\" title=\"titolo\" aria-label=\"Interactive line chart\" src=\"\/\/datawrapper.dwcdn.net\/RUIoQ\/2\/\" scrolling=\"no\" frameborder=\"0\"><\/iframe>\n\t<\/div>\n<\/div>\n\n\n\n<ul class=\"wp-block-list\"><li>La semaine derni\u00e8re le conseiller de Poutine, Yuri Ushakov, confirmait \u00e0 l\u2019agence de presse <em>Tass <\/em>que le pr\u00e9sident russe allait lui aussi participer au Sommet qui r\u00e9unira les chefs d\u2019\u00c9tat du G20 en novembre prochain&nbsp;<span class='whitespace-nowrap'><span id='easy-footnote-1-148229' class='easy-footnote-margin-adjust'><\/span><span class='easy-footnote'><a href='https:\/\/legrandcontinent.eu\/fr\/2022\/07\/07\/la-presence-de-lavrov-au-g20-cree-un-sommet-a-deux-vitesses\/#easy-footnote-bottom-1-148229' title='\u00ab&amp;#160;&lt;a href=&quot;https:\/\/tass.com\/politics\/1472071&quot;&gt;Moscow confirms Putin\u2019s participation in G20 summit, details are being finalized \u2014 Kremlin&lt;\/a&gt;&amp;#160;\u00bb, &lt;em&gt;Tass&lt;\/em&gt;, 27 juin 2022.'><sup>1<\/sup><\/a><\/span><\/span>. Il a toutefois pr\u00e9cis\u00e9 qu\u2019il pourrait \u00eatre pr\u00e9sent uniquement en visioconf\u00e9rence en fonction de la \u00ab&#160;situation globale, en tenant compte de la situation sanitaire et \u00e9pid\u00e9miologique en Asie du Sud-Est&#160;\u00bb, comme l\u2019a \u00e9t\u00e9 relay\u00e9 par l\u2019agence de propagande chinoise <em>Xinhua<\/em>&nbsp;<span class='whitespace-nowrap'><span id='easy-footnote-2-148229' class='easy-footnote-margin-adjust'><\/span><span class='easy-footnote'><a href='https:\/\/legrandcontinent.eu\/fr\/2022\/07\/07\/la-presence-de-lavrov-au-g20-cree-un-sommet-a-deux-vitesses\/#easy-footnote-bottom-2-148229' title='\u00ab&amp;#160;&lt;a href=&quot;https:\/\/english.news.cn\/20220706\/c227a4e45f374e00ba0216cb121bbe7f\/c.html&quot;&gt;Putin intends to attend G20 summit&lt;\/a&gt;&amp;#160;\u00bb, &lt;em&gt;Xinhua&lt;\/em&gt;, 6 juillet 2022.'><sup>2<\/sup><\/a><\/span><\/span>.<\/li><\/ul>\n\n\n\n<ul class=\"wp-block-list\"><li>Il est rare que Lavrov et Poutine se d\u00e9placent \u00e0 l\u2019\u00e9tranger depuis le d\u00e9but de la guerre, principalement en raison de la pression internationale qui p\u00e8se sur le Kremlin en r\u00e9ponse \u00e0 la guerre ill\u00e9gale que m\u00e8ne la Russie. La semaine derni\u00e8re, <a href=\"https:\/\/legrandcontinent.eu\/fr\/2022\/06\/28\/vladimir-poutine-se-rend-au-tadjikistan-pour-son-premier-deplacement-a-letranger-depuis-le-debut-de-la-guerre\/#:~:text=Livres-,Vladimir%20Poutine%20se%20rend%20au%20Tadjikistan%20pour%20son%20premier%20d%C3%A9placement,le%20d%C3%A9but%20de%20la%20guerre&amp;text=Aujourd'hui%2C%20mardi%2028%20juin,son%20homologue%20tadjik%2C%20Emomali%20Rahmon.\">pour la premi\u00e8re fois depuis le 24 f\u00e9vrier, Poutine s\u2019est rendu au Tadjikistan<\/a> afin d\u2019y rencontrer son homologue, Emomali Rahmon, avant d\u2019assister au Sommet des nations de la Caspienne, au Turkm\u00e9nistan. Le voyage de Poutine r\u00e9pondait alors \u00e0 deux objectifs&#160;: rassurer les leaders des r\u00e9publiques d\u2019Asie centrale sur les objectifs du Kremlin, et s\u2019assurer du soutien de ces derniers, alors que la pression occidentale continue \u00e0 se raffermir autour de la Russie.<\/li><\/ul>\n\n\n\n<div class=\"iframe-container wp-block-image wp-block-image-large  iframe-dw\">\n\t<div>\n\t\t<iframe class=\"absolute w-full h-full pin-t pin-l\" title=\"titolo\" aria-label=\"Interactive line chart\" src=\"\/\/datawrapper.dwcdn.net\/PztGM\/4\/\" scrolling=\"no\" frameborder=\"0\"><\/iframe>\n\t<\/div>\n<\/div>\n\n\n\n<ul class=\"wp-block-list\"><li>En avril dernier, le Royaume-Uni, les \u00c9tats-Unis et le Canada avaient quitt\u00e9 une r\u00e9union du G20 afin de protester contre les cons\u00e9quences \u00e9conomiques mondiales caus\u00e9es par la guerre en Ukraine, qui conduisent notamment \u00e0 une explosion des taux d&rsquo;inflation. Dans un rapport sorti aujourd\u2019hui, le Programme des Nations unies pour le d\u00e9veloppement alerte sur le fait que \u00ab&#160;la flamb\u00e9e des taux d&rsquo;inflation a entra\u00een\u00e9 une augmentation de 71 millions du nombre de personnes pauvres dans les pays en d\u00e9veloppement au cours des trois mois \u00e9coul\u00e9s depuis mars 2022&#160;\u00bb&nbsp;<span class='whitespace-nowrap'><span id='easy-footnote-3-148229' class='easy-footnote-margin-adjust'><\/span><span class='easy-footnote'><a href='https:\/\/legrandcontinent.eu\/fr\/2022\/07\/07\/la-presence-de-lavrov-au-g20-cree-un-sommet-a-deux-vitesses\/#easy-footnote-bottom-3-148229' title='\u00ab&amp;#160;&lt;a href=&quot;https:\/\/www.undp.org\/press-releases\/global-cost-living-crisis-catalyzed-war-ukraine-sending-tens-millions-poverty-warns-un-development-programme&quot;&gt;Global cost-of-living crisis catalyzed by war in Ukraine sending tens of millions into poverty, warns UN Development Programme&lt;\/a&gt;&amp;#160;\u00bb, Programme des Nations unies pour le D\u00e9veloppement, 7 juillet 2022.'><sup>3<\/sup><\/a><\/span><\/span>.<\/li><\/ul>\n\n\n\n<ul class=\"wp-block-list\"><li>Pour la plupart des ministres des Affaires \u00e9trang\u00e8res des pays occidentaux qui participent \u00e0 ce Sommet de deux jours, la rencontre doit permettre de mettre en lumi\u00e8re les impacts de la guerre. En amont de la r\u00e9union, Annalena Baerbock affirmait \u00e0 Berlin que le respect du droit international \u00e9tait le \u00ab&#160;d\u00e9nominateur commun&#160;\u00bb des pays faisant front \u00e0 la Russie, avant d\u2019appeler \u00e0 ne \u00ab&#160;pas c\u00e9der la sc\u00e8ne de cette rencontre \u00e0 la Russie&#160;\u00bb&nbsp;<span class='whitespace-nowrap'><span id='easy-footnote-4-148229' class='easy-footnote-margin-adjust'><\/span><span class='easy-footnote'><a href='https:\/\/legrandcontinent.eu\/fr\/2022\/07\/07\/la-presence-de-lavrov-au-g20-cree-un-sommet-a-deux-vitesses\/#easy-footnote-bottom-4-148229' title='\u00ab&amp;#160;&lt;a href=&quot;https:\/\/www.deutschland.de\/fr\/news\/mme-baerbock-ne-pas-ceder-la-scene-a-la-russie&quot;&gt;Mme Baerbock&amp;#160;: Ne pas c\u00e9der la sc\u00e8ne \u00e0 la Russie&lt;\/a&gt;&amp;#160;\u00bb, Minist\u00e8re f\u00e9d\u00e9ral allemand des Affaires \u00e9trang\u00e8res, 7 juillet 2022.'><sup>4<\/sup><\/a><\/span><\/span>.<\/li><\/ul>\n\n\n\n<figure class=\"wp-block-embed is-type-rich is-provider-twitter wp-block-embed-twitter\"><div class=\"wp-block-embed__wrapper\">\n<blockquote class=\"twitter-tweet\" data-width=\"550\" data-dnt=\"true\"><p lang=\"fr\" dir=\"ltr\">Images de la rencontre bilat\u00e9rale entre Sergue\u00ef Lavrov et le ministre turc des Affaires \u00e9trang\u00e8res Mevlut Cavusoglu en marge de la r\u00e9union des ministres des Affaires \u00e9trang\u00e8res du G20.<br><br>Vid\u00e9o&#160;: TASS\/Ruptly <a href=\"https:\/\/t.co\/WM6r0Gu7GS\">pic.twitter.com\/WM6r0Gu7GS<\/a><\/p>&mdash; \u262d&#160;??100%Russia&#160;?\u262d (@InfosRussie) <a href=\"https:\/\/twitter.com\/InfosRussie\/status\/1544992608996544512?ref_src=twsrc%5Etfw\">July 7, 2022<\/a><\/blockquote><script async src=\"https:\/\/platform.twitter.com\/widgets.js\" charset=\"utf-8\"><\/script>\n<\/div><\/figure>\n\n\n\n<ul class=\"wp-block-list\"><li>Ce G20 Affaires \u00e9trang\u00e8res devrait donc se faire \u00e0 deux vitesses, entre les ministres des pays acceptant de rencontrer Sergue\u00ef Lavrov \u2014 comme le ministre chinois des Affaires \u00e9trang\u00e8res Wang Yi \u2014, et ceux ayant d\u00e9j\u00e0 annonc\u00e9 qu\u2019ils refuseraient de rencontrer s\u00e9par\u00e9ment Lavrov, comme Anthony Blinken ou Annalena Baerbock. D\u00e8s le premier jour, le ministre turc Mevlut Cavusoglu \u2014 qui a r\u00e9cemment menac\u00e9 que <a href=\"https:\/\/legrandcontinent.eu\/fr\/2022\/07\/06\/la-turquie-maintient-sa-pression-vis-a-vis-de-ladhesion-de-la-suede-et-de-la-finlande-a-lotan\/\">le Parlement turc ne ratifiera pas le protocole d\u2019adh\u00e9sion de la Finlande et de la Su\u00e8de<\/a> si ces derniers ne respectent pas leurs \u00ab&#160;engagements&#160;\u00bb \u2014 s\u2019est \u00e9galement affich\u00e9 aux c\u00f4t\u00e9s de Lavrov, au cours d\u2019un \u00e9change bilat\u00e9ral en marge du Sommet.<\/li><\/ul>\n","protected":false},"excerpt":{"rendered":"<p>Alors que la guerre continue de faire rage en Ukraine, la pr\u00e9sence du ministre russe des Affaires \u00e9trang\u00e8res, Sergue\u00ef Lavrov, au Sommet du G20 qui s&rsquo;ouvre aujourd&rsquo;hui \u00e0 Bali constitue la premi\u00e8re occasion pour ses homologues occidentaux de le confronter depuis le d\u00e9but du conflit. La question reste de savoir qui acceptera ou non de rencontrer le repr\u00e9sentant de la Russie.<\/p>\n","protected":false},"author":2622,"featured_media":148231,"comment_status":"open","ping_status":"open","sticky":false,"template":"templates\/post-briefings.php","format":"standard","meta":{"_acf_changed":false,"_trash_the_other_posts":false,"_yoast_wpseo_estimated-reading-time-minutes":3,"footnotes":""},"categories":[3587],"tags":[],"staff":[],"editorial_format":[],"serie":[],"audience":[],"geo":[2163],"class_list":["post-148229","post","type-post","status-publish","format-standard","hentry","category-inde-modi-le-grand-contexte","geo-monde"],"acf":{"open_in_webview":false,"accent":false,"_thumbnail_id":148231,"excerpt":"Alors que la guerre continue de faire rage en Ukraine, la pr\u00e9sence du ministre russe des Affaires \u00e9trang\u00e8res, Sergue\u00ef Lavrov, au Sommet du G20 qui s'ouvre aujourd'hui \u00e0 Bali constitue la premi\u00e8re occasion pour ses homologues occidentaux de le confronter depuis le d\u00e9but du conflit. La question reste de savoir qui acceptera ou non de rencontrer le repr\u00e9sentant de la Russie.","display_date":"","new_abstract":true},"yoast_head":"<!-- This site is optimized with the Yoast SEO plugin v26.1.1 - https:\/\/yoast.com\/wordpress\/plugins\/seo\/ -->\n<title>La pr\u00e9sence de Lavrov au G20 cr\u00e9e un Sommet \u00e0 deux vitesses | Le Grand Continent<\/title>\n<meta name=\"robots\" content=\"index, follow, max-snippet:-1, max-image-preview:large, max-video-preview:-1\" \/>\n<link rel=\"canonical\" href=\"https:\/\/legrandcontinent.eu\/fr\/2022\/07\/07\/la-presence-de-lavrov-au-g20-cree-un-sommet-a-deux-vitesses\/\" \/>\n<meta property=\"og:locale\" content=\"fr_FR\" \/>\n<meta property=\"og:type\" content=\"article\" \/>\n<meta property=\"og:title\" content=\"La pr\u00e9sence de Lavrov au G20 cr\u00e9e un Sommet \u00e0 deux vitesses | Le Grand Continent\" \/>\n<meta property=\"og:description\" content=\"Alors que la guerre continue de faire rage en Ukraine, la pr\u00e9sence du ministre russe des Affaires \u00e9trang\u00e8res, Sergue\u00ef Lavrov, au Sommet du G20 qui s&#039;ouvre aujourd&#039;hui \u00e0 Bali constitue la premi\u00e8re occasion pour ses homologues occidentaux de le confronter depuis le d\u00e9but du conflit. La question reste de savoir qui acceptera ou non de rencontrer le repr\u00e9sentant de la Russie.\" \/>\n<meta property=\"og:url\" content=\"https:\/\/legrandcontinent.eu\/fr\/2022\/07\/07\/la-presence-de-lavrov-au-g20-cree-un-sommet-a-deux-vitesses\/\" \/>\n<meta property=\"og:site_name\" content=\"Le Grand Continent\" \/>\n<meta property=\"article:published_time\" content=\"2022-07-07T14:52:50+00:00\" \/>\n<meta property=\"article:modified_time\" content=\"2023-09-08T14:06:40+00:00\" \/>\n<meta property=\"og:image\" content=\"https:\/\/legrandcontinent.eu\/fr\/wp-content\/uploads\/sites\/2\/2022\/07\/Lavrov-G20.jpg\" \/>\n\t<meta property=\"og:image:width\" content=\"1919\" \/>\n\t<meta property=\"og:image:height\" content=\"1079\" \/>\n\t<meta property=\"og:image:type\" content=\"image\/jpeg\" \/>\n<meta name=\"author\" content=\"Marin Saillofest\" \/>\n<meta name=\"twitter:card\" content=\"summary_large_image\" \/>\n<meta name=\"twitter:image\" content=\"https:\/\/legrandcontinent.eu\/fr\/wp-content\/uploads\/sites\/2\/2022\/07\/Lavrov-G20.jpg\" \/>\n<meta name=\"twitter:label1\" content=\"\u00c9crit par\" \/>\n\t<meta name=\"twitter:data1\" content=\"Marin Saillofest\" \/>\n\t<meta name=\"twitter:label2\" content=\"Dur\u00e9e de lecture estim\u00e9e\" \/>\n\t<meta name=\"twitter:data2\" content=\"3 minutes\" \/>\n<script type=\"application\/ld+json\" class=\"yoast-schema-graph\">{\"@context\":\"https:\/\/schema.org\",\"@graph\":[{\"@type\":\"WebPage\",\"@id\":\"https:\/\/legrandcontinent.eu\/fr\/2022\/07\/07\/la-presence-de-lavrov-au-g20-cree-un-sommet-a-deux-vitesses\/\",\"url\":\"https:\/\/legrandcontinent.eu\/fr\/2022\/07\/07\/la-presence-de-lavrov-au-g20-cree-un-sommet-a-deux-vitesses\/\",\"name\":\"La pr\u00e9sence de Lavrov au G20 cr\u00e9e un Sommet \u00e0 deux vitesses | Le Grand Continent\",\"isPartOf\":{\"@id\":\"https:\/\/legrandcontinent.eu\/fr\/#website\"},\"primaryImageOfPage\":{\"@id\":\"https:\/\/legrandcontinent.eu\/fr\/2022\/07\/07\/la-presence-de-lavrov-au-g20-cree-un-sommet-a-deux-vitesses\/#primaryimage\"},\"image\":{\"@id\":\"https:\/\/legrandcontinent.eu\/fr\/2022\/07\/07\/la-presence-de-lavrov-au-g20-cree-un-sommet-a-deux-vitesses\/#primaryimage\"},\"thumbnailUrl\":\"https:\/\/legrandcontinent.eu\/fr\/wp-content\/uploads\/sites\/2\/2022\/07\/SIPA_SIPAUSA30314984_000023-scaled.jpg\",\"datePublished\":\"2022-07-07T14:52:50+00:00\",\"dateModified\":\"2023-09-08T14:06:40+00:00\",\"author\":{\"@id\":\"https:\/\/legrandcontinent.eu\/fr\/#\/schema\/person\/e4f85f52220fc7b4cc3cfdb86d88e833\"},\"breadcrumb\":{\"@id\":\"https:\/\/legrandcontinent.eu\/fr\/2022\/07\/07\/la-presence-de-lavrov-au-g20-cree-un-sommet-a-deux-vitesses\/#breadcrumb\"},\"inLanguage\":\"fr-FR\",\"potentialAction\":[{\"@type\":\"ReadAction\",\"target\":[\"https:\/\/legrandcontinent.eu\/fr\/2022\/07\/07\/la-presence-de-lavrov-au-g20-cree-un-sommet-a-deux-vitesses\/\"]}]},{\"@type\":\"ImageObject\",\"inLanguage\":\"fr-FR\",\"@id\":\"https:\/\/legrandcontinent.eu\/fr\/2022\/07\/07\/la-presence-de-lavrov-au-g20-cree-un-sommet-a-deux-vitesses\/#primaryimage\",\"url\":\"https:\/\/legrandcontinent.eu\/fr\/wp-content\/uploads\/sites\/2\/2022\/07\/SIPA_SIPAUSA30314984_000023-scaled.jpg\",\"contentUrl\":\"https:\/\/legrandcontinent.eu\/fr\/wp-content\/uploads\/sites\/2\/2022\/07\/SIPA_SIPAUSA30314984_000023-scaled.jpg\",\"width\":2560,\"height\":1772,\"caption\":\"HANOI, VIETNAM - JULY 6, 2022: Russia's Foreign Minister Sergei Lavrov attends a wreath laying ceremony at the President Ho Chi Minh Mausoleum. Russian Foreign Ministry Press Service\/TASS\/Sipa USA\/40281719\/AK\/2207061038\"},{\"@type\":\"BreadcrumbList\",\"@id\":\"https:\/\/legrandcontinent.eu\/fr\/2022\/07\/07\/la-presence-de-lavrov-au-g20-cree-un-sommet-a-deux-vitesses\/#breadcrumb\",\"itemListElement\":[{\"@type\":\"ListItem\",\"position\":1,\"name\":\"Accueil\",\"item\":\"https:\/\/legrandcontinent.eu\/fr\/\"},{\"@type\":\"ListItem\",\"position\":2,\"name\":\"La pr\u00e9sence de Lavrov au G20 cr\u00e9e un Sommet \u00e0 deux vitesses\"}]},{\"@type\":\"WebSite\",\"@id\":\"https:\/\/legrandcontinent.eu\/fr\/#website\",\"url\":\"https:\/\/legrandcontinent.eu\/fr\/\",\"name\":\"Le Grand Continent\",\"description\":\"L&#039;\u00e9chelle pertinente\",\"potentialAction\":[{\"@type\":\"SearchAction\",\"target\":{\"@type\":\"EntryPoint\",\"urlTemplate\":\"https:\/\/legrandcontinent.eu\/fr\/?s={search_term_string}\"},\"query-input\":{\"@type\":\"PropertyValueSpecification\",\"valueRequired\":true,\"valueName\":\"search_term_string\"}}],\"inLanguage\":\"fr-FR\"},{\"@type\":\"Person\",\"@id\":\"https:\/\/legrandcontinent.eu\/fr\/#\/schema\/person\/e4f85f52220fc7b4cc3cfdb86d88e833\",\"name\":\"Marin Saillofest\",\"image\":{\"@type\":\"ImageObject\",\"inLanguage\":\"fr-FR\",\"@id\":\"https:\/\/legrandcontinent.eu\/fr\/#\/schema\/person\/image\/\",\"url\":\"https:\/\/secure.gravatar.com\/avatar\/87088698b4d967390c49ae6d4f1aa459?s=96&d=mm&r=g\",\"contentUrl\":\"https:\/\/secure.gravatar.com\/avatar\/87088698b4d967390c49ae6d4f1aa459?s=96&d=mm&r=g\",\"caption\":\"Marin Saillofest\"}}]}<\/script>\n<!-- \/ Yoast SEO plugin. -->","yoast_head_json":{"title":"La pr\u00e9sence de Lavrov au G20 cr\u00e9e un Sommet \u00e0 deux vitesses | Le Grand Continent","robots":{"index":"index","follow":"follow","max-snippet":"max-snippet:-1","max-image-preview":"max-image-preview:large","max-video-preview":"max-video-preview:-1"},"canonical":"https:\/\/legrandcontinent.eu\/fr\/2022\/07\/07\/la-presence-de-lavrov-au-g20-cree-un-sommet-a-deux-vitesses\/","og_locale":"fr_FR","og_type":"article","og_title":"La pr\u00e9sence de Lavrov au G20 cr\u00e9e un Sommet \u00e0 deux vitesses | Le Grand Continent","og_description":"Alors que la guerre continue de faire rage en Ukraine, la pr\u00e9sence du ministre russe des Affaires \u00e9trang\u00e8res, Sergue\u00ef Lavrov, au Sommet du G20 qui s'ouvre aujourd'hui \u00e0 Bali constitue la premi\u00e8re occasion pour ses homologues occidentaux de le confronter depuis le d\u00e9but du conflit. La question reste de savoir qui acceptera ou non de rencontrer le repr\u00e9sentant de la Russie.","og_url":"https:\/\/legrandcontinent.eu\/fr\/2022\/07\/07\/la-presence-de-lavrov-au-g20-cree-un-sommet-a-deux-vitesses\/","og_site_name":"Le Grand Continent","article_published_time":"2022-07-07T14:52:50+00:00","article_modified_time":"2023-09-08T14:06:40+00:00","og_image":[{"width":1919,"height":1079,"url":"https:\/\/legrandcontinent.eu\/fr\/wp-content\/uploads\/sites\/2\/2022\/07\/Lavrov-G20.jpg","type":"image\/jpeg"}],"author":"Marin Saillofest","twitter_card":"summary_large_image","twitter_image":"https:\/\/legrandcontinent.eu\/fr\/wp-content\/uploads\/sites\/2\/2022\/07\/Lavrov-G20.jpg","twitter_misc":{"\u00c9crit par":"Marin Saillofest","Dur\u00e9e de lecture estim\u00e9e":"3 minutes"},"schema":{"@context":"https:\/\/schema.org","@graph":[{"@type":"WebPage","@id":"https:\/\/legrandcontinent.eu\/fr\/2022\/07\/07\/la-presence-de-lavrov-au-g20-cree-un-sommet-a-deux-vitesses\/","url":"https:\/\/legrandcontinent.eu\/fr\/2022\/07\/07\/la-presence-de-lavrov-au-g20-cree-un-sommet-a-deux-vitesses\/","name":"La pr\u00e9sence de Lavrov au G20 cr\u00e9e un Sommet \u00e0 deux vitesses | Le Grand Continent","isPartOf":{"@id":"https:\/\/legrandcontinent.eu\/fr\/#website"},"primaryImageOfPage":{"@id":"https:\/\/legrandcontinent.eu\/fr\/2022\/07\/07\/la-presence-de-lavrov-au-g20-cree-un-sommet-a-deux-vitesses\/#primaryimage"},"image":{"@id":"https:\/\/legrandcontinent.eu\/fr\/2022\/07\/07\/la-presence-de-lavrov-au-g20-cree-un-sommet-a-deux-vitesses\/#primaryimage"},"thumbnailUrl":"https:\/\/legrandcontinent.eu\/fr\/wp-content\/uploads\/sites\/2\/2022\/07\/SIPA_SIPAUSA30314984_000023-scaled.jpg","datePublished":"2022-07-07T14:52:50+00:00","dateModified":"2023-09-08T14:06:40+00:00","author":{"@id":"https:\/\/legrandcontinent.eu\/fr\/#\/schema\/person\/e4f85f52220fc7b4cc3cfdb86d88e833"},"breadcrumb":{"@id":"https:\/\/legrandcontinent.eu\/fr\/2022\/07\/07\/la-presence-de-lavrov-au-g20-cree-un-sommet-a-deux-vitesses\/#breadcrumb"},"inLanguage":"fr-FR","potentialAction":[{"@type":"ReadAction","target":["https:\/\/legrandcontinent.eu\/fr\/2022\/07\/07\/la-presence-de-lavrov-au-g20-cree-un-sommet-a-deux-vitesses\/"]}]},{"@type":"ImageObject","inLanguage":"fr-FR","@id":"https:\/\/legrandcontinent.eu\/fr\/2022\/07\/07\/la-presence-de-lavrov-au-g20-cree-un-sommet-a-deux-vitesses\/#primaryimage","url":"https:\/\/legrandcontinent.eu\/fr\/wp-content\/uploads\/sites\/2\/2022\/07\/SIPA_SIPAUSA30314984_000023-scaled.jpg","contentUrl":"https:\/\/legrandcontinent.eu\/fr\/wp-content\/uploads\/sites\/2\/2022\/07\/SIPA_SIPAUSA30314984_000023-scaled.jpg","width":2560,"height":1772,"caption":"HANOI, VIETNAM - JULY 6, 2022: Russia's Foreign Minister Sergei Lavrov attends a wreath laying ceremony at the President Ho Chi Minh Mausoleum. Russian Foreign Ministry Press Service\/TASS\/Sipa USA\/40281719\/AK\/2207061038"},{"@type":"BreadcrumbList","@id":"https:\/\/legrandcontinent.eu\/fr\/2022\/07\/07\/la-presence-de-lavrov-au-g20-cree-un-sommet-a-deux-vitesses\/#breadcrumb","itemListElement":[{"@type":"ListItem","position":1,"name":"Accueil","item":"https:\/\/legrandcontinent.eu\/fr\/"},{"@type":"ListItem","position":2,"name":"La pr\u00e9sence de Lavrov au G20 cr\u00e9e un Sommet \u00e0 deux vitesses"}]},{"@type":"WebSite","@id":"https:\/\/legrandcontinent.eu\/fr\/#website","url":"https:\/\/legrandcontinent.eu\/fr\/","name":"Le Grand Continent","description":"L&#039;\u00e9chelle pertinente","potentialAction":[{"@type":"SearchAction","target":{"@type":"EntryPoint","urlTemplate":"https:\/\/legrandcontinent.eu\/fr\/?s={search_term_string}"},"query-input":{"@type":"PropertyValueSpecification","valueRequired":true,"valueName":"search_term_string"}}],"inLanguage":"fr-FR"},{"@type":"Person","@id":"https:\/\/legrandcontinent.eu\/fr\/#\/schema\/person\/e4f85f52220fc7b4cc3cfdb86d88e833","name":"Marin Saillofest","image":{"@type":"ImageObject","inLanguage":"fr-FR","@id":"https:\/\/legrandcontinent.eu\/fr\/#\/schema\/person\/image\/","url":"https:\/\/secure.gravatar.com\/avatar\/87088698b4d967390c49ae6d4f1aa459?s=96&d=mm&r=g","contentUrl":"https:\/\/secure.gravatar.com\/avatar\/87088698b4d967390c49ae6d4f1aa459?s=96&d=mm&r=g","caption":"Marin Saillofest"}}]}},"lgc_categories":[{"id":3587,"name":"L'Inde de Modi&#160;: doctrines, g\u00e9opolitique, rivalit\u00e9s","slug":"inde-modi-le-grand-contexte"}],"lgc_author":null,"feature_image_summary":{"url":"https:\/\/legrandcontinent.eu\/fr\/wp-content\/uploads\/sites\/2\/2022\/07\/SIPA_SIPAUSA30314984_000023-scaled.jpg","width":2560,"height":1772,"alt":""},"feature_image_cover":null,"term_position_data":null,"_links":{"self":[{"href":"https:\/\/legrandcontinent.eu\/fr\/wp-json\/wp\/v2\/posts\/148229","targetHints":{"allow":["GET"]}}],"collection":[{"href":"https:\/\/legrandcontinent.eu\/fr\/wp-json\/wp\/v2\/posts"}],"about":[{"href":"https:\/\/legrandcontinent.eu\/fr\/wp-json\/wp\/v2\/types\/post"}],"author":[{"embeddable":true,"href":"https:\/\/legrandcontinent.eu\/fr\/wp-json\/wp\/v2\/users\/2622"}],"replies":[{"embeddable":true,"href":"https:\/\/legrandcontinent.eu\/fr\/wp-json\/wp\/v2\/comments?post=148229"}],"version-history":[{"count":0,"href":"https:\/\/legrandcontinent.eu\/fr\/wp-json\/wp\/v2\/posts\/148229\/revisions"}],"wp:featuredmedia":[{"embeddable":true,"href":"https:\/\/legrandcontinent.eu\/fr\/wp-json\/wp\/v2\/media\/148231"}],"wp:attachment":[{"href":"https:\/\/legrandcontinent.eu\/fr\/wp-json\/wp\/v2\/media?parent=148229"}],"wp:term":[{"taxonomy":"category","embeddable":true,"href":"https:\/\/legrandcontinent.eu\/fr\/wp-json\/wp\/v2\/categories?post=148229"},{"taxonomy":"post_tag","embeddable":true,"href":"https:\/\/legrandcontinent.eu\/fr\/wp-json\/wp\/v2\/tags?post=148229"},{"taxonomy":"staff","embeddable":true,"href":"https:\/\/legrandcontinent.eu\/fr\/wp-json\/wp\/v2\/staff?post=148229"},{"taxonomy":"editorial_format","embeddable":true,"href":"https:\/\/legrandcontinent.eu\/fr\/wp-json\/wp\/v2\/editorial_format?post=148229"},{"taxonomy":"serie","embeddable":true,"href":"https:\/\/legrandcontinent.eu\/fr\/wp-json\/wp\/v2\/serie?post=148229"},{"taxonomy":"audience","embeddable":true,"href":"https:\/\/legrandcontinent.eu\/fr\/wp-json\/wp\/v2\/audience?post=148229"},{"taxonomy":"geo","embeddable":true,"href":"https:\/\/legrandcontinent.eu\/fr\/wp-json\/wp\/v2\/geo?post=148229"}],"curies":[{"name":"wp","href":"https:\/\/api.w.org\/{rel}","templated":true}]}}