{"id":139169,"date":"2022-05-06T13:04:59","date_gmt":"2022-05-06T11:04:59","guid":{"rendered":"https:\/\/legrandcontinent.eu\/fr\/?p=139169"},"modified":"2022-05-06T13:32:59","modified_gmt":"2022-05-06T11:32:59","slug":"lopinion-publique-europeenne-face-a-la-guerre-en-ukraine","status":"publish","type":"post","link":"https:\/\/legrandcontinent.eu\/fr\/2022\/05\/06\/lopinion-publique-europeenne-face-a-la-guerre-en-ukraine\/","title":{"rendered":"L\u2019opinion publique europ\u00e9enne face \u00e0 la guerre en Ukraine"},"content":{"rendered":"\n<ul class=\"wp-block-list\"><li>Cette nouvelle \u00e9dition de l\u2019Eurobarom\u00e8tre est la premi\u00e8re concernant la guerre en Ukraine&nbsp;<span class='whitespace-nowrap'><span id='easy-footnote-1-139169' class='easy-footnote-margin-adjust'><\/span><span class='easy-footnote'><a href='https:\/\/legrandcontinent.eu\/fr\/2022\/05\/06\/lopinion-publique-europeenne-face-a-la-guerre-en-ukraine\/#easy-footnote-bottom-1-139169' title='Commission europ\u00e9enne, &lt;a href=&quot;https:\/\/europa.eu\/eurobarometer\/surveys\/detail\/2772&quot;&gt;EU\u2019s response to the war in Ukraine&lt;\/a&gt;, 5 mai 2022.'><sup>1<\/sup><\/a><\/span><\/span>. L\u2019\u00e9tude, r\u00e9alis\u00e9e sur les populations des 27 \u00c9tats membres, r\u00e9v\u00e8le que la guerre qui se d\u00e9roule en Ukraine est un sujet d\u2019inqui\u00e9tude g\u00e9n\u00e9ral&#160;: 81&#160;% des Europ\u00e9ens se disent \u00eatre inquiets vis-\u00e0-vis de cette guerre, contre 17&#160;% qui se disent ne pas \u00eatre inquiets, et 2&#160;% ne se pronon\u00e7ant pas.\u00a0<\/li><\/ul>\n\n\n\n<div class=\"iframe-container wp-block-image wp-block-image-large  iframe-dw\">\n\t<div>\n\t\t<iframe class=\"absolute w-full h-full pin-t pin-l\" title=\"titolo\" aria-label=\"Interactive line chart\" src=\"\/\/datawrapper.dwcdn.net\/wfFnM\/2\/ \" scrolling=\"no\" frameborder=\"0\"><\/iframe>\n\t<\/div>\n<\/div>\n\n\n\n<ul class=\"wp-block-list\"><li>Le sondage r\u00e9v\u00e8le toutefois d\u2019importantes disparit\u00e9s selon les pays. Si les populations des pays baltes, de la Pologne ou bien du Portugal se disent \u00eatre inquiets \u00e0 plus de 40&#160;%&#160;; c\u2019est le cas pour seulement 23&#160;% de la population fran\u00e7aise, proche de la Slovaquie (24&#160;%) et de l\u2019Espagne (27&#160;%). En parall\u00e8le, 71&#160;% de la population europ\u00e9enne estime que l&rsquo;Ukraine fait partie de la famille europ\u00e9enne, et 66&#160;% sont d&rsquo;accord pour que Kiev rejoigne l&rsquo;UE lorsqu&rsquo;elle sera pr\u00eate.\u00a0<\/li><\/ul>\n\n\n\n<div class=\"iframe-container wp-block-image wp-block-image-large  iframe-dw\">\n\t<div>\n\t\t<iframe class=\"absolute w-full h-full pin-t pin-l\" title=\"titolo\" aria-label=\"Interactive line chart\" src=\"\/\/datawrapper.dwcdn.net\/f0mqT\/2\/ \" scrolling=\"no\" frameborder=\"0\"><\/iframe>\n\t<\/div>\n<\/div>\n\n\n\n<ul class=\"wp-block-list\"><li>Un large consensus favorable aux mesures prises par Bruxelles se d\u00e9gage sur la r\u00e9action de l\u2019Union face \u00e0 l\u2019agression militaire russe en Ukraine. L&rsquo;enqu\u00eate montre que 88&#160;% des Europ\u00e9ens sont favorables \u00e0 l\u2019accueil des r\u00e9fugi\u00e9s ukrainiens, et 80&#160;% approuvent les sanctions \u00e9conomiques prises contre la Russie. Enfin, deux tiers des Europ\u00e9ens (67&#160;%) approuvent que l&rsquo;UE finance l&rsquo;achat et la fourniture d&rsquo;\u00e9quipements militaires \u00e0 l&rsquo;Ukraine. La Bulgarie, Chypre et la Gr\u00e8ce sont les pays les plus divis\u00e9s sur les les envois d\u2019armes et les sanctions \u00e0 l\u2019\u00e9gard de la Russie.<\/li><\/ul>\n\n\n\n<div class=\"iframe-container wp-block-image wp-block-image-large  iframe-dw\">\n\t<div>\n\t\t<iframe class=\"absolute w-full h-full pin-t pin-l\" title=\"titolo\" aria-label=\"Interactive line chart\" src=\"\/\/datawrapper.dwcdn.net\/RNK7O\/2\/\" scrolling=\"no\" frameborder=\"0\"><\/iframe>\n\t<\/div>\n<\/div>\n\n\n\n<ul class=\"wp-block-list\"><li>En outre, 75&#160;% de la population europ\u00e9enne consid\u00e8re que la guerre en Ukraine montre que \u00ab&#160;nous avons besoin d&rsquo;une plus grande coop\u00e9ration militaire au sein de l&rsquo;UE&#160;\u00bb. L&rsquo;action de l&rsquo;UE pour se d\u00e9barrasser de la d\u00e9pendance aux combustibles fossiles russes b\u00e9n\u00e9ficie \u00e9galement d&rsquo;un large soutien, appuyant ainsi les propositions de la Commission relatives aux embargos <a href=\"https:\/\/legrandcontinent.eu\/fr\/2022\/04\/11\/embargo-sur-le-charbon-russe-effectif-en-aout-le-petrole-et-le-gaz-toujours-en-discussion\/\">sur le charbon<\/a> et <a href=\"https:\/\/legrandcontinent.eu\/fr\/2022\/05\/04\/lunion-propose-la-mise-en-place-dun-embargo-sur-le-petrole-russe%ef%bf%bc\/\">le p\u00e9trole russe<\/a>.<\/li><\/ul>\n\n\n\n<ul class=\"wp-block-list\"><li>Une large majorit\u00e9, form\u00e9e par 86&#160;% des citoyens europ\u00e9ens, approuve que l&rsquo;on remplisse les stocks de gaz de l&rsquo;Union afin d&rsquo;\u00e9viter les risques de p\u00e9nurie pour l&rsquo;hiver prochain. Les mesures pour accro\u00eetre l&rsquo;efficacit\u00e9 \u00e9nerg\u00e9tique des b\u00e2timents, des transports et des marchandises sont pl\u00e9biscit\u00e9es \u00e0 85&#160;%, et les investissements dans les \u00e9nergies renouvelables \u00e0 84&#160;%.<\/li><\/ul>\n\n\n\n<div class=\"iframe-container wp-block-image wp-block-image-large  iframe-dw\">\n\t<div>\n\t\t<iframe class=\"absolute w-full h-full pin-t pin-l\" title=\"titolo\" aria-label=\"Interactive line chart\" src=\"\/\/datawrapper.dwcdn.net\/ljnpL\/7\/ \" scrolling=\"no\" frameborder=\"0\"><\/iframe>\n\t<\/div>\n<\/div>\n\n\n\n<ul class=\"wp-block-list\"><li>Dans un contexte de mont\u00e9e des prix de l\u2019\u00e9nergie, 90&#160;% des Europ\u00e9ens conviennent que Bruxelles devrait prendre des mesures pour limiter l&rsquo;impact de la hausse des prix de l&rsquo;\u00e9nergie pour les consommateurs et les entreprises. Dans le m\u00eame temps, 86&#160;% des Europ\u00e9ens interrog\u00e9s d\u00e9clarent que la hausse des prix de l&rsquo;\u00e9nergie a un impact significatif sur leur pouvoir d&rsquo;achat.&nbsp;<\/li><\/ul>\n","protected":false},"excerpt":{"rendered":"<p>Hier, jeudi 5 mai, la Commission europ\u00e9enne a publi\u00e9 sa derni\u00e8re \u00e9dition de l\u2019Eurobarom\u00e8tre, sondant l\u2019opinion publique europ\u00e9enne quant \u00e0 la mani\u00e8re dont l\u2019UE a r\u00e9agi face \u00e0 la guerre en Ukraine. L\u2019\u00e9tude r\u00e9v\u00e8le un large consensus quant au soutien apport\u00e9 par l\u2019Union \u00e0 l\u2019Ukraine, tout en indiquant certaines disparit\u00e9s.<\/p>\n","protected":false},"author":1971,"featured_media":139171,"comment_status":"open","ping_status":"open","sticky":false,"template":"templates\/post-briefings.php","format":"standard","meta":{"_acf_changed":false,"_trash_the_other_posts":false,"_yoast_wpseo_estimated-reading-time-minutes":3,"footnotes":""},"categories":[1732],"tags":[],"staff":[],"editorial_format":[],"serie":[],"audience":[],"geo":[1917],"class_list":["post-139169","post","type-post","status-publish","format-standard","hentry","category-guerre","geo-europe"],"acf":{"open_in_webview":false,"accent":false,"_thumbnail_id":139171,"excerpt":"Hier, jeudi 5 mai, la Commission europ\u00e9enne a publi\u00e9 sa derni\u00e8re \u00e9dition de l\u2019Eurobarom\u00e8tre, sondant l\u2019opinion publique europ\u00e9enne quant \u00e0 la mani\u00e8re dont l\u2019UE a r\u00e9agi face \u00e0 la guerre en Ukraine. L\u2019\u00e9tude r\u00e9v\u00e8le un large consensus quant au soutien apport\u00e9 par l\u2019Union \u00e0 l\u2019Ukraine, tout en indiquant certaines disparit\u00e9s.","display_date":"","new_abstract":true},"yoast_head":"<!-- This site is optimized with the Yoast SEO plugin v26.1.1 - https:\/\/yoast.com\/wordpress\/plugins\/seo\/ -->\n<title>L\u2019opinion publique europ\u00e9enne face \u00e0 la guerre en Ukraine | Le Grand Continent<\/title>\n<meta name=\"robots\" content=\"index, follow, max-snippet:-1, max-image-preview:large, max-video-preview:-1\" \/>\n<link rel=\"canonical\" href=\"https:\/\/legrandcontinent.eu\/fr\/2022\/05\/06\/lopinion-publique-europeenne-face-a-la-guerre-en-ukraine\/\" \/>\n<meta property=\"og:locale\" content=\"fr_FR\" \/>\n<meta property=\"og:type\" content=\"article\" \/>\n<meta property=\"og:title\" content=\"L\u2019opinion publique europ\u00e9enne face \u00e0 la guerre en Ukraine | Le Grand Continent\" \/>\n<meta property=\"og:description\" content=\"Hier, jeudi 5 mai, la Commission europ\u00e9enne a publi\u00e9 sa derni\u00e8re \u00e9dition de l\u2019Eurobarom\u00e8tre, sondant l\u2019opinion publique europ\u00e9enne quant \u00e0 la mani\u00e8re dont l\u2019UE a r\u00e9agi face \u00e0 la guerre en Ukraine. L\u2019\u00e9tude r\u00e9v\u00e8le un large consensus quant au soutien apport\u00e9 par l\u2019Union \u00e0 l\u2019Ukraine, tout en indiquant certaines disparit\u00e9s.\" \/>\n<meta property=\"og:url\" content=\"https:\/\/legrandcontinent.eu\/fr\/2022\/05\/06\/lopinion-publique-europeenne-face-a-la-guerre-en-ukraine\/\" \/>\n<meta property=\"og:site_name\" content=\"Le Grand Continent\" \/>\n<meta property=\"article:published_time\" content=\"2022-05-06T11:04:59+00:00\" \/>\n<meta property=\"article:modified_time\" content=\"2022-05-06T11:32:59+00:00\" \/>\n<meta property=\"og:image\" content=\"https:\/\/legrandcontinent.eu\/fr\/wp-content\/uploads\/sites\/2\/2022\/05\/Eurobarometre-GC.jpg\" \/>\n\t<meta property=\"og:image:width\" content=\"1917\" \/>\n\t<meta property=\"og:image:height\" content=\"1105\" \/>\n\t<meta property=\"og:image:type\" content=\"image\/jpeg\" \/>\n<meta name=\"author\" content=\"antoinecrouzet\" \/>\n<meta name=\"twitter:card\" content=\"summary_large_image\" \/>\n<meta name=\"twitter:image\" content=\"https:\/\/legrandcontinent.eu\/fr\/wp-content\/uploads\/sites\/2\/2022\/05\/Eurobarometre-GC.jpg\" \/>\n<meta name=\"twitter:label1\" content=\"\u00c9crit par\" \/>\n\t<meta name=\"twitter:data1\" content=\"antoinecrouzet\" \/>\n\t<meta name=\"twitter:label2\" content=\"Dur\u00e9e de lecture estim\u00e9e\" \/>\n\t<meta name=\"twitter:data2\" content=\"3 minutes\" \/>\n<script type=\"application\/ld+json\" class=\"yoast-schema-graph\">{\"@context\":\"https:\/\/schema.org\",\"@graph\":[{\"@type\":\"WebPage\",\"@id\":\"https:\/\/legrandcontinent.eu\/fr\/2022\/05\/06\/lopinion-publique-europeenne-face-a-la-guerre-en-ukraine\/\",\"url\":\"https:\/\/legrandcontinent.eu\/fr\/2022\/05\/06\/lopinion-publique-europeenne-face-a-la-guerre-en-ukraine\/\",\"name\":\"L\u2019opinion publique europ\u00e9enne face \u00e0 la guerre en Ukraine | Le Grand Continent\",\"isPartOf\":{\"@id\":\"https:\/\/legrandcontinent.eu\/fr\/#website\"},\"primaryImageOfPage\":{\"@id\":\"https:\/\/legrandcontinent.eu\/fr\/2022\/05\/06\/lopinion-publique-europeenne-face-a-la-guerre-en-ukraine\/#primaryimage\"},\"image\":{\"@id\":\"https:\/\/legrandcontinent.eu\/fr\/2022\/05\/06\/lopinion-publique-europeenne-face-a-la-guerre-en-ukraine\/#primaryimage\"},\"thumbnailUrl\":\"https:\/\/legrandcontinent.eu\/fr\/wp-content\/uploads\/sites\/2\/2022\/05\/SIPA_AP22669722_000005-scaled.jpg\",\"datePublished\":\"2022-05-06T11:04:59+00:00\",\"dateModified\":\"2022-05-06T11:32:59+00:00\",\"author\":{\"@id\":\"https:\/\/legrandcontinent.eu\/fr\/#\/schema\/person\/ee462dd0600baa2d22814bab6037fcff\"},\"breadcrumb\":{\"@id\":\"https:\/\/legrandcontinent.eu\/fr\/2022\/05\/06\/lopinion-publique-europeenne-face-a-la-guerre-en-ukraine\/#breadcrumb\"},\"inLanguage\":\"fr-FR\",\"potentialAction\":[{\"@type\":\"ReadAction\",\"target\":[\"https:\/\/legrandcontinent.eu\/fr\/2022\/05\/06\/lopinion-publique-europeenne-face-a-la-guerre-en-ukraine\/\"]}]},{\"@type\":\"ImageObject\",\"inLanguage\":\"fr-FR\",\"@id\":\"https:\/\/legrandcontinent.eu\/fr\/2022\/05\/06\/lopinion-publique-europeenne-face-a-la-guerre-en-ukraine\/#primaryimage\",\"url\":\"https:\/\/legrandcontinent.eu\/fr\/wp-content\/uploads\/sites\/2\/2022\/05\/SIPA_AP22669722_000005-scaled.jpg\",\"contentUrl\":\"https:\/\/legrandcontinent.eu\/fr\/wp-content\/uploads\/sites\/2\/2022\/05\/SIPA_AP22669722_000005-scaled.jpg\",\"width\":2560,\"height\":1706,\"caption\":\"Residents stand outside their apartments as shops burn after a Russian attack in Kharkiv, Ukraine, Monday, April 11, 2022. (AP Photo\/Felipe Dana)\/XFD111\/22101633184449\/\/2204112043\"},{\"@type\":\"BreadcrumbList\",\"@id\":\"https:\/\/legrandcontinent.eu\/fr\/2022\/05\/06\/lopinion-publique-europeenne-face-a-la-guerre-en-ukraine\/#breadcrumb\",\"itemListElement\":[{\"@type\":\"ListItem\",\"position\":1,\"name\":\"Accueil\",\"item\":\"https:\/\/legrandcontinent.eu\/fr\/\"},{\"@type\":\"ListItem\",\"position\":2,\"name\":\"L\u2019opinion publique europ\u00e9enne face \u00e0 la guerre en Ukraine\"}]},{\"@type\":\"WebSite\",\"@id\":\"https:\/\/legrandcontinent.eu\/fr\/#website\",\"url\":\"https:\/\/legrandcontinent.eu\/fr\/\",\"name\":\"Le Grand Continent\",\"description\":\"L&#039;\u00e9chelle pertinente\",\"potentialAction\":[{\"@type\":\"SearchAction\",\"target\":{\"@type\":\"EntryPoint\",\"urlTemplate\":\"https:\/\/legrandcontinent.eu\/fr\/?s={search_term_string}\"},\"query-input\":{\"@type\":\"PropertyValueSpecification\",\"valueRequired\":true,\"valueName\":\"search_term_string\"}}],\"inLanguage\":\"fr-FR\"},{\"@type\":\"Person\",\"@id\":\"https:\/\/legrandcontinent.eu\/fr\/#\/schema\/person\/ee462dd0600baa2d22814bab6037fcff\",\"name\":\"antoinecrouzet\",\"image\":{\"@type\":\"ImageObject\",\"inLanguage\":\"fr-FR\",\"@id\":\"https:\/\/legrandcontinent.eu\/fr\/#\/schema\/person\/image\/\",\"url\":\"https:\/\/secure.gravatar.com\/avatar\/329b17fa4fbf90afa92f6cb149268531?s=96&d=mm&r=g\",\"contentUrl\":\"https:\/\/secure.gravatar.com\/avatar\/329b17fa4fbf90afa92f6cb149268531?s=96&d=mm&r=g\",\"caption\":\"antoinecrouzet\"}}]}<\/script>\n<!-- \/ Yoast SEO plugin. -->","yoast_head_json":{"title":"L\u2019opinion publique europ\u00e9enne face \u00e0 la guerre en Ukraine | Le Grand Continent","robots":{"index":"index","follow":"follow","max-snippet":"max-snippet:-1","max-image-preview":"max-image-preview:large","max-video-preview":"max-video-preview:-1"},"canonical":"https:\/\/legrandcontinent.eu\/fr\/2022\/05\/06\/lopinion-publique-europeenne-face-a-la-guerre-en-ukraine\/","og_locale":"fr_FR","og_type":"article","og_title":"L\u2019opinion publique europ\u00e9enne face \u00e0 la guerre en Ukraine | Le Grand Continent","og_description":"Hier, jeudi 5 mai, la Commission europ\u00e9enne a publi\u00e9 sa derni\u00e8re \u00e9dition de l\u2019Eurobarom\u00e8tre, sondant l\u2019opinion publique europ\u00e9enne quant \u00e0 la mani\u00e8re dont l\u2019UE a r\u00e9agi face \u00e0 la guerre en Ukraine. L\u2019\u00e9tude r\u00e9v\u00e8le un large consensus quant au soutien apport\u00e9 par l\u2019Union \u00e0 l\u2019Ukraine, tout en indiquant certaines disparit\u00e9s.","og_url":"https:\/\/legrandcontinent.eu\/fr\/2022\/05\/06\/lopinion-publique-europeenne-face-a-la-guerre-en-ukraine\/","og_site_name":"Le Grand Continent","article_published_time":"2022-05-06T11:04:59+00:00","article_modified_time":"2022-05-06T11:32:59+00:00","og_image":[{"width":1917,"height":1105,"url":"https:\/\/legrandcontinent.eu\/fr\/wp-content\/uploads\/sites\/2\/2022\/05\/Eurobarometre-GC.jpg","type":"image\/jpeg"}],"author":"antoinecrouzet","twitter_card":"summary_large_image","twitter_image":"https:\/\/legrandcontinent.eu\/fr\/wp-content\/uploads\/sites\/2\/2022\/05\/Eurobarometre-GC.jpg","twitter_misc":{"\u00c9crit par":"antoinecrouzet","Dur\u00e9e de lecture estim\u00e9e":"3 minutes"},"schema":{"@context":"https:\/\/schema.org","@graph":[{"@type":"WebPage","@id":"https:\/\/legrandcontinent.eu\/fr\/2022\/05\/06\/lopinion-publique-europeenne-face-a-la-guerre-en-ukraine\/","url":"https:\/\/legrandcontinent.eu\/fr\/2022\/05\/06\/lopinion-publique-europeenne-face-a-la-guerre-en-ukraine\/","name":"L\u2019opinion publique europ\u00e9enne face \u00e0 la guerre en Ukraine | Le Grand Continent","isPartOf":{"@id":"https:\/\/legrandcontinent.eu\/fr\/#website"},"primaryImageOfPage":{"@id":"https:\/\/legrandcontinent.eu\/fr\/2022\/05\/06\/lopinion-publique-europeenne-face-a-la-guerre-en-ukraine\/#primaryimage"},"image":{"@id":"https:\/\/legrandcontinent.eu\/fr\/2022\/05\/06\/lopinion-publique-europeenne-face-a-la-guerre-en-ukraine\/#primaryimage"},"thumbnailUrl":"https:\/\/legrandcontinent.eu\/fr\/wp-content\/uploads\/sites\/2\/2022\/05\/SIPA_AP22669722_000005-scaled.jpg","datePublished":"2022-05-06T11:04:59+00:00","dateModified":"2022-05-06T11:32:59+00:00","author":{"@id":"https:\/\/legrandcontinent.eu\/fr\/#\/schema\/person\/ee462dd0600baa2d22814bab6037fcff"},"breadcrumb":{"@id":"https:\/\/legrandcontinent.eu\/fr\/2022\/05\/06\/lopinion-publique-europeenne-face-a-la-guerre-en-ukraine\/#breadcrumb"},"inLanguage":"fr-FR","potentialAction":[{"@type":"ReadAction","target":["https:\/\/legrandcontinent.eu\/fr\/2022\/05\/06\/lopinion-publique-europeenne-face-a-la-guerre-en-ukraine\/"]}]},{"@type":"ImageObject","inLanguage":"fr-FR","@id":"https:\/\/legrandcontinent.eu\/fr\/2022\/05\/06\/lopinion-publique-europeenne-face-a-la-guerre-en-ukraine\/#primaryimage","url":"https:\/\/legrandcontinent.eu\/fr\/wp-content\/uploads\/sites\/2\/2022\/05\/SIPA_AP22669722_000005-scaled.jpg","contentUrl":"https:\/\/legrandcontinent.eu\/fr\/wp-content\/uploads\/sites\/2\/2022\/05\/SIPA_AP22669722_000005-scaled.jpg","width":2560,"height":1706,"caption":"Residents stand outside their apartments as shops burn after a Russian attack in Kharkiv, Ukraine, Monday, April 11, 2022. (AP Photo\/Felipe Dana)\/XFD111\/22101633184449\/\/2204112043"},{"@type":"BreadcrumbList","@id":"https:\/\/legrandcontinent.eu\/fr\/2022\/05\/06\/lopinion-publique-europeenne-face-a-la-guerre-en-ukraine\/#breadcrumb","itemListElement":[{"@type":"ListItem","position":1,"name":"Accueil","item":"https:\/\/legrandcontinent.eu\/fr\/"},{"@type":"ListItem","position":2,"name":"L\u2019opinion publique europ\u00e9enne face \u00e0 la guerre en Ukraine"}]},{"@type":"WebSite","@id":"https:\/\/legrandcontinent.eu\/fr\/#website","url":"https:\/\/legrandcontinent.eu\/fr\/","name":"Le Grand Continent","description":"L&#039;\u00e9chelle pertinente","potentialAction":[{"@type":"SearchAction","target":{"@type":"EntryPoint","urlTemplate":"https:\/\/legrandcontinent.eu\/fr\/?s={search_term_string}"},"query-input":{"@type":"PropertyValueSpecification","valueRequired":true,"valueName":"search_term_string"}}],"inLanguage":"fr-FR"},{"@type":"Person","@id":"https:\/\/legrandcontinent.eu\/fr\/#\/schema\/person\/ee462dd0600baa2d22814bab6037fcff","name":"antoinecrouzet","image":{"@type":"ImageObject","inLanguage":"fr-FR","@id":"https:\/\/legrandcontinent.eu\/fr\/#\/schema\/person\/image\/","url":"https:\/\/secure.gravatar.com\/avatar\/329b17fa4fbf90afa92f6cb149268531?s=96&d=mm&r=g","contentUrl":"https:\/\/secure.gravatar.com\/avatar\/329b17fa4fbf90afa92f6cb149268531?s=96&d=mm&r=g","caption":"antoinecrouzet"}}]}},"lgc_categories":[{"id":1732,"name":"Guerre","slug":"guerre"}],"lgc_author":null,"feature_image_summary":{"url":"https:\/\/legrandcontinent.eu\/fr\/wp-content\/uploads\/sites\/2\/2022\/05\/SIPA_AP22669722_000005-scaled.jpg","width":2560,"height":1706,"alt":""},"feature_image_cover":null,"term_position_data":null,"_links":{"self":[{"href":"https:\/\/legrandcontinent.eu\/fr\/wp-json\/wp\/v2\/posts\/139169","targetHints":{"allow":["GET"]}}],"collection":[{"href":"https:\/\/legrandcontinent.eu\/fr\/wp-json\/wp\/v2\/posts"}],"about":[{"href":"https:\/\/legrandcontinent.eu\/fr\/wp-json\/wp\/v2\/types\/post"}],"author":[{"embeddable":true,"href":"https:\/\/legrandcontinent.eu\/fr\/wp-json\/wp\/v2\/users\/1971"}],"replies":[{"embeddable":true,"href":"https:\/\/legrandcontinent.eu\/fr\/wp-json\/wp\/v2\/comments?post=139169"}],"version-history":[{"count":0,"href":"https:\/\/legrandcontinent.eu\/fr\/wp-json\/wp\/v2\/posts\/139169\/revisions"}],"wp:featuredmedia":[{"embeddable":true,"href":"https:\/\/legrandcontinent.eu\/fr\/wp-json\/wp\/v2\/media\/139171"}],"wp:attachment":[{"href":"https:\/\/legrandcontinent.eu\/fr\/wp-json\/wp\/v2\/media?parent=139169"}],"wp:term":[{"taxonomy":"category","embeddable":true,"href":"https:\/\/legrandcontinent.eu\/fr\/wp-json\/wp\/v2\/categories?post=139169"},{"taxonomy":"post_tag","embeddable":true,"href":"https:\/\/legrandcontinent.eu\/fr\/wp-json\/wp\/v2\/tags?post=139169"},{"taxonomy":"staff","embeddable":true,"href":"https:\/\/legrandcontinent.eu\/fr\/wp-json\/wp\/v2\/staff?post=139169"},{"taxonomy":"editorial_format","embeddable":true,"href":"https:\/\/legrandcontinent.eu\/fr\/wp-json\/wp\/v2\/editorial_format?post=139169"},{"taxonomy":"serie","embeddable":true,"href":"https:\/\/legrandcontinent.eu\/fr\/wp-json\/wp\/v2\/serie?post=139169"},{"taxonomy":"audience","embeddable":true,"href":"https:\/\/legrandcontinent.eu\/fr\/wp-json\/wp\/v2\/audience?post=139169"},{"taxonomy":"geo","embeddable":true,"href":"https:\/\/legrandcontinent.eu\/fr\/wp-json\/wp\/v2\/geo?post=139169"}],"curies":[{"name":"wp","href":"https:\/\/api.w.org\/{rel}","templated":true}]}}