{"id":135927,"date":"2022-04-05T16:59:05","date_gmt":"2022-04-05T14:59:05","guid":{"rendered":"https:\/\/legrandcontinent.eu\/fr\/?p=135927"},"modified":"2022-04-28T12:40:20","modified_gmt":"2022-04-28T10:40:20","slug":"premier-voyage-officiel-du-nouveau-president-du-chili","status":"publish","type":"post","link":"https:\/\/legrandcontinent.eu\/fr\/2022\/04\/05\/premier-voyage-officiel-du-nouveau-president-du-chili\/","title":{"rendered":"Premier voyage officiel du nouveau pr\u00e9sident du Chili"},"content":{"rendered":"\n<ul class=\"wp-block-list\"><li>Lundi, comme pr\u00e9vu dans l&rsquo;agenda de la visite, Boric a eu une r\u00e9union priv\u00e9e avec le Pr\u00e9sident argentin, Alberto Fern\u00e1ndez. Cette rencontre a \u00e9t\u00e9 suivie d&rsquo;une r\u00e9union entre les d\u00e9l\u00e9gations des deux pays, qui comprenaient plusieurs ministres, s\u00e9nateurs et repr\u00e9sentants d&rsquo;entreprises. Aujourd&rsquo;hui, Boric devrait ouvrir le Forum d&rsquo;affaires de la commission commerciale Argentine-Chili.&nbsp;<\/li><\/ul>\n\n\n\n<ul class=\"wp-block-list\"><li>L&rsquo;objectif de cette visite, comme les deux pr\u00e9sidents l&rsquo;ont annonc\u00e9 sur leurs comptes Twitter respectifs, est de favoriser les relations bilat\u00e9rales, notamment sur des questions sociales telles que les droits de l&rsquo;homme, l&rsquo;\u00e9galit\u00e9 des sexes, les minorit\u00e9s ou l&rsquo;environnement. Les deux pr\u00e9sidents semblent partager la m\u00eame ligne id\u00e9ologique en politique \u00e9trang\u00e8re en termes d&rsquo;unit\u00e9 latino-am\u00e9ricaine et de promotion des droits de l&rsquo;homme et d\u2019\u00e9galit\u00e9 sociale.&nbsp;<\/li><\/ul>\n\n\n\n<ul class=\"wp-block-list\"><li>\u00c0 la suite des r\u00e9unions, une s\u00e9rie d&rsquo;accords ont \u00e9t\u00e9 sign\u00e9s lundi au Mus\u00e9e du Bicentenaire, concernant les droits de l&rsquo;homme, l&rsquo;\u00e9galit\u00e9 des sexes, la diversit\u00e9 et d&rsquo;autres questions consulaires, culturelles et de coop\u00e9ration. En outre, les deux pr\u00e9sidents ont d\u00e9clar\u00e9 publiquement leur volont\u00e9 d&rsquo;approfondir les relations bilat\u00e9rales et l&rsquo;int\u00e9gration r\u00e9gionale.<\/li><\/ul>\n\n\n\n<ul class=\"wp-block-list\"><li>En plus des sujets sociaux, la visite a pour but aussi de traiter des sujets \u00e9conomiques et commerciaux. En ce sens, un aspect tr\u00e8s important est la question de l&rsquo;\u00e9nergie, dans le contexte des probl\u00e8mes d&rsquo;approvisionnement en gaz de l&rsquo;Argentine, qui ont \u00e9t\u00e9 aggrav\u00e9s par la guerre en Ukraine. Bien qu&rsquo;aucun accord concret n&rsquo;ait \u00e9t\u00e9 conclu, le ministre chilien de l&rsquo;\u00e9nergie a d\u00e9j\u00e0 d\u00e9clar\u00e9 que les relations bilat\u00e9rales en mati\u00e8re d&rsquo;\u00e9nergie sont \u00e0 l\u2019ordre du jour, en vue de futurs accords.<\/li><\/ul>\n\n\n\n<ul class=\"wp-block-list\"><li>Boric a \u00e9galement exprim\u00e9 son soutien concernant la question territoriale de l&rsquo;Argentine dans les \u00eeles Malouines. De m\u00eame, la controverse diplomatique concernant le territoire mapuche, le Wallmapu, est close. Cependant, s\u2019il reste encore des aspects susceptibles de susciter des tensions, comme la demande de l&rsquo;Argentine d\u2019actualiser la fronti\u00e8re maritime, les deux parties ont soulign\u00e9 l&rsquo;importance de r\u00e9soudre les \u00e9ventuels diff\u00e9rends par la voie diplomatique.&nbsp;<\/li><\/ul>\n","protected":false},"excerpt":{"rendered":"<p>Pour son premier voyage \u00e0 l&rsquo;\u00e9tranger en tant que pr\u00e9sident du Chili, Gabriel Boric est en Argentine depuis dimanche dernier. Le s\u00e9jour de Boric, qui durera deux jours, est un \u00e9v\u00e9nement cl\u00e9 pour les deux pays, car il devrait permettre de renforcer les relations diplomatiques et commerciales. <\/p>\n","protected":false},"author":1971,"featured_media":135928,"comment_status":"open","ping_status":"open","sticky":false,"template":"templates\/post-briefings.php","format":"standard","meta":{"_acf_changed":false,"_trash_the_other_posts":false,"_yoast_wpseo_estimated-reading-time-minutes":2,"footnotes":""},"categories":[1731],"tags":[],"staff":[],"editorial_format":[],"serie":[],"audience":[],"geo":[525],"class_list":["post-135927","post","type-post","status-publish","format-standard","hentry","category-politique","geo-ameriques"],"acf":{"open_in_webview":false,"accent":false,"_thumbnail_id":135928,"excerpt":"Pour son premier voyage \u00e0 l'\u00e9tranger en tant que pr\u00e9sident du Chili, Gabriel Boric est en Argentine depuis dimanche dernier. Le s\u00e9jour de Boric, qui durera deux jours, est un \u00e9v\u00e9nement cl\u00e9 pour les deux pays, car il devrait permettre de renforcer les relations diplomatiques et commerciales. ","display_date":"","new_abstract":true},"yoast_head":"<!-- This site is optimized with the Yoast SEO plugin v26.1.1 - https:\/\/yoast.com\/wordpress\/plugins\/seo\/ -->\n<title>Premier voyage officiel du nouveau pr\u00e9sident du Chili | Le Grand Continent<\/title>\n<meta name=\"robots\" content=\"index, follow, max-snippet:-1, max-image-preview:large, max-video-preview:-1\" \/>\n<link rel=\"canonical\" href=\"https:\/\/legrandcontinent.eu\/fr\/2022\/04\/05\/premier-voyage-officiel-du-nouveau-president-du-chili\/\" \/>\n<meta property=\"og:locale\" content=\"fr_FR\" \/>\n<meta property=\"og:type\" content=\"article\" \/>\n<meta property=\"og:title\" content=\"Premier voyage officiel du nouveau pr\u00e9sident du Chili | Le Grand Continent\" \/>\n<meta property=\"og:description\" content=\"Pour son premier voyage \u00e0 l&#039;\u00e9tranger en tant que pr\u00e9sident du Chili, Gabriel Boric est en Argentine depuis dimanche dernier. Le s\u00e9jour de Boric, qui durera deux jours, est un \u00e9v\u00e9nement cl\u00e9 pour les deux pays, car il devrait permettre de renforcer les relations diplomatiques et commerciales.\" \/>\n<meta property=\"og:url\" content=\"https:\/\/legrandcontinent.eu\/fr\/2022\/04\/05\/premier-voyage-officiel-du-nouveau-president-du-chili\/\" \/>\n<meta property=\"og:site_name\" content=\"Le Grand Continent\" \/>\n<meta property=\"article:published_time\" content=\"2022-04-05T14:59:05+00:00\" \/>\n<meta property=\"article:modified_time\" content=\"2022-04-28T10:40:20+00:00\" \/>\n<meta property=\"og:image\" content=\"https:\/\/legrandcontinent.eu\/fr\/wp-content\/uploads\/sites\/2\/2022\/04\/gc-visite-Boric--scaled.jpg\" \/>\n\t<meta property=\"og:image:width\" content=\"2560\" \/>\n\t<meta property=\"og:image:height\" content=\"1444\" \/>\n\t<meta property=\"og:image:type\" content=\"image\/jpeg\" \/>\n<meta name=\"author\" content=\"antoinecrouzet\" \/>\n<meta name=\"twitter:card\" content=\"summary_large_image\" \/>\n<meta name=\"twitter:image\" content=\"https:\/\/legrandcontinent.eu\/fr\/wp-content\/uploads\/sites\/2\/2022\/04\/gc-visite-Boric--scaled.jpg\" \/>\n<meta name=\"twitter:label1\" content=\"\u00c9crit par\" \/>\n\t<meta name=\"twitter:data1\" content=\"antoinecrouzet\" \/>\n\t<meta name=\"twitter:label2\" content=\"Dur\u00e9e de lecture estim\u00e9e\" \/>\n\t<meta name=\"twitter:data2\" content=\"2 minutes\" \/>\n<script type=\"application\/ld+json\" class=\"yoast-schema-graph\">{\"@context\":\"https:\/\/schema.org\",\"@graph\":[{\"@type\":\"WebPage\",\"@id\":\"https:\/\/legrandcontinent.eu\/fr\/2022\/04\/05\/premier-voyage-officiel-du-nouveau-president-du-chili\/\",\"url\":\"https:\/\/legrandcontinent.eu\/fr\/2022\/04\/05\/premier-voyage-officiel-du-nouveau-president-du-chili\/\",\"name\":\"Premier voyage officiel du nouveau pr\u00e9sident du Chili | Le Grand Continent\",\"isPartOf\":{\"@id\":\"https:\/\/legrandcontinent.eu\/fr\/#website\"},\"primaryImageOfPage\":{\"@id\":\"https:\/\/legrandcontinent.eu\/fr\/2022\/04\/05\/premier-voyage-officiel-du-nouveau-president-du-chili\/#primaryimage\"},\"image\":{\"@id\":\"https:\/\/legrandcontinent.eu\/fr\/2022\/04\/05\/premier-voyage-officiel-du-nouveau-president-du-chili\/#primaryimage\"},\"thumbnailUrl\":\"https:\/\/legrandcontinent.eu\/fr\/wp-content\/uploads\/sites\/2\/2022\/04\/SIPA_AP22667677_000012-scaled.jpg\",\"datePublished\":\"2022-04-05T14:59:05+00:00\",\"dateModified\":\"2022-04-28T10:40:20+00:00\",\"author\":{\"@id\":\"https:\/\/legrandcontinent.eu\/fr\/#\/schema\/person\/ee462dd0600baa2d22814bab6037fcff\"},\"breadcrumb\":{\"@id\":\"https:\/\/legrandcontinent.eu\/fr\/2022\/04\/05\/premier-voyage-officiel-du-nouveau-president-du-chili\/#breadcrumb\"},\"inLanguage\":\"fr-FR\",\"potentialAction\":[{\"@type\":\"ReadAction\",\"target\":[\"https:\/\/legrandcontinent.eu\/fr\/2022\/04\/05\/premier-voyage-officiel-du-nouveau-president-du-chili\/\"]}]},{\"@type\":\"ImageObject\",\"inLanguage\":\"fr-FR\",\"@id\":\"https:\/\/legrandcontinent.eu\/fr\/2022\/04\/05\/premier-voyage-officiel-du-nouveau-president-du-chili\/#primaryimage\",\"url\":\"https:\/\/legrandcontinent.eu\/fr\/wp-content\/uploads\/sites\/2\/2022\/04\/SIPA_AP22667677_000012-scaled.jpg\",\"contentUrl\":\"https:\/\/legrandcontinent.eu\/fr\/wp-content\/uploads\/sites\/2\/2022\/04\/SIPA_AP22667677_000012-scaled.jpg\",\"width\":2560,\"height\":1707,\"caption\":\"Chilean President Gabriel Boric, left, and Argentina's President Alberto Fernandez pose for a picture after signing agreements at the government house in Buenos Aires, Argentina, Monday, April 4, 2022. (AP Photo\/Natacha Pisarenko)\/XNP114\/22094553766614\/\/2204041735\"},{\"@type\":\"BreadcrumbList\",\"@id\":\"https:\/\/legrandcontinent.eu\/fr\/2022\/04\/05\/premier-voyage-officiel-du-nouveau-president-du-chili\/#breadcrumb\",\"itemListElement\":[{\"@type\":\"ListItem\",\"position\":1,\"name\":\"Accueil\",\"item\":\"https:\/\/legrandcontinent.eu\/fr\/\"},{\"@type\":\"ListItem\",\"position\":2,\"name\":\"Premier voyage officiel du nouveau pr\u00e9sident du Chili\"}]},{\"@type\":\"WebSite\",\"@id\":\"https:\/\/legrandcontinent.eu\/fr\/#website\",\"url\":\"https:\/\/legrandcontinent.eu\/fr\/\",\"name\":\"Le Grand Continent\",\"description\":\"L&#039;\u00e9chelle pertinente\",\"potentialAction\":[{\"@type\":\"SearchAction\",\"target\":{\"@type\":\"EntryPoint\",\"urlTemplate\":\"https:\/\/legrandcontinent.eu\/fr\/?s={search_term_string}\"},\"query-input\":{\"@type\":\"PropertyValueSpecification\",\"valueRequired\":true,\"valueName\":\"search_term_string\"}}],\"inLanguage\":\"fr-FR\"},{\"@type\":\"Person\",\"@id\":\"https:\/\/legrandcontinent.eu\/fr\/#\/schema\/person\/ee462dd0600baa2d22814bab6037fcff\",\"name\":\"antoinecrouzet\",\"image\":{\"@type\":\"ImageObject\",\"inLanguage\":\"fr-FR\",\"@id\":\"https:\/\/legrandcontinent.eu\/fr\/#\/schema\/person\/image\/\",\"url\":\"https:\/\/secure.gravatar.com\/avatar\/329b17fa4fbf90afa92f6cb149268531?s=96&d=mm&r=g\",\"contentUrl\":\"https:\/\/secure.gravatar.com\/avatar\/329b17fa4fbf90afa92f6cb149268531?s=96&d=mm&r=g\",\"caption\":\"antoinecrouzet\"}}]}<\/script>\n<!-- \/ Yoast SEO plugin. -->","yoast_head_json":{"title":"Premier voyage officiel du nouveau pr\u00e9sident du Chili | Le Grand Continent","robots":{"index":"index","follow":"follow","max-snippet":"max-snippet:-1","max-image-preview":"max-image-preview:large","max-video-preview":"max-video-preview:-1"},"canonical":"https:\/\/legrandcontinent.eu\/fr\/2022\/04\/05\/premier-voyage-officiel-du-nouveau-president-du-chili\/","og_locale":"fr_FR","og_type":"article","og_title":"Premier voyage officiel du nouveau pr\u00e9sident du Chili | Le Grand Continent","og_description":"Pour son premier voyage \u00e0 l'\u00e9tranger en tant que pr\u00e9sident du Chili, Gabriel Boric est en Argentine depuis dimanche dernier. Le s\u00e9jour de Boric, qui durera deux jours, est un \u00e9v\u00e9nement cl\u00e9 pour les deux pays, car il devrait permettre de renforcer les relations diplomatiques et commerciales.","og_url":"https:\/\/legrandcontinent.eu\/fr\/2022\/04\/05\/premier-voyage-officiel-du-nouveau-president-du-chili\/","og_site_name":"Le Grand Continent","article_published_time":"2022-04-05T14:59:05+00:00","article_modified_time":"2022-04-28T10:40:20+00:00","og_image":[{"width":2560,"height":1444,"url":"https:\/\/legrandcontinent.eu\/fr\/wp-content\/uploads\/sites\/2\/2022\/04\/gc-visite-Boric--scaled.jpg","type":"image\/jpeg"}],"author":"antoinecrouzet","twitter_card":"summary_large_image","twitter_image":"https:\/\/legrandcontinent.eu\/fr\/wp-content\/uploads\/sites\/2\/2022\/04\/gc-visite-Boric--scaled.jpg","twitter_misc":{"\u00c9crit par":"antoinecrouzet","Dur\u00e9e de lecture estim\u00e9e":"2 minutes"},"schema":{"@context":"https:\/\/schema.org","@graph":[{"@type":"WebPage","@id":"https:\/\/legrandcontinent.eu\/fr\/2022\/04\/05\/premier-voyage-officiel-du-nouveau-president-du-chili\/","url":"https:\/\/legrandcontinent.eu\/fr\/2022\/04\/05\/premier-voyage-officiel-du-nouveau-president-du-chili\/","name":"Premier voyage officiel du nouveau pr\u00e9sident du Chili | Le Grand Continent","isPartOf":{"@id":"https:\/\/legrandcontinent.eu\/fr\/#website"},"primaryImageOfPage":{"@id":"https:\/\/legrandcontinent.eu\/fr\/2022\/04\/05\/premier-voyage-officiel-du-nouveau-president-du-chili\/#primaryimage"},"image":{"@id":"https:\/\/legrandcontinent.eu\/fr\/2022\/04\/05\/premier-voyage-officiel-du-nouveau-president-du-chili\/#primaryimage"},"thumbnailUrl":"https:\/\/legrandcontinent.eu\/fr\/wp-content\/uploads\/sites\/2\/2022\/04\/SIPA_AP22667677_000012-scaled.jpg","datePublished":"2022-04-05T14:59:05+00:00","dateModified":"2022-04-28T10:40:20+00:00","author":{"@id":"https:\/\/legrandcontinent.eu\/fr\/#\/schema\/person\/ee462dd0600baa2d22814bab6037fcff"},"breadcrumb":{"@id":"https:\/\/legrandcontinent.eu\/fr\/2022\/04\/05\/premier-voyage-officiel-du-nouveau-president-du-chili\/#breadcrumb"},"inLanguage":"fr-FR","potentialAction":[{"@type":"ReadAction","target":["https:\/\/legrandcontinent.eu\/fr\/2022\/04\/05\/premier-voyage-officiel-du-nouveau-president-du-chili\/"]}]},{"@type":"ImageObject","inLanguage":"fr-FR","@id":"https:\/\/legrandcontinent.eu\/fr\/2022\/04\/05\/premier-voyage-officiel-du-nouveau-president-du-chili\/#primaryimage","url":"https:\/\/legrandcontinent.eu\/fr\/wp-content\/uploads\/sites\/2\/2022\/04\/SIPA_AP22667677_000012-scaled.jpg","contentUrl":"https:\/\/legrandcontinent.eu\/fr\/wp-content\/uploads\/sites\/2\/2022\/04\/SIPA_AP22667677_000012-scaled.jpg","width":2560,"height":1707,"caption":"Chilean President Gabriel Boric, left, and Argentina's President Alberto Fernandez pose for a picture after signing agreements at the government house in Buenos Aires, Argentina, Monday, April 4, 2022. (AP Photo\/Natacha Pisarenko)\/XNP114\/22094553766614\/\/2204041735"},{"@type":"BreadcrumbList","@id":"https:\/\/legrandcontinent.eu\/fr\/2022\/04\/05\/premier-voyage-officiel-du-nouveau-president-du-chili\/#breadcrumb","itemListElement":[{"@type":"ListItem","position":1,"name":"Accueil","item":"https:\/\/legrandcontinent.eu\/fr\/"},{"@type":"ListItem","position":2,"name":"Premier voyage officiel du nouveau pr\u00e9sident du Chili"}]},{"@type":"WebSite","@id":"https:\/\/legrandcontinent.eu\/fr\/#website","url":"https:\/\/legrandcontinent.eu\/fr\/","name":"Le Grand Continent","description":"L&#039;\u00e9chelle pertinente","potentialAction":[{"@type":"SearchAction","target":{"@type":"EntryPoint","urlTemplate":"https:\/\/legrandcontinent.eu\/fr\/?s={search_term_string}"},"query-input":{"@type":"PropertyValueSpecification","valueRequired":true,"valueName":"search_term_string"}}],"inLanguage":"fr-FR"},{"@type":"Person","@id":"https:\/\/legrandcontinent.eu\/fr\/#\/schema\/person\/ee462dd0600baa2d22814bab6037fcff","name":"antoinecrouzet","image":{"@type":"ImageObject","inLanguage":"fr-FR","@id":"https:\/\/legrandcontinent.eu\/fr\/#\/schema\/person\/image\/","url":"https:\/\/secure.gravatar.com\/avatar\/329b17fa4fbf90afa92f6cb149268531?s=96&d=mm&r=g","contentUrl":"https:\/\/secure.gravatar.com\/avatar\/329b17fa4fbf90afa92f6cb149268531?s=96&d=mm&r=g","caption":"antoinecrouzet"}}]}},"lgc_categories":[{"id":1731,"name":"Politique","slug":"politique"}],"lgc_author":null,"feature_image_summary":{"url":"https:\/\/legrandcontinent.eu\/fr\/wp-content\/uploads\/sites\/2\/2022\/04\/SIPA_AP22667677_000012-scaled.jpg","width":2560,"height":1707,"alt":""},"feature_image_cover":null,"term_position_data":null,"_links":{"self":[{"href":"https:\/\/legrandcontinent.eu\/fr\/wp-json\/wp\/v2\/posts\/135927","targetHints":{"allow":["GET"]}}],"collection":[{"href":"https:\/\/legrandcontinent.eu\/fr\/wp-json\/wp\/v2\/posts"}],"about":[{"href":"https:\/\/legrandcontinent.eu\/fr\/wp-json\/wp\/v2\/types\/post"}],"author":[{"embeddable":true,"href":"https:\/\/legrandcontinent.eu\/fr\/wp-json\/wp\/v2\/users\/1971"}],"replies":[{"embeddable":true,"href":"https:\/\/legrandcontinent.eu\/fr\/wp-json\/wp\/v2\/comments?post=135927"}],"version-history":[{"count":0,"href":"https:\/\/legrandcontinent.eu\/fr\/wp-json\/wp\/v2\/posts\/135927\/revisions"}],"wp:featuredmedia":[{"embeddable":true,"href":"https:\/\/legrandcontinent.eu\/fr\/wp-json\/wp\/v2\/media\/135928"}],"wp:attachment":[{"href":"https:\/\/legrandcontinent.eu\/fr\/wp-json\/wp\/v2\/media?parent=135927"}],"wp:term":[{"taxonomy":"category","embeddable":true,"href":"https:\/\/legrandcontinent.eu\/fr\/wp-json\/wp\/v2\/categories?post=135927"},{"taxonomy":"post_tag","embeddable":true,"href":"https:\/\/legrandcontinent.eu\/fr\/wp-json\/wp\/v2\/tags?post=135927"},{"taxonomy":"staff","embeddable":true,"href":"https:\/\/legrandcontinent.eu\/fr\/wp-json\/wp\/v2\/staff?post=135927"},{"taxonomy":"editorial_format","embeddable":true,"href":"https:\/\/legrandcontinent.eu\/fr\/wp-json\/wp\/v2\/editorial_format?post=135927"},{"taxonomy":"serie","embeddable":true,"href":"https:\/\/legrandcontinent.eu\/fr\/wp-json\/wp\/v2\/serie?post=135927"},{"taxonomy":"audience","embeddable":true,"href":"https:\/\/legrandcontinent.eu\/fr\/wp-json\/wp\/v2\/audience?post=135927"},{"taxonomy":"geo","embeddable":true,"href":"https:\/\/legrandcontinent.eu\/fr\/wp-json\/wp\/v2\/geo?post=135927"}],"curies":[{"name":"wp","href":"https:\/\/api.w.org\/{rel}","templated":true}]}}