{"id":135839,"date":"2022-04-04T23:37:06","date_gmt":"2022-04-04T21:37:06","guid":{"rendered":"https:\/\/legrandcontinent.eu\/fr\/?p=135839"},"modified":"2022-04-04T23:37:16","modified_gmt":"2022-04-04T21:37:16","slug":"resultats-des-elections-legislatives-hongroises","status":"publish","type":"post","link":"https:\/\/legrandcontinent.eu\/fr\/2022\/04\/04\/resultats-des-elections-legislatives-hongroises\/","title":{"rendered":"R\u00e9sultats des \u00e9lections l\u00e9gislatives hongroises"},"content":{"rendered":"\n<p>Dimanche 3 avril, des \u00e9lections l\u00e9gislatives ont eu lieu en Hongrie. Voici 5 points cl\u00e9s pour une analyse rapide des r\u00e9sultats.\u00a0<\/p>\n\n\n\n<ul class=\"wp-block-list\"><li>Le Premier ministre sortant, Viktor Orb\u00e1n, a remport\u00e9 une victoire remarqu\u00e9e lors des \u00e9lections l\u00e9gislatives de ce dimanche. Avec 51,3&#160;% des suffrages (2 735 383 voix), son parti, le Fidesz, a obtenu 135 des 199 si\u00e8ges de l&rsquo;Assembl\u00e9e nationale, assurant ainsi \u00e0 Orb\u00e1n son quatri\u00e8me mandat cons\u00e9cutif depuis 2010. Bien qu&rsquo;il ait toujours fait figure de favori, l&rsquo;ampleur de l&rsquo;\u00e9cart avec ses challengers a cr\u00e9\u00e9 la surprise.\u00a0<br><\/li><li>L&rsquo;opposition, pour la premi\u00e8re fois r\u00e9unie au sein d&rsquo;une large coalition de 6 partis &#8211; allant du Jobbik, parti de droite radicale, aux Verts et aux socialistes &#8211; pensait avoir de r\u00e9elles chances de l&#8217;emporter. En effet, les sondages pr\u00e9voyaient une course serr\u00e9e (50&#160;% pour le Fidesz et 45&#160;% pour l&rsquo;opposition)&#160;; mais la coalition dirig\u00e9e par P\u00e9ter M\u00e1rki-Zay, le maire conservateur de la petite ville de H\u00f3dmez\u0151v\u00e1s\u00e1rhely, n&rsquo;a finalement atteint que 35&#160;% des suffrages (1 804 995 voix), obtenant 56 si\u00e8ges au total.\u00a0\u00a0<br><\/li><li>La diversit\u00e9 de la coalition et le manque de notori\u00e9t\u00e9 relatif de la t\u00eate de liste issue des primaires sont probablement parmi les causes de cette contre-performances. Plusieurs observateurs ont toutefois d\u00e9plor\u00e9 des op\u00e9rations de <em>gerrymandering<\/em>, un financement non transparent des campagnes et un fort contr\u00f4le des m\u00e9dias par le parti au pouvoir, qui auraient nui \u00e0 l&rsquo;\u00e9quit\u00e9 des \u00e9lections. En 2018 d\u00e9j\u00e0, le comit\u00e9 de suivi de l&rsquo;OSCE avait qualifi\u00e9 les \u00e9lections hongroises de \u00ab&#160;libres mais pas \u00e9quitables&#160;\u00bb. L&rsquo;\u00e9lection de dimanche \u00e9tait la deuxi\u00e8me \u00e0 l&rsquo;occasion de laquelle un pays de l&rsquo;UE \u00e9tait soumis \u00e0 de telles proc\u00e9dures de surveillance.\u00a0<br><\/li><li>La campagne \u00e9lectorale a principalement tourn\u00e9 autour du th\u00e8me de la guerre en Ukraine. Malgr\u00e9 son soutien aux sanctions de l&rsquo;UE contre la Russie, Orb\u00e1n a exprim\u00e9 son opposition \u00e0 une implication militaire directe en Ukraine et n&rsquo;a pas r\u00e9ussi \u00e0 se distancier sans \u00e9quivoque de son alli\u00e9 Vladimir Poutine. Il \u00e9tait attendu que de telles positions, qui ont bris\u00e9 l&rsquo;unit\u00e9 le groupe de Visegr\u00e1d, pourraient \u00eatre suffisamment controvers\u00e9es pour faire baisser le taux de popularit\u00e9 d&rsquo;Orb\u00e1n en Hongrie. Au lieu de cela, le Premier ministre a r\u00e9ussi \u00e0 se pr\u00e9senter comme un promoteur de la paix et de la stabilit\u00e9 en des temps incertains, en politisant \u00e0 nouveau la question de la migration.\u00a0\u00a0<\/li><\/ul>\n\n\n\n<ul class=\"wp-block-list\"><li>Depuis son accession au pouvoir, Orb\u00e1n s&rsquo;est heurt\u00e9 \u00e0 plusieurs reprises \u00e0 l&rsquo;UE pour de pr\u00e9tendues violations de l&rsquo;\u00c9tat de droit, des droits civils et des libert\u00e9s fondamentales. Ni la d\u00e9cision de l&rsquo;UE de d\u00e9clencher les proc\u00e9dures de sanction de l&rsquo;art. 7 en 2018, ni la r\u00e9tention partielle des fonds de relance destin\u00e9s \u00e0 lutter contre la pand\u00e9mie n&rsquo;ont eu d&rsquo;impact substantiel sur les positions d&rsquo;Orb\u00e1n. Sa reconduction au pouvoir est de nature \u00e0 perp\u00e9tuer les tensions concernant l&rsquo;\u00e9tat de la d\u00e9mocratie dans l&rsquo;UE.\u00a0\u00a0<\/li><\/ul>\n\n\n\n<p><em>Nota bene.<\/em> Le m\u00eame jour, un r\u00e9f\u00e9rendum a \u00e9t\u00e9 organis\u00e9 pour se prononcer sur une loi particuli\u00e8rement controvers\u00e9e du Parlement hongrois qui interdit d&rsquo;aborder les questions LGBT+ dans les \u00e9coles. Malgr\u00e9 son potentiel de mobilisation des \u00e9lecteurs les plus conservateurs le jour du scrutin, le r\u00e9f\u00e9rendum n&rsquo;a pas atteint le seuil requis.\u00a0<\/p>\n","protected":false},"excerpt":{"rendered":"<p>Dimanche 3 avril, des \u00e9lections l\u00e9gislatives ont eu lieu en Hongrie. Bilan en cinq points.<\/p>\n","protected":false},"author":98,"featured_media":135407,"comment_status":"closed","ping_status":"closed","sticky":false,"template":"templates\/post-briefings.php","format":"standard","meta":{"_acf_changed":false,"_trash_the_other_posts":false,"_yoast_wpseo_estimated-reading-time-minutes":3,"footnotes":""},"categories":[2980],"tags":[],"staff":[2897],"editorial_format":[],"serie":[],"audience":[],"geo":[1897,536],"class_list":["post-135839","post","type-post","status-publish","format-standard","hentry","category-elections","staff-sofia-marini","geo-budapest","geo-centres"],"acf":{"open_in_webview":false,"accent":false,"_thumbnail_id":135407,"excerpt":"Dimanche 3 avril, des \u00e9lections l\u00e9gislatives ont eu lieu en Hongrie. Bilan en cinq points.","display_date":"","new_abstract":true},"yoast_head":"<!-- This site is optimized with the Yoast SEO plugin v26.1.1 - https:\/\/yoast.com\/wordpress\/plugins\/seo\/ -->\n<title>R\u00e9sultats des \u00e9lections l\u00e9gislatives hongroises | Le Grand Continent<\/title>\n<meta name=\"robots\" content=\"index, follow, max-snippet:-1, max-image-preview:large, max-video-preview:-1\" \/>\n<link rel=\"canonical\" href=\"https:\/\/legrandcontinent.eu\/fr\/2022\/04\/04\/resultats-des-elections-legislatives-hongroises\/\" \/>\n<meta property=\"og:locale\" content=\"fr_FR\" \/>\n<meta property=\"og:type\" content=\"article\" \/>\n<meta property=\"og:title\" content=\"R\u00e9sultats des \u00e9lections l\u00e9gislatives hongroises | Le Grand Continent\" \/>\n<meta property=\"og:description\" content=\"Dimanche 3 avril, des \u00e9lections l\u00e9gislatives ont eu lieu en Hongrie. Bilan en cinq points.\" \/>\n<meta property=\"og:url\" content=\"https:\/\/legrandcontinent.eu\/fr\/2022\/04\/04\/resultats-des-elections-legislatives-hongroises\/\" \/>\n<meta property=\"og:site_name\" content=\"Le Grand Continent\" \/>\n<meta property=\"article:published_time\" content=\"2022-04-04T21:37:06+00:00\" \/>\n<meta property=\"article:modified_time\" content=\"2022-04-04T21:37:16+00:00\" \/>\n<meta property=\"og:image\" content=\"https:\/\/legrandcontinent.eu\/fr\/wp-content\/uploads\/sites\/2\/2022\/03\/gc-urbietorban-scaled.jpg\" \/>\n\t<meta property=\"og:image:width\" content=\"2560\" \/>\n\t<meta property=\"og:image:height\" content=\"1440\" \/>\n\t<meta property=\"og:image:type\" content=\"image\/jpeg\" \/>\n<meta name=\"author\" content=\"Fran\u00e7ois Hublet\" \/>\n<meta name=\"twitter:card\" content=\"summary_large_image\" \/>\n<meta name=\"twitter:image\" content=\"https:\/\/legrandcontinent.eu\/fr\/wp-content\/uploads\/sites\/2\/2022\/03\/gc-urbietorban-scaled.jpg\" \/>\n<meta name=\"twitter:label1\" content=\"\u00c9crit par\" \/>\n\t<meta name=\"twitter:data1\" content=\"Fran\u00e7ois Hublet\" \/>\n\t<meta name=\"twitter:label2\" content=\"Dur\u00e9e de lecture estim\u00e9e\" \/>\n\t<meta name=\"twitter:data2\" content=\"3 minutes\" \/>\n<script type=\"application\/ld+json\" class=\"yoast-schema-graph\">{\"@context\":\"https:\/\/schema.org\",\"@graph\":[{\"@type\":\"WebPage\",\"@id\":\"https:\/\/legrandcontinent.eu\/fr\/2022\/04\/04\/resultats-des-elections-legislatives-hongroises\/\",\"url\":\"https:\/\/legrandcontinent.eu\/fr\/2022\/04\/04\/resultats-des-elections-legislatives-hongroises\/\",\"name\":\"R\u00e9sultats des \u00e9lections l\u00e9gislatives hongroises | Le Grand Continent\",\"isPartOf\":{\"@id\":\"https:\/\/legrandcontinent.eu\/fr\/#website\"},\"primaryImageOfPage\":{\"@id\":\"https:\/\/legrandcontinent.eu\/fr\/2022\/04\/04\/resultats-des-elections-legislatives-hongroises\/#primaryimage\"},\"image\":{\"@id\":\"https:\/\/legrandcontinent.eu\/fr\/2022\/04\/04\/resultats-des-elections-legislatives-hongroises\/#primaryimage\"},\"thumbnailUrl\":\"https:\/\/legrandcontinent.eu\/fr\/wp-content\/uploads\/sites\/2\/2022\/03\/gc-urbietorban-scaled.jpg\",\"datePublished\":\"2022-04-04T21:37:06+00:00\",\"dateModified\":\"2022-04-04T21:37:16+00:00\",\"author\":{\"@id\":\"https:\/\/legrandcontinent.eu\/fr\/#\/schema\/person\/8a178114687bc8266b68dcf6a19160b2\"},\"breadcrumb\":{\"@id\":\"https:\/\/legrandcontinent.eu\/fr\/2022\/04\/04\/resultats-des-elections-legislatives-hongroises\/#breadcrumb\"},\"inLanguage\":\"fr-FR\",\"potentialAction\":[{\"@type\":\"ReadAction\",\"target\":[\"https:\/\/legrandcontinent.eu\/fr\/2022\/04\/04\/resultats-des-elections-legislatives-hongroises\/\"]}]},{\"@type\":\"ImageObject\",\"inLanguage\":\"fr-FR\",\"@id\":\"https:\/\/legrandcontinent.eu\/fr\/2022\/04\/04\/resultats-des-elections-legislatives-hongroises\/#primaryimage\",\"url\":\"https:\/\/legrandcontinent.eu\/fr\/wp-content\/uploads\/sites\/2\/2022\/03\/gc-urbietorban-scaled.jpg\",\"contentUrl\":\"https:\/\/legrandcontinent.eu\/fr\/wp-content\/uploads\/sites\/2\/2022\/03\/gc-urbietorban-scaled.jpg\",\"width\":2560,\"height\":1440},{\"@type\":\"BreadcrumbList\",\"@id\":\"https:\/\/legrandcontinent.eu\/fr\/2022\/04\/04\/resultats-des-elections-legislatives-hongroises\/#breadcrumb\",\"itemListElement\":[{\"@type\":\"ListItem\",\"position\":1,\"name\":\"Accueil\",\"item\":\"https:\/\/legrandcontinent.eu\/fr\/\"},{\"@type\":\"ListItem\",\"position\":2,\"name\":\"R\u00e9sultats des \u00e9lections l\u00e9gislatives hongroises\"}]},{\"@type\":\"WebSite\",\"@id\":\"https:\/\/legrandcontinent.eu\/fr\/#website\",\"url\":\"https:\/\/legrandcontinent.eu\/fr\/\",\"name\":\"Le Grand Continent\",\"description\":\"L&#039;\u00e9chelle pertinente\",\"potentialAction\":[{\"@type\":\"SearchAction\",\"target\":{\"@type\":\"EntryPoint\",\"urlTemplate\":\"https:\/\/legrandcontinent.eu\/fr\/?s={search_term_string}\"},\"query-input\":{\"@type\":\"PropertyValueSpecification\",\"valueRequired\":true,\"valueName\":\"search_term_string\"}}],\"inLanguage\":\"fr-FR\"},{\"@type\":\"Person\",\"@id\":\"https:\/\/legrandcontinent.eu\/fr\/#\/schema\/person\/8a178114687bc8266b68dcf6a19160b2\",\"name\":\"Fran\u00e7ois Hublet\",\"image\":{\"@type\":\"ImageObject\",\"inLanguage\":\"fr-FR\",\"@id\":\"https:\/\/legrandcontinent.eu\/fr\/#\/schema\/person\/image\/\",\"url\":\"https:\/\/secure.gravatar.com\/avatar\/cc38f005f1fe04d1524b8746ee1817ed?s=96&d=mm&r=g\",\"contentUrl\":\"https:\/\/secure.gravatar.com\/avatar\/cc38f005f1fe04d1524b8746ee1817ed?s=96&d=mm&r=g\",\"caption\":\"Fran\u00e7ois Hublet\"}}]}<\/script>\n<!-- \/ Yoast SEO plugin. -->","yoast_head_json":{"title":"R\u00e9sultats des \u00e9lections l\u00e9gislatives hongroises | Le Grand Continent","robots":{"index":"index","follow":"follow","max-snippet":"max-snippet:-1","max-image-preview":"max-image-preview:large","max-video-preview":"max-video-preview:-1"},"canonical":"https:\/\/legrandcontinent.eu\/fr\/2022\/04\/04\/resultats-des-elections-legislatives-hongroises\/","og_locale":"fr_FR","og_type":"article","og_title":"R\u00e9sultats des \u00e9lections l\u00e9gislatives hongroises | Le Grand Continent","og_description":"Dimanche 3 avril, des \u00e9lections l\u00e9gislatives ont eu lieu en Hongrie. Bilan en cinq points.","og_url":"https:\/\/legrandcontinent.eu\/fr\/2022\/04\/04\/resultats-des-elections-legislatives-hongroises\/","og_site_name":"Le Grand Continent","article_published_time":"2022-04-04T21:37:06+00:00","article_modified_time":"2022-04-04T21:37:16+00:00","og_image":[{"width":2560,"height":1440,"url":"https:\/\/legrandcontinent.eu\/fr\/wp-content\/uploads\/sites\/2\/2022\/03\/gc-urbietorban-scaled.jpg","type":"image\/jpeg"}],"author":"Fran\u00e7ois Hublet","twitter_card":"summary_large_image","twitter_image":"https:\/\/legrandcontinent.eu\/fr\/wp-content\/uploads\/sites\/2\/2022\/03\/gc-urbietorban-scaled.jpg","twitter_misc":{"\u00c9crit par":"Fran\u00e7ois Hublet","Dur\u00e9e de lecture estim\u00e9e":"3 minutes"},"schema":{"@context":"https:\/\/schema.org","@graph":[{"@type":"WebPage","@id":"https:\/\/legrandcontinent.eu\/fr\/2022\/04\/04\/resultats-des-elections-legislatives-hongroises\/","url":"https:\/\/legrandcontinent.eu\/fr\/2022\/04\/04\/resultats-des-elections-legislatives-hongroises\/","name":"R\u00e9sultats des \u00e9lections l\u00e9gislatives hongroises | Le Grand Continent","isPartOf":{"@id":"https:\/\/legrandcontinent.eu\/fr\/#website"},"primaryImageOfPage":{"@id":"https:\/\/legrandcontinent.eu\/fr\/2022\/04\/04\/resultats-des-elections-legislatives-hongroises\/#primaryimage"},"image":{"@id":"https:\/\/legrandcontinent.eu\/fr\/2022\/04\/04\/resultats-des-elections-legislatives-hongroises\/#primaryimage"},"thumbnailUrl":"https:\/\/legrandcontinent.eu\/fr\/wp-content\/uploads\/sites\/2\/2022\/03\/gc-urbietorban-scaled.jpg","datePublished":"2022-04-04T21:37:06+00:00","dateModified":"2022-04-04T21:37:16+00:00","author":{"@id":"https:\/\/legrandcontinent.eu\/fr\/#\/schema\/person\/8a178114687bc8266b68dcf6a19160b2"},"breadcrumb":{"@id":"https:\/\/legrandcontinent.eu\/fr\/2022\/04\/04\/resultats-des-elections-legislatives-hongroises\/#breadcrumb"},"inLanguage":"fr-FR","potentialAction":[{"@type":"ReadAction","target":["https:\/\/legrandcontinent.eu\/fr\/2022\/04\/04\/resultats-des-elections-legislatives-hongroises\/"]}]},{"@type":"ImageObject","inLanguage":"fr-FR","@id":"https:\/\/legrandcontinent.eu\/fr\/2022\/04\/04\/resultats-des-elections-legislatives-hongroises\/#primaryimage","url":"https:\/\/legrandcontinent.eu\/fr\/wp-content\/uploads\/sites\/2\/2022\/03\/gc-urbietorban-scaled.jpg","contentUrl":"https:\/\/legrandcontinent.eu\/fr\/wp-content\/uploads\/sites\/2\/2022\/03\/gc-urbietorban-scaled.jpg","width":2560,"height":1440},{"@type":"BreadcrumbList","@id":"https:\/\/legrandcontinent.eu\/fr\/2022\/04\/04\/resultats-des-elections-legislatives-hongroises\/#breadcrumb","itemListElement":[{"@type":"ListItem","position":1,"name":"Accueil","item":"https:\/\/legrandcontinent.eu\/fr\/"},{"@type":"ListItem","position":2,"name":"R\u00e9sultats des \u00e9lections l\u00e9gislatives hongroises"}]},{"@type":"WebSite","@id":"https:\/\/legrandcontinent.eu\/fr\/#website","url":"https:\/\/legrandcontinent.eu\/fr\/","name":"Le Grand Continent","description":"L&#039;\u00e9chelle pertinente","potentialAction":[{"@type":"SearchAction","target":{"@type":"EntryPoint","urlTemplate":"https:\/\/legrandcontinent.eu\/fr\/?s={search_term_string}"},"query-input":{"@type":"PropertyValueSpecification","valueRequired":true,"valueName":"search_term_string"}}],"inLanguage":"fr-FR"},{"@type":"Person","@id":"https:\/\/legrandcontinent.eu\/fr\/#\/schema\/person\/8a178114687bc8266b68dcf6a19160b2","name":"Fran\u00e7ois Hublet","image":{"@type":"ImageObject","inLanguage":"fr-FR","@id":"https:\/\/legrandcontinent.eu\/fr\/#\/schema\/person\/image\/","url":"https:\/\/secure.gravatar.com\/avatar\/cc38f005f1fe04d1524b8746ee1817ed?s=96&d=mm&r=g","contentUrl":"https:\/\/secure.gravatar.com\/avatar\/cc38f005f1fe04d1524b8746ee1817ed?s=96&d=mm&r=g","caption":"Fran\u00e7ois Hublet"}}]}},"lgc_categories":[{"id":2980,"name":"\u00c9lections","slug":"elections"}],"lgc_author":{"id":2897,"name":"Sofia Marini","slug":"sofia-marini","description":null,"first_name":null,"last_name":null,"picture":null},"feature_image_summary":{"url":"https:\/\/legrandcontinent.eu\/fr\/wp-content\/uploads\/sites\/2\/2022\/03\/gc-urbietorban-scaled.jpg","width":2560,"height":1440,"alt":""},"feature_image_cover":null,"term_position_data":null,"_links":{"self":[{"href":"https:\/\/legrandcontinent.eu\/fr\/wp-json\/wp\/v2\/posts\/135839","targetHints":{"allow":["GET"]}}],"collection":[{"href":"https:\/\/legrandcontinent.eu\/fr\/wp-json\/wp\/v2\/posts"}],"about":[{"href":"https:\/\/legrandcontinent.eu\/fr\/wp-json\/wp\/v2\/types\/post"}],"author":[{"embeddable":true,"href":"https:\/\/legrandcontinent.eu\/fr\/wp-json\/wp\/v2\/users\/98"}],"replies":[{"embeddable":true,"href":"https:\/\/legrandcontinent.eu\/fr\/wp-json\/wp\/v2\/comments?post=135839"}],"version-history":[{"count":0,"href":"https:\/\/legrandcontinent.eu\/fr\/wp-json\/wp\/v2\/posts\/135839\/revisions"}],"wp:featuredmedia":[{"embeddable":true,"href":"https:\/\/legrandcontinent.eu\/fr\/wp-json\/wp\/v2\/media\/135407"}],"wp:attachment":[{"href":"https:\/\/legrandcontinent.eu\/fr\/wp-json\/wp\/v2\/media?parent=135839"}],"wp:term":[{"taxonomy":"category","embeddable":true,"href":"https:\/\/legrandcontinent.eu\/fr\/wp-json\/wp\/v2\/categories?post=135839"},{"taxonomy":"post_tag","embeddable":true,"href":"https:\/\/legrandcontinent.eu\/fr\/wp-json\/wp\/v2\/tags?post=135839"},{"taxonomy":"staff","embeddable":true,"href":"https:\/\/legrandcontinent.eu\/fr\/wp-json\/wp\/v2\/staff?post=135839"},{"taxonomy":"editorial_format","embeddable":true,"href":"https:\/\/legrandcontinent.eu\/fr\/wp-json\/wp\/v2\/editorial_format?post=135839"},{"taxonomy":"serie","embeddable":true,"href":"https:\/\/legrandcontinent.eu\/fr\/wp-json\/wp\/v2\/serie?post=135839"},{"taxonomy":"audience","embeddable":true,"href":"https:\/\/legrandcontinent.eu\/fr\/wp-json\/wp\/v2\/audience?post=135839"},{"taxonomy":"geo","embeddable":true,"href":"https:\/\/legrandcontinent.eu\/fr\/wp-json\/wp\/v2\/geo?post=135839"}],"curies":[{"name":"wp","href":"https:\/\/api.w.org\/{rel}","templated":true}]}}