{"id":135795,"date":"2022-04-04T16:34:52","date_gmt":"2022-04-04T14:34:52","guid":{"rendered":"https:\/\/legrandcontinent.eu\/fr\/?p=135795"},"modified":"2022-05-23T15:08:47","modified_gmt":"2022-05-23T13:08:47","slug":"reunion-de-leurogroupe","status":"publish","type":"post","link":"https:\/\/legrandcontinent.eu\/fr\/2022\/04\/04\/reunion-de-leurogroupe\/","title":{"rendered":"R\u00e9union de l&rsquo;Eurogroupe"},"content":{"rendered":"\n<ul class=\"wp-block-list\"><li>L\u2019inflation est au programme de la r\u00e9union. Le document pr\u00e9paratoire du Conseil note que l&rsquo;agression militaire russe en Ukraine a \u201caccru l&rsquo;incertitude \u00e9conomique et exacerb\u00e9 les pressions inflationnistes, notamment en raison de la limitation de l&rsquo;offre de nombreux produits de base, y compris l&rsquo;\u00e9nergie.\u201d<\/li><\/ul>\n\n\n\n<ul class=\"wp-block-list\"><li>En effet, l\u2019inflation annuelle dans la zone euro a atteint 7,5&#160;% en mars, avec de fortes disparit\u00e9s entre les diff\u00e9rents pays de la zone euro&nbsp; \u2013 l\u2019inflation a atteint 15,6&#160;% en Lituanie contre seulement 4,6&#160;% \u00e0 Malte. La hausse est port\u00e9e essentiellement par les prix de l\u2019\u00e9nergie, fortement impact\u00e9s par la guerre en Ukraine \u2013 on enregistre une augmentation de +44&#160;% par rapport au niveau de mars 2021.&nbsp;<\/li><\/ul>\n\n\n\n<div class=\"iframe-container wp-block-image wp-block-image-large  iframe-dw\">\n\t<div>\n\t\t<iframe class=\"absolute w-full h-full pin-t pin-l\" title=\"titolo\" aria-label=\"Interactive line chart\" src=\"\/\/datawrapper.dwcdn.net\/A1Zl1\/\" scrolling=\"no\" frameborder=\"0\"><\/iframe>\n\t<\/div>\n<\/div>\n\n\n\n<ul class=\"wp-block-list\"><li>Sans v\u00e9ritable hausse des salaires, l\u2019inflation pourrait se traduire par une baisse de la consommation et une \u00e9rosion du pouvoir d\u2019achat des m\u00e9nages. De plus, le contexte incertain est d\u00e9favorable \u00e0 l\u2019investissement. De ce fait, le risque de r\u00e9cession dans les prochains mois n\u2019est pas exclu. La BCE a appel\u00e9 \u00e0 la vigilance cette semaine mais a cependant insist\u00e9 sur le fait que 2022 devrait \u00eatre une ann\u00e9e de croissance.<\/li><\/ul>\n\n\n\n<ul class=\"wp-block-list\"><li>Enfin, d\u2019autres sujets devraient \u00eatre abord\u00e9s pendant cette r\u00e9union tels que l\u2019euro num\u00e9rique, le march\u00e9 du logement et l\u2019union bancaire. De plus, les ministres de finances tenteront de trouver un accord sur le deuxi\u00e8me des deux \u00ab&#160;piliers&#160;\u00bb\u00a0 de l&rsquo;accord de l&rsquo;OCDE sur la taxation minimum des entreprises, \u00e0 savoir un taux effectif minimum d&rsquo;imposition de 15&#160;%, une priorit\u00e9 de la Pr\u00e9sidence fran\u00e7aise du Conseil de l\u2019Union europ\u00e9enne.<\/li><\/ul>\n\n\n\n<ul class=\"wp-block-list\"><li>Alors que le mandat de l\u2019actuel directeur g\u00e9n\u00e9ral du M\u00e9canisme europ\u00e9en de stabilit\u00e9 (MES) touche \u00e0 sa fin, quatre personnes ont \u00e9t\u00e9 sugg\u00e9r\u00e9es par leur gouvernement pour lui succ\u00e9der.\u00a0 Le 23 mai 2022, l\u2019ensemble des ministres des Finances de la zone euro d\u00e9battront sur celui qui succ\u00e9dera \u00e0 M.Regling le 16 Juin. Le mandat durera cinq ans et le candidat devra remporter 80&#160;% des voix pour \u00eatre \u00e9lu.<\/li><\/ul>\n","protected":false},"excerpt":{"rendered":"<p>L\u2019Eurogroupe se r\u00e9unit aujourd\u2019hui au Luxembourg pour discuter des cons\u00e9quences de la guerre en Ukraine, en particulier en mati\u00e8re d\u2019inflation.<\/p>\n","protected":false},"author":1971,"featured_media":135796,"comment_status":"open","ping_status":"open","sticky":false,"template":"templates\/post-briefings.php","format":"standard","meta":{"_acf_changed":false,"_trash_the_other_posts":false,"_yoast_wpseo_estimated-reading-time-minutes":2,"footnotes":""},"categories":[1727],"tags":[],"staff":[],"editorial_format":[],"serie":[],"audience":[],"geo":[],"class_list":["post-135795","post","type-post","status-publish","format-standard","hentry","category-economie"],"acf":{"open_in_webview":false,"accent":false},"yoast_head":"<!-- This site is optimized with the Yoast SEO plugin v26.1.1 - https:\/\/yoast.com\/wordpress\/plugins\/seo\/ -->\n<title>R\u00e9union de l&#039;Eurogroupe | Le Grand Continent<\/title>\n<meta name=\"robots\" content=\"index, follow, max-snippet:-1, max-image-preview:large, max-video-preview:-1\" \/>\n<link rel=\"canonical\" href=\"https:\/\/legrandcontinent.eu\/fr\/2022\/04\/04\/reunion-de-leurogroupe\/\" \/>\n<meta property=\"og:locale\" content=\"fr_FR\" \/>\n<meta property=\"og:type\" content=\"article\" \/>\n<meta property=\"og:title\" content=\"R\u00e9union de l&#039;Eurogroupe | Le Grand Continent\" \/>\n<meta property=\"og:description\" content=\"L\u2019Eurogroupe se r\u00e9unit aujourd\u2019hui au Luxembourg pour discuter des cons\u00e9quences de la guerre en Ukraine, en particulier en mati\u00e8re d\u2019inflation.\" \/>\n<meta property=\"og:url\" content=\"https:\/\/legrandcontinent.eu\/fr\/2022\/04\/04\/reunion-de-leurogroupe\/\" \/>\n<meta property=\"og:site_name\" content=\"Le Grand Continent\" \/>\n<meta property=\"article:published_time\" content=\"2022-04-04T14:34:52+00:00\" \/>\n<meta property=\"article:modified_time\" content=\"2022-05-23T13:08:47+00:00\" \/>\n<meta property=\"og:image\" content=\"https:\/\/legrandcontinent.eu\/fr\/wp-content\/uploads\/sites\/2\/2022\/04\/gc-Eurogroupe--scaled.jpg\" \/>\n\t<meta property=\"og:image:width\" content=\"2560\" \/>\n\t<meta property=\"og:image:height\" content=\"1442\" \/>\n\t<meta property=\"og:image:type\" content=\"image\/jpeg\" \/>\n<meta name=\"author\" content=\"antoinecrouzet\" \/>\n<meta name=\"twitter:card\" content=\"summary_large_image\" \/>\n<meta name=\"twitter:image\" content=\"https:\/\/legrandcontinent.eu\/fr\/wp-content\/uploads\/sites\/2\/2022\/04\/gc-Eurogroupe-1-1-scaled.jpg\" \/>\n<meta name=\"twitter:label1\" content=\"\u00c9crit par\" \/>\n\t<meta name=\"twitter:data1\" content=\"antoinecrouzet\" \/>\n\t<meta name=\"twitter:label2\" content=\"Dur\u00e9e de lecture estim\u00e9e\" \/>\n\t<meta name=\"twitter:data2\" content=\"2 minutes\" \/>\n<script type=\"application\/ld+json\" class=\"yoast-schema-graph\">{\"@context\":\"https:\/\/schema.org\",\"@graph\":[{\"@type\":\"WebPage\",\"@id\":\"https:\/\/legrandcontinent.eu\/fr\/2022\/04\/04\/reunion-de-leurogroupe\/\",\"url\":\"https:\/\/legrandcontinent.eu\/fr\/2022\/04\/04\/reunion-de-leurogroupe\/\",\"name\":\"R\u00e9union de l'Eurogroupe | Le Grand Continent\",\"isPartOf\":{\"@id\":\"https:\/\/legrandcontinent.eu\/fr\/#website\"},\"primaryImageOfPage\":{\"@id\":\"https:\/\/legrandcontinent.eu\/fr\/2022\/04\/04\/reunion-de-leurogroupe\/#primaryimage\"},\"image\":{\"@id\":\"https:\/\/legrandcontinent.eu\/fr\/2022\/04\/04\/reunion-de-leurogroupe\/#primaryimage\"},\"thumbnailUrl\":\"https:\/\/legrandcontinent.eu\/fr\/wp-content\/uploads\/sites\/2\/2022\/04\/SIPA_AP22667013_000003-scaled.jpg\",\"datePublished\":\"2022-04-04T14:34:52+00:00\",\"dateModified\":\"2022-05-23T13:08:47+00:00\",\"author\":{\"@id\":\"https:\/\/legrandcontinent.eu\/fr\/#\/schema\/person\/ee462dd0600baa2d22814bab6037fcff\"},\"breadcrumb\":{\"@id\":\"https:\/\/legrandcontinent.eu\/fr\/2022\/04\/04\/reunion-de-leurogroupe\/#breadcrumb\"},\"inLanguage\":\"fr-FR\",\"potentialAction\":[{\"@type\":\"ReadAction\",\"target\":[\"https:\/\/legrandcontinent.eu\/fr\/2022\/04\/04\/reunion-de-leurogroupe\/\"]}]},{\"@type\":\"ImageObject\",\"inLanguage\":\"fr-FR\",\"@id\":\"https:\/\/legrandcontinent.eu\/fr\/2022\/04\/04\/reunion-de-leurogroupe\/#primaryimage\",\"url\":\"https:\/\/legrandcontinent.eu\/fr\/wp-content\/uploads\/sites\/2\/2022\/04\/SIPA_AP22667013_000003-scaled.jpg\",\"contentUrl\":\"https:\/\/legrandcontinent.eu\/fr\/wp-content\/uploads\/sites\/2\/2022\/04\/SIPA_AP22667013_000003-scaled.jpg\",\"width\":2560,\"height\":2560,\"caption\":\"Exchange rate of the Czech koruna against the euro. Photo\/Petr Malina (CTK via AP Images)\/F202204010888901\/22091642859772\/CZECH REPUBLIC OUT, SLOVAKIA OUT, POLAND OUT, SWEDEN OUT, NORWAY OUT Please contact your sales representative for pricing and restriction questions. CZECH REPUBLIC OUT, SLOVAKIA OUT, POLAND OUT, SWEDEN OUT, NORWAY OUT\/2204011955\"},{\"@type\":\"BreadcrumbList\",\"@id\":\"https:\/\/legrandcontinent.eu\/fr\/2022\/04\/04\/reunion-de-leurogroupe\/#breadcrumb\",\"itemListElement\":[{\"@type\":\"ListItem\",\"position\":1,\"name\":\"Accueil\",\"item\":\"https:\/\/legrandcontinent.eu\/fr\/\"},{\"@type\":\"ListItem\",\"position\":2,\"name\":\"R\u00e9union de l&rsquo;Eurogroupe\"}]},{\"@type\":\"WebSite\",\"@id\":\"https:\/\/legrandcontinent.eu\/fr\/#website\",\"url\":\"https:\/\/legrandcontinent.eu\/fr\/\",\"name\":\"Le Grand Continent\",\"description\":\"L&#039;\u00e9chelle pertinente\",\"potentialAction\":[{\"@type\":\"SearchAction\",\"target\":{\"@type\":\"EntryPoint\",\"urlTemplate\":\"https:\/\/legrandcontinent.eu\/fr\/?s={search_term_string}\"},\"query-input\":{\"@type\":\"PropertyValueSpecification\",\"valueRequired\":true,\"valueName\":\"search_term_string\"}}],\"inLanguage\":\"fr-FR\"},{\"@type\":\"Person\",\"@id\":\"https:\/\/legrandcontinent.eu\/fr\/#\/schema\/person\/ee462dd0600baa2d22814bab6037fcff\",\"name\":\"antoinecrouzet\",\"image\":{\"@type\":\"ImageObject\",\"inLanguage\":\"fr-FR\",\"@id\":\"https:\/\/legrandcontinent.eu\/fr\/#\/schema\/person\/image\/\",\"url\":\"https:\/\/secure.gravatar.com\/avatar\/329b17fa4fbf90afa92f6cb149268531?s=96&d=mm&r=g\",\"contentUrl\":\"https:\/\/secure.gravatar.com\/avatar\/329b17fa4fbf90afa92f6cb149268531?s=96&d=mm&r=g\",\"caption\":\"antoinecrouzet\"}}]}<\/script>\n<!-- \/ Yoast SEO plugin. -->","yoast_head_json":{"title":"R\u00e9union de l'Eurogroupe | Le Grand Continent","robots":{"index":"index","follow":"follow","max-snippet":"max-snippet:-1","max-image-preview":"max-image-preview:large","max-video-preview":"max-video-preview:-1"},"canonical":"https:\/\/legrandcontinent.eu\/fr\/2022\/04\/04\/reunion-de-leurogroupe\/","og_locale":"fr_FR","og_type":"article","og_title":"R\u00e9union de l'Eurogroupe | Le Grand Continent","og_description":"L\u2019Eurogroupe se r\u00e9unit aujourd\u2019hui au Luxembourg pour discuter des cons\u00e9quences de la guerre en Ukraine, en particulier en mati\u00e8re d\u2019inflation.","og_url":"https:\/\/legrandcontinent.eu\/fr\/2022\/04\/04\/reunion-de-leurogroupe\/","og_site_name":"Le Grand Continent","article_published_time":"2022-04-04T14:34:52+00:00","article_modified_time":"2022-05-23T13:08:47+00:00","og_image":[{"width":2560,"height":1442,"url":"https:\/\/legrandcontinent.eu\/fr\/wp-content\/uploads\/sites\/2\/2022\/04\/gc-Eurogroupe--scaled.jpg","type":"image\/jpeg"}],"author":"antoinecrouzet","twitter_card":"summary_large_image","twitter_image":"https:\/\/legrandcontinent.eu\/fr\/wp-content\/uploads\/sites\/2\/2022\/04\/gc-Eurogroupe-1-1-scaled.jpg","twitter_misc":{"\u00c9crit par":"antoinecrouzet","Dur\u00e9e de lecture estim\u00e9e":"2 minutes"},"schema":{"@context":"https:\/\/schema.org","@graph":[{"@type":"WebPage","@id":"https:\/\/legrandcontinent.eu\/fr\/2022\/04\/04\/reunion-de-leurogroupe\/","url":"https:\/\/legrandcontinent.eu\/fr\/2022\/04\/04\/reunion-de-leurogroupe\/","name":"R\u00e9union de l'Eurogroupe | Le Grand Continent","isPartOf":{"@id":"https:\/\/legrandcontinent.eu\/fr\/#website"},"primaryImageOfPage":{"@id":"https:\/\/legrandcontinent.eu\/fr\/2022\/04\/04\/reunion-de-leurogroupe\/#primaryimage"},"image":{"@id":"https:\/\/legrandcontinent.eu\/fr\/2022\/04\/04\/reunion-de-leurogroupe\/#primaryimage"},"thumbnailUrl":"https:\/\/legrandcontinent.eu\/fr\/wp-content\/uploads\/sites\/2\/2022\/04\/SIPA_AP22667013_000003-scaled.jpg","datePublished":"2022-04-04T14:34:52+00:00","dateModified":"2022-05-23T13:08:47+00:00","author":{"@id":"https:\/\/legrandcontinent.eu\/fr\/#\/schema\/person\/ee462dd0600baa2d22814bab6037fcff"},"breadcrumb":{"@id":"https:\/\/legrandcontinent.eu\/fr\/2022\/04\/04\/reunion-de-leurogroupe\/#breadcrumb"},"inLanguage":"fr-FR","potentialAction":[{"@type":"ReadAction","target":["https:\/\/legrandcontinent.eu\/fr\/2022\/04\/04\/reunion-de-leurogroupe\/"]}]},{"@type":"ImageObject","inLanguage":"fr-FR","@id":"https:\/\/legrandcontinent.eu\/fr\/2022\/04\/04\/reunion-de-leurogroupe\/#primaryimage","url":"https:\/\/legrandcontinent.eu\/fr\/wp-content\/uploads\/sites\/2\/2022\/04\/SIPA_AP22667013_000003-scaled.jpg","contentUrl":"https:\/\/legrandcontinent.eu\/fr\/wp-content\/uploads\/sites\/2\/2022\/04\/SIPA_AP22667013_000003-scaled.jpg","width":2560,"height":2560,"caption":"Exchange rate of the Czech koruna against the euro. Photo\/Petr Malina (CTK via AP Images)\/F202204010888901\/22091642859772\/CZECH REPUBLIC OUT, SLOVAKIA OUT, POLAND OUT, SWEDEN OUT, NORWAY OUT Please contact your sales representative for pricing and restriction questions. CZECH REPUBLIC OUT, SLOVAKIA OUT, POLAND OUT, SWEDEN OUT, NORWAY OUT\/2204011955"},{"@type":"BreadcrumbList","@id":"https:\/\/legrandcontinent.eu\/fr\/2022\/04\/04\/reunion-de-leurogroupe\/#breadcrumb","itemListElement":[{"@type":"ListItem","position":1,"name":"Accueil","item":"https:\/\/legrandcontinent.eu\/fr\/"},{"@type":"ListItem","position":2,"name":"R\u00e9union de l&rsquo;Eurogroupe"}]},{"@type":"WebSite","@id":"https:\/\/legrandcontinent.eu\/fr\/#website","url":"https:\/\/legrandcontinent.eu\/fr\/","name":"Le Grand Continent","description":"L&#039;\u00e9chelle pertinente","potentialAction":[{"@type":"SearchAction","target":{"@type":"EntryPoint","urlTemplate":"https:\/\/legrandcontinent.eu\/fr\/?s={search_term_string}"},"query-input":{"@type":"PropertyValueSpecification","valueRequired":true,"valueName":"search_term_string"}}],"inLanguage":"fr-FR"},{"@type":"Person","@id":"https:\/\/legrandcontinent.eu\/fr\/#\/schema\/person\/ee462dd0600baa2d22814bab6037fcff","name":"antoinecrouzet","image":{"@type":"ImageObject","inLanguage":"fr-FR","@id":"https:\/\/legrandcontinent.eu\/fr\/#\/schema\/person\/image\/","url":"https:\/\/secure.gravatar.com\/avatar\/329b17fa4fbf90afa92f6cb149268531?s=96&d=mm&r=g","contentUrl":"https:\/\/secure.gravatar.com\/avatar\/329b17fa4fbf90afa92f6cb149268531?s=96&d=mm&r=g","caption":"antoinecrouzet"}}]}},"lgc_categories":[{"id":1727,"name":"\u00c9conomie","slug":"economie"}],"lgc_author":null,"feature_image_summary":{"url":"https:\/\/legrandcontinent.eu\/fr\/wp-content\/uploads\/sites\/2\/2022\/04\/SIPA_AP22667013_000003-scaled.jpg","width":2560,"height":2560,"alt":""},"feature_image_cover":null,"term_position_data":null,"_links":{"self":[{"href":"https:\/\/legrandcontinent.eu\/fr\/wp-json\/wp\/v2\/posts\/135795","targetHints":{"allow":["GET"]}}],"collection":[{"href":"https:\/\/legrandcontinent.eu\/fr\/wp-json\/wp\/v2\/posts"}],"about":[{"href":"https:\/\/legrandcontinent.eu\/fr\/wp-json\/wp\/v2\/types\/post"}],"author":[{"embeddable":true,"href":"https:\/\/legrandcontinent.eu\/fr\/wp-json\/wp\/v2\/users\/1971"}],"replies":[{"embeddable":true,"href":"https:\/\/legrandcontinent.eu\/fr\/wp-json\/wp\/v2\/comments?post=135795"}],"version-history":[{"count":0,"href":"https:\/\/legrandcontinent.eu\/fr\/wp-json\/wp\/v2\/posts\/135795\/revisions"}],"wp:featuredmedia":[{"embeddable":true,"href":"https:\/\/legrandcontinent.eu\/fr\/wp-json\/wp\/v2\/media\/135796"}],"wp:attachment":[{"href":"https:\/\/legrandcontinent.eu\/fr\/wp-json\/wp\/v2\/media?parent=135795"}],"wp:term":[{"taxonomy":"category","embeddable":true,"href":"https:\/\/legrandcontinent.eu\/fr\/wp-json\/wp\/v2\/categories?post=135795"},{"taxonomy":"post_tag","embeddable":true,"href":"https:\/\/legrandcontinent.eu\/fr\/wp-json\/wp\/v2\/tags?post=135795"},{"taxonomy":"staff","embeddable":true,"href":"https:\/\/legrandcontinent.eu\/fr\/wp-json\/wp\/v2\/staff?post=135795"},{"taxonomy":"editorial_format","embeddable":true,"href":"https:\/\/legrandcontinent.eu\/fr\/wp-json\/wp\/v2\/editorial_format?post=135795"},{"taxonomy":"serie","embeddable":true,"href":"https:\/\/legrandcontinent.eu\/fr\/wp-json\/wp\/v2\/serie?post=135795"},{"taxonomy":"audience","embeddable":true,"href":"https:\/\/legrandcontinent.eu\/fr\/wp-json\/wp\/v2\/audience?post=135795"},{"taxonomy":"geo","embeddable":true,"href":"https:\/\/legrandcontinent.eu\/fr\/wp-json\/wp\/v2\/geo?post=135795"}],"curies":[{"name":"wp","href":"https:\/\/api.w.org\/{rel}","templated":true}]}}