{"id":132973,"date":"2022-03-03T18:45:54","date_gmt":"2022-03-03T17:45:54","guid":{"rendered":"https:\/\/legrandcontinent.eu\/fr\/?p=132973"},"modified":"2022-03-03T18:45:57","modified_gmt":"2022-03-03T17:45:57","slug":"vers-un-traite-international-pour-reduire-le-gaspillage-et-la-pollution-au-plastique","status":"publish","type":"post","link":"https:\/\/legrandcontinent.eu\/fr\/2022\/03\/03\/vers-un-traite-international-pour-reduire-le-gaspillage-et-la-pollution-au-plastique\/","title":{"rendered":"Vers un trait\u00e9 international pour r\u00e9duire le gaspillage et la pollution au plastique&#160;?&nbsp;"},"content":{"rendered":"\n<ul class=\"wp-block-list\"><li>En 2019, selon l\u2019OCDE, 460 millions de tonnes de plastiques ont \u00e9t\u00e9 produites dans le monde, g\u00e9n\u00e9rant 353 millions de tonnes de d\u00e9chets, dont moins de 10&#160;% sont actuellement recycl\u00e9es et 22&#160;% sont abandonn\u00e9es dans des d\u00e9charges sauvages, avec des cons\u00e9quences n\u00e9gatives sur l\u2019habitat, la faune, la flore et la cha\u00eene alimentaire.&nbsp;<\/li><\/ul>\n\n\n\n<div class=\"iframe-container wp-block-image wp-block-image-large  iframe-dw\">\n\t<div>\n\t\t<iframe class=\"absolute w-full h-full pin-t pin-l\" title=\"titolo\" aria-label=\"Interactive line chart\" src=\"\/\/datawrapper.dwcdn.net\/c6Eyx\/\" scrolling=\"no\" frameborder=\"0\"><\/iframe>\n\t<\/div>\n<\/div>\n\n\n\n<ul class=\"wp-block-list\"><li>En adoptant le principe d\u2019un trait\u00e9 \u00ab&#160;&nbsp;juridiquement contraignant&#160;\u00bb, les pays membres de l\u2019ONU se sont engag\u00e9s \u00e0 lutter contre ce ph\u00e9nom\u00e8ne. Certains observateurs ont d\u00e9clar\u00e9 que ce trait\u00e9 pourrait \u00eatre le plus ambitieux pour l\u2019environnement depuis le protocole de Montr\u00e9al de 1989 contre les substances d\u00e9t\u00e9riorant la couche d\u2019ozone.&nbsp;<\/li><\/ul>\n\n\n\n<div class=\"iframe-container wp-block-image wp-block-image-large  iframe-dw\">\n\t<div>\n\t\t<iframe class=\"absolute w-full h-full pin-t pin-l\" title=\"titolo\" aria-label=\"Interactive line chart\" src=\"\/\/datawrapper.dwcdn.net\/WMNht\/\" scrolling=\"no\" frameborder=\"0\"><\/iframe>\n\t<\/div>\n<\/div>\n\n\n\n<ul class=\"wp-block-list\"><li>Des n\u00e9gociations doivent commencer sous l\u2019\u00e9gide d\u2019un \u00ab&#160;&nbsp;comit\u00e9 intergouvernemental de n\u00e9gociation&#160;\u00bb pour \u00e9laborer un texte pour 2024. Elles porteront sur un \u00e9ventail de sujets tr\u00e8s vaste&#160;: le cycle de vie du plastique, la gestion des d\u00e9chets \u2013 notamment la r\u00e9utilisation ou le recyclage \u2013 des m\u00e9canismes de contr\u00f4le de la mise en \u0153uvre des objectifs du trait\u00e9, mais aussi du financement des pays en d\u00e9veloppement.&nbsp;<\/li><\/ul>\n\n\n\n<div class=\"iframe-container wp-block-image wp-block-image-large  iframe-dw\">\n\t<div>\n\t\t<iframe class=\"absolute w-full h-full pin-t pin-l\" title=\"titolo\" aria-label=\"Interactive line chart\" src=\"\/\/datawrapper.dwcdn.net\/bctgt\/\" scrolling=\"no\" frameborder=\"0\"><\/iframe>\n\t<\/div>\n<\/div>\n\n\n\n<ul class=\"wp-block-list\"><li>Le mandat de n\u00e9gociations donn\u00e9 au comit\u00e9 intergouvernemental inclut les pollutions terrestre et marine provenant des plastiques et des microplastiques. Selon l\u2019OCDE, ces produits, fabriqu\u00e9s \u00e0 partir d\u2019hydrocarbures fossiles, g\u00e9n\u00e8rent pr\u00e8s de 3,5&#160;% des \u00e9missions de gaz \u00e0 effet de serre responsables du r\u00e9chauffement climatique.<\/li><\/ul>\n\n\n\n<div class=\"iframe-container wp-block-image wp-block-image-large  iframe-dw\">\n\t<div>\n\t\t<iframe class=\"absolute w-full h-full pin-t pin-l\" title=\"titolo\" aria-label=\"Interactive line chart\" src=\"\/\/datawrapper.dwcdn.net\/uGPab\/\" scrolling=\"no\" frameborder=\"0\"><\/iframe>\n\t<\/div>\n<\/div>\n\n\n\n<ul class=\"wp-block-list\"><li>Pour l\u2019ONU, il pourrait s\u2019agir de la plus grande action pour le climat depuis l\u2019accord de Paris de 2015 visant \u00e0 limiter le r\u00e9chauffement climatique \u00e0 un niveau bien inf\u00e9rieur \u00e0 2, de pr\u00e9f\u00e9rence \u00e0 1,5 degr\u00e9 Celsius, par rapport au niveau pr\u00e9industriel.<\/li><\/ul>\n","protected":false},"excerpt":{"rendered":"<p>Hier, pr\u00e8s de 200 pays se sont r\u00e9unis dans la capitale du Kenya, \u00e0 Nairobi, dans le cadre de l\u2019assembl\u00e9e g\u00e9n\u00e9rale environnementale des Nations Unies pour traiter de la pollution du plastique dans le monde.\u00a0<\/p>\n","protected":false},"author":1971,"featured_media":132982,"comment_status":"open","ping_status":"open","sticky":false,"template":"templates\/post-briefings.php","format":"standard","meta":{"_acf_changed":false,"_trash_the_other_posts":false,"_yoast_wpseo_estimated-reading-time-minutes":2,"footnotes":""},"categories":[1],"tags":[],"staff":[],"editorial_format":[],"serie":[],"audience":[],"geo":[2163],"class_list":["post-132973","post","type-post","status-publish","format-standard","hentry","category-uncategorised","geo-monde"],"acf":{"open_in_webview":false,"accent":false},"yoast_head":"<!-- This site is optimized with the Yoast SEO plugin v26.1.1 - https:\/\/yoast.com\/wordpress\/plugins\/seo\/ -->\n<title>Vers un trait\u00e9 international pour r\u00e9duire le gaspillage et la pollution au plastique ?&nbsp; | Le Grand Continent<\/title>\n<meta name=\"robots\" content=\"index, follow, max-snippet:-1, max-image-preview:large, max-video-preview:-1\" \/>\n<link rel=\"canonical\" href=\"https:\/\/legrandcontinent.eu\/fr\/2022\/03\/03\/vers-un-traite-international-pour-reduire-le-gaspillage-et-la-pollution-au-plastique\/\" \/>\n<meta property=\"og:locale\" content=\"fr_FR\" \/>\n<meta property=\"og:type\" content=\"article\" \/>\n<meta property=\"og:title\" content=\"Vers un trait\u00e9 international pour r\u00e9duire le gaspillage et la pollution au plastique ?&nbsp; | Le Grand Continent\" \/>\n<meta property=\"og:description\" content=\"Hier, pr\u00e8s de 200 pays se sont r\u00e9unis dans la capitale du Kenya, \u00e0 Nairobi, dans le cadre de l\u2019assembl\u00e9e g\u00e9n\u00e9rale environnementale des Nations Unies pour traiter de la pollution du plastique dans le monde.\u00a0\" \/>\n<meta property=\"og:url\" content=\"https:\/\/legrandcontinent.eu\/fr\/2022\/03\/03\/vers-un-traite-international-pour-reduire-le-gaspillage-et-la-pollution-au-plastique\/\" \/>\n<meta property=\"og:site_name\" content=\"Le Grand Continent\" \/>\n<meta property=\"article:published_time\" content=\"2022-03-03T17:45:54+00:00\" \/>\n<meta property=\"article:modified_time\" content=\"2022-03-03T17:45:57+00:00\" \/>\n<meta property=\"og:image\" content=\"https:\/\/legrandcontinent.eu\/fr\/wp-content\/uploads\/sites\/2\/2022\/03\/gc-plastique--scaled.jpg\" \/>\n\t<meta property=\"og:image:width\" content=\"2560\" \/>\n\t<meta property=\"og:image:height\" content=\"1444\" \/>\n\t<meta property=\"og:image:type\" content=\"image\/jpeg\" \/>\n<meta name=\"author\" content=\"antoinecrouzet\" \/>\n<meta name=\"twitter:card\" content=\"summary_large_image\" \/>\n<meta name=\"twitter:image\" content=\"https:\/\/legrandcontinent.eu\/fr\/wp-content\/uploads\/sites\/2\/2022\/03\/gc-plastique--scaled.jpg\" \/>\n<meta name=\"twitter:label1\" content=\"\u00c9crit par\" \/>\n\t<meta name=\"twitter:data1\" content=\"antoinecrouzet\" \/>\n\t<meta name=\"twitter:label2\" content=\"Dur\u00e9e de lecture estim\u00e9e\" \/>\n\t<meta name=\"twitter:data2\" content=\"2 minutes\" \/>\n<script type=\"application\/ld+json\" class=\"yoast-schema-graph\">{\"@context\":\"https:\/\/schema.org\",\"@graph\":[{\"@type\":\"WebPage\",\"@id\":\"https:\/\/legrandcontinent.eu\/fr\/2022\/03\/03\/vers-un-traite-international-pour-reduire-le-gaspillage-et-la-pollution-au-plastique\/\",\"url\":\"https:\/\/legrandcontinent.eu\/fr\/2022\/03\/03\/vers-un-traite-international-pour-reduire-le-gaspillage-et-la-pollution-au-plastique\/\",\"name\":\"Vers un trait\u00e9 international pour r\u00e9duire le gaspillage et la pollution au plastique ?&nbsp; | Le Grand Continent\",\"isPartOf\":{\"@id\":\"https:\/\/legrandcontinent.eu\/fr\/#website\"},\"primaryImageOfPage\":{\"@id\":\"https:\/\/legrandcontinent.eu\/fr\/2022\/03\/03\/vers-un-traite-international-pour-reduire-le-gaspillage-et-la-pollution-au-plastique\/#primaryimage\"},\"image\":{\"@id\":\"https:\/\/legrandcontinent.eu\/fr\/2022\/03\/03\/vers-un-traite-international-pour-reduire-le-gaspillage-et-la-pollution-au-plastique\/#primaryimage\"},\"thumbnailUrl\":\"https:\/\/legrandcontinent.eu\/fr\/wp-content\/uploads\/sites\/2\/2022\/03\/SIPA_00938347_000014-scaled.jpg\",\"datePublished\":\"2022-03-03T17:45:54+00:00\",\"dateModified\":\"2022-03-03T17:45:57+00:00\",\"author\":{\"@id\":\"https:\/\/legrandcontinent.eu\/fr\/#\/schema\/person\/ee462dd0600baa2d22814bab6037fcff\"},\"breadcrumb\":{\"@id\":\"https:\/\/legrandcontinent.eu\/fr\/2022\/03\/03\/vers-un-traite-international-pour-reduire-le-gaspillage-et-la-pollution-au-plastique\/#breadcrumb\"},\"inLanguage\":\"fr-FR\",\"potentialAction\":[{\"@type\":\"ReadAction\",\"target\":[\"https:\/\/legrandcontinent.eu\/fr\/2022\/03\/03\/vers-un-traite-international-pour-reduire-le-gaspillage-et-la-pollution-au-plastique\/\"]}]},{\"@type\":\"ImageObject\",\"inLanguage\":\"fr-FR\",\"@id\":\"https:\/\/legrandcontinent.eu\/fr\/2022\/03\/03\/vers-un-traite-international-pour-reduire-le-gaspillage-et-la-pollution-au-plastique\/#primaryimage\",\"url\":\"https:\/\/legrandcontinent.eu\/fr\/wp-content\/uploads\/sites\/2\/2022\/03\/SIPA_00938347_000014-scaled.jpg\",\"contentUrl\":\"https:\/\/legrandcontinent.eu\/fr\/wp-content\/uploads\/sites\/2\/2022\/03\/SIPA_00938347_000014-scaled.jpg\",\"width\":2560,\"height\":1707,\"caption\":\"Bouteille en plastique a usage unique, le 30 decembre, Gace, France. Single use plastic bottle, December 30, Gace, France.\/\/BLOCHRAPHAEL_RBPLASTIQUE_1914\/1912301155\/Credit:RAPHAEL BLOCH\/SIPA\/1912301156\"},{\"@type\":\"BreadcrumbList\",\"@id\":\"https:\/\/legrandcontinent.eu\/fr\/2022\/03\/03\/vers-un-traite-international-pour-reduire-le-gaspillage-et-la-pollution-au-plastique\/#breadcrumb\",\"itemListElement\":[{\"@type\":\"ListItem\",\"position\":1,\"name\":\"Accueil\",\"item\":\"https:\/\/legrandcontinent.eu\/fr\/\"},{\"@type\":\"ListItem\",\"position\":2,\"name\":\"Vers un trait\u00e9 international pour r\u00e9duire le gaspillage et la pollution au plastique&#160;?&nbsp;\"}]},{\"@type\":\"WebSite\",\"@id\":\"https:\/\/legrandcontinent.eu\/fr\/#website\",\"url\":\"https:\/\/legrandcontinent.eu\/fr\/\",\"name\":\"Le Grand Continent\",\"description\":\"L&#039;\u00e9chelle pertinente\",\"potentialAction\":[{\"@type\":\"SearchAction\",\"target\":{\"@type\":\"EntryPoint\",\"urlTemplate\":\"https:\/\/legrandcontinent.eu\/fr\/?s={search_term_string}\"},\"query-input\":{\"@type\":\"PropertyValueSpecification\",\"valueRequired\":true,\"valueName\":\"search_term_string\"}}],\"inLanguage\":\"fr-FR\"},{\"@type\":\"Person\",\"@id\":\"https:\/\/legrandcontinent.eu\/fr\/#\/schema\/person\/ee462dd0600baa2d22814bab6037fcff\",\"name\":\"antoinecrouzet\",\"image\":{\"@type\":\"ImageObject\",\"inLanguage\":\"fr-FR\",\"@id\":\"https:\/\/legrandcontinent.eu\/fr\/#\/schema\/person\/image\/\",\"url\":\"https:\/\/secure.gravatar.com\/avatar\/329b17fa4fbf90afa92f6cb149268531?s=96&d=mm&r=g\",\"contentUrl\":\"https:\/\/secure.gravatar.com\/avatar\/329b17fa4fbf90afa92f6cb149268531?s=96&d=mm&r=g\",\"caption\":\"antoinecrouzet\"}}]}<\/script>\n<!-- \/ Yoast SEO plugin. -->","yoast_head_json":{"title":"Vers un trait\u00e9 international pour r\u00e9duire le gaspillage et la pollution au plastique ?&nbsp; | Le Grand Continent","robots":{"index":"index","follow":"follow","max-snippet":"max-snippet:-1","max-image-preview":"max-image-preview:large","max-video-preview":"max-video-preview:-1"},"canonical":"https:\/\/legrandcontinent.eu\/fr\/2022\/03\/03\/vers-un-traite-international-pour-reduire-le-gaspillage-et-la-pollution-au-plastique\/","og_locale":"fr_FR","og_type":"article","og_title":"Vers un trait\u00e9 international pour r\u00e9duire le gaspillage et la pollution au plastique ?&nbsp; | Le Grand Continent","og_description":"Hier, pr\u00e8s de 200 pays se sont r\u00e9unis dans la capitale du Kenya, \u00e0 Nairobi, dans le cadre de l\u2019assembl\u00e9e g\u00e9n\u00e9rale environnementale des Nations Unies pour traiter de la pollution du plastique dans le monde.\u00a0","og_url":"https:\/\/legrandcontinent.eu\/fr\/2022\/03\/03\/vers-un-traite-international-pour-reduire-le-gaspillage-et-la-pollution-au-plastique\/","og_site_name":"Le Grand Continent","article_published_time":"2022-03-03T17:45:54+00:00","article_modified_time":"2022-03-03T17:45:57+00:00","og_image":[{"width":2560,"height":1444,"url":"https:\/\/legrandcontinent.eu\/fr\/wp-content\/uploads\/sites\/2\/2022\/03\/gc-plastique--scaled.jpg","type":"image\/jpeg"}],"author":"antoinecrouzet","twitter_card":"summary_large_image","twitter_image":"https:\/\/legrandcontinent.eu\/fr\/wp-content\/uploads\/sites\/2\/2022\/03\/gc-plastique--scaled.jpg","twitter_misc":{"\u00c9crit par":"antoinecrouzet","Dur\u00e9e de lecture estim\u00e9e":"2 minutes"},"schema":{"@context":"https:\/\/schema.org","@graph":[{"@type":"WebPage","@id":"https:\/\/legrandcontinent.eu\/fr\/2022\/03\/03\/vers-un-traite-international-pour-reduire-le-gaspillage-et-la-pollution-au-plastique\/","url":"https:\/\/legrandcontinent.eu\/fr\/2022\/03\/03\/vers-un-traite-international-pour-reduire-le-gaspillage-et-la-pollution-au-plastique\/","name":"Vers un trait\u00e9 international pour r\u00e9duire le gaspillage et la pollution au plastique ?&nbsp; | Le Grand Continent","isPartOf":{"@id":"https:\/\/legrandcontinent.eu\/fr\/#website"},"primaryImageOfPage":{"@id":"https:\/\/legrandcontinent.eu\/fr\/2022\/03\/03\/vers-un-traite-international-pour-reduire-le-gaspillage-et-la-pollution-au-plastique\/#primaryimage"},"image":{"@id":"https:\/\/legrandcontinent.eu\/fr\/2022\/03\/03\/vers-un-traite-international-pour-reduire-le-gaspillage-et-la-pollution-au-plastique\/#primaryimage"},"thumbnailUrl":"https:\/\/legrandcontinent.eu\/fr\/wp-content\/uploads\/sites\/2\/2022\/03\/SIPA_00938347_000014-scaled.jpg","datePublished":"2022-03-03T17:45:54+00:00","dateModified":"2022-03-03T17:45:57+00:00","author":{"@id":"https:\/\/legrandcontinent.eu\/fr\/#\/schema\/person\/ee462dd0600baa2d22814bab6037fcff"},"breadcrumb":{"@id":"https:\/\/legrandcontinent.eu\/fr\/2022\/03\/03\/vers-un-traite-international-pour-reduire-le-gaspillage-et-la-pollution-au-plastique\/#breadcrumb"},"inLanguage":"fr-FR","potentialAction":[{"@type":"ReadAction","target":["https:\/\/legrandcontinent.eu\/fr\/2022\/03\/03\/vers-un-traite-international-pour-reduire-le-gaspillage-et-la-pollution-au-plastique\/"]}]},{"@type":"ImageObject","inLanguage":"fr-FR","@id":"https:\/\/legrandcontinent.eu\/fr\/2022\/03\/03\/vers-un-traite-international-pour-reduire-le-gaspillage-et-la-pollution-au-plastique\/#primaryimage","url":"https:\/\/legrandcontinent.eu\/fr\/wp-content\/uploads\/sites\/2\/2022\/03\/SIPA_00938347_000014-scaled.jpg","contentUrl":"https:\/\/legrandcontinent.eu\/fr\/wp-content\/uploads\/sites\/2\/2022\/03\/SIPA_00938347_000014-scaled.jpg","width":2560,"height":1707,"caption":"Bouteille en plastique a usage unique, le 30 decembre, Gace, France. Single use plastic bottle, December 30, Gace, France.\/\/BLOCHRAPHAEL_RBPLASTIQUE_1914\/1912301155\/Credit:RAPHAEL BLOCH\/SIPA\/1912301156"},{"@type":"BreadcrumbList","@id":"https:\/\/legrandcontinent.eu\/fr\/2022\/03\/03\/vers-un-traite-international-pour-reduire-le-gaspillage-et-la-pollution-au-plastique\/#breadcrumb","itemListElement":[{"@type":"ListItem","position":1,"name":"Accueil","item":"https:\/\/legrandcontinent.eu\/fr\/"},{"@type":"ListItem","position":2,"name":"Vers un trait\u00e9 international pour r\u00e9duire le gaspillage et la pollution au plastique&#160;?&nbsp;"}]},{"@type":"WebSite","@id":"https:\/\/legrandcontinent.eu\/fr\/#website","url":"https:\/\/legrandcontinent.eu\/fr\/","name":"Le Grand Continent","description":"L&#039;\u00e9chelle pertinente","potentialAction":[{"@type":"SearchAction","target":{"@type":"EntryPoint","urlTemplate":"https:\/\/legrandcontinent.eu\/fr\/?s={search_term_string}"},"query-input":{"@type":"PropertyValueSpecification","valueRequired":true,"valueName":"search_term_string"}}],"inLanguage":"fr-FR"},{"@type":"Person","@id":"https:\/\/legrandcontinent.eu\/fr\/#\/schema\/person\/ee462dd0600baa2d22814bab6037fcff","name":"antoinecrouzet","image":{"@type":"ImageObject","inLanguage":"fr-FR","@id":"https:\/\/legrandcontinent.eu\/fr\/#\/schema\/person\/image\/","url":"https:\/\/secure.gravatar.com\/avatar\/329b17fa4fbf90afa92f6cb149268531?s=96&d=mm&r=g","contentUrl":"https:\/\/secure.gravatar.com\/avatar\/329b17fa4fbf90afa92f6cb149268531?s=96&d=mm&r=g","caption":"antoinecrouzet"}}]}},"lgc_categories":[{"id":1,"name":"Uncategorised","slug":"uncategorised"}],"lgc_author":null,"feature_image_summary":{"url":"https:\/\/legrandcontinent.eu\/fr\/wp-content\/uploads\/sites\/2\/2022\/03\/SIPA_00938347_000014-scaled.jpg","width":2560,"height":1707,"alt":""},"feature_image_cover":null,"term_position_data":null,"_links":{"self":[{"href":"https:\/\/legrandcontinent.eu\/fr\/wp-json\/wp\/v2\/posts\/132973","targetHints":{"allow":["GET"]}}],"collection":[{"href":"https:\/\/legrandcontinent.eu\/fr\/wp-json\/wp\/v2\/posts"}],"about":[{"href":"https:\/\/legrandcontinent.eu\/fr\/wp-json\/wp\/v2\/types\/post"}],"author":[{"embeddable":true,"href":"https:\/\/legrandcontinent.eu\/fr\/wp-json\/wp\/v2\/users\/1971"}],"replies":[{"embeddable":true,"href":"https:\/\/legrandcontinent.eu\/fr\/wp-json\/wp\/v2\/comments?post=132973"}],"version-history":[{"count":0,"href":"https:\/\/legrandcontinent.eu\/fr\/wp-json\/wp\/v2\/posts\/132973\/revisions"}],"wp:featuredmedia":[{"embeddable":true,"href":"https:\/\/legrandcontinent.eu\/fr\/wp-json\/wp\/v2\/media\/132982"}],"wp:attachment":[{"href":"https:\/\/legrandcontinent.eu\/fr\/wp-json\/wp\/v2\/media?parent=132973"}],"wp:term":[{"taxonomy":"category","embeddable":true,"href":"https:\/\/legrandcontinent.eu\/fr\/wp-json\/wp\/v2\/categories?post=132973"},{"taxonomy":"post_tag","embeddable":true,"href":"https:\/\/legrandcontinent.eu\/fr\/wp-json\/wp\/v2\/tags?post=132973"},{"taxonomy":"staff","embeddable":true,"href":"https:\/\/legrandcontinent.eu\/fr\/wp-json\/wp\/v2\/staff?post=132973"},{"taxonomy":"editorial_format","embeddable":true,"href":"https:\/\/legrandcontinent.eu\/fr\/wp-json\/wp\/v2\/editorial_format?post=132973"},{"taxonomy":"serie","embeddable":true,"href":"https:\/\/legrandcontinent.eu\/fr\/wp-json\/wp\/v2\/serie?post=132973"},{"taxonomy":"audience","embeddable":true,"href":"https:\/\/legrandcontinent.eu\/fr\/wp-json\/wp\/v2\/audience?post=132973"},{"taxonomy":"geo","embeddable":true,"href":"https:\/\/legrandcontinent.eu\/fr\/wp-json\/wp\/v2\/geo?post=132973"}],"curies":[{"name":"wp","href":"https:\/\/api.w.org\/{rel}","templated":true}]}}