{"id":13035,"date":"2019-03-03T22:00:32","date_gmt":"2019-03-03T21:00:32","guid":{"rendered":"https:\/\/lldl.eu\/?p=13035"},"modified":"2019-04-05T09:13:01","modified_gmt":"2019-04-05T08:13:01","slug":"orban-precipite-leclatement-du-ppe","status":"publish","type":"post","link":"https:\/\/legrandcontinent.eu\/fr\/2019\/03\/03\/orban-precipite-leclatement-du-ppe\/","title":{"rendered":"Orb\u00e1n pr\u00e9cipite l\u2019\u00e9clatement du PPE"},"content":{"rendered":"\n<p><em>Budapest<\/em>. Viktor Orb\u00e1n et le Parti populaire europ\u00e9en (PPE) ont besoin l\u2019un de l\u2019autre. La formation europ\u00e9enne, qui rassemble les partis politiques de la droite et de la d\u00e9mocratie chr\u00e9tienne au niveau europ\u00e9en, contr\u00f4le les trois institutions centrales de l\u2019Union Europ\u00e9enne (Commission, Conseil et Parlement). Le parti hongrois du premier ministre au pouvoir occupe quant \u00e0 lui la majorit\u00e9 des si\u00e8ges du pays (12 sur 21). Alors que les premiers sondages sur les \u00e9lections de mai annoncent un recul g\u00e9n\u00e9ral du PPE, le Fidesz d\u2019Orb\u00e1n pourrait constituer un p\u00f4le de stabilit\u00e9 (<strong>6<\/strong>).<\/p>\n\n\n\n<p>Mais le premier ministre est confront\u00e9 depuis d\u00e9cembre 2018 \u00e0 un mouvement social important, qui s\u2019oppose \u00e0 un projet de r\u00e9forme drastique des retraites et de l\u2019assurance ch\u00f4mage. Pour r\u00e9affirmer sa position \u00e0 la veille des \u00e9lections, il a relanc\u00e9 la violente campagne contre George Soros. Le gouvernement de Budapest associe Jean-Claude Juncker au milliardaire am\u00e9ricain d\u2019origine hongroise&#160;: la l\u00e9gende d\u2019une affiche diffus\u00e9e sur les r\u00e9seaux sociaux proclame&#160;: \u00ab&#160;Vous m\u00e9ritez de savoir ce que Bruxelles veut&#160;! Les propositions qui menacent la s\u00e9curit\u00e9 de la Hongrie&#160;\u00bb. Cette campagne financ\u00e9e par le contribuable a scandalis\u00e9 les partenaires de Viktor Orb\u00e1n au sein du PPE.<\/p>\n\n\n\n<p>Le statut du PPE pr\u00e9voit que sept partis puissent saisir la direction pour exiger l\u2019exclusion d\u2019un des membres. Les dirigeants des \u00ab&#160;Mod\u00e9r\u00e9s&#160;\u00bb su\u00e9dois ont \u00e9t\u00e9 parmi les premiers \u00e0 demander l\u2019enclenchement de cette proc\u00e9dure (<strong>2<\/strong>). Les deux partis chr\u00e9tiens d\u00e9mocrates de Belgique, flamands et wallons, ont embo\u00eet\u00e9 le pas, tout comme les chr\u00e9tiens d\u00e9mocrates portugais (<strong>3<\/strong>). L\u2019exasp\u00e9ration semble profonde au sein de la droite europ\u00e9enne de gouvernement. M\u00eame Sebastian Kurz a critiqu\u00e9 tout haut les provocations d\u2019Orb\u00e1n (<strong>4<\/strong>).<\/p>\n\n\n\n<p>C\u2019est cependant vers Annegret Kramp Karrenbauer, pr\u00e9sidente fra\u00eechement \u00e9lue de la CDU, que se sont tourn\u00e9s tous les regards. Elle a critiqu\u00e9 durement la rh\u00e9torique haineuse du Fidesz, sans cependant appeler \u00e0 son exclusion. Elle a par la suite rencontr\u00e9 \u00e0 Berlin deux proches du premier ministre Hongrois, dont le vice-pr\u00e9sident du Fidesz Gergely Gulyas, pour leur signifier la d\u00e9sapprobation de l\u2019Allemagne.<\/p>\n\n\n\n<p>Le vrai tournant est plut\u00f4t \u00e0 chercher du c\u00f4t\u00e9 de Manfred Weber. Le candidat \u00e0 la Commission et chef du groupe PPE au parlement europ\u00e9en consid\u00e8re qu\u2019une proc\u00e9dure d\u2019exclusion du Fidesz est maintenant une option sur la table. Jusqu\u2019ici, les conservateurs bavarois avaient prot\u00e9g\u00e9 avec obstination leurs alli\u00e9s hongrois au sein du parti.<\/p>\n\n\n\n<h4 class=\"wp-block-heading\"><strong>Perspectives&#160;:<\/strong><\/h4>\n\n\n\n<ul class=\"wp-block-list\"><li>Le dernier rempart est paradoxalement constitu\u00e9 par les R\u00e9publicains fran\u00e7ais. Alors que la droite allemande laisse progressivement entendre \u00e0 M. Orb\u00e1n qu\u2019elle ne le soutiendra pas coute que coute, Laurent Wauquiez se fait silencieux. Quant \u00e0 Joseph Daul, pr\u00e9sident fran\u00e7ais du PPE qui \u00e0 lui seul pourrait ordonner l\u2019exclusion selon les statuts, il pr\u00e9f\u00e8re garder pour l\u2019instant le Fidesz dans le giron du parti. C\u2019est lui qui, en mai 2018, avait plac\u00e9 des \u00ab&#160;lignes rouges&#160;\u00bb \u00e0 ne pas franchir. Bien que ces derni\u00e8res aient \u00e9t\u00e9 manifestement transgress\u00e9es, seul Fran\u00e7ois-Xavier Bellamy a pris position clairement parmi les conservateurs fran\u00e7ais et affirme \u00ab&#160;plut\u00f4t Juncker qu\u2019Orb\u00e1n&#160;\u00bb (<strong>5<\/strong>).<\/li><\/ul>\n\n\n\n<h4 class=\"wp-block-heading\"><strong>Sources&#160;:<\/strong><\/h4>\n\n\n\n<ol class=\"wp-block-list\"><li>BR\u00d6SSLER Daniel et RO\u00dfMANN Robert,<a href=\"https:\/\/www.sueddeutsche.de\/politik\/evp-orbn-weber-1.4339769\"> CSU geht auf Distanz zu Viktor Orb\u00e1n<\/a>, S\u00fcddeutsche Zeitung, 21 f\u00e9vrier 2019.<\/li><li>DE LA BAUME Ma\u00efa,<a href=\"https:\/\/www.politico.eu\/article\/sweden-moderate-party-viktor-orban-fidesz-party-to-be-kicked-out-of-epp\/\"> Swedes push for Orb\u00e1n\u2019s Fidesz party to be kicked out of EPP<\/a>, Politico EU, 22 f\u00e9vrier 2019.<\/li><li><a href=\"http:\/\/www.spiegel.de\/politik\/ausland\/viktor-orban-konservative-parteichefs-fordern-fidesz-ausschluss-aus-evp-a-1255678.html\">Ungarische Fidesz&#160;: Konservative Parteichefs fordern EVP-Ausschluss von Orb\u00e1ns Partei<\/a>, Der Spiegel, 28 f\u00e9vrier 2019.<\/li><li>LEPELTIER-KUTASI Ludovic,<a href=\"https:\/\/courrierdeuropecentrale.fr\/sebastian-kurz-la-campagne-dorban-contre-juncker-est-inacceptable\/\"> Sebastian Kurz&#160;: \u00ab&#160;la campagne d\u2019Orb\u00e1n contre Juncker est inacceptable&#160;\u00bb<\/a>, Courrier d\u2019Europe Centrale, 22 f\u00e9vrier 2019.<\/li><li>STOLL Guillaume,<a href=\"https:\/\/www.nouvelobs.com\/politique\/20190227.OBS0892\/bellamy-plutot-macron-que-le-pen-le-candidat-lr-s-explique.html\"> Bellamy \u00ab&#160;plut\u00f4t Macron que Le Pen&#160;\u00bb&#160;: le candidat LR s&rsquo;explique<\/a>, L\u2019Obs, 27 f\u00e9verier 2019.<\/li><li>ZSIROS Sandor,<a href=\"https:\/\/www.euronews.com\/2019\/03\/01\/what-do-orban-and-the-epp-offer-each-other-euronews-answers\"> What do Orban and the EPP offer each other&#160;? | Euronews answers<\/a>, Euronews, 1 mars 2019.<\/li><\/ol>\n\n\n\n<p><strong>Pierre Mennerat<\/strong><\/p>\n","protected":false},"excerpt":{"rendered":"<p>Aux prises avec un mouvement social inattendu, Viktor Orb\u00e1n a relanc\u00e9 ses attaques contre Bruxelles. En attaquant directement le pr\u00e9sident Juncker, membre du Parti Populaire Europ\u00e9en au sein duquel si\u00e8ge le Fidesz, le premier ministre Hongrois risque de pr\u00e9cipiter la d\u00e9sint\u00e9gration d\u2019un parti incertain de ses valeurs. <\/p>\n","protected":false},"author":2,"featured_media":0,"comment_status":"closed","ping_status":"closed","sticky":false,"template":"templates\/post-briefings.php","format":"standard","meta":{"_acf_changed":false,"_trash_the_other_posts":false,"_yoast_wpseo_estimated-reading-time-minutes":0,"footnotes":""},"categories":[1731],"tags":[],"staff":[1691],"editorial_format":[],"serie":[],"audience":[],"geo":[536],"class_list":["post-13035","post","type-post","status-publish","format-standard","hentry","category-politique","staff-pierre-mennerat","geo-centres"],"acf":{"open_in_webview":false,"accent":false,"_thumbnail_id":"","excerpt":"Aux prises avec un mouvement social inattendu, Viktor Orb\u00e1n a relanc\u00e9 ses attaques contre Bruxelles. En attaquant directement le pr\u00e9sident Juncker, membre du Parti Populaire Europ\u00e9en au sein duquel si\u00e8ge le Fidesz, le premier ministre Hongrois risque de pr\u00e9cipiter la d\u00e9sint\u00e9gration d\u2019un parti incertain de ses valeurs. ","display_date":"","new_abstract":true},"yoast_head":"<!-- This site is optimized with the Yoast SEO plugin v26.1.1 - https:\/\/yoast.com\/wordpress\/plugins\/seo\/ -->\n<title>Orb\u00e1n pr\u00e9cipite l\u2019\u00e9clatement du PPE | Le Grand Continent<\/title>\n<meta name=\"robots\" content=\"index, follow, max-snippet:-1, max-image-preview:large, max-video-preview:-1\" \/>\n<link rel=\"canonical\" href=\"https:\/\/legrandcontinent.eu\/fr\/2019\/03\/03\/orban-precipite-leclatement-du-ppe\/\" \/>\n<meta property=\"og:locale\" content=\"fr_FR\" \/>\n<meta property=\"og:type\" content=\"article\" \/>\n<meta property=\"og:title\" content=\"Orb\u00e1n pr\u00e9cipite l\u2019\u00e9clatement du PPE | Le Grand Continent\" \/>\n<meta property=\"og:description\" content=\"Aux prises avec un mouvement social inattendu, Viktor Orb\u00e1n a relanc\u00e9 ses attaques contre Bruxelles. En attaquant directement le pr\u00e9sident Juncker, membre du Parti Populaire Europ\u00e9en au sein duquel si\u00e8ge le Fidesz, le premier ministre Hongrois risque de pr\u00e9cipiter la d\u00e9sint\u00e9gration d\u2019un parti incertain de ses valeurs.\" \/>\n<meta property=\"og:url\" content=\"https:\/\/legrandcontinent.eu\/fr\/2019\/03\/03\/orban-precipite-leclatement-du-ppe\/\" \/>\n<meta property=\"og:site_name\" content=\"Le Grand Continent\" \/>\n<meta property=\"article:published_time\" content=\"2019-03-03T21:00:32+00:00\" \/>\n<meta property=\"article:modified_time\" content=\"2019-04-05T08:13:01+00:00\" \/>\n<meta name=\"author\" content=\"alevals\" \/>\n<meta name=\"twitter:card\" content=\"summary_large_image\" \/>\n<meta name=\"twitter:label1\" content=\"\u00c9crit par\" \/>\n\t<meta name=\"twitter:data1\" content=\"alevals\" \/>\n\t<meta name=\"twitter:label2\" content=\"Dur\u00e9e de lecture estim\u00e9e\" \/>\n\t<meta name=\"twitter:data2\" content=\"3 minutes\" \/>\n<script type=\"application\/ld+json\" class=\"yoast-schema-graph\">{\"@context\":\"https:\/\/schema.org\",\"@graph\":[{\"@type\":\"WebPage\",\"@id\":\"https:\/\/legrandcontinent.eu\/fr\/2019\/03\/03\/orban-precipite-leclatement-du-ppe\/\",\"url\":\"https:\/\/legrandcontinent.eu\/fr\/2019\/03\/03\/orban-precipite-leclatement-du-ppe\/\",\"name\":\"Orb\u00e1n pr\u00e9cipite l\u2019\u00e9clatement du PPE | Le Grand Continent\",\"isPartOf\":{\"@id\":\"https:\/\/legrandcontinent.eu\/fr\/#website\"},\"datePublished\":\"2019-03-03T21:00:32+00:00\",\"dateModified\":\"2019-04-05T08:13:01+00:00\",\"author\":{\"@id\":\"https:\/\/legrandcontinent.eu\/fr\/#\/schema\/person\/65e95442ccc8faeb99165aa95bcea06e\"},\"breadcrumb\":{\"@id\":\"https:\/\/legrandcontinent.eu\/fr\/2019\/03\/03\/orban-precipite-leclatement-du-ppe\/#breadcrumb\"},\"inLanguage\":\"fr-FR\",\"potentialAction\":[{\"@type\":\"ReadAction\",\"target\":[\"https:\/\/legrandcontinent.eu\/fr\/2019\/03\/03\/orban-precipite-leclatement-du-ppe\/\"]}]},{\"@type\":\"BreadcrumbList\",\"@id\":\"https:\/\/legrandcontinent.eu\/fr\/2019\/03\/03\/orban-precipite-leclatement-du-ppe\/#breadcrumb\",\"itemListElement\":[{\"@type\":\"ListItem\",\"position\":1,\"name\":\"Accueil\",\"item\":\"https:\/\/legrandcontinent.eu\/fr\/\"},{\"@type\":\"ListItem\",\"position\":2,\"name\":\"Orb\u00e1n pr\u00e9cipite l\u2019\u00e9clatement du PPE\"}]},{\"@type\":\"WebSite\",\"@id\":\"https:\/\/legrandcontinent.eu\/fr\/#website\",\"url\":\"https:\/\/legrandcontinent.eu\/fr\/\",\"name\":\"Le Grand Continent\",\"description\":\"L&#039;\u00e9chelle pertinente\",\"potentialAction\":[{\"@type\":\"SearchAction\",\"target\":{\"@type\":\"EntryPoint\",\"urlTemplate\":\"https:\/\/legrandcontinent.eu\/fr\/?s={search_term_string}\"},\"query-input\":{\"@type\":\"PropertyValueSpecification\",\"valueRequired\":true,\"valueName\":\"search_term_string\"}}],\"inLanguage\":\"fr-FR\"},{\"@type\":\"Person\",\"@id\":\"https:\/\/legrandcontinent.eu\/fr\/#\/schema\/person\/65e95442ccc8faeb99165aa95bcea06e\",\"name\":\"alevals\",\"image\":{\"@type\":\"ImageObject\",\"inLanguage\":\"fr-FR\",\"@id\":\"https:\/\/legrandcontinent.eu\/fr\/#\/schema\/person\/image\/\",\"url\":\"https:\/\/secure.gravatar.com\/avatar\/94b13c11b37d5487c1720b83c90d23d4?s=96&d=mm&r=g\",\"contentUrl\":\"https:\/\/secure.gravatar.com\/avatar\/94b13c11b37d5487c1720b83c90d23d4?s=96&d=mm&r=g\",\"caption\":\"alevals\"},\"description\":\"My french info\"}]}<\/script>\n<!-- \/ Yoast SEO plugin. -->","yoast_head_json":{"title":"Orb\u00e1n pr\u00e9cipite l\u2019\u00e9clatement du PPE | Le Grand Continent","robots":{"index":"index","follow":"follow","max-snippet":"max-snippet:-1","max-image-preview":"max-image-preview:large","max-video-preview":"max-video-preview:-1"},"canonical":"https:\/\/legrandcontinent.eu\/fr\/2019\/03\/03\/orban-precipite-leclatement-du-ppe\/","og_locale":"fr_FR","og_type":"article","og_title":"Orb\u00e1n pr\u00e9cipite l\u2019\u00e9clatement du PPE | Le Grand Continent","og_description":"Aux prises avec un mouvement social inattendu, Viktor Orb\u00e1n a relanc\u00e9 ses attaques contre Bruxelles. En attaquant directement le pr\u00e9sident Juncker, membre du Parti Populaire Europ\u00e9en au sein duquel si\u00e8ge le Fidesz, le premier ministre Hongrois risque de pr\u00e9cipiter la d\u00e9sint\u00e9gration d\u2019un parti incertain de ses valeurs.","og_url":"https:\/\/legrandcontinent.eu\/fr\/2019\/03\/03\/orban-precipite-leclatement-du-ppe\/","og_site_name":"Le Grand Continent","article_published_time":"2019-03-03T21:00:32+00:00","article_modified_time":"2019-04-05T08:13:01+00:00","author":"alevals","twitter_card":"summary_large_image","twitter_misc":{"\u00c9crit par":"alevals","Dur\u00e9e de lecture estim\u00e9e":"3 minutes"},"schema":{"@context":"https:\/\/schema.org","@graph":[{"@type":"WebPage","@id":"https:\/\/legrandcontinent.eu\/fr\/2019\/03\/03\/orban-precipite-leclatement-du-ppe\/","url":"https:\/\/legrandcontinent.eu\/fr\/2019\/03\/03\/orban-precipite-leclatement-du-ppe\/","name":"Orb\u00e1n pr\u00e9cipite l\u2019\u00e9clatement du PPE | Le Grand Continent","isPartOf":{"@id":"https:\/\/legrandcontinent.eu\/fr\/#website"},"datePublished":"2019-03-03T21:00:32+00:00","dateModified":"2019-04-05T08:13:01+00:00","author":{"@id":"https:\/\/legrandcontinent.eu\/fr\/#\/schema\/person\/65e95442ccc8faeb99165aa95bcea06e"},"breadcrumb":{"@id":"https:\/\/legrandcontinent.eu\/fr\/2019\/03\/03\/orban-precipite-leclatement-du-ppe\/#breadcrumb"},"inLanguage":"fr-FR","potentialAction":[{"@type":"ReadAction","target":["https:\/\/legrandcontinent.eu\/fr\/2019\/03\/03\/orban-precipite-leclatement-du-ppe\/"]}]},{"@type":"BreadcrumbList","@id":"https:\/\/legrandcontinent.eu\/fr\/2019\/03\/03\/orban-precipite-leclatement-du-ppe\/#breadcrumb","itemListElement":[{"@type":"ListItem","position":1,"name":"Accueil","item":"https:\/\/legrandcontinent.eu\/fr\/"},{"@type":"ListItem","position":2,"name":"Orb\u00e1n pr\u00e9cipite l\u2019\u00e9clatement du PPE"}]},{"@type":"WebSite","@id":"https:\/\/legrandcontinent.eu\/fr\/#website","url":"https:\/\/legrandcontinent.eu\/fr\/","name":"Le Grand Continent","description":"L&#039;\u00e9chelle pertinente","potentialAction":[{"@type":"SearchAction","target":{"@type":"EntryPoint","urlTemplate":"https:\/\/legrandcontinent.eu\/fr\/?s={search_term_string}"},"query-input":{"@type":"PropertyValueSpecification","valueRequired":true,"valueName":"search_term_string"}}],"inLanguage":"fr-FR"},{"@type":"Person","@id":"https:\/\/legrandcontinent.eu\/fr\/#\/schema\/person\/65e95442ccc8faeb99165aa95bcea06e","name":"alevals","image":{"@type":"ImageObject","inLanguage":"fr-FR","@id":"https:\/\/legrandcontinent.eu\/fr\/#\/schema\/person\/image\/","url":"https:\/\/secure.gravatar.com\/avatar\/94b13c11b37d5487c1720b83c90d23d4?s=96&d=mm&r=g","contentUrl":"https:\/\/secure.gravatar.com\/avatar\/94b13c11b37d5487c1720b83c90d23d4?s=96&d=mm&r=g","caption":"alevals"},"description":"My french info"}]}},"lgc_categories":[{"id":1731,"name":"Politique","slug":"politique"}],"lgc_author":{"id":1691,"name":"Pierre Mennerat","slug":"pierre-mennerat","description":"<span style=\"font-weight: 400\">Pierre Mennerat est germaniste agr\u00e9g\u00e9 d\u2019allemand \u00e0 l\u2019ENS-Ulm. Titulaire d\u2019un dipl\u00f4me en histoire contemporaine et litt\u00e9rature germanophone de la Sorbonne, il y est d\u00e9sormais doctorant en histoire contemporaine de l\u2019Allemagne. Ses travaux portent sur la diplomatie de l\u2019Allemagne f\u00e9d\u00e9rale face \u00e0 l\u2019apartheir entre 1983 et 1989 et sur les droits de l\u2019homme en R\u00e9publique f\u00e9d\u00e9rale. <\/span>","first_name":"Pierre ","last_name":"Mennerat","picture":{"url":"https:\/\/legrandcontinent.eu\/fr\/wp-content\/uploads\/sites\/2\/2023\/01\/JHOJd33h_400x400.jpeg","width":400,"height":400,"alt":""}},"feature_image_summary":null,"feature_image_cover":null,"term_position_data":null,"_links":{"self":[{"href":"https:\/\/legrandcontinent.eu\/fr\/wp-json\/wp\/v2\/posts\/13035","targetHints":{"allow":["GET"]}}],"collection":[{"href":"https:\/\/legrandcontinent.eu\/fr\/wp-json\/wp\/v2\/posts"}],"about":[{"href":"https:\/\/legrandcontinent.eu\/fr\/wp-json\/wp\/v2\/types\/post"}],"author":[{"embeddable":true,"href":"https:\/\/legrandcontinent.eu\/fr\/wp-json\/wp\/v2\/users\/2"}],"replies":[{"embeddable":true,"href":"https:\/\/legrandcontinent.eu\/fr\/wp-json\/wp\/v2\/comments?post=13035"}],"version-history":[{"count":0,"href":"https:\/\/legrandcontinent.eu\/fr\/wp-json\/wp\/v2\/posts\/13035\/revisions"}],"wp:attachment":[{"href":"https:\/\/legrandcontinent.eu\/fr\/wp-json\/wp\/v2\/media?parent=13035"}],"wp:term":[{"taxonomy":"category","embeddable":true,"href":"https:\/\/legrandcontinent.eu\/fr\/wp-json\/wp\/v2\/categories?post=13035"},{"taxonomy":"post_tag","embeddable":true,"href":"https:\/\/legrandcontinent.eu\/fr\/wp-json\/wp\/v2\/tags?post=13035"},{"taxonomy":"staff","embeddable":true,"href":"https:\/\/legrandcontinent.eu\/fr\/wp-json\/wp\/v2\/staff?post=13035"},{"taxonomy":"editorial_format","embeddable":true,"href":"https:\/\/legrandcontinent.eu\/fr\/wp-json\/wp\/v2\/editorial_format?post=13035"},{"taxonomy":"serie","embeddable":true,"href":"https:\/\/legrandcontinent.eu\/fr\/wp-json\/wp\/v2\/serie?post=13035"},{"taxonomy":"audience","embeddable":true,"href":"https:\/\/legrandcontinent.eu\/fr\/wp-json\/wp\/v2\/audience?post=13035"},{"taxonomy":"geo","embeddable":true,"href":"https:\/\/legrandcontinent.eu\/fr\/wp-json\/wp\/v2\/geo?post=13035"}],"curies":[{"name":"wp","href":"https:\/\/api.w.org\/{rel}","templated":true}]}}