{"id":129930,"date":"2022-01-30T22:21:04","date_gmt":"2022-01-30T21:21:04","guid":{"rendered":"https:\/\/legrandcontinent.eu\/fr\/?p=129930"},"modified":"2022-01-30T22:29:56","modified_gmt":"2022-01-30T21:29:56","slug":"resultats-des-elections-legislatives-portugaises","status":"publish","type":"post","link":"https:\/\/legrandcontinent.eu\/fr\/2022\/01\/30\/resultats-des-elections-legislatives-portugaises\/","title":{"rendered":"R\u00e9sultats des \u00e9lections l\u00e9gislatives portugaises"},"content":{"rendered":"\n<p>Dimanche 30 janvier, le Portugal renouvelait son parlement unicam\u00e9ral, l&rsquo;Assembl\u00e9e de la R\u00e9publique. Bilan en cinq points.<\/p>\n\n\n\n<ul class=\"wp-block-list\"><li>Des \u00e9lections anticip\u00e9es \u00e9taient convoqu\u00e9es apr\u00e8s la dissolution du parlement par le pr\u00e9sident Marcelo Rebelo de Sousa (PSD, PPE) en novembre. Cette dissolution faisait suite aux blocages constat\u00e9s \u00e0 l&rsquo;automne lors du vote du budget&#160;: le Parti socialiste (PS, S&amp;D) du premier ministre Ant\u00f3nio Costa, \u00e0 la t\u00eate d&rsquo;un gouvernement minoritaire, n&rsquo;avait pas r\u00e9ussi \u00e0 convaincre les deux formations de gauche radicale qui le soutenaient jusque alors (le Bloc de Gauche &#8211; BE &#8211; et les communistes) de soutenir le projet de son gouvernement.<br><\/li><li>Sur fond de participation en nette hausse (55,6&#160;%, +7,0 pp), le PS a obtenu cette fois une victoire nette. Il n&rsquo;est cependant pas acquis que cette victoire lui assurera la majorit\u00e9 absolue des si\u00e8ges au parlement. Selon les estimations, les socialistes obtiendraient 36,6 \u00e0 42,6&#160;% des voix et 108 \u00e0 120 si\u00e8ges sur les 230 que compte l&rsquo;Assembl\u00e9e de la R\u00e9publique. Les deux formations de gauche qui tol\u00e9raient le pr\u00e9c\u00e9dent gouvernement accusent quant \u00e0 elles une forte baisse&#160;: le BE devrait perdre la moiti\u00e9 de ses 19 si\u00e8ges, la Coalition d\u00e9mocratique unitaire (CDU, communistes et Verts) au moins 3 de ses douze mandats actuels.<br><\/li><li>Le Parti social-d\u00e9mocrate (PSD, PPE), principale formation de centre-droit portugaise, arrive second avec 26,7 \u00e0 32,7&#160;% des voix, sans r\u00e9ussir \u00e0 rivaliser avec la dynamique politique du PS. Il devrait obtenir 77 \u00e0 89 parlementaires, potentiellement en l\u00e9g\u00e8re hausse par rapport \u00e0 ses positions actuelles (79 d\u00e9put\u00e9s).<br><\/li><li>Les observateurs scrutent avec attention la dynamique du jeune parti nationaliste Chega (ID), fond\u00e9 en 2019 apr\u00e8s quarante ans de relative insignificance de l&rsquo;extr\u00eame droite au Portugal. Le parti devrait obtenir 6 \u00e0 12 si\u00e8ges, mais sa part de voix restera tr\u00e8s probablement en-de\u00e7\u00e0 de la barre symbolique des 10&#160;% &#8211; un r\u00e9sultat plus faible qu&rsquo;aux \u00e9lections pr\u00e9sidentielles de janvier 2021. Une autre formation politique relativement nouvelle, l&rsquo;Initiative lib\u00e9rale (IL, RE) fond\u00e9e en 2017, disputera \u00e0 Chega la troisi\u00e8me place de ce scrutin, pour un nombre de si\u00e8ges \u00e9quivalent.<\/li><\/ul>\n\n\n\n<ul class=\"wp-block-list\"><li>Une demi-douzaine de si\u00e8ges restants devrait se r\u00e9partir entre Personnes-Animaux-Nature (PAN, Verts\/ALE), les conservateurs du CDS (PPE) et les \u00e9co-socialistes de LIBRE. Des r\u00e9sultats plus d\u00e9taill\u00e9s sont attendus dans la nuit et demain lundi 31 janvier.<\/li><\/ul>\n\n\n\n<p><em>Nota bene.<\/em> L&rsquo;inconnue majeure de cette soir\u00e9e \u00e9lectorale reste la capacit\u00e9 du PS d&rsquo;Ant\u00f3nio Costa \u00e0 obtenir une majorit\u00e9 absolue au Parlement sans devoir compter sur le soutien de la gauche radicale.<\/p>\n","protected":false},"excerpt":{"rendered":"<p>Dimanche 30 janvier, le Portugal renouvelait son parlement unicam\u00e9ral, l&rsquo;Assembl\u00e9e de la R\u00e9publique. Bilan en cinq points.<\/p>\n","protected":false},"author":98,"featured_media":129935,"comment_status":"closed","ping_status":"closed","sticky":false,"template":"templates\/post-briefings.php","format":"standard","meta":{"_acf_changed":false,"_trash_the_other_posts":false,"_yoast_wpseo_estimated-reading-time-minutes":3,"footnotes":""},"categories":[2980],"tags":[],"staff":[1637],"editorial_format":[],"serie":[],"audience":[],"geo":[543],"class_list":["post-129930","post","type-post","status-publish","format-standard","hentry","category-elections","staff-francois-hublet","geo-mediterranee"],"acf":{"open_in_webview":false,"accent":false},"yoast_head":"<!-- This site is optimized with the Yoast SEO plugin v26.1.1 - https:\/\/yoast.com\/wordpress\/plugins\/seo\/ -->\n<title>R\u00e9sultats des \u00e9lections l\u00e9gislatives portugaises | Le Grand Continent<\/title>\n<meta name=\"robots\" content=\"index, follow, max-snippet:-1, max-image-preview:large, max-video-preview:-1\" \/>\n<link rel=\"canonical\" href=\"https:\/\/legrandcontinent.eu\/fr\/2022\/01\/30\/resultats-des-elections-legislatives-portugaises\/\" \/>\n<meta property=\"og:locale\" content=\"fr_FR\" \/>\n<meta property=\"og:type\" content=\"article\" \/>\n<meta property=\"og:title\" content=\"R\u00e9sultats des \u00e9lections l\u00e9gislatives portugaises | Le Grand Continent\" \/>\n<meta property=\"og:description\" content=\"Dimanche 30 janvier, le Portugal renouvelait son parlement unicam\u00e9ral, l&#039;Assembl\u00e9e de la R\u00e9publique. Bilan en cinq points.\" \/>\n<meta property=\"og:url\" content=\"https:\/\/legrandcontinent.eu\/fr\/2022\/01\/30\/resultats-des-elections-legislatives-portugaises\/\" \/>\n<meta property=\"og:site_name\" content=\"Le Grand Continent\" \/>\n<meta property=\"article:published_time\" content=\"2022-01-30T21:21:04+00:00\" \/>\n<meta property=\"article:modified_time\" content=\"2022-01-30T21:29:56+00:00\" \/>\n<meta property=\"og:image\" content=\"https:\/\/legrandcontinent.eu\/fr\/wp-content\/uploads\/sites\/2\/2022\/01\/20220130_Assemblea_da_Republica.png\" \/>\n\t<meta property=\"og:image:width\" content=\"1445\" \/>\n\t<meta property=\"og:image:height\" content=\"826\" \/>\n\t<meta property=\"og:image:type\" content=\"image\/png\" \/>\n<meta name=\"author\" content=\"Fran\u00e7ois Hublet\" \/>\n<meta name=\"twitter:card\" content=\"summary_large_image\" \/>\n<meta name=\"twitter:image\" content=\"https:\/\/legrandcontinent.eu\/fr\/wp-content\/uploads\/sites\/2\/2022\/01\/20220130_Assemblea_da_Republica.png\" \/>\n<meta name=\"twitter:label1\" content=\"\u00c9crit par\" \/>\n\t<meta name=\"twitter:data1\" content=\"Fran\u00e7ois Hublet\" \/>\n\t<meta name=\"twitter:label2\" content=\"Dur\u00e9e de lecture estim\u00e9e\" \/>\n\t<meta name=\"twitter:data2\" content=\"3 minutes\" \/>\n<script type=\"application\/ld+json\" class=\"yoast-schema-graph\">{\"@context\":\"https:\/\/schema.org\",\"@graph\":[{\"@type\":\"WebPage\",\"@id\":\"https:\/\/legrandcontinent.eu\/fr\/2022\/01\/30\/resultats-des-elections-legislatives-portugaises\/\",\"url\":\"https:\/\/legrandcontinent.eu\/fr\/2022\/01\/30\/resultats-des-elections-legislatives-portugaises\/\",\"name\":\"R\u00e9sultats des \u00e9lections l\u00e9gislatives portugaises | Le Grand Continent\",\"isPartOf\":{\"@id\":\"https:\/\/legrandcontinent.eu\/fr\/#website\"},\"primaryImageOfPage\":{\"@id\":\"https:\/\/legrandcontinent.eu\/fr\/2022\/01\/30\/resultats-des-elections-legislatives-portugaises\/#primaryimage\"},\"image\":{\"@id\":\"https:\/\/legrandcontinent.eu\/fr\/2022\/01\/30\/resultats-des-elections-legislatives-portugaises\/#primaryimage\"},\"thumbnailUrl\":\"https:\/\/legrandcontinent.eu\/fr\/wp-content\/uploads\/sites\/2\/2022\/01\/20220130_Assemblea_da_Republica.png\",\"datePublished\":\"2022-01-30T21:21:04+00:00\",\"dateModified\":\"2022-01-30T21:29:56+00:00\",\"author\":{\"@id\":\"https:\/\/legrandcontinent.eu\/fr\/#\/schema\/person\/8a178114687bc8266b68dcf6a19160b2\"},\"breadcrumb\":{\"@id\":\"https:\/\/legrandcontinent.eu\/fr\/2022\/01\/30\/resultats-des-elections-legislatives-portugaises\/#breadcrumb\"},\"inLanguage\":\"fr-FR\",\"potentialAction\":[{\"@type\":\"ReadAction\",\"target\":[\"https:\/\/legrandcontinent.eu\/fr\/2022\/01\/30\/resultats-des-elections-legislatives-portugaises\/\"]}]},{\"@type\":\"ImageObject\",\"inLanguage\":\"fr-FR\",\"@id\":\"https:\/\/legrandcontinent.eu\/fr\/2022\/01\/30\/resultats-des-elections-legislatives-portugaises\/#primaryimage\",\"url\":\"https:\/\/legrandcontinent.eu\/fr\/wp-content\/uploads\/sites\/2\/2022\/01\/20220130_Assemblea_da_Republica.png\",\"contentUrl\":\"https:\/\/legrandcontinent.eu\/fr\/wp-content\/uploads\/sites\/2\/2022\/01\/20220130_Assemblea_da_Republica.png\",\"width\":1445,\"height\":826},{\"@type\":\"BreadcrumbList\",\"@id\":\"https:\/\/legrandcontinent.eu\/fr\/2022\/01\/30\/resultats-des-elections-legislatives-portugaises\/#breadcrumb\",\"itemListElement\":[{\"@type\":\"ListItem\",\"position\":1,\"name\":\"Accueil\",\"item\":\"https:\/\/legrandcontinent.eu\/fr\/\"},{\"@type\":\"ListItem\",\"position\":2,\"name\":\"R\u00e9sultats des \u00e9lections l\u00e9gislatives portugaises\"}]},{\"@type\":\"WebSite\",\"@id\":\"https:\/\/legrandcontinent.eu\/fr\/#website\",\"url\":\"https:\/\/legrandcontinent.eu\/fr\/\",\"name\":\"Le Grand Continent\",\"description\":\"L&#039;\u00e9chelle pertinente\",\"potentialAction\":[{\"@type\":\"SearchAction\",\"target\":{\"@type\":\"EntryPoint\",\"urlTemplate\":\"https:\/\/legrandcontinent.eu\/fr\/?s={search_term_string}\"},\"query-input\":{\"@type\":\"PropertyValueSpecification\",\"valueRequired\":true,\"valueName\":\"search_term_string\"}}],\"inLanguage\":\"fr-FR\"},{\"@type\":\"Person\",\"@id\":\"https:\/\/legrandcontinent.eu\/fr\/#\/schema\/person\/8a178114687bc8266b68dcf6a19160b2\",\"name\":\"Fran\u00e7ois Hublet\",\"image\":{\"@type\":\"ImageObject\",\"inLanguage\":\"fr-FR\",\"@id\":\"https:\/\/legrandcontinent.eu\/fr\/#\/schema\/person\/image\/\",\"url\":\"https:\/\/secure.gravatar.com\/avatar\/cc38f005f1fe04d1524b8746ee1817ed?s=96&d=mm&r=g\",\"contentUrl\":\"https:\/\/secure.gravatar.com\/avatar\/cc38f005f1fe04d1524b8746ee1817ed?s=96&d=mm&r=g\",\"caption\":\"Fran\u00e7ois Hublet\"}}]}<\/script>\n<!-- \/ Yoast SEO plugin. -->","yoast_head_json":{"title":"R\u00e9sultats des \u00e9lections l\u00e9gislatives portugaises | Le Grand Continent","robots":{"index":"index","follow":"follow","max-snippet":"max-snippet:-1","max-image-preview":"max-image-preview:large","max-video-preview":"max-video-preview:-1"},"canonical":"https:\/\/legrandcontinent.eu\/fr\/2022\/01\/30\/resultats-des-elections-legislatives-portugaises\/","og_locale":"fr_FR","og_type":"article","og_title":"R\u00e9sultats des \u00e9lections l\u00e9gislatives portugaises | Le Grand Continent","og_description":"Dimanche 30 janvier, le Portugal renouvelait son parlement unicam\u00e9ral, l'Assembl\u00e9e de la R\u00e9publique. Bilan en cinq points.","og_url":"https:\/\/legrandcontinent.eu\/fr\/2022\/01\/30\/resultats-des-elections-legislatives-portugaises\/","og_site_name":"Le Grand Continent","article_published_time":"2022-01-30T21:21:04+00:00","article_modified_time":"2022-01-30T21:29:56+00:00","og_image":[{"width":1445,"height":826,"url":"https:\/\/legrandcontinent.eu\/fr\/wp-content\/uploads\/sites\/2\/2022\/01\/20220130_Assemblea_da_Republica.png","type":"image\/png"}],"author":"Fran\u00e7ois Hublet","twitter_card":"summary_large_image","twitter_image":"https:\/\/legrandcontinent.eu\/fr\/wp-content\/uploads\/sites\/2\/2022\/01\/20220130_Assemblea_da_Republica.png","twitter_misc":{"\u00c9crit par":"Fran\u00e7ois Hublet","Dur\u00e9e de lecture estim\u00e9e":"3 minutes"},"schema":{"@context":"https:\/\/schema.org","@graph":[{"@type":"WebPage","@id":"https:\/\/legrandcontinent.eu\/fr\/2022\/01\/30\/resultats-des-elections-legislatives-portugaises\/","url":"https:\/\/legrandcontinent.eu\/fr\/2022\/01\/30\/resultats-des-elections-legislatives-portugaises\/","name":"R\u00e9sultats des \u00e9lections l\u00e9gislatives portugaises | Le Grand Continent","isPartOf":{"@id":"https:\/\/legrandcontinent.eu\/fr\/#website"},"primaryImageOfPage":{"@id":"https:\/\/legrandcontinent.eu\/fr\/2022\/01\/30\/resultats-des-elections-legislatives-portugaises\/#primaryimage"},"image":{"@id":"https:\/\/legrandcontinent.eu\/fr\/2022\/01\/30\/resultats-des-elections-legislatives-portugaises\/#primaryimage"},"thumbnailUrl":"https:\/\/legrandcontinent.eu\/fr\/wp-content\/uploads\/sites\/2\/2022\/01\/20220130_Assemblea_da_Republica.png","datePublished":"2022-01-30T21:21:04+00:00","dateModified":"2022-01-30T21:29:56+00:00","author":{"@id":"https:\/\/legrandcontinent.eu\/fr\/#\/schema\/person\/8a178114687bc8266b68dcf6a19160b2"},"breadcrumb":{"@id":"https:\/\/legrandcontinent.eu\/fr\/2022\/01\/30\/resultats-des-elections-legislatives-portugaises\/#breadcrumb"},"inLanguage":"fr-FR","potentialAction":[{"@type":"ReadAction","target":["https:\/\/legrandcontinent.eu\/fr\/2022\/01\/30\/resultats-des-elections-legislatives-portugaises\/"]}]},{"@type":"ImageObject","inLanguage":"fr-FR","@id":"https:\/\/legrandcontinent.eu\/fr\/2022\/01\/30\/resultats-des-elections-legislatives-portugaises\/#primaryimage","url":"https:\/\/legrandcontinent.eu\/fr\/wp-content\/uploads\/sites\/2\/2022\/01\/20220130_Assemblea_da_Republica.png","contentUrl":"https:\/\/legrandcontinent.eu\/fr\/wp-content\/uploads\/sites\/2\/2022\/01\/20220130_Assemblea_da_Republica.png","width":1445,"height":826},{"@type":"BreadcrumbList","@id":"https:\/\/legrandcontinent.eu\/fr\/2022\/01\/30\/resultats-des-elections-legislatives-portugaises\/#breadcrumb","itemListElement":[{"@type":"ListItem","position":1,"name":"Accueil","item":"https:\/\/legrandcontinent.eu\/fr\/"},{"@type":"ListItem","position":2,"name":"R\u00e9sultats des \u00e9lections l\u00e9gislatives portugaises"}]},{"@type":"WebSite","@id":"https:\/\/legrandcontinent.eu\/fr\/#website","url":"https:\/\/legrandcontinent.eu\/fr\/","name":"Le Grand Continent","description":"L&#039;\u00e9chelle pertinente","potentialAction":[{"@type":"SearchAction","target":{"@type":"EntryPoint","urlTemplate":"https:\/\/legrandcontinent.eu\/fr\/?s={search_term_string}"},"query-input":{"@type":"PropertyValueSpecification","valueRequired":true,"valueName":"search_term_string"}}],"inLanguage":"fr-FR"},{"@type":"Person","@id":"https:\/\/legrandcontinent.eu\/fr\/#\/schema\/person\/8a178114687bc8266b68dcf6a19160b2","name":"Fran\u00e7ois Hublet","image":{"@type":"ImageObject","inLanguage":"fr-FR","@id":"https:\/\/legrandcontinent.eu\/fr\/#\/schema\/person\/image\/","url":"https:\/\/secure.gravatar.com\/avatar\/cc38f005f1fe04d1524b8746ee1817ed?s=96&d=mm&r=g","contentUrl":"https:\/\/secure.gravatar.com\/avatar\/cc38f005f1fe04d1524b8746ee1817ed?s=96&d=mm&r=g","caption":"Fran\u00e7ois Hublet"}}]}},"lgc_categories":[{"id":2980,"name":"\u00c9lections","slug":"elections"}],"lgc_author":{"id":1637,"name":"Fran\u00e7ois Hublet","slug":"francois-hublet"},"feature_image_summary":{"url":"https:\/\/legrandcontinent.eu\/fr\/wp-content\/uploads\/sites\/2\/2022\/01\/20220130_Assemblea_da_Republica.png","width":1445,"height":826,"alt":""},"feature_image_cover":null,"term_position_data":null,"_links":{"self":[{"href":"https:\/\/legrandcontinent.eu\/fr\/wp-json\/wp\/v2\/posts\/129930","targetHints":{"allow":["GET"]}}],"collection":[{"href":"https:\/\/legrandcontinent.eu\/fr\/wp-json\/wp\/v2\/posts"}],"about":[{"href":"https:\/\/legrandcontinent.eu\/fr\/wp-json\/wp\/v2\/types\/post"}],"author":[{"embeddable":true,"href":"https:\/\/legrandcontinent.eu\/fr\/wp-json\/wp\/v2\/users\/98"}],"replies":[{"embeddable":true,"href":"https:\/\/legrandcontinent.eu\/fr\/wp-json\/wp\/v2\/comments?post=129930"}],"version-history":[{"count":0,"href":"https:\/\/legrandcontinent.eu\/fr\/wp-json\/wp\/v2\/posts\/129930\/revisions"}],"wp:featuredmedia":[{"embeddable":true,"href":"https:\/\/legrandcontinent.eu\/fr\/wp-json\/wp\/v2\/media\/129935"}],"wp:attachment":[{"href":"https:\/\/legrandcontinent.eu\/fr\/wp-json\/wp\/v2\/media?parent=129930"}],"wp:term":[{"taxonomy":"category","embeddable":true,"href":"https:\/\/legrandcontinent.eu\/fr\/wp-json\/wp\/v2\/categories?post=129930"},{"taxonomy":"post_tag","embeddable":true,"href":"https:\/\/legrandcontinent.eu\/fr\/wp-json\/wp\/v2\/tags?post=129930"},{"taxonomy":"staff","embeddable":true,"href":"https:\/\/legrandcontinent.eu\/fr\/wp-json\/wp\/v2\/staff?post=129930"},{"taxonomy":"editorial_format","embeddable":true,"href":"https:\/\/legrandcontinent.eu\/fr\/wp-json\/wp\/v2\/editorial_format?post=129930"},{"taxonomy":"serie","embeddable":true,"href":"https:\/\/legrandcontinent.eu\/fr\/wp-json\/wp\/v2\/serie?post=129930"},{"taxonomy":"audience","embeddable":true,"href":"https:\/\/legrandcontinent.eu\/fr\/wp-json\/wp\/v2\/audience?post=129930"},{"taxonomy":"geo","embeddable":true,"href":"https:\/\/legrandcontinent.eu\/fr\/wp-json\/wp\/v2\/geo?post=129930"}],"curies":[{"name":"wp","href":"https:\/\/api.w.org\/{rel}","templated":true}]}}