{"id":124069,"date":"2021-10-24T11:25:13","date_gmt":"2021-10-24T09:25:13","guid":{"rendered":"https:\/\/legrandcontinent.eu\/fr\/?p=124069"},"modified":"2021-10-24T11:25:20","modified_gmt":"2021-10-24T09:25:20","slug":"le-sommet-des-affaires-et-de-linvestissement-de-lasean-souvre-aujourdhui-a-brunei","status":"publish","type":"post","link":"https:\/\/legrandcontinent.eu\/fr\/2021\/10\/24\/le-sommet-des-affaires-et-de-linvestissement-de-lasean-souvre-aujourdhui-a-brunei\/","title":{"rendered":"Le sommet des affaires et de l\u2019investissement de l\u2019ASEAN s\u2019ouvre aujourd\u2019hui \u00e0 Brunei"},"content":{"rendered":"\n<ul class=\"wp-block-list\"><li>L\u2019ASEAN, l\u2019Association des nations de l\u2019Asie du Sud-Est, fond\u00e9e en 1967 dans le cadre de la Guerre Froide pour lutter contre le communisme, est un regroupement de dix pays, dont l\u2019Indon\u00e9sie, le Vietnam, le Cambodge ou la Birmanie. Le groupe a notamment pour but de proposer des projets de d\u00e9veloppement pour la r\u00e9gion, et a r\u00e9cemment renforc\u00e9 sa coop\u00e9ration avec l\u2019Union dans le cadre du d\u00e9veloppement durable&nbsp;<span class='whitespace-nowrap'><span id='easy-footnote-1-124069' class='easy-footnote-margin-adjust'><\/span><span class='easy-footnote'><a href='https:\/\/legrandcontinent.eu\/fr\/2021\/10\/24\/le-sommet-des-affaires-et-de-linvestissement-de-lasean-souvre-aujourdhui-a-brunei\/#easy-footnote-bottom-1-124069' title='&lt;a href=&quot;https:\/\/legrandcontinent.eu\/fr\/2020\/04\/10\/la-cooperation-entre-lue-et-lasean-pour-le-developpement-durable-en-asie-du-sud-est\/&quot; target=&quot;_blank&quot; rel=&quot;noreferrer noopener&quot;&gt;Lire plus.&lt;\/a&gt;'><sup>1<\/sup><\/a><\/span><\/span>.\u00a0<\/li><\/ul>\n\n\n\n<ul class=\"wp-block-list\"><li>\u201cConstruire notre avenir durable et num\u00e9rique durable et num\u00e9rique\u201d, \u201c\u00c0 quoi ressemble l&rsquo;environnement d&rsquo;investissement et de commerce ESG pour la r\u00e9gion&#160;?\u201d, \u201cComment nous pr\u00e9parer \u00e0 l&rsquo;avenir du travail, l&rsquo;\u00e9ducation, la sant\u00e9, les voyages et la vie quotidienne dans une ASEAN post-covid&#160;?\u201d sont les diff\u00e9rentes questions centrales auxquelles ce sommet devra apporter des r\u00e9ponses.\u00a0<\/li><\/ul>\n\n\n\n<div class=\"iframe-container wp-block-image wp-block-image-large  iframe-dw\">\n\t<div>\n\t\t<iframe class=\"absolute w-full h-full pin-t pin-l\" title=\"titolo\" aria-label=\"Interactive line chart\" src=\"\/\/datawrapper.dwcdn.net\/o6dtM\/\" scrolling=\"no\" frameborder=\"0\"><\/iframe>\n\t<\/div>\n<\/div>\n\n\n\n<ul class=\"wp-block-list\"><li>Au c\u0153ur de la strat\u00e9gie am\u00e9ricaine pour contrer la Chine, la r\u00e9gion est depuis un moment dans les radars de la France et se retrouve aujourd&rsquo;hui <a href=\"https:\/\/legrandcontinent.eu\/fr\/2021\/06\/23\/leurope-et-lasie-non-chinoise-historique-du-concept-dindo-pacifique\/?mc_cid=016ac570cd&amp;mc_eid=a7246a6503\" target=\"_blank\" rel=\"noreferrer noopener\">dans le p\u00e9rim\u00e8tre de la diplomatie europ\u00e9enne<\/a>. L\u2019Union a d\u2019ailleurs fait un premier pas vers un accord d\u2019investissement bilat\u00e9ral avec Ta\u00efwan, signe d\u2019un soutien \u00e0 l\u2019\u00eele d\u00e9mocratique que la Chine veut annexer&nbsp;<span class='whitespace-nowrap'><span id='easy-footnote-2-124069' class='easy-footnote-margin-adjust'><\/span><span class='easy-footnote'><a href='https:\/\/legrandcontinent.eu\/fr\/2021\/10\/24\/le-sommet-des-affaires-et-de-linvestissement-de-lasean-souvre-aujourdhui-a-brunei\/#easy-footnote-bottom-2-124069' title='Le Grand Continent, &lt;a href=&quot;https:\/\/legrandcontinent.eu\/fr\/2021\/10\/22\/une-nouvelle-etape-dans-la-relation-entre-lunion-et-taiwan\/https:\/\/legrandcontinent.eu\/fr\/2021\/10\/22\/une-nouvelle-etape-dans-la-relation-entre-lunion-et-taiwan\/&quot; target=&quot;_blank&quot; rel=&quot;noreferrer noopener&quot;&gt;Une nouvelle \u00e9tape dans la relation entre l\u2019Union et Ta\u00efwan&lt;\/a&gt;'><sup>2<\/sup><\/a><\/span><\/span>.\u00a0<br><strong>\u00a0\u00a0\u00a0<\/strong><\/li><li>Pour le Haut repr\u00e9sentant de l&rsquo;Union europ\u00e9enne pour les affaires \u00e9trang\u00e8res et la politique de s\u00e9curit\u00e9, Josep Borrell, \u201cNotre objectif n\u2019est pas d\u2019encourager l\u2019\u00e9mergence de blocs rivaux ou de forcer les pays \u00e0 prendre parti. En revanche, nous sommes d\u00e9termin\u00e9s \u00e0 approfondir notre coop\u00e9ration avec des partenaires d\u00e9mocratiques qui partagent les m\u00eames id\u00e9es.\u201d&nbsp;<span class='whitespace-nowrap'><span id='easy-footnote-3-124069' class='easy-footnote-margin-adjust'><\/span><span class='easy-footnote'><a href='https:\/\/legrandcontinent.eu\/fr\/2021\/10\/24\/le-sommet-des-affaires-et-de-linvestissement-de-lasean-souvre-aujourdhui-a-brunei\/#easy-footnote-bottom-3-124069' title='&lt;a href=&quot;https:\/\/lldl.us14.list-manage.com\/track\/click?u=10762824cc6c812ec1f389f08&amp;amp;id=107840ac41&amp;amp;e=a7246a6503&quot; target=&quot;_blank&quot; rel=&quot;noreferrer noopener&quot;&gt;Lire plus.&lt;\/a&gt;'><sup>3<\/sup><\/a><\/span><\/span>.<\/li><\/ul>\n\n\n\n<ul class=\"wp-block-list\"><li>Le sommet d\u2019aujourd\u2019hui pr\u00e9pare en r\u00e9alit\u00e9 celui de mardi prochain (le 26), qui r\u00e9unira tous les chefs d\u2019\u00c9tat de l\u2019ASEAN et quelques autres dirigeants invit\u00e9s pendant trois jours. Il faut noter que le repr\u00e9sentant de la junte birmane, Min Aung Hlaing, n\u2019a pas \u00e9t\u00e9 convi\u00e9 \u00e0 ce sommet du fait des avanc\u00e9es insuffisantes du r\u00e9gime et du refus de la r\u00e9ception d\u2019un envoy\u00e9 sp\u00e9cial qui devait entamer un dialogue avec les diff\u00e9rentes parties birmanes. Un repr\u00e9sentant birman \u201capolitique\u201d sera cependant pr\u00e9sent.<\/li><\/ul>\n","protected":false},"excerpt":{"rendered":"<p>Le sommet des affaires et de l\u2019investissement de l\u2019ASEAN s\u2019ouvre aujourd\u2019hui et pr\u00e9pare le sommet qui se d\u00e9roulera du 26 au 28 octobre prochain. Une occasion de revenir, en cinq points synth\u00e9tiques, sur l\u2019organisation, le sommet et son contexte.<\/p>\n","protected":false},"author":1782,"featured_media":124070,"comment_status":"open","ping_status":"open","sticky":false,"template":"templates\/post-briefings.php","format":"standard","meta":{"_acf_changed":false,"_trash_the_other_posts":false,"_yoast_wpseo_estimated-reading-time-minutes":2,"footnotes":""},"categories":[1731],"tags":[],"staff":[],"editorial_format":[],"serie":[],"audience":[],"geo":[531],"class_list":["post-124069","post","type-post","status-publish","format-standard","hentry","category-politique","geo-chine"],"acf":{"open_in_webview":false,"accent":false},"yoast_head":"<!-- This site is optimized with the Yoast SEO plugin v26.1.1 - https:\/\/yoast.com\/wordpress\/plugins\/seo\/ -->\n<title>Le sommet des affaires et de l\u2019investissement de l\u2019ASEAN s\u2019ouvre aujourd\u2019hui \u00e0 Brunei | Le Grand Continent<\/title>\n<meta name=\"robots\" content=\"index, follow, max-snippet:-1, max-image-preview:large, max-video-preview:-1\" \/>\n<link rel=\"canonical\" href=\"https:\/\/legrandcontinent.eu\/fr\/2021\/10\/24\/le-sommet-des-affaires-et-de-linvestissement-de-lasean-souvre-aujourdhui-a-brunei\/\" \/>\n<meta property=\"og:locale\" content=\"fr_FR\" \/>\n<meta property=\"og:type\" content=\"article\" \/>\n<meta property=\"og:title\" content=\"Le sommet des affaires et de l\u2019investissement de l\u2019ASEAN s\u2019ouvre aujourd\u2019hui \u00e0 Brunei | Le Grand Continent\" \/>\n<meta property=\"og:description\" content=\"Le sommet des affaires et de l\u2019investissement de l\u2019ASEAN s\u2019ouvre aujourd\u2019hui et pr\u00e9pare le sommet qui se d\u00e9roulera du 26 au 28 octobre prochain. Une occasion de revenir, en cinq points synth\u00e9tiques, sur l\u2019organisation, le sommet et son contexte.\" \/>\n<meta property=\"og:url\" content=\"https:\/\/legrandcontinent.eu\/fr\/2021\/10\/24\/le-sommet-des-affaires-et-de-linvestissement-de-lasean-souvre-aujourdhui-a-brunei\/\" \/>\n<meta property=\"og:site_name\" content=\"Le Grand Continent\" \/>\n<meta property=\"article:published_time\" content=\"2021-10-24T09:25:13+00:00\" \/>\n<meta property=\"article:modified_time\" content=\"2021-10-24T09:25:20+00:00\" \/>\n<meta property=\"og:image\" content=\"https:\/\/legrandcontinent.eu\/fr\/wp-content\/uploads\/sites\/2\/2021\/10\/aseanreseaux.jpg\" \/>\n\t<meta property=\"og:image:width\" content=\"2560\" \/>\n\t<meta property=\"og:image:height\" content=\"1440\" \/>\n\t<meta property=\"og:image:type\" content=\"image\/jpeg\" \/>\n<meta name=\"author\" content=\"clementf\" \/>\n<meta name=\"twitter:card\" content=\"summary_large_image\" \/>\n<meta name=\"twitter:image\" content=\"https:\/\/legrandcontinent.eu\/fr\/wp-content\/uploads\/sites\/2\/2021\/10\/aseanreseaux.jpg\" \/>\n<meta name=\"twitter:label1\" content=\"\u00c9crit par\" \/>\n\t<meta name=\"twitter:data1\" content=\"clementf\" \/>\n\t<meta name=\"twitter:label2\" content=\"Dur\u00e9e de lecture estim\u00e9e\" \/>\n\t<meta name=\"twitter:data2\" content=\"2 minutes\" \/>\n<script type=\"application\/ld+json\" class=\"yoast-schema-graph\">{\"@context\":\"https:\/\/schema.org\",\"@graph\":[{\"@type\":\"WebPage\",\"@id\":\"https:\/\/legrandcontinent.eu\/fr\/2021\/10\/24\/le-sommet-des-affaires-et-de-linvestissement-de-lasean-souvre-aujourdhui-a-brunei\/\",\"url\":\"https:\/\/legrandcontinent.eu\/fr\/2021\/10\/24\/le-sommet-des-affaires-et-de-linvestissement-de-lasean-souvre-aujourdhui-a-brunei\/\",\"name\":\"Le sommet des affaires et de l\u2019investissement de l\u2019ASEAN s\u2019ouvre aujourd\u2019hui \u00e0 Brunei | Le Grand Continent\",\"isPartOf\":{\"@id\":\"https:\/\/legrandcontinent.eu\/fr\/#website\"},\"primaryImageOfPage\":{\"@id\":\"https:\/\/legrandcontinent.eu\/fr\/2021\/10\/24\/le-sommet-des-affaires-et-de-linvestissement-de-lasean-souvre-aujourdhui-a-brunei\/#primaryimage\"},\"image\":{\"@id\":\"https:\/\/legrandcontinent.eu\/fr\/2021\/10\/24\/le-sommet-des-affaires-et-de-linvestissement-de-lasean-souvre-aujourdhui-a-brunei\/#primaryimage\"},\"thumbnailUrl\":\"https:\/\/legrandcontinent.eu\/fr\/wp-content\/uploads\/sites\/2\/2021\/10\/gc-asean.jpg\",\"datePublished\":\"2021-10-24T09:25:13+00:00\",\"dateModified\":\"2021-10-24T09:25:20+00:00\",\"author\":{\"@id\":\"https:\/\/legrandcontinent.eu\/fr\/#\/schema\/person\/b22879caf2a074c0786f019573977c84\"},\"breadcrumb\":{\"@id\":\"https:\/\/legrandcontinent.eu\/fr\/2021\/10\/24\/le-sommet-des-affaires-et-de-linvestissement-de-lasean-souvre-aujourdhui-a-brunei\/#breadcrumb\"},\"inLanguage\":\"fr-FR\",\"potentialAction\":[{\"@type\":\"ReadAction\",\"target\":[\"https:\/\/legrandcontinent.eu\/fr\/2021\/10\/24\/le-sommet-des-affaires-et-de-linvestissement-de-lasean-souvre-aujourdhui-a-brunei\/\"]}]},{\"@type\":\"ImageObject\",\"inLanguage\":\"fr-FR\",\"@id\":\"https:\/\/legrandcontinent.eu\/fr\/2021\/10\/24\/le-sommet-des-affaires-et-de-linvestissement-de-lasean-souvre-aujourdhui-a-brunei\/#primaryimage\",\"url\":\"https:\/\/legrandcontinent.eu\/fr\/wp-content\/uploads\/sites\/2\/2021\/10\/gc-asean.jpg\",\"contentUrl\":\"https:\/\/legrandcontinent.eu\/fr\/wp-content\/uploads\/sites\/2\/2021\/10\/gc-asean.jpg\",\"width\":1461,\"height\":667},{\"@type\":\"BreadcrumbList\",\"@id\":\"https:\/\/legrandcontinent.eu\/fr\/2021\/10\/24\/le-sommet-des-affaires-et-de-linvestissement-de-lasean-souvre-aujourdhui-a-brunei\/#breadcrumb\",\"itemListElement\":[{\"@type\":\"ListItem\",\"position\":1,\"name\":\"Accueil\",\"item\":\"https:\/\/legrandcontinent.eu\/fr\/\"},{\"@type\":\"ListItem\",\"position\":2,\"name\":\"Le sommet des affaires et de l\u2019investissement de l\u2019ASEAN s\u2019ouvre aujourd\u2019hui \u00e0 Brunei\"}]},{\"@type\":\"WebSite\",\"@id\":\"https:\/\/legrandcontinent.eu\/fr\/#website\",\"url\":\"https:\/\/legrandcontinent.eu\/fr\/\",\"name\":\"Le Grand Continent\",\"description\":\"L&#039;\u00e9chelle pertinente\",\"potentialAction\":[{\"@type\":\"SearchAction\",\"target\":{\"@type\":\"EntryPoint\",\"urlTemplate\":\"https:\/\/legrandcontinent.eu\/fr\/?s={search_term_string}\"},\"query-input\":{\"@type\":\"PropertyValueSpecification\",\"valueRequired\":true,\"valueName\":\"search_term_string\"}}],\"inLanguage\":\"fr-FR\"},{\"@type\":\"Person\",\"@id\":\"https:\/\/legrandcontinent.eu\/fr\/#\/schema\/person\/b22879caf2a074c0786f019573977c84\",\"name\":\"clementf\",\"image\":{\"@type\":\"ImageObject\",\"inLanguage\":\"fr-FR\",\"@id\":\"https:\/\/legrandcontinent.eu\/fr\/#\/schema\/person\/image\/\",\"url\":\"https:\/\/secure.gravatar.com\/avatar\/41f278c3339276cfdaa0b30a33819066?s=96&d=mm&r=g\",\"contentUrl\":\"https:\/\/secure.gravatar.com\/avatar\/41f278c3339276cfdaa0b30a33819066?s=96&d=mm&r=g\",\"caption\":\"clementf\"}}]}<\/script>\n<!-- \/ Yoast SEO plugin. -->","yoast_head_json":{"title":"Le sommet des affaires et de l\u2019investissement de l\u2019ASEAN s\u2019ouvre aujourd\u2019hui \u00e0 Brunei | Le Grand Continent","robots":{"index":"index","follow":"follow","max-snippet":"max-snippet:-1","max-image-preview":"max-image-preview:large","max-video-preview":"max-video-preview:-1"},"canonical":"https:\/\/legrandcontinent.eu\/fr\/2021\/10\/24\/le-sommet-des-affaires-et-de-linvestissement-de-lasean-souvre-aujourdhui-a-brunei\/","og_locale":"fr_FR","og_type":"article","og_title":"Le sommet des affaires et de l\u2019investissement de l\u2019ASEAN s\u2019ouvre aujourd\u2019hui \u00e0 Brunei | Le Grand Continent","og_description":"Le sommet des affaires et de l\u2019investissement de l\u2019ASEAN s\u2019ouvre aujourd\u2019hui et pr\u00e9pare le sommet qui se d\u00e9roulera du 26 au 28 octobre prochain. Une occasion de revenir, en cinq points synth\u00e9tiques, sur l\u2019organisation, le sommet et son contexte.","og_url":"https:\/\/legrandcontinent.eu\/fr\/2021\/10\/24\/le-sommet-des-affaires-et-de-linvestissement-de-lasean-souvre-aujourdhui-a-brunei\/","og_site_name":"Le Grand Continent","article_published_time":"2021-10-24T09:25:13+00:00","article_modified_time":"2021-10-24T09:25:20+00:00","og_image":[{"width":2560,"height":1440,"url":"https:\/\/legrandcontinent.eu\/fr\/wp-content\/uploads\/sites\/2\/2021\/10\/aseanreseaux.jpg","type":"image\/jpeg"}],"author":"clementf","twitter_card":"summary_large_image","twitter_image":"https:\/\/legrandcontinent.eu\/fr\/wp-content\/uploads\/sites\/2\/2021\/10\/aseanreseaux.jpg","twitter_misc":{"\u00c9crit par":"clementf","Dur\u00e9e de lecture estim\u00e9e":"2 minutes"},"schema":{"@context":"https:\/\/schema.org","@graph":[{"@type":"WebPage","@id":"https:\/\/legrandcontinent.eu\/fr\/2021\/10\/24\/le-sommet-des-affaires-et-de-linvestissement-de-lasean-souvre-aujourdhui-a-brunei\/","url":"https:\/\/legrandcontinent.eu\/fr\/2021\/10\/24\/le-sommet-des-affaires-et-de-linvestissement-de-lasean-souvre-aujourdhui-a-brunei\/","name":"Le sommet des affaires et de l\u2019investissement de l\u2019ASEAN s\u2019ouvre aujourd\u2019hui \u00e0 Brunei | Le Grand Continent","isPartOf":{"@id":"https:\/\/legrandcontinent.eu\/fr\/#website"},"primaryImageOfPage":{"@id":"https:\/\/legrandcontinent.eu\/fr\/2021\/10\/24\/le-sommet-des-affaires-et-de-linvestissement-de-lasean-souvre-aujourdhui-a-brunei\/#primaryimage"},"image":{"@id":"https:\/\/legrandcontinent.eu\/fr\/2021\/10\/24\/le-sommet-des-affaires-et-de-linvestissement-de-lasean-souvre-aujourdhui-a-brunei\/#primaryimage"},"thumbnailUrl":"https:\/\/legrandcontinent.eu\/fr\/wp-content\/uploads\/sites\/2\/2021\/10\/gc-asean.jpg","datePublished":"2021-10-24T09:25:13+00:00","dateModified":"2021-10-24T09:25:20+00:00","author":{"@id":"https:\/\/legrandcontinent.eu\/fr\/#\/schema\/person\/b22879caf2a074c0786f019573977c84"},"breadcrumb":{"@id":"https:\/\/legrandcontinent.eu\/fr\/2021\/10\/24\/le-sommet-des-affaires-et-de-linvestissement-de-lasean-souvre-aujourdhui-a-brunei\/#breadcrumb"},"inLanguage":"fr-FR","potentialAction":[{"@type":"ReadAction","target":["https:\/\/legrandcontinent.eu\/fr\/2021\/10\/24\/le-sommet-des-affaires-et-de-linvestissement-de-lasean-souvre-aujourdhui-a-brunei\/"]}]},{"@type":"ImageObject","inLanguage":"fr-FR","@id":"https:\/\/legrandcontinent.eu\/fr\/2021\/10\/24\/le-sommet-des-affaires-et-de-linvestissement-de-lasean-souvre-aujourdhui-a-brunei\/#primaryimage","url":"https:\/\/legrandcontinent.eu\/fr\/wp-content\/uploads\/sites\/2\/2021\/10\/gc-asean.jpg","contentUrl":"https:\/\/legrandcontinent.eu\/fr\/wp-content\/uploads\/sites\/2\/2021\/10\/gc-asean.jpg","width":1461,"height":667},{"@type":"BreadcrumbList","@id":"https:\/\/legrandcontinent.eu\/fr\/2021\/10\/24\/le-sommet-des-affaires-et-de-linvestissement-de-lasean-souvre-aujourdhui-a-brunei\/#breadcrumb","itemListElement":[{"@type":"ListItem","position":1,"name":"Accueil","item":"https:\/\/legrandcontinent.eu\/fr\/"},{"@type":"ListItem","position":2,"name":"Le sommet des affaires et de l\u2019investissement de l\u2019ASEAN s\u2019ouvre aujourd\u2019hui \u00e0 Brunei"}]},{"@type":"WebSite","@id":"https:\/\/legrandcontinent.eu\/fr\/#website","url":"https:\/\/legrandcontinent.eu\/fr\/","name":"Le Grand Continent","description":"L&#039;\u00e9chelle pertinente","potentialAction":[{"@type":"SearchAction","target":{"@type":"EntryPoint","urlTemplate":"https:\/\/legrandcontinent.eu\/fr\/?s={search_term_string}"},"query-input":{"@type":"PropertyValueSpecification","valueRequired":true,"valueName":"search_term_string"}}],"inLanguage":"fr-FR"},{"@type":"Person","@id":"https:\/\/legrandcontinent.eu\/fr\/#\/schema\/person\/b22879caf2a074c0786f019573977c84","name":"clementf","image":{"@type":"ImageObject","inLanguage":"fr-FR","@id":"https:\/\/legrandcontinent.eu\/fr\/#\/schema\/person\/image\/","url":"https:\/\/secure.gravatar.com\/avatar\/41f278c3339276cfdaa0b30a33819066?s=96&d=mm&r=g","contentUrl":"https:\/\/secure.gravatar.com\/avatar\/41f278c3339276cfdaa0b30a33819066?s=96&d=mm&r=g","caption":"clementf"}}]}},"lgc_categories":[{"id":1731,"name":"Politique","slug":"politique"}],"lgc_author":null,"feature_image_summary":{"url":"https:\/\/legrandcontinent.eu\/fr\/wp-content\/uploads\/sites\/2\/2021\/10\/gc-asean.jpg","width":1461,"height":667,"alt":""},"feature_image_cover":null,"term_position_data":null,"_links":{"self":[{"href":"https:\/\/legrandcontinent.eu\/fr\/wp-json\/wp\/v2\/posts\/124069","targetHints":{"allow":["GET"]}}],"collection":[{"href":"https:\/\/legrandcontinent.eu\/fr\/wp-json\/wp\/v2\/posts"}],"about":[{"href":"https:\/\/legrandcontinent.eu\/fr\/wp-json\/wp\/v2\/types\/post"}],"author":[{"embeddable":true,"href":"https:\/\/legrandcontinent.eu\/fr\/wp-json\/wp\/v2\/users\/1782"}],"replies":[{"embeddable":true,"href":"https:\/\/legrandcontinent.eu\/fr\/wp-json\/wp\/v2\/comments?post=124069"}],"version-history":[{"count":0,"href":"https:\/\/legrandcontinent.eu\/fr\/wp-json\/wp\/v2\/posts\/124069\/revisions"}],"wp:featuredmedia":[{"embeddable":true,"href":"https:\/\/legrandcontinent.eu\/fr\/wp-json\/wp\/v2\/media\/124070"}],"wp:attachment":[{"href":"https:\/\/legrandcontinent.eu\/fr\/wp-json\/wp\/v2\/media?parent=124069"}],"wp:term":[{"taxonomy":"category","embeddable":true,"href":"https:\/\/legrandcontinent.eu\/fr\/wp-json\/wp\/v2\/categories?post=124069"},{"taxonomy":"post_tag","embeddable":true,"href":"https:\/\/legrandcontinent.eu\/fr\/wp-json\/wp\/v2\/tags?post=124069"},{"taxonomy":"staff","embeddable":true,"href":"https:\/\/legrandcontinent.eu\/fr\/wp-json\/wp\/v2\/staff?post=124069"},{"taxonomy":"editorial_format","embeddable":true,"href":"https:\/\/legrandcontinent.eu\/fr\/wp-json\/wp\/v2\/editorial_format?post=124069"},{"taxonomy":"serie","embeddable":true,"href":"https:\/\/legrandcontinent.eu\/fr\/wp-json\/wp\/v2\/serie?post=124069"},{"taxonomy":"audience","embeddable":true,"href":"https:\/\/legrandcontinent.eu\/fr\/wp-json\/wp\/v2\/audience?post=124069"},{"taxonomy":"geo","embeddable":true,"href":"https:\/\/legrandcontinent.eu\/fr\/wp-json\/wp\/v2\/geo?post=124069"}],"curies":[{"name":"wp","href":"https:\/\/api.w.org\/{rel}","templated":true}]}}