{"id":12378,"date":"2018-12-12T18:55:56","date_gmt":"2018-12-12T17:55:56","guid":{"rendered":"https:\/\/legrandcontinent.eu\/?p=12378"},"modified":"2019-04-06T00:26:52","modified_gmt":"2019-04-05T22:26:52","slug":"nous-avons-rencontre-cedric-herrou","status":"publish","type":"post","link":"https:\/\/legrandcontinent.eu\/fr\/2018\/12\/12\/nous-avons-rencontre-cedric-herrou\/","title":{"rendered":"Sur le principe de fraternit\u00e9, une conversation avec C\u00e9dric Herrou"},"content":{"rendered":"\n<p class=\"has-drop-cap\"><em>Le 12 d\u00e9cembre 2018 la Cour de cassation a annul\u00e9 la condamnation de C\u00e9dric Herrou par la Cour d&rsquo;appel d&rsquo;Aix-en-Provence \u00e0 quatre mois de prison avec sursis pour avoir port\u00e9 assistance \u00e0 des migrants.  Cette d\u00e9cision fait suite \u00e0 la cons\u00e9cration du principe de fraternit\u00e9 dans la loi fran\u00e7aise par le Conseil constitutionnel.<\/em> <\/p>\n\n\n\n<p><em>Agriculteur dans la vall\u00e9e de la Roya, C\u00e9dric Herrou est devenu le symbole de la lutte pour l&rsquo;accueil et l&rsquo;aide aux migrants, comme le retrace le film de Michel Toesca <\/em>Libre<em>, pr\u00e9sent\u00e9 \u00e0 Cannes. <\/em><br><\/p>\n\n\n\n<p><em>Dans cet entretien r\u00e9alis\u00e9 quelques semaines avant le verdict, C\u00e9dric Herrou revient sur le sens de son action en faveur de l&rsquo;accueil des migrants et \u00e9largit sa r\u00e9flexion aux politiques publiques mises en place pour faire face aux migrations en Europe, en se montrant tr\u00e8s critique vis-\u00e0-vis de l&rsquo;Etat fran\u00e7ais et lucide sur la mont\u00e9e de la x\u00e9nophobie dans les discours politiques.<\/em><br><\/p>\n\n\n\n<h3 class=\"wp-block-heading\">Le 6 juillet 2018, le Conseil constitutionnel a rendu une d\u00e9cision majeure et a jug\u00e9 qu\u2019une aide d\u00e9sint\u00e9ress\u00e9e pour s\u00e9jour irr\u00e9gulier des migrants ne saurait \u00eatre passible de poursuite, au nom du \u00ab&#160;principe de fraternit\u00e9&#160;\u00bb, pr\u00e9sent dans la d\u00e9claration des droits de l\u2019homme et du citoyen. Selon vous, est-ce un tournant dans le traitement juridique de l\u2019aide au migrant&#160;?<\/h3>\n\n\n\n<p>Dans la Constitution de 1958, on trouvait la libert\u00e9 et l\u2019\u00e9galit\u00e9, la fraternit\u00e9 n\u2019y \u00e9tait pas. Elle a \u00e9t\u00e9 amend\u00e9e. Tout d\u2019abord, le probl\u00e8me porte sur le statut juridique pr\u00e9cis des personnes en migration. Parler de \u00ab&#160;personne migrante&#160;\u00bb n\u2019a pas de sens et, d\u2019un point l\u00e9gislatif, on parle de personnes en situation irr\u00e9guli\u00e8re. Nous nous occupons des primo arrivants, qui veulent demander l\u2019asile \u2013 si on le leur refuse, ils re\u00e7oivent une <em>obligation de quitter le territoire fran\u00e7ais<\/em>. L\u2019Etat consid\u00e8re ces primo arrivants comme des personnes en situation irr\u00e9guli\u00e8re, mais en r\u00e9alit\u00e9 ils ont le droit \u00e0 la libre circulation dans l\u2019espace Schengen et la possibilit\u00e9 de faire une demande d\u2019asile \u00e0 la fronti\u00e8re.<\/p>\n\n\n\n<h3 class=\"wp-block-heading\">Cette d\u00e9cision de justice ne va donc pas marquer d\u2019inflexion particuli\u00e8re dans le traitement des demandeurs d\u2019asile&#160;?<\/h3>\n\n\n\n<p>La justice est instrumentalis\u00e9e, elle n\u2019est pas si ind\u00e9pendante, et les proc\u00e8s actuels sont en r\u00e9alit\u00e9 tr\u00e8s politiques. Le <em>principe de fraternit\u00e9<\/em> a \u00e9t\u00e9 inscrit dans la Constitution et le Conseil constitutionnel a demand\u00e9 au gouvernement de revoir sa loi sur le <em>d\u00e9lit de solidarit\u00e9<\/em>. Le d\u00e9lit de solidarit\u00e9 avait \u00e9t\u00e9 mis en place en 1938, et a trouv\u00e9 un prolongement direct pendant l\u2019Occupation pour condamner les personnes qui aidaient des Juifs. Nicolas Sarkozy a mis en place <em>l\u2019immunit\u00e9 humanitaire<\/em> en 2012, pour qu\u2019il ne soit plus possible de condamner ceux qui aident d\u2019autres personnes, m\u00eame en situation irr\u00e9guli\u00e8re, sans contrepartie directe ou indirecte, fournissant h\u00e9bergement, nourriture, soins ou aide juridique. <\/p>\n\n\n\n<figure class=\"wp-block-pullquote\"><blockquote><p>La justice est instrumentalis\u00e9e, et les proc\u00e8s actuels sont en r\u00e9alit\u00e9 tr\u00e8s politiques.<\/p><cite>C\u00e9dric Herrou<\/cite><\/blockquote><\/figure>\n\n\n\n<p>Cependant le transport ne faisait pas partie des crit\u00e8res d\u2019aide humanitaire, car il ne devait pas \u00eatre une fin en soi, le d\u00e9placement devait avoir un but&#160;: soigner, h\u00e9berger, emmener \u00e0 l\u2019h\u00f4pital. Les repr\u00e9sentants de la justice se sont servis de ce fait pour dire que le transport \u00e9tait interdit. Il n\u2019y avait pas besoin du \u00ab&#160;principe de fraternit\u00e9&#160;\u00bb, cette d\u00e9cision traduisait plut\u00f4t une volont\u00e9 du Conseil constitutionnel de remettre \u00e0 leur place les magistrats sur ce sujet.<\/p>\n\n\n\n<h3 class=\"wp-block-heading\">Votre r\u00f4le est donc de rendre accessible la proc\u00e9dure de demande d\u2019asile&#160;?<\/h3>\n\n\n\n\n\n<figure class=\"wp-block-image wp-block-image-small\"\n    data-shadow=\"false\"\n    data-use-original-file=\"false\">\n    <a\n        data-pswp-src=\"https:\/\/legrandcontinent.eu\/fr\/wp-content\/uploads\/sites\/2\/2018\/12\/48064134_1059769670871957_3737995035111587840_n-1.jpg\"\n        class=\"inline-block gallery-item no-underline \"\n        data-pswp-width=\"390\"\n        data-pswp-height=\"390\">\n                                        <picture>\r\n                    <source\r\n                srcset=\"https:\/\/legrandcontinent.eu\/fr\/wp-content\/uploads\/sites\/2\/2018\/12\/48064134_1059769670871957_3737995035111587840_n-1-125x125.jpg\"\r\n                media=\"(max-width: 374px)\" \/>\r\n                    <source\r\n                srcset=\"https:\/\/legrandcontinent.eu\/fr\/wp-content\/uploads\/sites\/2\/2018\/12\/48064134_1059769670871957_3737995035111587840_n-1-330x330.jpg\"\r\n                media=\"(min-width: 375px)\" \/>\r\n                <img decoding=\"async\" src=\"https:\/\/legrandcontinent.eu\/fr\/wp-content\/uploads\/sites\/2\/2018\/12\/48064134_1059769670871957_3737995035111587840_n-1-125x125.jpg\" \/>\r\n        <\/picture>\r\n                            \n                    <figcaption class=\"pswp-caption-content \">La vall\u00e9e de la Roya<\/figcaption>\n            <\/a>\n<\/figure>\n\n\n<p>Quand des personnes montent la vall\u00e9e de la Roya, passent la fronti\u00e8re clandestinement et arrivent chez nous, nous lan\u00e7ons des proc\u00e9dures de demande d\u2019asile et ils doivent passer par la pr\u00e9fecture. Pour toutes les personnes qui passent, nous produisons un papier officiel, traduit et sign\u00e9. C\u2019est un outil pour nous&#160;: en cas de reconduction en Italie, il nous permet de prouver qu\u2019ils sont pass\u00e9s chez nous. Cela nous permet au besoin d\u2019aller au tribunal administratif et de faire condamner les actions pr\u00e9fectorales. Les personnes peuvent donc acc\u00e9der \u00e0 la demande d\u2019asile assez facilement une fois qu\u2019elles sont arriv\u00e9es \u00e0 la maison.<\/p>\n\n\n\n<h3 class=\"wp-block-heading\">Les pays europ\u00e9ens semblent se renvoyer la responsabilit\u00e9 de la gestion des arriv\u00e9es. Comment cela se traduit \u00e0 la fronti\u00e8re, et quels sont les rapports entre les autorit\u00e9s italiennes et fran\u00e7aises&#160;?<\/h3>\n\n\n\n<p>La police italienne collabore toujours avec la police fran\u00e7aise pour reconduire des personnes contr\u00f4l\u00e9es, y compris des mineurs isol\u00e9s. L\u2019arriv\u00e9e du gouvernement Salvini n\u2019a rien chang\u00e9. Encore hier, un d\u00e9put\u00e9 a \u00e9mis un signalement selon lequel la police des fronti\u00e8res faisait des faux et usages de faux&#160;: sur les refus d\u2019entr\u00e9e, ils modifient les dates de naissance pour faire passer les mineurs pour majeurs. Il s\u2019agit de mineurs isol\u00e9s de moins de 15 ans, et cela rel\u00e8ve du p\u00e9nal. Pour l\u2019instant, c\u2019est un signalement et non une plainte, nous verrons si le procureur la poursuit.<em> <\/em><br><\/p>\n\n\n\n<h3 class=\"wp-block-heading\">Si votre combat quotidien suscite l\u2019admiration, pensez-vous que la soci\u00e9t\u00e9 civile peut jouer un r\u00f4le significatif dans la gestion de l\u2019accueil, et que la d\u00e9sob\u00e9issance civile soit la solution face \u00e0 un Etat qui ne joue pas son r\u00f4le&#160;?<\/h3>\n\n\n\n<p>Pour moi ce n\u2019est pas de la d\u00e9sob\u00e9issance civile, c\u2019est m\u00eame de l\u2019ob\u00e9issance citoyenne. Ce n\u2019est pas parce qu\u2019on lutte contre un syst\u00e8me \u00e9tatique, que l\u2019on d\u00e9sob\u00e9it. C\u2019est peut-\u00eatre plut\u00f4t ce syst\u00e8me \u00e9tatique qui d\u00e9sob\u00e9it. Nous ne sommes pas des militants pro-migrants. Nous \u00e9tions face \u00e0 des personnes bloqu\u00e9es dans une vall\u00e9e, une vall\u00e9e franco-italienne, qui est l\u2019image de l\u2019Europe. C\u2019est une vall\u00e9e dans laquelle on ne prend pas en consid\u00e9ration la fronti\u00e8re, non pas parce qu\u2019on la m\u00e9prise, mais par nos habitudes, elle est un lieu de passage dans notre vie de tous les jours. <\/p>\n\n\n\n<figure class=\"wp-block-pullquote\"><blockquote><p>Nous ne sommes pas des militants pro-migrants.<\/p><cite>C\u00e9dric Herrou<\/cite><\/blockquote><\/figure>\n\n\n\n<p>A Paris, le gouvernement a d\u00e9cid\u00e9 de remettre en place le contr\u00f4le aux fronti\u00e8res et de limiter la libre-circulation dans l\u2019espace  Schengen, d\u2019entraver la demande d\u2019asile et par cons\u00e9quent de mettre en danger des mineurs isol\u00e9s. C\u2019est cette non assistance \u00e0 personne en danger qui est de la d\u00e9sob\u00e9issance. Il y a des carences de l\u2019Etat qui d\u00e9coulent directement de positionnements politiques. Nous n\u2019avons pas d\u00e9sob\u00e9it, nous avons ob\u00e9it \u00e0 des principes fondamentaux.<\/p>\n\n\n\n<figure class=\"wp-block-pullquote\"><blockquote><p>L\u2019outil m\u00e9diatique C\u00e9dric Herrou a \u00e9t\u00e9 b\u00e9n\u00e9fique dans la lutte et surtout a amen\u00e9 de la consid\u00e9ration de la part des \u00e9lus.<\/p><cite>C\u00e9dric Herrou<\/cite><\/blockquote><\/figure>\n\n\n\n<h3 class=\"wp-block-heading\">A gauche vous avez pu \u00eatre critiqu\u00e9 pour la trop forte personnalisation de votre lutte\u2026 La figure d\u2019un chef n\u2019est-elle pas pourtant une figure qui manque \u00e0 la gauche et au mouvement pro-accueil&#160;?<\/h3>\n\n\n\n<p>On dit souvent que les gens de gauche sont bord\u00e9liques [rires]. Mais pr\u00e9sider une association qui fonctionne coll\u00e9gialement ne veut pas dire \u00eatre le chef&#160;: il s\u2019agit seulement de s\u2019organiser pour qu\u2019elle fonctionne. Un pr\u00e9sident de s\u00e9ance n\u2019est pas le chef, il n\u2019a pas plus de pouvoir que les autres. Je suis porte-parole, si les personnes de mon association sont en d\u00e9saccord avec l\u2019un de mes propos, elles me le disent et mon discours s\u2019adapte en prenant en compte des critiques.<\/p>\n\n\n\n<h3 class=\"wp-block-heading\">Votre mise en avant a pourtant \u00e9t\u00e9 b\u00e9n\u00e9fique pour le mouvement\u2026<\/h3>\n\n\n\n<p>J\u2019ai \u00e9t\u00e9 m\u00e9diatis\u00e9 parce que c\u2019est vendeur, \u00e7a fait vendre  du papier et de l\u2019image. Le paysan qui se bat contre le syst\u00e8me d\u2019Etat et fait des gardes \u00e0 vue toutes les deux semaines, c\u2019est vendeur. En un sens, tant mieux. L\u2019outil m\u00e9diatique C\u00e9dric Herrou a \u00e9t\u00e9 b\u00e9n\u00e9fique dans la lutte et surtout amen\u00e9 de la consid\u00e9ration de la part des \u00e9lus. <\/p>\n\n\n\n<figure class=\"wp-block-pullquote\"><blockquote><p> Il faudrait que dans cet ordre pyramidal, la parole de ceux qui sont sur le terrain puisse r\u00e9ellement influer sur les d\u00e9cisions des personnes d\u2019en haut.<\/p><cite>C\u00e9dric Herrou<\/cite><\/blockquote><\/figure>\n\n\n\n<p>Mais cela reste insuffisant. Pendant l&rsquo; \u00e9lection pr\u00e9sidentielle de 2017, personne ne s\u2019est positionn\u00e9 sur la crise de l\u2019accueil. Je pense qu\u2019il manque encore un v\u00e9ritable d\u00e9bat public sur cette question. Aux \u00e9lections europ\u00e9ennes, il y aura surement plus de positionnement, des deux c\u00f4t\u00e9s.<\/p>\n\n\n\n<h3 class=\"wp-block-heading\">A l\u2019\u00e9chelle europ\u00e9enne, la question migratoire fait plut\u00f4t consensus contre elle, avec Salvini, Orban ou Kurz. A l\u2019inverse, du c\u00f4t\u00e9 de la gauche, une  parole qui serait plus nuanc\u00e9e n\u2019arrive pas \u00e0 \u00e9merger \u00e0 une \u00e9chelle globale, emmen\u00e9e par des dirigeants politiques. Elle \u00e9merge \u00e0 des \u00e9chelles plus locales \u2013 on pourrait citer l\u2019exemple de <a href=\"https:\/\/www.lemonde.fr\/europe\/article\/2018\/10\/03\/en-italie-le-maire-de-la-ville-pro-migrants-de-riace-arrete_5363815_3214.html\">Riace<\/a> en Italie. Ces luttes plus localis\u00e9es pourraient-elles former un front de la soci\u00e9t\u00e9 civile et inverser la tendance&#160;?<\/h3>\n\n\n\n<p>Effectivement, c\u2019est par l\u2019exemple que l\u2019on arrivera \u00e0 faire changer les choses. Il faut agir localement. C\u2019est aussi  pour cela que mon discours est efficace&#160;: je sais de quoi je parle<strong> <\/strong>et je vis avec cette question. <\/p>\n\n\n\n<p>Le probl\u00e8me de nos dirigeants politiques est qu\u2019ils ont \u00e9t\u00e9 mis hors sol et font de la politique sans \u00eatre sur le terrain. Cela n\u2019emp\u00eache pas d\u2019avoir des repr\u00e9sentants, mais il faudrait que dans cet ordre pyramidal, la parole de ceux qui sont sur le terrain puisse r\u00e9ellement influer sur les d\u00e9cisions des personnes d\u2019en haut. Si mon action et celle de mon association peuvent alimenter un d\u00e9bat et inspirer des personnalit\u00e9s politiques, tant mieux, nous souhaitons \u00eatre une source d\u2019inspiration.<\/p>\n\n\n\n<h3 class=\"wp-block-heading\">Vous n\u2019envisageriez jamais de soutenir un candidat&#160;?<\/h3>\n\n\n\n<p>Peut-\u00eatre un jour. S\u2019il y en a un en qui j\u2019ai confiance, pourquoi pas. Je n\u2019ai rien contre les personnalit\u00e9s politiques.<\/p>\n\n\n\n<figure class=\"wp-block-pullquote\"><blockquote><p>Cela va \u00eatre la nouvelle mode europ\u00e9enne&#160;: monter des partis d\u2019extr\u00eame gauche contre l\u2019immigration, pour r\u00e9cup\u00e9rer les \u00e9lecteurs de l\u2019extr\u00eame-droite.<\/p><cite>C\u00e9dric Herrou<\/cite><\/blockquote><\/figure>\n\n\n\n<h3 class=\"wp-block-heading\">Vous n\u2019en voyez pas actuellement&#160;?<\/h3>\n\n\n\n<p>Nous sommes en contact avec Europe Ecologie Les Verts, G\u00e9n\u00e9ration.s, le mouvement de Beno\u00eet Hamon. La France Insoumise a pris le large depuis que Jean-Luc M\u00e9lenchon a \u00e9nonc\u00e9 plus clairement sa vision de la migration. Cela va \u00eatre la nouvelle mode europ\u00e9enne&#160;: monter des partis d\u2019extr\u00eame gauche contre l\u2019immigration, pour r\u00e9cup\u00e9rer les  \u00e9lecteurs de l\u2019extr\u00eame-droite.<\/p>\n\n\n\n<figure class=\"wp-block-pullquote\"><blockquote><p>Il n\u2019y a plus d\u2019\u00e9ducation populaire. On arrive plus facilement \u00e0 f\u00e9d\u00e9rer en faisant peur aux gens qu\u2019en les rendant libres, r\u00e9fl\u00e9chis et critiques.<\/p><cite>C\u00e9dric Herrou<\/cite><\/blockquote><\/figure>\n\n\n\n<h3 class=\"wp-block-heading\">Comment expliquer que les classes populaires aient cette angoisse face \u00e0 l\u2019arriv\u00e9e des migrants&#160;? Pourquoi votre discours ne touche pas des gens qui pourtant pourraient se retrouver dans ces valeurs de partage, de solidarit\u00e9 et de redistribution&#160;?<\/h3>\n\n\n\n<p> Parce que les gens ont peur. Les endroits o\u00f9 il y a le plus de racisme et o\u00f9 l\u2019extr\u00eame-droite est majoritaire sont les endroits o\u00f9 il y a le moins d\u2019\u00e9trangers. Dans la vall\u00e9e de la Roya, le Front National n\u2019est pas loin de 50&#160;%. Il y a des hameaux perch\u00e9s loin de tout o\u00f9 le dernier Noir qu\u2019ils ont vu, c\u2019est souvent dans le dernier film d\u2019Omar Sy.<\/p>\n\n\n\n<h3 class=\"wp-block-heading\">Selon vous, quelles sont les causes de cette peur&#160;?<\/h3>\n\n\n\n<p>Il n\u2019y a plus d\u2019\u00e9ducation populaire, on limite l\u2019\u00e9ducation aux jeunes et \u00e0 l\u2019\u00e9cole, et l\u2019\u00e9ducation s\u2019arr\u00eate quand on a un m\u00e9tier. L\u2019immigration a toujours \u00e9t\u00e9 un outil que les politiques ont utilis\u00e9 pour f\u00e9d\u00e9rer autour d\u2019eux, gr\u00e2ce \u00e0 la peur. On arrive plus facilement \u00e0 f\u00e9d\u00e9rer en faisant peur aux gens qu\u2019en les rendant libres, r\u00e9fl\u00e9chis et critiques.<\/p>\n\n\n\n<h3 class=\"wp-block-heading\"> Il est donc difficile pour vous de faire face \u00e0 ce type de discours \u2026<\/h3>\n\n\n\n<p>Le discours destin\u00e9 \u00e0 f\u00e9d\u00e9rer par la peur est facile \u00e0 tenir. C\u2019est pour cela que notre position sur la question migratoire est plus difficile \u00e0 d\u00e9fendre. Imaginez un plateau de t\u00e9l\u00e9vision o\u00f9 l\u2019on me dirait \u00ab&#160;Vous insultez les morts du Bataclan, car parmi les migrants peuvent se cacher des terroristes&#160;\u00bb. Cela est dit en quelques secondes&#160;; mais d\u00e9construire cette affirmation demande au moins vingt minutes. <\/p>\n\n\n\n<figure class=\"wp-block-pullquote\"><blockquote><p>Ce qui me permet de lutter c\u2019est mon syst\u00e8me alternatif.<\/p><cite>C\u00e9dric Herrou<\/cite><\/blockquote><\/figure>\n\n\n\n<p>Comme nous sommes dans un syst\u00e8me m\u00e9diatique o\u00f9 l\u2019on est tenus de passer tr\u00e8s rapidement d\u2019une information \u00e0 une autre pour garder l\u2019attention du public, on ne conserve que les r\u00e9flexions courtes et simplistes. Tout est fait par raccourci, tout est ultra synth\u00e9tis\u00e9 et on ne va plus dans le fond. C\u2019est un syst\u00e8me qui abrutit et le monde adulte s\u2019\u00e9duque de cette seule mani\u00e8re.<\/p>\n\n\n\n<h3 class=\"wp-block-heading\">Cette pratique a donc des cons\u00e9quences politiques\u2026<\/h3>\n\n\n\n<p>Pendant les derni\u00e8res \u00e9lections, qui a lu un programme en entier&#160;? On vote parce que \u00ab&#160;celle-ci a les cheveux blonds et elle parle bien&#160;\u00bb, ou pour celui-ci parce qu\u2019 \u00ab&#160;il est jeune&#160;\u00bb\u2026 Le probl\u00e8me de notre syst\u00e8me d\u00e9mocratique r\u00e9side dans ce manque d\u2019esprit critique et on bascule dans le populisme. On ne devrait d\u2019ailleurs pas utiliser ce terme, puisque ce ph\u00e9nom\u00e8ne n\u2019est pas en faveur du peuple. C\u2019est n\u00e9o-fascisant.<\/p>\n\n\n\n<h3 class=\"wp-block-heading\">Vous parlez de l\u2019\u00e9ducation, des m\u00e9dias, et du zapping&#160;: vous avez un certain recul. Il y a donc un lien fort entre la forme de vie que vous avez \u00e9lue et votre engagement&#160;?<\/h3>\n\n\n\n<p>Tout \u00e0 fait. Ce qui me permet de lutter c\u2019est mon syst\u00e8me alternatif. J\u2019ai choisi cette vie depuis 2002. J\u2019ai choisi de ne pas travailler en tant que salari\u00e9, et de garder du temps pour faire les choses moi-m\u00eame, de la construction de ma maison aux travaux quotidiens. Ce n\u2019est pas une vie mis\u00e9rable, au contraire&#160;: c\u2019est une vie dans la pauvret\u00e9, mais qui a une richesse.<\/p>\n\n\n\n<figure class=\"wp-block-pullquote\"><blockquote><p>On me demande parfois pourquoi je ne m\u2019engage pas en politique, mais en r\u00e9alit\u00e9 je suis d\u00e9j\u00e0 engag\u00e9 en politique.<\/p><cite>C\u00e9dric Herrou<\/cite><\/blockquote><\/figure>\n\n\n\n<h3 class=\"wp-block-heading\">C\u2019est ce qui vous rend \u00ab&#160;Libre&#160;\u00bb, comme l\u2019affirme le titre du film de Michel Toesca&#160;?<\/h3>\n\n\n\n<p>C\u2019est une vie qui me permet de prendre du temps pour lutter. C\u2019est aussi ce qui fait peur au syst\u00e8me \u00e9tatique et politique, surtout au niveau local. Le pr\u00e9fet des Alpes Maritimes me harc\u00e8le \u00e0 coup de proc\u00e8s, cela devient une guerre de personnes. Ces \u00e9lus peuvent  avoir l\u2019air plus forts que moi mais, au fond, ne le sont pas forc\u00e9ment. Contrairement \u00e0 eux, je peux m\u2019exprimer librement sur un plateau de t\u00e9l\u00e9vision, parce que je n\u2019ai rien \u00e0 perdre. Je n\u2019ai pas de mandat, pas d\u2019emploi salari\u00e9, mes clients sont simplement des partenaires financiers, je suis libre et ind\u00e9pendant. En r\u00e9alit\u00e9, ce sont ces gens qui sont des pr\u00e9caires, pas moi.<br><\/p>\n\n\n\n\n\n<figure class=\"wp-block-image wp-block-image-small\"\n    data-shadow=\"false\"\n    data-use-original-file=\"false\">\n    <a\n        data-pswp-src=\"https:\/\/legrandcontinent.eu\/fr\/wp-content\/uploads\/sites\/2\/2018\/12\/48170512_529838290851735_8984687797839331328_n.jpg\"\n        class=\"inline-block gallery-item no-underline \"\n        data-pswp-width=\"580\"\n        data-pswp-height=\"792\">\n                                        <picture>\r\n                    <source\r\n                srcset=\"https:\/\/legrandcontinent.eu\/fr\/wp-content\/uploads\/sites\/2\/2018\/12\/48170512_529838290851735_8984687797839331328_n-125x171.jpg\"\r\n                media=\"(max-width: 374px)\" \/>\r\n                    <source\r\n                srcset=\"https:\/\/legrandcontinent.eu\/fr\/wp-content\/uploads\/sites\/2\/2018\/12\/48170512_529838290851735_8984687797839331328_n-330x451.jpg\"\r\n                media=\"(min-width: 375px)\" \/>\r\n                <img decoding=\"async\" src=\"https:\/\/legrandcontinent.eu\/fr\/wp-content\/uploads\/sites\/2\/2018\/12\/48170512_529838290851735_8984687797839331328_n-125x171.jpg\" \/>\r\n        <\/picture>\r\n                            \n                    <figcaption class=\"pswp-caption-content \">Affiche du film de Michel Toesca, Libre<\/figcaption>\n            <\/a>\n<\/figure>\n\n\n<h3 class=\"wp-block-heading\">Qu\u2019entendez-vous par pr\u00e9caires&#160;?<\/h3>\n\n\n\n<p>La pr\u00e9carit\u00e9 n\u2019est pas forc\u00e9ment la pauvret\u00e9 financi\u00e8re, c\u2019est une pr\u00e9carit\u00e9 sur la base de la libert\u00e9. Beaucoup de personnes, notamment des personnalit\u00e9s politiques, sont bloqu\u00e9es  par leurs d\u00e9sirs carri\u00e9ristes. Un syst\u00e8me d\u2019autocensure se met en place o\u00f9 l\u2019on entrave soi-m\u00eame sa propre libert\u00e9 de penser et de r\u00e9fl\u00e9chir, on se cloisonne. On me demande parfois pourquoi je ne m\u2019engage pas en politique, mais en r\u00e9alit\u00e9 je suis d\u00e9j\u00e0 engag\u00e9 en politique. Il n\u2019y a pas besoin d\u2019\u00eatre \u00e9lu&#160;: nous f\u00e9d\u00e9rons par des actions. L\u2019avantage, c\u2019est que des gens me soutiennent parce que mes actions sont en corr\u00e9lation avec leur pens\u00e9e&#160;; le jour o\u00f9 ils ne me soutiendront plus c\u2019est que cette corr\u00e9lation aura disparu et, \u00e0 ce moment-l\u00e0, je ne vaudrai plus rien&#160;: c\u2019est une situation beaucoup moins pr\u00e9caire. Les vrais pr\u00e9caires, ce sont les pr\u00e9caires de la pens\u00e9e.<\/p>\n\n\n\n<h3 class=\"wp-block-heading\">Dans une p\u00e9riode o\u00f9 l\u2019on valorise les m\u00e9tropoles et les projets de d\u00e9veloppement urbain, en tant qu\u2019habitant d\u2019une r\u00e9gion rurale, \u00eates-vous inquiet pour l\u2019avenir de ces r\u00e9gions et leur place future en Europe&#160;?<\/h3>\n\n\n\n<p>C\u2019est plut\u00f4t la ville qui m\u2019inqui\u00e8te que la campagne. Il y a un \u00e9go\u00efsme et un d\u00e9ni de la r\u00e9alit\u00e9 tr\u00e8s pr\u00e9sents dans les villes. A Paris, on s\u2019habitue \u00e0  \u00eatre en terrasse et \u00e0 consommer \u00e0 c\u00f4t\u00e9 de personnes qui vivent dans la mis\u00e8re. Je pense que le bien-\u00eatre est fond\u00e9 sur l\u2019\u00e9motion, beaucoup plus que sur la consommation, et en ville on s\u2019habitue malgr\u00e9 soi \u00e0 une certaine froideur. <\/p>\n\n\n\n<figure class=\"wp-block-pullquote\"><blockquote><p>Le drame, c\u2019est que les id\u00e9es x\u00e9nophobes n\u2019appartiennent pas qu\u2019\u00e0 l\u2019extr\u00eame-droite.<\/p><cite>C\u00e9dric Herrou<\/cite><\/blockquote><\/figure>\n\n\n\n<p>Je crois que dans les campagnes les gens sont plus sensibles, peut-\u00eatre parce que nous sommes moins nombreux et que l\u2019on se conna\u00eet. En tant qu\u2019individu, on a plus d\u2019importance dans une vall\u00e9e ou un village que dans une ville. Et comme on a de l\u2019importance, on a aussi beaucoup plus d\u2019obligations, notamment une obligation de r\u00e9agir.<\/p>\n\n\n\n<h3 class=\"wp-block-heading\">C\u2019est ce sens de la responsabilit\u00e9 qui a provoqu\u00e9 votre engagement&#160;?<\/h3>\n\n\n\n<p>Je fais ce que j\u2019ai \u00e0 faire et je le fais aussi pour moi&#160;: c\u2019est comme cela que l\u2019on y parvient \u00e0 agir. On dit parfois que je suis un humaniste, mais il faut \u00eatre plus pr\u00e9cis. Ce n\u2019est pas une question de dignit\u00e9 de l\u2019autre, mais avant tout de dignit\u00e9 de soi-m\u00eame. Si j\u2019accueille \u00e0 la maison un jeune qui a \u00e9t\u00e9 tortur\u00e9 ou viol\u00e9, qui va s\u00fbrement dormir \u00e0 la rue et dont l\u2019avenir est incertain, je ne vais pas en pleurer tous les soirs. Je sais seulement que mon r\u00f4le d\u2019adulte c\u2019est d\u2019aider ce gamin-l\u00e0 et j\u2019agis en cons\u00e9quence. La libert\u00e9 c\u2019est de pouvoir assumer ses responsabilit\u00e9s et ses fa\u00e7ons de penser.<\/p>\n\n\n\n<h3 class=\"wp-block-heading\">La d\u00e9rive politique vers l\u2019extr\u00eame-droite en Europe est-elle li\u00e9e au refus de certains politiques d\u2019assumer leurs responsabilit\u00e9s&#160;?<\/h3>\n\n\n\n<p>Le drame, c\u2019est que ces id\u00e9es x\u00e9nophobes n\u2019appartiennent pas qu\u2019\u00e0 l\u2019extr\u00eame-droite. On entend  beaucoup de discours politiques selon lesquels il faut absolument lutter contre le Front National, mais c\u2019est surtout sur le plan des id\u00e9es qu\u2019il faut lutter. Quand des gouvernements disent qu\u2019ils ne peuvent pas faire de politique de gauche ou d\u2019accueil car cela entra\u00eenerait la mont\u00e9e de l\u2019extr\u00eame-droite, c\u2019est l\u00e0 le pire&#160;: on applique les id\u00e9es politiques de l\u2019extr\u00eame-droite pour \u00e9viter qu\u2019elle ne le fasse elle-m\u00eame. <\/p>\n\n\n\n<p>On se donne bonne conscience en se faisant croire que \u00ab&#160;ce n\u2019est pas pareil&#160;\u00bb et qu\u2019on le fait plus intelligemment qu\u2019eux. Mais le probl\u00e8me c\u2019est qu\u2019on s\u2019habitue \u00e0 cette politique. Le nombre de morts en M\u00e9diterran\u00e9e ne cesse d\u2019augmenter. C\u2019est presque une noyade organis\u00e9e pour lancer un message&#160;: ne tentez pas de venir car on vous laissera mourir.<\/p>\n\n\n\n<h3 class=\"wp-block-heading\">Pour vous une politique d\u2019accueil est donc la seule politique fid\u00e8le aux valeurs fran\u00e7aises&#8230;<\/h3>\n\n\n\n<p>Il faut r\u00e9fl\u00e9chir \u00e0 ce que repr\u00e9sente la France et \u00e0 ce que signifie d\u00e9fendre la France. D\u00e9fend-on un morceau de terre st\u00e9rile, sans m\u0153urs et sans fondamentaux&#160;? Quand je fais de l\u2019accueil, je d\u00e9fends des valeurs r\u00e9publicaines. Notre devise est \u00ab&#160;Libert\u00e9, Egalit\u00e9, Fraternit\u00e9&#160;\u00bb. La Fraternit\u00e9 vient d\u2019\u00eatre ajout\u00e9e \u00e0 la Constitution, et c\u2019est \u00e9tonnant qu\u2019on ne l\u2019ait pas int\u00e9gr\u00e9e avant. En effet, pour moi, on ne peut dissocier libert\u00e9, \u00e9galit\u00e9 et fraternit\u00e9&#160;: la fraternit\u00e9 est un prolongement de l\u2019\u00e9galit\u00e9. Ce n\u2019est pas le fait de faire l\u2019aum\u00f4ne, ce n\u2019est pas le gentil qui aide le mis\u00e9rable. C\u2019est se sentir fr\u00e8res, donc \u00e9gaux entre hommes libres, quelque soit sa couleur de peau, sa religion, sa nationalit\u00e9, son statut social ou son statut administratif. C\u2019est pour cela que l\u2019accueil que nous faisons n\u2019est pas de l\u2019aum\u00f4ne en faveur d\u2019\u00e9trangers&#160;: des individus font face \u00e0 un danger imm\u00e9diat et nous devons r\u00e9agir dans cette m\u00eame imm\u00e9diatet\u00e9.<\/p>\n\n\n\n<figure class=\"wp-block-pullquote\"><blockquote><p>Dans la vall\u00e9e de la Roya, nous avons g\u00e9r\u00e9 un flux migratoire de grande ampleur sans qu\u2019il y ait de probl\u00e8me. C&rsquo;est une grande le\u00e7on de morale qu\u2019on a faite \u00e0 l\u2019Etat fran\u00e7ais et \u00e0 l\u2019Europe.<br><\/p><cite>C\u00e9dric Herrou<\/cite><\/blockquote><\/figure>\n\n\n\n<h3 class=\"wp-block-heading\">Les valeurs r\u00e9publicaines d\u00e9passent les citoyens fran\u00e7ais et le statut juridique, mais que r\u00e9pondez-vous \u00e0 l\u2019argumentaire d\u2019extr\u00eame droite, qui repose souvent sur l\u2019id\u00e9e que ces personnes ne feraient partie de la R\u00e9publique fran\u00e7aise, et donc qu\u2019avant les migrants, il faudrait \u00ab&#160;d\u2019abord aider le SDF fran\u00e7ais&#160;\u00bb&#160;?<\/h3>\n\n\n\n<p>Premi\u00e8rement, les gens d\u2019extr\u00eame-droite qui utilisent cet argument ne connaissent pas le monde SDF. Aider des SDF c\u2019est compliqu\u00e9 car ce sont des personnes marginalis\u00e9es. Il ne suffit pas de louer un appartement \u00e0 un SDF pour qu\u2019il retrouve sa dignit\u00e9&#160;: ressortir de la rue est un processus long et difficile. Ceux qui avancent cet argument ne savent donc pas de quoi ils  parlent. Les personnes en migration sont sans domicile, mais l\u2019aide dont ils ont besoin est beaucoup plus \u00e9l\u00e9mentaire.<\/p>\n\n\n\n<h3 class=\"wp-block-heading\">Les derniers r\u00e9sultats du FN vous effraient-ils&#160;?<\/h3>\n\n\n\n<p>Si le Front National arrive au pouvoir, ce sera compliqu\u00e9 pour eux d\u2019assumer leur projet. Je ne pense pas qu\u2019ils y arrivent. Selon eux, il suffit de renvoyer les migrants dans leur pays. Mais par exemple, comment renvoyer un Erythr\u00e9en&#160;? Il n\u2019y a pas de vol Paris &#8211; Erythr\u00e9e&#160;! En r\u00e9alit\u00e9 leur vision n\u2019est pas pragmatique, elle est simpliste. Ce qui est paradoxal avec les repr\u00e9sentants de ces partis qui se pr\u00e9sentent comme sp\u00e9cialistes de la migration, c\u2019est qu\u2019ils n\u2019y comprennent rien. Ils ne savent pas ce qu\u2019est une demande d\u2019asile ou un accord bilat\u00e9ral pour renvoyer les gens dans leur pays. Et il y a pourtant des \u00e9lecteurs qui votent pour ce parti. Ce dont j\u2019ai le plus peur, c\u2019est qu\u2019on s\u2019habitue \u00e0 de tels proc\u00e9d\u00e9s et que l\u2019on trouve cela normal.<br><\/p>\n\n\n\n<figure class=\"wp-block-pullquote\"><blockquote><p>Comment renvoyer un Erythr\u00e9en&#160;? Il n\u2019y a pas de vol Paris &#8211; Erythr\u00e9e&#160;!<br><\/p><cite>C\u00e9dric Herrou<\/cite><\/blockquote><\/figure>\n\n\n\n<h3 class=\"wp-block-heading\">Pourtant aujourd\u2019hui ce sont les discours pro-accueil comme le v\u00f4tre qui sont tax\u00e9s d\u2019irr\u00e9alistes. Comment l\u2019expliquez-vous&#160;?<\/h3>\n\n\n\n<p>Les repr\u00e9sentants de la droite dure et l\u2019extr\u00eame-droite veulent donner une image de politiques peut-\u00eatre froids mais pragmatiques et r\u00e9fl\u00e9chis, qui d\u00e9fendent la France et l\u2019Europe. Ils se pr\u00e9sentent comme l\u2019oppos\u00e9 des gauchistes qui d\u00e9bordent d\u2019\u00e9motions, r\u00e9agissent na\u00efvement sur l\u2019humain et ne peuvent mener une r\u00e9flexion globale. Mais ce discours est contredit par des faits&#160;: dans la vall\u00e9e de la Roya, nous avons g\u00e9r\u00e9 un flux migratoire de grande ampleur sans qu\u2019il y ait de probl\u00e8me. Des milliers de personnes ont \u00e9t\u00e9 accueillies, nous avons montr\u00e9 qu\u2019on pouvait faire de l\u2019accueil d\u2019urgence avec du mat\u00e9riel de r\u00e9cup\u00e9ration, des palettes, des planches. Je crois que c\u2019est une grande le\u00e7on de morale qu\u2019on a faite \u00e0 l\u2019Etat fran\u00e7ais et \u00e0 l\u2019Europe au niveau de la gestion de la migration.<br><\/p>\n\n\n\n<h3 class=\"wp-block-heading\">D\u2019apr\u00e8s Stephen Smith [NDLR: journaliste et essayiste, auteur de La Ru\u00e9e vers l&rsquo;Europe], la tr\u00e8s forte hausse d\u00e9mographique en Afrique va n\u00e9cessairement entra\u00eener une augmentation du nombre de migrants en Europe. Qu\u2019en pensez-vous&#160;? <\/h3>\n\n\n\n\n\n<figure class=\"wp-block-image wp-block-image-small\"\n    data-shadow=\"false\"\n    data-use-original-file=\"false\">\n    <a\n        data-pswp-src=\"https:\/\/legrandcontinent.eu\/fr\/wp-content\/uploads\/sites\/2\/2018\/12\/9782246803508.jpg\"\n        class=\"inline-block gallery-item no-underline \"\n        data-pswp-width=\"400\"\n        data-pswp-height=\"586\">\n                                        <picture>\r\n                    <source\r\n                srcset=\"https:\/\/legrandcontinent.eu\/fr\/wp-content\/uploads\/sites\/2\/2018\/12\/9782246803508-125x183.jpg\"\r\n                media=\"(max-width: 374px)\" \/>\r\n                    <source\r\n                srcset=\"https:\/\/legrandcontinent.eu\/fr\/wp-content\/uploads\/sites\/2\/2018\/12\/9782246803508-330x483.jpg\"\r\n                media=\"(min-width: 375px)\" \/>\r\n                <img decoding=\"async\" src=\"https:\/\/legrandcontinent.eu\/fr\/wp-content\/uploads\/sites\/2\/2018\/12\/9782246803508-125x183.jpg\" \/>\r\n        <\/picture>\r\n                            \n            <\/a>\n<\/figure>\n\n\n<p>Ces arguments partent du principe que la population en Afrique va doubler, que tous les Africains vont aller en Europe. Il faut rappeler que 97&#160;% de la migration reste en Afrique, et comprend aussi les personnes qui retournent dans leur pays. On entend aussi que la migration aurait des effets n\u00e9gatifs sur l\u2019\u00e9conomie. Qu\u2019on me cite un pays o\u00f9 il y a eu des cons\u00e9quences n\u00e9gatives dues \u00e0 la migration. <\/p>\n\n\n\n<p>On peut me dire qu\u2019il y aura plus de mixit\u00e9. Forc\u00e9ment, dans notre soci\u00e9t\u00e9 mondialis\u00e9e, o\u00f9 l\u2019on consomme tous les jours des produits du bout du monde, la mixit\u00e9 para\u00eet difficile \u00e0 \u00e9viter. Ce qui m\u2019\u00e9tonne finalement, c\u2019est qu\u2019il y en ait si peu. Il y aura plus de mixit\u00e9. Et tant mieux. Nous pouvons tous anticiper, je pourrais moi-m\u00eame faire des anticipations positives. Mais avant toute chose, il y a un constat \u00e0 faire&#160;: c\u2019est que les gens sont toujours pass\u00e9s. Il faut se demander, quoi faire une fois qu\u2019ils sont l\u00e0, pour que dans une d\u00e9cennie, la migration se passe bien.<br><\/p>\n\n\n\n<h3 class=\"wp-block-heading\">Comment faire pour qu\u2019elle se passe bien&#160;?<\/h3>\n\n\n\n<p>Ce qui provoque des probl\u00e8mes dans la migration, c\u2019est la stigmatisation et non la migration elle-m\u00eame. Les discours racistes sont interdits en France parce qu\u2019on a consid\u00e9r\u00e9 que le racisme et la stigmatisation avaient conduit dans notre histoire \u00e0 des drames majeurs. Souvent, ceux qui sont contre la migration ne sont pas contre les migrants, mais contre une mauvaise gestion de la migration. Elle ghetto\u00efse des personnes issues de la migration dans des cat\u00e9gories sociales largement inf\u00e9rieures. Logiquement, cela m\u00e8ne \u00e0 la violence, la d\u00e9linquance, et cela peut aussi mener au terrorisme. C\u2019est en faisant de la gestion de l\u2019accueil que l\u2019on \u00e9vite la violence. C\u2019est une grande le\u00e7on de morale qu\u2019on a fait \u00e0 l\u2019Etat fran\u00e7ais et \u00e0 l\u2019Europe<\/p>\n\n\n\n<figure class=\"wp-block-pullquote\"><blockquote><p>Ce qui provoque des probl\u00e8mes dans la migration, c\u2019est la stigmatisation et non la migration elle-m\u00eame.<\/p><cite>C\u00e9dric Herrou<\/cite><\/blockquote><\/figure>\n\n\n\n<h3 class=\"wp-block-heading\">On entend de plus en plus que l\u2019arriv\u00e9e de personnes de religion musulmane va mettre en cause certains acquis r\u00e9publicains, tels que l\u2019\u00e9galit\u00e9 homme-femme&#8230;<\/h3>\n\n\n\n<p>Cet argument est une arnaque intellectuelle. A la maison, il y a toujours entre une dizaine et une centaine de personnes, nous sommes all\u00e9s jusqu\u2019\u00e0 250. La quasi totalit\u00e9 des b\u00e9n\u00e9voles qui sont venus \u00e0 la maison sont des jeunes femmes de vingt \u00e0 vingt cinq ans. En ce moment je me d\u00e9place beaucoup pour la promotion du film et elles g\u00e8rent le camp \u00e0 deux. Pour \u00eatre direct&#160;: elles sont \u00e0 la maison au milieu de jeunes hommes non occidentaux, de religion musulmane, qui n\u2019ont pas eu de rapport sexuel depuis plusieurs mois et les choses se passent bien. Nous revenons au probl\u00e8me du  syst\u00e8me m\u00e9diatique dont je parlais. Si demain chez moi une fille se fait agresser, ou insulter, cela ferait un buzz m\u00e9diatique immense, on en parlerait dans toute l\u2019Europe. En revanche le fait que \u00e7a se passent bien, personne n\u2019en parle.<\/p>\n\n\n\n<p>On cr\u00e9e le probl\u00e8me<strong> <\/strong>en faisant un raccourci avec la religion musulmane. Je suis n\u00e9 en banlieue, j\u2019ai quarante ans, les m\u00e8res de mes amis portaient le voile. Dans les villages de la Roya, il y a trente ans, les femmes paysannes portaient toutes le voile. Il n\u2019y a pas si longtemps que \u00e7a, les femmes n\u2019avaient pas le droit de vote, elles devaient demander une autorisation \u00e9crite \u00e0 leur mari pour pouvoir travailler et ouvrir un compte en banque. Nous faisons les moralisateurs, mais nous devons aussi regarder derri\u00e8re nous et au pr\u00e9sent. En Europe, les discours misogynes sont encore extr\u00eamement vivaces, on les entend partout aujourd\u2019hui. Quand les b\u00e9n\u00e9voles avec lesquelles je travaille vont \u00e0 Vintimille, elles peuvent faire face \u00e0 des comportements sexistes, \u00e0 des r\u00e9flexions douteuses et \u00e0 des agressions verbales, de la part d\u2019italiens, d&rsquo; hommes blancs, catholiques.<\/p>\n\n\n\n<h3 class=\"wp-block-heading\">On fait souvent le raccourci entre immigration et terrorisme, cela vous choque-t-il&#160;?<\/h3>\n\n\n\n\n\n<figure class=\"wp-block-image wp-block-image-small\"\n    data-shadow=\"false\"\n    data-use-original-file=\"false\">\n    <a\n        data-pswp-src=\"https:\/\/legrandcontinent.eu\/fr\/wp-content\/uploads\/sites\/2\/2018\/12\/Mudam_Tayou_Home_Sweet_Home_3.jpg\"\n        class=\"inline-block gallery-item no-underline \"\n        data-pswp-width=\"420\"\n        data-pswp-height=\"651\">\n                                        <picture>\r\n                    <source\r\n                srcset=\"https:\/\/legrandcontinent.eu\/fr\/wp-content\/uploads\/sites\/2\/2018\/12\/Mudam_Tayou_Home_Sweet_Home_3-125x194.jpg\"\r\n                media=\"(max-width: 374px)\" \/>\r\n                    <source\r\n                srcset=\"https:\/\/legrandcontinent.eu\/fr\/wp-content\/uploads\/sites\/2\/2018\/12\/Mudam_Tayou_Home_Sweet_Home_3-330x512.jpg\"\r\n                media=\"(min-width: 375px)\" \/>\r\n                <img decoding=\"async\" src=\"https:\/\/legrandcontinent.eu\/fr\/wp-content\/uploads\/sites\/2\/2018\/12\/Mudam_Tayou_Home_Sweet_Home_3-125x194.jpg\" \/>\r\n        <\/picture>\r\n                            \n                    <figcaption class=\"pswp-caption-content \">Pascale Marthine Tayou, Home Sweet Home, 2011<\/figcaption>\n            <\/a>\n<\/figure>\n\n\n<p>Il y a des enfants issus de l\u2019immigration, dont les parents sont arriv\u00e9s dans les ann\u00e9es 1970. Ils sont de nationalit\u00e9 fran\u00e7aise. A l\u2019\u00e9cole, on leur parle de la R\u00e9publique, on leur apprend que le racisme n\u2019existe pas en France. Mais ce sont des jeunes qui subissent la discrimination au quotidien, \u00e0 cause de leur nom et du quartier o\u00f9 ils vivent. Ils sont perdus entre plusieurs identit\u00e9s, et des personnes vont volontairement leur en assigner une. <\/p>\n\n\n\n<p>Il y a donc des jeunes qui basculent dans l\u2019islam int\u00e9griste parce qu\u2019ils ont besoin de savoir qui ils sont et de se recr\u00e9er une identit\u00e9 et un monde social. Il faut comprendre qu\u2019en France, les grands centres de formation du terrorisme sont la prison et les banlieues, deux lieux administr\u00e9s par l\u2019Etat, ce qui montre bien son \u00e9chec.<\/p>\n\n\n\n<figure class=\"wp-block-pullquote\"><blockquote><p>Les jeunes de la seconde g\u00e9n\u00e9ration immigr\u00e9e subissent la discrimination au quotidien, \u00e0 cause de leur nom et du quartier o\u00f9 ils vivent.<br><\/p><cite>C\u00e9dric Herrou<\/cite><\/blockquote><\/figure>\n\n\n\n<p>Il ne s\u2019agit pas de pardonner, mais de comprendre pour ne pas refaire les m\u00eames erreurs et pouvoir appr\u00e9hender les probl\u00e8mes. La migration est un d\u00e9fi lourd, compliqu\u00e9, je ne dis pas que c\u2019est un ph\u00e9nom\u00e8ne facile \u00e0 appr\u00e9hender et \u00e0 g\u00e9rer. Mais dans le long terme, elle ne peut qu\u2019\u00eatre b\u00e9n\u00e9fique. Quand on regarde l\u2019\u00e9volution de l\u2019humanit\u00e9, elle a toujours provoqu\u00e9 les grandes \u00e9volutions par la mixit\u00e9. C\u2019est important et nous n\u2019avons pas le choix, cette probl\u00e9matique nous fait face.<\/p>\n","protected":false},"excerpt":{"rendered":"<p>Le 12 d\u00e9cembre 2018 la Cour de cassation a annul\u00e9 la condamnation de C\u00e9dric Herrou par la Cour d&rsquo;appel d&rsquo;Aix-en-Provence \u00e0 quatre mois de prison avec sursis pour avoir port\u00e9 assistance \u00e0 des migrants. Dans cet entretien r\u00e9alis\u00e9 quelques semaines avant le verdict, C\u00e9dric Herrou revient sur le sens de son action en faveur de l&rsquo;accueil des migrants et d\u00e9nonce la mont\u00e9e de la x\u00e9nophobie en Europe.<\/p>\n","protected":false},"author":4,"featured_media":24635,"comment_status":"closed","ping_status":"open","sticky":false,"template":"templates\/post-interviews.php","format":"standard","meta":{"_acf_changed":false,"_trash_the_other_posts":false,"_yoast_wpseo_estimated-reading-time-minutes":0,"footnotes":""},"categories":[1731],"tags":[],"staff":[1765,1767],"editorial_format":[],"serie":[],"audience":[],"geo":[543],"class_list":["post-12378","post","type-post","status-publish","format-standard","hentry","category-politique","staff-elena-maximin","staff-uriel-gadessaud","geo-mediterranee"],"acf":{"open_in_webview":false,"accent":false},"yoast_head":"<!-- This site is optimized with the Yoast SEO plugin v26.1.1 - https:\/\/yoast.com\/wordpress\/plugins\/seo\/ -->\n<title>Sur le principe de fraternit\u00e9, une conversation avec C\u00e9dric Herrou | Le Grand Continent<\/title>\n<meta name=\"robots\" content=\"index, follow, max-snippet:-1, max-image-preview:large, max-video-preview:-1\" \/>\n<link rel=\"canonical\" href=\"https:\/\/legrandcontinent.eu\/fr\/2018\/12\/12\/nous-avons-rencontre-cedric-herrou\/\" \/>\n<meta property=\"og:locale\" content=\"fr_FR\" \/>\n<meta property=\"og:type\" content=\"article\" \/>\n<meta property=\"og:title\" content=\"Sur le principe de fraternit\u00e9, une conversation avec C\u00e9dric Herrou | Le Grand Continent\" \/>\n<meta property=\"og:description\" content=\"Le 12 d\u00e9cembre 2018 la Cour de cassation a annul\u00e9 la condamnation de C\u00e9dric Herrou par la Cour d&#039;appel d&#039;Aix-en-Provence \u00e0 quatre mois de prison avec sursis pour avoir port\u00e9 assistance \u00e0 des migrants. Dans cet entretien r\u00e9alis\u00e9 quelques semaines avant le verdict, C\u00e9dric Herrou revient sur le sens de son action en faveur de l&#039;accueil des migrants et d\u00e9nonce la mont\u00e9e de la x\u00e9nophobie en Europe.\" \/>\n<meta property=\"og:url\" content=\"https:\/\/legrandcontinent.eu\/fr\/2018\/12\/12\/nous-avons-rencontre-cedric-herrou\/\" \/>\n<meta property=\"og:site_name\" content=\"Le Grand Continent\" \/>\n<meta property=\"article:published_time\" content=\"2018-12-12T17:55:56+00:00\" \/>\n<meta property=\"article:modified_time\" content=\"2019-04-05T22:26:52+00:00\" \/>\n<meta property=\"og:image\" content=\"https:\/\/legrandcontinent.eu\/fr\/wp-content\/uploads\/sites\/2\/2018\/12\/ep4-cedric-herrou-img-header.jpeg\" \/>\n\t<meta property=\"og:image:width\" content=\"1440\" \/>\n\t<meta property=\"og:image:height\" content=\"960\" \/>\n\t<meta property=\"og:image:type\" content=\"image\/jpeg\" \/>\n<meta name=\"author\" content=\"gegeurope\" \/>\n<meta name=\"twitter:card\" content=\"summary_large_image\" \/>\n<meta name=\"twitter:label1\" content=\"\u00c9crit par\" \/>\n\t<meta name=\"twitter:data1\" content=\"gegeurope\" \/>\n\t<meta name=\"twitter:label2\" content=\"Dur\u00e9e de lecture estim\u00e9e\" \/>\n\t<meta name=\"twitter:data2\" content=\"25 minutes\" \/>\n<script type=\"application\/ld+json\" class=\"yoast-schema-graph\">{\"@context\":\"https:\/\/schema.org\",\"@graph\":[{\"@type\":\"WebPage\",\"@id\":\"https:\/\/legrandcontinent.eu\/fr\/2018\/12\/12\/nous-avons-rencontre-cedric-herrou\/\",\"url\":\"https:\/\/legrandcontinent.eu\/fr\/2018\/12\/12\/nous-avons-rencontre-cedric-herrou\/\",\"name\":\"Sur le principe de fraternit\u00e9, une conversation avec C\u00e9dric Herrou | Le Grand Continent\",\"isPartOf\":{\"@id\":\"https:\/\/legrandcontinent.eu\/fr\/#website\"},\"primaryImageOfPage\":{\"@id\":\"https:\/\/legrandcontinent.eu\/fr\/2018\/12\/12\/nous-avons-rencontre-cedric-herrou\/#primaryimage\"},\"image\":{\"@id\":\"https:\/\/legrandcontinent.eu\/fr\/2018\/12\/12\/nous-avons-rencontre-cedric-herrou\/#primaryimage\"},\"thumbnailUrl\":\"https:\/\/legrandcontinent.eu\/fr\/wp-content\/uploads\/sites\/2\/2018\/12\/ep4-cedric-herrou-img-header.jpeg\",\"datePublished\":\"2018-12-12T17:55:56+00:00\",\"dateModified\":\"2019-04-05T22:26:52+00:00\",\"author\":{\"@id\":\"https:\/\/legrandcontinent.eu\/fr\/#\/schema\/person\/25753fbf57948f81eb98a2daaf0a1f44\"},\"breadcrumb\":{\"@id\":\"https:\/\/legrandcontinent.eu\/fr\/2018\/12\/12\/nous-avons-rencontre-cedric-herrou\/#breadcrumb\"},\"inLanguage\":\"fr-FR\",\"potentialAction\":[{\"@type\":\"ReadAction\",\"target\":[\"https:\/\/legrandcontinent.eu\/fr\/2018\/12\/12\/nous-avons-rencontre-cedric-herrou\/\"]}]},{\"@type\":\"ImageObject\",\"inLanguage\":\"fr-FR\",\"@id\":\"https:\/\/legrandcontinent.eu\/fr\/2018\/12\/12\/nous-avons-rencontre-cedric-herrou\/#primaryimage\",\"url\":\"https:\/\/legrandcontinent.eu\/fr\/wp-content\/uploads\/sites\/2\/2018\/12\/ep4-cedric-herrou-img-header.jpeg\",\"contentUrl\":\"https:\/\/legrandcontinent.eu\/fr\/wp-content\/uploads\/sites\/2\/2018\/12\/ep4-cedric-herrou-img-header.jpeg\",\"width\":1440,\"height\":960},{\"@type\":\"BreadcrumbList\",\"@id\":\"https:\/\/legrandcontinent.eu\/fr\/2018\/12\/12\/nous-avons-rencontre-cedric-herrou\/#breadcrumb\",\"itemListElement\":[{\"@type\":\"ListItem\",\"position\":1,\"name\":\"Accueil\",\"item\":\"https:\/\/legrandcontinent.eu\/fr\/\"},{\"@type\":\"ListItem\",\"position\":2,\"name\":\"Sur le principe de fraternit\u00e9, une conversation avec C\u00e9dric Herrou\"}]},{\"@type\":\"WebSite\",\"@id\":\"https:\/\/legrandcontinent.eu\/fr\/#website\",\"url\":\"https:\/\/legrandcontinent.eu\/fr\/\",\"name\":\"Le Grand Continent\",\"description\":\"L&#039;\u00e9chelle pertinente\",\"potentialAction\":[{\"@type\":\"SearchAction\",\"target\":{\"@type\":\"EntryPoint\",\"urlTemplate\":\"https:\/\/legrandcontinent.eu\/fr\/?s={search_term_string}\"},\"query-input\":{\"@type\":\"PropertyValueSpecification\",\"valueRequired\":true,\"valueName\":\"search_term_string\"}}],\"inLanguage\":\"fr-FR\"},{\"@type\":\"Person\",\"@id\":\"https:\/\/legrandcontinent.eu\/fr\/#\/schema\/person\/25753fbf57948f81eb98a2daaf0a1f44\",\"name\":\"gegeurope\",\"image\":{\"@type\":\"ImageObject\",\"inLanguage\":\"fr-FR\",\"@id\":\"https:\/\/legrandcontinent.eu\/fr\/#\/schema\/person\/image\/\",\"url\":\"https:\/\/secure.gravatar.com\/avatar\/332bc77b348876050983d79aac818e16?s=96&d=mm&r=g\",\"contentUrl\":\"https:\/\/secure.gravatar.com\/avatar\/332bc77b348876050983d79aac818e16?s=96&d=mm&r=g\",\"caption\":\"gegeurope\"}}]}<\/script>\n<!-- \/ Yoast SEO plugin. -->","yoast_head_json":{"title":"Sur le principe de fraternit\u00e9, une conversation avec C\u00e9dric Herrou | Le Grand Continent","robots":{"index":"index","follow":"follow","max-snippet":"max-snippet:-1","max-image-preview":"max-image-preview:large","max-video-preview":"max-video-preview:-1"},"canonical":"https:\/\/legrandcontinent.eu\/fr\/2018\/12\/12\/nous-avons-rencontre-cedric-herrou\/","og_locale":"fr_FR","og_type":"article","og_title":"Sur le principe de fraternit\u00e9, une conversation avec C\u00e9dric Herrou | Le Grand Continent","og_description":"Le 12 d\u00e9cembre 2018 la Cour de cassation a annul\u00e9 la condamnation de C\u00e9dric Herrou par la Cour d'appel d'Aix-en-Provence \u00e0 quatre mois de prison avec sursis pour avoir port\u00e9 assistance \u00e0 des migrants. Dans cet entretien r\u00e9alis\u00e9 quelques semaines avant le verdict, C\u00e9dric Herrou revient sur le sens de son action en faveur de l'accueil des migrants et d\u00e9nonce la mont\u00e9e de la x\u00e9nophobie en Europe.","og_url":"https:\/\/legrandcontinent.eu\/fr\/2018\/12\/12\/nous-avons-rencontre-cedric-herrou\/","og_site_name":"Le Grand Continent","article_published_time":"2018-12-12T17:55:56+00:00","article_modified_time":"2019-04-05T22:26:52+00:00","og_image":[{"width":1440,"height":960,"url":"https:\/\/legrandcontinent.eu\/fr\/wp-content\/uploads\/sites\/2\/2018\/12\/ep4-cedric-herrou-img-header.jpeg","type":"image\/jpeg"}],"author":"gegeurope","twitter_card":"summary_large_image","twitter_misc":{"\u00c9crit par":"gegeurope","Dur\u00e9e de lecture estim\u00e9e":"25 minutes"},"schema":{"@context":"https:\/\/schema.org","@graph":[{"@type":"WebPage","@id":"https:\/\/legrandcontinent.eu\/fr\/2018\/12\/12\/nous-avons-rencontre-cedric-herrou\/","url":"https:\/\/legrandcontinent.eu\/fr\/2018\/12\/12\/nous-avons-rencontre-cedric-herrou\/","name":"Sur le principe de fraternit\u00e9, une conversation avec C\u00e9dric Herrou | Le Grand Continent","isPartOf":{"@id":"https:\/\/legrandcontinent.eu\/fr\/#website"},"primaryImageOfPage":{"@id":"https:\/\/legrandcontinent.eu\/fr\/2018\/12\/12\/nous-avons-rencontre-cedric-herrou\/#primaryimage"},"image":{"@id":"https:\/\/legrandcontinent.eu\/fr\/2018\/12\/12\/nous-avons-rencontre-cedric-herrou\/#primaryimage"},"thumbnailUrl":"https:\/\/legrandcontinent.eu\/fr\/wp-content\/uploads\/sites\/2\/2018\/12\/ep4-cedric-herrou-img-header.jpeg","datePublished":"2018-12-12T17:55:56+00:00","dateModified":"2019-04-05T22:26:52+00:00","author":{"@id":"https:\/\/legrandcontinent.eu\/fr\/#\/schema\/person\/25753fbf57948f81eb98a2daaf0a1f44"},"breadcrumb":{"@id":"https:\/\/legrandcontinent.eu\/fr\/2018\/12\/12\/nous-avons-rencontre-cedric-herrou\/#breadcrumb"},"inLanguage":"fr-FR","potentialAction":[{"@type":"ReadAction","target":["https:\/\/legrandcontinent.eu\/fr\/2018\/12\/12\/nous-avons-rencontre-cedric-herrou\/"]}]},{"@type":"ImageObject","inLanguage":"fr-FR","@id":"https:\/\/legrandcontinent.eu\/fr\/2018\/12\/12\/nous-avons-rencontre-cedric-herrou\/#primaryimage","url":"https:\/\/legrandcontinent.eu\/fr\/wp-content\/uploads\/sites\/2\/2018\/12\/ep4-cedric-herrou-img-header.jpeg","contentUrl":"https:\/\/legrandcontinent.eu\/fr\/wp-content\/uploads\/sites\/2\/2018\/12\/ep4-cedric-herrou-img-header.jpeg","width":1440,"height":960},{"@type":"BreadcrumbList","@id":"https:\/\/legrandcontinent.eu\/fr\/2018\/12\/12\/nous-avons-rencontre-cedric-herrou\/#breadcrumb","itemListElement":[{"@type":"ListItem","position":1,"name":"Accueil","item":"https:\/\/legrandcontinent.eu\/fr\/"},{"@type":"ListItem","position":2,"name":"Sur le principe de fraternit\u00e9, une conversation avec C\u00e9dric Herrou"}]},{"@type":"WebSite","@id":"https:\/\/legrandcontinent.eu\/fr\/#website","url":"https:\/\/legrandcontinent.eu\/fr\/","name":"Le Grand Continent","description":"L&#039;\u00e9chelle pertinente","potentialAction":[{"@type":"SearchAction","target":{"@type":"EntryPoint","urlTemplate":"https:\/\/legrandcontinent.eu\/fr\/?s={search_term_string}"},"query-input":{"@type":"PropertyValueSpecification","valueRequired":true,"valueName":"search_term_string"}}],"inLanguage":"fr-FR"},{"@type":"Person","@id":"https:\/\/legrandcontinent.eu\/fr\/#\/schema\/person\/25753fbf57948f81eb98a2daaf0a1f44","name":"gegeurope","image":{"@type":"ImageObject","inLanguage":"fr-FR","@id":"https:\/\/legrandcontinent.eu\/fr\/#\/schema\/person\/image\/","url":"https:\/\/secure.gravatar.com\/avatar\/332bc77b348876050983d79aac818e16?s=96&d=mm&r=g","contentUrl":"https:\/\/secure.gravatar.com\/avatar\/332bc77b348876050983d79aac818e16?s=96&d=mm&r=g","caption":"gegeurope"}}]}},"lgc_categories":[{"id":1731,"name":"Politique","slug":"politique"}],"lgc_author":{"id":1765,"name":"Elena Maximin","slug":"elena-maximin"},"feature_image_summary":{"url":"https:\/\/legrandcontinent.eu\/fr\/wp-content\/uploads\/sites\/2\/2018\/12\/ep4-cedric-herrou-img-header.jpeg","width":1440,"height":960,"alt":""},"feature_image_cover":{"url":"https:\/\/legrandcontinent.eu\/fr\/wp-content\/uploads\/sites\/2\/2018\/12\/ep4-cedric-herrou-img-header.jpeg","width":1440,"height":960,"alt":""},"term_position_data":null,"_links":{"self":[{"href":"https:\/\/legrandcontinent.eu\/fr\/wp-json\/wp\/v2\/posts\/12378","targetHints":{"allow":["GET"]}}],"collection":[{"href":"https:\/\/legrandcontinent.eu\/fr\/wp-json\/wp\/v2\/posts"}],"about":[{"href":"https:\/\/legrandcontinent.eu\/fr\/wp-json\/wp\/v2\/types\/post"}],"author":[{"embeddable":true,"href":"https:\/\/legrandcontinent.eu\/fr\/wp-json\/wp\/v2\/users\/4"}],"replies":[{"embeddable":true,"href":"https:\/\/legrandcontinent.eu\/fr\/wp-json\/wp\/v2\/comments?post=12378"}],"version-history":[{"count":0,"href":"https:\/\/legrandcontinent.eu\/fr\/wp-json\/wp\/v2\/posts\/12378\/revisions"}],"wp:featuredmedia":[{"embeddable":true,"href":"https:\/\/legrandcontinent.eu\/fr\/wp-json\/wp\/v2\/media\/24635"}],"wp:attachment":[{"href":"https:\/\/legrandcontinent.eu\/fr\/wp-json\/wp\/v2\/media?parent=12378"}],"wp:term":[{"taxonomy":"category","embeddable":true,"href":"https:\/\/legrandcontinent.eu\/fr\/wp-json\/wp\/v2\/categories?post=12378"},{"taxonomy":"post_tag","embeddable":true,"href":"https:\/\/legrandcontinent.eu\/fr\/wp-json\/wp\/v2\/tags?post=12378"},{"taxonomy":"staff","embeddable":true,"href":"https:\/\/legrandcontinent.eu\/fr\/wp-json\/wp\/v2\/staff?post=12378"},{"taxonomy":"editorial_format","embeddable":true,"href":"https:\/\/legrandcontinent.eu\/fr\/wp-json\/wp\/v2\/editorial_format?post=12378"},{"taxonomy":"serie","embeddable":true,"href":"https:\/\/legrandcontinent.eu\/fr\/wp-json\/wp\/v2\/serie?post=12378"},{"taxonomy":"audience","embeddable":true,"href":"https:\/\/legrandcontinent.eu\/fr\/wp-json\/wp\/v2\/audience?post=12378"},{"taxonomy":"geo","embeddable":true,"href":"https:\/\/legrandcontinent.eu\/fr\/wp-json\/wp\/v2\/geo?post=12378"}],"curies":[{"name":"wp","href":"https:\/\/api.w.org\/{rel}","templated":true}]}}