{"id":123056,"date":"2021-10-10T17:27:30","date_gmt":"2021-10-10T15:27:30","guid":{"rendered":"https:\/\/legrandcontinent.eu\/fr\/?p=123056"},"modified":"2021-10-10T17:28:15","modified_gmt":"2021-10-10T15:28:15","slug":"la-decision-de-la-cour-constitutionnelle-polonaise-secoue-lunion","status":"publish","type":"post","link":"https:\/\/legrandcontinent.eu\/fr\/2021\/10\/10\/la-decision-de-la-cour-constitutionnelle-polonaise-secoue-lunion\/","title":{"rendered":"La d\u00e9cision de la Cour constitutionnelle polonaise secoue l\u2019Union"},"content":{"rendered":"\n<ul class=\"wp-block-list\"><li>Cette d\u00e9cision est un v\u00e9ritable choc qui pourrait avoir des cons\u00e9quences majeures pour l\u2019Europe. En effet, si le pr\u00e9sident du conseil des ministres polonais, Mateusz Morawiecki, s\u2019est empress\u00e9 d\u2019affirmer que son pays devait rester dans l\u2019Europe <em>via <\/em>un post Facebook, cette d\u00e9cision est une remise en cause fondamentale des trait\u00e9s de l\u2019Union&nbsp;<span class='whitespace-nowrap'><span id='easy-footnote-1-123056' class='easy-footnote-margin-adjust'><\/span><span class='easy-footnote'><a href='https:\/\/legrandcontinent.eu\/fr\/2021\/10\/10\/la-decision-de-la-cour-constitutionnelle-polonaise-secoue-lunion\/#easy-footnote-bottom-1-123056' title='Le Monde, &lt;a href=&quot;https:\/\/www.lemonde.fr\/international\/article\/2021\/10\/08\/la-remise-en-cause-inedite-de-la-primaute-du-droit-europeen-par-la-pologne-ebranle-l-union_6097548_3210.html&quot; target=&quot;_blank&quot; rel=&quot;noreferrer noopener&quot;&gt;La remise en cause in\u00e9dite de la primaut\u00e9 du droit europ\u00e9en par la Pologne \u00e9branle l\u2019Union&lt;\/a&gt;'><sup>1<\/sup><\/a><\/span><\/span> par une Cour tenue d\u2019une main de fer par le pr\u00e9sident Andrzej Duda et son parti le PiS.&nbsp;<\/li><\/ul>\n\n\n\n<ul class=\"wp-block-list\"><li>C\u2019est pourquoi certains dirigeants politiques europ\u00e9ens, en conflit ouvert avec les instances de l\u2019Union, se sont empress\u00e9s de saluer cette d\u00e9cision. Ainsi Viktor Orb\u00e1n a soutenu la d\u00e9cision de la Cour polonaise, affirmant, selon Reuters&nbsp;<span class='whitespace-nowrap'><span id='easy-footnote-2-123056' class='easy-footnote-margin-adjust'><\/span><span class='easy-footnote'><a href='https:\/\/legrandcontinent.eu\/fr\/2021\/10\/10\/la-decision-de-la-cour-constitutionnelle-polonaise-secoue-lunion\/#easy-footnote-bottom-2-123056' title='Reuters, &lt;a href=&quot;https:\/\/www.reuters.com\/world\/europe\/hungarys-orban-backs-polish-court-ruling-challenging-eu-law-2021-10-09\/?taid=61619bba90c5510001baf165&amp;amp;utm_campaign=trueAnthem:+Trending+Content&amp;amp;utm_medium=trueAnthem&amp;amp;utm_source=twitter&quot; target=&quot;_blank&quot; rel=&quot;noreferrer noopener&quot;&gt;Hungary&amp;rsquo;s Orban backs Polish court ruling challenging EU law&lt;\/a&gt;'><sup>2<\/sup><\/a><\/span><\/span>, que l\u2019Union devait \u201crespecter la souverainet\u00e9 des \u00c9tats membres\u201d.&nbsp;<\/li><\/ul>\n\n\n\n<ul class=\"wp-block-list\"><li>Certains partis d\u2019extr\u00eame droite ont \u00e9galement affich\u00e9 leur soutien. Ainsi Marine Le Pen et \u00c9ric Zemour, mais \u00e9galement, \u00e0 droite, Xavier Bertrand, ont eu l\u2019occasion de rappeler leur engagement pour la primaut\u00e9 du droit national. \u00c0 gauche aussi certains ont salu\u00e9 cette d\u00e9cision, \u00e0 l\u2019instar d\u2019Arnaud Montebourg, qui a affirm\u00e9 que cette position \u00e9tait favorable \u00e0 la souverainet\u00e9 des \u00c9tats membres. Apr\u00e8s la proposition d\u2019un \u00ab&#160;&nbsp;bouclier constitutionnel&nbsp;&#160;\u00bb par Michel Barnier il y a quelques semaines, l\u2019attachement \u00e0 une telle position \u2013 qui s\u2019apparente au d\u00e9but d\u2019un Frexit juridique \u2013 sur presque l\u2019ensemble du spectre politique, a de quoi interroger.<\/li><\/ul>\n\n\n\n<ul class=\"wp-block-list\"><li>D\u2019autres, au contraire, l\u2019ont d\u00e9plor\u00e9e. Du c\u00f4t\u00e9 fran\u00e7ais, les r\u00e9actions politiques ne se sont pas faites attendre. Cl\u00e9ment Beaune, le secr\u00e9taire d\u2019\u00c9tat fran\u00e7ais aux affaires europ\u00e9ennes, a ainsi affirm\u00e9 qu\u2019il s\u2019agissait d\u2019une \u201cattaque contre l\u2019Union europ\u00e9enne\u201d. De m\u00eame dans le reste de l\u2019Europe, le premier ministre des Affaires \u00e9trang\u00e8res luxembourgeois a vivement critiqu\u00e9 cette d\u00e9cision et son homologue allemand, Heiko Maas, a rappel\u00e9 la Pologne \u00e0 l\u2019ordre&nbsp;<span class='whitespace-nowrap'><span id='easy-footnote-3-123056' class='easy-footnote-margin-adjust'><\/span><span class='easy-footnote'><a href='https:\/\/legrandcontinent.eu\/fr\/2021\/10\/10\/la-decision-de-la-cour-constitutionnelle-polonaise-secoue-lunion\/#easy-footnote-bottom-3-123056' title='Reuters, &lt;a href=&quot;https:\/\/www.reuters.com\/world\/europe\/france-germany-say-poland-must-abide-by-eu-rules-2021-10-08\/&quot; target=&quot;_blank&quot; rel=&quot;noreferrer noopener&quot;&gt;France and Germany say Poland must abide by EU rules&lt;\/a&gt;'><sup>3<\/sup><\/a><\/span><\/span>.&nbsp;<\/li><\/ul>\n\n\n\n<ul class=\"wp-block-list\"><li>Du c\u00f4t\u00e9 des institutions, le commissaire europ\u00e9en \u00e0 la Justice Didier Reynders a affirm\u00e9 que l\u2019UE allait \u201cutiliser tous les outils \u00e0 [sa] disposition pour faire en sorte que les principes fondateurs de l\u2019Union soient respect\u00e9s\u201d car la d\u00e9cision polonaise \u201cmet en cause plusieurs principes fondamentaux de l\u2019organisation de l\u2019Union\u201d.&nbsp;<\/li><\/ul>\n\n\n\n<ul class=\"wp-block-list\"><li>Cette d\u00e9cision de la Pologne pourrait entra\u00eener, \u00e0 terme, un \u201cPolexit\u201d, une sortie de l\u2019Union de la Pologne, cette d\u00e9cision de la Cour constitutionnelle remettant en cause un des piliers de l\u2019Union, \u00e0 savoir la primaut\u00e9 de son droit primaire (issu des trait\u00e9s) sur les droits nationaux. Dans l\u2019imm\u00e9diat, cela menace les droits de la Pologne au versement du plan de relance, soit 23 milliards d\u2019euros de subventions et 34 milliards d\u2019euros de pr\u00eats \u00e0 taux avantageux &nbsp;<span class='whitespace-nowrap'><span id='easy-footnote-4-123056' class='easy-footnote-margin-adjust'><\/span><span class='easy-footnote'><a href='https:\/\/legrandcontinent.eu\/fr\/2021\/10\/10\/la-decision-de-la-cour-constitutionnelle-polonaise-secoue-lunion\/#easy-footnote-bottom-4-123056' title='L&amp;rsquo;Express, &lt;a href=&quot;https:\/\/www.lexpress.fr\/actualite\/monde\/europe\/vers-un-polexit-la-pologne-ne-reconnait-plus-la-suprematie-absolue-du-droit-europeen_2160076.html&quot;&gt;Vers un Polexit&amp;#160;? La Pologne ne reconna\u00eet plus la supr\u00e9matie absolue du droit europ\u00e9en&lt;\/a&gt;'><sup>4<\/sup><\/a><\/span><\/span>.<\/li><\/ul>\n","protected":false},"excerpt":{"rendered":"<p>La Cour constitutionnelle polonaise a d\u00e9cid\u00e9, le 7 octobre, que \u201cles organes de l\u2019Union europ\u00e9enne fonctionnent en dehors des comp\u00e9tences qui leur sont confi\u00e9es dans les trait\u00e9s\u201d. Les r\u00e9actions politiques \u00e9trang\u00e8res n\u2019ont alors pas tard\u00e9 \u00e0 pleuvoir, y compris en France, o\u00f9 des figures d\u2019extr\u00eame droite, comme Eric Zemmour ou Florian Philippot, mais aussi de gauche, comme le candidat \u00e0 l\u2019\u00e9lection pr\u00e9sidentielle Arnaud Montebourg, ont salu\u00e9 cette d\u00e9cision. L\u2019occasion de revenir sur les r\u00e9actions politiques dans les autres pays europ\u00e9ens.\u00a0<\/p>\n","protected":false},"author":1782,"featured_media":123057,"comment_status":"open","ping_status":"open","sticky":false,"template":"templates\/post-briefings.php","format":"standard","meta":{"_acf_changed":false,"_trash_the_other_posts":false,"_yoast_wpseo_estimated-reading-time-minutes":3,"footnotes":""},"categories":[1731],"tags":[],"staff":[1780],"editorial_format":[],"serie":[],"audience":[],"geo":[1917],"class_list":["post-123056","post","type-post","status-publish","format-standard","hentry","category-politique","staff-le-grand-continent","geo-europe"],"acf":{"open_in_webview":false,"accent":false,"_thumbnail_id":123057,"excerpt":"La Cour constitutionnelle polonaise a d\u00e9cid\u00e9, le 7 octobre, que \u201cles organes de l\u2019Union europ\u00e9enne fonctionnent en dehors des comp\u00e9tences qui leur sont confi\u00e9es dans les trait\u00e9s\u201d. Les r\u00e9actions politiques \u00e9trang\u00e8res n\u2019ont alors pas tard\u00e9 \u00e0 pleuvoir, y compris en France, o\u00f9 des figures d\u2019extr\u00eame droite, comme Eric Zemmour ou Florian Philippot, mais aussi de gauche, comme le candidat \u00e0 l\u2019\u00e9lection pr\u00e9sidentielle Arnaud Montebourg, ont salu\u00e9 cette d\u00e9cision. L\u2019occasion de revenir sur les r\u00e9actions politiques dans les autres pays europ\u00e9ens.\u00a0","display_date":"","new_abstract":true},"yoast_head":"<!-- This site is optimized with the Yoast SEO plugin v26.1.1 - https:\/\/yoast.com\/wordpress\/plugins\/seo\/ -->\n<title>La d\u00e9cision de la Cour constitutionnelle polonaise secoue l\u2019Union | Le Grand Continent<\/title>\n<meta name=\"robots\" content=\"index, follow, max-snippet:-1, max-image-preview:large, max-video-preview:-1\" \/>\n<link rel=\"canonical\" href=\"https:\/\/legrandcontinent.eu\/fr\/2021\/10\/10\/la-decision-de-la-cour-constitutionnelle-polonaise-secoue-lunion\/\" \/>\n<meta property=\"og:locale\" content=\"fr_FR\" \/>\n<meta property=\"og:type\" content=\"article\" \/>\n<meta property=\"og:title\" content=\"La d\u00e9cision de la Cour constitutionnelle polonaise secoue l\u2019Union | Le Grand Continent\" \/>\n<meta property=\"og:description\" content=\"La Cour constitutionnelle polonaise a d\u00e9cid\u00e9, le 7 octobre, que \u201cles organes de l\u2019Union europ\u00e9enne fonctionnent en dehors des comp\u00e9tences qui leur sont confi\u00e9es dans les trait\u00e9s\u201d. Les r\u00e9actions politiques \u00e9trang\u00e8res n\u2019ont alors pas tard\u00e9 \u00e0 pleuvoir, y compris en France, o\u00f9 des figures d\u2019extr\u00eame droite, comme Eric Zemmour ou Florian Philippot, mais aussi de gauche, comme le candidat \u00e0 l\u2019\u00e9lection pr\u00e9sidentielle Arnaud Montebourg, ont salu\u00e9 cette d\u00e9cision. L\u2019occasion de revenir sur les r\u00e9actions politiques dans les autres pays europ\u00e9ens.\u00a0\" \/>\n<meta property=\"og:url\" content=\"https:\/\/legrandcontinent.eu\/fr\/2021\/10\/10\/la-decision-de-la-cour-constitutionnelle-polonaise-secoue-lunion\/\" \/>\n<meta property=\"og:site_name\" content=\"Le Grand Continent\" \/>\n<meta property=\"article:published_time\" content=\"2021-10-10T15:27:30+00:00\" \/>\n<meta property=\"article:modified_time\" content=\"2021-10-10T15:28:15+00:00\" \/>\n<meta property=\"og:image\" content=\"https:\/\/legrandcontinent.eu\/fr\/wp-content\/uploads\/sites\/2\/2021\/10\/gc-polexit.jpg\" \/>\n\t<meta property=\"og:image:width\" content=\"2560\" \/>\n\t<meta property=\"og:image:height\" content=\"1440\" \/>\n\t<meta property=\"og:image:type\" content=\"image\/jpeg\" \/>\n<meta name=\"author\" content=\"clementf\" \/>\n<meta name=\"twitter:card\" content=\"summary_large_image\" \/>\n<meta name=\"twitter:image\" content=\"https:\/\/legrandcontinent.eu\/fr\/wp-content\/uploads\/sites\/2\/2021\/10\/gc-polexit.jpg\" \/>\n<meta name=\"twitter:label1\" content=\"\u00c9crit par\" \/>\n\t<meta name=\"twitter:data1\" content=\"clementf\" \/>\n\t<meta name=\"twitter:label2\" content=\"Dur\u00e9e de lecture estim\u00e9e\" \/>\n\t<meta name=\"twitter:data2\" content=\"3 minutes\" \/>\n<script type=\"application\/ld+json\" class=\"yoast-schema-graph\">{\"@context\":\"https:\/\/schema.org\",\"@graph\":[{\"@type\":\"WebPage\",\"@id\":\"https:\/\/legrandcontinent.eu\/fr\/2021\/10\/10\/la-decision-de-la-cour-constitutionnelle-polonaise-secoue-lunion\/\",\"url\":\"https:\/\/legrandcontinent.eu\/fr\/2021\/10\/10\/la-decision-de-la-cour-constitutionnelle-polonaise-secoue-lunion\/\",\"name\":\"La d\u00e9cision de la Cour constitutionnelle polonaise secoue l\u2019Union | Le Grand Continent\",\"isPartOf\":{\"@id\":\"https:\/\/legrandcontinent.eu\/fr\/#website\"},\"primaryImageOfPage\":{\"@id\":\"https:\/\/legrandcontinent.eu\/fr\/2021\/10\/10\/la-decision-de-la-cour-constitutionnelle-polonaise-secoue-lunion\/#primaryimage\"},\"image\":{\"@id\":\"https:\/\/legrandcontinent.eu\/fr\/2021\/10\/10\/la-decision-de-la-cour-constitutionnelle-polonaise-secoue-lunion\/#primaryimage\"},\"thumbnailUrl\":\"https:\/\/legrandcontinent.eu\/fr\/wp-content\/uploads\/sites\/2\/2021\/10\/SIPA_SIPAUSA30283084_000002-scaled.jpg\",\"datePublished\":\"2021-10-10T15:27:30+00:00\",\"dateModified\":\"2021-10-10T15:28:15+00:00\",\"author\":{\"@id\":\"https:\/\/legrandcontinent.eu\/fr\/#\/schema\/person\/b22879caf2a074c0786f019573977c84\"},\"breadcrumb\":{\"@id\":\"https:\/\/legrandcontinent.eu\/fr\/2021\/10\/10\/la-decision-de-la-cour-constitutionnelle-polonaise-secoue-lunion\/#breadcrumb\"},\"inLanguage\":\"fr-FR\",\"potentialAction\":[{\"@type\":\"ReadAction\",\"target\":[\"https:\/\/legrandcontinent.eu\/fr\/2021\/10\/10\/la-decision-de-la-cour-constitutionnelle-polonaise-secoue-lunion\/\"]}]},{\"@type\":\"ImageObject\",\"inLanguage\":\"fr-FR\",\"@id\":\"https:\/\/legrandcontinent.eu\/fr\/2021\/10\/10\/la-decision-de-la-cour-constitutionnelle-polonaise-secoue-lunion\/#primaryimage\",\"url\":\"https:\/\/legrandcontinent.eu\/fr\/wp-content\/uploads\/sites\/2\/2021\/10\/SIPA_SIPAUSA30283084_000002-scaled.jpg\",\"contentUrl\":\"https:\/\/legrandcontinent.eu\/fr\/wp-content\/uploads\/sites\/2\/2021\/10\/SIPA_SIPAUSA30283084_000002-scaled.jpg\",\"width\":2560,\"height\":1707,\"caption\":\"Graffiti reading 'Polexit start' is seen in central Warsaw, Poland on 09 October, 2021. After a ruling this week by the Constitutional Court on the primacy of EU law over national law critics fear the country is heading for a 'Polexit'. The Constitutional Tribunal is mostly made up of politically appointed judges and the ruling is seen as hitting at core values and legal intigration with the EU. (Photo by Jaap Arriens \/ SIpa USA)\/35503509\/Jaap Arriens\/2110101532\"},{\"@type\":\"BreadcrumbList\",\"@id\":\"https:\/\/legrandcontinent.eu\/fr\/2021\/10\/10\/la-decision-de-la-cour-constitutionnelle-polonaise-secoue-lunion\/#breadcrumb\",\"itemListElement\":[{\"@type\":\"ListItem\",\"position\":1,\"name\":\"Accueil\",\"item\":\"https:\/\/legrandcontinent.eu\/fr\/\"},{\"@type\":\"ListItem\",\"position\":2,\"name\":\"La d\u00e9cision de la Cour constitutionnelle polonaise secoue l\u2019Union\"}]},{\"@type\":\"WebSite\",\"@id\":\"https:\/\/legrandcontinent.eu\/fr\/#website\",\"url\":\"https:\/\/legrandcontinent.eu\/fr\/\",\"name\":\"Le Grand Continent\",\"description\":\"L&#039;\u00e9chelle pertinente\",\"potentialAction\":[{\"@type\":\"SearchAction\",\"target\":{\"@type\":\"EntryPoint\",\"urlTemplate\":\"https:\/\/legrandcontinent.eu\/fr\/?s={search_term_string}\"},\"query-input\":{\"@type\":\"PropertyValueSpecification\",\"valueRequired\":true,\"valueName\":\"search_term_string\"}}],\"inLanguage\":\"fr-FR\"},{\"@type\":\"Person\",\"@id\":\"https:\/\/legrandcontinent.eu\/fr\/#\/schema\/person\/b22879caf2a074c0786f019573977c84\",\"name\":\"clementf\",\"image\":{\"@type\":\"ImageObject\",\"inLanguage\":\"fr-FR\",\"@id\":\"https:\/\/legrandcontinent.eu\/fr\/#\/schema\/person\/image\/\",\"url\":\"https:\/\/secure.gravatar.com\/avatar\/41f278c3339276cfdaa0b30a33819066?s=96&d=mm&r=g\",\"contentUrl\":\"https:\/\/secure.gravatar.com\/avatar\/41f278c3339276cfdaa0b30a33819066?s=96&d=mm&r=g\",\"caption\":\"clementf\"}}]}<\/script>\n<!-- \/ Yoast SEO plugin. -->","yoast_head_json":{"title":"La d\u00e9cision de la Cour constitutionnelle polonaise secoue l\u2019Union | Le Grand Continent","robots":{"index":"index","follow":"follow","max-snippet":"max-snippet:-1","max-image-preview":"max-image-preview:large","max-video-preview":"max-video-preview:-1"},"canonical":"https:\/\/legrandcontinent.eu\/fr\/2021\/10\/10\/la-decision-de-la-cour-constitutionnelle-polonaise-secoue-lunion\/","og_locale":"fr_FR","og_type":"article","og_title":"La d\u00e9cision de la Cour constitutionnelle polonaise secoue l\u2019Union | Le Grand Continent","og_description":"La Cour constitutionnelle polonaise a d\u00e9cid\u00e9, le 7 octobre, que \u201cles organes de l\u2019Union europ\u00e9enne fonctionnent en dehors des comp\u00e9tences qui leur sont confi\u00e9es dans les trait\u00e9s\u201d. Les r\u00e9actions politiques \u00e9trang\u00e8res n\u2019ont alors pas tard\u00e9 \u00e0 pleuvoir, y compris en France, o\u00f9 des figures d\u2019extr\u00eame droite, comme Eric Zemmour ou Florian Philippot, mais aussi de gauche, comme le candidat \u00e0 l\u2019\u00e9lection pr\u00e9sidentielle Arnaud Montebourg, ont salu\u00e9 cette d\u00e9cision. L\u2019occasion de revenir sur les r\u00e9actions politiques dans les autres pays europ\u00e9ens.\u00a0","og_url":"https:\/\/legrandcontinent.eu\/fr\/2021\/10\/10\/la-decision-de-la-cour-constitutionnelle-polonaise-secoue-lunion\/","og_site_name":"Le Grand Continent","article_published_time":"2021-10-10T15:27:30+00:00","article_modified_time":"2021-10-10T15:28:15+00:00","og_image":[{"width":2560,"height":1440,"url":"https:\/\/legrandcontinent.eu\/fr\/wp-content\/uploads\/sites\/2\/2021\/10\/gc-polexit.jpg","type":"image\/jpeg"}],"author":"clementf","twitter_card":"summary_large_image","twitter_image":"https:\/\/legrandcontinent.eu\/fr\/wp-content\/uploads\/sites\/2\/2021\/10\/gc-polexit.jpg","twitter_misc":{"\u00c9crit par":"clementf","Dur\u00e9e de lecture estim\u00e9e":"3 minutes"},"schema":{"@context":"https:\/\/schema.org","@graph":[{"@type":"WebPage","@id":"https:\/\/legrandcontinent.eu\/fr\/2021\/10\/10\/la-decision-de-la-cour-constitutionnelle-polonaise-secoue-lunion\/","url":"https:\/\/legrandcontinent.eu\/fr\/2021\/10\/10\/la-decision-de-la-cour-constitutionnelle-polonaise-secoue-lunion\/","name":"La d\u00e9cision de la Cour constitutionnelle polonaise secoue l\u2019Union | Le Grand Continent","isPartOf":{"@id":"https:\/\/legrandcontinent.eu\/fr\/#website"},"primaryImageOfPage":{"@id":"https:\/\/legrandcontinent.eu\/fr\/2021\/10\/10\/la-decision-de-la-cour-constitutionnelle-polonaise-secoue-lunion\/#primaryimage"},"image":{"@id":"https:\/\/legrandcontinent.eu\/fr\/2021\/10\/10\/la-decision-de-la-cour-constitutionnelle-polonaise-secoue-lunion\/#primaryimage"},"thumbnailUrl":"https:\/\/legrandcontinent.eu\/fr\/wp-content\/uploads\/sites\/2\/2021\/10\/SIPA_SIPAUSA30283084_000002-scaled.jpg","datePublished":"2021-10-10T15:27:30+00:00","dateModified":"2021-10-10T15:28:15+00:00","author":{"@id":"https:\/\/legrandcontinent.eu\/fr\/#\/schema\/person\/b22879caf2a074c0786f019573977c84"},"breadcrumb":{"@id":"https:\/\/legrandcontinent.eu\/fr\/2021\/10\/10\/la-decision-de-la-cour-constitutionnelle-polonaise-secoue-lunion\/#breadcrumb"},"inLanguage":"fr-FR","potentialAction":[{"@type":"ReadAction","target":["https:\/\/legrandcontinent.eu\/fr\/2021\/10\/10\/la-decision-de-la-cour-constitutionnelle-polonaise-secoue-lunion\/"]}]},{"@type":"ImageObject","inLanguage":"fr-FR","@id":"https:\/\/legrandcontinent.eu\/fr\/2021\/10\/10\/la-decision-de-la-cour-constitutionnelle-polonaise-secoue-lunion\/#primaryimage","url":"https:\/\/legrandcontinent.eu\/fr\/wp-content\/uploads\/sites\/2\/2021\/10\/SIPA_SIPAUSA30283084_000002-scaled.jpg","contentUrl":"https:\/\/legrandcontinent.eu\/fr\/wp-content\/uploads\/sites\/2\/2021\/10\/SIPA_SIPAUSA30283084_000002-scaled.jpg","width":2560,"height":1707,"caption":"Graffiti reading 'Polexit start' is seen in central Warsaw, Poland on 09 October, 2021. After a ruling this week by the Constitutional Court on the primacy of EU law over national law critics fear the country is heading for a 'Polexit'. The Constitutional Tribunal is mostly made up of politically appointed judges and the ruling is seen as hitting at core values and legal intigration with the EU. (Photo by Jaap Arriens \/ SIpa USA)\/35503509\/Jaap Arriens\/2110101532"},{"@type":"BreadcrumbList","@id":"https:\/\/legrandcontinent.eu\/fr\/2021\/10\/10\/la-decision-de-la-cour-constitutionnelle-polonaise-secoue-lunion\/#breadcrumb","itemListElement":[{"@type":"ListItem","position":1,"name":"Accueil","item":"https:\/\/legrandcontinent.eu\/fr\/"},{"@type":"ListItem","position":2,"name":"La d\u00e9cision de la Cour constitutionnelle polonaise secoue l\u2019Union"}]},{"@type":"WebSite","@id":"https:\/\/legrandcontinent.eu\/fr\/#website","url":"https:\/\/legrandcontinent.eu\/fr\/","name":"Le Grand Continent","description":"L&#039;\u00e9chelle pertinente","potentialAction":[{"@type":"SearchAction","target":{"@type":"EntryPoint","urlTemplate":"https:\/\/legrandcontinent.eu\/fr\/?s={search_term_string}"},"query-input":{"@type":"PropertyValueSpecification","valueRequired":true,"valueName":"search_term_string"}}],"inLanguage":"fr-FR"},{"@type":"Person","@id":"https:\/\/legrandcontinent.eu\/fr\/#\/schema\/person\/b22879caf2a074c0786f019573977c84","name":"clementf","image":{"@type":"ImageObject","inLanguage":"fr-FR","@id":"https:\/\/legrandcontinent.eu\/fr\/#\/schema\/person\/image\/","url":"https:\/\/secure.gravatar.com\/avatar\/41f278c3339276cfdaa0b30a33819066?s=96&d=mm&r=g","contentUrl":"https:\/\/secure.gravatar.com\/avatar\/41f278c3339276cfdaa0b30a33819066?s=96&d=mm&r=g","caption":"clementf"}}]}},"lgc_categories":[{"id":1731,"name":"Politique","slug":"politique"}],"lgc_author":{"id":1780,"name":"Le Grand Continent","slug":"le-grand-continent","description":null,"first_name":null,"last_name":null,"picture":null},"feature_image_summary":{"url":"https:\/\/legrandcontinent.eu\/fr\/wp-content\/uploads\/sites\/2\/2021\/10\/SIPA_SIPAUSA30283084_000002-scaled.jpg","width":2560,"height":1707,"alt":""},"feature_image_cover":null,"term_position_data":null,"_links":{"self":[{"href":"https:\/\/legrandcontinent.eu\/fr\/wp-json\/wp\/v2\/posts\/123056","targetHints":{"allow":["GET"]}}],"collection":[{"href":"https:\/\/legrandcontinent.eu\/fr\/wp-json\/wp\/v2\/posts"}],"about":[{"href":"https:\/\/legrandcontinent.eu\/fr\/wp-json\/wp\/v2\/types\/post"}],"author":[{"embeddable":true,"href":"https:\/\/legrandcontinent.eu\/fr\/wp-json\/wp\/v2\/users\/1782"}],"replies":[{"embeddable":true,"href":"https:\/\/legrandcontinent.eu\/fr\/wp-json\/wp\/v2\/comments?post=123056"}],"version-history":[{"count":0,"href":"https:\/\/legrandcontinent.eu\/fr\/wp-json\/wp\/v2\/posts\/123056\/revisions"}],"wp:featuredmedia":[{"embeddable":true,"href":"https:\/\/legrandcontinent.eu\/fr\/wp-json\/wp\/v2\/media\/123057"}],"wp:attachment":[{"href":"https:\/\/legrandcontinent.eu\/fr\/wp-json\/wp\/v2\/media?parent=123056"}],"wp:term":[{"taxonomy":"category","embeddable":true,"href":"https:\/\/legrandcontinent.eu\/fr\/wp-json\/wp\/v2\/categories?post=123056"},{"taxonomy":"post_tag","embeddable":true,"href":"https:\/\/legrandcontinent.eu\/fr\/wp-json\/wp\/v2\/tags?post=123056"},{"taxonomy":"staff","embeddable":true,"href":"https:\/\/legrandcontinent.eu\/fr\/wp-json\/wp\/v2\/staff?post=123056"},{"taxonomy":"editorial_format","embeddable":true,"href":"https:\/\/legrandcontinent.eu\/fr\/wp-json\/wp\/v2\/editorial_format?post=123056"},{"taxonomy":"serie","embeddable":true,"href":"https:\/\/legrandcontinent.eu\/fr\/wp-json\/wp\/v2\/serie?post=123056"},{"taxonomy":"audience","embeddable":true,"href":"https:\/\/legrandcontinent.eu\/fr\/wp-json\/wp\/v2\/audience?post=123056"},{"taxonomy":"geo","embeddable":true,"href":"https:\/\/legrandcontinent.eu\/fr\/wp-json\/wp\/v2\/geo?post=123056"}],"curies":[{"name":"wp","href":"https:\/\/api.w.org\/{rel}","templated":true}]}}