{"id":113429,"date":"2021-07-07T11:50:50","date_gmt":"2021-07-07T09:50:50","guid":{"rendered":"https:\/\/legrandcontinent.eu\/fr\/?p=113429"},"modified":"2021-07-07T11:50:57","modified_gmt":"2021-07-07T09:50:57","slug":"quel-destin-pour-les-regles-budgetaires-europeennes-apres-le-covid-19","status":"publish","type":"post","link":"https:\/\/legrandcontinent.eu\/fr\/2021\/07\/07\/quel-destin-pour-les-regles-budgetaires-europeennes-apres-le-covid-19\/","title":{"rendered":"Quel destin pour les r\u00e8gles budg\u00e9taires europ\u00e9ennes apr\u00e8s le Covid-19&#160;?"},"content":{"rendered":"\n<ul class=\"wp-block-list\"><li>Le Pacte de stabilit\u00e9 et de croissance a \u00e9t\u00e9 adopt\u00e9 au Conseil europ\u00e9en en 1997. Il vise \u00e0 coordonner les politiques budg\u00e9taires nationales afin de garantir la bonne sant\u00e9 \u00e9conomique de la zone euro. Son application comporte deux principales dispositions&#160;: la surveillance multilat\u00e9rale (une surveillance des budgets des \u00c9tats membres par les ministres de l\u2019\u00e9conomie et des finances europ\u00e9ens) et la proc\u00e9dure dite \u00ab&#160;des d\u00e9ficits excessifs&#160;\u00bb (qui limite le d\u00e9ficit public \u00e0 3&#160;%).<\/li><\/ul>\n\n\n\n<ul class=\"wp-block-list\"><li>Depuis mars dernier, en raison de la crise \u00e9conomique li\u00e9e \u00e0 la pand\u00e9mie, la clause de sauvegarde du Pacte a \u00e9t\u00e9 activ\u00e9e, conduisant \u00e0 sa suspension temporaire. Les pays europ\u00e9ens ne sont ainsi plus limit\u00e9s \u00e0 une dette n\u2019exc\u00e9dant pas 60&#160;% de leur PIB, ni \u00e0 des d\u00e9ficits budg\u00e9taires ne d\u00e9passant pas 3&#160;%.<\/li><\/ul>\n\n\n\n<ul class=\"wp-block-list\"><li>Cette suspension du Pacte de stabilit\u00e9 et de croissance est per\u00e7ue comme laxiste par un certain nombre d\u2019acteurs, dont des d\u00e9put\u00e9s du Parti populaire europ\u00e9en (PPE), qui rassemble Les R\u00e9publicains ou encore la CDU allemande au Parlement europ\u00e9en.<\/li><\/ul>\n\n\n\n<div class=\"iframe-container wp-block-image wp-block-image-medium  iframe-dw\">\n\t<div>\n\t\t<iframe class=\"absolute w-full h-full pin-t pin-l\" title=\"titolo\" aria-label=\"Interactive line chart\" src=\"\/\/datawrapper.dwcdn.net\/k3ZKl\/1\/\" scrolling=\"no\" frameborder=\"0\"><\/iframe>\n\t<\/div>\n<\/div>\n\n\n\n<ul class=\"wp-block-list\"><li>Le PPE, comme l\u2019illustre la carte ci-dessus, est particuli\u00e8rement populaire dans les pays de l\u2019Est, surtout en Hongrie. Les points de vue plut\u00f4t conservateurs, d\u2019un point de vue budg\u00e9taire, s\u2019opposent \u00e0 ceux des pays du Sud de l\u2019Europe, plus favorables \u00e0 un assouplissement du Pacte de stabilit\u00e9 et de croissance.<\/li><\/ul>\n\n\n\n<ul class=\"wp-block-list\"><li>Selon un document que des journalistes du Financial Times ont pu consulter&nbsp;<span class='whitespace-nowrap'><span id='easy-footnote-1-113429' class='easy-footnote-margin-adjust'><\/span><span class='easy-footnote'><a href='https:\/\/legrandcontinent.eu\/fr\/2021\/07\/07\/quel-destin-pour-les-regles-budgetaires-europeennes-apres-le-covid-19\/#easy-footnote-bottom-1-113429' title='Valentina Pop, \u00ab&amp;#160;Europe\u2019s centre-right draws up plan for tighter fiscal rules&amp;#160;\u00bb, &lt;em&gt;Financial Times&lt;\/em&gt;, 2 juillet 2021.'><sup>1<\/sup><\/a><\/span><\/span>, des d\u00e9put\u00e9s du PPE proposeraient, apr\u00e8s les \u00e9lections allemandes de septembre, de revenir \u00e0 une application stricte du Pacte, dont les r\u00e8gles de bases ne sauraient \u2013 selon les auteurs \u2013 \u00eatre chang\u00e9es, et d\u2019y apporter quelques modifications. Le document propose notamment que les politiques budg\u00e9taires nationales soient supervis\u00e9e par un \u00ab&#160;arbitre impartial&#160;\u00bb \u00e0 la place de la Commission, jug\u00e9e trop laxiste, et que la croissance des d\u00e9penses publiques soit strictement inf\u00e9rieure \u00e0 la croissance du PIB, afin de limiter l\u2019endettement.<\/li><\/ul>\n\n\n\n<ul class=\"wp-block-list\"><li>Olivier Blanchard, \u00c1lvaro Leandro et Jeromin Zettelmeyer avaient sign\u00e9 en f\u00e9vrier dans les colonnes du Grand Continent <a href=\"https:\/\/legrandcontinent.eu\/fr\/2021\/02\/22\/que-faire-des-regles-budgetaires-europeennes\/\">une pi\u00e8ce de doctrine<\/a> proposant d\u2019abolir les r\u00e8gles budg\u00e9taires europ\u00e9ennes, afin de les remplacer par des standards, ouvrant ainsi un d\u00e9bat sur l\u2019avenir du Pacte de stabilit\u00e9 et de croissance.\u00a0<\/li><\/ul>\n","protected":false},"excerpt":{"rendered":"<p>Alors que le d\u00e9bat sur l\u2019assouplissement des r\u00e8gles budg\u00e9taires europ\u00e9ennes fait son chemin, des d\u00e9put\u00e9s europ\u00e9ens du PPE pr\u00f4nent un durcissement de l\u2019application du Pacte de stabilit\u00e9 et de croissance. Six points synth\u00e9tiques et une carte pour comprendre la port\u00e9e d\u2019un tel projet.<\/p>\n","protected":false},"author":1623,"featured_media":113438,"comment_status":"closed","ping_status":"closed","sticky":false,"template":"templates\/post-briefings.php","format":"standard","meta":{"_acf_changed":false,"_trash_the_other_posts":false,"_yoast_wpseo_estimated-reading-time-minutes":2,"footnotes":""},"categories":[1731],"tags":[],"staff":[],"editorial_format":[],"serie":[],"audience":[],"geo":[1917],"class_list":["post-113429","post","type-post","status-publish","format-standard","hentry","category-politique","geo-europe"],"acf":{"open_in_webview":false,"accent":false,"_thumbnail_id":113438,"excerpt":"Alors que le d\u00e9bat sur l\u2019assouplissement des r\u00e8gles budg\u00e9taires europ\u00e9ennes fait son chemin, des d\u00e9put\u00e9s europ\u00e9ens du PPE pr\u00f4nent un durcissement de l\u2019application du Pacte de stabilit\u00e9 et de croissance. Six points synth\u00e9tiques et une carte pour comprendre la port\u00e9e d\u2019un tel projet.","display_date":"","new_abstract":true},"yoast_head":"<!-- This site is optimized with the Yoast SEO plugin v26.1.1 - https:\/\/yoast.com\/wordpress\/plugins\/seo\/ -->\n<title>Quel destin pour les r\u00e8gles budg\u00e9taires europ\u00e9ennes apr\u00e8s le Covid-19 ? | Le Grand Continent<\/title>\n<meta name=\"robots\" content=\"index, follow, max-snippet:-1, max-image-preview:large, max-video-preview:-1\" \/>\n<link rel=\"canonical\" href=\"https:\/\/legrandcontinent.eu\/fr\/2021\/07\/07\/quel-destin-pour-les-regles-budgetaires-europeennes-apres-le-covid-19\/\" \/>\n<meta property=\"og:locale\" content=\"fr_FR\" \/>\n<meta property=\"og:type\" content=\"article\" \/>\n<meta property=\"og:title\" content=\"Quel destin pour les r\u00e8gles budg\u00e9taires europ\u00e9ennes apr\u00e8s le Covid-19 ? | Le Grand Continent\" \/>\n<meta property=\"og:description\" content=\"Alors que le d\u00e9bat sur l\u2019assouplissement des r\u00e8gles budg\u00e9taires europ\u00e9ennes fait son chemin, des d\u00e9put\u00e9s europ\u00e9ens du PPE pr\u00f4nent un durcissement de l\u2019application du Pacte de stabilit\u00e9 et de croissance. Six points synth\u00e9tiques et une carte pour comprendre la port\u00e9e d\u2019un tel projet.\" \/>\n<meta property=\"og:url\" content=\"https:\/\/legrandcontinent.eu\/fr\/2021\/07\/07\/quel-destin-pour-les-regles-budgetaires-europeennes-apres-le-covid-19\/\" \/>\n<meta property=\"og:site_name\" content=\"Le Grand Continent\" \/>\n<meta property=\"article:published_time\" content=\"2021-07-07T09:50:50+00:00\" \/>\n<meta property=\"article:modified_time\" content=\"2021-07-07T09:50:57+00:00\" \/>\n<meta property=\"og:image\" content=\"https:\/\/legrandcontinent.eu\/fr\/wp-content\/uploads\/sites\/2\/2021\/07\/gc-hemycicle-parlement-europeen.jpg\" \/>\n\t<meta property=\"og:image:width\" content=\"1911\" \/>\n\t<meta property=\"og:image:height\" content=\"1078\" \/>\n\t<meta property=\"og:image:type\" content=\"image\/jpeg\" \/>\n<meta name=\"author\" content=\"Marin Saillofest\" \/>\n<meta name=\"twitter:card\" content=\"summary_large_image\" \/>\n<meta name=\"twitter:image\" content=\"https:\/\/legrandcontinent.eu\/fr\/wp-content\/uploads\/sites\/2\/2021\/07\/gc-hemycicle-parlement-europeen.jpg\" \/>\n<meta name=\"twitter:label1\" content=\"\u00c9crit par\" \/>\n\t<meta name=\"twitter:data1\" content=\"Marin Saillofest\" \/>\n\t<meta name=\"twitter:label2\" content=\"Dur\u00e9e de lecture estim\u00e9e\" \/>\n\t<meta name=\"twitter:data2\" content=\"2 minutes\" \/>\n<script type=\"application\/ld+json\" class=\"yoast-schema-graph\">{\"@context\":\"https:\/\/schema.org\",\"@graph\":[{\"@type\":\"WebPage\",\"@id\":\"https:\/\/legrandcontinent.eu\/fr\/2021\/07\/07\/quel-destin-pour-les-regles-budgetaires-europeennes-apres-le-covid-19\/\",\"url\":\"https:\/\/legrandcontinent.eu\/fr\/2021\/07\/07\/quel-destin-pour-les-regles-budgetaires-europeennes-apres-le-covid-19\/\",\"name\":\"Quel destin pour les r\u00e8gles budg\u00e9taires europ\u00e9ennes apr\u00e8s le Covid-19 ? | Le Grand Continent\",\"isPartOf\":{\"@id\":\"https:\/\/legrandcontinent.eu\/fr\/#website\"},\"primaryImageOfPage\":{\"@id\":\"https:\/\/legrandcontinent.eu\/fr\/2021\/07\/07\/quel-destin-pour-les-regles-budgetaires-europeennes-apres-le-covid-19\/#primaryimage\"},\"image\":{\"@id\":\"https:\/\/legrandcontinent.eu\/fr\/2021\/07\/07\/quel-destin-pour-les-regles-budgetaires-europeennes-apres-le-covid-19\/#primaryimage\"},\"thumbnailUrl\":\"https:\/\/legrandcontinent.eu\/fr\/wp-content\/uploads\/sites\/2\/2021\/07\/SIPA_00818488_000002-scaled.jpg\",\"datePublished\":\"2021-07-07T09:50:50+00:00\",\"dateModified\":\"2021-07-07T09:50:57+00:00\",\"author\":{\"@id\":\"https:\/\/legrandcontinent.eu\/fr\/#\/schema\/person\/2838b2116880462ec27cf3f26316a10c\"},\"breadcrumb\":{\"@id\":\"https:\/\/legrandcontinent.eu\/fr\/2021\/07\/07\/quel-destin-pour-les-regles-budgetaires-europeennes-apres-le-covid-19\/#breadcrumb\"},\"inLanguage\":\"fr-FR\",\"potentialAction\":[{\"@type\":\"ReadAction\",\"target\":[\"https:\/\/legrandcontinent.eu\/fr\/2021\/07\/07\/quel-destin-pour-les-regles-budgetaires-europeennes-apres-le-covid-19\/\"]}]},{\"@type\":\"ImageObject\",\"inLanguage\":\"fr-FR\",\"@id\":\"https:\/\/legrandcontinent.eu\/fr\/2021\/07\/07\/quel-destin-pour-les-regles-budgetaires-europeennes-apres-le-covid-19\/#primaryimage\",\"url\":\"https:\/\/legrandcontinent.eu\/fr\/wp-content\/uploads\/sites\/2\/2021\/07\/SIPA_00818488_000002-scaled.jpg\",\"contentUrl\":\"https:\/\/legrandcontinent.eu\/fr\/wp-content\/uploads\/sites\/2\/2021\/07\/SIPA_00818488_000002-scaled.jpg\",\"width\":2560,\"height\":1707,\"caption\":\"Mercredi 5 avril 2017, Marine Le Pen participe a une session pleniere concernant le Brexit, au parlement europeen a Strasbourg. L'hemicycle est plein.\/\/GEAILAURENCE_1350.01735\/Credit:Laurence Geai\/SIPA\/1708161615\"},{\"@type\":\"BreadcrumbList\",\"@id\":\"https:\/\/legrandcontinent.eu\/fr\/2021\/07\/07\/quel-destin-pour-les-regles-budgetaires-europeennes-apres-le-covid-19\/#breadcrumb\",\"itemListElement\":[{\"@type\":\"ListItem\",\"position\":1,\"name\":\"Accueil\",\"item\":\"https:\/\/legrandcontinent.eu\/fr\/\"},{\"@type\":\"ListItem\",\"position\":2,\"name\":\"Quel destin pour les r\u00e8gles budg\u00e9taires europ\u00e9ennes apr\u00e8s le Covid-19&#160;?\"}]},{\"@type\":\"WebSite\",\"@id\":\"https:\/\/legrandcontinent.eu\/fr\/#website\",\"url\":\"https:\/\/legrandcontinent.eu\/fr\/\",\"name\":\"Le Grand Continent\",\"description\":\"L&#039;\u00e9chelle pertinente\",\"potentialAction\":[{\"@type\":\"SearchAction\",\"target\":{\"@type\":\"EntryPoint\",\"urlTemplate\":\"https:\/\/legrandcontinent.eu\/fr\/?s={search_term_string}\"},\"query-input\":{\"@type\":\"PropertyValueSpecification\",\"valueRequired\":true,\"valueName\":\"search_term_string\"}}],\"inLanguage\":\"fr-FR\"},{\"@type\":\"Person\",\"@id\":\"https:\/\/legrandcontinent.eu\/fr\/#\/schema\/person\/2838b2116880462ec27cf3f26316a10c\",\"name\":\"Marin Saillofest\",\"image\":{\"@type\":\"ImageObject\",\"inLanguage\":\"fr-FR\",\"@id\":\"https:\/\/legrandcontinent.eu\/fr\/#\/schema\/person\/image\/\",\"url\":\"https:\/\/secure.gravatar.com\/avatar\/67327e7e18f573a6af8e3de274ba4cc3?s=96&d=mm&r=g\",\"contentUrl\":\"https:\/\/secure.gravatar.com\/avatar\/67327e7e18f573a6af8e3de274ba4cc3?s=96&d=mm&r=g\",\"caption\":\"Marin Saillofest\"}}]}<\/script>\n<!-- \/ Yoast SEO plugin. -->","yoast_head_json":{"title":"Quel destin pour les r\u00e8gles budg\u00e9taires europ\u00e9ennes apr\u00e8s le Covid-19 ? | Le Grand Continent","robots":{"index":"index","follow":"follow","max-snippet":"max-snippet:-1","max-image-preview":"max-image-preview:large","max-video-preview":"max-video-preview:-1"},"canonical":"https:\/\/legrandcontinent.eu\/fr\/2021\/07\/07\/quel-destin-pour-les-regles-budgetaires-europeennes-apres-le-covid-19\/","og_locale":"fr_FR","og_type":"article","og_title":"Quel destin pour les r\u00e8gles budg\u00e9taires europ\u00e9ennes apr\u00e8s le Covid-19 ? | Le Grand Continent","og_description":"Alors que le d\u00e9bat sur l\u2019assouplissement des r\u00e8gles budg\u00e9taires europ\u00e9ennes fait son chemin, des d\u00e9put\u00e9s europ\u00e9ens du PPE pr\u00f4nent un durcissement de l\u2019application du Pacte de stabilit\u00e9 et de croissance. Six points synth\u00e9tiques et une carte pour comprendre la port\u00e9e d\u2019un tel projet.","og_url":"https:\/\/legrandcontinent.eu\/fr\/2021\/07\/07\/quel-destin-pour-les-regles-budgetaires-europeennes-apres-le-covid-19\/","og_site_name":"Le Grand Continent","article_published_time":"2021-07-07T09:50:50+00:00","article_modified_time":"2021-07-07T09:50:57+00:00","og_image":[{"width":1911,"height":1078,"url":"https:\/\/legrandcontinent.eu\/fr\/wp-content\/uploads\/sites\/2\/2021\/07\/gc-hemycicle-parlement-europeen.jpg","type":"image\/jpeg"}],"author":"Marin Saillofest","twitter_card":"summary_large_image","twitter_image":"https:\/\/legrandcontinent.eu\/fr\/wp-content\/uploads\/sites\/2\/2021\/07\/gc-hemycicle-parlement-europeen.jpg","twitter_misc":{"\u00c9crit par":"Marin Saillofest","Dur\u00e9e de lecture estim\u00e9e":"2 minutes"},"schema":{"@context":"https:\/\/schema.org","@graph":[{"@type":"WebPage","@id":"https:\/\/legrandcontinent.eu\/fr\/2021\/07\/07\/quel-destin-pour-les-regles-budgetaires-europeennes-apres-le-covid-19\/","url":"https:\/\/legrandcontinent.eu\/fr\/2021\/07\/07\/quel-destin-pour-les-regles-budgetaires-europeennes-apres-le-covid-19\/","name":"Quel destin pour les r\u00e8gles budg\u00e9taires europ\u00e9ennes apr\u00e8s le Covid-19 ? | Le Grand Continent","isPartOf":{"@id":"https:\/\/legrandcontinent.eu\/fr\/#website"},"primaryImageOfPage":{"@id":"https:\/\/legrandcontinent.eu\/fr\/2021\/07\/07\/quel-destin-pour-les-regles-budgetaires-europeennes-apres-le-covid-19\/#primaryimage"},"image":{"@id":"https:\/\/legrandcontinent.eu\/fr\/2021\/07\/07\/quel-destin-pour-les-regles-budgetaires-europeennes-apres-le-covid-19\/#primaryimage"},"thumbnailUrl":"https:\/\/legrandcontinent.eu\/fr\/wp-content\/uploads\/sites\/2\/2021\/07\/SIPA_00818488_000002-scaled.jpg","datePublished":"2021-07-07T09:50:50+00:00","dateModified":"2021-07-07T09:50:57+00:00","author":{"@id":"https:\/\/legrandcontinent.eu\/fr\/#\/schema\/person\/2838b2116880462ec27cf3f26316a10c"},"breadcrumb":{"@id":"https:\/\/legrandcontinent.eu\/fr\/2021\/07\/07\/quel-destin-pour-les-regles-budgetaires-europeennes-apres-le-covid-19\/#breadcrumb"},"inLanguage":"fr-FR","potentialAction":[{"@type":"ReadAction","target":["https:\/\/legrandcontinent.eu\/fr\/2021\/07\/07\/quel-destin-pour-les-regles-budgetaires-europeennes-apres-le-covid-19\/"]}]},{"@type":"ImageObject","inLanguage":"fr-FR","@id":"https:\/\/legrandcontinent.eu\/fr\/2021\/07\/07\/quel-destin-pour-les-regles-budgetaires-europeennes-apres-le-covid-19\/#primaryimage","url":"https:\/\/legrandcontinent.eu\/fr\/wp-content\/uploads\/sites\/2\/2021\/07\/SIPA_00818488_000002-scaled.jpg","contentUrl":"https:\/\/legrandcontinent.eu\/fr\/wp-content\/uploads\/sites\/2\/2021\/07\/SIPA_00818488_000002-scaled.jpg","width":2560,"height":1707,"caption":"Mercredi 5 avril 2017, Marine Le Pen participe a une session pleniere concernant le Brexit, au parlement europeen a Strasbourg. L'hemicycle est plein.\/\/GEAILAURENCE_1350.01735\/Credit:Laurence Geai\/SIPA\/1708161615"},{"@type":"BreadcrumbList","@id":"https:\/\/legrandcontinent.eu\/fr\/2021\/07\/07\/quel-destin-pour-les-regles-budgetaires-europeennes-apres-le-covid-19\/#breadcrumb","itemListElement":[{"@type":"ListItem","position":1,"name":"Accueil","item":"https:\/\/legrandcontinent.eu\/fr\/"},{"@type":"ListItem","position":2,"name":"Quel destin pour les r\u00e8gles budg\u00e9taires europ\u00e9ennes apr\u00e8s le Covid-19&#160;?"}]},{"@type":"WebSite","@id":"https:\/\/legrandcontinent.eu\/fr\/#website","url":"https:\/\/legrandcontinent.eu\/fr\/","name":"Le Grand Continent","description":"L&#039;\u00e9chelle pertinente","potentialAction":[{"@type":"SearchAction","target":{"@type":"EntryPoint","urlTemplate":"https:\/\/legrandcontinent.eu\/fr\/?s={search_term_string}"},"query-input":{"@type":"PropertyValueSpecification","valueRequired":true,"valueName":"search_term_string"}}],"inLanguage":"fr-FR"},{"@type":"Person","@id":"https:\/\/legrandcontinent.eu\/fr\/#\/schema\/person\/2838b2116880462ec27cf3f26316a10c","name":"Marin Saillofest","image":{"@type":"ImageObject","inLanguage":"fr-FR","@id":"https:\/\/legrandcontinent.eu\/fr\/#\/schema\/person\/image\/","url":"https:\/\/secure.gravatar.com\/avatar\/67327e7e18f573a6af8e3de274ba4cc3?s=96&d=mm&r=g","contentUrl":"https:\/\/secure.gravatar.com\/avatar\/67327e7e18f573a6af8e3de274ba4cc3?s=96&d=mm&r=g","caption":"Marin Saillofest"}}]}},"lgc_categories":[{"id":1731,"name":"Politique","slug":"politique"}],"lgc_author":null,"feature_image_summary":{"url":"https:\/\/legrandcontinent.eu\/fr\/wp-content\/uploads\/sites\/2\/2021\/07\/SIPA_00818488_000002-scaled.jpg","width":2560,"height":1707,"alt":""},"feature_image_cover":null,"term_position_data":null,"_links":{"self":[{"href":"https:\/\/legrandcontinent.eu\/fr\/wp-json\/wp\/v2\/posts\/113429","targetHints":{"allow":["GET"]}}],"collection":[{"href":"https:\/\/legrandcontinent.eu\/fr\/wp-json\/wp\/v2\/posts"}],"about":[{"href":"https:\/\/legrandcontinent.eu\/fr\/wp-json\/wp\/v2\/types\/post"}],"author":[{"embeddable":true,"href":"https:\/\/legrandcontinent.eu\/fr\/wp-json\/wp\/v2\/users\/1623"}],"replies":[{"embeddable":true,"href":"https:\/\/legrandcontinent.eu\/fr\/wp-json\/wp\/v2\/comments?post=113429"}],"version-history":[{"count":0,"href":"https:\/\/legrandcontinent.eu\/fr\/wp-json\/wp\/v2\/posts\/113429\/revisions"}],"wp:featuredmedia":[{"embeddable":true,"href":"https:\/\/legrandcontinent.eu\/fr\/wp-json\/wp\/v2\/media\/113438"}],"wp:attachment":[{"href":"https:\/\/legrandcontinent.eu\/fr\/wp-json\/wp\/v2\/media?parent=113429"}],"wp:term":[{"taxonomy":"category","embeddable":true,"href":"https:\/\/legrandcontinent.eu\/fr\/wp-json\/wp\/v2\/categories?post=113429"},{"taxonomy":"post_tag","embeddable":true,"href":"https:\/\/legrandcontinent.eu\/fr\/wp-json\/wp\/v2\/tags?post=113429"},{"taxonomy":"staff","embeddable":true,"href":"https:\/\/legrandcontinent.eu\/fr\/wp-json\/wp\/v2\/staff?post=113429"},{"taxonomy":"editorial_format","embeddable":true,"href":"https:\/\/legrandcontinent.eu\/fr\/wp-json\/wp\/v2\/editorial_format?post=113429"},{"taxonomy":"serie","embeddable":true,"href":"https:\/\/legrandcontinent.eu\/fr\/wp-json\/wp\/v2\/serie?post=113429"},{"taxonomy":"audience","embeddable":true,"href":"https:\/\/legrandcontinent.eu\/fr\/wp-json\/wp\/v2\/audience?post=113429"},{"taxonomy":"geo","embeddable":true,"href":"https:\/\/legrandcontinent.eu\/fr\/wp-json\/wp\/v2\/geo?post=113429"}],"curies":[{"name":"wp","href":"https:\/\/api.w.org\/{rel}","templated":true}]}}