{"id":113156,"date":"2021-07-05T10:30:00","date_gmt":"2021-07-05T08:30:00","guid":{"rendered":"https:\/\/legrandcontinent.eu\/fr\/?p=113156"},"modified":"2021-07-05T10:26:39","modified_gmt":"2021-07-05T08:26:39","slug":"visite-du-president-italien-en-france","status":"publish","type":"post","link":"https:\/\/legrandcontinent.eu\/fr\/2021\/07\/05\/visite-du-president-italien-en-france\/","title":{"rendered":"Visite du pr\u00e9sident italien Sergio Mattarella en France"},"content":{"rendered":"\n<ul class=\"wp-block-list\"><li>Le pr\u00e9sident italien Sergio Mattarella est en visite officielle en France depuis samedi dernier afin de concr\u00e9tiser la relance de l\u2019axe franco-italien, sanctionn\u00e9e par la signature d\u2019un trait\u00e9 bilat\u00e9ral, le Trait\u00e9 du Quirinal, pr\u00e9vue pour la fin de l\u2019ann\u00e9e. C\u2019est la premi\u00e8re fois depuis 2012 qu\u2019un pr\u00e9sident italien se rend en France dans le cadre d\u2019une visite officielle.<br><\/li><li>L\u2019Europe s\u2019incarne particuli\u00e8rement par le couple franco-allemand qui agit comme moteur sur un grand nombre de sujets, notamment en raison de leurs poids \u00e9conomiques et politiques au sein de l\u2019Union. Toutefois, l\u2019Italie est un membre fondateur historique qui entend \u00e9galement avoir une voix au chapitre.<br><\/li><li>Il s\u2019agit de rappeler ici l\u2019historique diplomatique tr\u00e8s mouvement\u00e9 de ces derni\u00e8res ann\u00e9es entre les deux pays. La tension a culmin\u00e9 le 7 f\u00e9vrier 2019 lorsque Paris a rappel\u00e9 son ambassadeur en France, faisant suite \u00e0 des provocations de Luigi Di Maio, alors Vice-Pr\u00e9sident du Conseil, d\u00e9sormais ministre des Affaires \u00e9trang\u00e8res.<br><\/li><li>Sous l\u2019impulsion du Pr\u00e9sident du Conseil, <a href=\"https:\/\/legrandcontinent.eu\/fr\/2021\/05\/16\/lart-du-pouvoir-en-europe-portrait-de-mario-draghi\/\">Mario Draghi<\/a>, la relation est aujourd\u2019hui largement apais\u00e9e, comme en t\u00e9moigne cette visite officielle et la signature du futur trait\u00e9 pr\u00e9vue pour cette fin d\u2019ann\u00e9e. Il faut \u00e9galement mentionner la coop\u00e9ration accrue sur des sujets sensibles comme la Libye, ou bien sur la doctrine Mitterrand qui emp\u00eache l\u2019extradition des anciens terroristes italiens d\u2019extr\u00eame-gauche r\u00e9fugi\u00e9s en France.<br><\/li><li>La France, premier investisseur \u00e9tranger dans le pays, est un partenaire \u00e9conomique tr\u00e8s important pour l\u2019Italie, elle est \u00e9galement son deuxi\u00e8me partenaire commercial, et le troisi\u00e8me pays d\u2019implantation de fili\u00e8res italiennes. En mettant un terme aux asym\u00e9tries et \u00e0 l\u2019instabilit\u00e9 qui r\u00e8gnent parfois entre les deux pays, des int\u00e9r\u00eats convergents pourraient \u00eatre traduits en politiques communes.<\/li><\/ul>\n\n\n\n<div class=\"iframe-container wp-block-image wp-block-image-medium  iframe-dw\">\n\t<div>\n\t\t<iframe class=\"absolute w-full h-full pin-t pin-l\" title=\"titolo\" aria-label=\"Interactive line chart\" src=\"\/\/datawrapper.dwcdn.net\/tbzU9\/2\/\" scrolling=\"no\" frameborder=\"0\"><\/iframe>\n\t<\/div>\n<\/div>\n\n\n\n<ul class=\"wp-block-list\"><li>En janvier dernier, Alessandro Aresu proposait dans Le Grand Continent plusieurs points pour renouveler, et donner du sens \u00e0 <a href=\"https:\/\/legrandcontinent.eu\/fr\/2021\/01\/12\/integration-economique-franco-italienne\/?mc_cid=f461770478&amp;mc_eid=c0955977ba\">l\u2019int\u00e9gration \u00e9conomique franco-italienne<\/a> au sein de l\u2019Union. Il appelait notamment \u00e0 un rapprochement entre groupes industriels nationaux et \u00e0 une coordination des investissements dans la perspective d\u2019un \u00e9ventuel durcissement de la position allemande, apr\u00e8s l\u2019\u00e8re Merkel.<\/li><\/ul>\n","protected":false},"excerpt":{"rendered":"<p>Depuis samedi 3 juillet le pr\u00e9sident italien, Sergio Mattarella, est en visite officielle en France. Un entretien est pr\u00e9vu aujourd&rsquo;hui dans la matin\u00e9e avec Emmanuel Macron, suivi d\u2019un d\u00eener d\u2019\u00c9tat donn\u00e9 en son honneur \u00e0 l\u2019\u00c9lys\u00e9e. Nous vous proposons six points synth\u00e9tiques pour saisir les enjeux li\u00e9s \u00e0 cette visite.<\/p>\n","protected":false},"author":1623,"featured_media":113167,"comment_status":"closed","ping_status":"closed","sticky":false,"template":"templates\/post-briefings.php","format":"standard","meta":{"_acf_changed":false,"_trash_the_other_posts":false,"_yoast_wpseo_estimated-reading-time-minutes":2,"footnotes":""},"categories":[1731],"tags":[],"staff":[],"editorial_format":[],"serie":[],"audience":[],"geo":[1917],"class_list":["post-113156","post","type-post","status-publish","format-standard","hentry","category-politique","geo-europe"],"acf":{"open_in_webview":false,"accent":false},"yoast_head":"<!-- This site is optimized with the Yoast SEO plugin v26.1.1 - https:\/\/yoast.com\/wordpress\/plugins\/seo\/ -->\n<title>Visite du pr\u00e9sident italien Sergio Mattarella en France | Le Grand Continent<\/title>\n<meta name=\"robots\" content=\"index, follow, max-snippet:-1, max-image-preview:large, max-video-preview:-1\" \/>\n<link rel=\"canonical\" href=\"https:\/\/legrandcontinent.eu\/fr\/2021\/07\/05\/visite-du-president-italien-en-france\/\" \/>\n<meta property=\"og:locale\" content=\"fr_FR\" \/>\n<meta property=\"og:type\" content=\"article\" \/>\n<meta property=\"og:title\" content=\"Visite du pr\u00e9sident italien Sergio Mattarella en France | Le Grand Continent\" \/>\n<meta property=\"og:description\" content=\"Depuis samedi 3 juillet le pr\u00e9sident italien, Sergio Mattarella, est en visite officielle en France. Un entretien est pr\u00e9vu aujourd&#039;hui dans la matin\u00e9e avec Emmanuel Macron, suivi d\u2019un d\u00eener d\u2019\u00c9tat donn\u00e9 en son honneur \u00e0 l\u2019\u00c9lys\u00e9e. Nous vous proposons six points synth\u00e9tiques pour saisir les enjeux li\u00e9s \u00e0 cette visite.\" \/>\n<meta property=\"og:url\" content=\"https:\/\/legrandcontinent.eu\/fr\/2021\/07\/05\/visite-du-president-italien-en-france\/\" \/>\n<meta property=\"og:site_name\" content=\"Le Grand Continent\" \/>\n<meta property=\"article:published_time\" content=\"2021-07-05T08:30:00+00:00\" \/>\n<meta property=\"og:image\" content=\"https:\/\/legrandcontinent.eu\/fr\/wp-content\/uploads\/sites\/2\/2021\/07\/gc-share-mattarella1.jpg\" \/>\n\t<meta property=\"og:image:width\" content=\"2000\" \/>\n\t<meta property=\"og:image:height\" content=\"1333\" \/>\n\t<meta property=\"og:image:type\" content=\"image\/jpeg\" \/>\n<meta name=\"author\" content=\"Marin Saillofest\" \/>\n<meta name=\"twitter:card\" content=\"summary_large_image\" \/>\n<meta name=\"twitter:image\" content=\"https:\/\/legrandcontinent.eu\/fr\/wp-content\/uploads\/sites\/2\/2021\/07\/gc-share-mattarella1.jpg\" \/>\n<meta name=\"twitter:label1\" content=\"\u00c9crit par\" \/>\n\t<meta name=\"twitter:data1\" content=\"Marin Saillofest\" \/>\n\t<meta name=\"twitter:label2\" content=\"Dur\u00e9e de lecture estim\u00e9e\" \/>\n\t<meta name=\"twitter:data2\" content=\"2 minutes\" \/>\n<script type=\"application\/ld+json\" class=\"yoast-schema-graph\">{\"@context\":\"https:\/\/schema.org\",\"@graph\":[{\"@type\":\"WebPage\",\"@id\":\"https:\/\/legrandcontinent.eu\/fr\/2021\/07\/05\/visite-du-president-italien-en-france\/\",\"url\":\"https:\/\/legrandcontinent.eu\/fr\/2021\/07\/05\/visite-du-president-italien-en-france\/\",\"name\":\"Visite du pr\u00e9sident italien Sergio Mattarella en France | Le Grand Continent\",\"isPartOf\":{\"@id\":\"https:\/\/legrandcontinent.eu\/fr\/#website\"},\"primaryImageOfPage\":{\"@id\":\"https:\/\/legrandcontinent.eu\/fr\/2021\/07\/05\/visite-du-president-italien-en-france\/#primaryimage\"},\"image\":{\"@id\":\"https:\/\/legrandcontinent.eu\/fr\/2021\/07\/05\/visite-du-president-italien-en-france\/#primaryimage\"},\"thumbnailUrl\":\"https:\/\/legrandcontinent.eu\/fr\/wp-content\/uploads\/sites\/2\/2021\/07\/MicrosoftTeams-image-4.jpg\",\"datePublished\":\"2021-07-05T08:30:00+00:00\",\"author\":{\"@id\":\"https:\/\/legrandcontinent.eu\/fr\/#\/schema\/person\/2838b2116880462ec27cf3f26316a10c\"},\"breadcrumb\":{\"@id\":\"https:\/\/legrandcontinent.eu\/fr\/2021\/07\/05\/visite-du-president-italien-en-france\/#breadcrumb\"},\"inLanguage\":\"fr-FR\",\"potentialAction\":[{\"@type\":\"ReadAction\",\"target\":[\"https:\/\/legrandcontinent.eu\/fr\/2021\/07\/05\/visite-du-president-italien-en-france\/\"]}]},{\"@type\":\"ImageObject\",\"inLanguage\":\"fr-FR\",\"@id\":\"https:\/\/legrandcontinent.eu\/fr\/2021\/07\/05\/visite-du-president-italien-en-france\/#primaryimage\",\"url\":\"https:\/\/legrandcontinent.eu\/fr\/wp-content\/uploads\/sites\/2\/2021\/07\/MicrosoftTeams-image-4.jpg\",\"contentUrl\":\"https:\/\/legrandcontinent.eu\/fr\/wp-content\/uploads\/sites\/2\/2021\/07\/MicrosoftTeams-image-4.jpg\",\"width\":2378,\"height\":1598,\"caption\":\"The President of Italy Sergio Mattarella, right, talks with the President of France Emmanuel Macron at the Italian-French summit in Naples, Italy, Thursday Feb. 27, 2020. (Paolo Giandotti\/Press Office of the Presidency of Italy via AP)\/LRC828\/20058740216250\/AP PROVIDES ACCESS TO THIS PUBLICLY DISTRIBUTED HANDOUT PHOTO PROVIDED BY PRESS OFFICE OF THE PRESIDENCY OF ITALY; MANDATORY CREDIT.\/2002272155\"},{\"@type\":\"BreadcrumbList\",\"@id\":\"https:\/\/legrandcontinent.eu\/fr\/2021\/07\/05\/visite-du-president-italien-en-france\/#breadcrumb\",\"itemListElement\":[{\"@type\":\"ListItem\",\"position\":1,\"name\":\"Accueil\",\"item\":\"https:\/\/legrandcontinent.eu\/fr\/\"},{\"@type\":\"ListItem\",\"position\":2,\"name\":\"Visite du pr\u00e9sident italien Sergio Mattarella en France\"}]},{\"@type\":\"WebSite\",\"@id\":\"https:\/\/legrandcontinent.eu\/fr\/#website\",\"url\":\"https:\/\/legrandcontinent.eu\/fr\/\",\"name\":\"Le Grand Continent\",\"description\":\"L&#039;\u00e9chelle pertinente\",\"potentialAction\":[{\"@type\":\"SearchAction\",\"target\":{\"@type\":\"EntryPoint\",\"urlTemplate\":\"https:\/\/legrandcontinent.eu\/fr\/?s={search_term_string}\"},\"query-input\":{\"@type\":\"PropertyValueSpecification\",\"valueRequired\":true,\"valueName\":\"search_term_string\"}}],\"inLanguage\":\"fr-FR\"},{\"@type\":\"Person\",\"@id\":\"https:\/\/legrandcontinent.eu\/fr\/#\/schema\/person\/2838b2116880462ec27cf3f26316a10c\",\"name\":\"Marin Saillofest\",\"image\":{\"@type\":\"ImageObject\",\"inLanguage\":\"fr-FR\",\"@id\":\"https:\/\/legrandcontinent.eu\/fr\/#\/schema\/person\/image\/\",\"url\":\"https:\/\/secure.gravatar.com\/avatar\/67327e7e18f573a6af8e3de274ba4cc3?s=96&d=mm&r=g\",\"contentUrl\":\"https:\/\/secure.gravatar.com\/avatar\/67327e7e18f573a6af8e3de274ba4cc3?s=96&d=mm&r=g\",\"caption\":\"Marin Saillofest\"}}]}<\/script>\n<!-- \/ Yoast SEO plugin. -->","yoast_head_json":{"title":"Visite du pr\u00e9sident italien Sergio Mattarella en France | Le Grand Continent","robots":{"index":"index","follow":"follow","max-snippet":"max-snippet:-1","max-image-preview":"max-image-preview:large","max-video-preview":"max-video-preview:-1"},"canonical":"https:\/\/legrandcontinent.eu\/fr\/2021\/07\/05\/visite-du-president-italien-en-france\/","og_locale":"fr_FR","og_type":"article","og_title":"Visite du pr\u00e9sident italien Sergio Mattarella en France | Le Grand Continent","og_description":"Depuis samedi 3 juillet le pr\u00e9sident italien, Sergio Mattarella, est en visite officielle en France. Un entretien est pr\u00e9vu aujourd'hui dans la matin\u00e9e avec Emmanuel Macron, suivi d\u2019un d\u00eener d\u2019\u00c9tat donn\u00e9 en son honneur \u00e0 l\u2019\u00c9lys\u00e9e. Nous vous proposons six points synth\u00e9tiques pour saisir les enjeux li\u00e9s \u00e0 cette visite.","og_url":"https:\/\/legrandcontinent.eu\/fr\/2021\/07\/05\/visite-du-president-italien-en-france\/","og_site_name":"Le Grand Continent","article_published_time":"2021-07-05T08:30:00+00:00","og_image":[{"width":2000,"height":1333,"url":"https:\/\/legrandcontinent.eu\/fr\/wp-content\/uploads\/sites\/2\/2021\/07\/gc-share-mattarella1.jpg","type":"image\/jpeg"}],"author":"Marin Saillofest","twitter_card":"summary_large_image","twitter_image":"https:\/\/legrandcontinent.eu\/fr\/wp-content\/uploads\/sites\/2\/2021\/07\/gc-share-mattarella1.jpg","twitter_misc":{"\u00c9crit par":"Marin Saillofest","Dur\u00e9e de lecture estim\u00e9e":"2 minutes"},"schema":{"@context":"https:\/\/schema.org","@graph":[{"@type":"WebPage","@id":"https:\/\/legrandcontinent.eu\/fr\/2021\/07\/05\/visite-du-president-italien-en-france\/","url":"https:\/\/legrandcontinent.eu\/fr\/2021\/07\/05\/visite-du-president-italien-en-france\/","name":"Visite du pr\u00e9sident italien Sergio Mattarella en France | Le Grand Continent","isPartOf":{"@id":"https:\/\/legrandcontinent.eu\/fr\/#website"},"primaryImageOfPage":{"@id":"https:\/\/legrandcontinent.eu\/fr\/2021\/07\/05\/visite-du-president-italien-en-france\/#primaryimage"},"image":{"@id":"https:\/\/legrandcontinent.eu\/fr\/2021\/07\/05\/visite-du-president-italien-en-france\/#primaryimage"},"thumbnailUrl":"https:\/\/legrandcontinent.eu\/fr\/wp-content\/uploads\/sites\/2\/2021\/07\/MicrosoftTeams-image-4.jpg","datePublished":"2021-07-05T08:30:00+00:00","author":{"@id":"https:\/\/legrandcontinent.eu\/fr\/#\/schema\/person\/2838b2116880462ec27cf3f26316a10c"},"breadcrumb":{"@id":"https:\/\/legrandcontinent.eu\/fr\/2021\/07\/05\/visite-du-president-italien-en-france\/#breadcrumb"},"inLanguage":"fr-FR","potentialAction":[{"@type":"ReadAction","target":["https:\/\/legrandcontinent.eu\/fr\/2021\/07\/05\/visite-du-president-italien-en-france\/"]}]},{"@type":"ImageObject","inLanguage":"fr-FR","@id":"https:\/\/legrandcontinent.eu\/fr\/2021\/07\/05\/visite-du-president-italien-en-france\/#primaryimage","url":"https:\/\/legrandcontinent.eu\/fr\/wp-content\/uploads\/sites\/2\/2021\/07\/MicrosoftTeams-image-4.jpg","contentUrl":"https:\/\/legrandcontinent.eu\/fr\/wp-content\/uploads\/sites\/2\/2021\/07\/MicrosoftTeams-image-4.jpg","width":2378,"height":1598,"caption":"The President of Italy Sergio Mattarella, right, talks with the President of France Emmanuel Macron at the Italian-French summit in Naples, Italy, Thursday Feb. 27, 2020. (Paolo Giandotti\/Press Office of the Presidency of Italy via AP)\/LRC828\/20058740216250\/AP PROVIDES ACCESS TO THIS PUBLICLY DISTRIBUTED HANDOUT PHOTO PROVIDED BY PRESS OFFICE OF THE PRESIDENCY OF ITALY; MANDATORY CREDIT.\/2002272155"},{"@type":"BreadcrumbList","@id":"https:\/\/legrandcontinent.eu\/fr\/2021\/07\/05\/visite-du-president-italien-en-france\/#breadcrumb","itemListElement":[{"@type":"ListItem","position":1,"name":"Accueil","item":"https:\/\/legrandcontinent.eu\/fr\/"},{"@type":"ListItem","position":2,"name":"Visite du pr\u00e9sident italien Sergio Mattarella en France"}]},{"@type":"WebSite","@id":"https:\/\/legrandcontinent.eu\/fr\/#website","url":"https:\/\/legrandcontinent.eu\/fr\/","name":"Le Grand Continent","description":"L&#039;\u00e9chelle pertinente","potentialAction":[{"@type":"SearchAction","target":{"@type":"EntryPoint","urlTemplate":"https:\/\/legrandcontinent.eu\/fr\/?s={search_term_string}"},"query-input":{"@type":"PropertyValueSpecification","valueRequired":true,"valueName":"search_term_string"}}],"inLanguage":"fr-FR"},{"@type":"Person","@id":"https:\/\/legrandcontinent.eu\/fr\/#\/schema\/person\/2838b2116880462ec27cf3f26316a10c","name":"Marin Saillofest","image":{"@type":"ImageObject","inLanguage":"fr-FR","@id":"https:\/\/legrandcontinent.eu\/fr\/#\/schema\/person\/image\/","url":"https:\/\/secure.gravatar.com\/avatar\/67327e7e18f573a6af8e3de274ba4cc3?s=96&d=mm&r=g","contentUrl":"https:\/\/secure.gravatar.com\/avatar\/67327e7e18f573a6af8e3de274ba4cc3?s=96&d=mm&r=g","caption":"Marin Saillofest"}}]}},"lgc_categories":[{"id":1731,"name":"Politique","slug":"politique"}],"lgc_author":null,"feature_image_summary":{"url":"https:\/\/legrandcontinent.eu\/fr\/wp-content\/uploads\/sites\/2\/2021\/07\/MicrosoftTeams-image-4.jpg","width":2378,"height":1598,"alt":""},"feature_image_cover":null,"term_position_data":null,"_links":{"self":[{"href":"https:\/\/legrandcontinent.eu\/fr\/wp-json\/wp\/v2\/posts\/113156","targetHints":{"allow":["GET"]}}],"collection":[{"href":"https:\/\/legrandcontinent.eu\/fr\/wp-json\/wp\/v2\/posts"}],"about":[{"href":"https:\/\/legrandcontinent.eu\/fr\/wp-json\/wp\/v2\/types\/post"}],"author":[{"embeddable":true,"href":"https:\/\/legrandcontinent.eu\/fr\/wp-json\/wp\/v2\/users\/1623"}],"replies":[{"embeddable":true,"href":"https:\/\/legrandcontinent.eu\/fr\/wp-json\/wp\/v2\/comments?post=113156"}],"version-history":[{"count":0,"href":"https:\/\/legrandcontinent.eu\/fr\/wp-json\/wp\/v2\/posts\/113156\/revisions"}],"wp:featuredmedia":[{"embeddable":true,"href":"https:\/\/legrandcontinent.eu\/fr\/wp-json\/wp\/v2\/media\/113167"}],"wp:attachment":[{"href":"https:\/\/legrandcontinent.eu\/fr\/wp-json\/wp\/v2\/media?parent=113156"}],"wp:term":[{"taxonomy":"category","embeddable":true,"href":"https:\/\/legrandcontinent.eu\/fr\/wp-json\/wp\/v2\/categories?post=113156"},{"taxonomy":"post_tag","embeddable":true,"href":"https:\/\/legrandcontinent.eu\/fr\/wp-json\/wp\/v2\/tags?post=113156"},{"taxonomy":"staff","embeddable":true,"href":"https:\/\/legrandcontinent.eu\/fr\/wp-json\/wp\/v2\/staff?post=113156"},{"taxonomy":"editorial_format","embeddable":true,"href":"https:\/\/legrandcontinent.eu\/fr\/wp-json\/wp\/v2\/editorial_format?post=113156"},{"taxonomy":"serie","embeddable":true,"href":"https:\/\/legrandcontinent.eu\/fr\/wp-json\/wp\/v2\/serie?post=113156"},{"taxonomy":"audience","embeddable":true,"href":"https:\/\/legrandcontinent.eu\/fr\/wp-json\/wp\/v2\/audience?post=113156"},{"taxonomy":"geo","embeddable":true,"href":"https:\/\/legrandcontinent.eu\/fr\/wp-json\/wp\/v2\/geo?post=113156"}],"curies":[{"name":"wp","href":"https:\/\/api.w.org\/{rel}","templated":true}]}}