{"id":111277,"date":"2021-06-21T17:48:36","date_gmt":"2021-06-21T15:48:36","guid":{"rendered":"https:\/\/legrandcontinent.eu\/fr\/?p=111277"},"modified":"2021-06-21T17:57:50","modified_gmt":"2021-06-21T15:57:50","slug":"sanchez-accorde-la-grace-les-independantistes-catalans","status":"publish","type":"post","link":"https:\/\/legrandcontinent.eu\/fr\/2021\/06\/21\/sanchez-accorde-la-grace-les-independantistes-catalans\/","title":{"rendered":"S\u00e1nchez accorde la gr\u00e2ce aux ind\u00e9pendantistes catalans"},"content":{"rendered":"\n<ul class=\"wp-block-list\"><li>La d\u00e9cision devra \u00eatre approuv\u00e9e par le Conseil des ministres demain. La secr\u00e9taire g\u00e9n\u00e9rale de Podemos et ministre des Droits sociaux, Ione Belarra, a soulign\u00e9 sur Twitter que \u00ab&#160;demain, au Conseil des ministres, nous [&#8230;] [ferons] un pas courageux pour la normalisation politique de notre pays. Ces gr\u00e2ces mettent fin \u00e0 l&rsquo;impasse politique dans laquelle se trouve la Catalogne depuis des ann\u00e9es. Il est temps de construire un pays fraternel bas\u00e9 sur le dialogue et sur la n\u00e9gociation.&#160;\u00bb&nbsp;<\/li><li>Le pr\u00e9sident du gouvernement espagnol, Pedro S\u00e1nchez, exposera dans ce qui sera probablement une session extraordinaire du Congr\u00e8s, durant la premi\u00e8re quinzaine de juillet, les raisons pour lesquelles il accordera les gr\u00e2ces. Lors de cette session, qui, selon diff\u00e9rentes sources, devrait avoir lieu le 7 juillet, il en profitera pour revenir sur cette question ainsi que sur celles abord\u00e9es lors du Conseil europ\u00e9en des 24 et 25 juin \u00e0 Bruxelles.&nbsp;<\/li><li>Au moins 300 personnes convoqu\u00e9es par des organisations ind\u00e9pendantistes, dont l\u2019Assembl\u00e9e nationale catalane (ANC), Poble Lliure et Arran se sont concentr\u00e9es devant le Liceu. L\u2019ANC a notamment d\u00e9nonc\u00e9 \u00ab&#160;le spectacle propagandiste&#160;\u00bb de la conf\u00e9rence de S\u00e1nchez. Pourtant, Oriol Junqueras \u2013 ancien vice-pr\u00e9sident du gouvernement catalan lors des \u00e9v\u00e9nements du 1er octobre 2017 \u2013 qui, au lendemain de son proc\u00e8s, s\u2019\u00e9tait moqu\u00e9 d\u2019\u00e9ventuelles gr\u00e2ces de la part de Moncloa, avait \u00e9crit une lettre dans laquelle il critiquait pour la premi\u00e8re fois directement la position ind\u00e9pendantiste la plus radicale.<\/li><li>Alors que, selon <a href=\"https:\/\/legrandcontinent.eu\/fr\/2021\/06\/07\/nous-nous-battons-pour-le-futur-pas-pour-le-passe-conversation-avec-inigo-errejon\/\" target=\"_blank\" rel=\"noreferrer noopener\">I\u00f1igo Errej\u00f3n<\/a>, la victoire d\u2019Isabel D\u00edaz Ayuso lors des \u00e9lections \u00e0 Madrid constituait un certain changement du climat politique espagnol, la d\u00e9cision du gouvernement national concernant le pardon des dirigeants politiques emprisonn\u00e9s en Catalogne indiquerait sa volont\u00e9 de remporter la l\u00e9gislature&#160;: le gouvernement \u00ab&#160;ne veut pas d\u2019\u00e9lections prochainement. Il prend une d\u00e9cision dont il sait qu\u2019elle lui co\u00fbtera en Espagne, et il la prend parce qu\u2019il est parti du principe que la l\u00e9gislature doit durer, parce que le climat a sans doute chang\u00e9 vers une certaine renaissance des espoirs conservateurs.&#160;\u00bb<\/li><li>\u00ab&#160;Aujourd&rsquo;hui, c&rsquo;est la position ind\u00e9pendantiste catalane qui demande l&rsquo;amnistie, dans un contexte o\u00f9 aucune guerre civile n&rsquo;a jamais eu lieu, et o\u00f9 il n&rsquo;y a eu qu&rsquo;une conduite d\u00e9loyale sp\u00e9cifique contre l&rsquo;\u00e9tat de droit, exerc\u00e9e de mani\u00e8re univoque par le pouvoir judiciaire. Mais cela pourrait aussi \u00eatre la limite du <a href=\"https:\/\/legrandcontinent.eu\/fr\/2021\/06\/10\/pedro-sanchez-souhaite-gracier-les-leaders-independantistes-catalans\/\" target=\"_blank\" rel=\"noreferrer noopener\">pari de la gr\u00e2ce lanc\u00e9 par S\u00e1nchez<\/a>&#160;; c&rsquo;est-\u00e0-dire que, pr\u00e9cis\u00e9ment parce que la gr\u00e2ce n&rsquo;est pas \u00e0 la hauteur des normes de l&rsquo;amnistie, cela ouvre la possibilit\u00e9 de faire tra\u00eener le <em>proc\u00e8s<\/em>.&#160;\u00bb<\/li><\/ul>\n","protected":false},"excerpt":{"rendered":"<p>Le pr\u00e9sident du gouvernement espagnol, Pedro S\u00e1nchez, a d\u00e9fendu ce lundi au Grand th\u00e9\u00e2tre du Liceu \u00e0 Barcelone, devant environ 300 membres de la soci\u00e9t\u00e9 civile \u2013 dont la Societat Civil Catalana (SCC) et d&rsquo;autres groupes qui ont men\u00e9 la r\u00e9bellion contre l&rsquo;ind\u00e9pendantisme \u2013 l&rsquo;approbation des gr\u00e2ces pour les dirigeants ind\u00e9pendantistes du <em>proc\u00e9s<\/em>. Cinq points synth\u00e9tiques pour analyser la man\u0153uvre de S\u00e1nchez.<\/p>\n","protected":false},"author":1623,"featured_media":111291,"comment_status":"closed","ping_status":"closed","sticky":false,"template":"templates\/post-briefings.php","format":"standard","meta":{"_acf_changed":false,"_trash_the_other_posts":false,"_yoast_wpseo_estimated-reading-time-minutes":2,"footnotes":""},"categories":[1731],"tags":[],"staff":[],"editorial_format":[],"serie":[],"audience":[],"geo":[1917],"class_list":["post-111277","post","type-post","status-publish","format-standard","hentry","category-politique","geo-europe"],"acf":{"open_in_webview":false,"accent":false,"_thumbnail_id":111291,"excerpt":"Le pr\u00e9sident du gouvernement espagnol, Pedro S\u00e1nchez, a d\u00e9fendu ce lundi au Grand th\u00e9\u00e2tre du Liceu \u00e0 Barcelone, devant environ 300 membres de la soci\u00e9t\u00e9 civile \u2013 dont la Societat Civil Catalana (SCC) et d'autres groupes qui ont men\u00e9 la r\u00e9bellion contre l'ind\u00e9pendantisme \u2013 l'approbation des gr\u00e2ces pour les dirigeants ind\u00e9pendantistes du <em>proc\u00e9s<\/em>. Cinq points synth\u00e9tiques pour analyser la man\u0153uvre de S\u00e1nchez.","display_date":"","new_abstract":true},"yoast_head":"<!-- This site is optimized with the Yoast SEO plugin v26.1.1 - https:\/\/yoast.com\/wordpress\/plugins\/seo\/ -->\n<title>S\u00e1nchez accorde la gr\u00e2ce aux ind\u00e9pendantistes catalans | Le Grand Continent<\/title>\n<meta name=\"robots\" content=\"index, follow, max-snippet:-1, max-image-preview:large, max-video-preview:-1\" \/>\n<link rel=\"canonical\" href=\"https:\/\/legrandcontinent.eu\/fr\/2021\/06\/21\/sanchez-accorde-la-grace-les-independantistes-catalans\/\" \/>\n<meta property=\"og:locale\" content=\"fr_FR\" \/>\n<meta property=\"og:type\" content=\"article\" \/>\n<meta property=\"og:title\" content=\"S\u00e1nchez accorde la gr\u00e2ce aux ind\u00e9pendantistes catalans | Le Grand Continent\" \/>\n<meta property=\"og:description\" content=\"Le pr\u00e9sident du gouvernement espagnol, Pedro S\u00e1nchez, a d\u00e9fendu ce lundi au Grand th\u00e9\u00e2tre du Liceu \u00e0 Barcelone, devant environ 300 membres de la soci\u00e9t\u00e9 civile \u2013 dont la Societat Civil Catalana (SCC) et d&#039;autres groupes qui ont men\u00e9 la r\u00e9bellion contre l&#039;ind\u00e9pendantisme \u2013 l&#039;approbation des gr\u00e2ces pour les dirigeants ind\u00e9pendantistes du proc\u00e9s. Cinq points synth\u00e9tiques pour analyser la man\u0153uvre de S\u00e1nchez.\" \/>\n<meta property=\"og:url\" content=\"https:\/\/legrandcontinent.eu\/fr\/2021\/06\/21\/sanchez-accorde-la-grace-les-independantistes-catalans\/\" \/>\n<meta property=\"og:site_name\" content=\"Le Grand Continent\" \/>\n<meta property=\"article:published_time\" content=\"2021-06-21T15:48:36+00:00\" \/>\n<meta property=\"article:modified_time\" content=\"2021-06-21T15:57:50+00:00\" \/>\n<meta property=\"og:image\" content=\"https:\/\/legrandcontinent.eu\/fr\/wp-content\/uploads\/sites\/2\/2021\/06\/sanchez-liceu-share.jpg\" \/>\n\t<meta property=\"og:image:width\" content=\"1920\" \/>\n\t<meta property=\"og:image:height\" content=\"1080\" \/>\n\t<meta property=\"og:image:type\" content=\"image\/jpeg\" \/>\n<meta name=\"author\" content=\"Marin Saillofest\" \/>\n<meta name=\"twitter:card\" content=\"summary_large_image\" \/>\n<meta name=\"twitter:image\" content=\"https:\/\/legrandcontinent.eu\/fr\/wp-content\/uploads\/sites\/2\/2021\/06\/sanchez-liceu-share.jpg\" \/>\n<meta name=\"twitter:label1\" content=\"\u00c9crit par\" \/>\n\t<meta name=\"twitter:data1\" content=\"Marin Saillofest\" \/>\n\t<meta name=\"twitter:label2\" content=\"Dur\u00e9e de lecture estim\u00e9e\" \/>\n\t<meta name=\"twitter:data2\" content=\"2 minutes\" \/>\n<script type=\"application\/ld+json\" class=\"yoast-schema-graph\">{\"@context\":\"https:\/\/schema.org\",\"@graph\":[{\"@type\":\"WebPage\",\"@id\":\"https:\/\/legrandcontinent.eu\/fr\/2021\/06\/21\/sanchez-accorde-la-grace-les-independantistes-catalans\/\",\"url\":\"https:\/\/legrandcontinent.eu\/fr\/2021\/06\/21\/sanchez-accorde-la-grace-les-independantistes-catalans\/\",\"name\":\"S\u00e1nchez accorde la gr\u00e2ce aux ind\u00e9pendantistes catalans | Le Grand Continent\",\"isPartOf\":{\"@id\":\"https:\/\/legrandcontinent.eu\/fr\/#website\"},\"primaryImageOfPage\":{\"@id\":\"https:\/\/legrandcontinent.eu\/fr\/2021\/06\/21\/sanchez-accorde-la-grace-les-independantistes-catalans\/#primaryimage\"},\"image\":{\"@id\":\"https:\/\/legrandcontinent.eu\/fr\/2021\/06\/21\/sanchez-accorde-la-grace-les-independantistes-catalans\/#primaryimage\"},\"thumbnailUrl\":\"https:\/\/legrandcontinent.eu\/fr\/wp-content\/uploads\/sites\/2\/2021\/06\/gc-sanchez-liceu-scaled.jpg\",\"datePublished\":\"2021-06-21T15:48:36+00:00\",\"dateModified\":\"2021-06-21T15:57:50+00:00\",\"author\":{\"@id\":\"https:\/\/legrandcontinent.eu\/fr\/#\/schema\/person\/2838b2116880462ec27cf3f26316a10c\"},\"breadcrumb\":{\"@id\":\"https:\/\/legrandcontinent.eu\/fr\/2021\/06\/21\/sanchez-accorde-la-grace-les-independantistes-catalans\/#breadcrumb\"},\"inLanguage\":\"fr-FR\",\"potentialAction\":[{\"@type\":\"ReadAction\",\"target\":[\"https:\/\/legrandcontinent.eu\/fr\/2021\/06\/21\/sanchez-accorde-la-grace-les-independantistes-catalans\/\"]}]},{\"@type\":\"ImageObject\",\"inLanguage\":\"fr-FR\",\"@id\":\"https:\/\/legrandcontinent.eu\/fr\/2021\/06\/21\/sanchez-accorde-la-grace-les-independantistes-catalans\/#primaryimage\",\"url\":\"https:\/\/legrandcontinent.eu\/fr\/wp-content\/uploads\/sites\/2\/2021\/06\/gc-sanchez-liceu-scaled.jpg\",\"contentUrl\":\"https:\/\/legrandcontinent.eu\/fr\/wp-content\/uploads\/sites\/2\/2021\/06\/gc-sanchez-liceu-scaled.jpg\",\"width\":2560,\"height\":1707,\"caption\":\"Spain's prime minister Pedro Sanchez delivers a speech at the Gran Teatre del Liceu in Barcelona, Spain, Monday, June 21, 2021. Sanchez's speech on Monday is being regarded as laying the ground for the pardons that his left-wing ruling coalition plans to grant to imprisoned separatist politicians and activists who went against Spanish laws to hold an independence referendum more than three years ago. (AP Photo\/Emilio Morenatti)\/BA101\/21172372237886\/\/2106211226\"},{\"@type\":\"BreadcrumbList\",\"@id\":\"https:\/\/legrandcontinent.eu\/fr\/2021\/06\/21\/sanchez-accorde-la-grace-les-independantistes-catalans\/#breadcrumb\",\"itemListElement\":[{\"@type\":\"ListItem\",\"position\":1,\"name\":\"Accueil\",\"item\":\"https:\/\/legrandcontinent.eu\/fr\/\"},{\"@type\":\"ListItem\",\"position\":2,\"name\":\"S\u00e1nchez accorde la gr\u00e2ce aux ind\u00e9pendantistes catalans\"}]},{\"@type\":\"WebSite\",\"@id\":\"https:\/\/legrandcontinent.eu\/fr\/#website\",\"url\":\"https:\/\/legrandcontinent.eu\/fr\/\",\"name\":\"Le Grand Continent\",\"description\":\"L&#039;\u00e9chelle pertinente\",\"potentialAction\":[{\"@type\":\"SearchAction\",\"target\":{\"@type\":\"EntryPoint\",\"urlTemplate\":\"https:\/\/legrandcontinent.eu\/fr\/?s={search_term_string}\"},\"query-input\":{\"@type\":\"PropertyValueSpecification\",\"valueRequired\":true,\"valueName\":\"search_term_string\"}}],\"inLanguage\":\"fr-FR\"},{\"@type\":\"Person\",\"@id\":\"https:\/\/legrandcontinent.eu\/fr\/#\/schema\/person\/2838b2116880462ec27cf3f26316a10c\",\"name\":\"Marin Saillofest\",\"image\":{\"@type\":\"ImageObject\",\"inLanguage\":\"fr-FR\",\"@id\":\"https:\/\/legrandcontinent.eu\/fr\/#\/schema\/person\/image\/\",\"url\":\"https:\/\/secure.gravatar.com\/avatar\/67327e7e18f573a6af8e3de274ba4cc3?s=96&d=mm&r=g\",\"contentUrl\":\"https:\/\/secure.gravatar.com\/avatar\/67327e7e18f573a6af8e3de274ba4cc3?s=96&d=mm&r=g\",\"caption\":\"Marin Saillofest\"}}]}<\/script>\n<!-- \/ Yoast SEO plugin. -->","yoast_head_json":{"title":"S\u00e1nchez accorde la gr\u00e2ce aux ind\u00e9pendantistes catalans | Le Grand Continent","robots":{"index":"index","follow":"follow","max-snippet":"max-snippet:-1","max-image-preview":"max-image-preview:large","max-video-preview":"max-video-preview:-1"},"canonical":"https:\/\/legrandcontinent.eu\/fr\/2021\/06\/21\/sanchez-accorde-la-grace-les-independantistes-catalans\/","og_locale":"fr_FR","og_type":"article","og_title":"S\u00e1nchez accorde la gr\u00e2ce aux ind\u00e9pendantistes catalans | Le Grand Continent","og_description":"Le pr\u00e9sident du gouvernement espagnol, Pedro S\u00e1nchez, a d\u00e9fendu ce lundi au Grand th\u00e9\u00e2tre du Liceu \u00e0 Barcelone, devant environ 300 membres de la soci\u00e9t\u00e9 civile \u2013 dont la Societat Civil Catalana (SCC) et d'autres groupes qui ont men\u00e9 la r\u00e9bellion contre l'ind\u00e9pendantisme \u2013 l'approbation des gr\u00e2ces pour les dirigeants ind\u00e9pendantistes du proc\u00e9s. Cinq points synth\u00e9tiques pour analyser la man\u0153uvre de S\u00e1nchez.","og_url":"https:\/\/legrandcontinent.eu\/fr\/2021\/06\/21\/sanchez-accorde-la-grace-les-independantistes-catalans\/","og_site_name":"Le Grand Continent","article_published_time":"2021-06-21T15:48:36+00:00","article_modified_time":"2021-06-21T15:57:50+00:00","og_image":[{"width":1920,"height":1080,"url":"https:\/\/legrandcontinent.eu\/fr\/wp-content\/uploads\/sites\/2\/2021\/06\/sanchez-liceu-share.jpg","type":"image\/jpeg"}],"author":"Marin Saillofest","twitter_card":"summary_large_image","twitter_image":"https:\/\/legrandcontinent.eu\/fr\/wp-content\/uploads\/sites\/2\/2021\/06\/sanchez-liceu-share.jpg","twitter_misc":{"\u00c9crit par":"Marin Saillofest","Dur\u00e9e de lecture estim\u00e9e":"2 minutes"},"schema":{"@context":"https:\/\/schema.org","@graph":[{"@type":"WebPage","@id":"https:\/\/legrandcontinent.eu\/fr\/2021\/06\/21\/sanchez-accorde-la-grace-les-independantistes-catalans\/","url":"https:\/\/legrandcontinent.eu\/fr\/2021\/06\/21\/sanchez-accorde-la-grace-les-independantistes-catalans\/","name":"S\u00e1nchez accorde la gr\u00e2ce aux ind\u00e9pendantistes catalans | Le Grand Continent","isPartOf":{"@id":"https:\/\/legrandcontinent.eu\/fr\/#website"},"primaryImageOfPage":{"@id":"https:\/\/legrandcontinent.eu\/fr\/2021\/06\/21\/sanchez-accorde-la-grace-les-independantistes-catalans\/#primaryimage"},"image":{"@id":"https:\/\/legrandcontinent.eu\/fr\/2021\/06\/21\/sanchez-accorde-la-grace-les-independantistes-catalans\/#primaryimage"},"thumbnailUrl":"https:\/\/legrandcontinent.eu\/fr\/wp-content\/uploads\/sites\/2\/2021\/06\/gc-sanchez-liceu-scaled.jpg","datePublished":"2021-06-21T15:48:36+00:00","dateModified":"2021-06-21T15:57:50+00:00","author":{"@id":"https:\/\/legrandcontinent.eu\/fr\/#\/schema\/person\/2838b2116880462ec27cf3f26316a10c"},"breadcrumb":{"@id":"https:\/\/legrandcontinent.eu\/fr\/2021\/06\/21\/sanchez-accorde-la-grace-les-independantistes-catalans\/#breadcrumb"},"inLanguage":"fr-FR","potentialAction":[{"@type":"ReadAction","target":["https:\/\/legrandcontinent.eu\/fr\/2021\/06\/21\/sanchez-accorde-la-grace-les-independantistes-catalans\/"]}]},{"@type":"ImageObject","inLanguage":"fr-FR","@id":"https:\/\/legrandcontinent.eu\/fr\/2021\/06\/21\/sanchez-accorde-la-grace-les-independantistes-catalans\/#primaryimage","url":"https:\/\/legrandcontinent.eu\/fr\/wp-content\/uploads\/sites\/2\/2021\/06\/gc-sanchez-liceu-scaled.jpg","contentUrl":"https:\/\/legrandcontinent.eu\/fr\/wp-content\/uploads\/sites\/2\/2021\/06\/gc-sanchez-liceu-scaled.jpg","width":2560,"height":1707,"caption":"Spain's prime minister Pedro Sanchez delivers a speech at the Gran Teatre del Liceu in Barcelona, Spain, Monday, June 21, 2021. Sanchez's speech on Monday is being regarded as laying the ground for the pardons that his left-wing ruling coalition plans to grant to imprisoned separatist politicians and activists who went against Spanish laws to hold an independence referendum more than three years ago. (AP Photo\/Emilio Morenatti)\/BA101\/21172372237886\/\/2106211226"},{"@type":"BreadcrumbList","@id":"https:\/\/legrandcontinent.eu\/fr\/2021\/06\/21\/sanchez-accorde-la-grace-les-independantistes-catalans\/#breadcrumb","itemListElement":[{"@type":"ListItem","position":1,"name":"Accueil","item":"https:\/\/legrandcontinent.eu\/fr\/"},{"@type":"ListItem","position":2,"name":"S\u00e1nchez accorde la gr\u00e2ce aux ind\u00e9pendantistes catalans"}]},{"@type":"WebSite","@id":"https:\/\/legrandcontinent.eu\/fr\/#website","url":"https:\/\/legrandcontinent.eu\/fr\/","name":"Le Grand Continent","description":"L&#039;\u00e9chelle pertinente","potentialAction":[{"@type":"SearchAction","target":{"@type":"EntryPoint","urlTemplate":"https:\/\/legrandcontinent.eu\/fr\/?s={search_term_string}"},"query-input":{"@type":"PropertyValueSpecification","valueRequired":true,"valueName":"search_term_string"}}],"inLanguage":"fr-FR"},{"@type":"Person","@id":"https:\/\/legrandcontinent.eu\/fr\/#\/schema\/person\/2838b2116880462ec27cf3f26316a10c","name":"Marin Saillofest","image":{"@type":"ImageObject","inLanguage":"fr-FR","@id":"https:\/\/legrandcontinent.eu\/fr\/#\/schema\/person\/image\/","url":"https:\/\/secure.gravatar.com\/avatar\/67327e7e18f573a6af8e3de274ba4cc3?s=96&d=mm&r=g","contentUrl":"https:\/\/secure.gravatar.com\/avatar\/67327e7e18f573a6af8e3de274ba4cc3?s=96&d=mm&r=g","caption":"Marin Saillofest"}}]}},"lgc_categories":[{"id":1731,"name":"Politique","slug":"politique"}],"lgc_author":null,"feature_image_summary":{"url":"https:\/\/legrandcontinent.eu\/fr\/wp-content\/uploads\/sites\/2\/2021\/06\/gc-sanchez-liceu-scaled.jpg","width":2560,"height":1707,"alt":""},"feature_image_cover":null,"term_position_data":null,"_links":{"self":[{"href":"https:\/\/legrandcontinent.eu\/fr\/wp-json\/wp\/v2\/posts\/111277","targetHints":{"allow":["GET"]}}],"collection":[{"href":"https:\/\/legrandcontinent.eu\/fr\/wp-json\/wp\/v2\/posts"}],"about":[{"href":"https:\/\/legrandcontinent.eu\/fr\/wp-json\/wp\/v2\/types\/post"}],"author":[{"embeddable":true,"href":"https:\/\/legrandcontinent.eu\/fr\/wp-json\/wp\/v2\/users\/1623"}],"replies":[{"embeddable":true,"href":"https:\/\/legrandcontinent.eu\/fr\/wp-json\/wp\/v2\/comments?post=111277"}],"version-history":[{"count":0,"href":"https:\/\/legrandcontinent.eu\/fr\/wp-json\/wp\/v2\/posts\/111277\/revisions"}],"wp:featuredmedia":[{"embeddable":true,"href":"https:\/\/legrandcontinent.eu\/fr\/wp-json\/wp\/v2\/media\/111291"}],"wp:attachment":[{"href":"https:\/\/legrandcontinent.eu\/fr\/wp-json\/wp\/v2\/media?parent=111277"}],"wp:term":[{"taxonomy":"category","embeddable":true,"href":"https:\/\/legrandcontinent.eu\/fr\/wp-json\/wp\/v2\/categories?post=111277"},{"taxonomy":"post_tag","embeddable":true,"href":"https:\/\/legrandcontinent.eu\/fr\/wp-json\/wp\/v2\/tags?post=111277"},{"taxonomy":"staff","embeddable":true,"href":"https:\/\/legrandcontinent.eu\/fr\/wp-json\/wp\/v2\/staff?post=111277"},{"taxonomy":"editorial_format","embeddable":true,"href":"https:\/\/legrandcontinent.eu\/fr\/wp-json\/wp\/v2\/editorial_format?post=111277"},{"taxonomy":"serie","embeddable":true,"href":"https:\/\/legrandcontinent.eu\/fr\/wp-json\/wp\/v2\/serie?post=111277"},{"taxonomy":"audience","embeddable":true,"href":"https:\/\/legrandcontinent.eu\/fr\/wp-json\/wp\/v2\/audience?post=111277"},{"taxonomy":"geo","embeddable":true,"href":"https:\/\/legrandcontinent.eu\/fr\/wp-json\/wp\/v2\/geo?post=111277"}],"curies":[{"name":"wp","href":"https:\/\/api.w.org\/{rel}","templated":true}]}}