{"id":110849,"date":"2021-06-17T09:30:22","date_gmt":"2021-06-17T07:30:22","guid":{"rendered":"https:\/\/legrandcontinent.eu\/fr\/?p=110849"},"modified":"2021-06-17T09:33:56","modified_gmt":"2021-06-17T07:33:56","slug":"le-parlement-hongrois-vote-une-loi-homophobe","status":"publish","type":"post","link":"https:\/\/legrandcontinent.eu\/fr\/2021\/06\/17\/le-parlement-hongrois-vote-une-loi-homophobe\/","title":{"rendered":"Le Parlement hongrois vote une loi homophobe"},"content":{"rendered":"\n<ul class=\"wp-block-list\"><li>Le mardi 15 juin, un projet de loi visant \u00e0 exclure de l\u2019espace public (t\u00e9l\u00e9vision, publicit\u00e9s, \u00e9coles) des images \u201cfaisant la promotion de l\u2019homosexualit\u00e9\u201d a \u00e9t\u00e9 adopt\u00e9 au Parlement hongrois. Le texte, initialement cens\u00e9 lutter contre la p\u00e9dophilie, a \u00e9t\u00e9 adjoint d\u2019une proposition d\u00e9pos\u00e9e le 25 mai par deux d\u00e9put\u00e9s (M\u00e1t\u00e9 Kocsis et Gabriella Selmeczi) du Fidesz, le parti de Viktor Orb\u00e1n.<\/li><li>La proposition pr\u00e9voit notamment qu\u2019il est \u201c<em>interdit de mettre \u00e0 la disposition des enfants de moins de dix-huit ans de la publicit\u00e9 faisant la promotion de la sexualit\u00e9, de pr\u00e9senter la sexualit\u00e9 \u00e0 ses propres fins, ou d&rsquo;impliquer une d\u00e9viation de l&rsquo;identit\u00e9 du sexe de la personne n\u00e9e, un changement de sexe, ou de l&rsquo;homosexualit\u00e9.<\/em>\u201d<\/li><li>Plus r\u00e9cemment, le 10 juin, un amendement a \u00e9t\u00e9 d\u00e9pos\u00e9 tardivement par Csaba Hende, parlementaire hongrois, et ancien ministre de la D\u00e9fense sous Viktor Orb\u00e1n, entre 2010 et 2015. Si la proposition initiale du 25 mai \u00e9tait d\u00e9j\u00e0 dirig\u00e9e contre les homosexuels, ce dernier amendement a m\u00eame \u00e9t\u00e9 per\u00e7u comme dangereux pour les enfants, dans un texte de loi cens\u00e9 les prot\u00e9ger.<\/li><li>On retrouve dans cet amendement que toute repr\u00e9sentation de l\u2019homosexualit\u00e9 dans la sph\u00e8re publique est \u201c<em>susceptible de nuire au bon d\u00e9veloppement physique, mental ou moral des enfants\u201d. <\/em>Le texte regroupe aussi \u201c<em>la violence, la non-conformit\u00e9 au genre, l\u2019homosexualit\u00e9, le changement de sexe <\/em>(&#8230;)\u201d, dans une cat\u00e9gorie qui est d\u00e9sormais proscrite des programmes \u00e9ducatifs \u00e0 destination des mineurs. Ce point vise directement les campagnes de sensibilisation men\u00e9es par des ONG dans des \u00e9coles hongroises.<\/li><li>L\u2019amendement en question a \u00e9t\u00e9 adopt\u00e9 \u00e0 156 voix contre 1, la proposition de Csaba Hende a elle \u00e9t\u00e9 adopt\u00e9e \u00e0 157 voix contre 1. Les principaux partis d\u2019opposition (Parti socialiste hongrois (MSZP), Le parti du dialogue pour la Hongrie (PM), La coalition d\u00e9mocratique (DK) et La politique peut \u00eatre diff\u00e9rente (LMP) minoritaires \u00e0 l\u2019assembl\u00e9e, ont d\u00e9cid\u00e9 de boycotter les votes.<\/li><li>Viktor Orb\u00e1n conduit depuis son arriv\u00e9e au pouvoir une politique de r\u00e9pression \u00e0 l\u2019\u00e9gard des homosexuels, des minorit\u00e9s, et de la soci\u00e9t\u00e9 civile de mani\u00e8re g\u00e9n\u00e9rale, qui ont manifest\u00e9 en masse devant le Parlement hongrois contre cette loi, le 14 juin. En septembre 2018, la Hongrie avait d\u00e9j\u00e0 fait l\u2019objet d\u2019une proc\u00e9dure de condamnation par le Parlement europ\u00e9en, en raison des nombreuses attaques de son dirigeant contre les valeurs, et les principes fondateurs de l\u2019Union.<\/li><li>Sur Twitter, Ursula von der Leyen a annonc\u00e9 que la Commission allait \u201c\u00e9valuer\u201d si cette loi enfreint ou non la l\u00e9gislation europ\u00e9enne. Le cas \u00e9ch\u00e9ant, la Commission serait en mesure d&rsquo;utiliser <a href=\"https:\/\/legrandcontinent.eu\/fr\/2020\/12\/02\/valeurs-traites\/\" target=\"_blank\" rel=\"noreferrer noopener\">l\u2019article 7 du trait\u00e9 sur l\u2019Union europ\u00e9enne<\/a>, qui pourrait conduire \u00e0 une suspension de certains droits de la Hongrie.<\/li><\/ul>\n\n\n\n<figure class=\"wp-block-embed is-type-rich is-provider-twitter wp-block-embed-twitter\"><div class=\"wp-block-embed__wrapper\">\n<blockquote class=\"twitter-tweet\" data-width=\"550\" data-dnt=\"true\"><p lang=\"en\" dir=\"ltr\">Very concerned about the new law in Hungary.<br><br>We are assessing if it breaches relevant EU legislation.<br> <br>I believe in a Europe which embraces diversity, not one which hides it from our children.<br><br>No one should be discriminated on the basis of sexual orientation.<\/p>&mdash; Ursula von der Leyen (@vonderleyen) <a href=\"https:\/\/twitter.com\/vonderleyen\/status\/1405224693171372035?ref_src=twsrc%5Etfw\">June 16, 2021<\/a><\/blockquote><script async src=\"https:\/\/platform.twitter.com\/widgets.js\" charset=\"utf-8\"><\/script>\n<\/div><\/figure>\n\n\n\n<ul class=\"wp-block-list\"><li>Cette proc\u00e9dure n\u00e9cessiterait toutefois d\u2019obtenir le vote de deux tiers du Parlement europ\u00e9en.<\/li><\/ul>\n","protected":false},"excerpt":{"rendered":"<p>Le mardi 15 juin, le Parlement hongrois a adopt\u00e9 une loi comportant des \u00e9l\u00e9ments ouvertement homophobes, contenus dans des amendements d\u00e9pos\u00e9s par des d\u00e9put\u00e9s membres du parti de Viktor Orb\u00e1n, le Fidesz. La Commission europ\u00e9enne a r\u00e9agi hier soir. Huit points synth\u00e9tiques et un tweet pour comprendre ce qui se joue en Hongrie.<\/p>\n","protected":false},"author":1623,"featured_media":110855,"comment_status":"closed","ping_status":"closed","sticky":false,"template":"templates\/post-briefings.php","format":"standard","meta":{"_acf_changed":false,"_trash_the_other_posts":false,"_yoast_wpseo_estimated-reading-time-minutes":2,"footnotes":""},"categories":[1731],"tags":[],"staff":[],"editorial_format":[],"serie":[],"audience":[],"geo":[1917],"class_list":["post-110849","post","type-post","status-publish","format-standard","hentry","category-politique","geo-europe"],"acf":{"open_in_webview":false,"accent":false,"_thumbnail_id":110855,"excerpt":"Le mardi 15 juin, le Parlement hongrois a adopt\u00e9 une loi comportant des \u00e9l\u00e9ments ouvertement homophobes, contenus dans des amendements d\u00e9pos\u00e9s par des d\u00e9put\u00e9s membres du parti de Viktor Orb\u00e1n, le Fidesz. La Commission europ\u00e9enne a r\u00e9agi hier soir. Huit points synth\u00e9tiques et un tweet pour comprendre ce qui se joue en Hongrie.","display_date":"","new_abstract":true},"yoast_head":"<!-- This site is optimized with the Yoast SEO plugin v26.1.1 - https:\/\/yoast.com\/wordpress\/plugins\/seo\/ -->\n<title>Le Parlement hongrois vote une loi homophobe | Le Grand Continent<\/title>\n<meta name=\"robots\" content=\"index, follow, max-snippet:-1, max-image-preview:large, max-video-preview:-1\" \/>\n<link rel=\"canonical\" href=\"https:\/\/legrandcontinent.eu\/fr\/2021\/06\/17\/le-parlement-hongrois-vote-une-loi-homophobe\/\" \/>\n<meta property=\"og:locale\" content=\"fr_FR\" \/>\n<meta property=\"og:type\" content=\"article\" \/>\n<meta property=\"og:title\" content=\"Le Parlement hongrois vote une loi homophobe | Le Grand Continent\" \/>\n<meta property=\"og:description\" content=\"Le mardi 15 juin, le Parlement hongrois a adopt\u00e9 une loi comportant des \u00e9l\u00e9ments ouvertement homophobes, contenus dans des amendements d\u00e9pos\u00e9s par des d\u00e9put\u00e9s membres du parti de Viktor Orb\u00e1n, le Fidesz. La Commission europ\u00e9enne a r\u00e9agi hier soir. Huit points synth\u00e9tiques et un tweet pour comprendre ce qui se joue en Hongrie.\" \/>\n<meta property=\"og:url\" content=\"https:\/\/legrandcontinent.eu\/fr\/2021\/06\/17\/le-parlement-hongrois-vote-une-loi-homophobe\/\" \/>\n<meta property=\"og:site_name\" content=\"Le Grand Continent\" \/>\n<meta property=\"article:published_time\" content=\"2021-06-17T07:30:22+00:00\" \/>\n<meta property=\"article:modified_time\" content=\"2021-06-17T07:33:56+00:00\" \/>\n<meta property=\"og:image\" content=\"https:\/\/legrandcontinent.eu\/fr\/wp-content\/uploads\/sites\/2\/2021\/06\/gc-hongrie-eu.jpg\" \/>\n\t<meta property=\"og:image:width\" content=\"1920\" \/>\n\t<meta property=\"og:image:height\" content=\"1080\" \/>\n\t<meta property=\"og:image:type\" content=\"image\/jpeg\" \/>\n<meta name=\"author\" content=\"Marin Saillofest\" \/>\n<meta name=\"twitter:card\" content=\"summary_large_image\" \/>\n<meta name=\"twitter:image\" content=\"https:\/\/legrandcontinent.eu\/fr\/wp-content\/uploads\/sites\/2\/2021\/06\/gc-hongrie-eu.jpg\" \/>\n<meta name=\"twitter:label1\" content=\"\u00c9crit par\" \/>\n\t<meta name=\"twitter:data1\" content=\"Marin Saillofest\" \/>\n\t<meta name=\"twitter:label2\" content=\"Dur\u00e9e de lecture estim\u00e9e\" \/>\n\t<meta name=\"twitter:data2\" content=\"2 minutes\" \/>\n<script type=\"application\/ld+json\" class=\"yoast-schema-graph\">{\"@context\":\"https:\/\/schema.org\",\"@graph\":[{\"@type\":\"WebPage\",\"@id\":\"https:\/\/legrandcontinent.eu\/fr\/2021\/06\/17\/le-parlement-hongrois-vote-une-loi-homophobe\/\",\"url\":\"https:\/\/legrandcontinent.eu\/fr\/2021\/06\/17\/le-parlement-hongrois-vote-une-loi-homophobe\/\",\"name\":\"Le Parlement hongrois vote une loi homophobe | Le Grand Continent\",\"isPartOf\":{\"@id\":\"https:\/\/legrandcontinent.eu\/fr\/#website\"},\"primaryImageOfPage\":{\"@id\":\"https:\/\/legrandcontinent.eu\/fr\/2021\/06\/17\/le-parlement-hongrois-vote-une-loi-homophobe\/#primaryimage\"},\"image\":{\"@id\":\"https:\/\/legrandcontinent.eu\/fr\/2021\/06\/17\/le-parlement-hongrois-vote-une-loi-homophobe\/#primaryimage\"},\"thumbnailUrl\":\"https:\/\/legrandcontinent.eu\/fr\/wp-content\/uploads\/sites\/2\/2021\/06\/340706050_a81f060104_o-e1623914942273.jpg\",\"datePublished\":\"2021-06-17T07:30:22+00:00\",\"dateModified\":\"2021-06-17T07:33:56+00:00\",\"author\":{\"@id\":\"https:\/\/legrandcontinent.eu\/fr\/#\/schema\/person\/2838b2116880462ec27cf3f26316a10c\"},\"breadcrumb\":{\"@id\":\"https:\/\/legrandcontinent.eu\/fr\/2021\/06\/17\/le-parlement-hongrois-vote-une-loi-homophobe\/#breadcrumb\"},\"inLanguage\":\"fr-FR\",\"potentialAction\":[{\"@type\":\"ReadAction\",\"target\":[\"https:\/\/legrandcontinent.eu\/fr\/2021\/06\/17\/le-parlement-hongrois-vote-une-loi-homophobe\/\"]}]},{\"@type\":\"ImageObject\",\"inLanguage\":\"fr-FR\",\"@id\":\"https:\/\/legrandcontinent.eu\/fr\/2021\/06\/17\/le-parlement-hongrois-vote-une-loi-homophobe\/#primaryimage\",\"url\":\"https:\/\/legrandcontinent.eu\/fr\/wp-content\/uploads\/sites\/2\/2021\/06\/340706050_a81f060104_o-e1623914942273.jpg\",\"contentUrl\":\"https:\/\/legrandcontinent.eu\/fr\/wp-content\/uploads\/sites\/2\/2021\/06\/340706050_a81f060104_o-e1623914942273.jpg\",\"width\":1600,\"height\":1176},{\"@type\":\"BreadcrumbList\",\"@id\":\"https:\/\/legrandcontinent.eu\/fr\/2021\/06\/17\/le-parlement-hongrois-vote-une-loi-homophobe\/#breadcrumb\",\"itemListElement\":[{\"@type\":\"ListItem\",\"position\":1,\"name\":\"Accueil\",\"item\":\"https:\/\/legrandcontinent.eu\/fr\/\"},{\"@type\":\"ListItem\",\"position\":2,\"name\":\"Le Parlement hongrois vote une loi homophobe\"}]},{\"@type\":\"WebSite\",\"@id\":\"https:\/\/legrandcontinent.eu\/fr\/#website\",\"url\":\"https:\/\/legrandcontinent.eu\/fr\/\",\"name\":\"Le Grand Continent\",\"description\":\"L&#039;\u00e9chelle pertinente\",\"potentialAction\":[{\"@type\":\"SearchAction\",\"target\":{\"@type\":\"EntryPoint\",\"urlTemplate\":\"https:\/\/legrandcontinent.eu\/fr\/?s={search_term_string}\"},\"query-input\":{\"@type\":\"PropertyValueSpecification\",\"valueRequired\":true,\"valueName\":\"search_term_string\"}}],\"inLanguage\":\"fr-FR\"},{\"@type\":\"Person\",\"@id\":\"https:\/\/legrandcontinent.eu\/fr\/#\/schema\/person\/2838b2116880462ec27cf3f26316a10c\",\"name\":\"Marin Saillofest\",\"image\":{\"@type\":\"ImageObject\",\"inLanguage\":\"fr-FR\",\"@id\":\"https:\/\/legrandcontinent.eu\/fr\/#\/schema\/person\/image\/\",\"url\":\"https:\/\/secure.gravatar.com\/avatar\/67327e7e18f573a6af8e3de274ba4cc3?s=96&d=mm&r=g\",\"contentUrl\":\"https:\/\/secure.gravatar.com\/avatar\/67327e7e18f573a6af8e3de274ba4cc3?s=96&d=mm&r=g\",\"caption\":\"Marin Saillofest\"}}]}<\/script>\n<!-- \/ Yoast SEO plugin. -->","yoast_head_json":{"title":"Le Parlement hongrois vote une loi homophobe | Le Grand Continent","robots":{"index":"index","follow":"follow","max-snippet":"max-snippet:-1","max-image-preview":"max-image-preview:large","max-video-preview":"max-video-preview:-1"},"canonical":"https:\/\/legrandcontinent.eu\/fr\/2021\/06\/17\/le-parlement-hongrois-vote-une-loi-homophobe\/","og_locale":"fr_FR","og_type":"article","og_title":"Le Parlement hongrois vote une loi homophobe | Le Grand Continent","og_description":"Le mardi 15 juin, le Parlement hongrois a adopt\u00e9 une loi comportant des \u00e9l\u00e9ments ouvertement homophobes, contenus dans des amendements d\u00e9pos\u00e9s par des d\u00e9put\u00e9s membres du parti de Viktor Orb\u00e1n, le Fidesz. La Commission europ\u00e9enne a r\u00e9agi hier soir. Huit points synth\u00e9tiques et un tweet pour comprendre ce qui se joue en Hongrie.","og_url":"https:\/\/legrandcontinent.eu\/fr\/2021\/06\/17\/le-parlement-hongrois-vote-une-loi-homophobe\/","og_site_name":"Le Grand Continent","article_published_time":"2021-06-17T07:30:22+00:00","article_modified_time":"2021-06-17T07:33:56+00:00","og_image":[{"width":1920,"height":1080,"url":"https:\/\/legrandcontinent.eu\/fr\/wp-content\/uploads\/sites\/2\/2021\/06\/gc-hongrie-eu.jpg","type":"image\/jpeg"}],"author":"Marin Saillofest","twitter_card":"summary_large_image","twitter_image":"https:\/\/legrandcontinent.eu\/fr\/wp-content\/uploads\/sites\/2\/2021\/06\/gc-hongrie-eu.jpg","twitter_misc":{"\u00c9crit par":"Marin Saillofest","Dur\u00e9e de lecture estim\u00e9e":"2 minutes"},"schema":{"@context":"https:\/\/schema.org","@graph":[{"@type":"WebPage","@id":"https:\/\/legrandcontinent.eu\/fr\/2021\/06\/17\/le-parlement-hongrois-vote-une-loi-homophobe\/","url":"https:\/\/legrandcontinent.eu\/fr\/2021\/06\/17\/le-parlement-hongrois-vote-une-loi-homophobe\/","name":"Le Parlement hongrois vote une loi homophobe | Le Grand Continent","isPartOf":{"@id":"https:\/\/legrandcontinent.eu\/fr\/#website"},"primaryImageOfPage":{"@id":"https:\/\/legrandcontinent.eu\/fr\/2021\/06\/17\/le-parlement-hongrois-vote-une-loi-homophobe\/#primaryimage"},"image":{"@id":"https:\/\/legrandcontinent.eu\/fr\/2021\/06\/17\/le-parlement-hongrois-vote-une-loi-homophobe\/#primaryimage"},"thumbnailUrl":"https:\/\/legrandcontinent.eu\/fr\/wp-content\/uploads\/sites\/2\/2021\/06\/340706050_a81f060104_o-e1623914942273.jpg","datePublished":"2021-06-17T07:30:22+00:00","dateModified":"2021-06-17T07:33:56+00:00","author":{"@id":"https:\/\/legrandcontinent.eu\/fr\/#\/schema\/person\/2838b2116880462ec27cf3f26316a10c"},"breadcrumb":{"@id":"https:\/\/legrandcontinent.eu\/fr\/2021\/06\/17\/le-parlement-hongrois-vote-une-loi-homophobe\/#breadcrumb"},"inLanguage":"fr-FR","potentialAction":[{"@type":"ReadAction","target":["https:\/\/legrandcontinent.eu\/fr\/2021\/06\/17\/le-parlement-hongrois-vote-une-loi-homophobe\/"]}]},{"@type":"ImageObject","inLanguage":"fr-FR","@id":"https:\/\/legrandcontinent.eu\/fr\/2021\/06\/17\/le-parlement-hongrois-vote-une-loi-homophobe\/#primaryimage","url":"https:\/\/legrandcontinent.eu\/fr\/wp-content\/uploads\/sites\/2\/2021\/06\/340706050_a81f060104_o-e1623914942273.jpg","contentUrl":"https:\/\/legrandcontinent.eu\/fr\/wp-content\/uploads\/sites\/2\/2021\/06\/340706050_a81f060104_o-e1623914942273.jpg","width":1600,"height":1176},{"@type":"BreadcrumbList","@id":"https:\/\/legrandcontinent.eu\/fr\/2021\/06\/17\/le-parlement-hongrois-vote-une-loi-homophobe\/#breadcrumb","itemListElement":[{"@type":"ListItem","position":1,"name":"Accueil","item":"https:\/\/legrandcontinent.eu\/fr\/"},{"@type":"ListItem","position":2,"name":"Le Parlement hongrois vote une loi homophobe"}]},{"@type":"WebSite","@id":"https:\/\/legrandcontinent.eu\/fr\/#website","url":"https:\/\/legrandcontinent.eu\/fr\/","name":"Le Grand Continent","description":"L&#039;\u00e9chelle pertinente","potentialAction":[{"@type":"SearchAction","target":{"@type":"EntryPoint","urlTemplate":"https:\/\/legrandcontinent.eu\/fr\/?s={search_term_string}"},"query-input":{"@type":"PropertyValueSpecification","valueRequired":true,"valueName":"search_term_string"}}],"inLanguage":"fr-FR"},{"@type":"Person","@id":"https:\/\/legrandcontinent.eu\/fr\/#\/schema\/person\/2838b2116880462ec27cf3f26316a10c","name":"Marin Saillofest","image":{"@type":"ImageObject","inLanguage":"fr-FR","@id":"https:\/\/legrandcontinent.eu\/fr\/#\/schema\/person\/image\/","url":"https:\/\/secure.gravatar.com\/avatar\/67327e7e18f573a6af8e3de274ba4cc3?s=96&d=mm&r=g","contentUrl":"https:\/\/secure.gravatar.com\/avatar\/67327e7e18f573a6af8e3de274ba4cc3?s=96&d=mm&r=g","caption":"Marin Saillofest"}}]}},"lgc_categories":[{"id":1731,"name":"Politique","slug":"politique"}],"lgc_author":null,"feature_image_summary":{"url":"https:\/\/legrandcontinent.eu\/fr\/wp-content\/uploads\/sites\/2\/2021\/06\/340706050_a81f060104_o-e1623914942273.jpg","width":1600,"height":1176,"alt":""},"feature_image_cover":null,"term_position_data":null,"_links":{"self":[{"href":"https:\/\/legrandcontinent.eu\/fr\/wp-json\/wp\/v2\/posts\/110849","targetHints":{"allow":["GET"]}}],"collection":[{"href":"https:\/\/legrandcontinent.eu\/fr\/wp-json\/wp\/v2\/posts"}],"about":[{"href":"https:\/\/legrandcontinent.eu\/fr\/wp-json\/wp\/v2\/types\/post"}],"author":[{"embeddable":true,"href":"https:\/\/legrandcontinent.eu\/fr\/wp-json\/wp\/v2\/users\/1623"}],"replies":[{"embeddable":true,"href":"https:\/\/legrandcontinent.eu\/fr\/wp-json\/wp\/v2\/comments?post=110849"}],"version-history":[{"count":0,"href":"https:\/\/legrandcontinent.eu\/fr\/wp-json\/wp\/v2\/posts\/110849\/revisions"}],"wp:featuredmedia":[{"embeddable":true,"href":"https:\/\/legrandcontinent.eu\/fr\/wp-json\/wp\/v2\/media\/110855"}],"wp:attachment":[{"href":"https:\/\/legrandcontinent.eu\/fr\/wp-json\/wp\/v2\/media?parent=110849"}],"wp:term":[{"taxonomy":"category","embeddable":true,"href":"https:\/\/legrandcontinent.eu\/fr\/wp-json\/wp\/v2\/categories?post=110849"},{"taxonomy":"post_tag","embeddable":true,"href":"https:\/\/legrandcontinent.eu\/fr\/wp-json\/wp\/v2\/tags?post=110849"},{"taxonomy":"staff","embeddable":true,"href":"https:\/\/legrandcontinent.eu\/fr\/wp-json\/wp\/v2\/staff?post=110849"},{"taxonomy":"editorial_format","embeddable":true,"href":"https:\/\/legrandcontinent.eu\/fr\/wp-json\/wp\/v2\/editorial_format?post=110849"},{"taxonomy":"serie","embeddable":true,"href":"https:\/\/legrandcontinent.eu\/fr\/wp-json\/wp\/v2\/serie?post=110849"},{"taxonomy":"audience","embeddable":true,"href":"https:\/\/legrandcontinent.eu\/fr\/wp-json\/wp\/v2\/audience?post=110849"},{"taxonomy":"geo","embeddable":true,"href":"https:\/\/legrandcontinent.eu\/fr\/wp-json\/wp\/v2\/geo?post=110849"}],"curies":[{"name":"wp","href":"https:\/\/api.w.org\/{rel}","templated":true}]}}