{"id":107367,"date":"2021-05-05T12:00:01","date_gmt":"2021-05-05T10:00:01","guid":{"rendered":"https:\/\/legrandcontinent.eu\/fr\/?p=107367"},"modified":"2021-07-15T21:12:54","modified_gmt":"2021-07-15T19:12:54","slug":"resultats-des-elections-a-lassemblee-de-madrid","status":"publish","type":"post","link":"https:\/\/legrandcontinent.eu\/fr\/2021\/05\/05\/resultats-des-elections-a-lassemblee-de-madrid\/","title":{"rendered":"R\u00e9sultats des \u00e9lections \u00e0 l&rsquo;Assembl\u00e9e de Madrid"},"content":{"rendered":"\n<p>Le 4 mai se sont tenues les \u00e9lections anticip\u00e9es de l\u2019Assembl\u00e9e de Madrid, l\u2019organe l\u00e9gislatif de la Communaut\u00e9 autonome de Madrid.&nbsp;135 si\u00e8ges \u00e9taient en jeu.<\/p>\n\n\n\n<p>Ces \u00e9lections sont intervenues \u00e0 la suite de la chute du gouvernement de coalition minoritaire men\u00e9 par Isabel&nbsp;D\u00edaz&nbsp;Ayuso (Partido Popular, PPE) avec le soutien du parti lib\u00e9ral&nbsp;Ciudadanos (RE). Mais la s\u00e9quence politique qui a abouti \u00e0 la tenue de ces \u00e9lections anticip\u00e9es a commenc\u00e9 loin de la capitale&#160;: le 25 mars dernier, dans la communaut\u00e9 autonome de Murcie, Ciudadanos&nbsp;avait conclu un accord de coalition avec le Parti socialiste ouvrier espagnol (PSOE, S&amp;D) pour faire tomber le gouvernement du&nbsp;Partido&nbsp;Popular. De peur de voir cet accord \u00eatre reproduit dans la r\u00e9gion de Madrid,&nbsp;Ayuso&nbsp;a choisi elle-m\u00eame de rompre son accord de coalition, ce qui a entrain\u00e9 le d\u00e9p\u00f4t d\u2019une motion de censure par le PSOE et le parti de gauche&nbsp;M\u00e1s&nbsp;Madrid&nbsp;(Verts\/ALE)&nbsp;qui a \u00e9t\u00e9 valid\u00e9e par l\u2019assembl\u00e9e. <\/p>\n\n\n\n<p>Le&nbsp;Partido&nbsp;Popular&nbsp;men\u00e9e par&nbsp;Ayuso&nbsp;\u00e9tait le favori du scrutin selon les sondages. L\u2019opposition frontale d\u2019Ayuso&nbsp;\u00e0 la ligne gouvernementale dans la gestion de la crise sanitaire a \u00e9t\u00e9 payante. La candidate a centr\u00e9 sa campagne sur le slogan \u00ab&#160;communisme ou libert\u00e9&#160;\u00bb et sur son choix d\u2019avoir gard\u00e9 les commerces, restaurants et caf\u00e9s madril\u00e8nes ouverts, en opposition franche aux demandes du gouvernement du Premier ministre Pedro S\u00e1nchez (PSOE).<\/p>\n\n\n\n<ul class=\"wp-block-list\"><li>Avec une participation de 76,23&#160;%, en hausse de 12 points de pourcentage par rapport \u00e0 2019, Isabel&nbsp;D\u00edaz&nbsp;Ayuso&nbsp;remporte 44,72&#160;% des suffrages et 65 si\u00e8ges sur les 135, loin devant le PSOE qui r\u00e9alise le pire score de son histoire dans la capitale en ne remportant que 16,86&#160;% des suffrages et 24 si\u00e8ges, ce qui place le parti du Premier ministre Pedro S\u00e1nchez&nbsp;en troisi\u00e8me position&nbsp;derri\u00e8re la formation de gauche&nbsp;M\u00e1s&nbsp;Madrid de&nbsp;M\u00f3nica&nbsp;Garc\u00eda qui a obtenu 17&#160;% des suffrages.&nbsp;&nbsp;<\/li><\/ul>\n\n\n\n\n\n<figure class=\"wp-block-image wp-block-image-medium\"\n    data-shadow=\"false\"\n    data-use-original-file=\"false\">\n    <a\n        data-pswp-src=\"https:\/\/legrandcontinent.eu\/fr\/wp-content\/uploads\/sites\/2\/2021\/05\/graph.png\"\n        class=\"inline-block gallery-item no-underline \"\n        data-pswp-width=\"1920\"\n        data-pswp-height=\"1440\">\n                                        <picture>\r\n                    <source\r\n                srcset=\"https:\/\/legrandcontinent.eu\/fr\/wp-content\/uploads\/sites\/2\/2021\/05\/graph-330x248.png\"\r\n                media=\"(max-width:  374px)\" \/>\r\n                    <source\r\n                srcset=\"https:\/\/legrandcontinent.eu\/fr\/wp-content\/uploads\/sites\/2\/2021\/05\/graph-690x518.png\"\r\n                media=\"(max-width:  989px)\" \/>\r\n                    <source\r\n                srcset=\"https:\/\/legrandcontinent.eu\/fr\/wp-content\/uploads\/sites\/2\/2021\/05\/graph-990x743.png\"\r\n                media=\"(max-width: 1319px)\" \/>\r\n                    <source\r\n                srcset=\"https:\/\/legrandcontinent.eu\/fr\/wp-content\/uploads\/sites\/2\/2021\/05\/graph-690x518.png\"\r\n                media=\"(max-width: 1599px)\" \/>\r\n                    <source\r\n                srcset=\"https:\/\/legrandcontinent.eu\/fr\/wp-content\/uploads\/sites\/2\/2021\/05\/graph-990x743.png\"\r\n                media=\"(min-width: 1600px)\" \/>\r\n                <img decoding=\"async\" src=\"https:\/\/legrandcontinent.eu\/fr\/wp-content\/uploads\/sites\/2\/2021\/05\/graph-125x94.png\" \/>\r\n        <\/picture>\r\n                            \n            <\/a>\n<\/figure>\n\n\n<ul class=\"wp-block-list\"><li>Malgr\u00e9 sa victoire incontestable, le&nbsp;Partido&nbsp;Popular&nbsp;ne&nbsp;dispose pas, avec 65 si\u00e8ges, de la majorit\u00e9 absolue pour gouverner seul la communaut\u00e9 autonome de Madrid. Pour \u00eatre reconduite pr\u00e9sidente de la r\u00e9gion,&nbsp;Ayuso&nbsp;devra compter sur l\u2019abstention&nbsp;ou la participation active du parti d\u2019extr\u00eame droite&nbsp;VoX&nbsp;(CRE)&nbsp;qui obtient 9,13&#160;% des suffrages et 13 si\u00e8ges, en progression de 0,3 points de pourcentage par rapport \u00e0 2019. Le parti d\u2019extr\u00eame-droite obtient un meilleur score que la formation de gauche radicale&nbsp;et partenaire de coalition du PSOE,&nbsp;Unidas&nbsp;Podemos&nbsp;(GUE\/NGL),&nbsp;qui recueille 7,21&#160;% des suffrages.<\/li><\/ul>\n\n\n\n\n\n<figure class=\"wp-block-image wp-block-image-medium\"\n    data-shadow=\"false\"\n    data-use-original-file=\"false\">\n    <a\n        data-pswp-src=\"https:\/\/legrandcontinent.eu\/fr\/wp-content\/uploads\/sites\/2\/2021\/05\/seats.png\"\n        class=\"inline-block gallery-item no-underline \"\n        data-pswp-width=\"640\"\n        data-pswp-height=\"480\">\n                                        <picture>\r\n                    <source\r\n                srcset=\"https:\/\/legrandcontinent.eu\/fr\/wp-content\/uploads\/sites\/2\/2021\/05\/seats-330x248.png\"\r\n                media=\"(max-width:  374px)\" \/>\r\n                    <source\r\n                srcset=\"https:\/\/legrandcontinent.eu\/fr\/wp-content\/uploads\/sites\/2\/2021\/05\/seats.png\"\r\n                media=\"(max-width:  989px)\" \/>\r\n                    <source\r\n                srcset=\"https:\/\/legrandcontinent.eu\/fr\/wp-content\/uploads\/sites\/2\/2021\/05\/seats.png\"\r\n                media=\"(max-width: 1319px)\" \/>\r\n                    <source\r\n                srcset=\"https:\/\/legrandcontinent.eu\/fr\/wp-content\/uploads\/sites\/2\/2021\/05\/seats.png\"\r\n                media=\"(max-width: 1599px)\" \/>\r\n                    <source\r\n                srcset=\"https:\/\/legrandcontinent.eu\/fr\/wp-content\/uploads\/sites\/2\/2021\/05\/seats.png\"\r\n                media=\"(min-width: 1600px)\" \/>\r\n                <img decoding=\"async\" src=\"https:\/\/legrandcontinent.eu\/fr\/wp-content\/uploads\/sites\/2\/2021\/05\/seats-125x94.png\" \/>\r\n        <\/picture>\r\n                            \n            <\/a>\n<\/figure>\n\n\n<ul class=\"wp-block-list\"><li>Pour le parti lib\u00e9ral&nbsp;Ciudadanos&nbsp;(RE), c\u2019est la douche froide. Le parti qui avait obtenu 19,4&#160;% en 2019 et 26 si\u00e8ges dispara\u00eet tout simplement de l\u2019assembl\u00e9e de Madrid. Avec seulement 3,6&#160;%, il n\u2019a pas d\u00e9pass\u00e9 le seuil \u00e9lectoral de 5&#160;% permettant d&rsquo;obtenir un si\u00e8ge \u00e0 l\u2019assembl\u00e9e. Ce r\u00e9sultat illustre une nouvelle fois le d\u00e9clin de la formation centriste, en errance depuis le d\u00e9part de son fondateur Albert Rivera en 2019 et largement d\u00e9fait aux \u00e9lections r\u00e9gionales de Catalogne en f\u00e9vrier dernier.<\/li><\/ul>\n\n\n\n\n\n<figure class=\"wp-block-image wp-block-image-medium\"\n    data-shadow=\"false\"\n    data-use-original-file=\"false\">\n    <a\n        data-pswp-src=\"https:\/\/legrandcontinent.eu\/fr\/wp-content\/uploads\/sites\/2\/2021\/05\/graph_EU.png\"\n        class=\"inline-block gallery-item no-underline \"\n        data-pswp-width=\"1920\"\n        data-pswp-height=\"1440\">\n                                        <picture>\r\n                    <source\r\n                srcset=\"https:\/\/legrandcontinent.eu\/fr\/wp-content\/uploads\/sites\/2\/2021\/05\/graph_EU-330x248.png\"\r\n                media=\"(max-width:  374px)\" \/>\r\n                    <source\r\n                srcset=\"https:\/\/legrandcontinent.eu\/fr\/wp-content\/uploads\/sites\/2\/2021\/05\/graph_EU-690x518.png\"\r\n                media=\"(max-width:  989px)\" \/>\r\n                    <source\r\n                srcset=\"https:\/\/legrandcontinent.eu\/fr\/wp-content\/uploads\/sites\/2\/2021\/05\/graph_EU-990x743.png\"\r\n                media=\"(max-width: 1319px)\" \/>\r\n                    <source\r\n                srcset=\"https:\/\/legrandcontinent.eu\/fr\/wp-content\/uploads\/sites\/2\/2021\/05\/graph_EU-690x518.png\"\r\n                media=\"(max-width: 1599px)\" \/>\r\n                    <source\r\n                srcset=\"https:\/\/legrandcontinent.eu\/fr\/wp-content\/uploads\/sites\/2\/2021\/05\/graph_EU-990x743.png\"\r\n                media=\"(min-width: 1600px)\" \/>\r\n                <img decoding=\"async\" src=\"https:\/\/legrandcontinent.eu\/fr\/wp-content\/uploads\/sites\/2\/2021\/05\/graph_EU-125x94.png\" \/>\r\n        <\/picture>\r\n                            \n            <\/a>\n<\/figure>\n\n\n<ul class=\"wp-block-list\"><li>Cette \u00e9lection est \u00e9galement un choc pour&nbsp;Unidas&nbsp;Podemos, qui, arriv\u00e9 cinqui\u00e8me derri\u00e8re VoX, devra d\u00e9sormais composer sans son co-fondateur Pablo&nbsp;Iglesias, qui a annonc\u00e9 dans la foul\u00e9e des r\u00e9sultats d\u00e9missionner de toutes ses fonctions politiques et se retirer de la vie politique \u00ab&#160;au sens institutionnel\u202fdu terme&#160;\u00bb.<\/li><\/ul>\n\n\n\n\n\n<figure class=\"wp-block-image wp-block-image-medium\"\n    data-shadow=\"false\"\n    data-use-original-file=\"false\">\n    <a\n        data-pswp-src=\"https:\/\/legrandcontinent.eu\/fr\/wp-content\/uploads\/sites\/2\/2021\/05\/winners-3.png\"\n        class=\"inline-block gallery-item no-underline \"\n        data-pswp-width=\"1920\"\n        data-pswp-height=\"1440\">\n                                        <picture>\r\n                    <source\r\n                srcset=\"https:\/\/legrandcontinent.eu\/fr\/wp-content\/uploads\/sites\/2\/2021\/05\/winners-3-330x248.png\"\r\n                media=\"(max-width:  374px)\" \/>\r\n                    <source\r\n                srcset=\"https:\/\/legrandcontinent.eu\/fr\/wp-content\/uploads\/sites\/2\/2021\/05\/winners-3-690x518.png\"\r\n                media=\"(max-width:  989px)\" \/>\r\n                    <source\r\n                srcset=\"https:\/\/legrandcontinent.eu\/fr\/wp-content\/uploads\/sites\/2\/2021\/05\/winners-3-990x743.png\"\r\n                media=\"(max-width: 1319px)\" \/>\r\n                    <source\r\n                srcset=\"https:\/\/legrandcontinent.eu\/fr\/wp-content\/uploads\/sites\/2\/2021\/05\/winners-3-690x518.png\"\r\n                media=\"(max-width: 1599px)\" \/>\r\n                    <source\r\n                srcset=\"https:\/\/legrandcontinent.eu\/fr\/wp-content\/uploads\/sites\/2\/2021\/05\/winners-3-990x743.png\"\r\n                media=\"(min-width: 1600px)\" \/>\r\n                <img decoding=\"async\" src=\"https:\/\/legrandcontinent.eu\/fr\/wp-content\/uploads\/sites\/2\/2021\/05\/winners-3-125x94.png\" \/>\r\n        <\/picture>\r\n                            \n            <\/a>\n<\/figure>\n\n\n\n\n<figure class=\"wp-block-image wp-block-image-medium\"\n    data-shadow=\"false\"\n    data-use-original-file=\"false\">\n    <a\n        data-pswp-src=\"https:\/\/legrandcontinent.eu\/fr\/wp-content\/uploads\/sites\/2\/2021\/05\/winners-2.png\"\n        class=\"inline-block gallery-item no-underline \"\n        data-pswp-width=\"1920\"\n        data-pswp-height=\"1440\">\n                                        <picture>\r\n                    <source\r\n                srcset=\"https:\/\/legrandcontinent.eu\/fr\/wp-content\/uploads\/sites\/2\/2021\/05\/winners-2-330x248.png\"\r\n                media=\"(max-width:  374px)\" \/>\r\n                    <source\r\n                srcset=\"https:\/\/legrandcontinent.eu\/fr\/wp-content\/uploads\/sites\/2\/2021\/05\/winners-2-690x518.png\"\r\n                media=\"(max-width:  989px)\" \/>\r\n                    <source\r\n                srcset=\"https:\/\/legrandcontinent.eu\/fr\/wp-content\/uploads\/sites\/2\/2021\/05\/winners-2-990x743.png\"\r\n                media=\"(max-width: 1319px)\" \/>\r\n                    <source\r\n                srcset=\"https:\/\/legrandcontinent.eu\/fr\/wp-content\/uploads\/sites\/2\/2021\/05\/winners-2-690x518.png\"\r\n                media=\"(max-width: 1599px)\" \/>\r\n                    <source\r\n                srcset=\"https:\/\/legrandcontinent.eu\/fr\/wp-content\/uploads\/sites\/2\/2021\/05\/winners-2-990x743.png\"\r\n                media=\"(min-width: 1600px)\" \/>\r\n                <img decoding=\"async\" src=\"https:\/\/legrandcontinent.eu\/fr\/wp-content\/uploads\/sites\/2\/2021\/05\/winners-2-125x94.png\" \/>\r\n        <\/picture>\r\n                            \n            <\/a>\n<\/figure>\n\n\n\n\n<figure class=\"wp-block-image wp-block-image-medium\"\n    data-shadow=\"false\"\n    data-use-original-file=\"false\">\n    <a\n        data-pswp-src=\"https:\/\/legrandcontinent.eu\/fr\/wp-content\/uploads\/sites\/2\/2021\/05\/v_0-1.png\"\n        class=\"inline-block gallery-item no-underline \"\n        data-pswp-width=\"1920\"\n        data-pswp-height=\"1440\">\n                                        <picture>\r\n                    <source\r\n                srcset=\"https:\/\/legrandcontinent.eu\/fr\/wp-content\/uploads\/sites\/2\/2021\/05\/v_0-1-330x248.png\"\r\n                media=\"(max-width:  374px)\" \/>\r\n                    <source\r\n                srcset=\"https:\/\/legrandcontinent.eu\/fr\/wp-content\/uploads\/sites\/2\/2021\/05\/v_0-1-690x518.png\"\r\n                media=\"(max-width:  989px)\" \/>\r\n                    <source\r\n                srcset=\"https:\/\/legrandcontinent.eu\/fr\/wp-content\/uploads\/sites\/2\/2021\/05\/v_0-1-990x743.png\"\r\n                media=\"(max-width: 1319px)\" \/>\r\n                    <source\r\n                srcset=\"https:\/\/legrandcontinent.eu\/fr\/wp-content\/uploads\/sites\/2\/2021\/05\/v_0-1-690x518.png\"\r\n                media=\"(max-width: 1599px)\" \/>\r\n                    <source\r\n                srcset=\"https:\/\/legrandcontinent.eu\/fr\/wp-content\/uploads\/sites\/2\/2021\/05\/v_0-1-990x743.png\"\r\n                media=\"(min-width: 1600px)\" \/>\r\n                <img decoding=\"async\" src=\"https:\/\/legrandcontinent.eu\/fr\/wp-content\/uploads\/sites\/2\/2021\/05\/v_0-1-125x94.png\" \/>\r\n        <\/picture>\r\n                            \n                    <figcaption class=\"pswp-caption-content \">L&rsquo;analyse pr\u00e9sent\u00e9e sur cette carte montre la coh\u00e9rence du vote pour le bloc de gauche (M\u00e1s Madrid + PSOE + UP) et le bloc de droite (PP + VoX)&#160;&#160;: les municipalit\u00e9s color\u00e9es en vert votent davantage pour le bloc de gauche, tandis que les municipalit\u00e9s color\u00e9es en violet votent davantage pour le bloc de droite. Cette opposition municipalit\u00e9s \u00ab&#160;&#160;de droite&#160;&#160;\u00bb contre municipalit\u00e9s \u00ab&#160;&#160;de gauche&#160;&#160;\u00bb explique 60&#160;&#160;% de la variance des r\u00e9sultats au niveau communal.<\/figcaption>\n            <\/a>\n<\/figure>\n\n\n<ul class=\"wp-block-list\"><li>Le clivage gauche-droite mat\u00e9rialis\u00e9 par deux grands p\u00f4les est plus vivant que jamais \u00e0 Madrid. La fracture entre un bloc de gauche o\u00f9 le PSOE et&nbsp;M\u00e1s&nbsp;Madrid sont au coude \u00e0 coude pour le leadership dans la r\u00e9gion et un bloc de droite men\u00e9 par le PP et soutenu plus ou moins activement par&nbsp;VoX est manifeste. Additionn\u00e9es, les forces&nbsp;de gauche&nbsp;(PSOE+M\u00e1s&nbsp;Madrid+&nbsp;Unidas&nbsp;Podemos)&nbsp;comptent&nbsp;pour&nbsp;41,1&#160;% des suffrages alors que le bloc de droite (PP +&nbsp;VoX) compte 53,8&#160;% des suffrages.<\/li><\/ul>\n","protected":false},"excerpt":{"rendered":"<p>Mardi 4 mai, la Communaut\u00e9 de Madrid renouvelait son Assembl\u00e9e. Bilan en cinq points (en acc\u00e8s libre toute la journ\u00e9e).<\/p>\n","protected":false},"author":98,"featured_media":0,"comment_status":"closed","ping_status":"closed","sticky":false,"template":"templates\/post-briefings.php","format":"standard","meta":{"_acf_changed":false,"_trash_the_other_posts":false,"_yoast_wpseo_estimated-reading-time-minutes":3,"footnotes":""},"categories":[2980],"tags":[],"staff":[1637,2294,2295],"editorial_format":[],"serie":[],"audience":[],"geo":[543],"class_list":["post-107367","post","type-post","status-publish","format-standard","hentry","category-elections","staff-francois-hublet","staff-jean-sebastien-f-arrighi","staff-jean-toussaint-battestini","geo-mediterranee"],"acf":{"open_in_webview":false,"accent":false,"_thumbnail_id":"","excerpt":"Mardi 4 mai, la Communaut\u00e9 de Madrid renouvelait son Assembl\u00e9e. Bilan en cinq points (en acc\u00e8s libre toute la journ\u00e9e).","display_date":"","new_abstract":true},"yoast_head":"<!-- This site is optimized with the Yoast SEO plugin v26.1.1 - https:\/\/yoast.com\/wordpress\/plugins\/seo\/ -->\n<title>R\u00e9sultats des \u00e9lections \u00e0 l&#039;Assembl\u00e9e de Madrid | Le Grand Continent<\/title>\n<meta name=\"robots\" content=\"index, follow, max-snippet:-1, max-image-preview:large, max-video-preview:-1\" \/>\n<link rel=\"canonical\" href=\"https:\/\/legrandcontinent.eu\/fr\/2021\/05\/05\/resultats-des-elections-a-lassemblee-de-madrid\/\" \/>\n<meta property=\"og:locale\" content=\"fr_FR\" \/>\n<meta property=\"og:type\" content=\"article\" \/>\n<meta property=\"og:title\" content=\"R\u00e9sultats des \u00e9lections \u00e0 l&#039;Assembl\u00e9e de Madrid | Le Grand Continent\" \/>\n<meta property=\"og:description\" content=\"Mardi 4 mai, la Communaut\u00e9 de Madrid renouvelait son Assembl\u00e9e. Bilan en cinq points (en acc\u00e8s libre toute la journ\u00e9e).\" \/>\n<meta property=\"og:url\" content=\"https:\/\/legrandcontinent.eu\/fr\/2021\/05\/05\/resultats-des-elections-a-lassemblee-de-madrid\/\" \/>\n<meta property=\"og:site_name\" content=\"Le Grand Continent\" \/>\n<meta property=\"article:published_time\" content=\"2021-05-05T10:00:01+00:00\" \/>\n<meta property=\"article:modified_time\" content=\"2021-07-15T19:12:54+00:00\" \/>\n<meta property=\"og:image\" content=\"https:\/\/legrandcontinent.eu\/fr\/wp-content\/uploads\/sites\/2\/2021\/05\/gc-ig-scaled.jpg\" \/>\n\t<meta property=\"og:image:width\" content=\"2560\" \/>\n\t<meta property=\"og:image:height\" content=\"1482\" \/>\n\t<meta property=\"og:image:type\" content=\"image\/jpeg\" \/>\n<meta name=\"author\" content=\"Fran\u00e7ois Hublet\" \/>\n<meta name=\"twitter:card\" content=\"summary_large_image\" \/>\n<meta name=\"twitter:image\" content=\"https:\/\/legrandcontinent.eu\/fr\/wp-content\/uploads\/sites\/2\/2021\/05\/gc-ig-scaled.jpg\" \/>\n<meta name=\"twitter:label1\" content=\"\u00c9crit par\" \/>\n\t<meta name=\"twitter:data1\" content=\"Fran\u00e7ois Hublet\" \/>\n\t<meta name=\"twitter:label2\" content=\"Dur\u00e9e de lecture estim\u00e9e\" \/>\n\t<meta name=\"twitter:data2\" content=\"3 minutes\" \/>\n<script type=\"application\/ld+json\" class=\"yoast-schema-graph\">{\"@context\":\"https:\/\/schema.org\",\"@graph\":[{\"@type\":\"WebPage\",\"@id\":\"https:\/\/legrandcontinent.eu\/fr\/2021\/05\/05\/resultats-des-elections-a-lassemblee-de-madrid\/\",\"url\":\"https:\/\/legrandcontinent.eu\/fr\/2021\/05\/05\/resultats-des-elections-a-lassemblee-de-madrid\/\",\"name\":\"R\u00e9sultats des \u00e9lections \u00e0 l'Assembl\u00e9e de Madrid | Le Grand Continent\",\"isPartOf\":{\"@id\":\"https:\/\/legrandcontinent.eu\/fr\/#website\"},\"datePublished\":\"2021-05-05T10:00:01+00:00\",\"dateModified\":\"2021-07-15T19:12:54+00:00\",\"author\":{\"@id\":\"https:\/\/legrandcontinent.eu\/fr\/#\/schema\/person\/8a178114687bc8266b68dcf6a19160b2\"},\"breadcrumb\":{\"@id\":\"https:\/\/legrandcontinent.eu\/fr\/2021\/05\/05\/resultats-des-elections-a-lassemblee-de-madrid\/#breadcrumb\"},\"inLanguage\":\"fr-FR\",\"potentialAction\":[{\"@type\":\"ReadAction\",\"target\":[\"https:\/\/legrandcontinent.eu\/fr\/2021\/05\/05\/resultats-des-elections-a-lassemblee-de-madrid\/\"]}]},{\"@type\":\"BreadcrumbList\",\"@id\":\"https:\/\/legrandcontinent.eu\/fr\/2021\/05\/05\/resultats-des-elections-a-lassemblee-de-madrid\/#breadcrumb\",\"itemListElement\":[{\"@type\":\"ListItem\",\"position\":1,\"name\":\"Accueil\",\"item\":\"https:\/\/legrandcontinent.eu\/fr\/\"},{\"@type\":\"ListItem\",\"position\":2,\"name\":\"R\u00e9sultats des \u00e9lections \u00e0 l&rsquo;Assembl\u00e9e de Madrid\"}]},{\"@type\":\"WebSite\",\"@id\":\"https:\/\/legrandcontinent.eu\/fr\/#website\",\"url\":\"https:\/\/legrandcontinent.eu\/fr\/\",\"name\":\"Le Grand Continent\",\"description\":\"L&#039;\u00e9chelle pertinente\",\"potentialAction\":[{\"@type\":\"SearchAction\",\"target\":{\"@type\":\"EntryPoint\",\"urlTemplate\":\"https:\/\/legrandcontinent.eu\/fr\/?s={search_term_string}\"},\"query-input\":{\"@type\":\"PropertyValueSpecification\",\"valueRequired\":true,\"valueName\":\"search_term_string\"}}],\"inLanguage\":\"fr-FR\"},{\"@type\":\"Person\",\"@id\":\"https:\/\/legrandcontinent.eu\/fr\/#\/schema\/person\/8a178114687bc8266b68dcf6a19160b2\",\"name\":\"Fran\u00e7ois Hublet\",\"image\":{\"@type\":\"ImageObject\",\"inLanguage\":\"fr-FR\",\"@id\":\"https:\/\/legrandcontinent.eu\/fr\/#\/schema\/person\/image\/\",\"url\":\"https:\/\/secure.gravatar.com\/avatar\/cc38f005f1fe04d1524b8746ee1817ed?s=96&d=mm&r=g\",\"contentUrl\":\"https:\/\/secure.gravatar.com\/avatar\/cc38f005f1fe04d1524b8746ee1817ed?s=96&d=mm&r=g\",\"caption\":\"Fran\u00e7ois Hublet\"}}]}<\/script>\n<!-- \/ Yoast SEO plugin. -->","yoast_head_json":{"title":"R\u00e9sultats des \u00e9lections \u00e0 l'Assembl\u00e9e de Madrid | Le Grand Continent","robots":{"index":"index","follow":"follow","max-snippet":"max-snippet:-1","max-image-preview":"max-image-preview:large","max-video-preview":"max-video-preview:-1"},"canonical":"https:\/\/legrandcontinent.eu\/fr\/2021\/05\/05\/resultats-des-elections-a-lassemblee-de-madrid\/","og_locale":"fr_FR","og_type":"article","og_title":"R\u00e9sultats des \u00e9lections \u00e0 l'Assembl\u00e9e de Madrid | Le Grand Continent","og_description":"Mardi 4 mai, la Communaut\u00e9 de Madrid renouvelait son Assembl\u00e9e. Bilan en cinq points (en acc\u00e8s libre toute la journ\u00e9e).","og_url":"https:\/\/legrandcontinent.eu\/fr\/2021\/05\/05\/resultats-des-elections-a-lassemblee-de-madrid\/","og_site_name":"Le Grand Continent","article_published_time":"2021-05-05T10:00:01+00:00","article_modified_time":"2021-07-15T19:12:54+00:00","og_image":[{"width":2560,"height":1482,"url":"https:\/\/legrandcontinent.eu\/fr\/wp-content\/uploads\/sites\/2\/2021\/05\/gc-ig-scaled.jpg","type":"image\/jpeg"}],"author":"Fran\u00e7ois Hublet","twitter_card":"summary_large_image","twitter_image":"https:\/\/legrandcontinent.eu\/fr\/wp-content\/uploads\/sites\/2\/2021\/05\/gc-ig-scaled.jpg","twitter_misc":{"\u00c9crit par":"Fran\u00e7ois Hublet","Dur\u00e9e de lecture estim\u00e9e":"3 minutes"},"schema":{"@context":"https:\/\/schema.org","@graph":[{"@type":"WebPage","@id":"https:\/\/legrandcontinent.eu\/fr\/2021\/05\/05\/resultats-des-elections-a-lassemblee-de-madrid\/","url":"https:\/\/legrandcontinent.eu\/fr\/2021\/05\/05\/resultats-des-elections-a-lassemblee-de-madrid\/","name":"R\u00e9sultats des \u00e9lections \u00e0 l'Assembl\u00e9e de Madrid | Le Grand Continent","isPartOf":{"@id":"https:\/\/legrandcontinent.eu\/fr\/#website"},"datePublished":"2021-05-05T10:00:01+00:00","dateModified":"2021-07-15T19:12:54+00:00","author":{"@id":"https:\/\/legrandcontinent.eu\/fr\/#\/schema\/person\/8a178114687bc8266b68dcf6a19160b2"},"breadcrumb":{"@id":"https:\/\/legrandcontinent.eu\/fr\/2021\/05\/05\/resultats-des-elections-a-lassemblee-de-madrid\/#breadcrumb"},"inLanguage":"fr-FR","potentialAction":[{"@type":"ReadAction","target":["https:\/\/legrandcontinent.eu\/fr\/2021\/05\/05\/resultats-des-elections-a-lassemblee-de-madrid\/"]}]},{"@type":"BreadcrumbList","@id":"https:\/\/legrandcontinent.eu\/fr\/2021\/05\/05\/resultats-des-elections-a-lassemblee-de-madrid\/#breadcrumb","itemListElement":[{"@type":"ListItem","position":1,"name":"Accueil","item":"https:\/\/legrandcontinent.eu\/fr\/"},{"@type":"ListItem","position":2,"name":"R\u00e9sultats des \u00e9lections \u00e0 l&rsquo;Assembl\u00e9e de Madrid"}]},{"@type":"WebSite","@id":"https:\/\/legrandcontinent.eu\/fr\/#website","url":"https:\/\/legrandcontinent.eu\/fr\/","name":"Le Grand Continent","description":"L&#039;\u00e9chelle pertinente","potentialAction":[{"@type":"SearchAction","target":{"@type":"EntryPoint","urlTemplate":"https:\/\/legrandcontinent.eu\/fr\/?s={search_term_string}"},"query-input":{"@type":"PropertyValueSpecification","valueRequired":true,"valueName":"search_term_string"}}],"inLanguage":"fr-FR"},{"@type":"Person","@id":"https:\/\/legrandcontinent.eu\/fr\/#\/schema\/person\/8a178114687bc8266b68dcf6a19160b2","name":"Fran\u00e7ois Hublet","image":{"@type":"ImageObject","inLanguage":"fr-FR","@id":"https:\/\/legrandcontinent.eu\/fr\/#\/schema\/person\/image\/","url":"https:\/\/secure.gravatar.com\/avatar\/cc38f005f1fe04d1524b8746ee1817ed?s=96&d=mm&r=g","contentUrl":"https:\/\/secure.gravatar.com\/avatar\/cc38f005f1fe04d1524b8746ee1817ed?s=96&d=mm&r=g","caption":"Fran\u00e7ois Hublet"}}]}},"lgc_categories":[{"id":2980,"name":"\u00c9lections","slug":"elections"}],"lgc_author":{"id":1637,"name":"Fran\u00e7ois Hublet","slug":"francois-hublet","description":"Fran\u00e7ois Hublet est r\u00e9dacteur-en-chef des <em>Bulletins des \u00e9lections de l'Union Europ\u00e9enne<\/em> (BLUE), publication du Groupe d'\u00e9tudes g\u00e9opolitiques. Il est dipl\u00f4m\u00e9 de l'\u00c9cole polytechnique (Palaiseau) et de l'\u00c9cole polytechnique f\u00e9d\u00e9rale de Zurich.","first_name":"Fran\u00e7ois","last_name":"Hublet","picture":{"url":"https:\/\/legrandcontinent.eu\/fr\/wp-content\/uploads\/sites\/2\/2023\/10\/GC_Hublet.png","width":333,"height":331,"alt":""}},"feature_image_summary":null,"feature_image_cover":null,"term_position_data":null,"_links":{"self":[{"href":"https:\/\/legrandcontinent.eu\/fr\/wp-json\/wp\/v2\/posts\/107367","targetHints":{"allow":["GET"]}}],"collection":[{"href":"https:\/\/legrandcontinent.eu\/fr\/wp-json\/wp\/v2\/posts"}],"about":[{"href":"https:\/\/legrandcontinent.eu\/fr\/wp-json\/wp\/v2\/types\/post"}],"author":[{"embeddable":true,"href":"https:\/\/legrandcontinent.eu\/fr\/wp-json\/wp\/v2\/users\/98"}],"replies":[{"embeddable":true,"href":"https:\/\/legrandcontinent.eu\/fr\/wp-json\/wp\/v2\/comments?post=107367"}],"version-history":[{"count":0,"href":"https:\/\/legrandcontinent.eu\/fr\/wp-json\/wp\/v2\/posts\/107367\/revisions"}],"wp:attachment":[{"href":"https:\/\/legrandcontinent.eu\/fr\/wp-json\/wp\/v2\/media?parent=107367"}],"wp:term":[{"taxonomy":"category","embeddable":true,"href":"https:\/\/legrandcontinent.eu\/fr\/wp-json\/wp\/v2\/categories?post=107367"},{"taxonomy":"post_tag","embeddable":true,"href":"https:\/\/legrandcontinent.eu\/fr\/wp-json\/wp\/v2\/tags?post=107367"},{"taxonomy":"staff","embeddable":true,"href":"https:\/\/legrandcontinent.eu\/fr\/wp-json\/wp\/v2\/staff?post=107367"},{"taxonomy":"editorial_format","embeddable":true,"href":"https:\/\/legrandcontinent.eu\/fr\/wp-json\/wp\/v2\/editorial_format?post=107367"},{"taxonomy":"serie","embeddable":true,"href":"https:\/\/legrandcontinent.eu\/fr\/wp-json\/wp\/v2\/serie?post=107367"},{"taxonomy":"audience","embeddable":true,"href":"https:\/\/legrandcontinent.eu\/fr\/wp-json\/wp\/v2\/audience?post=107367"},{"taxonomy":"geo","embeddable":true,"href":"https:\/\/legrandcontinent.eu\/fr\/wp-json\/wp\/v2\/geo?post=107367"}],"curies":[{"name":"wp","href":"https:\/\/api.w.org\/{rel}","templated":true}]}}