{"id":104667,"date":"2021-04-01T11:33:35","date_gmt":"2021-04-01T09:33:35","guid":{"rendered":"https:\/\/legrandcontinent.eu\/fr\/?p=104667"},"modified":"2021-04-01T11:34:29","modified_gmt":"2021-04-01T09:34:29","slug":"agriculture-biologique-agriculture-davenir","status":"publish","type":"post","link":"https:\/\/legrandcontinent.eu\/fr\/2021\/04\/01\/agriculture-biologique-agriculture-davenir\/","title":{"rendered":"Agriculture biologique, agriculture d\u2019avenir&#160;?"},"content":{"rendered":"\n<p>Le vice-pr\u00e9sident de la Commission charg\u00e9 du Green Deal, <a href=\"https:\/\/legrandcontinent.eu\/fr\/2019\/10\/08\/green-new-deal-quatre-questions-a-frans-timmermans\/\">Frans Timmermans<\/a>, a r\u00e9cemment pr\u00e9sent\u00e9 la strat\u00e9gie de l\u2019Union concernant le d\u00e9veloppement de l\u2019agriculture biologique.<\/p>\n\n\n\n<ul class=\"wp-block-list\"><li>25&#160;%&#160;: c\u2019est la cible que l\u2019Union s\u2019est donn\u00e9e \u00e0 atteindre en 2030 pour la proportion des terres agricoles devant \u00eatre exploit\u00e9e selon les pratiques de l\u2019agriculture biologique. La proportion actuelle est de 7,5&#160;%. L\u2019Union se donne \u00e9galement une cible de r\u00e9duction de 50&#160;% de l\u2019utilisation des pesticides et de leur risque. <a href=\"https:\/\/legrandcontinent.eu\/fr\/2020\/06\/02\/strategie-de-la-ferme-a-la-table-un-tournant-dans-la-politique-agricole-europeenne\/\">Lire plus<\/a><\/li><\/ul>\n\n\n\n<ul class=\"wp-block-list\"><li>Production. L\u2019Autriche (24,1&#160;%), l\u2019Estonie (20,6&#160;%) et la Su\u00e8de (20,3&#160;%) sont les trois premiers pays europ\u00e9ens pour la proportion de terres agricoles d\u00e9di\u00e9es \u00e0 l\u2019agriculture biologique, mais seule l\u2019Autriche est proche de la cible de 25&#160;% fix\u00e9e pour 2030.<\/li><\/ul>\n\n\n\n<div class=\"iframe-container wp-block-image wp-block-image-large  iframe-dw\">\n\t<div>\n\t\t<iframe class=\"absolute w-full h-full pin-t pin-l\" title=\"titolo\" aria-label=\"Interactive line chart\" src=\"\/\/datawrapper.dwcdn.net\/nWaG8\/1\/\" scrolling=\"no\" frameborder=\"0\"><\/iframe>\n\t<\/div>\n<\/div>\n\n\n\n<ul class=\"wp-block-list\"><li>Consommation. En termes de ventes et de taille du march\u00e9 du biologique, l\u2019Union (37,4 milliards d\u2019euros de ventes en 2018) se place en deuxi\u00e8me position mondiale derri\u00e8re les Etats-Unis (40,6 milliards d\u2019euros). Dans l\u2019Union, c\u2019est l\u2019Allemagne (11 milliards d\u2019euros) et la France (9 milliards d\u2019euros) qui sont les plus gros consommateurs, l\u2019Italie se pla\u00e7ant en troisi\u00e8me avec 3,5 milliards d\u2019euros. La Chine constitue un march\u00e9 de 8,1 milliards d\u2019euros pour les produits biologiques \u2013 une consommation plus de deux fois plus \u00e9lev\u00e9e que celle du Canada par exemple. Partout, le march\u00e9 est en croissance.<\/li><\/ul>\n\n\n\n<ul class=\"wp-block-list\"><li>De la th\u00e9orie \u00e0 la pratique&#160;: des interrogations demeurent quant \u00e0 la mise en place du Pacte Vert, et la capacit\u00e9 \u00e0 atteindre r\u00e9ellement ces objectifs ambitieux. De plus, certains sujets ont \u00e9t\u00e9 laiss\u00e9s en suspens ou de c\u00f4t\u00e9 par la Commission&#160;: la production et la consommation de viande ou encore l\u2019inefficacit\u00e9 des l\u00e9gislations d\u00e9j\u00e0 existantes sur les pesticides (qui pr\u00f4nent un usage dit \u201cen dernier recours\u201d des pesticides chimiques). <a href=\"https:\/\/legrandcontinent.eu\/fr\/2020\/06\/02\/strategie-de-la-ferme-a-la-table-un-tournant-dans-la-politique-agricole-europeenne\/\">Lire plus<\/a><\/li><\/ul>\n","protected":false},"excerpt":{"rendered":"<p>Le bio est-il l&rsquo;avenir de l&rsquo;agriculture&#160;&#160;? D&rsquo;ici \u00e0 2030, selon les objectifs de l&rsquo;Union, un quart des terres agricoles devront \u00eatre exploit\u00e9e selon les standards de l&rsquo;agriculture biologique. Tandis que l&rsquo;Union europ\u00e9enne est le deuxi\u00e8me march\u00e9 du bio au monde, apr\u00e8s les \u00c9tats-Unis, certains sujets sont encore en suspens du c\u00f4t\u00e9 de la Commission pour la mise en place de cette nouvelle strat\u00e9gie.<\/p>\n","protected":false},"author":10,"featured_media":0,"comment_status":"closed","ping_status":"closed","sticky":false,"template":"templates\/post-briefings.php","format":"standard","meta":{"_acf_changed":false,"_trash_the_other_posts":false,"_yoast_wpseo_estimated-reading-time-minutes":2,"footnotes":""},"categories":[1727],"tags":[],"staff":[],"editorial_format":[],"serie":[],"audience":[],"geo":[1917],"class_list":["post-104667","post","type-post","status-publish","format-standard","hentry","category-economie","geo-europe"],"acf":{"open_in_webview":false,"accent":false},"yoast_head":"<!-- This site is optimized with the Yoast SEO plugin v26.1.1 - https:\/\/yoast.com\/wordpress\/plugins\/seo\/ -->\n<title>Agriculture biologique, agriculture d\u2019avenir ? | Le Grand Continent<\/title>\n<meta name=\"robots\" content=\"index, follow, max-snippet:-1, max-image-preview:large, max-video-preview:-1\" \/>\n<link rel=\"canonical\" href=\"https:\/\/legrandcontinent.eu\/fr\/2021\/04\/01\/agriculture-biologique-agriculture-davenir\/\" \/>\n<meta property=\"og:locale\" content=\"fr_FR\" \/>\n<meta property=\"og:type\" content=\"article\" \/>\n<meta property=\"og:title\" content=\"Agriculture biologique, agriculture d\u2019avenir ? | Le Grand Continent\" \/>\n<meta property=\"og:description\" content=\"Le bio est-il l&#039;avenir de l&#039;agriculture&#160;? D&#039;ici \u00e0 2030, selon les objectifs de l&#039;Union, un quart des terres agricoles devront \u00eatre exploit\u00e9e selon les standards de l&#039;agriculture biologique. Tandis que l&#039;Union europ\u00e9enne est le deuxi\u00e8me march\u00e9 du bio au monde, apr\u00e8s les \u00c9tats-Unis, certains sujets sont encore en suspens du c\u00f4t\u00e9 de la Commission pour la mise en place de cette nouvelle strat\u00e9gie.\" \/>\n<meta property=\"og:url\" content=\"https:\/\/legrandcontinent.eu\/fr\/2021\/04\/01\/agriculture-biologique-agriculture-davenir\/\" \/>\n<meta property=\"og:site_name\" content=\"Le Grand Continent\" \/>\n<meta property=\"article:published_time\" content=\"2021-04-01T09:33:35+00:00\" \/>\n<meta property=\"article:modified_time\" content=\"2021-04-01T09:34:29+00:00\" \/>\n<meta property=\"og:image\" content=\"https:\/\/legrandcontinent.eu\/fr\/wp-content\/uploads\/sites\/2\/2021\/04\/gc-agric-scaled.jpg\" \/>\n\t<meta property=\"og:image:width\" content=\"2560\" \/>\n\t<meta property=\"og:image:height\" content=\"1477\" \/>\n\t<meta property=\"og:image:type\" content=\"image\/jpeg\" \/>\n<meta name=\"author\" content=\"Matheo Malik\" \/>\n<meta name=\"twitter:card\" content=\"summary_large_image\" \/>\n<meta name=\"twitter:image\" content=\"https:\/\/legrandcontinent.eu\/fr\/wp-content\/uploads\/sites\/2\/2021\/04\/gc-agric-scaled.jpg\" \/>\n<meta name=\"twitter:label1\" content=\"\u00c9crit par\" \/>\n\t<meta name=\"twitter:data1\" content=\"Matheo Malik\" \/>\n\t<meta name=\"twitter:label2\" content=\"Dur\u00e9e de lecture estim\u00e9e\" \/>\n\t<meta name=\"twitter:data2\" content=\"2 minutes\" \/>\n<script type=\"application\/ld+json\" class=\"yoast-schema-graph\">{\"@context\":\"https:\/\/schema.org\",\"@graph\":[{\"@type\":\"WebPage\",\"@id\":\"https:\/\/legrandcontinent.eu\/fr\/2021\/04\/01\/agriculture-biologique-agriculture-davenir\/\",\"url\":\"https:\/\/legrandcontinent.eu\/fr\/2021\/04\/01\/agriculture-biologique-agriculture-davenir\/\",\"name\":\"Agriculture biologique, agriculture d\u2019avenir ? | Le Grand Continent\",\"isPartOf\":{\"@id\":\"https:\/\/legrandcontinent.eu\/fr\/#website\"},\"datePublished\":\"2021-04-01T09:33:35+00:00\",\"dateModified\":\"2021-04-01T09:34:29+00:00\",\"author\":{\"@id\":\"https:\/\/legrandcontinent.eu\/fr\/#\/schema\/person\/a1c2123a1ef5abd663fcde8f63063d45\"},\"breadcrumb\":{\"@id\":\"https:\/\/legrandcontinent.eu\/fr\/2021\/04\/01\/agriculture-biologique-agriculture-davenir\/#breadcrumb\"},\"inLanguage\":\"fr-FR\",\"potentialAction\":[{\"@type\":\"ReadAction\",\"target\":[\"https:\/\/legrandcontinent.eu\/fr\/2021\/04\/01\/agriculture-biologique-agriculture-davenir\/\"]}]},{\"@type\":\"BreadcrumbList\",\"@id\":\"https:\/\/legrandcontinent.eu\/fr\/2021\/04\/01\/agriculture-biologique-agriculture-davenir\/#breadcrumb\",\"itemListElement\":[{\"@type\":\"ListItem\",\"position\":1,\"name\":\"Accueil\",\"item\":\"https:\/\/legrandcontinent.eu\/fr\/\"},{\"@type\":\"ListItem\",\"position\":2,\"name\":\"Agriculture biologique, agriculture d\u2019avenir&#160;?\"}]},{\"@type\":\"WebSite\",\"@id\":\"https:\/\/legrandcontinent.eu\/fr\/#website\",\"url\":\"https:\/\/legrandcontinent.eu\/fr\/\",\"name\":\"Le Grand Continent\",\"description\":\"L&#039;\u00e9chelle pertinente\",\"potentialAction\":[{\"@type\":\"SearchAction\",\"target\":{\"@type\":\"EntryPoint\",\"urlTemplate\":\"https:\/\/legrandcontinent.eu\/fr\/?s={search_term_string}\"},\"query-input\":{\"@type\":\"PropertyValueSpecification\",\"valueRequired\":true,\"valueName\":\"search_term_string\"}}],\"inLanguage\":\"fr-FR\"},{\"@type\":\"Person\",\"@id\":\"https:\/\/legrandcontinent.eu\/fr\/#\/schema\/person\/a1c2123a1ef5abd663fcde8f63063d45\",\"name\":\"Matheo Malik\",\"image\":{\"@type\":\"ImageObject\",\"inLanguage\":\"fr-FR\",\"@id\":\"https:\/\/legrandcontinent.eu\/fr\/#\/schema\/person\/image\/\",\"url\":\"https:\/\/secure.gravatar.com\/avatar\/62cbadb9f7f0804282928747d8d2051d?s=96&d=mm&r=g\",\"contentUrl\":\"https:\/\/secure.gravatar.com\/avatar\/62cbadb9f7f0804282928747d8d2051d?s=96&d=mm&r=g\",\"caption\":\"Matheo Malik\"}}]}<\/script>\n<!-- \/ Yoast SEO plugin. -->","yoast_head_json":{"title":"Agriculture biologique, agriculture d\u2019avenir ? | Le Grand Continent","robots":{"index":"index","follow":"follow","max-snippet":"max-snippet:-1","max-image-preview":"max-image-preview:large","max-video-preview":"max-video-preview:-1"},"canonical":"https:\/\/legrandcontinent.eu\/fr\/2021\/04\/01\/agriculture-biologique-agriculture-davenir\/","og_locale":"fr_FR","og_type":"article","og_title":"Agriculture biologique, agriculture d\u2019avenir ? | Le Grand Continent","og_description":"Le bio est-il l'avenir de l'agriculture&#160;? D'ici \u00e0 2030, selon les objectifs de l'Union, un quart des terres agricoles devront \u00eatre exploit\u00e9e selon les standards de l'agriculture biologique. Tandis que l'Union europ\u00e9enne est le deuxi\u00e8me march\u00e9 du bio au monde, apr\u00e8s les \u00c9tats-Unis, certains sujets sont encore en suspens du c\u00f4t\u00e9 de la Commission pour la mise en place de cette nouvelle strat\u00e9gie.","og_url":"https:\/\/legrandcontinent.eu\/fr\/2021\/04\/01\/agriculture-biologique-agriculture-davenir\/","og_site_name":"Le Grand Continent","article_published_time":"2021-04-01T09:33:35+00:00","article_modified_time":"2021-04-01T09:34:29+00:00","og_image":[{"width":2560,"height":1477,"url":"https:\/\/legrandcontinent.eu\/fr\/wp-content\/uploads\/sites\/2\/2021\/04\/gc-agric-scaled.jpg","type":"image\/jpeg"}],"author":"Matheo Malik","twitter_card":"summary_large_image","twitter_image":"https:\/\/legrandcontinent.eu\/fr\/wp-content\/uploads\/sites\/2\/2021\/04\/gc-agric-scaled.jpg","twitter_misc":{"\u00c9crit par":"Matheo Malik","Dur\u00e9e de lecture estim\u00e9e":"2 minutes"},"schema":{"@context":"https:\/\/schema.org","@graph":[{"@type":"WebPage","@id":"https:\/\/legrandcontinent.eu\/fr\/2021\/04\/01\/agriculture-biologique-agriculture-davenir\/","url":"https:\/\/legrandcontinent.eu\/fr\/2021\/04\/01\/agriculture-biologique-agriculture-davenir\/","name":"Agriculture biologique, agriculture d\u2019avenir ? | Le Grand Continent","isPartOf":{"@id":"https:\/\/legrandcontinent.eu\/fr\/#website"},"datePublished":"2021-04-01T09:33:35+00:00","dateModified":"2021-04-01T09:34:29+00:00","author":{"@id":"https:\/\/legrandcontinent.eu\/fr\/#\/schema\/person\/a1c2123a1ef5abd663fcde8f63063d45"},"breadcrumb":{"@id":"https:\/\/legrandcontinent.eu\/fr\/2021\/04\/01\/agriculture-biologique-agriculture-davenir\/#breadcrumb"},"inLanguage":"fr-FR","potentialAction":[{"@type":"ReadAction","target":["https:\/\/legrandcontinent.eu\/fr\/2021\/04\/01\/agriculture-biologique-agriculture-davenir\/"]}]},{"@type":"BreadcrumbList","@id":"https:\/\/legrandcontinent.eu\/fr\/2021\/04\/01\/agriculture-biologique-agriculture-davenir\/#breadcrumb","itemListElement":[{"@type":"ListItem","position":1,"name":"Accueil","item":"https:\/\/legrandcontinent.eu\/fr\/"},{"@type":"ListItem","position":2,"name":"Agriculture biologique, agriculture d\u2019avenir&#160;?"}]},{"@type":"WebSite","@id":"https:\/\/legrandcontinent.eu\/fr\/#website","url":"https:\/\/legrandcontinent.eu\/fr\/","name":"Le Grand Continent","description":"L&#039;\u00e9chelle pertinente","potentialAction":[{"@type":"SearchAction","target":{"@type":"EntryPoint","urlTemplate":"https:\/\/legrandcontinent.eu\/fr\/?s={search_term_string}"},"query-input":{"@type":"PropertyValueSpecification","valueRequired":true,"valueName":"search_term_string"}}],"inLanguage":"fr-FR"},{"@type":"Person","@id":"https:\/\/legrandcontinent.eu\/fr\/#\/schema\/person\/a1c2123a1ef5abd663fcde8f63063d45","name":"Matheo Malik","image":{"@type":"ImageObject","inLanguage":"fr-FR","@id":"https:\/\/legrandcontinent.eu\/fr\/#\/schema\/person\/image\/","url":"https:\/\/secure.gravatar.com\/avatar\/62cbadb9f7f0804282928747d8d2051d?s=96&d=mm&r=g","contentUrl":"https:\/\/secure.gravatar.com\/avatar\/62cbadb9f7f0804282928747d8d2051d?s=96&d=mm&r=g","caption":"Matheo Malik"}}]}},"lgc_categories":[{"id":1727,"name":"\u00c9conomie","slug":"economie"}],"lgc_author":null,"feature_image_summary":null,"feature_image_cover":null,"term_position_data":null,"_links":{"self":[{"href":"https:\/\/legrandcontinent.eu\/fr\/wp-json\/wp\/v2\/posts\/104667","targetHints":{"allow":["GET"]}}],"collection":[{"href":"https:\/\/legrandcontinent.eu\/fr\/wp-json\/wp\/v2\/posts"}],"about":[{"href":"https:\/\/legrandcontinent.eu\/fr\/wp-json\/wp\/v2\/types\/post"}],"author":[{"embeddable":true,"href":"https:\/\/legrandcontinent.eu\/fr\/wp-json\/wp\/v2\/users\/10"}],"replies":[{"embeddable":true,"href":"https:\/\/legrandcontinent.eu\/fr\/wp-json\/wp\/v2\/comments?post=104667"}],"version-history":[{"count":0,"href":"https:\/\/legrandcontinent.eu\/fr\/wp-json\/wp\/v2\/posts\/104667\/revisions"}],"wp:attachment":[{"href":"https:\/\/legrandcontinent.eu\/fr\/wp-json\/wp\/v2\/media?parent=104667"}],"wp:term":[{"taxonomy":"category","embeddable":true,"href":"https:\/\/legrandcontinent.eu\/fr\/wp-json\/wp\/v2\/categories?post=104667"},{"taxonomy":"post_tag","embeddable":true,"href":"https:\/\/legrandcontinent.eu\/fr\/wp-json\/wp\/v2\/tags?post=104667"},{"taxonomy":"staff","embeddable":true,"href":"https:\/\/legrandcontinent.eu\/fr\/wp-json\/wp\/v2\/staff?post=104667"},{"taxonomy":"editorial_format","embeddable":true,"href":"https:\/\/legrandcontinent.eu\/fr\/wp-json\/wp\/v2\/editorial_format?post=104667"},{"taxonomy":"serie","embeddable":true,"href":"https:\/\/legrandcontinent.eu\/fr\/wp-json\/wp\/v2\/serie?post=104667"},{"taxonomy":"audience","embeddable":true,"href":"https:\/\/legrandcontinent.eu\/fr\/wp-json\/wp\/v2\/audience?post=104667"},{"taxonomy":"geo","embeddable":true,"href":"https:\/\/legrandcontinent.eu\/fr\/wp-json\/wp\/v2\/geo?post=104667"}],"curies":[{"name":"wp","href":"https:\/\/api.w.org\/{rel}","templated":true}]}}