{"id":1107,"count":0,"description":"Considerado en un principio como un gestor competente, tuvo que hacer frente a cr\u00edticas cada vez m\u00e1s duras a medida que se descubr\u00eda el alcance de los abusos sexuales a menores cometidos por cl\u00e9rigos de su di\u00f3cesis, hasta el punto de que ahora se le considera un gran elector impedido.","link":"https:\/\/legrandcontinent.eu\/es\/p\/cardenal-rainer-maria-woelki\/","name":"Cardenal Rainer Maria Woelki","slug":"cardenal-rainer-maria-woelki","taxonomy":"staff","meta":[],"acf":{"name_title":"Cardenal ","first_name":"Rainer Maria","last_name":"Woelki","key_figure_template":"cardinale","cardinal_type":["elettore"],"picture":61407,"job_role":"Arzobispo de Colonia","lgc_editorial_staff":false,"full_description":"","side_image":61408,"side_text_1":"Nos sumus testes","side_text_2":"Nosotros somos testigos","page_content":"<ol>\r\n \t<li><b>Fecha de nacimiento (edad)\u00a0<\/b>18 de agosto de 1956<\/li>\r\n \t<li><b>Lugar de nacimiento<\/b> Colonia (Alemania)<\/li>\r\n \t<li><b>Nacionalidad\u00a0<\/b>Alemana<\/li>\r\n \t<li><b>Formaci\u00f3n\u00a0<\/b>Bonn, Friedrich-Wilhelm Universit\u00e4t y seminario diocesano; Universidad de Friburgo; Roma, Pontificia Universidad de la Santa Cruz (doctorado en teolog\u00eda).<\/li>\r\n \t<li><b>Cargos en la Iglesia\u00a0<\/b>Arzobispo de Colonia<\/li>\r\n \t<li><b>Estado u orden\u00a0<\/b>Sacerdote secular<\/li>\r\n \t<li><b>Rango\u00a0<\/b>Cardenal-sacerdote con el t\u00edtulo de San Juan Mar\u00eda Vianney<\/li>\r\n \t<li><b>Cardenal elector desde el\u00a0<\/b>18 de febrero de 2012 (creado por Benedicto XVI) - particip\u00f3 en el c\u00f3nclave de 2013<\/li>\r\n \t<li><b>Cardenal elector hasta el\u00a0<\/b>18 de agosto de 1956<\/li>\r\n<\/ol>\r\n&nbsp;\r\n<h2><b>Trayectoria<\/b><\/h2>\r\nNacido en Bonn, procede de una familia de <i>Heimatvertriebene<\/i> (refugiados), ya que sus padres, originarios de Prusia Oriental, fueron expulsados por el avance del Ej\u00e9rcito Rojo. Creci\u00f3 en Colonia y estudi\u00f3 en el Gymnasium; tras el servicio militar, estudi\u00f3 filosof\u00eda y teolog\u00eda en la Universidad de Bonn y luego en la de Friburgo, donde tuvo como profesor al futuro cardenal Karl Lehmann (1936-2018), que ser\u00eda la figura progresista dominante del episcopado alem\u00e1n. Se form\u00f3 paralelamente en los seminarios diocesanos de Bonn y Friburgo de Brisgovia. Ordenado sacerdote para la di\u00f3cesis de Colonia en 1985 por el progresista cardenal H\u00f6ffner, ejerci\u00f3 primero su ministerio en una parroquia y luego fue capell\u00e1n militar durante un breve periodo de tiempo en el Ordinariato Militar. En 1988, se convirti\u00f3 en secretario particular del cardenal Joachim Meisner (1933-2017), arzobispo conservador de Colonia. En 2000, complet\u00f3 sus estudios con un doctorado en teolog\u00eda por la Pontificia Universidad de la Santa Cruz en Roma (la universidad del Opus Dei), con una tesis sobre la eclesiolog\u00eda de la parroquia.\r\n\r\nEn febrero de 2003, Juan Pablo II lo nombr\u00f3 obispo auxiliar de Colonia, junto al cardenal Meisner, de quien recibi\u00f3 la consagraci\u00f3n episcopal. En julio de 2011, Benedicto XVI lo traslad\u00f3 a Berl\u00edn como arzobispo, una di\u00f3cesis sensible, expuesta y pol\u00edtica, pero num\u00e9ricamente mucho menos importante que una gran di\u00f3cesis renana. Menos de un a\u00f1o despu\u00e9s, en febrero de 2012, Benedicto XVI lo nombr\u00f3 cardenal: a los 55 a\u00f1os, es entonces el m\u00e1s joven del colegio cardenalicio, sucediendo al cardenal Marx (M\u00fanich), su futuro adversario en la Iglesia alemana. Particip\u00f3 en el c\u00f3nclave de 2013. Reci\u00e9n elegido, el papa Francisco lo promovi\u00f3 arzobispo de Colonia y lo nombr\u00f3 miembro de varios dicasterios de la Curia (Congregaci\u00f3n para el Clero, Administraci\u00f3n del Patrimonio de la Sede Apost\u00f3lica). De tendencia claramente conservadora, se vuelve muy cr\u00edtico con el \u00abCamino sinodal alem\u00e1n\u00bb impulsado por el cardenal Marx y dirigido por el Comit\u00e9 Central de Laicos Alemanes; en sus asambleas, sus contraproyectos fueron rechazados por mayor\u00eda. Pero pronto se vio envuelto en los esc\u00e1ndalos de abusos sexuales a menores que estallan en toda la Iglesia alemana: en 2021, tras negarse a difundir un informe sobre los abusos en su di\u00f3cesis elaborado por un gabinete de expertos independientes, sufri\u00f3 una moci\u00f3n de censura por parte de su propio consejo diocesano. El papa Francisco envi\u00f3 entonces una visita apost\u00f3lica a su di\u00f3cesis, dirigida por dos hombres de confianza, el cardenal Arborelius (Estocolmo) y monse\u00f1or Van den Hende (arzobispo de Rotterdam); a ra\u00edz de su informe, en septiembre de 2021, el papa lo invit\u00f3 a retirarse de su di\u00f3cesis, alegando no faltas penales, sino errores de comunicaci\u00f3n. Sin embargo, en 2022, retom\u00f3 sus funciones ordinarias como arzobispo de Colonia.\r\n<h2><b>Perfil<\/b><\/h2>\r\nLos primeros a\u00f1os del episcopado del cardenal Woelki fueron considerados muy exitosos. Muy conservador y provida en teolog\u00eda moral, y en esto seguidor de Ratzinger, tambi\u00e9n est\u00e1 comprometido con un ecumenismo razonado (aunque se opone a la intercomuni\u00f3n entre cat\u00f3licos y protestantes), un di\u00e1logo interreligioso exigente (ha criticado las posiciones antiisl\u00e1micas de la AfD) y una doctrina social de la Iglesia que no deja de lado las cuestiones migratorias y medioambientales, lo que ti\u00f1e su perfil de temas bergoglianos. Considerado en un primer momento como un gestor competente, tuvo que hacer frente a cr\u00edticas cada vez m\u00e1s duras a medida que se descubr\u00eda el alcance de los abusos sexuales a menores cometidos por cl\u00e9rigos de su di\u00f3cesis, y m\u00e1s a\u00fan cuando su vacilante comunicaci\u00f3n en este \u00e1mbito fue considerada desastrosa por los medios de comunicaci\u00f3n alemanes y dentro del propio episcopado, aunque \u00e9l mismo no est\u00e1 acusado penalmente de ning\u00fan delito. Si bien ser\u00eda excesivo considerarlo totalmente desacreditado, su voz tiene menos peso en el Colegio Cardenalicio: se le considera en cierto modo un gran elector impedido.","linkedin_url":"","twitter_url":"","articles_authored":"","articles_interviewed":"","articles_speech_author":"","books_authored":"","events_authored":"","videos_authored":"","posts_related":"","events_related":"","elections_related":""},"yoast_head":"<!-- This site is optimized with the Yoast SEO plugin v26.1.1 - https:\/\/yoast.com\/wordpress\/plugins\/seo\/ -->\n<title>Cardenal Rainer Maria Woelki - archivos - El Grand Continent<\/title>\n<meta name=\"robots\" content=\"index, follow, max-snippet:-1, max-image-preview:large, max-video-preview:-1\" \/>\n<link rel=\"canonical\" href=\"https:\/\/legrandcontinent.eu\/es\/p\/cardenal-rainer-maria-woelki\/\" \/>\n<meta property=\"og:locale\" content=\"es_ES\" \/>\n<meta property=\"og:type\" content=\"article\" \/>\n<meta property=\"og:title\" content=\"Cardenal Rainer Maria Woelki - archivos - El Grand Continent\" \/>\n<meta property=\"og:description\" content=\"Considerado en un principio como un gestor competente, tuvo que hacer frente a cr\u00edticas cada vez m\u00e1s duras a medida que se descubr\u00eda el alcance de los abusos sexuales a menores cometidos por cl\u00e9rigos de su di\u00f3cesis, hasta el punto de que ahora se le considera un gran elector impedido.\" \/>\n<meta property=\"og:url\" content=\"https:\/\/legrandcontinent.eu\/es\/p\/cardenal-rainer-maria-woelki\/\" \/>\n<meta property=\"og:site_name\" content=\"El Grand Continent\" \/>\n<meta name=\"twitter:card\" content=\"summary_large_image\" \/>\n<script type=\"application\/ld+json\" class=\"yoast-schema-graph\">{\"@context\":\"https:\/\/schema.org\",\"@graph\":[{\"@type\":\"CollectionPage\",\"@id\":\"https:\/\/legrandcontinent.eu\/es\/p\/cardenal-rainer-maria-woelki\/\",\"url\":\"https:\/\/legrandcontinent.eu\/es\/p\/cardenal-rainer-maria-woelki\/\",\"name\":\"Cardenal Rainer Maria Woelki - archivos - El Grand Continent\",\"isPartOf\":{\"@id\":\"https:\/\/legrandcontinent.eu\/es\/#website\"},\"breadcrumb\":{\"@id\":\"https:\/\/legrandcontinent.eu\/es\/p\/cardenal-rainer-maria-woelki\/#breadcrumb\"},\"inLanguage\":\"es\"},{\"@type\":\"BreadcrumbList\",\"@id\":\"https:\/\/legrandcontinent.eu\/es\/p\/cardenal-rainer-maria-woelki\/#breadcrumb\",\"itemListElement\":[{\"@type\":\"ListItem\",\"position\":1,\"name\":\"Home\",\"item\":\"https:\/\/legrandcontinent.eu\/es\/\"},{\"@type\":\"ListItem\",\"position\":2,\"name\":\"Cardenal Rainer Maria Woelki\"}]},{\"@type\":\"WebSite\",\"@id\":\"https:\/\/legrandcontinent.eu\/es\/#website\",\"url\":\"https:\/\/legrandcontinent.eu\/es\/\",\"name\":\"El Grand Continent\",\"description\":\"La escala pertinente\",\"potentialAction\":[{\"@type\":\"SearchAction\",\"target\":{\"@type\":\"EntryPoint\",\"urlTemplate\":\"https:\/\/legrandcontinent.eu\/es\/?s={search_term_string}\"},\"query-input\":{\"@type\":\"PropertyValueSpecification\",\"valueRequired\":true,\"valueName\":\"search_term_string\"}}],\"inLanguage\":\"es\"}]}<\/script>\n<!-- \/ Yoast SEO plugin. -->","yoast_head_json":{"title":"Cardenal Rainer Maria Woelki - archivos - El Grand Continent","robots":{"index":"index","follow":"follow","max-snippet":"max-snippet:-1","max-image-preview":"max-image-preview:large","max-video-preview":"max-video-preview:-1"},"canonical":"https:\/\/legrandcontinent.eu\/es\/p\/cardenal-rainer-maria-woelki\/","og_locale":"es_ES","og_type":"article","og_title":"Cardenal Rainer Maria Woelki - archivos - El Grand Continent","og_description":"Considerado en un principio como un gestor competente, tuvo que hacer frente a cr\u00edticas cada vez m\u00e1s duras a medida que se descubr\u00eda el alcance de los abusos sexuales a menores cometidos por cl\u00e9rigos de su di\u00f3cesis, hasta el punto de que ahora se le considera un gran elector impedido.","og_url":"https:\/\/legrandcontinent.eu\/es\/p\/cardenal-rainer-maria-woelki\/","og_site_name":"El Grand Continent","twitter_card":"summary_large_image","schema":{"@context":"https:\/\/schema.org","@graph":[{"@type":"CollectionPage","@id":"https:\/\/legrandcontinent.eu\/es\/p\/cardenal-rainer-maria-woelki\/","url":"https:\/\/legrandcontinent.eu\/es\/p\/cardenal-rainer-maria-woelki\/","name":"Cardenal Rainer Maria Woelki - archivos - El Grand Continent","isPartOf":{"@id":"https:\/\/legrandcontinent.eu\/es\/#website"},"breadcrumb":{"@id":"https:\/\/legrandcontinent.eu\/es\/p\/cardenal-rainer-maria-woelki\/#breadcrumb"},"inLanguage":"es"},{"@type":"BreadcrumbList","@id":"https:\/\/legrandcontinent.eu\/es\/p\/cardenal-rainer-maria-woelki\/#breadcrumb","itemListElement":[{"@type":"ListItem","position":1,"name":"Home","item":"https:\/\/legrandcontinent.eu\/es\/"},{"@type":"ListItem","position":2,"name":"Cardenal Rainer Maria Woelki"}]},{"@type":"WebSite","@id":"https:\/\/legrandcontinent.eu\/es\/#website","url":"https:\/\/legrandcontinent.eu\/es\/","name":"El Grand Continent","description":"La escala pertinente","potentialAction":[{"@type":"SearchAction","target":{"@type":"EntryPoint","urlTemplate":"https:\/\/legrandcontinent.eu\/es\/?s={search_term_string}"},"query-input":{"@type":"PropertyValueSpecification","valueRequired":true,"valueName":"search_term_string"}}],"inLanguage":"es"}]}},"_links":{"self":[{"href":"https:\/\/legrandcontinent.eu\/es\/wp-json\/wp\/v2\/staff\/1107","targetHints":{"allow":["GET"]}}],"collection":[{"href":"https:\/\/legrandcontinent.eu\/es\/wp-json\/wp\/v2\/staff"}],"about":[{"href":"https:\/\/legrandcontinent.eu\/es\/wp-json\/wp\/v2\/taxonomies\/staff"}],"wp:post_type":[{"href":"https:\/\/legrandcontinent.eu\/es\/wp-json\/wp\/v2\/posts?staff=1107"},{"href":"https:\/\/legrandcontinent.eu\/es\/wp-json\/wp\/v2\/sunday?staff=1107"}],"curies":[{"name":"wp","href":"https:\/\/api.w.org\/{rel}","templated":true}]}}