{"id":1106,"count":0,"description":"Como defensor del di\u00e1logo interreligioso con el mundo isl\u00e1mico, su nombramiento como cardenal se interpret\u00f3 como una se\u00f1al de que la Santa Sede es consciente de la importancia geopol\u00edtica de Ir\u00e1n.","link":"https:\/\/legrandcontinent.eu\/es\/p\/cardenal-dominique-mathieu\/","name":"Cardenal Dominique Mathieu","slug":"cardenal-dominique-mathieu","taxonomy":"staff","meta":[],"acf":{"name_title":"Cardenal ","first_name":"Dominique ","last_name":"Mathieu","key_figure_template":"cardinale","cardinal_type":["elettore"],"picture":61405,"job_role":"Arzobispo de Teher\u00e1n-Isfah\u00e1n","lgc_editorial_staff":false,"full_description":"","side_image":61406,"side_text_1":"Deus meus in te confido","side_text_2":"En ti, Dios m\u00edo, pongo mi confianza","page_content":"<ol>\r\n \t<li><b>Fecha de nacimiento (edad)\u00a0<\/b>13 de junio de 1963 (61 a\u00f1os)<\/li>\r\n \t<li><b>Lugar de nacimiento<\/b> Arlon (B\u00e9lgica)<\/li>\r\n \t<li><b>Nacionalidad\u00a0<\/b>Belga<\/li>\r\n \t<li><b>Formaci\u00f3n\u00a0<\/b>Licenciado en Ciencias Econ\u00f3micas; Roma, Facultad Pontificia San Buenaventura<\/li>\r\n \t<li><b>Cargos en la Iglesia\u00a0<\/b>Arzobispo latino de Teher\u00e1n-Isfah\u00e1n de los Latinos<\/li>\r\n \t<li><b>Estado u orden\u00a0<\/b>Franciscano conventual<\/li>\r\n \t<li><b>Rango\u00a0<\/b>Cardenal-sacerdote con el t\u00edtulo de Santa Juana Antida Thouret<\/li>\r\n \t<li><b>Cardenal elector desde el\u00a0<\/b>7 de diciembre de 2024 (nombrado por Francisco)<\/li>\r\n \t<li><b>Cardenal elector hasta el\u00a0<\/b>13 de junio de 2043<\/li>\r\n<\/ol>\r\n&nbsp;\r\n<h2><b>Trayectoria<\/b><\/h2>\r\nNacido en Arlon, B\u00e9lgica, donde cursa sus estudios secundarios, a los 20 a\u00f1os ingresa en la orden de los franciscanos, rama de los Hermanos Menores Conventuales, en su noviciado en Alemania. Ese mismo a\u00f1o obtiene la licenciatura en Ciencias Econ\u00f3micas (1983). Pronunci\u00f3 sus votos simples (1984) y luego estudi\u00f3 teolog\u00eda en Roma, en la Facultad Pontificia San Buenaventura o <i>Seraphicum<\/i>, la universidad franciscana de Roma. En 1987 hizo su profesi\u00f3n religiosa solemne y dos a\u00f1os m\u00e1s tarde fue ordenado sacerdote en Damme (Flandes Occidental). A continuaci\u00f3n, fue nombrado rector del importante santuario de San Antonio de Padua en Bruselas. Ascendi\u00f3 en la jerarqu\u00eda de su orden hasta convertirse en superior provincial de B\u00e9lgica y, cuando esta se uni\u00f3 a la provincia francesa por falta de efectivos, en delegado general, hasta llegar a presidente de la Federaci\u00f3n de Franciscanos Conventuales de Europa Central. En 2013, la orden franciscana lo envi\u00f3 al L\u00edbano, donde fue incardinado en la Custodia de Tierra Santa, que mantiene una presencia cat\u00f3lica en Oriente desde el siglo XIV. All\u00ed se familiariz\u00f3 con el mundo musulm\u00e1n, desempe\u00f1ando las funciones de secretario custodial, maestro de novicios y postulantes. Regres\u00f3 brevemente a Europa en 2019-2021, como definidor y asistente general de la Federaci\u00f3n de Europa Central de su orden.\r\n\r\nEn enero de 2021, el papa Francisco lo nombr\u00f3 arzobispo latino de Teher\u00e1n e Isfah\u00e1n: esta di\u00f3cesis extremadamente extensa abarca todo Ir\u00e1n, pero ya solo cuenta con seis parroquias, te\u00f3ricamente de rito latino, con menos de 2.000 fieles, lo que hace que la situaci\u00f3n de la Iglesia cat\u00f3lica iran\u00ed sea extremadamente precaria. La sede estaba vacante desde 2015, tras la jubilaci\u00f3n de su predecesor, monse\u00f1or Ignazio Bedini, un religioso salesiano italiano que la ocupaba desde 1989. Recibi\u00f3 la consagraci\u00f3n episcopal del cardenal Leonardo Sandri, entonces prefecto del Dicasterio para las Iglesias Orientales. En octubre de 2024, el papa Francisco lo nombr\u00f3 cardenal, como muestra no de la importancia num\u00e9rica de su sede, sino de la solicitud pontificia por la peque\u00f1a y fr\u00e1gil Iglesia de Ir\u00e1n, envuelta en desaf\u00edos geopol\u00edticos que la superan y muy expuesta a las vejaciones del r\u00e9gimen vigente. En la Curia Romana, es miembro del Dicasterio para las Causas de los Santos.\r\n<h2><b>Perfil<\/b><\/h2>\r\nEl cardenal Dominique Mathieu es un hombre pol\u00edglota, erudito (especialmente apasionado por la astronom\u00eda) y discreto, conocido por su conocimiento del mundo isl\u00e1mico, por el que aboga el di\u00e1logo interreligioso. Su elevaci\u00f3n al cardenalato se interpret\u00f3 como una se\u00f1al de que la Santa Sede es consciente de la importancia geopol\u00edtica de Ir\u00e1n. Si bien la presencia cristiana y misionera franciscana en Persia es muy antigua, la Iglesia cat\u00f3lica se ha reducido all\u00ed a una minor\u00eda, aunque tiene el estatus de minor\u00eda reconocida: la di\u00f3cesis latina de Isfah\u00e1n-Teher\u00e1n solo cuenta con dos sacerdotes y cinco religiosas, y las otras cinco di\u00f3cesis iran\u00edes de las Iglesias cat\u00f3licas orientales (caldea y armenia) no est\u00e1n mucho mejor, con un total de cinco sacerdotes para trece parroquias y menos de 3.000 fieles. A simple vista, la Iglesia en Ir\u00e1n parece moribunda, pero precisamente una de las caracter\u00edsticas del papa Francisco es llamar la atenci\u00f3n sobre pa\u00edses donde la presencia cat\u00f3lica es m\u00ednima, a pesar del importante papel que desempe\u00f1a Ir\u00e1n en los (des)equilibrios internacionales.","linkedin_url":"","twitter_url":"","articles_authored":"","articles_interviewed":"","articles_speech_author":"","books_authored":"","events_authored":"","videos_authored":"","posts_related":"","events_related":"","elections_related":""},"yoast_head":"<!-- This site is optimized with the Yoast SEO plugin v26.1.1 - https:\/\/yoast.com\/wordpress\/plugins\/seo\/ -->\n<title>Cardenal Dominique Mathieu - archivos - El Grand Continent<\/title>\n<meta name=\"robots\" content=\"index, follow, max-snippet:-1, max-image-preview:large, max-video-preview:-1\" \/>\n<link rel=\"canonical\" href=\"https:\/\/legrandcontinent.eu\/es\/p\/cardenal-dominique-mathieu\/\" \/>\n<meta property=\"og:locale\" content=\"es_ES\" \/>\n<meta property=\"og:type\" content=\"article\" \/>\n<meta property=\"og:title\" content=\"Cardenal Dominique Mathieu - archivos - El Grand Continent\" \/>\n<meta property=\"og:description\" content=\"Como defensor del di\u00e1logo interreligioso con el mundo isl\u00e1mico, su nombramiento como cardenal se interpret\u00f3 como una se\u00f1al de que la Santa Sede es consciente de la importancia geopol\u00edtica de Ir\u00e1n.\" \/>\n<meta property=\"og:url\" content=\"https:\/\/legrandcontinent.eu\/es\/p\/cardenal-dominique-mathieu\/\" \/>\n<meta property=\"og:site_name\" content=\"El Grand Continent\" \/>\n<meta name=\"twitter:card\" content=\"summary_large_image\" \/>\n<script type=\"application\/ld+json\" class=\"yoast-schema-graph\">{\"@context\":\"https:\/\/schema.org\",\"@graph\":[{\"@type\":\"CollectionPage\",\"@id\":\"https:\/\/legrandcontinent.eu\/es\/p\/cardenal-dominique-mathieu\/\",\"url\":\"https:\/\/legrandcontinent.eu\/es\/p\/cardenal-dominique-mathieu\/\",\"name\":\"Cardenal Dominique Mathieu - archivos - El Grand Continent\",\"isPartOf\":{\"@id\":\"https:\/\/legrandcontinent.eu\/es\/#website\"},\"breadcrumb\":{\"@id\":\"https:\/\/legrandcontinent.eu\/es\/p\/cardenal-dominique-mathieu\/#breadcrumb\"},\"inLanguage\":\"es\"},{\"@type\":\"BreadcrumbList\",\"@id\":\"https:\/\/legrandcontinent.eu\/es\/p\/cardenal-dominique-mathieu\/#breadcrumb\",\"itemListElement\":[{\"@type\":\"ListItem\",\"position\":1,\"name\":\"Home\",\"item\":\"https:\/\/legrandcontinent.eu\/es\/\"},{\"@type\":\"ListItem\",\"position\":2,\"name\":\"Cardenal Dominique Mathieu\"}]},{\"@type\":\"WebSite\",\"@id\":\"https:\/\/legrandcontinent.eu\/es\/#website\",\"url\":\"https:\/\/legrandcontinent.eu\/es\/\",\"name\":\"El Grand Continent\",\"description\":\"La escala pertinente\",\"potentialAction\":[{\"@type\":\"SearchAction\",\"target\":{\"@type\":\"EntryPoint\",\"urlTemplate\":\"https:\/\/legrandcontinent.eu\/es\/?s={search_term_string}\"},\"query-input\":{\"@type\":\"PropertyValueSpecification\",\"valueRequired\":true,\"valueName\":\"search_term_string\"}}],\"inLanguage\":\"es\"}]}<\/script>\n<!-- \/ Yoast SEO plugin. -->","yoast_head_json":{"title":"Cardenal Dominique Mathieu - archivos - El Grand Continent","robots":{"index":"index","follow":"follow","max-snippet":"max-snippet:-1","max-image-preview":"max-image-preview:large","max-video-preview":"max-video-preview:-1"},"canonical":"https:\/\/legrandcontinent.eu\/es\/p\/cardenal-dominique-mathieu\/","og_locale":"es_ES","og_type":"article","og_title":"Cardenal Dominique Mathieu - archivos - El Grand Continent","og_description":"Como defensor del di\u00e1logo interreligioso con el mundo isl\u00e1mico, su nombramiento como cardenal se interpret\u00f3 como una se\u00f1al de que la Santa Sede es consciente de la importancia geopol\u00edtica de Ir\u00e1n.","og_url":"https:\/\/legrandcontinent.eu\/es\/p\/cardenal-dominique-mathieu\/","og_site_name":"El Grand Continent","twitter_card":"summary_large_image","schema":{"@context":"https:\/\/schema.org","@graph":[{"@type":"CollectionPage","@id":"https:\/\/legrandcontinent.eu\/es\/p\/cardenal-dominique-mathieu\/","url":"https:\/\/legrandcontinent.eu\/es\/p\/cardenal-dominique-mathieu\/","name":"Cardenal Dominique Mathieu - archivos - El Grand Continent","isPartOf":{"@id":"https:\/\/legrandcontinent.eu\/es\/#website"},"breadcrumb":{"@id":"https:\/\/legrandcontinent.eu\/es\/p\/cardenal-dominique-mathieu\/#breadcrumb"},"inLanguage":"es"},{"@type":"BreadcrumbList","@id":"https:\/\/legrandcontinent.eu\/es\/p\/cardenal-dominique-mathieu\/#breadcrumb","itemListElement":[{"@type":"ListItem","position":1,"name":"Home","item":"https:\/\/legrandcontinent.eu\/es\/"},{"@type":"ListItem","position":2,"name":"Cardenal Dominique Mathieu"}]},{"@type":"WebSite","@id":"https:\/\/legrandcontinent.eu\/es\/#website","url":"https:\/\/legrandcontinent.eu\/es\/","name":"El Grand Continent","description":"La escala pertinente","potentialAction":[{"@type":"SearchAction","target":{"@type":"EntryPoint","urlTemplate":"https:\/\/legrandcontinent.eu\/es\/?s={search_term_string}"},"query-input":{"@type":"PropertyValueSpecification","valueRequired":true,"valueName":"search_term_string"}}],"inLanguage":"es"}]}},"_links":{"self":[{"href":"https:\/\/legrandcontinent.eu\/es\/wp-json\/wp\/v2\/staff\/1106","targetHints":{"allow":["GET"]}}],"collection":[{"href":"https:\/\/legrandcontinent.eu\/es\/wp-json\/wp\/v2\/staff"}],"about":[{"href":"https:\/\/legrandcontinent.eu\/es\/wp-json\/wp\/v2\/taxonomies\/staff"}],"wp:post_type":[{"href":"https:\/\/legrandcontinent.eu\/es\/wp-json\/wp\/v2\/posts?staff=1106"},{"href":"https:\/\/legrandcontinent.eu\/es\/wp-json\/wp\/v2\/sunday?staff=1106"}],"curies":[{"name":"wp","href":"https:\/\/api.w.org\/{rel}","templated":true}]}}