{"id":1075,"count":0,"description":"Autor prol\u00edfico, pol\u00edglota y medi\u00e1tico, se presenta como un \u00abhacedor de puentes\u00bb entre la Iglesia cat\u00f3lica y el mundo profano, especialmente los c\u00edrculos culturales.","link":"https:\/\/legrandcontinent.eu\/es\/p\/cardenal-jose-tolentino-de-mendonca\/","name":"Cardenal Jos\u00e9 Tolentino de Mendon\u00e7a","slug":"cardenal-jose-tolentino-de-mendonca","taxonomy":"staff","meta":[],"acf":{"name_title":"Cardenal ","first_name":"Jos\u00e9 Tolentino","last_name":"de Mendon\u00e7a","key_figure_template":"cardinale","cardinal_type":["papabile","elettore"],"picture":64754,"job_role":"Prefecto del Dicasterio para la Cultura y la Educaci\u00f3n","lgc_editorial_staff":false,"full_description":"","side_image":61089,"side_text_1":"Considerate lilia agri","side_text_2":"Mirad las lilas del campo","page_content":"<ol>\r\n \t<li><b>Fecha de nacimiento (edad) <\/b>15 de diciembre de 1965 (59 a\u00f1os)<\/li>\r\n \t<li><b>Lugar de nacimiento<\/b> Machico (Portugal)<\/li>\r\n \t<li><b>Nacionalidad <\/b>Portuguesa<\/li>\r\n \t<li><b>Formaci\u00f3n <\/b>Universidad Cat\u00f3lica Portuguesa (doctorado); Roma, Pontificio Instituto B\u00edblico<\/li>\r\n \t<li><b>Cargos en la Iglesia\u00a0<\/b>Prefecto del Dicasterio para la Cultura y la Educaci\u00f3n<\/li>\r\n \t<li><b>Estado u orden\u00a0<\/b>Sacerdote secular; afiliado a la Orden de los Dominicos (miembro de las Fraternidades Sacerdotales Dominicas)<\/li>\r\n \t<li><b>Rango\u00a0<\/b>Cardenal di\u00e1cono de la diacon\u00eda del t\u00edtulo de los Santos Domingo y Sixto<\/li>\r\n \t<li><b>Cardenal elector desde el <\/b>5 de octubre de 2019 (creado por Francisco)<\/li>\r\n \t<li><b>Cardenal elector hasta el\u00a0<\/b>15 de diciembre de 2045<\/li>\r\n<\/ol>\r\n&nbsp;\r\n<h2><b>Trayectoria<\/b><\/h2>\r\nNacido en Madeira, hijo de un pescador costero, pas\u00f3 su infancia en Angola hasta la descolonizaci\u00f3n; ingres\u00f3 en el seminario menor de Madeira, obtuvo una licenciatura en teolog\u00eda en la Universidad Cat\u00f3lica Portuguesa (UCP) en 1989 y continu\u00f3 sus estudios en la misma instituci\u00f3n hasta obtener un doctorado en teolog\u00eda b\u00edblica (2004). El 28 de julio de 1990 fue ordenado sacerdote para la di\u00f3cesis de Funchal, que se extiende por el archipi\u00e9lago de Madeira. En 1992, obtuvo un m\u00e1ster en Ciencias de la Biblia por el Pontificio Instituto B\u00edblico de Roma. Fue p\u00e1rroco en Funchal (1992-1995), capell\u00e1n de la UCP en el campus de Lisboa, y m\u00e1s tarde p\u00e1rroco y rector de capilla en la misma ciudad.\r\n\r\nAl mismo tiempo, prosigue una brillante carrera acad\u00e9mica: profesor en el seminario diocesano de Funchal, rector del Colegio Portugu\u00e9s de Roma, y luego desarrolla toda su carrera en la UCP, como asistente (1996-1999), profesor titular (desde 2015), vicerrector (2012), y finalmente decano de la Facultad de Teolog\u00eda (2018), al mismo tiempo que profesor invitado en numerosas universidades brasile\u00f1as y en la Universidad de Nueva York (beca Straus para un programa de investigaci\u00f3n sobre \u00abReligi\u00f3n y raz\u00f3n p\u00fablica\u00bb).\r\n\r\nPor \u00faltimo, sus actividades literarias como escritor, ensayista, dramaturgo y poeta, autor de m\u00e1s de 50 libros en ingl\u00e9s y portugu\u00e9s hasta la fecha, por los que ha recibido unos quince premios literarios y teol\u00f3gicos, lo orientan naturalmente hacia un papel de puente entre el mundo cultural y la Iglesia: Director de la Secretar\u00eda para la Pastoral de la Cultura del episcopado portugu\u00e9s entre 2004 y 2014, en 2011 fue nombrado por Benedicto XVI miembro del Consejo Pontificio de la Cultura. En 2018, predic\u00f3 el retiro anual de Cuaresma en la Curia Romana, a petici\u00f3n del papa Francisco: sus evocaciones de los grandes autores sagrados y profanos causaron una fuerte impresi\u00f3n, hasta el punto de que Francisco escribi\u00f3 el pr\u00f3logo de la antolog\u00eda resultante, <i>Elogio de la sed.<\/i> Ese mismo a\u00f1o, el papa lo eligi\u00f3 como archivero y bibliotecario de la Santa Sede para suceder al arzobispo dominico franc\u00e9s Jean-Louis Brugu\u00e8s (seg\u00fan varias fuentes, uno de los enemigos ac\u00e9rrimos de Jorge Mario Bergoglio): recibi\u00f3 la consagraci\u00f3n episcopal del patriarca de Lisboa el 28 de julio de 2018; en octubre de 2019, Francisco lo nombr\u00f3 cardenal di\u00e1cono. Las se\u00f1ales de su gran favor se ven en que es miembro de muchos otros dicasterios de la Santa Sede (para la Evangelizaci\u00f3n, para las Causas de los Santos, para los Obispos, para el Culto Divino, para la Doctrina de la Fe), y sobre todo porque en 2023 fue elegido como primer prefecto del Dicasterio para la Cultura y la Educaci\u00f3n, recientemente creado por Francisco como resultado de la reorganizaci\u00f3n de la Curia Romana: al frente de un dicasterio que re\u00fane dos entidades anteriormente aut\u00f3nomas, el cardenal Mendon\u00e7a es a\u00fan m\u00e1s poderoso. En 2024, por fin es comisario del pabell\u00f3n del Vaticano en la Bienal de Venecia, a la que el papa acude por primera vez. Reconocido ya como una de las voces de la literatura portuguesa contempor\u00e1nea, cinco de sus libros han sido traducidos al franc\u00e9s.\r\n<h2><b>Perfil<\/b><\/h2>\r\nEl cardenal Mendon\u00e7a, un pol\u00edglota y medi\u00e1tico <i>papabile <\/i>que goza de una mete\u00f3rica popularidad bergogliana, aparece como un \u00abconstructor de puentes\u00bb entre la Iglesia cat\u00f3lica y el mundo profano, especialmente en los c\u00edrculos culturales, a menudo descritos como indiferentes u hostiles. Es la figura m\u00e1s literaria del Colegio Cardenalicio, con una sensibilidad y un talento po\u00e9tico indudables, y tambi\u00e9n uno de los m\u00e1s progresistas: muy tolerante con las cuestiones LGBT, en di\u00e1logo con sectores contestatarios progresistas, pero tambi\u00e9n comprometido con la conversi\u00f3n sinodal de la Iglesia y una apertura al mundo que puede tomar la forma de una verdadera aculturaci\u00f3n. Tambi\u00e9n est\u00e1 cerca de la comunidad de San Egidio. Se le describe como un buen negociador, aunque con un estilo de gesti\u00f3n bastante personal. Por \u00faltimo, su nacionalidad portuguesa, capaz de tener en cuenta las realidades lus\u00f3fonas y latinas, fundamentales a escala de la Iglesia, a la vez que le da experiencia de las periferias a trav\u00e9s de Madeira y Angola, refuerza a\u00fan m\u00e1s su estatura de <i>papabile<\/i>.","linkedin_url":"","twitter_url":"","articles_authored":"","articles_interviewed":"","articles_speech_author":"","books_authored":"","events_authored":"","videos_authored":"","posts_related":"","events_related":"","elections_related":""},"yoast_head":"<!-- This site is optimized with the Yoast SEO plugin v26.1.1 - https:\/\/yoast.com\/wordpress\/plugins\/seo\/ -->\n<title>Cardenal Jos\u00e9 Tolentino de Mendon\u00e7a - archivos - El Grand Continent<\/title>\n<meta name=\"robots\" content=\"index, follow, max-snippet:-1, max-image-preview:large, max-video-preview:-1\" \/>\n<link rel=\"canonical\" href=\"https:\/\/legrandcontinent.eu\/es\/p\/cardenal-jose-tolentino-de-mendonca\/\" \/>\n<meta property=\"og:locale\" content=\"es_ES\" \/>\n<meta property=\"og:type\" content=\"article\" \/>\n<meta property=\"og:title\" content=\"Cardenal Jos\u00e9 Tolentino de Mendon\u00e7a - archivos - El Grand Continent\" \/>\n<meta property=\"og:description\" content=\"Autor prol\u00edfico, pol\u00edglota y medi\u00e1tico, se presenta como un \u00abhacedor de puentes\u00bb entre la Iglesia cat\u00f3lica y el mundo profano, especialmente los c\u00edrculos culturales.\" \/>\n<meta property=\"og:url\" content=\"https:\/\/legrandcontinent.eu\/es\/p\/cardenal-jose-tolentino-de-mendonca\/\" \/>\n<meta property=\"og:site_name\" content=\"El Grand Continent\" \/>\n<meta name=\"twitter:card\" content=\"summary_large_image\" \/>\n<script type=\"application\/ld+json\" class=\"yoast-schema-graph\">{\"@context\":\"https:\/\/schema.org\",\"@graph\":[{\"@type\":\"CollectionPage\",\"@id\":\"https:\/\/legrandcontinent.eu\/es\/p\/cardenal-jose-tolentino-de-mendonca\/\",\"url\":\"https:\/\/legrandcontinent.eu\/es\/p\/cardenal-jose-tolentino-de-mendonca\/\",\"name\":\"Cardenal Jos\u00e9 Tolentino de Mendon\u00e7a - archivos - El Grand Continent\",\"isPartOf\":{\"@id\":\"https:\/\/legrandcontinent.eu\/es\/#website\"},\"breadcrumb\":{\"@id\":\"https:\/\/legrandcontinent.eu\/es\/p\/cardenal-jose-tolentino-de-mendonca\/#breadcrumb\"},\"inLanguage\":\"es\"},{\"@type\":\"BreadcrumbList\",\"@id\":\"https:\/\/legrandcontinent.eu\/es\/p\/cardenal-jose-tolentino-de-mendonca\/#breadcrumb\",\"itemListElement\":[{\"@type\":\"ListItem\",\"position\":1,\"name\":\"Home\",\"item\":\"https:\/\/legrandcontinent.eu\/es\/\"},{\"@type\":\"ListItem\",\"position\":2,\"name\":\"Cardenal Jos\u00e9 Tolentino de Mendon\u00e7a\"}]},{\"@type\":\"WebSite\",\"@id\":\"https:\/\/legrandcontinent.eu\/es\/#website\",\"url\":\"https:\/\/legrandcontinent.eu\/es\/\",\"name\":\"El Grand Continent\",\"description\":\"La escala pertinente\",\"potentialAction\":[{\"@type\":\"SearchAction\",\"target\":{\"@type\":\"EntryPoint\",\"urlTemplate\":\"https:\/\/legrandcontinent.eu\/es\/?s={search_term_string}\"},\"query-input\":{\"@type\":\"PropertyValueSpecification\",\"valueRequired\":true,\"valueName\":\"search_term_string\"}}],\"inLanguage\":\"es\"}]}<\/script>\n<!-- \/ Yoast SEO plugin. -->","yoast_head_json":{"title":"Cardenal Jos\u00e9 Tolentino de Mendon\u00e7a - archivos - El Grand Continent","robots":{"index":"index","follow":"follow","max-snippet":"max-snippet:-1","max-image-preview":"max-image-preview:large","max-video-preview":"max-video-preview:-1"},"canonical":"https:\/\/legrandcontinent.eu\/es\/p\/cardenal-jose-tolentino-de-mendonca\/","og_locale":"es_ES","og_type":"article","og_title":"Cardenal Jos\u00e9 Tolentino de Mendon\u00e7a - archivos - El Grand Continent","og_description":"Autor prol\u00edfico, pol\u00edglota y medi\u00e1tico, se presenta como un \u00abhacedor de puentes\u00bb entre la Iglesia cat\u00f3lica y el mundo profano, especialmente los c\u00edrculos culturales.","og_url":"https:\/\/legrandcontinent.eu\/es\/p\/cardenal-jose-tolentino-de-mendonca\/","og_site_name":"El Grand Continent","twitter_card":"summary_large_image","schema":{"@context":"https:\/\/schema.org","@graph":[{"@type":"CollectionPage","@id":"https:\/\/legrandcontinent.eu\/es\/p\/cardenal-jose-tolentino-de-mendonca\/","url":"https:\/\/legrandcontinent.eu\/es\/p\/cardenal-jose-tolentino-de-mendonca\/","name":"Cardenal Jos\u00e9 Tolentino de Mendon\u00e7a - archivos - El Grand Continent","isPartOf":{"@id":"https:\/\/legrandcontinent.eu\/es\/#website"},"breadcrumb":{"@id":"https:\/\/legrandcontinent.eu\/es\/p\/cardenal-jose-tolentino-de-mendonca\/#breadcrumb"},"inLanguage":"es"},{"@type":"BreadcrumbList","@id":"https:\/\/legrandcontinent.eu\/es\/p\/cardenal-jose-tolentino-de-mendonca\/#breadcrumb","itemListElement":[{"@type":"ListItem","position":1,"name":"Home","item":"https:\/\/legrandcontinent.eu\/es\/"},{"@type":"ListItem","position":2,"name":"Cardenal Jos\u00e9 Tolentino de Mendon\u00e7a"}]},{"@type":"WebSite","@id":"https:\/\/legrandcontinent.eu\/es\/#website","url":"https:\/\/legrandcontinent.eu\/es\/","name":"El Grand Continent","description":"La escala pertinente","potentialAction":[{"@type":"SearchAction","target":{"@type":"EntryPoint","urlTemplate":"https:\/\/legrandcontinent.eu\/es\/?s={search_term_string}"},"query-input":{"@type":"PropertyValueSpecification","valueRequired":true,"valueName":"search_term_string"}}],"inLanguage":"es"}]}},"_links":{"self":[{"href":"https:\/\/legrandcontinent.eu\/es\/wp-json\/wp\/v2\/staff\/1075","targetHints":{"allow":["GET"]}}],"collection":[{"href":"https:\/\/legrandcontinent.eu\/es\/wp-json\/wp\/v2\/staff"}],"about":[{"href":"https:\/\/legrandcontinent.eu\/es\/wp-json\/wp\/v2\/taxonomies\/staff"}],"wp:post_type":[{"href":"https:\/\/legrandcontinent.eu\/es\/wp-json\/wp\/v2\/posts?staff=1075"},{"href":"https:\/\/legrandcontinent.eu\/es\/wp-json\/wp\/v2\/sunday?staff=1075"}],"curies":[{"name":"wp","href":"https:\/\/api.w.org\/{rel}","templated":true}]}}