{"id":97413,"date":"2026-04-26T16:46:38","date_gmt":"2026-04-26T14:46:38","guid":{"rendered":"https:\/\/legrandcontinent.eu\/es\/?p=97413"},"modified":"2026-04-26T16:46:41","modified_gmt":"2026-04-26T14:46:41","slug":"por-que-viven-mas-tiempo-los-perros-en-paris","status":"publish","type":"post","link":"https:\/\/legrandcontinent.eu\/es\/2026\/04\/26\/por-que-viven-mas-tiempo-los-perros-en-paris\/","title":{"rendered":"\u00bfPor qu\u00e9 viven m\u00e1s tiempo los perros en Par\u00eds?"},"content":{"rendered":"\n<p>Varios estudios indican que los perros dom\u00e9sticos tienden a vivir m\u00e1s tiempo en la ciudad que en el medio rural. Este es especialmente el caso de Par\u00eds \u2014una de las ciudades m\u00e1s densamente pobladas del mundo en cuanto a humanos, y la m\u00e1s densa en cuanto a perros, con m\u00e1s de 2.800 caninos por km\u00b2\u2014, donde los perros viven una media de 13 a\u00f1os, frente a los 11 del resto de Francia, seg\u00fan un estudio del ICAD&nbsp;<span class='whitespace-nowrap'><span id='easy-footnote-1-97413' class='easy-footnote-margin-adjust'><\/span><span class='easy-footnote'><a href='https:\/\/legrandcontinent.eu\/es\/2026\/04\/26\/por-que-viven-mas-tiempo-los-perros-en-paris\/#easy-footnote-bottom-1-97413' title='Valentine Letesse, \u00ab\u00a0&lt;a href=&quot;https:\/\/www.radiofrance.fr\/francebleu\/podcasts\/l-invite-d-actu-ici-paris-ile-de-france\/les-chiens-vivent-environ-13-ans-a-paris-c-est-11-ans-sur-le-reste-de-la-france-selon-alain-lambert-mediateur-canin-5409779&quot;&gt;\u00ab\u00a0Depuis le Covid, la population des propri\u00e9taires de chiens s\u2019est rajeunie\u00a0\u00bb, selon Alain Lambert, m\u00e9diateur canin&lt;\/a&gt;\u00a0\u00bb,\u00a0&lt;em&gt;Radio France&lt;\/em&gt;, 24 de abril de 2026.'><sup>1<\/sup><\/a><\/span><\/span>.<\/p>\n\n\n\n<p>Aunque esto pueda parecer contradictorio, hay varios factores a tener en cuenta.<\/p>\n\n\n\n<ul class=\"wp-block-list\">\n<li>En primer lugar, la proximidad geogr\u00e1fica de los propietarios a numerosos veterinarios y otros especialistas contribuye a mantener a los perros sanos y a realizar un seguimiento a lo largo de toda su vida.<\/li>\n\n\n\n<li>Un estudio realizado en 2007 en el estado mexicano de Yucat\u00e1n concluy\u00f3 que estos tend\u00edan a estar m\u00e1s vacunados contra la rabia en la ciudad (90,1%) que en el campo (63,3%), lo mismo que en el caso de la esterilizaci\u00f3n.<\/li>\n\n\n\n<li>Seg\u00fan este mismo estudio, las condiciones socioecon\u00f3micas del hogar tambi\u00e9n desempe\u00f1an un papel importante en la longevidad de los perros: los propietarios con mayor poder adquisitivo tender\u00e1n a proporcionar una mejor alimentaci\u00f3n, un mejor refugio y una mejor medicina preventiva al animal&nbsp;<span class='whitespace-nowrap'><span id='easy-footnote-2-97413' class='easy-footnote-margin-adjust'><\/span><span class='easy-footnote'><a href='https:\/\/legrandcontinent.eu\/es\/2026\/04\/26\/por-que-viven-mas-tiempo-los-perros-en-paris\/#easy-footnote-bottom-2-97413' title='ORTEGA-PACHECO, Antonio, RODRIGUEZ-BUENFIL, Jorge Carlos, BOLIO-GONZALEZ, Manuel Emilio,\u00a0&lt;em&gt;et al.&lt;\/em&gt;, \u00ab\u00a0&lt;a href=&quot;https:\/\/d1wqtxts1xzle7.cloudfront.net\/96104097\/1_Anthrozoos_20Ortega-Pacheco_202-libre.pdf?1671552371=&amp;amp;response-content-disposition=inline%3B+filename%3DA_Survey_of_Dog_Populations_in_Urban_and.pdf&amp;amp;Expires=1777136725&amp;amp;Signature=J8lTmxruVW5HKTIZNNiegwJZ6HCpeB8voycTg1nhHFkLX7Oz4ZprnRCwYGwyHv9OSbs841eX0ZsSMcwt3pyHhXoo0ouSTMdzcQzBV38dp1pxHMV48uVPvq-Z50rwO5Ob9sixDoBEDjLkBTiQ~86V66KxE1OFoHnSoTZNJUKVvAcfGcGLUTv7AQ2ciZ2qcor1fCTdHcynDVbbbs2Jr--5DowdcV6MKTx7Fef388seQuj4FmQvmt3IuLJSrbP4tauyHaEIH2vML0AKPt75D9ss-DfKA8WkebUcSlE~aeQemFgv2uhW8H-WYjsjSRAFtAaIgFPX15M9LbLgw46TzCbkOg__&amp;amp;Key-Pair-Id=APKAJLOHF5GGSLRBV4ZA&quot;&gt;A survey of dog populations in urban and rural areas of Yucatan, Mexico&lt;\/a&gt;\u00a0\u00bb,\u00a0&lt;em&gt;Anthrozo\u00f6s&lt;\/em&gt;, 2007, vol. 20, n\u00b03, p. 261-274.'><sup>2<\/sup><\/a><\/span><\/span>.<\/li>\n<\/ul>\n\n\n\n<div class=\"iframe-container wp-block-image wp-block-image-medium  iframe-dw\">\n\t<div>\n\t\t<iframe class=\"absolute w-full h-full pin-t pin-l\" title=\"titolo\" aria-label=\"Interactive line chart\" src=\"\/\/datawrapper.dwcdn.net\/iVflh\/\" scrolling=\"no\" frameborder=\"0\"><\/iframe>\n\t<\/div>\n<\/div>\n\n\n\n<p>La longevidad de los perros tambi\u00e9n viene determinada en parte por su raza y su tama\u00f1o: un gran dan\u00e9s, cuyo peso puede alcanzar los 90 kilos, vivir\u00e1 de media entre 6 y 8 a\u00f1os, mientras que un spitz (de 15 a 18 kilos) puede vivir hasta 15 a\u00f1os, y un chihuahua (de 2 a 3 kilos) hasta 18 a\u00f1os. Debido a la escasez de espacio habitable en las grandes ciudades, como Par\u00eds, los propietarios se decantan m\u00e1s por perros de tama\u00f1o peque\u00f1o.<\/p>\n\n\n\n<p>Aunque los perros urbanos est\u00e1n m\u00e1s expuestos a la contaminaci\u00f3n y al riesgo de obesidad, lo que puede provocar problemas de salud, gozan de bastante buena salud.<\/p>\n\n\n\n<ul class=\"wp-block-list\">\n<li>A diferencia de los animales que viven en el campo, los perros urbanos tienden menos a contraer garrapatas, pulgas o par\u00e1sitos, y tambi\u00e9n est\u00e1n menos expuestos a productos qu\u00edmicos utilizados, en particular, en la agricultura.<\/li>\n\n\n\n<li>La revista <em>30 millions d\u2019amis<\/em> sit\u00faa, por otra parte, a varias grandes metr\u00f3polis \u2014Lille, Niza o Par\u00eds\u2014 entre las ciudades m\u00e1s acogedoras para los perros en Francia, bas\u00e1ndose en la accesibilidad de la ciudad para los animales, los espacios verdes o la limpieza.<\/li>\n\n\n\n<li>Par\u00eds ha ido mejorando durante cinco a\u00f1os consecutivos y ha alcanzado el octavo puesto en la clasificaci\u00f3n de 2026, mientras que el a\u00f1o pasado ocupaba el duod\u00e9cimo puesto y el 29.\u00ba en 2021.<\/li>\n<\/ul>\n\n\n\n<div class=\"iframe-container wp-block-image wp-block-image-medium  iframe-dw\">\n\t<div>\n\t\t<iframe class=\"absolute w-full h-full pin-t pin-l\" title=\"titolo\" aria-label=\"Interactive line chart\" src=\"\/\/datawrapper.dwcdn.net\/yIntj\/\" scrolling=\"no\" frameborder=\"0\"><\/iframe>\n\t<\/div>\n<\/div>\n\n\n\n<p>Aunque tienden a vivir m\u00e1s tiempo en la ciudad, el entorno urbano contribuye, sin embargo, de manera muy significativa al miedo y la ansiedad de los perros. Seg\u00fan un estudio publicado en 2020 en la revista\u00a0<em>Scientific reports<\/em>, los perros que viven en los entornos m\u00e1s urbanizados tienden a presentar puntuaciones de miedo superiores en aproximadamente un 45% a las de los perros que viven en las zonas m\u00e1s rurales&nbsp;<span class='whitespace-nowrap'><span id='easy-footnote-3-97413' class='easy-footnote-margin-adjust'><\/span><span class='easy-footnote'><a href='https:\/\/legrandcontinent.eu\/es\/2026\/04\/26\/por-que-viven-mas-tiempo-los-perros-en-paris\/#easy-footnote-bottom-3-97413' title='PUURUNEN, Jenni, HAKANEN, Emma, SALONEN, Milla K.,\u00a0&lt;em&gt;et al.&lt;\/em&gt;,\u00ab\u00a0&lt;a href=&quot;https:\/\/pmc.ncbi.nlm.nih.gov\/articles\/PMC7044223\/pdf\/41598_2020_Article_60546.pdf&quot;&gt;Inadequate socialisation, inactivity, and urban living environment are associated with social fearfulness in pet dogs&lt;\/a&gt;\u00a0\u00bb,\u00a0&lt;em&gt;Scientific reports&lt;\/em&gt;, 2020, vol. 10, n\u00b01, p. 3527.'><sup>3<\/sup><\/a><\/span><\/span>.<\/p>\n","protected":false},"excerpt":{"rendered":"<p>La capital francesa es la gran ciudad con mayor n\u00famero de perros por kil\u00f3metro cuadrado del mundo: cerca de 3.000, es decir, cuatro veces m\u00e1s que en Nueva York. Tambi\u00e9n es en Par\u00eds donde los perros viven m\u00e1s tiempo en Francia: una media de 13 a\u00f1os, frente a los 11 del resto del pa\u00eds.<\/p>\n","protected":false},"author":1366,"featured_media":97414,"comment_status":"closed","ping_status":"closed","sticky":false,"template":"templates\/post-briefings.php","format":"standard","meta":{"_acf_changed":true,"_trash_the_other_posts":false,"_yoast_wpseo_estimated-reading-time-minutes":3,"footnotes":""},"categories":[522],"tags":[],"staff":[],"editorial_format":[1424],"serie":[],"audience":[],"geo":[177],"class_list":["post-97413","post","type-post","status-publish","format-standard","hentry","category-los-datos-que-lo-cambian-todo","editorial_format-briefings","geo-europa"],"acf":{"open_in_webview":false,"accent":"default"},"yoast_head":"<!-- This site is optimized with the Yoast SEO plugin v26.1.1 - https:\/\/yoast.com\/wordpress\/plugins\/seo\/ -->\n<title>\u00bfPor qu\u00e9 viven m\u00e1s tiempo los perros en Par\u00eds? - El Grand Continent<\/title>\n<meta name=\"robots\" content=\"index, follow, max-snippet:-1, max-image-preview:large, max-video-preview:-1\" \/>\n<link rel=\"canonical\" href=\"https:\/\/legrandcontinent.eu\/es\/2026\/04\/26\/por-que-viven-mas-tiempo-los-perros-en-paris\/\" \/>\n<meta property=\"og:locale\" content=\"es_ES\" \/>\n<meta property=\"og:type\" content=\"article\" \/>\n<meta property=\"og:title\" content=\"\u00bfPor qu\u00e9 viven m\u00e1s tiempo los perros en Par\u00eds? - El Grand Continent\" \/>\n<meta property=\"og:description\" content=\"La capital francesa es la gran ciudad con mayor n\u00famero de perros por kil\u00f3metro cuadrado del mundo: cerca de 3.000, es decir, cuatro veces m\u00e1s que en Nueva York. Tambi\u00e9n es en Par\u00eds donde los perros viven m\u00e1s tiempo en Francia: una media de 13 a\u00f1os, frente a los 11 del resto del pa\u00eds.\" \/>\n<meta property=\"og:url\" content=\"https:\/\/legrandcontinent.eu\/es\/2026\/04\/26\/por-que-viven-mas-tiempo-los-perros-en-paris\/\" \/>\n<meta property=\"og:site_name\" content=\"El Grand Continent\" \/>\n<meta property=\"article:published_time\" content=\"2026-04-26T14:46:38+00:00\" \/>\n<meta property=\"article:modified_time\" content=\"2026-04-26T14:46:41+00:00\" \/>\n<meta property=\"og:image\" content=\"https:\/\/legrandcontinent.eu\/es\/wp-content\/uploads\/sites\/6\/2026\/04\/gc-elperro-scaled.jpg\" \/>\n\t<meta property=\"og:image:width\" content=\"2560\" \/>\n\t<meta property=\"og:image:height\" content=\"1440\" \/>\n\t<meta property=\"og:image:type\" content=\"image\/jpeg\" \/>\n<meta name=\"author\" content=\"florent\" \/>\n<meta name=\"twitter:card\" content=\"summary_large_image\" \/>\n<meta name=\"twitter:image\" content=\"https:\/\/legrandcontinent.eu\/es\/wp-content\/uploads\/sites\/6\/2026\/04\/gc-elperro-scaled.jpg\" \/>\n<meta name=\"twitter:label1\" content=\"Escrito por\" \/>\n\t<meta name=\"twitter:data1\" content=\"florent\" \/>\n\t<meta name=\"twitter:label2\" content=\"Tiempo de lectura\" \/>\n\t<meta name=\"twitter:data2\" content=\"3 minutos\" \/>\n<script type=\"application\/ld+json\" class=\"yoast-schema-graph\">{\"@context\":\"https:\/\/schema.org\",\"@graph\":[{\"@type\":\"WebPage\",\"@id\":\"https:\/\/legrandcontinent.eu\/es\/2026\/04\/26\/por-que-viven-mas-tiempo-los-perros-en-paris\/\",\"url\":\"https:\/\/legrandcontinent.eu\/es\/2026\/04\/26\/por-que-viven-mas-tiempo-los-perros-en-paris\/\",\"name\":\"\u00bfPor qu\u00e9 viven m\u00e1s tiempo los perros en Par\u00eds? - El Grand Continent\",\"isPartOf\":{\"@id\":\"https:\/\/legrandcontinent.eu\/es\/#website\"},\"primaryImageOfPage\":{\"@id\":\"https:\/\/legrandcontinent.eu\/es\/2026\/04\/26\/por-que-viven-mas-tiempo-los-perros-en-paris\/#primaryimage\"},\"image\":{\"@id\":\"https:\/\/legrandcontinent.eu\/es\/2026\/04\/26\/por-que-viven-mas-tiempo-los-perros-en-paris\/#primaryimage\"},\"thumbnailUrl\":\"https:\/\/legrandcontinent.eu\/es\/wp-content\/uploads\/sites\/6\/2026\/04\/iVflh-paris-es-la-ciudad-con-mas-perros-por-km-.png\",\"datePublished\":\"2026-04-26T14:46:38+00:00\",\"dateModified\":\"2026-04-26T14:46:41+00:00\",\"author\":{\"@id\":\"https:\/\/legrandcontinent.eu\/es\/#\/schema\/person\/cdd782c93d4a9eda86ab19a8c01cdf5c\"},\"breadcrumb\":{\"@id\":\"https:\/\/legrandcontinent.eu\/es\/2026\/04\/26\/por-que-viven-mas-tiempo-los-perros-en-paris\/#breadcrumb\"},\"inLanguage\":\"es\",\"potentialAction\":[{\"@type\":\"ReadAction\",\"target\":[\"https:\/\/legrandcontinent.eu\/es\/2026\/04\/26\/por-que-viven-mas-tiempo-los-perros-en-paris\/\"]}]},{\"@type\":\"ImageObject\",\"inLanguage\":\"es\",\"@id\":\"https:\/\/legrandcontinent.eu\/es\/2026\/04\/26\/por-que-viven-mas-tiempo-los-perros-en-paris\/#primaryimage\",\"url\":\"https:\/\/legrandcontinent.eu\/es\/wp-content\/uploads\/sites\/6\/2026\/04\/iVflh-paris-es-la-ciudad-con-mas-perros-por-km-.png\",\"contentUrl\":\"https:\/\/legrandcontinent.eu\/es\/wp-content\/uploads\/sites\/6\/2026\/04\/iVflh-paris-es-la-ciudad-con-mas-perros-por-km-.png\",\"width\":1104,\"height\":824},{\"@type\":\"BreadcrumbList\",\"@id\":\"https:\/\/legrandcontinent.eu\/es\/2026\/04\/26\/por-que-viven-mas-tiempo-los-perros-en-paris\/#breadcrumb\",\"itemListElement\":[{\"@type\":\"ListItem\",\"position\":1,\"name\":\"Home\",\"item\":\"https:\/\/legrandcontinent.eu\/es\/\"},{\"@type\":\"ListItem\",\"position\":2,\"name\":\"\u00bfPor qu\u00e9 viven m\u00e1s tiempo los perros en Par\u00eds?\"}]},{\"@type\":\"WebSite\",\"@id\":\"https:\/\/legrandcontinent.eu\/es\/#website\",\"url\":\"https:\/\/legrandcontinent.eu\/es\/\",\"name\":\"El Grand Continent\",\"description\":\"La escala pertinente\",\"potentialAction\":[{\"@type\":\"SearchAction\",\"target\":{\"@type\":\"EntryPoint\",\"urlTemplate\":\"https:\/\/legrandcontinent.eu\/es\/?s={search_term_string}\"},\"query-input\":{\"@type\":\"PropertyValueSpecification\",\"valueRequired\":true,\"valueName\":\"search_term_string\"}}],\"inLanguage\":\"es\"},{\"@type\":\"Person\",\"@id\":\"https:\/\/legrandcontinent.eu\/es\/#\/schema\/person\/cdd782c93d4a9eda86ab19a8c01cdf5c\",\"name\":\"florent\",\"image\":{\"@type\":\"ImageObject\",\"inLanguage\":\"es\",\"@id\":\"https:\/\/legrandcontinent.eu\/es\/#\/schema\/person\/image\/\",\"url\":\"https:\/\/secure.gravatar.com\/avatar\/0d38d78c90602daf39b309035cdac6bc?s=96&d=mm&r=g\",\"contentUrl\":\"https:\/\/secure.gravatar.com\/avatar\/0d38d78c90602daf39b309035cdac6bc?s=96&d=mm&r=g\",\"caption\":\"florent\"}}]}<\/script>\n<!-- \/ Yoast SEO plugin. -->","yoast_head_json":{"title":"\u00bfPor qu\u00e9 viven m\u00e1s tiempo los perros en Par\u00eds? - El Grand Continent","robots":{"index":"index","follow":"follow","max-snippet":"max-snippet:-1","max-image-preview":"max-image-preview:large","max-video-preview":"max-video-preview:-1"},"canonical":"https:\/\/legrandcontinent.eu\/es\/2026\/04\/26\/por-que-viven-mas-tiempo-los-perros-en-paris\/","og_locale":"es_ES","og_type":"article","og_title":"\u00bfPor qu\u00e9 viven m\u00e1s tiempo los perros en Par\u00eds? - El Grand Continent","og_description":"La capital francesa es la gran ciudad con mayor n\u00famero de perros por kil\u00f3metro cuadrado del mundo: cerca de 3.000, es decir, cuatro veces m\u00e1s que en Nueva York. Tambi\u00e9n es en Par\u00eds donde los perros viven m\u00e1s tiempo en Francia: una media de 13 a\u00f1os, frente a los 11 del resto del pa\u00eds.","og_url":"https:\/\/legrandcontinent.eu\/es\/2026\/04\/26\/por-que-viven-mas-tiempo-los-perros-en-paris\/","og_site_name":"El Grand Continent","article_published_time":"2026-04-26T14:46:38+00:00","article_modified_time":"2026-04-26T14:46:41+00:00","og_image":[{"width":2560,"height":1440,"url":"https:\/\/legrandcontinent.eu\/es\/wp-content\/uploads\/sites\/6\/2026\/04\/gc-elperro-scaled.jpg","type":"image\/jpeg"}],"author":"florent","twitter_card":"summary_large_image","twitter_image":"https:\/\/legrandcontinent.eu\/es\/wp-content\/uploads\/sites\/6\/2026\/04\/gc-elperro-scaled.jpg","twitter_misc":{"Escrito por":"florent","Tiempo de lectura":"3 minutos"},"schema":{"@context":"https:\/\/schema.org","@graph":[{"@type":"WebPage","@id":"https:\/\/legrandcontinent.eu\/es\/2026\/04\/26\/por-que-viven-mas-tiempo-los-perros-en-paris\/","url":"https:\/\/legrandcontinent.eu\/es\/2026\/04\/26\/por-que-viven-mas-tiempo-los-perros-en-paris\/","name":"\u00bfPor qu\u00e9 viven m\u00e1s tiempo los perros en Par\u00eds? - El Grand Continent","isPartOf":{"@id":"https:\/\/legrandcontinent.eu\/es\/#website"},"primaryImageOfPage":{"@id":"https:\/\/legrandcontinent.eu\/es\/2026\/04\/26\/por-que-viven-mas-tiempo-los-perros-en-paris\/#primaryimage"},"image":{"@id":"https:\/\/legrandcontinent.eu\/es\/2026\/04\/26\/por-que-viven-mas-tiempo-los-perros-en-paris\/#primaryimage"},"thumbnailUrl":"https:\/\/legrandcontinent.eu\/es\/wp-content\/uploads\/sites\/6\/2026\/04\/iVflh-paris-es-la-ciudad-con-mas-perros-por-km-.png","datePublished":"2026-04-26T14:46:38+00:00","dateModified":"2026-04-26T14:46:41+00:00","author":{"@id":"https:\/\/legrandcontinent.eu\/es\/#\/schema\/person\/cdd782c93d4a9eda86ab19a8c01cdf5c"},"breadcrumb":{"@id":"https:\/\/legrandcontinent.eu\/es\/2026\/04\/26\/por-que-viven-mas-tiempo-los-perros-en-paris\/#breadcrumb"},"inLanguage":"es","potentialAction":[{"@type":"ReadAction","target":["https:\/\/legrandcontinent.eu\/es\/2026\/04\/26\/por-que-viven-mas-tiempo-los-perros-en-paris\/"]}]},{"@type":"ImageObject","inLanguage":"es","@id":"https:\/\/legrandcontinent.eu\/es\/2026\/04\/26\/por-que-viven-mas-tiempo-los-perros-en-paris\/#primaryimage","url":"https:\/\/legrandcontinent.eu\/es\/wp-content\/uploads\/sites\/6\/2026\/04\/iVflh-paris-es-la-ciudad-con-mas-perros-por-km-.png","contentUrl":"https:\/\/legrandcontinent.eu\/es\/wp-content\/uploads\/sites\/6\/2026\/04\/iVflh-paris-es-la-ciudad-con-mas-perros-por-km-.png","width":1104,"height":824},{"@type":"BreadcrumbList","@id":"https:\/\/legrandcontinent.eu\/es\/2026\/04\/26\/por-que-viven-mas-tiempo-los-perros-en-paris\/#breadcrumb","itemListElement":[{"@type":"ListItem","position":1,"name":"Home","item":"https:\/\/legrandcontinent.eu\/es\/"},{"@type":"ListItem","position":2,"name":"\u00bfPor qu\u00e9 viven m\u00e1s tiempo los perros en Par\u00eds?"}]},{"@type":"WebSite","@id":"https:\/\/legrandcontinent.eu\/es\/#website","url":"https:\/\/legrandcontinent.eu\/es\/","name":"El Grand Continent","description":"La escala pertinente","potentialAction":[{"@type":"SearchAction","target":{"@type":"EntryPoint","urlTemplate":"https:\/\/legrandcontinent.eu\/es\/?s={search_term_string}"},"query-input":{"@type":"PropertyValueSpecification","valueRequired":true,"valueName":"search_term_string"}}],"inLanguage":"es"},{"@type":"Person","@id":"https:\/\/legrandcontinent.eu\/es\/#\/schema\/person\/cdd782c93d4a9eda86ab19a8c01cdf5c","name":"florent","image":{"@type":"ImageObject","inLanguage":"es","@id":"https:\/\/legrandcontinent.eu\/es\/#\/schema\/person\/image\/","url":"https:\/\/secure.gravatar.com\/avatar\/0d38d78c90602daf39b309035cdac6bc?s=96&d=mm&r=g","contentUrl":"https:\/\/secure.gravatar.com\/avatar\/0d38d78c90602daf39b309035cdac6bc?s=96&d=mm&r=g","caption":"florent"}}]}},"lgc_categories":[{"id":522,"name":"Los datos que lo cambian todo","slug":"los-datos-que-lo-cambian-todo"}],"lgc_author":null,"feature_image_summary":{"url":"https:\/\/legrandcontinent.eu\/es\/wp-content\/uploads\/sites\/6\/2026\/04\/iVflh-paris-es-la-ciudad-con-mas-perros-por-km-.png","width":1104,"height":824,"alt":""},"feature_image_cover":null,"term_position_data":null,"_links":{"self":[{"href":"https:\/\/legrandcontinent.eu\/es\/wp-json\/wp\/v2\/posts\/97413","targetHints":{"allow":["GET"]}}],"collection":[{"href":"https:\/\/legrandcontinent.eu\/es\/wp-json\/wp\/v2\/posts"}],"about":[{"href":"https:\/\/legrandcontinent.eu\/es\/wp-json\/wp\/v2\/types\/post"}],"author":[{"embeddable":true,"href":"https:\/\/legrandcontinent.eu\/es\/wp-json\/wp\/v2\/users\/1366"}],"replies":[{"embeddable":true,"href":"https:\/\/legrandcontinent.eu\/es\/wp-json\/wp\/v2\/comments?post=97413"}],"version-history":[{"count":5,"href":"https:\/\/legrandcontinent.eu\/es\/wp-json\/wp\/v2\/posts\/97413\/revisions"}],"predecessor-version":[{"id":97420,"href":"https:\/\/legrandcontinent.eu\/es\/wp-json\/wp\/v2\/posts\/97413\/revisions\/97420"}],"wp:featuredmedia":[{"embeddable":true,"href":"https:\/\/legrandcontinent.eu\/es\/wp-json\/wp\/v2\/media\/97414"}],"wp:attachment":[{"href":"https:\/\/legrandcontinent.eu\/es\/wp-json\/wp\/v2\/media?parent=97413"}],"wp:term":[{"taxonomy":"category","embeddable":true,"href":"https:\/\/legrandcontinent.eu\/es\/wp-json\/wp\/v2\/categories?post=97413"},{"taxonomy":"post_tag","embeddable":true,"href":"https:\/\/legrandcontinent.eu\/es\/wp-json\/wp\/v2\/tags?post=97413"},{"taxonomy":"staff","embeddable":true,"href":"https:\/\/legrandcontinent.eu\/es\/wp-json\/wp\/v2\/staff?post=97413"},{"taxonomy":"editorial_format","embeddable":true,"href":"https:\/\/legrandcontinent.eu\/es\/wp-json\/wp\/v2\/editorial_format?post=97413"},{"taxonomy":"serie","embeddable":true,"href":"https:\/\/legrandcontinent.eu\/es\/wp-json\/wp\/v2\/serie?post=97413"},{"taxonomy":"audience","embeddable":true,"href":"https:\/\/legrandcontinent.eu\/es\/wp-json\/wp\/v2\/audience?post=97413"},{"taxonomy":"geo","embeddable":true,"href":"https:\/\/legrandcontinent.eu\/es\/wp-json\/wp\/v2\/geo?post=97413"}],"curies":[{"name":"wp","href":"https:\/\/api.w.org\/{rel}","templated":true}]}}