{"id":96162,"date":"2026-04-13T08:24:37","date_gmt":"2026-04-13T06:24:37","guid":{"rendered":"https:\/\/legrandcontinent.eu\/es\/?p=96162"},"modified":"2026-04-13T08:24:41","modified_gmt":"2026-04-13T06:24:41","slug":"comprender-la-victoria-de-peter-magyar-frente-a-viktor-orban-5-puntos-sobre-la-geografia-politica-de-una-derrota-historica","status":"publish","type":"post","link":"https:\/\/legrandcontinent.eu\/es\/2026\/04\/13\/comprender-la-victoria-de-peter-magyar-frente-a-viktor-orban-5-puntos-sobre-la-geografia-politica-de-una-derrota-historica\/","title":{"rendered":"Comprender la victoria de Peter Magyar frente a Viktor Orb\u00e1n: 5 puntos sobre la geograf\u00eda pol\u00edtica de una derrota hist\u00f3rica"},"content":{"rendered":"\n<h2 class=\"wp-block-heading\">1 \u2014 La victoria anunciada del opositor P\u00e9ter Magyar<\/h2>\n\n\n\n<p class=\"has-drop-cap\">L\u00edder en las encuestas de opini\u00f3n desde el oto\u00f1o de 2025, el Partido Respeto y Libertad (TISZA, PPE), liderado por el conservador P\u00e9ter Magyar, ha obtenido la victoria.<\/p>\n\n\n\n<p>Los resultados preliminares, que abarcan el 99% de los colegios electorales, le otorgan el 54% de los votos emitidos y 138 esca\u00f1os, frente al 38% y los 55 esca\u00f1os, respectivamente, del FIDESZ-KDNP (PFUE) de Viktor Orb\u00e1n.<\/p>\n\n\n\n<p>Las dos principales formaciones pol\u00edticas del pa\u00eds se reparten as\u00ed la mayor parte de los esca\u00f1os del Parlamento, siendo el peque\u00f1o partido ultranacionalista Mi Haz\u00e1nk (MH, ENS) la \u00fanica otra formaci\u00f3n que supera la barrera del 5%, con un 6% de los votos y 6 esca\u00f1os. Sin duda v\u00edctima del voto \u00fatil, la \u00fanica formaci\u00f3n de centroizquierda que a\u00fan segu\u00eda en liza, la Coalici\u00f3n Democr\u00e1tica (DK, S&amp;D), s\u00f3lo obtuvo el 1% de los votos y ning\u00fan esca\u00f1o. Esta concentraci\u00f3n de votos permite a TISZA obtener la mayor proporci\u00f3n de esca\u00f1os jam\u00e1s conseguida por un solo partido desde el retorno de la democracia en Hungr\u00eda.<\/p>\n\n\n\n<div class=\"iframe-container wp-block-image wp-block-image-medium  iframe-dw\">\n\t<div>\n\t\t<iframe class=\"absolute w-full h-full pin-t pin-l\" title=\"titolo\" aria-label=\"Interactive line chart\" src=\"\/\/datawrapper.dwcdn.net\/gl3gP\/\" scrolling=\"no\" frameborder=\"0\"><\/iframe>\n\t<\/div>\n<\/div>\n\n\n\n<p>Con estos resultados, P\u00e9ter Magyar consigue por primera vez derrocar a la mayor\u00eda nacionalista en el poder desde 2010. Esta victoria es a\u00fan m\u00e1s notable si se tiene en cuenta que se produce tras una d\u00e9cada en la que el clan Orb\u00e1n se ha apropiado de los recursos del Estado h\u00fangaro, un r\u00e9gimen calificado oficialmente como \u00abautocracia electoral\u00bb por el Parlamento Europeo en 2022. En un sistema con un fuerte componente mayoritario, esta victoria se debe tambi\u00e9n a la retirada de la oposici\u00f3n de centroizquierda.&nbsp;<\/p>\n\n\n\n<p>El Partido Socialista H\u00fangaro (MSZP, S&amp;D), los partidos verdes Di\u00e1logo y LMP (Verdes\/ALE), as\u00ed como los centristas de Momentum (~RE), renunciaron a presentar candidatos para facilitar la victoria del partido de la oposici\u00f3n mejor situado. En este sentido, la victoria de P\u00e9ter Magyar es la de un \u00abcord\u00f3n sanitario\u00bb justificado por las graves amenazas que se ciernen sobre la democracia h\u00fangara. Esta retirada, llevada a cabo sin una coalici\u00f3n formal con TISZA, significa tambi\u00e9n que la oposici\u00f3n de centroizquierda estar\u00e1 totalmente ausente del pr\u00f3ximo Parlamento, mientras que en la legislatura anterior contaba con 35 esca\u00f1os.<\/p>\n\n\n\n<p>La pol\u00edtica h\u00fangara sigue as\u00ed firmemente anclada en el bando conservador: aunque Magyar se ha comprometido a romper con el sistema de Orb\u00e1n y a restablecer los lazos con la Uni\u00f3n, su pol\u00edtica se acerca a la de la mayor\u00eda anterior en varios puntos, en particular la oposici\u00f3n a la inmigraci\u00f3n y un cierto conservadurismo social.<\/p>\n\n\n\n<h2 class=\"wp-block-heading\">2 \u2014 Una participaci\u00f3n hist\u00f3rica<\/h2>\n\n\n\n<p>A lo largo de la jornada electoral, la participaci\u00f3n alcanz\u00f3 niveles r\u00e9cord, superando ya a las 16:00 la tasa de 2021 (70,2%) para situarse finalmente en el 79,5% al final del d\u00eda. La participaci\u00f3n fue especialmente elevada en las ciudades y sensiblemente m\u00e1s baja en los condados m\u00e1s rurales, donde el Fidesz tiene sus bastiones hist\u00f3ricos.<\/p>\n\n\n\n<p>En Budapest fue del 82,8%, mientras que en el condado de Szabolcs-Szatm\u00e1r-Bereg, donde el Fidesz obtuvo sus mejores resultados en 2022, s\u00f3lo fue del 74,4%.<\/p>\n\n\n\n<div class=\"iframe-container wp-block-image wp-block-image-medium  iframe-dw\">\n\t<div>\n\t\t<iframe class=\"absolute w-full h-full pin-t pin-l\" title=\"titolo\" aria-label=\"Interactive line chart\" src=\"\/\/datawrapper.dwcdn.net\/Klkpi\/\" scrolling=\"no\" frameborder=\"0\"><\/iframe>\n\t<\/div>\n<\/div>\n\n\n\n<p>A diferencia de lo que ocurre en otros Estados de la Uni\u00f3n, la mayor participaci\u00f3n en las zonas urbanas no es un fen\u00f3meno nuevo en Hungr\u00eda. En cambio, el aumento de la participaci\u00f3n en las zonas urbanas ya movilizadas indica un compromiso redoblado del electorado ante unas elecciones percibidas como especialmente decisivas.<\/p>\n\n\n\n<h2 class=\"wp-block-heading\">3 \u2014 Un sistema electoral poco proporcional, favorable a los grandes partidos<\/h2>\n\n\n\n<p>El sistema electoral h\u00fangaro incluye un componente mayoritario y otro proporcional. Cada elector dispone de dos votos en una \u00fanica vuelta electoral. El primero permite elegir a un candidato que resulta elegido por mayor\u00eda simple en una de las 106 circunscripciones uninominales. El segundo voto sirve para distribuir 93 esca\u00f1os mediante el sistema proporcional a nivel nacional, con un umbral del 5% de los votos emitidos necesario para obtener esca\u00f1os.&nbsp;<\/p>\n\n\n\n<p>Un sistema de transferencia de los primeros votos a los segundos compensa parcialmente el car\u00e1cter mayoritario de la votaci\u00f3n uninominal&nbsp;<span class='whitespace-nowrap'><span id='easy-footnote-1-96162' class='easy-footnote-margin-adjust'><\/span><span class='easy-footnote'><a href='https:\/\/legrandcontinent.eu\/es\/2026\/04\/13\/comprender-la-victoria-de-peter-magyar-frente-a-viktor-orban-5-puntos-sobre-la-geografia-politica-de-una-derrota-historica\/#easy-footnote-bottom-1-96162' title='Conocido en Italia como\u00a0&lt;em&gt;scorporo&lt;\/em&gt;, este sistema poco habitual es famoso por favorecer el voto t\u00e1ctico y suele considerarse poco transparente.'><sup>1<\/sup><\/a><\/span><\/span>. En conjunto, el sistema electoral es poco proporcional y favorece al partido en cabeza: en 2022, el Fidesz obtuvo el 68% de los esca\u00f1os con s\u00f3lo el 54% de los votos de lista.\u00a0<\/p>\n\n\n\n<p>Se requiere una mayor\u00eda cualificada de dos tercios de los esca\u00f1os para proceder a enmiendas constitucionales. Desde hace tiempo existen sospechas de que la delimitaci\u00f3n de circunscripciones favorece al partido en el poder (<em>gerrymandering<\/em>) bajo los mandatos de Orb\u00e1n&nbsp;<span class='whitespace-nowrap'><span id='easy-footnote-2-96162' class='easy-footnote-margin-adjust'><\/span><span class='easy-footnote'><a href='https:\/\/legrandcontinent.eu\/es\/2026\/04\/13\/comprender-la-victoria-de-peter-magyar-frente-a-viktor-orban-5-puntos-sobre-la-geografia-politica-de-una-derrota-historica\/#easy-footnote-bottom-2-96162' title='Para un ejemplo reciente, v\u00e9ase\u00a0&lt;a href=&quot;https:\/\/telex.hu\/valasztasi-foldrajz\/2024\/11\/19\/uj-orszaggyulesi-valasztokerulet-terkep&quot;&gt;La fusi\u00f3n de circunscripciones beneficia a Fidesz, no a Tisza: cambios en el mapa&lt;\/a&gt;, Telex.hu, 2025, citado en una\u00a0&lt;a href=&quot;https:\/\/telex.hu\/valasztasi-foldrajz\/2024\/11\/19\/uj-orszaggyulesi-valasztokerulet-terkep&quot;&gt;nota&lt;\/a&gt;\u00a0del Comit\u00e9 de Helsinki de Hungr\u00eda.'><sup>2<\/sup><\/a><\/span><\/span>.<\/p>\n\n\n\n<div class=\"iframe-container wp-block-image wp-block-image-medium  iframe-dw\">\n\t<div>\n\t\t<iframe class=\"absolute w-full h-full pin-t pin-l\" title=\"titolo\" aria-label=\"Interactive line chart\" src=\"\/\/datawrapper.dwcdn.net\/2F0x5\/\" scrolling=\"no\" frameborder=\"0\"><\/iframe>\n\t<\/div>\n<\/div>\n\n\n\n<p>Este domingo, esta redistribuci\u00f3n electoral ha beneficiado a TISZA, que ha obtenido una mayor\u00eda cualificada de 138 esca\u00f1os (es decir, el 69% del total) con s\u00f3lo el 54% de los votos de segunda intenci\u00f3n. El Fidesz, que ha quedado en segunda posici\u00f3n, s\u00f3lo conserva 55 esca\u00f1os.<\/p>\n\n\n\n<p>Se trata de un cambio casi esca\u00f1o por esca\u00f1o entre el Fidesz y la oposici\u00f3n, mientras que el partido ultranacionalista Mi Haz\u00e1nk conserva sus seis esca\u00f1os.<\/p>\n\n\n\n<h2 class=\"wp-block-heading\">4 \u2014 La persistencia de las divisiones territoriales<\/h2>\n\n\n\n<p>A pesar del car\u00e1cter hist\u00f3rico de las elecciones, las antiguas divisiones territoriales siguen siendo muy visibles.<\/p>\n\n\n\n<p>La oposici\u00f3n se impone ampliamente en las grandes ciudades, especialmente en Budapest (63%), mientras que el FIDESZ se mantiene pr\u00e1cticamente a la par en sus bastiones, como en el condado de Szabolcs-Szatm\u00e1r-Bereg, al este del pa\u00eds (49% para el TISZA frente al 45% para el FIDESZ).<\/p>\n\n\n\n<p>A diferencia de las elecciones de 2022, en las que FIDESZ-KDNP se hab\u00eda impuesto en todos los condados del pa\u00eds, salvo en la capital, la oposici\u00f3n se impone esta vez en los 19 condados, con una ventaja que oscila entre los 2 y los 34 puntos.<\/p>\n\n\n\n<p>Magyar, antiguo miembro del FIDESZ, ha sabido movilizar a un electorado que va mucho m\u00e1s all\u00e1 del progresista de las ciudades y ahora domina el panorama electoral en todo el pa\u00eds.<\/p>\n\n\n\n<div class=\"iframe-container wp-block-image wp-block-image-medium  iframe-dw\">\n\t<div>\n\t\t<iframe class=\"absolute w-full h-full pin-t pin-l\" title=\"titolo\" aria-label=\"Interactive line chart\" src=\"\/\/datawrapper.dwcdn.net\/hnkEF\/\" scrolling=\"no\" frameborder=\"0\"><\/iframe>\n\t<\/div>\n<\/div>\n\n\n\n<p>Esta evoluci\u00f3n puede compararse con la que condujo, en 2023, a la ca\u00edda del Gobierno polaco de Ley y Justicia (PiS).&nbsp;<\/p>\n\n\n\n<p>Aunque la coalici\u00f3n de centro-derecha de Donald Tusk gan\u00f3 las elecciones, el cambio de gobierno no ha borrado las divisiones geogr\u00e1ficas que siguen partiendo el pa\u00eds en dos mitades relativamente iguales.<\/p>\n\n\n\n<h2 class=\"wp-block-heading\">5 \u2014 Derrotado, Viktor Orb\u00e1n admiti\u00f3 su derrota<\/h2>\n\n\n\n<p>La noche de las elecciones, Viktor Orb\u00e1n reconoci\u00f3 la clara victoria de su adversario.<\/p>\n\n\n\n<p>Declar\u00f3: \u00abLa tarea que nos espera es clara, la responsabilidad del Gobierno ya no recae sobre nuestros hombros\u00bb&nbsp;<span class='whitespace-nowrap'><span id='easy-footnote-3-96162' class='easy-footnote-margin-adjust'><\/span><span class='easy-footnote'><a href='https:\/\/legrandcontinent.eu\/es\/2026\/04\/13\/comprender-la-victoria-de-peter-magyar-frente-a-viktor-orban-5-puntos-sobre-la-geografia-politica-de-una-derrota-historica\/#easy-footnote-bottom-3-96162' title='&lt;a href=&quot;https:\/\/168.hu\/itthon\/valasztas-2026-szavazokorok-bezaras-eredmenyek-percrol-percre-magyar-peter-orban-viktor-296304&quot;&gt;V\u00e1laszt\u00e1s 2026\u00a0: A Tisza k\u00e9tharmados gy\u0151zelme is biztoss\u00e1 v\u00e1lt&lt;\/a&gt;,\u00a0&lt;a href=&quot;http:\/\/168.hu\/&quot;&gt;168.hu&lt;\/a&gt;, 12 de abril de 2026.'><sup>3<\/sup><\/a><\/span><\/span>. Sin embargo, a lo largo de todo el d\u00eda, su bando hab\u00eda intentado se\u00f1alar un n\u00famero importante de casos de presunto fraude, lo que hac\u00eda temer una intenci\u00f3n de impugnar los resultados de las elecciones ante la justicia.<\/p>\n\n\n\n<p>Por su parte, P\u00e9ter Magyar insisti\u00f3 en la importancia de un verdadero \u00abcambio de r\u00e9gimen\u00bb, pidiendo la salida de todas las figuras procedentes de la antigua mayor\u00eda de extrema derecha. En X, Friedrich Merz, Emmanuel Macron, Ursula von der Leyen y Volodimir Zelenski felicitaron al ganador.<\/p>\n\n\n\n<figure class=\"wp-block-embed is-type-rich is-provider-twitter wp-block-embed-twitter\"><div class=\"wp-block-embed__wrapper\">\n<blockquote class=\"twitter-tweet\" data-width=\"550\" data-dnt=\"true\"><p lang=\"de\" dir=\"ltr\">Ungarn hat entschieden. Herzlichen Gl\u00fcckwunsch zur gewonnenen Wahl, lieber <a href=\"https:\/\/twitter.com\/magyarpeterMP?ref_src=twsrc%5Etfw\">@magyarpeterMP<\/a>. Ich freue mich auf die Zusammenarbeit f\u00fcr ein starkes, sicheres und vor allem geeintes Europa.<\/p>&mdash; Bundeskanzler Friedrich Merz (@bundeskanzler) <a href=\"https:\/\/twitter.com\/bundeskanzler\/status\/2043415287987327064?ref_src=twsrc%5Etfw\">April 12, 2026<\/a><\/blockquote><script async src=\"https:\/\/platform.twitter.com\/widgets.js\" charset=\"utf-8\"><\/script>\n<\/div><\/figure>\n\n\n\n<figure class=\"wp-block-embed is-type-rich is-provider-twitter wp-block-embed-twitter\"><div class=\"wp-block-embed__wrapper\">\n<blockquote class=\"twitter-tweet\" data-width=\"550\" data-dnt=\"true\"><p lang=\"fr\" dir=\"ltr\">Je viens de m\u2019entretenir avec Peter Magyar pour le f\u00e9liciter de sa victoire en Hongrie !<br><br>La France salue une victoire de la participation d\u00e9mocratique, de l\u2019attachement du peuple hongrois aux valeurs de l\u2019Union europ\u00e9enne et pour la Hongrie en Europe.\u2026 <a href=\"https:\/\/t.co\/VMrgPQwYTa\">pic.twitter.com\/VMrgPQwYTa<\/a><\/p>&mdash; Emmanuel Macron (@EmmanuelMacron) <a href=\"https:\/\/twitter.com\/EmmanuelMacron\/status\/2043412318789185853?ref_src=twsrc%5Etfw\">April 12, 2026<\/a><\/blockquote><script async src=\"https:\/\/platform.twitter.com\/widgets.js\" charset=\"utf-8\"><\/script>\n<\/div><\/figure>\n\n\n\n<figure class=\"wp-block-embed is-type-rich is-provider-twitter wp-block-embed-twitter\"><div class=\"wp-block-embed__wrapper\">\n<blockquote class=\"twitter-tweet\" data-width=\"550\" data-dnt=\"true\"><p lang=\"hu\" dir=\"ltr\">Hungary has chosen Europe.<br><br>Europe has always chosen Hungary.<br><br>A country reclaims its European path.<br><br>The Union grows stronger.<br><br>Magyarorsz\u00e1g Eur\u00f3p\u00e1t v\u00e1lasztotta. <br><br>Eur\u00f3pa mindig Magyarorsz\u00e1got v\u00e1lasztotta. <br><br>Egy orsz\u00e1g visszat\u00e9r az eur\u00f3pai \u00fatj\u00e1ra. <br><br>Az Uni\u00f3 er\u0151sebb\u00e9 v\u00e1lik.<\/p>&mdash; Ursula von der Leyen (@vonderleyen) <a href=\"https:\/\/twitter.com\/vonderleyen\/status\/2043416848666906954?ref_src=twsrc%5Etfw\">April 12, 2026<\/a><\/blockquote><script async src=\"https:\/\/platform.twitter.com\/widgets.js\" charset=\"utf-8\"><\/script>\n<\/div><\/figure>\n\n\n\n<figure class=\"wp-block-embed is-type-rich is-provider-twitter wp-block-embed-twitter\"><div class=\"wp-block-embed__wrapper\">\n<blockquote class=\"twitter-tweet\" data-width=\"550\" data-dnt=\"true\"><p lang=\"en\" dir=\"ltr\">Congratulations to <a href=\"https:\/\/twitter.com\/magyarpeterMP?ref_src=twsrc%5Etfw\">@magyarpeterMP<\/a> and the TISZA party on their resounding victory. It is important when  constructive approach prevails. <br><br>Ukraine has always sought good-neighbourly relations with everyone in Europe and we are ready to advance our cooperation with Hungary.\u2026<\/p>&mdash; Volodymyr Zelenskyy \/ \u0412\u043e\u043b\u043e\u0434\u0438\u043c\u0438\u0440 \u0417\u0435\u043b\u0435\u043d\u0441\u044c\u043a\u0438\u0439 (@ZelenskyyUa) <a href=\"https:\/\/twitter.com\/ZelenskyyUa\/status\/2043431223884931235?ref_src=twsrc%5Etfw\">April 12, 2026<\/a><\/blockquote><script async src=\"https:\/\/platform.twitter.com\/widgets.js\" charset=\"utf-8\"><\/script>\n<\/div><\/figure>\n\n\n\n<p>La legislaci\u00f3n h\u00fangara establece que la antigua Asamblea Nacional siga en funciones durante 30 d\u00edas tras las elecciones, antes de ceder el paso a la nueva legislatura.<\/p>\n\n\n\n<p>El primer ministro saliente ejerce un control considerable sobre la justicia, el aparato estatal y los medios de comunicaci\u00f3n h\u00fangaros, lo que podr\u00eda entorpecer una transferencia ordenada del poder.<\/p>\n","protected":false},"excerpt":{"rendered":"<p>Tras diecis\u00e9is a\u00f1os en el poder, el partido de Viktor Orb\u00e1n ha sufrido una derrota hist\u00f3rica al perder la mayor\u00eda absoluta a favor de la coalici\u00f3n de Peter Magyar.<\/p>\n<p>\u00bfSobre qu\u00e9 base? \u00bfCon qu\u00e9 geograf\u00eda?<\/p>\n<p>Publicamos un primer an\u00e1lisis de los mapas y los datos de una de las elecciones m\u00e1s importantes del a\u00f1o.<\/p>\n","protected":false},"author":1366,"featured_media":96156,"comment_status":"closed","ping_status":"closed","sticky":false,"template":"templates\/post-studies.php","format":"standard","meta":{"_acf_changed":true,"_trash_the_other_posts":false,"_yoast_wpseo_estimated-reading-time-minutes":6,"footnotes":""},"categories":[232],"tags":[],"staff":[12],"editorial_format":[1426],"serie":[],"audience":[],"geo":[177],"class_list":["post-96162","post","type-post","status-publish","format-standard","hentry","category-elecciones","staff-francois-hublet","editorial_format-studies","geo-europa"],"acf":{"open_in_webview":false,"accent":"default","_thumbnail_id":96156,"excerpt":"Tras diecis\u00e9is a\u00f1os en el poder, el partido de Viktor Orb\u00e1n ha sufrido una derrota hist\u00f3rica al perder la mayor\u00eda absoluta a favor de la coalici\u00f3n de Peter Magyar.\r\n\r\n\u00bfSobre qu\u00e9 base? \u00bfCon qu\u00e9 geograf\u00eda?\r\n\r\nPublicamos un primer an\u00e1lisis de los mapas y los datos de una de las elecciones m\u00e1s importantes del a\u00f1o.","display_date":"","new_abstract":true},"yoast_head":"<!-- This site is optimized with the Yoast SEO plugin v26.1.1 - https:\/\/yoast.com\/wordpress\/plugins\/seo\/ -->\n<title>Comprender la victoria de Peter Magyar frente a Viktor Orb\u00e1n<\/title>\n<meta name=\"robots\" content=\"index, follow, max-snippet:-1, max-image-preview:large, max-video-preview:-1\" \/>\n<link rel=\"canonical\" href=\"https:\/\/legrandcontinent.eu\/es\/2026\/04\/13\/comprender-la-victoria-de-peter-magyar-frente-a-viktor-orban-5-puntos-sobre-la-geografia-politica-de-una-derrota-historica\/\" \/>\n<meta property=\"og:locale\" content=\"es_ES\" \/>\n<meta property=\"og:type\" content=\"article\" \/>\n<meta property=\"og:title\" content=\"Comprender la victoria de Peter Magyar frente a Viktor Orb\u00e1n\" \/>\n<meta property=\"og:description\" content=\"Tras diecis\u00e9is a\u00f1os en el poder, el partido de Viktor Orb\u00e1n ha sufrido una derrota hist\u00f3rica al perder la mayor\u00eda absoluta a favor de la coalici\u00f3n de Peter Magyar.  \u00bfSobre qu\u00e9 base? \u00bfCon qu\u00e9 geograf\u00eda?  Publicamos un primer an\u00e1lisis de los mapas y los datos de una de las elecciones m\u00e1s importantes del a\u00f1o.\" \/>\n<meta property=\"og:url\" content=\"https:\/\/legrandcontinent.eu\/es\/2026\/04\/13\/comprender-la-victoria-de-peter-magyar-frente-a-viktor-orban-5-puntos-sobre-la-geografia-politica-de-una-derrota-historica\/\" \/>\n<meta property=\"og:site_name\" content=\"El Grand Continent\" \/>\n<meta property=\"article:published_time\" content=\"2026-04-13T06:24:37+00:00\" \/>\n<meta property=\"article:modified_time\" content=\"2026-04-13T06:24:41+00:00\" \/>\n<meta property=\"og:image\" content=\"https:\/\/legrandcontinent.eu\/es\/wp-content\/uploads\/sites\/6\/2026\/04\/gc-elmagyar-1-scaled.jpg\" \/>\n\t<meta property=\"og:image:width\" content=\"2560\" \/>\n\t<meta property=\"og:image:height\" content=\"1440\" \/>\n\t<meta property=\"og:image:type\" content=\"image\/jpeg\" \/>\n<meta name=\"author\" content=\"florent\" \/>\n<meta name=\"twitter:card\" content=\"summary_large_image\" \/>\n<meta name=\"twitter:image\" content=\"https:\/\/legrandcontinent.eu\/es\/wp-content\/uploads\/sites\/6\/2026\/04\/gc-elmagyar-1-scaled.jpg\" \/>\n<meta name=\"twitter:label1\" content=\"Escrito por\" \/>\n\t<meta name=\"twitter:data1\" content=\"florent\" \/>\n\t<meta name=\"twitter:label2\" content=\"Tiempo de lectura\" \/>\n\t<meta name=\"twitter:data2\" content=\"6 minutos\" \/>\n<script type=\"application\/ld+json\" class=\"yoast-schema-graph\">{\"@context\":\"https:\/\/schema.org\",\"@graph\":[{\"@type\":\"WebPage\",\"@id\":\"https:\/\/legrandcontinent.eu\/es\/2026\/04\/13\/comprender-la-victoria-de-peter-magyar-frente-a-viktor-orban-5-puntos-sobre-la-geografia-politica-de-una-derrota-historica\/\",\"url\":\"https:\/\/legrandcontinent.eu\/es\/2026\/04\/13\/comprender-la-victoria-de-peter-magyar-frente-a-viktor-orban-5-puntos-sobre-la-geografia-politica-de-una-derrota-historica\/\",\"name\":\"Comprender la victoria de Peter Magyar frente a Viktor Orb\u00e1n\",\"isPartOf\":{\"@id\":\"https:\/\/legrandcontinent.eu\/es\/#website\"},\"primaryImageOfPage\":{\"@id\":\"https:\/\/legrandcontinent.eu\/es\/2026\/04\/13\/comprender-la-victoria-de-peter-magyar-frente-a-viktor-orban-5-puntos-sobre-la-geografia-politica-de-una-derrota-historica\/#primaryimage\"},\"image\":{\"@id\":\"https:\/\/legrandcontinent.eu\/es\/2026\/04\/13\/comprender-la-victoria-de-peter-magyar-frente-a-viktor-orban-5-puntos-sobre-la-geografia-politica-de-una-derrota-historica\/#primaryimage\"},\"thumbnailUrl\":\"https:\/\/legrandcontinent.eu\/es\/wp-content\/uploads\/sites\/2\/2026\/04\/SIPA_ap23027891_000143-1-scaled.jpg\",\"datePublished\":\"2026-04-13T06:24:37+00:00\",\"dateModified\":\"2026-04-13T06:24:41+00:00\",\"author\":{\"@id\":\"https:\/\/legrandcontinent.eu\/es\/#\/schema\/person\/cdd782c93d4a9eda86ab19a8c01cdf5c\"},\"breadcrumb\":{\"@id\":\"https:\/\/legrandcontinent.eu\/es\/2026\/04\/13\/comprender-la-victoria-de-peter-magyar-frente-a-viktor-orban-5-puntos-sobre-la-geografia-politica-de-una-derrota-historica\/#breadcrumb\"},\"inLanguage\":\"es\",\"potentialAction\":[{\"@type\":\"ReadAction\",\"target\":[\"https:\/\/legrandcontinent.eu\/es\/2026\/04\/13\/comprender-la-victoria-de-peter-magyar-frente-a-viktor-orban-5-puntos-sobre-la-geografia-politica-de-una-derrota-historica\/\"]}]},{\"@type\":\"ImageObject\",\"inLanguage\":\"es\",\"@id\":\"https:\/\/legrandcontinent.eu\/es\/2026\/04\/13\/comprender-la-victoria-de-peter-magyar-frente-a-viktor-orban-5-puntos-sobre-la-geografia-politica-de-una-derrota-historica\/#primaryimage\",\"url\":\"https:\/\/legrandcontinent.eu\/es\/wp-content\/uploads\/sites\/2\/2026\/04\/SIPA_ap23027891_000143-1-scaled.jpg\",\"contentUrl\":\"https:\/\/legrandcontinent.eu\/es\/wp-content\/uploads\/sites\/2\/2026\/04\/SIPA_ap23027891_000143-1-scaled.jpg\",\"width\":2560,\"height\":1707,\"caption\":\"Peter Magyar, le chef du parti d'opposition Tisza, brandit un drapeau national apr\u00e8s les \u00e9lections l\u00e9gislatives \u00e0 Budapest, en Hongrie, le dimanche 12 avril 2026. \u00a9 AP Photo\/Darko Bandic\"},{\"@type\":\"BreadcrumbList\",\"@id\":\"https:\/\/legrandcontinent.eu\/es\/2026\/04\/13\/comprender-la-victoria-de-peter-magyar-frente-a-viktor-orban-5-puntos-sobre-la-geografia-politica-de-una-derrota-historica\/#breadcrumb\",\"itemListElement\":[{\"@type\":\"ListItem\",\"position\":1,\"name\":\"Home\",\"item\":\"https:\/\/legrandcontinent.eu\/es\/\"},{\"@type\":\"ListItem\",\"position\":2,\"name\":\"Comprender la victoria de Peter Magyar frente a Viktor Orb\u00e1n: 5 puntos sobre la geograf\u00eda pol\u00edtica de una derrota hist\u00f3rica\"}]},{\"@type\":\"WebSite\",\"@id\":\"https:\/\/legrandcontinent.eu\/es\/#website\",\"url\":\"https:\/\/legrandcontinent.eu\/es\/\",\"name\":\"El Grand Continent\",\"description\":\"La escala pertinente\",\"potentialAction\":[{\"@type\":\"SearchAction\",\"target\":{\"@type\":\"EntryPoint\",\"urlTemplate\":\"https:\/\/legrandcontinent.eu\/es\/?s={search_term_string}\"},\"query-input\":{\"@type\":\"PropertyValueSpecification\",\"valueRequired\":true,\"valueName\":\"search_term_string\"}}],\"inLanguage\":\"es\"},{\"@type\":\"Person\",\"@id\":\"https:\/\/legrandcontinent.eu\/es\/#\/schema\/person\/cdd782c93d4a9eda86ab19a8c01cdf5c\",\"name\":\"florent\",\"image\":{\"@type\":\"ImageObject\",\"inLanguage\":\"es\",\"@id\":\"https:\/\/legrandcontinent.eu\/es\/#\/schema\/person\/image\/\",\"url\":\"https:\/\/secure.gravatar.com\/avatar\/0d38d78c90602daf39b309035cdac6bc?s=96&d=mm&r=g\",\"contentUrl\":\"https:\/\/secure.gravatar.com\/avatar\/0d38d78c90602daf39b309035cdac6bc?s=96&d=mm&r=g\",\"caption\":\"florent\"}}]}<\/script>\n<!-- \/ Yoast SEO plugin. -->","yoast_head_json":{"title":"Comprender la victoria de Peter Magyar frente a Viktor Orb\u00e1n","robots":{"index":"index","follow":"follow","max-snippet":"max-snippet:-1","max-image-preview":"max-image-preview:large","max-video-preview":"max-video-preview:-1"},"canonical":"https:\/\/legrandcontinent.eu\/es\/2026\/04\/13\/comprender-la-victoria-de-peter-magyar-frente-a-viktor-orban-5-puntos-sobre-la-geografia-politica-de-una-derrota-historica\/","og_locale":"es_ES","og_type":"article","og_title":"Comprender la victoria de Peter Magyar frente a Viktor Orb\u00e1n","og_description":"Tras diecis\u00e9is a\u00f1os en el poder, el partido de Viktor Orb\u00e1n ha sufrido una derrota hist\u00f3rica al perder la mayor\u00eda absoluta a favor de la coalici\u00f3n de Peter Magyar.  \u00bfSobre qu\u00e9 base? \u00bfCon qu\u00e9 geograf\u00eda?  Publicamos un primer an\u00e1lisis de los mapas y los datos de una de las elecciones m\u00e1s importantes del a\u00f1o.","og_url":"https:\/\/legrandcontinent.eu\/es\/2026\/04\/13\/comprender-la-victoria-de-peter-magyar-frente-a-viktor-orban-5-puntos-sobre-la-geografia-politica-de-una-derrota-historica\/","og_site_name":"El Grand Continent","article_published_time":"2026-04-13T06:24:37+00:00","article_modified_time":"2026-04-13T06:24:41+00:00","og_image":[{"width":2560,"height":1440,"url":"https:\/\/legrandcontinent.eu\/es\/wp-content\/uploads\/sites\/6\/2026\/04\/gc-elmagyar-1-scaled.jpg","type":"image\/jpeg"}],"author":"florent","twitter_card":"summary_large_image","twitter_image":"https:\/\/legrandcontinent.eu\/es\/wp-content\/uploads\/sites\/6\/2026\/04\/gc-elmagyar-1-scaled.jpg","twitter_misc":{"Escrito por":"florent","Tiempo de lectura":"6 minutos"},"schema":{"@context":"https:\/\/schema.org","@graph":[{"@type":"WebPage","@id":"https:\/\/legrandcontinent.eu\/es\/2026\/04\/13\/comprender-la-victoria-de-peter-magyar-frente-a-viktor-orban-5-puntos-sobre-la-geografia-politica-de-una-derrota-historica\/","url":"https:\/\/legrandcontinent.eu\/es\/2026\/04\/13\/comprender-la-victoria-de-peter-magyar-frente-a-viktor-orban-5-puntos-sobre-la-geografia-politica-de-una-derrota-historica\/","name":"Comprender la victoria de Peter Magyar frente a Viktor Orb\u00e1n","isPartOf":{"@id":"https:\/\/legrandcontinent.eu\/es\/#website"},"primaryImageOfPage":{"@id":"https:\/\/legrandcontinent.eu\/es\/2026\/04\/13\/comprender-la-victoria-de-peter-magyar-frente-a-viktor-orban-5-puntos-sobre-la-geografia-politica-de-una-derrota-historica\/#primaryimage"},"image":{"@id":"https:\/\/legrandcontinent.eu\/es\/2026\/04\/13\/comprender-la-victoria-de-peter-magyar-frente-a-viktor-orban-5-puntos-sobre-la-geografia-politica-de-una-derrota-historica\/#primaryimage"},"thumbnailUrl":"https:\/\/legrandcontinent.eu\/es\/wp-content\/uploads\/sites\/2\/2026\/04\/SIPA_ap23027891_000143-1-scaled.jpg","datePublished":"2026-04-13T06:24:37+00:00","dateModified":"2026-04-13T06:24:41+00:00","author":{"@id":"https:\/\/legrandcontinent.eu\/es\/#\/schema\/person\/cdd782c93d4a9eda86ab19a8c01cdf5c"},"breadcrumb":{"@id":"https:\/\/legrandcontinent.eu\/es\/2026\/04\/13\/comprender-la-victoria-de-peter-magyar-frente-a-viktor-orban-5-puntos-sobre-la-geografia-politica-de-una-derrota-historica\/#breadcrumb"},"inLanguage":"es","potentialAction":[{"@type":"ReadAction","target":["https:\/\/legrandcontinent.eu\/es\/2026\/04\/13\/comprender-la-victoria-de-peter-magyar-frente-a-viktor-orban-5-puntos-sobre-la-geografia-politica-de-una-derrota-historica\/"]}]},{"@type":"ImageObject","inLanguage":"es","@id":"https:\/\/legrandcontinent.eu\/es\/2026\/04\/13\/comprender-la-victoria-de-peter-magyar-frente-a-viktor-orban-5-puntos-sobre-la-geografia-politica-de-una-derrota-historica\/#primaryimage","url":"https:\/\/legrandcontinent.eu\/es\/wp-content\/uploads\/sites\/2\/2026\/04\/SIPA_ap23027891_000143-1-scaled.jpg","contentUrl":"https:\/\/legrandcontinent.eu\/es\/wp-content\/uploads\/sites\/2\/2026\/04\/SIPA_ap23027891_000143-1-scaled.jpg","width":2560,"height":1707,"caption":"Peter Magyar, le chef du parti d'opposition Tisza, brandit un drapeau national apr\u00e8s les \u00e9lections l\u00e9gislatives \u00e0 Budapest, en Hongrie, le dimanche 12 avril 2026. \u00a9 AP Photo\/Darko Bandic"},{"@type":"BreadcrumbList","@id":"https:\/\/legrandcontinent.eu\/es\/2026\/04\/13\/comprender-la-victoria-de-peter-magyar-frente-a-viktor-orban-5-puntos-sobre-la-geografia-politica-de-una-derrota-historica\/#breadcrumb","itemListElement":[{"@type":"ListItem","position":1,"name":"Home","item":"https:\/\/legrandcontinent.eu\/es\/"},{"@type":"ListItem","position":2,"name":"Comprender la victoria de Peter Magyar frente a Viktor Orb\u00e1n: 5 puntos sobre la geograf\u00eda pol\u00edtica de una derrota hist\u00f3rica"}]},{"@type":"WebSite","@id":"https:\/\/legrandcontinent.eu\/es\/#website","url":"https:\/\/legrandcontinent.eu\/es\/","name":"El Grand Continent","description":"La escala pertinente","potentialAction":[{"@type":"SearchAction","target":{"@type":"EntryPoint","urlTemplate":"https:\/\/legrandcontinent.eu\/es\/?s={search_term_string}"},"query-input":{"@type":"PropertyValueSpecification","valueRequired":true,"valueName":"search_term_string"}}],"inLanguage":"es"},{"@type":"Person","@id":"https:\/\/legrandcontinent.eu\/es\/#\/schema\/person\/cdd782c93d4a9eda86ab19a8c01cdf5c","name":"florent","image":{"@type":"ImageObject","inLanguage":"es","@id":"https:\/\/legrandcontinent.eu\/es\/#\/schema\/person\/image\/","url":"https:\/\/secure.gravatar.com\/avatar\/0d38d78c90602daf39b309035cdac6bc?s=96&d=mm&r=g","contentUrl":"https:\/\/secure.gravatar.com\/avatar\/0d38d78c90602daf39b309035cdac6bc?s=96&d=mm&r=g","caption":"florent"}}]}},"lgc_categories":[{"id":232,"name":"Elecciones","slug":"elecciones"}],"lgc_author":{"id":12,"name":"Fran\u00e7ois Hublet","slug":"francois-hublet","description":null,"first_name":null,"last_name":null,"picture":null},"feature_image_summary":{"url":"https:\/\/legrandcontinent.eu\/es\/wp-content\/uploads\/sites\/2\/2026\/04\/SIPA_ap23027891_000143-1-scaled.jpg","width":2560,"height":1707,"alt":""},"feature_image_cover":{"url":"https:\/\/legrandcontinent.eu\/es\/wp-content\/uploads\/sites\/2\/2026\/04\/SIPA_ap23027891_000143-1-scaled.jpg","width":2560,"height":1707,"alt":""},"term_position_data":null,"_links":{"self":[{"href":"https:\/\/legrandcontinent.eu\/es\/wp-json\/wp\/v2\/posts\/96162","targetHints":{"allow":["GET"]}}],"collection":[{"href":"https:\/\/legrandcontinent.eu\/es\/wp-json\/wp\/v2\/posts"}],"about":[{"href":"https:\/\/legrandcontinent.eu\/es\/wp-json\/wp\/v2\/types\/post"}],"author":[{"embeddable":true,"href":"https:\/\/legrandcontinent.eu\/es\/wp-json\/wp\/v2\/users\/1366"}],"replies":[{"embeddable":true,"href":"https:\/\/legrandcontinent.eu\/es\/wp-json\/wp\/v2\/comments?post=96162"}],"version-history":[{"count":5,"href":"https:\/\/legrandcontinent.eu\/es\/wp-json\/wp\/v2\/posts\/96162\/revisions"}],"predecessor-version":[{"id":96168,"href":"https:\/\/legrandcontinent.eu\/es\/wp-json\/wp\/v2\/posts\/96162\/revisions\/96168"}],"wp:featuredmedia":[{"embeddable":true,"href":"https:\/\/legrandcontinent.eu\/es\/wp-json\/wp\/v2\/media\/96156"}],"wp:attachment":[{"href":"https:\/\/legrandcontinent.eu\/es\/wp-json\/wp\/v2\/media?parent=96162"}],"wp:term":[{"taxonomy":"category","embeddable":true,"href":"https:\/\/legrandcontinent.eu\/es\/wp-json\/wp\/v2\/categories?post=96162"},{"taxonomy":"post_tag","embeddable":true,"href":"https:\/\/legrandcontinent.eu\/es\/wp-json\/wp\/v2\/tags?post=96162"},{"taxonomy":"staff","embeddable":true,"href":"https:\/\/legrandcontinent.eu\/es\/wp-json\/wp\/v2\/staff?post=96162"},{"taxonomy":"editorial_format","embeddable":true,"href":"https:\/\/legrandcontinent.eu\/es\/wp-json\/wp\/v2\/editorial_format?post=96162"},{"taxonomy":"serie","embeddable":true,"href":"https:\/\/legrandcontinent.eu\/es\/wp-json\/wp\/v2\/serie?post=96162"},{"taxonomy":"audience","embeddable":true,"href":"https:\/\/legrandcontinent.eu\/es\/wp-json\/wp\/v2\/audience?post=96162"},{"taxonomy":"geo","embeddable":true,"href":"https:\/\/legrandcontinent.eu\/es\/wp-json\/wp\/v2\/geo?post=96162"}],"curies":[{"name":"wp","href":"https:\/\/api.w.org\/{rel}","templated":true}]}}