{"id":96043,"date":"2026-04-11T20:22:33","date_gmt":"2026-04-11T18:22:33","guid":{"rendered":"https:\/\/legrandcontinent.eu\/es\/?p=96043"},"modified":"2026-04-11T20:22:37","modified_gmt":"2026-04-11T18:22:37","slug":"emmanuel-macron-en-el-vaticano-un-nuevo-papa-se-reune-con-un-futuro-expresidente","status":"publish","type":"post","link":"https:\/\/legrandcontinent.eu\/es\/2026\/04\/11\/emmanuel-macron-en-el-vaticano-un-nuevo-papa-se-reune-con-un-futuro-expresidente\/","title":{"rendered":"Emmanuel Macron en el Vaticano: un nuevo papa se re\u00fane con un futuro expresidente"},"content":{"rendered":"\n<p>El viernes 10 de abril, a primera hora de la ma\u00f1ana, Emmanuel Macron se reuni\u00f3 por primera vez con el papa Le\u00f3n XIV, elegido hace casi un a\u00f1o. Se trata de su cuarta entrevista oficial con un papa y de su quinta visita presidencial al Vaticano, habi\u00e9ndose celebrado la anterior con motivo del funeral del papa Francisco en abril de 2025.<\/p>\n\n\n\n<ul class=\"wp-block-list\">\n<li>Esta audiencia privada, prevista desde hac\u00eda tiempo pero pospuesta en varias ocasiones debido a incompatibilidades de agenda, dur\u00f3 m\u00e1s de una hora, lo cual es inusualmente largo para una reuni\u00f3n de este tipo.<\/li>\n\n\n\n<li>Durante esta conversaci\u00f3n, Emmanuel Macron renov\u00f3 la invitaci\u00f3n a visitar Francia, que ya le hab\u00eda sido dirigida al Papa por la Conferencia Episcopal de Francia (CEF).<\/li>\n\n\n\n<li>Aunque a\u00fan no hay nada seguro, parece que se est\u00e1 barajando una visita el pr\u00f3ximo mes de septiembre, con paradas previstas en Par\u00eds y Lourdes.<\/li>\n\n\n\n<li>Estos dos lugares, la capital pol\u00edtica y la capital mariana de Francia, sede de las asambleas plenarias semestrales de la CEF, ya fueron objeto de la \u00faltima visita papal oficial a Francia, la de Benedicto XVI en 2008.<\/li>\n\n\n\n<li>De forma m\u00e1s inesperada, tambi\u00e9n se menciona la ciudad de Scy-Chazelles, en Mosela, donde se encuentra la tumba de uno de los \u00abPadres de Europa\u00bb, Robert Schuman, ferviente cat\u00f3lico recientemente declarado \u00abvenerable\u00bb por la Iglesia cat\u00f3lica.<\/li>\n<\/ul>\n\n\n\n<p>Esta invitaci\u00f3n supone tambi\u00e9n una oportunidad para reparar el efecto negativo causado por la negativa del papa Francisco a presidir la ceremonia de reapertura de la catedral de Notre-Dame, en diciembre de 2024, un gesto que hab\u00eda ofendido profundamente a la diplomacia francesa.<\/p>\n\n\n\n<p>El tema principal de su conversaci\u00f3n gir\u00f3 en torno a la paz en Oriente Pr\u00f3ximo y Oriente Medio, m\u00e1s fr\u00e1gil que nunca a pesar del alto el fuego acordado el 8 de abril.<\/p>\n\n\n\n<ul class=\"wp-block-list\">\n<li>En este asunto, se observa una notable convergencia entre la diplomacia del El\u00edseo y la del Vaticano, ambas bastante cautelosas ante el aventurerismo b\u00e9lico de Donald Trump y Benjamin Netanyahu, aunque no hayan expresado esta desconfianza en los mismos t\u00e9rminos, llegando Le\u00f3n XIV incluso a una franca condena.<\/li>\n\n\n\n<li>Francia y la Santa Sede comparten tambi\u00e9n una preocupaci\u00f3n especial por el L\u00edbano, un Estado nacido de la voluntad de las potencias occidentales, entre ellas Francia, antigua potencia mandataria, de garantizar un hogar nacional a los cristianos de Oriente. De ah\u00ed la \u00absensibilidad especial\u00bb del Papa y del presidente sobre este tema, reivindicada por el El\u00edseo.<\/li>\n\n\n\n<li>Tanto Le\u00f3n XIV \u2014que le dedic\u00f3 el pasado noviembre su primera visita pastoral junto con Turqu\u00eda\u2014 como Emmanuel Macron se han implicado personalmente para resolver la crisis del Estado liban\u00e9s, mientras el pa\u00eds acaba de sufrir bombardeos israel\u00edes especialmente mort\u00edferos y la derecha israel\u00ed ya no oculta sus veleidades anexionistas sobre el sur del L\u00edbano, al sur del r\u00edo Litani.<\/li>\n<\/ul>\n\n\n\n<p>En lo que respecta a los temas de pol\u00edtica interior, no faltan motivos de desacuerdo: la Santa Sede ha expresado, en particular, su preocupaci\u00f3n por la ley sobre el final de la vida aprobada por la Asamblea Nacional, contra la cual se ha movilizado la Iglesia cat\u00f3lica; tambi\u00e9n le inquieta el cuestionamiento del estatuto de la escuela privada confesional, que el Vaticano considera una libertad fundamental. La competencia entre las escuelas p\u00fablicas y privadas se ha avivado, desde hace alg\u00fan tiempo, por la disminuci\u00f3n del n\u00famero de alumnos.<\/p>\n\n\n\n<ul class=\"wp-block-list\">\n<li>La composici\u00f3n de la delegaci\u00f3n francesa, formada por una veintena de personas, permite hacerse una idea de los temas que se han abordado: adem\u00e1s de los ministros Jean-No\u00ebl Barrot (Asuntos Exteriores) y Catherine P\u00e9gard (Cultura), as\u00ed como del obispo de las Fuerzas Armadas, Antoine de Romanet, y del rector de la bas\u00edlica de Lourdes, cuenta con el secretario general de la Ense\u00f1anza Cat\u00f3lica, Guillaume Pr\u00e9vost, Fran\u00e7ois Morini\u00e8re, presidente del consejo de administraci\u00f3n del grupo Bayard, y Jean-Marc Sauv\u00e9, antiguo vicepresidente del Consejo de Estado y responsable del informe de la Ciase sobre los abusos sexuales en la Iglesia.<\/li>\n\n\n\n<li>Para este \u00faltimo, la visita a Le\u00f3n XIV supone una recuperaci\u00f3n, ya que su audiencia con Francisco, prevista tras la publicaci\u00f3n del informe, hab\u00eda sido aplazada sine die en 2021.\u00a0<\/li>\n\n\n\n<li>Tambi\u00e9n se cuenta con Didier Duriez, presidente de Secours Catholique; Charles Personnaz, director del Instituto Nacional del Patrimonio; Laurent Landete, director del Coll\u00e8ge des Bernardins, donde Emmanuel Macron pronunci\u00f3 un destacado discurso dirigido a la Iglesia en 2018; monse\u00f1or Hugues de Woillemont, director general de la \u0152uvre d\u2019Orient, que presta ayuda a los cristianos de Oriente; y la hermana Miriam An-Nour, directora del Carmelo de San Jos\u00e9 en el L\u00edbano.<\/li>\n<\/ul>\n\n\n\n<p>Emmanuel Macron tambi\u00e9n mantuvo una reuni\u00f3n, durante un almuerzo en la Villa Bonaparte, sede de la embajada de Francia ante el Vaticano, con el n\u00famero dos de la Santa Sede, el cardenal secretario de Estado Pietro Parolin. En el cargo desde hace m\u00e1s de 12 a\u00f1os, es sin duda el diplom\u00e1tico con m\u00e1s experiencia de la Santa Sede. Constituye un claro elemento de continuidad con el pontificado de Francisco.<\/p>\n\n\n\n<ul class=\"wp-block-list\">\n<li>Tambi\u00e9n se reuni\u00f3 con el prelado brit\u00e1nico Mons. Paul Gallagher, secretario para las Relaciones con los Estados (ministro de Asuntos Exteriores) de la Santa Sede.\u00a0<\/li>\n\n\n\n<li>A continuaci\u00f3n, se dirigi\u00f3 a la Villa M\u00e9dicis, sede de la Academia de Francia en Roma, un importante instrumento del soft power franc\u00e9s, y luego a la bas\u00edlica de San Juan de Letr\u00e1n, catedral de la di\u00f3cesis de Roma,\u00abmadre de todas las iglesias de la ciudad y del mundo\u00bb, de la que el jefe de Estado franc\u00e9s es el primer can\u00f3nigo de honor desde una tradici\u00f3n que se remonta al rey Enrique IV (1589-1610). Emmanuel Macron, al igual que Nicolas Sarkozy y a diferencia de su predecesor Fran\u00e7ois Hollande, acept\u00f3 venir a tomar posesi\u00f3n de este t\u00edtulo honor\u00edfico.<\/li>\n\n\n\n<li>La v\u00edspera, Emmanuel Macron se hab\u00eda reunido con Andrea Riccardi, un influyente laico y fundador de la comunidad cat\u00f3lica de Sant\u2019Egidio, que trabaja en el \u00e1mbito de la diplomacia informal en los escenarios b\u00e9licos del mundo. Val\u00e9rie R\u00e9gnier, presidenta de Sant\u2019Egidio para Francia, forma parte, por cierto, de la delegaci\u00f3n.<\/li>\n<\/ul>\n\n\n\n<p>El presidente franc\u00e9s iba acompa\u00f1ado de su esposa, Brigitte, vestida de negro, como dicta el protocolo, que reserva el \u00abprivilegio del blanco\u00bb a las reinas y princesas cat\u00f3licas (como la princesa Charl\u00e8ne de M\u00f3naco recientemente). En cambio, renunci\u00f3 a la mantilla que a\u00fan se ve a veces en las cabezas de las primeras damas estadounidenses durante las audiencias papales.<\/p>\n\n\n\n<ul class=\"wp-block-list\">\n<li>Entre bastidores, la esposa del jefe de Estado habr\u00eda desempe\u00f1ado un papel nada desde\u00f1able como enlace entre Emmanuel Macron y los c\u00edrculos cat\u00f3licos franceses.<\/li>\n\n\n\n<li>Si bien Emmanuel Macron se dirigi\u00f3 al papa Francisco en tratamiento de tuteo, sin que este pareciera ofenderse, los intercambios con el papa Le\u00f3n XIV estuvieron marcados por una mayor moderaci\u00f3n y una sobriedad cl\u00e1sica.<\/li>\n\n\n\n<li>Aunque la visita de Le\u00f3n XIV a M\u00f3naco hab\u00eda confirmado que su dominio del franc\u00e9s era mucho mejor que el de su predecesor, la entrevista se desarroll\u00f3 en ingl\u00e9s.<\/li>\n\n\n\n<li>La audiencia tambi\u00e9n estuvo marcada por un intercambio de obsequios diplom\u00e1ticos: en un gui\u00f1o al gran seguidor de los\u00a0<em>Chicago Bulls<\/em>\u00a0que es el Papa, se le obsequi\u00f3 con una camiseta dedicada de la selecci\u00f3n francesa de baloncesto, as\u00ed como con un facs\u00edmil del mapa de Am\u00e9rica del Norte dibujado por el jesuita franc\u00e9s Jacques Marquette (1637-1675), evangelizador de Canad\u00e1 y de la regi\u00f3n de los Grandes Lagos; una recopilaci\u00f3n de los textos escritos por Georges Bernanos durante la Segunda Guerra Mundial, en los que el gran escritor cat\u00f3lico instaba a la Iglesia y a Francia a cumplir su misi\u00f3n prof\u00e9tica contra el totalitarismo; y, por \u00faltimo, la obra\u00a0<em>Reb\u00e2tir Notre-Dame de Paris<\/em>, dirigida por Matthieu Lours, dedicada a la reconstrucci\u00f3n de la catedral.<\/li>\n<\/ul>\n","protected":false},"excerpt":{"rendered":"<p>El presidente franc\u00e9s acudi\u00f3 el viernes 10 de abril al Vaticano para su quinta visita oficial a la Santa Sede.<\/p>\n<p>Jean-Beno\u00eet Poulle repasa los momentos m\u00e1s destacados de esta audiencia, que podr\u00eda anunciar una pr\u00f3xima visita del papa Le\u00f3n XIV a Francia.<\/p>\n","protected":false},"author":1366,"featured_media":96039,"comment_status":"closed","ping_status":"closed","sticky":false,"template":"templates\/post-briefings.php","format":"standard","meta":{"_acf_changed":true,"_trash_the_other_posts":false,"_yoast_wpseo_estimated-reading-time-minutes":6,"footnotes":""},"categories":[292],"tags":[],"staff":[151],"editorial_format":[1424],"serie":[],"audience":[],"geo":[177],"class_list":["post-96043","post","type-post","status-publish","format-standard","hentry","category-religion","staff-jean-benoit-poulle","editorial_format-briefings","geo-europa"],"acf":{"open_in_webview":false,"accent":"default","_thumbnail_id":96039,"excerpt":"El presidente franc\u00e9s acudi\u00f3 el viernes 10 de abril al Vaticano para su quinta visita oficial a la Santa Sede.\r\n\r\nJean-Beno\u00eet Poulle repasa los momentos m\u00e1s destacados de esta audiencia, que podr\u00eda anunciar una pr\u00f3xima visita del papa Le\u00f3n XIV a Francia.","display_date":"","new_abstract":true},"yoast_head":"<!-- This site is optimized with the Yoast SEO plugin v26.1.1 - https:\/\/yoast.com\/wordpress\/plugins\/seo\/ -->\n<title>Emmanuel Macron en el Vaticano: un nuevo papa se re\u00fane con un futuro expresidente - El Grand Continent<\/title>\n<meta name=\"robots\" content=\"index, follow, max-snippet:-1, max-image-preview:large, max-video-preview:-1\" \/>\n<link rel=\"canonical\" href=\"https:\/\/legrandcontinent.eu\/es\/2026\/04\/11\/emmanuel-macron-en-el-vaticano-un-nuevo-papa-se-reune-con-un-futuro-expresidente\/\" \/>\n<meta property=\"og:locale\" content=\"es_ES\" \/>\n<meta property=\"og:type\" content=\"article\" \/>\n<meta property=\"og:title\" content=\"Emmanuel Macron en el Vaticano: un nuevo papa se re\u00fane con un futuro expresidente - El Grand Continent\" \/>\n<meta property=\"og:description\" content=\"El presidente franc\u00e9s acudi\u00f3 el viernes 10 de abril al Vaticano para su quinta visita oficial a la Santa Sede.  Jean-Beno\u00eet Poulle repasa los momentos m\u00e1s destacados de esta audiencia, que podr\u00eda anunciar una pr\u00f3xima visita del papa Le\u00f3n XIV a Francia.\" \/>\n<meta property=\"og:url\" content=\"https:\/\/legrandcontinent.eu\/es\/2026\/04\/11\/emmanuel-macron-en-el-vaticano-un-nuevo-papa-se-reune-con-un-futuro-expresidente\/\" \/>\n<meta property=\"og:site_name\" content=\"El Grand Continent\" \/>\n<meta property=\"article:published_time\" content=\"2026-04-11T18:22:33+00:00\" \/>\n<meta property=\"article:modified_time\" content=\"2026-04-11T18:22:37+00:00\" \/>\n<meta property=\"og:image\" content=\"https:\/\/legrandcontinent.eu\/es\/wp-content\/uploads\/sites\/2\/2026\/04\/Sans-titre-19-990x570.png\" \/>\n\t<meta property=\"og:image:width\" content=\"990\" \/>\n\t<meta property=\"og:image:height\" content=\"570\" \/>\n\t<meta property=\"og:image:type\" content=\"image\/png\" \/>\n<meta name=\"author\" content=\"florent\" \/>\n<meta name=\"twitter:card\" content=\"summary_large_image\" \/>\n<meta name=\"twitter:image\" content=\"https:\/\/legrandcontinent.eu\/es\/wp-content\/uploads\/sites\/2\/2026\/04\/Sans-titre-19.png\" \/>\n<meta name=\"twitter:label1\" content=\"Escrito por\" \/>\n\t<meta name=\"twitter:data1\" content=\"florent\" \/>\n\t<meta name=\"twitter:label2\" content=\"Tiempo de lectura\" \/>\n\t<meta name=\"twitter:data2\" content=\"6 minutos\" \/>\n<script type=\"application\/ld+json\" class=\"yoast-schema-graph\">{\"@context\":\"https:\/\/schema.org\",\"@graph\":[{\"@type\":\"WebPage\",\"@id\":\"https:\/\/legrandcontinent.eu\/es\/2026\/04\/11\/emmanuel-macron-en-el-vaticano-un-nuevo-papa-se-reune-con-un-futuro-expresidente\/\",\"url\":\"https:\/\/legrandcontinent.eu\/es\/2026\/04\/11\/emmanuel-macron-en-el-vaticano-un-nuevo-papa-se-reune-con-un-futuro-expresidente\/\",\"name\":\"Emmanuel Macron en el Vaticano: un nuevo papa se re\u00fane con un futuro expresidente - El Grand Continent\",\"isPartOf\":{\"@id\":\"https:\/\/legrandcontinent.eu\/es\/#website\"},\"primaryImageOfPage\":{\"@id\":\"https:\/\/legrandcontinent.eu\/es\/2026\/04\/11\/emmanuel-macron-en-el-vaticano-un-nuevo-papa-se-reune-con-un-futuro-expresidente\/#primaryimage\"},\"image\":{\"@id\":\"https:\/\/legrandcontinent.eu\/es\/2026\/04\/11\/emmanuel-macron-en-el-vaticano-un-nuevo-papa-se-reune-con-un-futuro-expresidente\/#primaryimage\"},\"thumbnailUrl\":\"https:\/\/legrandcontinent.eu\/es\/wp-content\/uploads\/sites\/2\/2026\/04\/SIPA_01262848_000006-scaled.jpg\",\"datePublished\":\"2026-04-11T18:22:33+00:00\",\"dateModified\":\"2026-04-11T18:22:37+00:00\",\"author\":{\"@id\":\"https:\/\/legrandcontinent.eu\/es\/#\/schema\/person\/cdd782c93d4a9eda86ab19a8c01cdf5c\"},\"breadcrumb\":{\"@id\":\"https:\/\/legrandcontinent.eu\/es\/2026\/04\/11\/emmanuel-macron-en-el-vaticano-un-nuevo-papa-se-reune-con-un-futuro-expresidente\/#breadcrumb\"},\"inLanguage\":\"es\",\"potentialAction\":[{\"@type\":\"ReadAction\",\"target\":[\"https:\/\/legrandcontinent.eu\/es\/2026\/04\/11\/emmanuel-macron-en-el-vaticano-un-nuevo-papa-se-reune-con-un-futuro-expresidente\/\"]}]},{\"@type\":\"ImageObject\",\"inLanguage\":\"es\",\"@id\":\"https:\/\/legrandcontinent.eu\/es\/2026\/04\/11\/emmanuel-macron-en-el-vaticano-un-nuevo-papa-se-reune-con-un-futuro-expresidente\/#primaryimage\",\"url\":\"https:\/\/legrandcontinent.eu\/es\/wp-content\/uploads\/sites\/2\/2026\/04\/SIPA_01262848_000006-scaled.jpg\",\"contentUrl\":\"https:\/\/legrandcontinent.eu\/es\/wp-content\/uploads\/sites\/2\/2026\/04\/SIPA_01262848_000006-scaled.jpg\",\"width\":2560,\"height\":1707,\"caption\":\"Italie, Rome, Vatican, 10 avril 2026. Le pape L\u00e9on XIV re\u00e7oit le pr\u00e9sident fran\u00e7ais Emmanuel Macron et son \u00e9pouse Brigitte Macron lors d'une audience priv\u00e9e. Photo : VATICAN MEDIA\/ Catholic Press Photo R\u00c9SERV\u00c9 \u00c0 UN USAGE\u00c9DITORIAL - PAS DE MARKETING - PAS DE CAMPAGNES PUBLICITAIRES.\/\/IPAPRESSITALY_ipa1761\/Cr\u00e9dit : VATICAN MEDIA \/ \/ ipa-age\/SIPA\/2604101356\"},{\"@type\":\"BreadcrumbList\",\"@id\":\"https:\/\/legrandcontinent.eu\/es\/2026\/04\/11\/emmanuel-macron-en-el-vaticano-un-nuevo-papa-se-reune-con-un-futuro-expresidente\/#breadcrumb\",\"itemListElement\":[{\"@type\":\"ListItem\",\"position\":1,\"name\":\"Home\",\"item\":\"https:\/\/legrandcontinent.eu\/es\/\"},{\"@type\":\"ListItem\",\"position\":2,\"name\":\"Emmanuel Macron en el Vaticano: un nuevo papa se re\u00fane con un futuro expresidente\"}]},{\"@type\":\"WebSite\",\"@id\":\"https:\/\/legrandcontinent.eu\/es\/#website\",\"url\":\"https:\/\/legrandcontinent.eu\/es\/\",\"name\":\"El Grand Continent\",\"description\":\"La escala pertinente\",\"potentialAction\":[{\"@type\":\"SearchAction\",\"target\":{\"@type\":\"EntryPoint\",\"urlTemplate\":\"https:\/\/legrandcontinent.eu\/es\/?s={search_term_string}\"},\"query-input\":{\"@type\":\"PropertyValueSpecification\",\"valueRequired\":true,\"valueName\":\"search_term_string\"}}],\"inLanguage\":\"es\"},{\"@type\":\"Person\",\"@id\":\"https:\/\/legrandcontinent.eu\/es\/#\/schema\/person\/cdd782c93d4a9eda86ab19a8c01cdf5c\",\"name\":\"florent\",\"image\":{\"@type\":\"ImageObject\",\"inLanguage\":\"es\",\"@id\":\"https:\/\/legrandcontinent.eu\/es\/#\/schema\/person\/image\/\",\"url\":\"https:\/\/secure.gravatar.com\/avatar\/0d38d78c90602daf39b309035cdac6bc?s=96&d=mm&r=g\",\"contentUrl\":\"https:\/\/secure.gravatar.com\/avatar\/0d38d78c90602daf39b309035cdac6bc?s=96&d=mm&r=g\",\"caption\":\"florent\"}}]}<\/script>\n<!-- \/ Yoast SEO plugin. -->","yoast_head_json":{"title":"Emmanuel Macron en el Vaticano: un nuevo papa se re\u00fane con un futuro expresidente - El Grand Continent","robots":{"index":"index","follow":"follow","max-snippet":"max-snippet:-1","max-image-preview":"max-image-preview:large","max-video-preview":"max-video-preview:-1"},"canonical":"https:\/\/legrandcontinent.eu\/es\/2026\/04\/11\/emmanuel-macron-en-el-vaticano-un-nuevo-papa-se-reune-con-un-futuro-expresidente\/","og_locale":"es_ES","og_type":"article","og_title":"Emmanuel Macron en el Vaticano: un nuevo papa se re\u00fane con un futuro expresidente - El Grand Continent","og_description":"El presidente franc\u00e9s acudi\u00f3 el viernes 10 de abril al Vaticano para su quinta visita oficial a la Santa Sede.  Jean-Beno\u00eet Poulle repasa los momentos m\u00e1s destacados de esta audiencia, que podr\u00eda anunciar una pr\u00f3xima visita del papa Le\u00f3n XIV a Francia.","og_url":"https:\/\/legrandcontinent.eu\/es\/2026\/04\/11\/emmanuel-macron-en-el-vaticano-un-nuevo-papa-se-reune-con-un-futuro-expresidente\/","og_site_name":"El Grand Continent","article_published_time":"2026-04-11T18:22:33+00:00","article_modified_time":"2026-04-11T18:22:37+00:00","og_image":[{"width":990,"height":570,"url":"https:\/\/legrandcontinent.eu\/es\/wp-content\/uploads\/sites\/2\/2026\/04\/Sans-titre-19-990x570.png","type":"image\/png"}],"author":"florent","twitter_card":"summary_large_image","twitter_image":"https:\/\/legrandcontinent.eu\/es\/wp-content\/uploads\/sites\/2\/2026\/04\/Sans-titre-19.png","twitter_misc":{"Escrito por":"florent","Tiempo de lectura":"6 minutos"},"schema":{"@context":"https:\/\/schema.org","@graph":[{"@type":"WebPage","@id":"https:\/\/legrandcontinent.eu\/es\/2026\/04\/11\/emmanuel-macron-en-el-vaticano-un-nuevo-papa-se-reune-con-un-futuro-expresidente\/","url":"https:\/\/legrandcontinent.eu\/es\/2026\/04\/11\/emmanuel-macron-en-el-vaticano-un-nuevo-papa-se-reune-con-un-futuro-expresidente\/","name":"Emmanuel Macron en el Vaticano: un nuevo papa se re\u00fane con un futuro expresidente - El Grand Continent","isPartOf":{"@id":"https:\/\/legrandcontinent.eu\/es\/#website"},"primaryImageOfPage":{"@id":"https:\/\/legrandcontinent.eu\/es\/2026\/04\/11\/emmanuel-macron-en-el-vaticano-un-nuevo-papa-se-reune-con-un-futuro-expresidente\/#primaryimage"},"image":{"@id":"https:\/\/legrandcontinent.eu\/es\/2026\/04\/11\/emmanuel-macron-en-el-vaticano-un-nuevo-papa-se-reune-con-un-futuro-expresidente\/#primaryimage"},"thumbnailUrl":"https:\/\/legrandcontinent.eu\/es\/wp-content\/uploads\/sites\/2\/2026\/04\/SIPA_01262848_000006-scaled.jpg","datePublished":"2026-04-11T18:22:33+00:00","dateModified":"2026-04-11T18:22:37+00:00","author":{"@id":"https:\/\/legrandcontinent.eu\/es\/#\/schema\/person\/cdd782c93d4a9eda86ab19a8c01cdf5c"},"breadcrumb":{"@id":"https:\/\/legrandcontinent.eu\/es\/2026\/04\/11\/emmanuel-macron-en-el-vaticano-un-nuevo-papa-se-reune-con-un-futuro-expresidente\/#breadcrumb"},"inLanguage":"es","potentialAction":[{"@type":"ReadAction","target":["https:\/\/legrandcontinent.eu\/es\/2026\/04\/11\/emmanuel-macron-en-el-vaticano-un-nuevo-papa-se-reune-con-un-futuro-expresidente\/"]}]},{"@type":"ImageObject","inLanguage":"es","@id":"https:\/\/legrandcontinent.eu\/es\/2026\/04\/11\/emmanuel-macron-en-el-vaticano-un-nuevo-papa-se-reune-con-un-futuro-expresidente\/#primaryimage","url":"https:\/\/legrandcontinent.eu\/es\/wp-content\/uploads\/sites\/2\/2026\/04\/SIPA_01262848_000006-scaled.jpg","contentUrl":"https:\/\/legrandcontinent.eu\/es\/wp-content\/uploads\/sites\/2\/2026\/04\/SIPA_01262848_000006-scaled.jpg","width":2560,"height":1707,"caption":"Italie, Rome, Vatican, 10 avril 2026. Le pape L\u00e9on XIV re\u00e7oit le pr\u00e9sident fran\u00e7ais Emmanuel Macron et son \u00e9pouse Brigitte Macron lors d'une audience priv\u00e9e. Photo : VATICAN MEDIA\/ Catholic Press Photo R\u00c9SERV\u00c9 \u00c0 UN USAGE\u00c9DITORIAL - PAS DE MARKETING - PAS DE CAMPAGNES PUBLICITAIRES.\/\/IPAPRESSITALY_ipa1761\/Cr\u00e9dit : VATICAN MEDIA \/ \/ ipa-age\/SIPA\/2604101356"},{"@type":"BreadcrumbList","@id":"https:\/\/legrandcontinent.eu\/es\/2026\/04\/11\/emmanuel-macron-en-el-vaticano-un-nuevo-papa-se-reune-con-un-futuro-expresidente\/#breadcrumb","itemListElement":[{"@type":"ListItem","position":1,"name":"Home","item":"https:\/\/legrandcontinent.eu\/es\/"},{"@type":"ListItem","position":2,"name":"Emmanuel Macron en el Vaticano: un nuevo papa se re\u00fane con un futuro expresidente"}]},{"@type":"WebSite","@id":"https:\/\/legrandcontinent.eu\/es\/#website","url":"https:\/\/legrandcontinent.eu\/es\/","name":"El Grand Continent","description":"La escala pertinente","potentialAction":[{"@type":"SearchAction","target":{"@type":"EntryPoint","urlTemplate":"https:\/\/legrandcontinent.eu\/es\/?s={search_term_string}"},"query-input":{"@type":"PropertyValueSpecification","valueRequired":true,"valueName":"search_term_string"}}],"inLanguage":"es"},{"@type":"Person","@id":"https:\/\/legrandcontinent.eu\/es\/#\/schema\/person\/cdd782c93d4a9eda86ab19a8c01cdf5c","name":"florent","image":{"@type":"ImageObject","inLanguage":"es","@id":"https:\/\/legrandcontinent.eu\/es\/#\/schema\/person\/image\/","url":"https:\/\/secure.gravatar.com\/avatar\/0d38d78c90602daf39b309035cdac6bc?s=96&d=mm&r=g","contentUrl":"https:\/\/secure.gravatar.com\/avatar\/0d38d78c90602daf39b309035cdac6bc?s=96&d=mm&r=g","caption":"florent"}}]}},"lgc_categories":[{"id":292,"name":"Religi\u00f3n","slug":"religion"}],"lgc_author":{"id":151,"name":"Jean-Beno\u00eet Poulle","slug":"jean-benoit-poulle","description":"Antiguo alumno (A\/L 2013) y titulado (2018) de la \u00c9cole normale sup\u00e9rieure de la rue d'Ulm, profesor agregado de Historia (2017), doctorando contratado en la Sorbona (2018-2022) y becario de la Fundaci\u00f3n Thiers (2022-2023), actualmente es profesor asistente en Historia Moderna en la Universidad de la Sorbona y est\u00e1 realizando su tesis doctoral bajo la direcci\u00f3n conjunta de los profesores Reynald Abad y Olivier Chaline.","first_name":"Jean-Beno\u00eet","last_name":"Poulle","picture":{"url":"https:\/\/legrandcontinent.eu\/es\/wp-content\/uploads\/sites\/2\/2023\/09\/1600007532804.png","width":576,"height":592,"alt":""}},"feature_image_summary":{"url":"https:\/\/legrandcontinent.eu\/es\/wp-content\/uploads\/sites\/2\/2026\/04\/SIPA_01262848_000006-scaled.jpg","width":2560,"height":1707,"alt":""},"feature_image_cover":null,"term_position_data":null,"_links":{"self":[{"href":"https:\/\/legrandcontinent.eu\/es\/wp-json\/wp\/v2\/posts\/96043","targetHints":{"allow":["GET"]}}],"collection":[{"href":"https:\/\/legrandcontinent.eu\/es\/wp-json\/wp\/v2\/posts"}],"about":[{"href":"https:\/\/legrandcontinent.eu\/es\/wp-json\/wp\/v2\/types\/post"}],"author":[{"embeddable":true,"href":"https:\/\/legrandcontinent.eu\/es\/wp-json\/wp\/v2\/users\/1366"}],"replies":[{"embeddable":true,"href":"https:\/\/legrandcontinent.eu\/es\/wp-json\/wp\/v2\/comments?post=96043"}],"version-history":[{"count":5,"href":"https:\/\/legrandcontinent.eu\/es\/wp-json\/wp\/v2\/posts\/96043\/revisions"}],"predecessor-version":[{"id":96050,"href":"https:\/\/legrandcontinent.eu\/es\/wp-json\/wp\/v2\/posts\/96043\/revisions\/96050"}],"wp:featuredmedia":[{"embeddable":true,"href":"https:\/\/legrandcontinent.eu\/es\/wp-json\/wp\/v2\/media\/96039"}],"wp:attachment":[{"href":"https:\/\/legrandcontinent.eu\/es\/wp-json\/wp\/v2\/media?parent=96043"}],"wp:term":[{"taxonomy":"category","embeddable":true,"href":"https:\/\/legrandcontinent.eu\/es\/wp-json\/wp\/v2\/categories?post=96043"},{"taxonomy":"post_tag","embeddable":true,"href":"https:\/\/legrandcontinent.eu\/es\/wp-json\/wp\/v2\/tags?post=96043"},{"taxonomy":"staff","embeddable":true,"href":"https:\/\/legrandcontinent.eu\/es\/wp-json\/wp\/v2\/staff?post=96043"},{"taxonomy":"editorial_format","embeddable":true,"href":"https:\/\/legrandcontinent.eu\/es\/wp-json\/wp\/v2\/editorial_format?post=96043"},{"taxonomy":"serie","embeddable":true,"href":"https:\/\/legrandcontinent.eu\/es\/wp-json\/wp\/v2\/serie?post=96043"},{"taxonomy":"audience","embeddable":true,"href":"https:\/\/legrandcontinent.eu\/es\/wp-json\/wp\/v2\/audience?post=96043"},{"taxonomy":"geo","embeddable":true,"href":"https:\/\/legrandcontinent.eu\/es\/wp-json\/wp\/v2\/geo?post=96043"}],"curies":[{"name":"wp","href":"https:\/\/api.w.org\/{rel}","templated":true}]}}