{"id":96020,"date":"2026-04-11T14:20:05","date_gmt":"2026-04-11T12:20:05","guid":{"rendered":"https:\/\/legrandcontinent.eu\/es\/?p=96020"},"modified":"2026-04-11T14:20:09","modified_gmt":"2026-04-11T12:20:09","slug":"tras-el-alto-el-fuego-de-pascua-en-ucrania-es-ahora-posible-un-acuerdo-de-paz","status":"publish","type":"post","link":"https:\/\/legrandcontinent.eu\/es\/2026\/04\/11\/tras-el-alto-el-fuego-de-pascua-en-ucrania-es-ahora-posible-un-acuerdo-de-paz\/","title":{"rendered":"Tras el alto el fuego de Pascua en Ucrania, \u00bfes ahora posible un acuerdo de paz?"},"content":{"rendered":"\n<p>El jueves 9 de abril, Vladimir Putin decret\u00f3 una tregua para el fin de semana de la Pascua ortodoxa en Ucrania. Esta deber\u00eda comenzar hoy a las 15:00 (hora de Madrid) y expirar ma\u00f1ana por la noche, domingo 12 de abril, a las 23:00&nbsp;<span class='whitespace-nowrap'><span id='easy-footnote-1-96020' class='easy-footnote-margin-adjust'><\/span><span class='easy-footnote'><a href='https:\/\/legrandcontinent.eu\/es\/2026\/04\/11\/tras-el-alto-el-fuego-de-pascua-en-ucrania-es-ahora-posible-un-acuerdo-de-paz\/#easy-footnote-bottom-1-96020' title='\u00a0&lt;a href=&quot;http:\/\/kremlin.ru\/events\/president\/news\/79517&quot;&gt;\u0420\u0435\u0448\u0435\u043d\u0438\u0435\u043c \u041f\u0440\u0435\u0437\u0438\u0434\u0435\u043d\u0442\u0430 \u0420\u043e\u0441\u0441\u0438\u0438 \u0432 \u0441\u0432\u044f\u0437\u0438 \u0441 \u043f\u0440\u0438\u0431\u043b\u0438\u0436\u0430\u044e\u0449\u0438\u043c\u0441\u044f \u043f\u0440\u0430\u0432\u043e\u0441\u043b\u0430\u0432\u043d\u044b\u043c \u043f\u0440\u0430\u0437\u0434\u043d\u0438\u043a\u043e\u043c \u041f\u0430\u0441\u0445\u0438 (\u0421\u0432\u0435\u0442\u043b\u043e\u0433\u043e \u0425\u0440\u0438\u0441\u0442\u043e\u0432\u0430 \u0412\u043e\u0441\u043a\u0440\u0435\u0441\u0435\u043d\u0438\u044f) \u043e\u0431\u044a\u044f\u0432\u043b\u044f\u0435\u0442\u0441\u044f \u043f\u0435\u0440\u0435\u043c\u0438\u0440\u0438\u0435&lt;\/a&gt;, Kremlin, 9 de abril de 2026.'><sup>1<\/sup><\/a><\/span><\/span>. Durante\u00a0<a href=\"https:\/\/legrandcontinent.eu\/es\/2025\/04\/20\/a-pesar-del-anuncio-de-putin-donald-trump-no-ha-logrado-un-alto-el-fuego-duradero-en-ucrania-para-pascua\/\">un alto el fuego temporal similar el a\u00f1o pasado<\/a>, Zelenski acus\u00f3 al ej\u00e9rcito ruso de haberlo violado en 3.000 ocasiones.<\/p>\n\n\n\n<ul class=\"wp-block-list\">\n<li>El presidente ucraniano ha propuesto en varias ocasiones cesar los combates durante el fin de semana de Pascua.<\/li>\n\n\n\n<li>El 30 de marzo, declar\u00f3 que Kiev estaba dispuesta a respetar un alto el fuego sobre el terreno, as\u00ed como una tregua energ\u00e9tica.<\/li>\n\n\n\n<li>El jueves 9 de marzo, poco despu\u00e9s del anuncio de Putin, declar\u00f3 que el ej\u00e9rcito ucraniano \u00abactuar\u00e1 en consecuencia\u00bb. A\u00f1adi\u00f3: \u00abRusia tambi\u00e9n tiene la posibilidad de no reanudar los ataques despu\u00e9s de Pascua\u00bb.<\/li>\n<\/ul>\n\n\n\n<figure class=\"wp-block-embed is-type-rich is-provider-twitter wp-block-embed-twitter\"><div class=\"wp-block-embed__wrapper\">\n<blockquote class=\"twitter-tweet\" data-width=\"550\" data-dnt=\"true\"><p lang=\"en\" dir=\"ltr\">Ukraine has repeatedly stated that we are ready for symmetrical steps. We proposed a ceasefire during the Easter holidays this year and will act accordingly. People need an Easter free from threats and real movement toward peace, and Russia has a chance not to return to strikes\u2026<\/p>&mdash; Volodymyr Zelenskyy \/ \u0412\u043e\u043b\u043e\u0434\u0438\u043c\u0438\u0440 \u0417\u0435\u043b\u0435\u043d\u0441\u044c\u043a\u0438\u0439 (@ZelenskyyUa) <a href=\"https:\/\/twitter.com\/ZelenskyyUa\/status\/2042349718186180839?ref_src=twsrc%5Etfw\">April 9, 2026<\/a><\/blockquote><script async src=\"https:\/\/platform.twitter.com\/widgets.js\" charset=\"utf-8\"><\/script>\n<\/div><\/figure>\n\n\n\n<p>Ayer, viernes 10, el jefe de gabinete de Zelenski, Kyrylo Budanov, declar\u00f3 que los negociadores estadounidenses se estaban \u00abacercando poco a poco\u00bb a un acuerdo de paz con Rusia.<\/p>\n\n\n\n<p>A\u00f1adi\u00f3, refiri\u00e9ndose a Rusia: \u00abTodos entienden que la guerra debe terminar. Por eso est\u00e1n negociando [&#8230;] No creo que lleve mucho tiempo\u00bb&nbsp;<span class='whitespace-nowrap'><span id='easy-footnote-2-96020' class='easy-footnote-margin-adjust'><\/span><span class='easy-footnote'><a href='https:\/\/legrandcontinent.eu\/es\/2026\/04\/11\/tras-el-alto-el-fuego-de-pascua-en-ucrania-es-ahora-posible-un-acuerdo-de-paz\/#easy-footnote-bottom-2-96020' title='Volodymyr Verbianyi y Olesia Safronova, \u00ab\u00a0&lt;a href=&quot;https:\/\/www.bloomberg.com\/news\/articles\/2026-04-10\/zelenskiy-s-top-aide-sees-ukraine-nearing-a-deal-with-putin&quot;&gt;Zelenskiy\u2019s Top Aide Sees Ukraine Nearing a Deal With Putin&lt;\/a&gt;\u00a0\u00bb,\u00a0&lt;em&gt;Bloomberg&lt;\/em&gt;, 10 de abril de 2026.'><sup>2<\/sup><\/a><\/span><\/span>.<\/p>\n\n\n\n<ul class=\"wp-block-list\">\n<li>Seg\u00fan Budanov, los emisarios de Trump, Steve Witkoff y Jared Kushner, deber\u00edan viajar a Kiev para una nueva ronda de conversaciones durante el mes de abril. Esta visita podr\u00eda tener lugar \u00abpoco despu\u00e9s de Pascua\u00bb e incluir al senador republicano y allegado a Trump, Lindsey Graham.<\/li>\n\n\n\n<li>Sin embargo, Zelenski parece m\u00e1s esc\u00e9ptico respecto a la reanudaci\u00f3n de las conversaciones trilaterales, que pr\u00e1cticamente han concluido desde el inicio de la guerra contra Ir\u00e1n, hace m\u00e1s de un mes&nbsp;<span class='whitespace-nowrap'><span id='easy-footnote-3-96020' class='easy-footnote-margin-adjust'><\/span><span class='easy-footnote'><a href='https:\/\/legrandcontinent.eu\/es\/2026\/04\/11\/tras-el-alto-el-fuego-de-pascua-en-ucrania-es-ahora-posible-un-acuerdo-de-paz\/#easy-footnote-bottom-3-96020' title='Kateryna Denisova, \u00ab\u00a0&lt;a href=&quot;https:\/\/kyivindependent.com\/witkoff-kushner-visit-to-ukraine-in-question-as-trilateral-peace-talks\/&quot;&gt;Witkoff-Kushner visit to Ukraine in doubt as trilateral peace talks could resume, Zelensky says&lt;\/a&gt;\u00a0\u00bb,\u00a0&lt;em&gt;The Kyiv Independent&lt;\/em&gt;, 10 de abril de 2026.'><sup>3<\/sup><\/a><\/span><\/span>.<\/li>\n\n\n\n<li>Witkoff y Kushner se encontrar\u00e1n hoy, s\u00e1bado 11, junto a J.D. Vance en Islamabad para mantener negociaciones con representantes iran\u00edes. Aunque ha viajado en varias ocasiones a Mosc\u00fa, Witkoff nunca ha visitado Kiev desde su nombramiento como \u00abenviado especial\u00bb de Trump, en 2025.<\/li>\n<\/ul>\n\n\n\n<div class=\"iframe-container wp-block-image wp-block-image-medium  iframe-dw\">\n\t<div>\n\t\t<iframe class=\"absolute w-full h-full pin-t pin-l\" title=\"titolo\" aria-label=\"Interactive line chart\" src=\"\/\/datawrapper.dwcdn.net\/GHh9a\/\" scrolling=\"no\" frameborder=\"0\"><\/iframe>\n\t<\/div>\n<\/div>\n\n\n\n<p><a href=\"https:\/\/legrandcontinent.eu\/es\/2025\/05\/09\/por-que-rusia-viola-sus-propios-altos-el-fuego\/\">El Kremlin ha violado todas las treguas anteriores<\/a>: durante la Pascua ortodoxa del a\u00f1o pasado, pero tambi\u00e9n en los ataques contra infraestructuras energ\u00e9ticas en marzo, y luego en mayo, con motivo de las celebraciones organizadas en Mosc\u00fa para conmemorar los 80 a\u00f1os del fin de la Segunda Guerra Mundial.<\/p>\n\n\n\n<ul class=\"wp-block-list\">\n<li>Seg\u00fan The European Correspondent, desde 2014, Mosc\u00fa ha violado m\u00e1s de 25 alto el fuego oficiales&nbsp;<span class='whitespace-nowrap'><span id='easy-footnote-4-96020' class='easy-footnote-margin-adjust'><\/span><span class='easy-footnote'><a href='https:\/\/legrandcontinent.eu\/es\/2026\/04\/11\/tras-el-alto-el-fuego-de-pascua-en-ucrania-es-ahora-posible-un-acuerdo-de-paz\/#easy-footnote-bottom-4-96020' title='Annas Sas, \u00ab\u00a0&lt;a href=&quot;https:\/\/europeancorrespondent.com\/en\/r\/every-time-russia-has-broken-its-ceasefire-promises&quot;&gt;Every time Russia has broken its ceasefire promises&lt;\/a&gt;\u00a0\u00bb,\u00a0&lt;em&gt;The European Correspondent&lt;\/em&gt;, 26 de marzo de 2025.'><sup>4<\/sup><\/a><\/span><\/span>.<\/li>\n\n\n\n<li>Los datos recopilados por el Uppsala Conflict Data Program (UCDP) muestran que menos de la mitad (46%) de los 63 conflictos analizados que tuvieron lugar durante el periodo 1946-2005\u00a0<a href=\"https:\/\/legrandcontinent.eu\/es\/2024\/09\/25\/ucrania-gaza-sudan-como-acaban-las-guerras\/\">concluyeron con un alto el fuego<\/a>\u00a0o un acuerdo de paz.<\/li>\n\n\n\n<li>S\u00f3lo uno de cada cinco conflictos (21%) desemboca en un escenario de ganador\/perdedor, mientras que un tercio (33%) termina en una situaci\u00f3n ambigua en la que no surge ning\u00fan acuerdo de paz ni una victoria clara.<\/li>\n<\/ul>\n","protected":false},"excerpt":{"rendered":"<p>Tanto Volod\u00edmir Zelenski como Vladimir Putin han aceptado establecer una tregua en los combates con motivo del fin de semana de la Pascua ortodoxa.<\/p>\n<p>Esta deber\u00eda concluir ma\u00f1ana por la noche, domingo, a las 23:00, seg\u00fan un comunicado del Kremlin.<\/p>\n","protected":false},"author":1366,"featured_media":95976,"comment_status":"closed","ping_status":"closed","sticky":false,"template":"templates\/post-briefings.php","format":"standard","meta":{"_acf_changed":true,"_trash_the_other_posts":false,"_yoast_wpseo_estimated-reading-time-minutes":3,"footnotes":""},"categories":[216],"tags":[],"staff":[],"editorial_format":[1424],"serie":[],"audience":[],"geo":[177],"class_list":["post-96020","post","type-post","status-publish","format-standard","hentry","category-la-guerra-en-ucrania-dia-a-dia","editorial_format-briefings","geo-europa"],"acf":{"open_in_webview":false,"accent":"default","_thumbnail_id":95976,"excerpt":"Tanto Volod\u00edmir Zelenski como Vladimir Putin han aceptado establecer una tregua en los combates con motivo del fin de semana de la Pascua ortodoxa.\r\n\r\nEsta deber\u00eda concluir ma\u00f1ana por la noche, domingo, a las 23:00, seg\u00fan un comunicado del Kremlin.","display_date":"","new_abstract":true},"yoast_head":"<!-- This site is optimized with the Yoast SEO plugin v26.1.1 - https:\/\/yoast.com\/wordpress\/plugins\/seo\/ -->\n<title>Tras el alto el fuego de Pascua en Ucrania, \u00bfes ahora posible un acuerdo de paz?<\/title>\n<meta name=\"robots\" content=\"index, follow, max-snippet:-1, max-image-preview:large, max-video-preview:-1\" \/>\n<link rel=\"canonical\" href=\"https:\/\/legrandcontinent.eu\/es\/2026\/04\/11\/tras-el-alto-el-fuego-de-pascua-en-ucrania-es-ahora-posible-un-acuerdo-de-paz\/\" \/>\n<meta property=\"og:locale\" content=\"es_ES\" \/>\n<meta property=\"og:type\" content=\"article\" \/>\n<meta property=\"og:title\" content=\"Tras el alto el fuego de Pascua en Ucrania, \u00bfes ahora posible un acuerdo de paz?\" \/>\n<meta property=\"og:description\" content=\"Tanto Volod\u00edmir Zelenski como Vladimir Putin han aceptado establecer una tregua en los combates con motivo del fin de semana de la Pascua ortodoxa.  Esta deber\u00eda concluir ma\u00f1ana por la noche, domingo, a las 23:00, seg\u00fan un comunicado del Kremlin.\" \/>\n<meta property=\"og:url\" content=\"https:\/\/legrandcontinent.eu\/es\/2026\/04\/11\/tras-el-alto-el-fuego-de-pascua-en-ucrania-es-ahora-posible-un-acuerdo-de-paz\/\" \/>\n<meta property=\"og:site_name\" content=\"El Grand Continent\" \/>\n<meta property=\"article:published_time\" content=\"2026-04-11T12:20:05+00:00\" \/>\n<meta property=\"article:modified_time\" content=\"2026-04-11T12:20:09+00:00\" \/>\n<meta property=\"og:image\" content=\"https:\/\/legrandcontinent.eu\/es\/wp-content\/uploads\/sites\/6\/2026\/04\/gc-elucrania-scaled.jpg\" \/>\n\t<meta property=\"og:image:width\" content=\"2560\" \/>\n\t<meta property=\"og:image:height\" content=\"1440\" \/>\n\t<meta property=\"og:image:type\" content=\"image\/jpeg\" \/>\n<meta name=\"author\" content=\"florent\" \/>\n<meta name=\"twitter:card\" content=\"summary_large_image\" \/>\n<meta name=\"twitter:image\" content=\"https:\/\/legrandcontinent.eu\/es\/wp-content\/uploads\/sites\/6\/2026\/04\/gc-elucrania-scaled.jpg\" \/>\n<meta name=\"twitter:label1\" content=\"Escrito por\" \/>\n\t<meta name=\"twitter:data1\" content=\"florent\" \/>\n\t<meta name=\"twitter:label2\" content=\"Tiempo de lectura\" \/>\n\t<meta name=\"twitter:data2\" content=\"3 minutos\" \/>\n<script type=\"application\/ld+json\" class=\"yoast-schema-graph\">{\"@context\":\"https:\/\/schema.org\",\"@graph\":[{\"@type\":\"WebPage\",\"@id\":\"https:\/\/legrandcontinent.eu\/es\/2026\/04\/11\/tras-el-alto-el-fuego-de-pascua-en-ucrania-es-ahora-posible-un-acuerdo-de-paz\/\",\"url\":\"https:\/\/legrandcontinent.eu\/es\/2026\/04\/11\/tras-el-alto-el-fuego-de-pascua-en-ucrania-es-ahora-posible-un-acuerdo-de-paz\/\",\"name\":\"Tras el alto el fuego de Pascua en Ucrania, \u00bfes ahora posible un acuerdo de paz?\",\"isPartOf\":{\"@id\":\"https:\/\/legrandcontinent.eu\/es\/#website\"},\"primaryImageOfPage\":{\"@id\":\"https:\/\/legrandcontinent.eu\/es\/2026\/04\/11\/tras-el-alto-el-fuego-de-pascua-en-ucrania-es-ahora-posible-un-acuerdo-de-paz\/#primaryimage\"},\"image\":{\"@id\":\"https:\/\/legrandcontinent.eu\/es\/2026\/04\/11\/tras-el-alto-el-fuego-de-pascua-en-ucrania-es-ahora-posible-un-acuerdo-de-paz\/#primaryimage\"},\"thumbnailUrl\":\"https:\/\/legrandcontinent.eu\/es\/wp-content\/uploads\/sites\/2\/2026\/04\/SIPA_01263011_000035-scaled.jpg\",\"datePublished\":\"2026-04-11T12:20:05+00:00\",\"dateModified\":\"2026-04-11T12:20:09+00:00\",\"author\":{\"@id\":\"https:\/\/legrandcontinent.eu\/es\/#\/schema\/person\/cdd782c93d4a9eda86ab19a8c01cdf5c\"},\"breadcrumb\":{\"@id\":\"https:\/\/legrandcontinent.eu\/es\/2026\/04\/11\/tras-el-alto-el-fuego-de-pascua-en-ucrania-es-ahora-posible-un-acuerdo-de-paz\/#breadcrumb\"},\"inLanguage\":\"es\",\"potentialAction\":[{\"@type\":\"ReadAction\",\"target\":[\"https:\/\/legrandcontinent.eu\/es\/2026\/04\/11\/tras-el-alto-el-fuego-de-pascua-en-ucrania-es-ahora-posible-un-acuerdo-de-paz\/\"]}]},{\"@type\":\"ImageObject\",\"inLanguage\":\"es\",\"@id\":\"https:\/\/legrandcontinent.eu\/es\/2026\/04\/11\/tras-el-alto-el-fuego-de-pascua-en-ucrania-es-ahora-posible-un-acuerdo-de-paz\/#primaryimage\",\"url\":\"https:\/\/legrandcontinent.eu\/es\/wp-content\/uploads\/sites\/2\/2026\/04\/SIPA_01263011_000035-scaled.jpg\",\"contentUrl\":\"https:\/\/legrandcontinent.eu\/es\/wp-content\/uploads\/sites\/2\/2026\/04\/SIPA_01263011_000035-scaled.jpg\",\"width\":2560,\"height\":1707,\"caption\":\"Le p\u00e8re Stepan, aum\u00f4nier militaire, b\u00e9nit un soldat avant une mission de combat dans la r\u00e9gion de Zaporijia, en Ukraine, le 8 avril 2026. (Photo de Dmytro Smolienko\/Ukrinform)\/\/UKRINFORMAGENCY_ukr1799\/Cr\u00e9dit : Dmytro Smolienko\/UKRINFOR\/SIPA\/2604101733\"},{\"@type\":\"BreadcrumbList\",\"@id\":\"https:\/\/legrandcontinent.eu\/es\/2026\/04\/11\/tras-el-alto-el-fuego-de-pascua-en-ucrania-es-ahora-posible-un-acuerdo-de-paz\/#breadcrumb\",\"itemListElement\":[{\"@type\":\"ListItem\",\"position\":1,\"name\":\"Home\",\"item\":\"https:\/\/legrandcontinent.eu\/es\/\"},{\"@type\":\"ListItem\",\"position\":2,\"name\":\"Tras el alto el fuego de Pascua en Ucrania, \u00bfes ahora posible un acuerdo de paz?\"}]},{\"@type\":\"WebSite\",\"@id\":\"https:\/\/legrandcontinent.eu\/es\/#website\",\"url\":\"https:\/\/legrandcontinent.eu\/es\/\",\"name\":\"El Grand Continent\",\"description\":\"La escala pertinente\",\"potentialAction\":[{\"@type\":\"SearchAction\",\"target\":{\"@type\":\"EntryPoint\",\"urlTemplate\":\"https:\/\/legrandcontinent.eu\/es\/?s={search_term_string}\"},\"query-input\":{\"@type\":\"PropertyValueSpecification\",\"valueRequired\":true,\"valueName\":\"search_term_string\"}}],\"inLanguage\":\"es\"},{\"@type\":\"Person\",\"@id\":\"https:\/\/legrandcontinent.eu\/es\/#\/schema\/person\/cdd782c93d4a9eda86ab19a8c01cdf5c\",\"name\":\"florent\",\"image\":{\"@type\":\"ImageObject\",\"inLanguage\":\"es\",\"@id\":\"https:\/\/legrandcontinent.eu\/es\/#\/schema\/person\/image\/\",\"url\":\"https:\/\/secure.gravatar.com\/avatar\/0d38d78c90602daf39b309035cdac6bc?s=96&d=mm&r=g\",\"contentUrl\":\"https:\/\/secure.gravatar.com\/avatar\/0d38d78c90602daf39b309035cdac6bc?s=96&d=mm&r=g\",\"caption\":\"florent\"}}]}<\/script>\n<!-- \/ Yoast SEO plugin. -->","yoast_head_json":{"title":"Tras el alto el fuego de Pascua en Ucrania, \u00bfes ahora posible un acuerdo de paz?","robots":{"index":"index","follow":"follow","max-snippet":"max-snippet:-1","max-image-preview":"max-image-preview:large","max-video-preview":"max-video-preview:-1"},"canonical":"https:\/\/legrandcontinent.eu\/es\/2026\/04\/11\/tras-el-alto-el-fuego-de-pascua-en-ucrania-es-ahora-posible-un-acuerdo-de-paz\/","og_locale":"es_ES","og_type":"article","og_title":"Tras el alto el fuego de Pascua en Ucrania, \u00bfes ahora posible un acuerdo de paz?","og_description":"Tanto Volod\u00edmir Zelenski como Vladimir Putin han aceptado establecer una tregua en los combates con motivo del fin de semana de la Pascua ortodoxa.  Esta deber\u00eda concluir ma\u00f1ana por la noche, domingo, a las 23:00, seg\u00fan un comunicado del Kremlin.","og_url":"https:\/\/legrandcontinent.eu\/es\/2026\/04\/11\/tras-el-alto-el-fuego-de-pascua-en-ucrania-es-ahora-posible-un-acuerdo-de-paz\/","og_site_name":"El Grand Continent","article_published_time":"2026-04-11T12:20:05+00:00","article_modified_time":"2026-04-11T12:20:09+00:00","og_image":[{"width":2560,"height":1440,"url":"https:\/\/legrandcontinent.eu\/es\/wp-content\/uploads\/sites\/6\/2026\/04\/gc-elucrania-scaled.jpg","type":"image\/jpeg"}],"author":"florent","twitter_card":"summary_large_image","twitter_image":"https:\/\/legrandcontinent.eu\/es\/wp-content\/uploads\/sites\/6\/2026\/04\/gc-elucrania-scaled.jpg","twitter_misc":{"Escrito por":"florent","Tiempo de lectura":"3 minutos"},"schema":{"@context":"https:\/\/schema.org","@graph":[{"@type":"WebPage","@id":"https:\/\/legrandcontinent.eu\/es\/2026\/04\/11\/tras-el-alto-el-fuego-de-pascua-en-ucrania-es-ahora-posible-un-acuerdo-de-paz\/","url":"https:\/\/legrandcontinent.eu\/es\/2026\/04\/11\/tras-el-alto-el-fuego-de-pascua-en-ucrania-es-ahora-posible-un-acuerdo-de-paz\/","name":"Tras el alto el fuego de Pascua en Ucrania, \u00bfes ahora posible un acuerdo de paz?","isPartOf":{"@id":"https:\/\/legrandcontinent.eu\/es\/#website"},"primaryImageOfPage":{"@id":"https:\/\/legrandcontinent.eu\/es\/2026\/04\/11\/tras-el-alto-el-fuego-de-pascua-en-ucrania-es-ahora-posible-un-acuerdo-de-paz\/#primaryimage"},"image":{"@id":"https:\/\/legrandcontinent.eu\/es\/2026\/04\/11\/tras-el-alto-el-fuego-de-pascua-en-ucrania-es-ahora-posible-un-acuerdo-de-paz\/#primaryimage"},"thumbnailUrl":"https:\/\/legrandcontinent.eu\/es\/wp-content\/uploads\/sites\/2\/2026\/04\/SIPA_01263011_000035-scaled.jpg","datePublished":"2026-04-11T12:20:05+00:00","dateModified":"2026-04-11T12:20:09+00:00","author":{"@id":"https:\/\/legrandcontinent.eu\/es\/#\/schema\/person\/cdd782c93d4a9eda86ab19a8c01cdf5c"},"breadcrumb":{"@id":"https:\/\/legrandcontinent.eu\/es\/2026\/04\/11\/tras-el-alto-el-fuego-de-pascua-en-ucrania-es-ahora-posible-un-acuerdo-de-paz\/#breadcrumb"},"inLanguage":"es","potentialAction":[{"@type":"ReadAction","target":["https:\/\/legrandcontinent.eu\/es\/2026\/04\/11\/tras-el-alto-el-fuego-de-pascua-en-ucrania-es-ahora-posible-un-acuerdo-de-paz\/"]}]},{"@type":"ImageObject","inLanguage":"es","@id":"https:\/\/legrandcontinent.eu\/es\/2026\/04\/11\/tras-el-alto-el-fuego-de-pascua-en-ucrania-es-ahora-posible-un-acuerdo-de-paz\/#primaryimage","url":"https:\/\/legrandcontinent.eu\/es\/wp-content\/uploads\/sites\/2\/2026\/04\/SIPA_01263011_000035-scaled.jpg","contentUrl":"https:\/\/legrandcontinent.eu\/es\/wp-content\/uploads\/sites\/2\/2026\/04\/SIPA_01263011_000035-scaled.jpg","width":2560,"height":1707,"caption":"Le p\u00e8re Stepan, aum\u00f4nier militaire, b\u00e9nit un soldat avant une mission de combat dans la r\u00e9gion de Zaporijia, en Ukraine, le 8 avril 2026. (Photo de Dmytro Smolienko\/Ukrinform)\/\/UKRINFORMAGENCY_ukr1799\/Cr\u00e9dit : Dmytro Smolienko\/UKRINFOR\/SIPA\/2604101733"},{"@type":"BreadcrumbList","@id":"https:\/\/legrandcontinent.eu\/es\/2026\/04\/11\/tras-el-alto-el-fuego-de-pascua-en-ucrania-es-ahora-posible-un-acuerdo-de-paz\/#breadcrumb","itemListElement":[{"@type":"ListItem","position":1,"name":"Home","item":"https:\/\/legrandcontinent.eu\/es\/"},{"@type":"ListItem","position":2,"name":"Tras el alto el fuego de Pascua en Ucrania, \u00bfes ahora posible un acuerdo de paz?"}]},{"@type":"WebSite","@id":"https:\/\/legrandcontinent.eu\/es\/#website","url":"https:\/\/legrandcontinent.eu\/es\/","name":"El Grand Continent","description":"La escala pertinente","potentialAction":[{"@type":"SearchAction","target":{"@type":"EntryPoint","urlTemplate":"https:\/\/legrandcontinent.eu\/es\/?s={search_term_string}"},"query-input":{"@type":"PropertyValueSpecification","valueRequired":true,"valueName":"search_term_string"}}],"inLanguage":"es"},{"@type":"Person","@id":"https:\/\/legrandcontinent.eu\/es\/#\/schema\/person\/cdd782c93d4a9eda86ab19a8c01cdf5c","name":"florent","image":{"@type":"ImageObject","inLanguage":"es","@id":"https:\/\/legrandcontinent.eu\/es\/#\/schema\/person\/image\/","url":"https:\/\/secure.gravatar.com\/avatar\/0d38d78c90602daf39b309035cdac6bc?s=96&d=mm&r=g","contentUrl":"https:\/\/secure.gravatar.com\/avatar\/0d38d78c90602daf39b309035cdac6bc?s=96&d=mm&r=g","caption":"florent"}}]}},"lgc_categories":[{"id":216,"name":"La guerra en Ucrania d\u00eda a d\u00eda","slug":"la-guerra-en-ucrania-dia-a-dia"}],"lgc_author":null,"feature_image_summary":{"url":"https:\/\/legrandcontinent.eu\/es\/wp-content\/uploads\/sites\/2\/2026\/04\/SIPA_01263011_000035-scaled.jpg","width":2560,"height":1707,"alt":""},"feature_image_cover":null,"term_position_data":null,"_links":{"self":[{"href":"https:\/\/legrandcontinent.eu\/es\/wp-json\/wp\/v2\/posts\/96020","targetHints":{"allow":["GET"]}}],"collection":[{"href":"https:\/\/legrandcontinent.eu\/es\/wp-json\/wp\/v2\/posts"}],"about":[{"href":"https:\/\/legrandcontinent.eu\/es\/wp-json\/wp\/v2\/types\/post"}],"author":[{"embeddable":true,"href":"https:\/\/legrandcontinent.eu\/es\/wp-json\/wp\/v2\/users\/1366"}],"replies":[{"embeddable":true,"href":"https:\/\/legrandcontinent.eu\/es\/wp-json\/wp\/v2\/comments?post=96020"}],"version-history":[{"count":5,"href":"https:\/\/legrandcontinent.eu\/es\/wp-json\/wp\/v2\/posts\/96020\/revisions"}],"predecessor-version":[{"id":96026,"href":"https:\/\/legrandcontinent.eu\/es\/wp-json\/wp\/v2\/posts\/96020\/revisions\/96026"}],"wp:featuredmedia":[{"embeddable":true,"href":"https:\/\/legrandcontinent.eu\/es\/wp-json\/wp\/v2\/media\/95976"}],"wp:attachment":[{"href":"https:\/\/legrandcontinent.eu\/es\/wp-json\/wp\/v2\/media?parent=96020"}],"wp:term":[{"taxonomy":"category","embeddable":true,"href":"https:\/\/legrandcontinent.eu\/es\/wp-json\/wp\/v2\/categories?post=96020"},{"taxonomy":"post_tag","embeddable":true,"href":"https:\/\/legrandcontinent.eu\/es\/wp-json\/wp\/v2\/tags?post=96020"},{"taxonomy":"staff","embeddable":true,"href":"https:\/\/legrandcontinent.eu\/es\/wp-json\/wp\/v2\/staff?post=96020"},{"taxonomy":"editorial_format","embeddable":true,"href":"https:\/\/legrandcontinent.eu\/es\/wp-json\/wp\/v2\/editorial_format?post=96020"},{"taxonomy":"serie","embeddable":true,"href":"https:\/\/legrandcontinent.eu\/es\/wp-json\/wp\/v2\/serie?post=96020"},{"taxonomy":"audience","embeddable":true,"href":"https:\/\/legrandcontinent.eu\/es\/wp-json\/wp\/v2\/audience?post=96020"},{"taxonomy":"geo","embeddable":true,"href":"https:\/\/legrandcontinent.eu\/es\/wp-json\/wp\/v2\/geo?post=96020"}],"curies":[{"name":"wp","href":"https:\/\/api.w.org\/{rel}","templated":true}]}}