{"id":95993,"date":"2026-04-11T06:30:00","date_gmt":"2026-04-11T04:30:00","guid":{"rendered":"https:\/\/legrandcontinent.eu\/es\/?p=95993"},"modified":"2026-04-11T04:54:50","modified_gmt":"2026-04-11T02:54:50","slug":"negociaciones-en-islamabad-que-pretenden-estados-unidos-e-iran","status":"publish","type":"post","link":"https:\/\/legrandcontinent.eu\/es\/2026\/04\/11\/negociaciones-en-islamabad-que-pretenden-estados-unidos-e-iran\/","title":{"rendered":"Negociaciones en Islamabad: \u00bfqu\u00e9 pretenden Estados Unidos e Ir\u00e1n?"},"content":{"rendered":"\n<p>El vicepresidente estadounidense J.D. Vance, el yerno de Donald Trump, Jared Kushner, y su emisario, Steve Witkoff, se re\u00fanen hoy, s\u00e1bado 11 de abril, con el presidente del Parlamento iran\u00ed, Mohammad Baqer Ghalibaf, y el ministro de Asuntos Exteriores, Abbas Araghchi, en Islamabad, Pakist\u00e1n.<\/p>\n\n\n\n<ul class=\"wp-block-list\">\n<li>Las conversaciones podr\u00edan partir de una<a href=\"https:\/\/legrandcontinent.eu\/es\/2026\/04\/08\/10-puntos-trump-iran-guerra\/\"> propuesta iran\u00ed de diez puntos<\/a>, que habr\u00eda sido aceptada por Donald Trump el mi\u00e9rcoles 8 de abril como \u00abbase\u00bb de la negociaci\u00f3n. La Casa Blanca afirma, sin embargo, que Estados Unidos ha presentado un plan de 15 puntos, del que Teher\u00e1n ya habr\u00eda aceptado casi todo.<\/li>\n\n\n\n<li>La propuesta estadounidense, que no se ha hecho p\u00fablica, incluir\u00eda un compromiso de Ir\u00e1n de no dotarse de armas nucleares, la entrega de sus reservas de uranio altamente enriquecido, limitaciones de su capacidad bal\u00edstica, el fin de su apoyo a los grupos aliados en la regi\u00f3n y la reapertura del estrecho de Ormuz.<\/li>\n<\/ul>\n\n\n\n<div class=\"iframe-container wp-block-image wp-block-image-medium  iframe-dw\">\n\t<div>\n\t\t<iframe class=\"absolute w-full h-full pin-t pin-l\" title=\"titolo\" aria-label=\"Interactive line chart\" src=\"\/\/datawrapper.dwcdn.net\/29lEc\/\" scrolling=\"no\" frameborder=\"0\"><\/iframe>\n\t<\/div>\n<\/div>\n\n\n\n<p>Las posiciones de ambas partes est\u00e1n especialmente alejadas, ya sea en lo que respecta al enriquecimiento de uranio, al programa bal\u00edstico iran\u00ed, al levantamiento de las sanciones o a las bases estadounidenses en la regi\u00f3n.<\/p>\n\n\n\n<ul class=\"wp-block-list\">\n<li>Donald Trump declar\u00f3 ayer, 10 de abril, que los buques de guerra estadounidenses estaban siendo reabastecidos de municiones para reanudar los ataques contra Ir\u00e1n en caso de que fracasaran las conversaciones de paz en Pakist\u00e1n.<\/li>\n\n\n\n<li>A la pregunta de si cre\u00eda que las negociaciones tendr\u00edan \u00e9xito, respondi\u00f3: \u00abLo sabremos en unas 24 horas\u00bb.<\/li>\n\n\n\n<li>A\u00f1adi\u00f3 en una publicaci\u00f3n en Truth Social que el \u00fanico medio de presi\u00f3n del que dispone Teher\u00e1n consiste en \u00abextorsionar al mundo utilizando las v\u00edas navegables internacionales\u00bb.<\/li>\n<\/ul>\n\n\n\n<p>No es seguro que Teher\u00e1n \u2014que considera el control del estrecho de Ormuz y la presi\u00f3n que su cierre ejerce sobre la econom\u00eda mundial como una palanca esencial\u2014 est\u00e9 m\u00e1s dispuesto a acceder a las demandas estadounidenses de lo que lo estuvo en febrero en Ginebra.<\/p>\n\n\n\n<ul class=\"wp-block-list\">\n<li>Si bien Ir\u00e1n podr\u00eda renunciar a sus reservas de uranio enriquecido al 60 % a cambio de un alivio de las sanciones, algo a lo que ya estaba dispuesto en Ginebra, el r\u00e9gimen querr\u00eda conservar su \u00abderecho a enriquecer\u00bb uranio en territorio iran\u00ed, lo que representaba una l\u00ednea roja para Washington hace un mes.<\/li>\n<\/ul>\n\n\n\n<div class=\"iframe-container wp-block-image wp-block-image-medium  iframe-dw\">\n\t<div>\n\t\t<iframe class=\"absolute w-full h-full pin-t pin-l\" title=\"titolo\" aria-label=\"Interactive line chart\" src=\"\/\/datawrapper.dwcdn.net\/70RQX\/\" scrolling=\"no\" frameborder=\"0\"><\/iframe>\n\t<\/div>\n<\/div>\n\n\n\n<p>La cuesti\u00f3n de L\u00edbano tambi\u00e9n podr\u00eda ser objeto de debate, aunque tanto Estados Unidos como Israel la han descartado.<\/p>\n\n\n\n<ul class=\"wp-block-list\">\n<li>El presidente iran\u00ed, Pezeshkian, declar\u00f3 que las negociaciones \u00abcarecer\u00edan de sentido\u00bb si se llevaran a cabo mientras el territorio liban\u00e9s sigue siendo objeto de ataques israel\u00edes.<\/li>\n\n\n\n<li>Mohammad-Bagher Ghalibaf a\u00f1adi\u00f3 anoche en una publicaci\u00f3n en X: \u00abUn alto al fuego en L\u00edbano es una condici\u00f3n que \u201cdebe cumplirse antes del inicio de las negociaciones\u201d\u00bb. La otra condici\u00f3n es la \u00abliberaci\u00f3n de los activos iran\u00edes congelados\u00bb.<\/li>\n\n\n\n<li>Sin embargo, es posible que L\u00edbano no constituya un obst\u00e1culo para un acuerdo, sino m\u00e1s bien una carta negociadora que permita a Teher\u00e1n alegar que ha hecho concesiones a cambio de condiciones favorables en materia nuclear y de sanciones.<\/li>\n<\/ul>\n\n\n\n<p>Teher\u00e1n considera la presencia de J. D. Vance como una se\u00f1al de la voluntad estadounidense de encontrar una salida r\u00e1pida al conflicto, mientras que la inflaci\u00f3n estadounidense se dispar\u00f3 al 3,3 % en marzo en t\u00e9rminos interanuales, debido sobre todo al elevado precio de la energ\u00eda.<\/p>\n\n\n\n<ul class=\"wp-block-list\">\n<li>El vicepresidente estadounidense se encuentra, sin embargo, en una posici\u00f3n dif\u00edcil y su futuro pol\u00edtico podr\u00eda depender de la negociaci\u00f3n: si se presenta como el m\u00e1s contrario a la guerra dentro del gabinete, podr\u00eda ser considerado responsable de un acuerdo que se considere desfavorable para Washington.<\/li>\n<\/ul>\n\n\n\n<ul class=\"wp-block-list\">\n<li>Rubio, aunque tampoco era partidario de una guerra contra Ir\u00e1n, present\u00f3 con convicci\u00f3n los argumentos de la Casa Blanca para justificar la \u00abnecesidad\u00bb de la guerra.<\/li>\n\n\n\n<li>Su papel deber\u00eda ser secundario con respecto al de Vance durante las negociaciones. En particular, podr\u00eda tratar la cuesti\u00f3n nuclear con su hom\u00f3logo iran\u00ed, Abbas Araghchi, en las conversaciones t\u00e9cnicas que podr\u00edan tener lugar en una segunda fase.<\/li>\n<\/ul>\n","protected":false},"excerpt":{"rendered":"<p>Hoy, s\u00e1bado 11 de abril, tienen lugar en Islamabad, Pakist\u00e1n, las primeras negociaciones directas entre Estados Unidos e Ir\u00e1n desde el inicio de la guerra, el 28 de febrero.<\/p>\n<p>La cuesti\u00f3n del fin de las hostilidades, la reapertura del estrecho de Ormuz y el programa nuclear iran\u00ed deber\u00edan dominar las conversaciones.<\/p>\n","protected":false},"author":1366,"featured_media":95974,"comment_status":"closed","ping_status":"closed","sticky":false,"template":"templates\/post-briefings.php","format":"standard","meta":{"_acf_changed":true,"_trash_the_other_posts":false,"_yoast_wpseo_estimated-reading-time-minutes":4,"footnotes":""},"categories":[1404],"tags":[],"staff":[],"editorial_format":[1424],"serie":[],"audience":[],"geo":[196],"class_list":["post-95993","post","type-post","status-publish","format-standard","hentry","category-iran-la-guerra-del-cambio-de-regimen","editorial_format-briefings","geo-asia-central"],"acf":{"open_in_webview":false,"accent":"default","_thumbnail_id":95974,"excerpt":"Hoy, s\u00e1bado 11 de abril, tienen lugar en Islamabad, Pakist\u00e1n, las primeras negociaciones directas entre Estados Unidos e Ir\u00e1n desde el inicio de la guerra, el 28 de febrero.\r\n\r\nLa cuesti\u00f3n del fin de las hostilidades, la reapertura del estrecho de Ormuz y el programa nuclear iran\u00ed deber\u00edan dominar las conversaciones.","display_date":"","new_abstract":true},"yoast_head":"<!-- This site is optimized with the Yoast SEO plugin v26.1.1 - https:\/\/yoast.com\/wordpress\/plugins\/seo\/ -->\n<title>Negociaciones en Islamabad: \u00bfqu\u00e9 pretenden Estados Unidos e Ir\u00e1n? - El Grand Continent<\/title>\n<meta name=\"robots\" content=\"index, follow, max-snippet:-1, max-image-preview:large, max-video-preview:-1\" \/>\n<link rel=\"canonical\" href=\"https:\/\/legrandcontinent.eu\/es\/2026\/04\/11\/negociaciones-en-islamabad-que-pretenden-estados-unidos-e-iran\/\" \/>\n<meta property=\"og:locale\" content=\"es_ES\" \/>\n<meta property=\"og:type\" content=\"article\" \/>\n<meta property=\"og:title\" content=\"Negociaciones en Islamabad: \u00bfqu\u00e9 pretenden Estados Unidos e Ir\u00e1n? - El Grand Continent\" \/>\n<meta property=\"og:description\" content=\"Hoy, s\u00e1bado 11 de abril, tienen lugar en Islamabad, Pakist\u00e1n, las primeras negociaciones directas entre Estados Unidos e Ir\u00e1n desde el inicio de la guerra, el 28 de febrero.  La cuesti\u00f3n del fin de las hostilidades, la reapertura del estrecho de Ormuz y el programa nuclear iran\u00ed deber\u00edan dominar las conversaciones.\" \/>\n<meta property=\"og:url\" content=\"https:\/\/legrandcontinent.eu\/es\/2026\/04\/11\/negociaciones-en-islamabad-que-pretenden-estados-unidos-e-iran\/\" \/>\n<meta property=\"og:site_name\" content=\"El Grand Continent\" \/>\n<meta property=\"article:published_time\" content=\"2026-04-11T04:30:00+00:00\" \/>\n<meta property=\"og:image\" content=\"https:\/\/legrandcontinent.eu\/es\/wp-content\/uploads\/sites\/2\/2026\/04\/SIPA_ap23027529_000003-scaled.jpg\" \/>\n\t<meta property=\"og:image:width\" content=\"2560\" \/>\n\t<meta property=\"og:image:height\" content=\"1712\" \/>\n\t<meta property=\"og:image:type\" content=\"image\/jpeg\" \/>\n<meta name=\"author\" content=\"florent\" \/>\n<meta name=\"twitter:card\" content=\"summary_large_image\" \/>\n<meta name=\"twitter:label1\" content=\"Escrito por\" \/>\n\t<meta name=\"twitter:data1\" content=\"florent\" \/>\n\t<meta name=\"twitter:label2\" content=\"Tiempo de lectura\" \/>\n\t<meta name=\"twitter:data2\" content=\"4 minutos\" \/>\n<script type=\"application\/ld+json\" class=\"yoast-schema-graph\">{\"@context\":\"https:\/\/schema.org\",\"@graph\":[{\"@type\":\"WebPage\",\"@id\":\"https:\/\/legrandcontinent.eu\/es\/2026\/04\/11\/negociaciones-en-islamabad-que-pretenden-estados-unidos-e-iran\/\",\"url\":\"https:\/\/legrandcontinent.eu\/es\/2026\/04\/11\/negociaciones-en-islamabad-que-pretenden-estados-unidos-e-iran\/\",\"name\":\"Negociaciones en Islamabad: \u00bfqu\u00e9 pretenden Estados Unidos e Ir\u00e1n? - El Grand Continent\",\"isPartOf\":{\"@id\":\"https:\/\/legrandcontinent.eu\/es\/#website\"},\"primaryImageOfPage\":{\"@id\":\"https:\/\/legrandcontinent.eu\/es\/2026\/04\/11\/negociaciones-en-islamabad-que-pretenden-estados-unidos-e-iran\/#primaryimage\"},\"image\":{\"@id\":\"https:\/\/legrandcontinent.eu\/es\/2026\/04\/11\/negociaciones-en-islamabad-que-pretenden-estados-unidos-e-iran\/#primaryimage\"},\"thumbnailUrl\":\"https:\/\/legrandcontinent.eu\/es\/wp-content\/uploads\/sites\/2\/2026\/04\/SIPA_ap23027529_000003-scaled.jpg\",\"datePublished\":\"2026-04-11T04:30:00+00:00\",\"author\":{\"@id\":\"https:\/\/legrandcontinent.eu\/es\/#\/schema\/person\/cdd782c93d4a9eda86ab19a8c01cdf5c\"},\"breadcrumb\":{\"@id\":\"https:\/\/legrandcontinent.eu\/es\/2026\/04\/11\/negociaciones-en-islamabad-que-pretenden-estados-unidos-e-iran\/#breadcrumb\"},\"inLanguage\":\"es\",\"potentialAction\":[{\"@type\":\"ReadAction\",\"target\":[\"https:\/\/legrandcontinent.eu\/es\/2026\/04\/11\/negociaciones-en-islamabad-que-pretenden-estados-unidos-e-iran\/\"]}]},{\"@type\":\"ImageObject\",\"inLanguage\":\"es\",\"@id\":\"https:\/\/legrandcontinent.eu\/es\/2026\/04\/11\/negociaciones-en-islamabad-que-pretenden-estados-unidos-e-iran\/#primaryimage\",\"url\":\"https:\/\/legrandcontinent.eu\/es\/wp-content\/uploads\/sites\/2\/2026\/04\/SIPA_ap23027529_000003-scaled.jpg\",\"contentUrl\":\"https:\/\/legrandcontinent.eu\/es\/wp-content\/uploads\/sites\/2\/2026\/04\/SIPA_ap23027529_000003-scaled.jpg\",\"width\":2560,\"height\":1712,\"caption\":\"Le vice-pr\u00e9sident JD Vance descend de l'h\u00e9licopt\u00e8re Marine Two pour se rendre au bord de l'Air Force Two, le vendredi 10 avril 2026, \u00e0 la base interarm\u00e9es d'Andrews, dans le Maryland, en vue d'un d\u00e9part pr\u00e9vu pour le Pakistan, o\u00f9 il doit mener des discussions sur l'Iran. (Photo AP\/Jacquelyn Martin, pool)\/MDJM203\/26100458441743\/POOL\/2604101445\"},{\"@type\":\"BreadcrumbList\",\"@id\":\"https:\/\/legrandcontinent.eu\/es\/2026\/04\/11\/negociaciones-en-islamabad-que-pretenden-estados-unidos-e-iran\/#breadcrumb\",\"itemListElement\":[{\"@type\":\"ListItem\",\"position\":1,\"name\":\"Home\",\"item\":\"https:\/\/legrandcontinent.eu\/es\/\"},{\"@type\":\"ListItem\",\"position\":2,\"name\":\"Negociaciones en Islamabad: \u00bfqu\u00e9 pretenden Estados Unidos e Ir\u00e1n?\"}]},{\"@type\":\"WebSite\",\"@id\":\"https:\/\/legrandcontinent.eu\/es\/#website\",\"url\":\"https:\/\/legrandcontinent.eu\/es\/\",\"name\":\"El Grand Continent\",\"description\":\"La escala pertinente\",\"potentialAction\":[{\"@type\":\"SearchAction\",\"target\":{\"@type\":\"EntryPoint\",\"urlTemplate\":\"https:\/\/legrandcontinent.eu\/es\/?s={search_term_string}\"},\"query-input\":{\"@type\":\"PropertyValueSpecification\",\"valueRequired\":true,\"valueName\":\"search_term_string\"}}],\"inLanguage\":\"es\"},{\"@type\":\"Person\",\"@id\":\"https:\/\/legrandcontinent.eu\/es\/#\/schema\/person\/cdd782c93d4a9eda86ab19a8c01cdf5c\",\"name\":\"florent\",\"image\":{\"@type\":\"ImageObject\",\"inLanguage\":\"es\",\"@id\":\"https:\/\/legrandcontinent.eu\/es\/#\/schema\/person\/image\/\",\"url\":\"https:\/\/secure.gravatar.com\/avatar\/0d38d78c90602daf39b309035cdac6bc?s=96&d=mm&r=g\",\"contentUrl\":\"https:\/\/secure.gravatar.com\/avatar\/0d38d78c90602daf39b309035cdac6bc?s=96&d=mm&r=g\",\"caption\":\"florent\"}}]}<\/script>\n<!-- \/ Yoast SEO plugin. -->","yoast_head_json":{"title":"Negociaciones en Islamabad: \u00bfqu\u00e9 pretenden Estados Unidos e Ir\u00e1n? - El Grand Continent","robots":{"index":"index","follow":"follow","max-snippet":"max-snippet:-1","max-image-preview":"max-image-preview:large","max-video-preview":"max-video-preview:-1"},"canonical":"https:\/\/legrandcontinent.eu\/es\/2026\/04\/11\/negociaciones-en-islamabad-que-pretenden-estados-unidos-e-iran\/","og_locale":"es_ES","og_type":"article","og_title":"Negociaciones en Islamabad: \u00bfqu\u00e9 pretenden Estados Unidos e Ir\u00e1n? - El Grand Continent","og_description":"Hoy, s\u00e1bado 11 de abril, tienen lugar en Islamabad, Pakist\u00e1n, las primeras negociaciones directas entre Estados Unidos e Ir\u00e1n desde el inicio de la guerra, el 28 de febrero.  La cuesti\u00f3n del fin de las hostilidades, la reapertura del estrecho de Ormuz y el programa nuclear iran\u00ed deber\u00edan dominar las conversaciones.","og_url":"https:\/\/legrandcontinent.eu\/es\/2026\/04\/11\/negociaciones-en-islamabad-que-pretenden-estados-unidos-e-iran\/","og_site_name":"El Grand Continent","article_published_time":"2026-04-11T04:30:00+00:00","og_image":[{"width":2560,"height":1712,"url":"https:\/\/legrandcontinent.eu\/es\/wp-content\/uploads\/sites\/2\/2026\/04\/SIPA_ap23027529_000003-scaled.jpg","type":"image\/jpeg"}],"author":"florent","twitter_card":"summary_large_image","twitter_misc":{"Escrito por":"florent","Tiempo de lectura":"4 minutos"},"schema":{"@context":"https:\/\/schema.org","@graph":[{"@type":"WebPage","@id":"https:\/\/legrandcontinent.eu\/es\/2026\/04\/11\/negociaciones-en-islamabad-que-pretenden-estados-unidos-e-iran\/","url":"https:\/\/legrandcontinent.eu\/es\/2026\/04\/11\/negociaciones-en-islamabad-que-pretenden-estados-unidos-e-iran\/","name":"Negociaciones en Islamabad: \u00bfqu\u00e9 pretenden Estados Unidos e Ir\u00e1n? - El Grand Continent","isPartOf":{"@id":"https:\/\/legrandcontinent.eu\/es\/#website"},"primaryImageOfPage":{"@id":"https:\/\/legrandcontinent.eu\/es\/2026\/04\/11\/negociaciones-en-islamabad-que-pretenden-estados-unidos-e-iran\/#primaryimage"},"image":{"@id":"https:\/\/legrandcontinent.eu\/es\/2026\/04\/11\/negociaciones-en-islamabad-que-pretenden-estados-unidos-e-iran\/#primaryimage"},"thumbnailUrl":"https:\/\/legrandcontinent.eu\/es\/wp-content\/uploads\/sites\/2\/2026\/04\/SIPA_ap23027529_000003-scaled.jpg","datePublished":"2026-04-11T04:30:00+00:00","author":{"@id":"https:\/\/legrandcontinent.eu\/es\/#\/schema\/person\/cdd782c93d4a9eda86ab19a8c01cdf5c"},"breadcrumb":{"@id":"https:\/\/legrandcontinent.eu\/es\/2026\/04\/11\/negociaciones-en-islamabad-que-pretenden-estados-unidos-e-iran\/#breadcrumb"},"inLanguage":"es","potentialAction":[{"@type":"ReadAction","target":["https:\/\/legrandcontinent.eu\/es\/2026\/04\/11\/negociaciones-en-islamabad-que-pretenden-estados-unidos-e-iran\/"]}]},{"@type":"ImageObject","inLanguage":"es","@id":"https:\/\/legrandcontinent.eu\/es\/2026\/04\/11\/negociaciones-en-islamabad-que-pretenden-estados-unidos-e-iran\/#primaryimage","url":"https:\/\/legrandcontinent.eu\/es\/wp-content\/uploads\/sites\/2\/2026\/04\/SIPA_ap23027529_000003-scaled.jpg","contentUrl":"https:\/\/legrandcontinent.eu\/es\/wp-content\/uploads\/sites\/2\/2026\/04\/SIPA_ap23027529_000003-scaled.jpg","width":2560,"height":1712,"caption":"Le vice-pr\u00e9sident JD Vance descend de l'h\u00e9licopt\u00e8re Marine Two pour se rendre au bord de l'Air Force Two, le vendredi 10 avril 2026, \u00e0 la base interarm\u00e9es d'Andrews, dans le Maryland, en vue d'un d\u00e9part pr\u00e9vu pour le Pakistan, o\u00f9 il doit mener des discussions sur l'Iran. (Photo AP\/Jacquelyn Martin, pool)\/MDJM203\/26100458441743\/POOL\/2604101445"},{"@type":"BreadcrumbList","@id":"https:\/\/legrandcontinent.eu\/es\/2026\/04\/11\/negociaciones-en-islamabad-que-pretenden-estados-unidos-e-iran\/#breadcrumb","itemListElement":[{"@type":"ListItem","position":1,"name":"Home","item":"https:\/\/legrandcontinent.eu\/es\/"},{"@type":"ListItem","position":2,"name":"Negociaciones en Islamabad: \u00bfqu\u00e9 pretenden Estados Unidos e Ir\u00e1n?"}]},{"@type":"WebSite","@id":"https:\/\/legrandcontinent.eu\/es\/#website","url":"https:\/\/legrandcontinent.eu\/es\/","name":"El Grand Continent","description":"La escala pertinente","potentialAction":[{"@type":"SearchAction","target":{"@type":"EntryPoint","urlTemplate":"https:\/\/legrandcontinent.eu\/es\/?s={search_term_string}"},"query-input":{"@type":"PropertyValueSpecification","valueRequired":true,"valueName":"search_term_string"}}],"inLanguage":"es"},{"@type":"Person","@id":"https:\/\/legrandcontinent.eu\/es\/#\/schema\/person\/cdd782c93d4a9eda86ab19a8c01cdf5c","name":"florent","image":{"@type":"ImageObject","inLanguage":"es","@id":"https:\/\/legrandcontinent.eu\/es\/#\/schema\/person\/image\/","url":"https:\/\/secure.gravatar.com\/avatar\/0d38d78c90602daf39b309035cdac6bc?s=96&d=mm&r=g","contentUrl":"https:\/\/secure.gravatar.com\/avatar\/0d38d78c90602daf39b309035cdac6bc?s=96&d=mm&r=g","caption":"florent"}}]}},"lgc_categories":[{"id":1404,"name":"Ir\u00e1n: la guerra del cambio de r\u00e9gimen","slug":"iran-la-guerra-del-cambio-de-regimen"}],"lgc_author":null,"feature_image_summary":{"url":"https:\/\/legrandcontinent.eu\/es\/wp-content\/uploads\/sites\/2\/2026\/04\/SIPA_ap23027529_000003-scaled.jpg","width":2560,"height":1712,"alt":""},"feature_image_cover":null,"term_position_data":null,"_links":{"self":[{"href":"https:\/\/legrandcontinent.eu\/es\/wp-json\/wp\/v2\/posts\/95993","targetHints":{"allow":["GET"]}}],"collection":[{"href":"https:\/\/legrandcontinent.eu\/es\/wp-json\/wp\/v2\/posts"}],"about":[{"href":"https:\/\/legrandcontinent.eu\/es\/wp-json\/wp\/v2\/types\/post"}],"author":[{"embeddable":true,"href":"https:\/\/legrandcontinent.eu\/es\/wp-json\/wp\/v2\/users\/1366"}],"replies":[{"embeddable":true,"href":"https:\/\/legrandcontinent.eu\/es\/wp-json\/wp\/v2\/comments?post=95993"}],"version-history":[{"count":12,"href":"https:\/\/legrandcontinent.eu\/es\/wp-json\/wp\/v2\/posts\/95993\/revisions"}],"predecessor-version":[{"id":96015,"href":"https:\/\/legrandcontinent.eu\/es\/wp-json\/wp\/v2\/posts\/95993\/revisions\/96015"}],"wp:featuredmedia":[{"embeddable":true,"href":"https:\/\/legrandcontinent.eu\/es\/wp-json\/wp\/v2\/media\/95974"}],"wp:attachment":[{"href":"https:\/\/legrandcontinent.eu\/es\/wp-json\/wp\/v2\/media?parent=95993"}],"wp:term":[{"taxonomy":"category","embeddable":true,"href":"https:\/\/legrandcontinent.eu\/es\/wp-json\/wp\/v2\/categories?post=95993"},{"taxonomy":"post_tag","embeddable":true,"href":"https:\/\/legrandcontinent.eu\/es\/wp-json\/wp\/v2\/tags?post=95993"},{"taxonomy":"staff","embeddable":true,"href":"https:\/\/legrandcontinent.eu\/es\/wp-json\/wp\/v2\/staff?post=95993"},{"taxonomy":"editorial_format","embeddable":true,"href":"https:\/\/legrandcontinent.eu\/es\/wp-json\/wp\/v2\/editorial_format?post=95993"},{"taxonomy":"serie","embeddable":true,"href":"https:\/\/legrandcontinent.eu\/es\/wp-json\/wp\/v2\/serie?post=95993"},{"taxonomy":"audience","embeddable":true,"href":"https:\/\/legrandcontinent.eu\/es\/wp-json\/wp\/v2\/audience?post=95993"},{"taxonomy":"geo","embeddable":true,"href":"https:\/\/legrandcontinent.eu\/es\/wp-json\/wp\/v2\/geo?post=95993"}],"curies":[{"name":"wp","href":"https:\/\/api.w.org\/{rel}","templated":true}]}}