{"id":95951,"date":"2026-04-10T17:19:32","date_gmt":"2026-04-10T15:19:32","guid":{"rendered":"https:\/\/legrandcontinent.eu\/es\/?p=95951"},"modified":"2026-04-10T17:19:35","modified_gmt":"2026-04-10T15:19:35","slug":"en-una-reunion-con-la-lider-del-kuomintang-xi-califico-la-reunificacion-con-taiwan-como-una-inevitabilidad-historica","status":"publish","type":"post","link":"https:\/\/legrandcontinent.eu\/es\/2026\/04\/10\/en-una-reunion-con-la-lider-del-kuomintang-xi-califico-la-reunificacion-con-taiwan-como-una-inevitabilidad-historica\/","title":{"rendered":"En una reuni\u00f3n con la l\u00edder del Kuomintang, Xi calific\u00f3 la \u00abreunificaci\u00f3n\u00bb con Taiw\u00e1n como una \u00abinevitabilidad hist\u00f3rica\u00bb"},"content":{"rendered":"\n<p>Por primera vez en diez a\u00f1os, el presidente chino Xi Jinping se ha reunido con la l\u00edder del Kuomintang taiwan\u00e9s, Hung Hsiu-chu, en una reuni\u00f3n celebrada hoy, viernes 10 de abril, en el Palacio de la Asamblea Popular.<\/p>\n\n\n\n<p>Durante el encuentro, Xi describi\u00f3 la \u00abreunificaci\u00f3n\u00bb con Taiw\u00e1n como una \u00abinevitabilidad hist\u00f3rica\u00bb y reiter\u00f3 su oposici\u00f3n a la independencia de Taiw\u00e1n.<\/p>\n\n\n\n<ul class=\"wp-block-list\">\n<li>Seg\u00fan el comunicado publicado por la agencia de noticias china Xinhua, el l\u00edder chino declar\u00f3 estar dispuesto, sobre la base pol\u00edtica com\u00fan de defender el \u00abConsenso de 1992\u00bb, a seguir colaborando con el KMT para trabajar en pro de la \u00abregeneraci\u00f3n nacional\u00bb&nbsp;<span class='whitespace-nowrap'><span id='easy-footnote-1-95951' class='easy-footnote-margin-adjust'><\/span><span class='easy-footnote'><a href='https:\/\/legrandcontinent.eu\/es\/2026\/04\/10\/en-una-reunion-con-la-lider-del-kuomintang-xi-califico-la-reunificacion-con-taiwan-como-una-inevitabilidad-historica\/#easy-footnote-bottom-1-95951' title='\u00ab\u00a0&lt;a href=&quot;https:\/\/www.news.cn\/politics\/leaders\/20260410\/2993d2023b9c4048a8bbfbabe965348e\/c.html&quot;&gt;\u4e60\u8fd1\u5e73\u603b\u4e66\u8bb0\u4f1a\u89c1\u4e2d\u56fd\u56fd\u6c11\u515a\u4e3b\u5e2d\u90d1\u4e3d\u6587&lt;\/a&gt;\u00a0\u00bb,\u00a0&lt;em&gt;Xinhua&lt;\/em&gt;, 10 de abril de 2026.'><sup>1<\/sup><\/a><\/span><\/span>.<\/li>\n\n\n\n<li>El \u00abConsenso de 1992\u00bb, tambi\u00e9n conocido como el \u00abprincipio de una sola China\u00bb, hace referencia a un acuerdo alcanzado entre emisarios de Pek\u00edn y Taiw\u00e1n, seg\u00fan el cual ambas orillas del estrecho de Taiw\u00e1n pertenecen a la \u00ab\u00fanica China\u00bb, es decir, a la Rep\u00fablica Popular China (RPC).<\/li>\n<\/ul>\n\n\n\n<div class=\"iframe-container wp-block-image wp-block-image-medium  iframe-dw\">\n\t<div>\n\t\t<iframe class=\"absolute w-full h-full pin-t pin-l\" title=\"titolo\" aria-label=\"Interactive line chart\" src=\"\/\/datawrapper.dwcdn.net\/sdtwn\/\" scrolling=\"no\" frameborder=\"0\"><\/iframe>\n\t<\/div>\n<\/div>\n\n\n\n<p>Durante la reuni\u00f3n, Xi releg\u00f3 a un segundo plano la cuesti\u00f3n de las \u00abdiferencias entre los sistemas sociales\u00bb de Pek\u00edn y Taip\u00e9i \u2014es decir, la oposici\u00f3n entre democracia y autoritarismo que destaca el Gobierno taiwan\u00e9s\u2014, afirmando que esta \u00abno puede justificar la divisi\u00f3n\u00bb. El l\u00edder chino convierte as\u00ed, de manera impl\u00edcita, la identidad china en el argumento central para justificar la \u00abreunificaci\u00f3n\u00bb, que se traducir\u00eda en una anexi\u00f3n de la isla por parte de la RPC&nbsp;<span class='whitespace-nowrap'><span id='easy-footnote-2-95951' class='easy-footnote-margin-adjust'><\/span><span class='easy-footnote'><a href='https:\/\/legrandcontinent.eu\/es\/2026\/04\/10\/en-una-reunion-con-la-lider-del-kuomintang-xi-califico-la-reunificacion-con-taiwan-como-una-inevitabilidad-historica\/#easy-footnote-bottom-2-95951' title='Fred Gao, \u00ab\u00a0&lt;a href=&quot;https:\/\/www.fredgao.com\/p\/xi-meets-kmt-leader-cheng-li-wun&quot;&gt;Xi meets KMT leader Cheng Li-wun in Beijing&lt;\/a&gt;\u00a0\u00bb, Inside China, 10 de abril de 2026.'><sup>2<\/sup><\/a><\/span><\/span>.<\/p>\n\n\n\n<ul class=\"wp-block-list\">\n<li>Antes de reunirse con Xi en Pek\u00edn, Hung Hsiu-chu visit\u00f3 Shangh\u00e1i y luego Nank\u00edn, en la provincia de Jiangsu, donde abog\u00f3 por el respeto del \u00abConsenso de 1992\u00bb por parte de todos los partidos pol\u00edticos taiwaneses&nbsp;<span class='whitespace-nowrap'><span id='easy-footnote-3-95951' class='easy-footnote-margin-adjust'><\/span><span class='easy-footnote'><a href='https:\/\/legrandcontinent.eu\/es\/2026\/04\/10\/en-una-reunion-con-la-lider-del-kuomintang-xi-califico-la-reunificacion-con-taiwan-como-una-inevitabilidad-historica\/#easy-footnote-bottom-3-95951' title='\u00a0Joe Leahy y Edward White, \u00ab\u00a0&lt;a href=&quot;https:\/\/www.ft.com\/content\/e4aecf2e-9975-4b44-b01c-d6f2b8435386?syn-25a6b1a6=1&quot;&gt;China\u2019s Xi tells Taiwan opposition leader unification an \u2018inevitability\u2019&lt;\/a&gt;\u00a0\u00bb,\u00a0&lt;em&gt;Financial Times&lt;\/em&gt;, 10 de abril de 2026.'><sup>3<\/sup><\/a><\/span><\/span>.<\/li>\n\n\n\n<li>El Kuomintang busca activamente bloquear el aumento del gasto en defensa de 40.000 millones de d\u00f3lares durante los pr\u00f3ximos ocho a\u00f1os, propuesto por el presidente taiwan\u00e9s Lai Ching-te (Partido Democr\u00e1tico Progresista), cuyo objetivo es disuadir o, incluso, repeler un posible intento de invasi\u00f3n china.<\/li>\n\n\n\n<li>Para Pek\u00edn, la visita de Hung Hsiu-chu permite enviar una se\u00f1al de desuni\u00f3n \u2014especialmente dirigida a Estados Unidos y Europa\u2014 en lo que respecta a la defensa de la isla dentro de la clase pol\u00edtica taiwanesa&nbsp;<span class='whitespace-nowrap'><span id='easy-footnote-4-95951' class='easy-footnote-margin-adjust'><\/span><span class='easy-footnote'><a href='https:\/\/legrandcontinent.eu\/es\/2026\/04\/10\/en-una-reunion-con-la-lider-del-kuomintang-xi-califico-la-reunificacion-con-taiwan-como-una-inevitabilidad-historica\/#easy-footnote-bottom-4-95951' title='Thompson Chau, \u00ab\u00a0&lt;a href=&quot;https:\/\/asia.nikkei.com\/politics\/international-relations\/taiwan-tensions\/xi-jinping-meets-new-face-of-taiwan-s-opposition-as-us-and-japan-watch&quot;&gt;Xi Jinping meets new face of Taiwan\u2019s opposition as US and Japan watch&lt;\/a&gt;\u00a0\u00bb,\u00a0&lt;em&gt;Nikkei Asia&lt;\/em&gt;, 10 de abril de 2026.'><sup>4<\/sup><\/a><\/span><\/span>.<\/li>\n<\/ul>\n\n\n\n<div class=\"iframe-container wp-block-image wp-block-image-medium  iframe-dw\">\n\t<div>\n\t\t<iframe class=\"absolute w-full h-full pin-t pin-l\" title=\"titolo\" aria-label=\"Interactive line chart\" src=\"\/\/datawrapper.dwcdn.net\/3DhP3\/\" scrolling=\"no\" frameborder=\"0\"><\/iframe>\n\t<\/div>\n<\/div>\n\n\n\n<p>La visita a Pek\u00edn de la presidenta del Kuomintang se produce apenas unas semanas antes de la visita de Trump a China, prevista para los d\u00edas 14 y 15 de mayo. El a\u00f1o pasado, el Ministerio de Defensa taiwan\u00e9s\u00a0<a href=\"https:\/\/legrandcontinent.eu\/es\/2025\/03\/20\/taiwan-se-prepara-para-una-invasion-china-en-2027\/\">identific\u00f3 2027 como un a\u00f1o posible para una invasi\u00f3n<\/a>\u00a0de la isla por parte de Pek\u00edn.<\/p>\n","protected":false},"excerpt":{"rendered":"<p>La presidenta del Kuomintang, Cheng Li-wun, se ha reunido hoy, viernes 10, con Xi Jinping.<\/p>\n<p>El l\u00edder chino ha reiterado su oposici\u00f3n a la independencia de Taiw\u00e1n y ha hecho un llamamiento a continuar la colaboraci\u00f3n con el KMT para trabajar en la \u00abregeneraci\u00f3n nacional\u00bb.<\/p>\n","protected":false},"author":1366,"featured_media":95952,"comment_status":"closed","ping_status":"closed","sticky":false,"template":"templates\/post-briefings.php","format":"standard","meta":{"_acf_changed":true,"_trash_the_other_posts":false,"_yoast_wpseo_estimated-reading-time-minutes":3,"footnotes":""},"categories":[6],"tags":[],"staff":[],"editorial_format":[1424],"serie":[],"audience":[],"geo":[197],"class_list":["post-95951","post","type-post","status-publish","format-standard","hentry","category-politica","editorial_format-briefings","geo-asia-oriental"],"acf":{"open_in_webview":false,"accent":"default","_thumbnail_id":95952,"excerpt":"La presidenta del Kuomintang, Cheng Li-wun, se ha reunido hoy, viernes 10, con Xi Jinping.\r\n\r\nEl l\u00edder chino ha reiterado su oposici\u00f3n a la independencia de Taiw\u00e1n y ha hecho un llamamiento a continuar la colaboraci\u00f3n con el KMT para trabajar en la \u00abregeneraci\u00f3n nacional\u00bb.","display_date":"","new_abstract":true},"yoast_head":"<!-- This site is optimized with the Yoast SEO plugin v26.1.1 - https:\/\/yoast.com\/wordpress\/plugins\/seo\/ -->\n<title>Xi describe la \u00abreunificaci\u00f3n\u00bb con Taiw\u00e1n como una \u00abinevitabilidad hist\u00f3rica\u00bb<\/title>\n<meta name=\"robots\" content=\"index, follow, max-snippet:-1, max-image-preview:large, max-video-preview:-1\" \/>\n<link rel=\"canonical\" href=\"https:\/\/legrandcontinent.eu\/es\/2026\/04\/10\/en-una-reunion-con-la-lider-del-kuomintang-xi-califico-la-reunificacion-con-taiwan-como-una-inevitabilidad-historica\/\" \/>\n<meta property=\"og:locale\" content=\"es_ES\" \/>\n<meta property=\"og:type\" content=\"article\" \/>\n<meta property=\"og:title\" content=\"Xi describe la \u00abreunificaci\u00f3n\u00bb con Taiw\u00e1n como una \u00abinevitabilidad hist\u00f3rica\u00bb\" \/>\n<meta property=\"og:description\" content=\"La presidenta del Kuomintang, Cheng Li-wun, se ha reunido hoy, viernes 10, con Xi Jinping.  El l\u00edder chino ha reiterado su oposici\u00f3n a la independencia de Taiw\u00e1n y ha hecho un llamamiento a continuar la colaboraci\u00f3n con el KMT para trabajar en la \u00abregeneraci\u00f3n nacional\u00bb.\" \/>\n<meta property=\"og:url\" content=\"https:\/\/legrandcontinent.eu\/es\/2026\/04\/10\/en-una-reunion-con-la-lider-del-kuomintang-xi-califico-la-reunificacion-con-taiwan-como-una-inevitabilidad-historica\/\" \/>\n<meta property=\"og:site_name\" content=\"El Grand Continent\" \/>\n<meta property=\"article:published_time\" content=\"2026-04-10T15:19:32+00:00\" \/>\n<meta property=\"article:modified_time\" content=\"2026-04-10T15:19:35+00:00\" \/>\n<meta property=\"og:image\" content=\"https:\/\/legrandcontinent.eu\/es\/wp-content\/uploads\/sites\/6\/2026\/04\/gc-eltaiwan-scaled.jpg\" \/>\n\t<meta property=\"og:image:width\" content=\"2560\" \/>\n\t<meta property=\"og:image:height\" content=\"1440\" \/>\n\t<meta property=\"og:image:type\" content=\"image\/jpeg\" \/>\n<meta name=\"author\" content=\"florent\" \/>\n<meta name=\"twitter:card\" content=\"summary_large_image\" \/>\n<meta name=\"twitter:image\" content=\"https:\/\/legrandcontinent.eu\/es\/wp-content\/uploads\/sites\/6\/2026\/04\/gc-eltaiwan-scaled.jpg\" \/>\n<meta name=\"twitter:label1\" content=\"Escrito por\" \/>\n\t<meta name=\"twitter:data1\" content=\"florent\" \/>\n\t<meta name=\"twitter:label2\" content=\"Tiempo de lectura\" \/>\n\t<meta name=\"twitter:data2\" content=\"3 minutos\" \/>\n<script type=\"application\/ld+json\" class=\"yoast-schema-graph\">{\"@context\":\"https:\/\/schema.org\",\"@graph\":[{\"@type\":\"WebPage\",\"@id\":\"https:\/\/legrandcontinent.eu\/es\/2026\/04\/10\/en-una-reunion-con-la-lider-del-kuomintang-xi-califico-la-reunificacion-con-taiwan-como-una-inevitabilidad-historica\/\",\"url\":\"https:\/\/legrandcontinent.eu\/es\/2026\/04\/10\/en-una-reunion-con-la-lider-del-kuomintang-xi-califico-la-reunificacion-con-taiwan-como-una-inevitabilidad-historica\/\",\"name\":\"Xi describe la \u00abreunificaci\u00f3n\u00bb con Taiw\u00e1n como una \u00abinevitabilidad hist\u00f3rica\u00bb\",\"isPartOf\":{\"@id\":\"https:\/\/legrandcontinent.eu\/es\/#website\"},\"primaryImageOfPage\":{\"@id\":\"https:\/\/legrandcontinent.eu\/es\/2026\/04\/10\/en-una-reunion-con-la-lider-del-kuomintang-xi-califico-la-reunificacion-con-taiwan-como-una-inevitabilidad-historica\/#primaryimage\"},\"image\":{\"@id\":\"https:\/\/legrandcontinent.eu\/es\/2026\/04\/10\/en-una-reunion-con-la-lider-del-kuomintang-xi-califico-la-reunificacion-con-taiwan-como-una-inevitabilidad-historica\/#primaryimage\"},\"thumbnailUrl\":\"https:\/\/legrandcontinent.eu\/es\/wp-content\/uploads\/sites\/6\/2026\/04\/sdtwn-la-cuestion-de-la-identificacion-nacional-en-taiwan-.png\",\"datePublished\":\"2026-04-10T15:19:32+00:00\",\"dateModified\":\"2026-04-10T15:19:35+00:00\",\"author\":{\"@id\":\"https:\/\/legrandcontinent.eu\/es\/#\/schema\/person\/cdd782c93d4a9eda86ab19a8c01cdf5c\"},\"breadcrumb\":{\"@id\":\"https:\/\/legrandcontinent.eu\/es\/2026\/04\/10\/en-una-reunion-con-la-lider-del-kuomintang-xi-califico-la-reunificacion-con-taiwan-como-una-inevitabilidad-historica\/#breadcrumb\"},\"inLanguage\":\"es\",\"potentialAction\":[{\"@type\":\"ReadAction\",\"target\":[\"https:\/\/legrandcontinent.eu\/es\/2026\/04\/10\/en-una-reunion-con-la-lider-del-kuomintang-xi-califico-la-reunificacion-con-taiwan-como-una-inevitabilidad-historica\/\"]}]},{\"@type\":\"ImageObject\",\"inLanguage\":\"es\",\"@id\":\"https:\/\/legrandcontinent.eu\/es\/2026\/04\/10\/en-una-reunion-con-la-lider-del-kuomintang-xi-califico-la-reunificacion-con-taiwan-como-una-inevitabilidad-historica\/#primaryimage\",\"url\":\"https:\/\/legrandcontinent.eu\/es\/wp-content\/uploads\/sites\/6\/2026\/04\/sdtwn-la-cuestion-de-la-identificacion-nacional-en-taiwan-.png\",\"contentUrl\":\"https:\/\/legrandcontinent.eu\/es\/wp-content\/uploads\/sites\/6\/2026\/04\/sdtwn-la-cuestion-de-la-identificacion-nacional-en-taiwan-.png\",\"width\":1212,\"height\":958},{\"@type\":\"BreadcrumbList\",\"@id\":\"https:\/\/legrandcontinent.eu\/es\/2026\/04\/10\/en-una-reunion-con-la-lider-del-kuomintang-xi-califico-la-reunificacion-con-taiwan-como-una-inevitabilidad-historica\/#breadcrumb\",\"itemListElement\":[{\"@type\":\"ListItem\",\"position\":1,\"name\":\"Home\",\"item\":\"https:\/\/legrandcontinent.eu\/es\/\"},{\"@type\":\"ListItem\",\"position\":2,\"name\":\"En una reuni\u00f3n con la l\u00edder del Kuomintang, Xi calific\u00f3 la \u00abreunificaci\u00f3n\u00bb con Taiw\u00e1n como una \u00abinevitabilidad hist\u00f3rica\u00bb\"}]},{\"@type\":\"WebSite\",\"@id\":\"https:\/\/legrandcontinent.eu\/es\/#website\",\"url\":\"https:\/\/legrandcontinent.eu\/es\/\",\"name\":\"El Grand Continent\",\"description\":\"La escala pertinente\",\"potentialAction\":[{\"@type\":\"SearchAction\",\"target\":{\"@type\":\"EntryPoint\",\"urlTemplate\":\"https:\/\/legrandcontinent.eu\/es\/?s={search_term_string}\"},\"query-input\":{\"@type\":\"PropertyValueSpecification\",\"valueRequired\":true,\"valueName\":\"search_term_string\"}}],\"inLanguage\":\"es\"},{\"@type\":\"Person\",\"@id\":\"https:\/\/legrandcontinent.eu\/es\/#\/schema\/person\/cdd782c93d4a9eda86ab19a8c01cdf5c\",\"name\":\"florent\",\"image\":{\"@type\":\"ImageObject\",\"inLanguage\":\"es\",\"@id\":\"https:\/\/legrandcontinent.eu\/es\/#\/schema\/person\/image\/\",\"url\":\"https:\/\/secure.gravatar.com\/avatar\/0d38d78c90602daf39b309035cdac6bc?s=96&d=mm&r=g\",\"contentUrl\":\"https:\/\/secure.gravatar.com\/avatar\/0d38d78c90602daf39b309035cdac6bc?s=96&d=mm&r=g\",\"caption\":\"florent\"}}]}<\/script>\n<!-- \/ Yoast SEO plugin. -->","yoast_head_json":{"title":"Xi describe la \u00abreunificaci\u00f3n\u00bb con Taiw\u00e1n como una \u00abinevitabilidad hist\u00f3rica\u00bb","robots":{"index":"index","follow":"follow","max-snippet":"max-snippet:-1","max-image-preview":"max-image-preview:large","max-video-preview":"max-video-preview:-1"},"canonical":"https:\/\/legrandcontinent.eu\/es\/2026\/04\/10\/en-una-reunion-con-la-lider-del-kuomintang-xi-califico-la-reunificacion-con-taiwan-como-una-inevitabilidad-historica\/","og_locale":"es_ES","og_type":"article","og_title":"Xi describe la \u00abreunificaci\u00f3n\u00bb con Taiw\u00e1n como una \u00abinevitabilidad hist\u00f3rica\u00bb","og_description":"La presidenta del Kuomintang, Cheng Li-wun, se ha reunido hoy, viernes 10, con Xi Jinping.  El l\u00edder chino ha reiterado su oposici\u00f3n a la independencia de Taiw\u00e1n y ha hecho un llamamiento a continuar la colaboraci\u00f3n con el KMT para trabajar en la \u00abregeneraci\u00f3n nacional\u00bb.","og_url":"https:\/\/legrandcontinent.eu\/es\/2026\/04\/10\/en-una-reunion-con-la-lider-del-kuomintang-xi-califico-la-reunificacion-con-taiwan-como-una-inevitabilidad-historica\/","og_site_name":"El Grand Continent","article_published_time":"2026-04-10T15:19:32+00:00","article_modified_time":"2026-04-10T15:19:35+00:00","og_image":[{"width":2560,"height":1440,"url":"https:\/\/legrandcontinent.eu\/es\/wp-content\/uploads\/sites\/6\/2026\/04\/gc-eltaiwan-scaled.jpg","type":"image\/jpeg"}],"author":"florent","twitter_card":"summary_large_image","twitter_image":"https:\/\/legrandcontinent.eu\/es\/wp-content\/uploads\/sites\/6\/2026\/04\/gc-eltaiwan-scaled.jpg","twitter_misc":{"Escrito por":"florent","Tiempo de lectura":"3 minutos"},"schema":{"@context":"https:\/\/schema.org","@graph":[{"@type":"WebPage","@id":"https:\/\/legrandcontinent.eu\/es\/2026\/04\/10\/en-una-reunion-con-la-lider-del-kuomintang-xi-califico-la-reunificacion-con-taiwan-como-una-inevitabilidad-historica\/","url":"https:\/\/legrandcontinent.eu\/es\/2026\/04\/10\/en-una-reunion-con-la-lider-del-kuomintang-xi-califico-la-reunificacion-con-taiwan-como-una-inevitabilidad-historica\/","name":"Xi describe la \u00abreunificaci\u00f3n\u00bb con Taiw\u00e1n como una \u00abinevitabilidad hist\u00f3rica\u00bb","isPartOf":{"@id":"https:\/\/legrandcontinent.eu\/es\/#website"},"primaryImageOfPage":{"@id":"https:\/\/legrandcontinent.eu\/es\/2026\/04\/10\/en-una-reunion-con-la-lider-del-kuomintang-xi-califico-la-reunificacion-con-taiwan-como-una-inevitabilidad-historica\/#primaryimage"},"image":{"@id":"https:\/\/legrandcontinent.eu\/es\/2026\/04\/10\/en-una-reunion-con-la-lider-del-kuomintang-xi-califico-la-reunificacion-con-taiwan-como-una-inevitabilidad-historica\/#primaryimage"},"thumbnailUrl":"https:\/\/legrandcontinent.eu\/es\/wp-content\/uploads\/sites\/6\/2026\/04\/sdtwn-la-cuestion-de-la-identificacion-nacional-en-taiwan-.png","datePublished":"2026-04-10T15:19:32+00:00","dateModified":"2026-04-10T15:19:35+00:00","author":{"@id":"https:\/\/legrandcontinent.eu\/es\/#\/schema\/person\/cdd782c93d4a9eda86ab19a8c01cdf5c"},"breadcrumb":{"@id":"https:\/\/legrandcontinent.eu\/es\/2026\/04\/10\/en-una-reunion-con-la-lider-del-kuomintang-xi-califico-la-reunificacion-con-taiwan-como-una-inevitabilidad-historica\/#breadcrumb"},"inLanguage":"es","potentialAction":[{"@type":"ReadAction","target":["https:\/\/legrandcontinent.eu\/es\/2026\/04\/10\/en-una-reunion-con-la-lider-del-kuomintang-xi-califico-la-reunificacion-con-taiwan-como-una-inevitabilidad-historica\/"]}]},{"@type":"ImageObject","inLanguage":"es","@id":"https:\/\/legrandcontinent.eu\/es\/2026\/04\/10\/en-una-reunion-con-la-lider-del-kuomintang-xi-califico-la-reunificacion-con-taiwan-como-una-inevitabilidad-historica\/#primaryimage","url":"https:\/\/legrandcontinent.eu\/es\/wp-content\/uploads\/sites\/6\/2026\/04\/sdtwn-la-cuestion-de-la-identificacion-nacional-en-taiwan-.png","contentUrl":"https:\/\/legrandcontinent.eu\/es\/wp-content\/uploads\/sites\/6\/2026\/04\/sdtwn-la-cuestion-de-la-identificacion-nacional-en-taiwan-.png","width":1212,"height":958},{"@type":"BreadcrumbList","@id":"https:\/\/legrandcontinent.eu\/es\/2026\/04\/10\/en-una-reunion-con-la-lider-del-kuomintang-xi-califico-la-reunificacion-con-taiwan-como-una-inevitabilidad-historica\/#breadcrumb","itemListElement":[{"@type":"ListItem","position":1,"name":"Home","item":"https:\/\/legrandcontinent.eu\/es\/"},{"@type":"ListItem","position":2,"name":"En una reuni\u00f3n con la l\u00edder del Kuomintang, Xi calific\u00f3 la \u00abreunificaci\u00f3n\u00bb con Taiw\u00e1n como una \u00abinevitabilidad hist\u00f3rica\u00bb"}]},{"@type":"WebSite","@id":"https:\/\/legrandcontinent.eu\/es\/#website","url":"https:\/\/legrandcontinent.eu\/es\/","name":"El Grand Continent","description":"La escala pertinente","potentialAction":[{"@type":"SearchAction","target":{"@type":"EntryPoint","urlTemplate":"https:\/\/legrandcontinent.eu\/es\/?s={search_term_string}"},"query-input":{"@type":"PropertyValueSpecification","valueRequired":true,"valueName":"search_term_string"}}],"inLanguage":"es"},{"@type":"Person","@id":"https:\/\/legrandcontinent.eu\/es\/#\/schema\/person\/cdd782c93d4a9eda86ab19a8c01cdf5c","name":"florent","image":{"@type":"ImageObject","inLanguage":"es","@id":"https:\/\/legrandcontinent.eu\/es\/#\/schema\/person\/image\/","url":"https:\/\/secure.gravatar.com\/avatar\/0d38d78c90602daf39b309035cdac6bc?s=96&d=mm&r=g","contentUrl":"https:\/\/secure.gravatar.com\/avatar\/0d38d78c90602daf39b309035cdac6bc?s=96&d=mm&r=g","caption":"florent"}}]}},"lgc_categories":[{"id":6,"name":"Pol\u00edtica","slug":"politica"}],"lgc_author":null,"feature_image_summary":{"url":"https:\/\/legrandcontinent.eu\/es\/wp-content\/uploads\/sites\/6\/2026\/04\/sdtwn-la-cuestion-de-la-identificacion-nacional-en-taiwan-.png","width":1212,"height":958,"alt":""},"feature_image_cover":null,"term_position_data":null,"_links":{"self":[{"href":"https:\/\/legrandcontinent.eu\/es\/wp-json\/wp\/v2\/posts\/95951","targetHints":{"allow":["GET"]}}],"collection":[{"href":"https:\/\/legrandcontinent.eu\/es\/wp-json\/wp\/v2\/posts"}],"about":[{"href":"https:\/\/legrandcontinent.eu\/es\/wp-json\/wp\/v2\/types\/post"}],"author":[{"embeddable":true,"href":"https:\/\/legrandcontinent.eu\/es\/wp-json\/wp\/v2\/users\/1366"}],"replies":[{"embeddable":true,"href":"https:\/\/legrandcontinent.eu\/es\/wp-json\/wp\/v2\/comments?post=95951"}],"version-history":[{"count":5,"href":"https:\/\/legrandcontinent.eu\/es\/wp-json\/wp\/v2\/posts\/95951\/revisions"}],"predecessor-version":[{"id":95958,"href":"https:\/\/legrandcontinent.eu\/es\/wp-json\/wp\/v2\/posts\/95951\/revisions\/95958"}],"wp:featuredmedia":[{"embeddable":true,"href":"https:\/\/legrandcontinent.eu\/es\/wp-json\/wp\/v2\/media\/95952"}],"wp:attachment":[{"href":"https:\/\/legrandcontinent.eu\/es\/wp-json\/wp\/v2\/media?parent=95951"}],"wp:term":[{"taxonomy":"category","embeddable":true,"href":"https:\/\/legrandcontinent.eu\/es\/wp-json\/wp\/v2\/categories?post=95951"},{"taxonomy":"post_tag","embeddable":true,"href":"https:\/\/legrandcontinent.eu\/es\/wp-json\/wp\/v2\/tags?post=95951"},{"taxonomy":"staff","embeddable":true,"href":"https:\/\/legrandcontinent.eu\/es\/wp-json\/wp\/v2\/staff?post=95951"},{"taxonomy":"editorial_format","embeddable":true,"href":"https:\/\/legrandcontinent.eu\/es\/wp-json\/wp\/v2\/editorial_format?post=95951"},{"taxonomy":"serie","embeddable":true,"href":"https:\/\/legrandcontinent.eu\/es\/wp-json\/wp\/v2\/serie?post=95951"},{"taxonomy":"audience","embeddable":true,"href":"https:\/\/legrandcontinent.eu\/es\/wp-json\/wp\/v2\/audience?post=95951"},{"taxonomy":"geo","embeddable":true,"href":"https:\/\/legrandcontinent.eu\/es\/wp-json\/wp\/v2\/geo?post=95951"}],"curies":[{"name":"wp","href":"https:\/\/api.w.org\/{rel}","templated":true}]}}