{"id":95880,"date":"2026-04-10T10:00:51","date_gmt":"2026-04-10T08:00:51","guid":{"rendered":"https:\/\/legrandcontinent.eu\/es\/?p=95880"},"modified":"2026-04-10T10:07:08","modified_gmt":"2026-04-10T08:07:08","slug":"al-evocar-el-cautiverio-del-papa-en-avinon-esta-anunciando-la-administracion-trump-una-escalada-de-tension-con-respecto-a-la-iglesia-catolica","status":"publish","type":"post","link":"https:\/\/legrandcontinent.eu\/es\/2026\/04\/10\/al-evocar-el-cautiverio-del-papa-en-avinon-esta-anunciando-la-administracion-trump-una-escalada-de-tension-con-respecto-a-la-iglesia-catolica\/","title":{"rendered":"Al evocar el cautiverio del papa en Avi\u00f1\u00f3n, \u00bfest\u00e1 anunciando la administraci\u00f3n Trump una escalada con respecto a la Iglesia cat\u00f3lica?"},"content":{"rendered":"\n<p>Desde el inicio de la guerra israel\u00ed-estadounidense contra Ir\u00e1n, el papa Le\u00f3n XIV ha expresado condenas cada vez m\u00e1s claras de la actuaci\u00f3n del r\u00e9gimen de Trump en Oriente Medio, y especialmente de los mort\u00edferos bombardeos israel\u00edes sobre el L\u00edbano \u2014pa\u00eds que visit\u00f3 el oto\u00f1o pasado con motivo de su primera visita pastoral\u2014.<\/p>\n\n\n\n<p>En respuesta a las fren\u00e9ticas publicaciones de Donald Trump en las redes sociales, en las que evocaba \u00abla aniquilaci\u00f3n de una civilizaci\u00f3n\u00bb entre una andanada de insultos, el papa hab\u00eda calificado el martes por la noche, desde su residencia de Castel Gandolfo, de \u00abverdaderamente inaceptable\u00bb una amenaza proferida \u00abcontra todo el pueblo iran\u00ed\u00bb.\u00a0<\/p>\n\n\n\n<ul class=\"wp-block-list\">\n<li>Tambi\u00e9n hab\u00eda hecho un llamamiento a los ciudadanos estadounidenses para que se pusieran en contacto con \u00absus representantes (congresistas)\u00bb.<\/li>\n\n\n\n<li>Las palabras pueden parecer ciertamente d\u00e9biles o convencionales, pero para una diplomacia vaticana acostumbrada a utilizar circunloquios prudentes, la condena se expres\u00f3 en t\u00e9rminos inusualmente claros y contundentes, y ello sin leer, improvisando.<\/li>\n\n\n\n<li>Con el anuncio de un alto el fuego entre Estados Unidos e Ir\u00e1n, se podr\u00eda haber cre\u00eddo que se vislumbraba el inicio de una distensi\u00f3n, y el Papa expres\u00f3 entonces su \u00absatisfacci\u00f3n\u00bb y sus fr\u00e1giles esperanzas respecto a la perdurabilidad del alto el fuego. El Papa no hace aqu\u00ed m\u00e1s que repetir sus llamamientos urgentes a favor de la paz, como hace cada domingo; su postura no ha variado desde el estallido del conflicto.\u00a0<\/li>\n<\/ul>\n\n\n\n<p>Como revel\u00f3 el periodista Mattia Ferraresi, las tensiones entre la administraci\u00f3n Trump y la nunciatura de Washington son extremadamente intensas desde hace varios meses.<\/p>\n\n\n\n<ul class=\"wp-block-list\">\n<li>El cardenal franc\u00e9s Christophe Pierre, nuncio en Washington hasta su jubilaci\u00f3n por motivos de edad el pasado 7 de marzo, era conocido por ser un firme opositor a la pol\u00edtica migratoria de la administraci\u00f3n Trump. Tambi\u00e9n era conocido por tener influencia sobre el papa Francisco y servir de enlace con la facci\u00f3n del episcopado estadounidense m\u00e1s recelosa hacia la nueva administraci\u00f3n.<\/li>\n\n\n\n<li>Su sucesor, Gabriele Caccia, antiguo observador permanente de la Santa Sede ante las Naciones Unidas (2019-2026), tiene un perfil m\u00e1s cl\u00e1sico, ya que fue formado por los cardenales moderados Leonardo Sandri (un argentino poco apreciado por Francisco) y Fernando Filoni.\u00a0<\/li>\n\n\n\n<li>Seg\u00fan el mismo periodista, la Casa Blanca habr\u00eda tomado muy mal que Le\u00f3n XIV eligiera el 4 de julio, fiesta nacional estadounidense y aniversario este a\u00f1o de los 250 a\u00f1os de la independencia de los Estados Unidos, para realizar una visita pastoral a la isla de Lampedusa, donde su predecesor, Francisco, hab\u00eda deplorado prof\u00e9ticamente la \u00abglobalizaci\u00f3n de la indiferencia\u00bb durante su primer desplazamiento, ante la crisis migratoria.<\/li>\n<\/ul>\n\n\n\n<p>La rivalidad entre J.D. Vance y Robert Prevost viene de lejos, aunque el vicepresidente estadounidense ya hab\u00eda sido recibido en audiencia por el Papa el 19 de mayo de 2025, es decir, pocos d\u00edas despu\u00e9s de su elecci\u00f3n.\u00a0<\/p>\n\n\n\n<ul class=\"wp-block-list\">\n<li>Obispo en Per\u00fa y luego cardenal en Roma, ya hab\u00eda condenado en las redes sociales la pol\u00edtica migratoria represiva de la administraci\u00f3n Trump.<\/li>\n\n\n\n<li>Precisamente para contrarrestar estas cr\u00edticas de los jerarcas cat\u00f3licos, cada vez m\u00e1s numerosas, el vicepresidente, convertido al catolicismo, hab\u00eda evocado la doctrina cl\u00e1sica del\u00a0<em>ordo amoris<\/em>\u00a0(o amor de preferencia)<em>,\u00a0<\/em>de inspiraci\u00f3n agustiniano-tomista, que tiende a establecer un orden de prioridades en los afectos naturales seg\u00fan la proximidad comunitaria.<\/li>\n<\/ul>\n\n\n\n<p>Durante estos episodios de tensiones y amenazas m\u00e1s o menos veladas, algunos responsables de la administraci\u00f3n Trump tambi\u00e9n habr\u00edan evocado el precedente del papado de Avi\u00f1\u00f3n, en el siglo XIV \u2014lo que Washington ha desmentido\u2014.<\/p>\n\n\n\n<p>A ra\u00edz de la muy acalorada disputa entre el rey de Francia Felipe el Hermoso y el papa Bonifacio VIII (que lleg\u00f3 incluso a un atentado f\u00edsico contra la persona del papa por parte de un consejero del rey), los sucesores de este \u00faltimo, todos franceses, tuvieron que abandonar Roma para residir en Avi\u00f1\u00f3n, en la \u00f3rbita del reino de Francia, pero entonces situada en territorio del Imperio, desde 1309 hasta 1378.\u00a0<\/p>\n\n\n\n<ul class=\"wp-block-list\">\n<li>De este modo, los reyes de Francia pretend\u00edan vigilar m\u00e1s de cerca la administraci\u00f3n pontificia, que se hab\u00eda incrementado notablemente durante este exilio, y controlar por completo su pol\u00edtica exterior.<\/li>\n\n\n\n<li>En 1378, tras infructuosos intentos de reinstalar en Roma al papa Urbano VI, nuevas tensiones desembocaron en el Gran Cisma de Occidente, es decir, la elecci\u00f3n de dos papas antag\u00f3nicos que se excomulgaron mutuamente en Roma y Avi\u00f1\u00f3n, y la divisi\u00f3n de los principados cristianos en dos obediencias, que se convirtieron en tres en 1409 tras la elecci\u00f3n de un tercer papa rival en Pisa.\u00a0<\/li>\n\n\n\n<li>Estas obediencias reflejaban las divisiones geopol\u00edticas de la \u00e9poca, en plena Guerra de los Cien A\u00f1os.<\/li>\n\n\n\n<li>La crisis no se resolvi\u00f3 hasta la elecci\u00f3n en 1417 de un outsider, Mart\u00edn V, que obtuvo una casi unanimidad en torno a su nombre, por iniciativa del concilio ecum\u00e9nico de Constanza, revel\u00e1ndose la asamblea de obispos como la verdadera instancia de resoluci\u00f3n de la crisis.<\/li>\n\n\n\n<li>Pero ello supuso, no obstante, un debilitamiento duradero del papado en beneficio tanto de los concilios ecum\u00e9nicos como de las potencias seculares.\u00a0<\/li>\n\n\n\n<li>Los papas de Avi\u00f1\u00f3n a partir de 1378 fueron declarados antipapas, reconoci\u00e9ndose como leg\u00edtima \u00fanicamente la l\u00ednea de los papas romanos.<\/li>\n<\/ul>\n\n\n\n<p>Sin embargo, el papado de Avi\u00f1\u00f3n\u00a0<em>stricto sensu<\/em>\u00a0merece mejor suerte que la leyenda negra que se le ha atribuido tanto en la historiograf\u00eda cat\u00f3lica como en la anticlerical.\u00a0<\/p>\n\n\n\n<ul class=\"wp-block-list\">\n<li>Si bien la corte de los papas en Avi\u00f1\u00f3n fue ciertamente fastuosa, los seis pont\u00edfices avignonenses regulares tambi\u00e9n destacaron por su rigor moral y su celo reformador; en definitiva, como ya hab\u00eda demostrado en los a\u00f1os sesenta el historiador Jean Favier, el papado de Avi\u00f1\u00f3n representa tambi\u00e9n una \u00e9poca de crecimiento de la burocracia pontificia y de perfeccionamiento de sus finanzas.\u00a0<\/li>\n\n\n\n<li>No es seguro, en este caso, que el precedente de Avi\u00f1\u00f3n sea invocado acertadamente por el bando trumpista.<\/li>\n<\/ul>\n","protected":false},"excerpt":{"rendered":"<p>Las tensiones entre el Vaticano y la administraci\u00f3n Trump son especialmente intensas, y al parecer un responsable estadounidense habr\u00eda mencionado \u2014aunque Washington lo ha desmentido\u2014 el precedente del papado de Avi\u00f1\u00f3n.<\/p>\n","protected":false},"author":1366,"featured_media":95871,"comment_status":"closed","ping_status":"closed","sticky":false,"template":"templates\/post-briefings.php","format":"standard","meta":{"_acf_changed":true,"_trash_the_other_posts":false,"_yoast_wpseo_estimated-reading-time-minutes":5,"footnotes":""},"categories":[292],"tags":[],"staff":[],"editorial_format":[1424],"serie":[],"audience":[],"geo":[177],"class_list":["post-95880","post","type-post","status-publish","format-standard","hentry","category-religion","editorial_format-briefings","geo-europa"],"acf":{"open_in_webview":false,"accent":"default","_thumbnail_id":95871,"excerpt":"Las tensiones entre el Vaticano y la administraci\u00f3n Trump son especialmente intensas, y al parecer un responsable estadounidense habr\u00eda mencionado \u2014aunque Washington lo ha desmentido\u2014 el precedente del papado de Avi\u00f1\u00f3n.","display_date":"","new_abstract":true},"yoast_head":"<!-- This site is optimized with the Yoast SEO plugin v26.1.1 - https:\/\/yoast.com\/wordpress\/plugins\/seo\/ -->\n<title>Al evocar el cautiverio del papa en Avi\u00f1\u00f3n, \u00bfest\u00e1 anunciando la administraci\u00f3n Trump una escalada con respecto a la Iglesia cat\u00f3lica?<\/title>\n<meta name=\"robots\" content=\"index, follow, max-snippet:-1, max-image-preview:large, max-video-preview:-1\" \/>\n<link rel=\"canonical\" href=\"https:\/\/legrandcontinent.eu\/es\/2026\/04\/10\/al-evocar-el-cautiverio-del-papa-en-avinon-esta-anunciando-la-administracion-trump-una-escalada-de-tension-con-respecto-a-la-iglesia-catolica\/\" \/>\n<meta property=\"og:locale\" content=\"es_ES\" \/>\n<meta property=\"og:type\" content=\"article\" \/>\n<meta property=\"og:title\" content=\"Al evocar el cautiverio del papa en Avi\u00f1\u00f3n, \u00bfest\u00e1 anunciando la administraci\u00f3n Trump una escalada con respecto a la Iglesia cat\u00f3lica?\" \/>\n<meta property=\"og:description\" content=\"Las tensiones entre el Vaticano y la administraci\u00f3n Trump son especialmente intensas, y al parecer un responsable estadounidense habr\u00eda mencionado \u2014aunque Washington lo ha desmentido\u2014 el precedente del papado de Avi\u00f1\u00f3n.\" \/>\n<meta property=\"og:url\" content=\"https:\/\/legrandcontinent.eu\/es\/2026\/04\/10\/al-evocar-el-cautiverio-del-papa-en-avinon-esta-anunciando-la-administracion-trump-una-escalada-de-tension-con-respecto-a-la-iglesia-catolica\/\" \/>\n<meta property=\"og:site_name\" content=\"El Grand Continent\" \/>\n<meta property=\"article:published_time\" content=\"2026-04-10T08:00:51+00:00\" \/>\n<meta property=\"article:modified_time\" content=\"2026-04-10T08:07:08+00:00\" \/>\n<meta property=\"og:image\" content=\"https:\/\/legrandcontinent.eu\/es\/wp-content\/uploads\/sites\/6\/2026\/04\/gc-elpapa-scaled.jpg\" \/>\n\t<meta property=\"og:image:width\" content=\"2560\" \/>\n\t<meta property=\"og:image:height\" content=\"1440\" \/>\n\t<meta property=\"og:image:type\" content=\"image\/jpeg\" \/>\n<meta name=\"author\" content=\"florent\" \/>\n<meta name=\"twitter:card\" content=\"summary_large_image\" \/>\n<meta name=\"twitter:image\" content=\"https:\/\/legrandcontinent.eu\/es\/wp-content\/uploads\/sites\/6\/2026\/04\/gc-elpapa-scaled.jpg\" \/>\n<meta name=\"twitter:label1\" content=\"Escrito por\" \/>\n\t<meta name=\"twitter:data1\" content=\"florent\" \/>\n\t<meta name=\"twitter:label2\" content=\"Tiempo de lectura\" \/>\n\t<meta name=\"twitter:data2\" content=\"5 minutos\" \/>\n<script type=\"application\/ld+json\" class=\"yoast-schema-graph\">{\"@context\":\"https:\/\/schema.org\",\"@graph\":[{\"@type\":\"WebPage\",\"@id\":\"https:\/\/legrandcontinent.eu\/es\/2026\/04\/10\/al-evocar-el-cautiverio-del-papa-en-avinon-esta-anunciando-la-administracion-trump-una-escalada-de-tension-con-respecto-a-la-iglesia-catolica\/\",\"url\":\"https:\/\/legrandcontinent.eu\/es\/2026\/04\/10\/al-evocar-el-cautiverio-del-papa-en-avinon-esta-anunciando-la-administracion-trump-una-escalada-de-tension-con-respecto-a-la-iglesia-catolica\/\",\"name\":\"Al evocar el cautiverio del papa en Avi\u00f1\u00f3n, \u00bfest\u00e1 anunciando la administraci\u00f3n Trump una escalada con respecto a la Iglesia cat\u00f3lica?\",\"isPartOf\":{\"@id\":\"https:\/\/legrandcontinent.eu\/es\/#website\"},\"primaryImageOfPage\":{\"@id\":\"https:\/\/legrandcontinent.eu\/es\/2026\/04\/10\/al-evocar-el-cautiverio-del-papa-en-avinon-esta-anunciando-la-administracion-trump-una-escalada-de-tension-con-respecto-a-la-iglesia-catolica\/#primaryimage\"},\"image\":{\"@id\":\"https:\/\/legrandcontinent.eu\/es\/2026\/04\/10\/al-evocar-el-cautiverio-del-papa-en-avinon-esta-anunciando-la-administracion-trump-una-escalada-de-tension-con-respecto-a-la-iglesia-catolica\/#primaryimage\"},\"thumbnailUrl\":\"https:\/\/legrandcontinent.eu\/es\/wp-content\/uploads\/sites\/2\/2026\/04\/hotel_de_sade_fresque_face_a_l_hotel_de_sade_representant_les_neuf_papes_ayant_vecu_a_avignon.jpg\",\"datePublished\":\"2026-04-10T08:00:51+00:00\",\"dateModified\":\"2026-04-10T08:07:08+00:00\",\"author\":{\"@id\":\"https:\/\/legrandcontinent.eu\/es\/#\/schema\/person\/cdd782c93d4a9eda86ab19a8c01cdf5c\"},\"breadcrumb\":{\"@id\":\"https:\/\/legrandcontinent.eu\/es\/2026\/04\/10\/al-evocar-el-cautiverio-del-papa-en-avinon-esta-anunciando-la-administracion-trump-una-escalada-de-tension-con-respecto-a-la-iglesia-catolica\/#breadcrumb\"},\"inLanguage\":\"es\",\"potentialAction\":[{\"@type\":\"ReadAction\",\"target\":[\"https:\/\/legrandcontinent.eu\/es\/2026\/04\/10\/al-evocar-el-cautiverio-del-papa-en-avinon-esta-anunciando-la-administracion-trump-una-escalada-de-tension-con-respecto-a-la-iglesia-catolica\/\"]}]},{\"@type\":\"ImageObject\",\"inLanguage\":\"es\",\"@id\":\"https:\/\/legrandcontinent.eu\/es\/2026\/04\/10\/al-evocar-el-cautiverio-del-papa-en-avinon-esta-anunciando-la-administracion-trump-una-escalada-de-tension-con-respecto-a-la-iglesia-catolica\/#primaryimage\",\"url\":\"https:\/\/legrandcontinent.eu\/es\/wp-content\/uploads\/sites\/2\/2026\/04\/hotel_de_sade_fresque_face_a_l_hotel_de_sade_representant_les_neuf_papes_ayant_vecu_a_avignon.jpg\",\"contentUrl\":\"https:\/\/legrandcontinent.eu\/es\/wp-content\/uploads\/sites\/2\/2026\/04\/hotel_de_sade_fresque_face_a_l_hotel_de_sade_representant_les_neuf_papes_ayant_vecu_a_avignon.jpg\",\"width\":878,\"height\":1200},{\"@type\":\"BreadcrumbList\",\"@id\":\"https:\/\/legrandcontinent.eu\/es\/2026\/04\/10\/al-evocar-el-cautiverio-del-papa-en-avinon-esta-anunciando-la-administracion-trump-una-escalada-de-tension-con-respecto-a-la-iglesia-catolica\/#breadcrumb\",\"itemListElement\":[{\"@type\":\"ListItem\",\"position\":1,\"name\":\"Home\",\"item\":\"https:\/\/legrandcontinent.eu\/es\/\"},{\"@type\":\"ListItem\",\"position\":2,\"name\":\"Al evocar el cautiverio del papa en Avi\u00f1\u00f3n, \u00bfest\u00e1 anunciando la administraci\u00f3n Trump una escalada con respecto a la Iglesia cat\u00f3lica?\"}]},{\"@type\":\"WebSite\",\"@id\":\"https:\/\/legrandcontinent.eu\/es\/#website\",\"url\":\"https:\/\/legrandcontinent.eu\/es\/\",\"name\":\"El Grand Continent\",\"description\":\"La escala pertinente\",\"potentialAction\":[{\"@type\":\"SearchAction\",\"target\":{\"@type\":\"EntryPoint\",\"urlTemplate\":\"https:\/\/legrandcontinent.eu\/es\/?s={search_term_string}\"},\"query-input\":{\"@type\":\"PropertyValueSpecification\",\"valueRequired\":true,\"valueName\":\"search_term_string\"}}],\"inLanguage\":\"es\"},{\"@type\":\"Person\",\"@id\":\"https:\/\/legrandcontinent.eu\/es\/#\/schema\/person\/cdd782c93d4a9eda86ab19a8c01cdf5c\",\"name\":\"florent\",\"image\":{\"@type\":\"ImageObject\",\"inLanguage\":\"es\",\"@id\":\"https:\/\/legrandcontinent.eu\/es\/#\/schema\/person\/image\/\",\"url\":\"https:\/\/secure.gravatar.com\/avatar\/0d38d78c90602daf39b309035cdac6bc?s=96&d=mm&r=g\",\"contentUrl\":\"https:\/\/secure.gravatar.com\/avatar\/0d38d78c90602daf39b309035cdac6bc?s=96&d=mm&r=g\",\"caption\":\"florent\"}}]}<\/script>\n<!-- \/ Yoast SEO plugin. -->","yoast_head_json":{"title":"Al evocar el cautiverio del papa en Avi\u00f1\u00f3n, \u00bfest\u00e1 anunciando la administraci\u00f3n Trump una escalada con respecto a la Iglesia cat\u00f3lica?","robots":{"index":"index","follow":"follow","max-snippet":"max-snippet:-1","max-image-preview":"max-image-preview:large","max-video-preview":"max-video-preview:-1"},"canonical":"https:\/\/legrandcontinent.eu\/es\/2026\/04\/10\/al-evocar-el-cautiverio-del-papa-en-avinon-esta-anunciando-la-administracion-trump-una-escalada-de-tension-con-respecto-a-la-iglesia-catolica\/","og_locale":"es_ES","og_type":"article","og_title":"Al evocar el cautiverio del papa en Avi\u00f1\u00f3n, \u00bfest\u00e1 anunciando la administraci\u00f3n Trump una escalada con respecto a la Iglesia cat\u00f3lica?","og_description":"Las tensiones entre el Vaticano y la administraci\u00f3n Trump son especialmente intensas, y al parecer un responsable estadounidense habr\u00eda mencionado \u2014aunque Washington lo ha desmentido\u2014 el precedente del papado de Avi\u00f1\u00f3n.","og_url":"https:\/\/legrandcontinent.eu\/es\/2026\/04\/10\/al-evocar-el-cautiverio-del-papa-en-avinon-esta-anunciando-la-administracion-trump-una-escalada-de-tension-con-respecto-a-la-iglesia-catolica\/","og_site_name":"El Grand Continent","article_published_time":"2026-04-10T08:00:51+00:00","article_modified_time":"2026-04-10T08:07:08+00:00","og_image":[{"width":2560,"height":1440,"url":"https:\/\/legrandcontinent.eu\/es\/wp-content\/uploads\/sites\/6\/2026\/04\/gc-elpapa-scaled.jpg","type":"image\/jpeg"}],"author":"florent","twitter_card":"summary_large_image","twitter_image":"https:\/\/legrandcontinent.eu\/es\/wp-content\/uploads\/sites\/6\/2026\/04\/gc-elpapa-scaled.jpg","twitter_misc":{"Escrito por":"florent","Tiempo de lectura":"5 minutos"},"schema":{"@context":"https:\/\/schema.org","@graph":[{"@type":"WebPage","@id":"https:\/\/legrandcontinent.eu\/es\/2026\/04\/10\/al-evocar-el-cautiverio-del-papa-en-avinon-esta-anunciando-la-administracion-trump-una-escalada-de-tension-con-respecto-a-la-iglesia-catolica\/","url":"https:\/\/legrandcontinent.eu\/es\/2026\/04\/10\/al-evocar-el-cautiverio-del-papa-en-avinon-esta-anunciando-la-administracion-trump-una-escalada-de-tension-con-respecto-a-la-iglesia-catolica\/","name":"Al evocar el cautiverio del papa en Avi\u00f1\u00f3n, \u00bfest\u00e1 anunciando la administraci\u00f3n Trump una escalada con respecto a la Iglesia cat\u00f3lica?","isPartOf":{"@id":"https:\/\/legrandcontinent.eu\/es\/#website"},"primaryImageOfPage":{"@id":"https:\/\/legrandcontinent.eu\/es\/2026\/04\/10\/al-evocar-el-cautiverio-del-papa-en-avinon-esta-anunciando-la-administracion-trump-una-escalada-de-tension-con-respecto-a-la-iglesia-catolica\/#primaryimage"},"image":{"@id":"https:\/\/legrandcontinent.eu\/es\/2026\/04\/10\/al-evocar-el-cautiverio-del-papa-en-avinon-esta-anunciando-la-administracion-trump-una-escalada-de-tension-con-respecto-a-la-iglesia-catolica\/#primaryimage"},"thumbnailUrl":"https:\/\/legrandcontinent.eu\/es\/wp-content\/uploads\/sites\/2\/2026\/04\/hotel_de_sade_fresque_face_a_l_hotel_de_sade_representant_les_neuf_papes_ayant_vecu_a_avignon.jpg","datePublished":"2026-04-10T08:00:51+00:00","dateModified":"2026-04-10T08:07:08+00:00","author":{"@id":"https:\/\/legrandcontinent.eu\/es\/#\/schema\/person\/cdd782c93d4a9eda86ab19a8c01cdf5c"},"breadcrumb":{"@id":"https:\/\/legrandcontinent.eu\/es\/2026\/04\/10\/al-evocar-el-cautiverio-del-papa-en-avinon-esta-anunciando-la-administracion-trump-una-escalada-de-tension-con-respecto-a-la-iglesia-catolica\/#breadcrumb"},"inLanguage":"es","potentialAction":[{"@type":"ReadAction","target":["https:\/\/legrandcontinent.eu\/es\/2026\/04\/10\/al-evocar-el-cautiverio-del-papa-en-avinon-esta-anunciando-la-administracion-trump-una-escalada-de-tension-con-respecto-a-la-iglesia-catolica\/"]}]},{"@type":"ImageObject","inLanguage":"es","@id":"https:\/\/legrandcontinent.eu\/es\/2026\/04\/10\/al-evocar-el-cautiverio-del-papa-en-avinon-esta-anunciando-la-administracion-trump-una-escalada-de-tension-con-respecto-a-la-iglesia-catolica\/#primaryimage","url":"https:\/\/legrandcontinent.eu\/es\/wp-content\/uploads\/sites\/2\/2026\/04\/hotel_de_sade_fresque_face_a_l_hotel_de_sade_representant_les_neuf_papes_ayant_vecu_a_avignon.jpg","contentUrl":"https:\/\/legrandcontinent.eu\/es\/wp-content\/uploads\/sites\/2\/2026\/04\/hotel_de_sade_fresque_face_a_l_hotel_de_sade_representant_les_neuf_papes_ayant_vecu_a_avignon.jpg","width":878,"height":1200},{"@type":"BreadcrumbList","@id":"https:\/\/legrandcontinent.eu\/es\/2026\/04\/10\/al-evocar-el-cautiverio-del-papa-en-avinon-esta-anunciando-la-administracion-trump-una-escalada-de-tension-con-respecto-a-la-iglesia-catolica\/#breadcrumb","itemListElement":[{"@type":"ListItem","position":1,"name":"Home","item":"https:\/\/legrandcontinent.eu\/es\/"},{"@type":"ListItem","position":2,"name":"Al evocar el cautiverio del papa en Avi\u00f1\u00f3n, \u00bfest\u00e1 anunciando la administraci\u00f3n Trump una escalada con respecto a la Iglesia cat\u00f3lica?"}]},{"@type":"WebSite","@id":"https:\/\/legrandcontinent.eu\/es\/#website","url":"https:\/\/legrandcontinent.eu\/es\/","name":"El Grand Continent","description":"La escala pertinente","potentialAction":[{"@type":"SearchAction","target":{"@type":"EntryPoint","urlTemplate":"https:\/\/legrandcontinent.eu\/es\/?s={search_term_string}"},"query-input":{"@type":"PropertyValueSpecification","valueRequired":true,"valueName":"search_term_string"}}],"inLanguage":"es"},{"@type":"Person","@id":"https:\/\/legrandcontinent.eu\/es\/#\/schema\/person\/cdd782c93d4a9eda86ab19a8c01cdf5c","name":"florent","image":{"@type":"ImageObject","inLanguage":"es","@id":"https:\/\/legrandcontinent.eu\/es\/#\/schema\/person\/image\/","url":"https:\/\/secure.gravatar.com\/avatar\/0d38d78c90602daf39b309035cdac6bc?s=96&d=mm&r=g","contentUrl":"https:\/\/secure.gravatar.com\/avatar\/0d38d78c90602daf39b309035cdac6bc?s=96&d=mm&r=g","caption":"florent"}}]}},"lgc_categories":[{"id":292,"name":"Religi\u00f3n","slug":"religion"}],"lgc_author":null,"feature_image_summary":{"url":"https:\/\/legrandcontinent.eu\/es\/wp-content\/uploads\/sites\/2\/2026\/04\/hotel_de_sade_fresque_face_a_l_hotel_de_sade_representant_les_neuf_papes_ayant_vecu_a_avignon.jpg","width":878,"height":1200,"alt":""},"feature_image_cover":null,"term_position_data":null,"_links":{"self":[{"href":"https:\/\/legrandcontinent.eu\/es\/wp-json\/wp\/v2\/posts\/95880","targetHints":{"allow":["GET"]}}],"collection":[{"href":"https:\/\/legrandcontinent.eu\/es\/wp-json\/wp\/v2\/posts"}],"about":[{"href":"https:\/\/legrandcontinent.eu\/es\/wp-json\/wp\/v2\/types\/post"}],"author":[{"embeddable":true,"href":"https:\/\/legrandcontinent.eu\/es\/wp-json\/wp\/v2\/users\/1366"}],"replies":[{"embeddable":true,"href":"https:\/\/legrandcontinent.eu\/es\/wp-json\/wp\/v2\/comments?post=95880"}],"version-history":[{"count":10,"href":"https:\/\/legrandcontinent.eu\/es\/wp-json\/wp\/v2\/posts\/95880\/revisions"}],"predecessor-version":[{"id":95891,"href":"https:\/\/legrandcontinent.eu\/es\/wp-json\/wp\/v2\/posts\/95880\/revisions\/95891"}],"wp:featuredmedia":[{"embeddable":true,"href":"https:\/\/legrandcontinent.eu\/es\/wp-json\/wp\/v2\/media\/95871"}],"wp:attachment":[{"href":"https:\/\/legrandcontinent.eu\/es\/wp-json\/wp\/v2\/media?parent=95880"}],"wp:term":[{"taxonomy":"category","embeddable":true,"href":"https:\/\/legrandcontinent.eu\/es\/wp-json\/wp\/v2\/categories?post=95880"},{"taxonomy":"post_tag","embeddable":true,"href":"https:\/\/legrandcontinent.eu\/es\/wp-json\/wp\/v2\/tags?post=95880"},{"taxonomy":"staff","embeddable":true,"href":"https:\/\/legrandcontinent.eu\/es\/wp-json\/wp\/v2\/staff?post=95880"},{"taxonomy":"editorial_format","embeddable":true,"href":"https:\/\/legrandcontinent.eu\/es\/wp-json\/wp\/v2\/editorial_format?post=95880"},{"taxonomy":"serie","embeddable":true,"href":"https:\/\/legrandcontinent.eu\/es\/wp-json\/wp\/v2\/serie?post=95880"},{"taxonomy":"audience","embeddable":true,"href":"https:\/\/legrandcontinent.eu\/es\/wp-json\/wp\/v2\/audience?post=95880"},{"taxonomy":"geo","embeddable":true,"href":"https:\/\/legrandcontinent.eu\/es\/wp-json\/wp\/v2\/geo?post=95880"}],"curies":[{"name":"wp","href":"https:\/\/api.w.org\/{rel}","templated":true}]}}