{"id":95806,"date":"2026-04-09T20:00:20","date_gmt":"2026-04-09T18:00:20","guid":{"rendered":"https:\/\/legrandcontinent.eu\/es\/?p=95806"},"modified":"2026-04-09T20:00:24","modified_gmt":"2026-04-09T18:00:24","slug":"el-trafico-en-el-estrecho-de-ormuz-sigue-paralizado-mientras-teheran-confirma-la-presencia-de-minas","status":"publish","type":"post","link":"https:\/\/legrandcontinent.eu\/es\/2026\/04\/09\/el-trafico-en-el-estrecho-de-ormuz-sigue-paralizado-mientras-teheran-confirma-la-presencia-de-minas\/","title":{"rendered":"El tr\u00e1fico en el estrecho de Ormuz sigue paralizado, mientras Teher\u00e1n confirma la presencia de minas"},"content":{"rendered":"\n<p>A pesar del anuncio realizado en la noche del 7 al 8 de abril por Donald Trump de un alto el fuego entre Estados Unidos e Ir\u00e1n, y de la preparaci\u00f3n de negociaciones en Islamabad el s\u00e1bado 11 de abril entre ambas partes, s\u00f3lo 8 buques cruzaron el estrecho de Ormuz el jueves 9 de abril entre la medianoche y las 17:00 (hora de Madrid), seg\u00fan un an\u00e1lisis de la revista basado en los datos de navegaci\u00f3n de Marine Traffic.<\/p>\n\n\n\n<ul class=\"wp-block-list\">\n<li>Todos los buques mercantes que han realizado la traves\u00eda hoy han hecho escala en puertos iran\u00edes o transportan mercanc\u00edas iran\u00edes.<\/li>\n\n\n\n<li>Casi la totalidad (7 de 8) han salido del estrecho y se dirigen hacia el golfo de Om\u00e1n, mientras que un solo buque, el Lucky Gate, un granelero con pabell\u00f3n de San Crist\u00f3bal y Nieves, se dirige actualmente hacia el golfo P\u00e9rsico.<\/li>\n<\/ul>\n\n\n\n<div class=\"iframe-container wp-block-image wp-block-image-medium  iframe-dw\">\n\t<div>\n\t\t<iframe class=\"absolute w-full h-full pin-t pin-l\" title=\"titolo\" aria-label=\"Interactive line chart\" src=\"\/\/datawrapper.dwcdn.net\/e2HKw\/\" scrolling=\"no\" frameborder=\"0\"><\/iframe>\n\t<\/div>\n<\/div>\n\n\n\n<p>El tr\u00e1fico mar\u00edtimo de hoy, jueves 9, se ajusta as\u00ed a la media observada en las \u00faltimas semanas. Mientras que antes del inicio de la guerra, desde el 28 de febrero, unos 135 buques cruzaban el estrecho cada d\u00eda, en un sentido u otro, esta cifra ha descendido a 12 al d\u00eda. El 12 de marzo, solo un buque, el Flora, un portacontenedores iran\u00ed, hab\u00eda atravesado el estrecho.<\/p>\n\n\n\n<ul class=\"wp-block-list\">\n<li>En la noche del mi\u00e9rcoles 8 al jueves 9 de abril, la Organizaci\u00f3n de Puertos y Asuntos Mar\u00edtimos de Ir\u00e1n anunci\u00f3 dos nuevas rutas de navegaci\u00f3n en el estrecho con el fin de evitar \u00abla presencia de diversos tipos de minas antinavales en la zona principal de tr\u00e1fico\u00bb.<\/li>\n\n\n\n<li>Estas nuevas rutas de navegaci\u00f3n, es decir, los corredores de tr\u00e1fico que imponen a los buques trayectorias diferenciadas para reducir el riesgo de colisi\u00f3n, formalizan un itinerario que los buques mercantes ya llevan varias semanas utilizando en el marco del \u00abprotocolo\u00bb desarrollado por Teher\u00e1n.<\/li>\n<\/ul>\n\n\n\n<div class=\"iframe-container wp-block-image wp-block-image-medium  iframe-dw\">\n\t<div>\n\t\t<iframe class=\"absolute w-full h-full pin-t pin-l\" title=\"titolo\" aria-label=\"Interactive line chart\" src=\"\/\/datawrapper.dwcdn.net\/nIwAu\/\" scrolling=\"no\" frameborder=\"0\"><\/iframe>\n\t<\/div>\n<\/div>\n\n\n\n<p>En una entrevista emitida hoy, jueves 9, por la cadena brit\u00e1nica ITV News, el viceministro de Asuntos Exteriores iran\u00ed, Saeed Khatibzadeh, declar\u00f3 que el estrecho de Ormuz estaba \u00ababierto a toda la navegaci\u00f3n civil\u00bb, al tiempo que confirmaba que la Armada iran\u00ed hab\u00eda colocado minas.<\/p>\n\n\n\n<figure class=\"wp-block-embed is-type-rich is-provider-twitter wp-block-embed-twitter\"><div class=\"wp-block-embed__wrapper\">\n<blockquote class=\"twitter-tweet\" data-width=\"550\" data-dnt=\"true\"><p lang=\"en\" dir=\"ltr\">Exclusive: Iran\u2019s Deputy Foreign Minister <a href=\"https:\/\/twitter.com\/SKhatibzadeh?ref_src=twsrc%5Etfw\">@SKhatibzadeh<\/a> tells me for <a href=\"https:\/\/twitter.com\/itvnews?ref_src=twsrc%5Etfw\">@itvnews<\/a> the Strait of Hormuz is open to all civilian shipping and reports it is closed are wrong. However, due to mines as a consequence of the war, all vessels need to liaise with Iran to be guided along safe\u2026 <a href=\"https:\/\/t.co\/CEKkGHEaev\">pic.twitter.com\/CEKkGHEaev<\/a><\/p>&mdash; Emma Murphy (@emmamurphyitv) <a href=\"https:\/\/twitter.com\/emmamurphyitv\/status\/2042161411032338592?ref_src=twsrc%5Etfw\">April 9, 2026<\/a><\/blockquote><script async src=\"https:\/\/platform.twitter.com\/widgets.js\" charset=\"utf-8\"><\/script>\n<\/div><\/figure>\n\n\n\n<p>Las incertidumbres relativas a la circulaci\u00f3n en el estrecho, a pesar del anuncio de un alto el fuego, est\u00e1n llevando a los armadores a mantener sus buques en el golfo P\u00e9rsico, frente a las costas de los Emiratos \u00c1rabes Unidos, Qatar y Bar\u00e9in, entre otros, a la espera de que se estabilice la situaci\u00f3n.<\/p>\n\n\n\n<p>A fecha de 9 de abril,\u00a0<a href=\"https:\/\/legrandcontinent.eu\/fr\/observatoire-de-la-bataille-dormuz\/\">al menos 19 buques civiles han sido alcanzados por proyectiles iran\u00edes<\/a>\u00a0desde el inicio de la guerra.<\/p>\n","protected":false},"excerpt":{"rendered":"<p>El tr\u00e1fico mar\u00edtimo en el estrecho de Ormuz sigue paralizado. El jueves 9 de abril, ocho buques utilizaron las nuevas rutas de navegaci\u00f3n indicadas por Teher\u00e1n para atravesar el estrecho, seg\u00fan un an\u00e1lisis de la revista.<\/p>\n","protected":false},"author":1366,"featured_media":95820,"comment_status":"closed","ping_status":"closed","sticky":false,"template":"templates\/post-briefings.php","format":"standard","meta":{"_acf_changed":true,"_trash_the_other_posts":false,"_yoast_wpseo_estimated-reading-time-minutes":2,"footnotes":""},"categories":[1404],"tags":[],"staff":[],"editorial_format":[1424],"serie":[],"audience":[],"geo":[196],"class_list":["post-95806","post","type-post","status-publish","format-standard","hentry","category-iran-la-guerra-del-cambio-de-regimen","editorial_format-briefings","geo-asia-central"],"acf":{"open_in_webview":false,"accent":"default"},"yoast_head":"<!-- This site is optimized with the Yoast SEO plugin v26.1.1 - https:\/\/yoast.com\/wordpress\/plugins\/seo\/ -->\n<title>El tr\u00e1fico en el estrecho de Ormuz sigue paralizado<\/title>\n<meta name=\"robots\" content=\"index, follow, max-snippet:-1, max-image-preview:large, max-video-preview:-1\" \/>\n<link rel=\"canonical\" href=\"https:\/\/legrandcontinent.eu\/es\/2026\/04\/09\/el-trafico-en-el-estrecho-de-ormuz-sigue-paralizado-mientras-teheran-confirma-la-presencia-de-minas\/\" \/>\n<meta property=\"og:locale\" content=\"es_ES\" \/>\n<meta property=\"og:type\" content=\"article\" \/>\n<meta property=\"og:title\" content=\"El tr\u00e1fico en el estrecho de Ormuz sigue paralizado\" \/>\n<meta property=\"og:description\" content=\"El tr\u00e1fico mar\u00edtimo en el estrecho de Ormuz sigue paralizado. El jueves 9 de abril, ocho buques utilizaron las nuevas rutas de navegaci\u00f3n indicadas por Teher\u00e1n para atravesar el estrecho, seg\u00fan un an\u00e1lisis de la revista.\" \/>\n<meta property=\"og:url\" content=\"https:\/\/legrandcontinent.eu\/es\/2026\/04\/09\/el-trafico-en-el-estrecho-de-ormuz-sigue-paralizado-mientras-teheran-confirma-la-presencia-de-minas\/\" \/>\n<meta property=\"og:site_name\" content=\"El Grand Continent\" \/>\n<meta property=\"article:published_time\" content=\"2026-04-09T18:00:20+00:00\" \/>\n<meta property=\"article:modified_time\" content=\"2026-04-09T18:00:24+00:00\" \/>\n<meta property=\"og:image\" content=\"https:\/\/legrandcontinent.eu\/es\/wp-content\/uploads\/sites\/6\/2026\/04\/gc-elormuz-5-scaled.jpg\" \/>\n\t<meta property=\"og:image:width\" content=\"2560\" \/>\n\t<meta property=\"og:image:height\" content=\"1440\" \/>\n\t<meta property=\"og:image:type\" content=\"image\/jpeg\" \/>\n<meta name=\"author\" content=\"florent\" \/>\n<meta name=\"twitter:card\" content=\"summary_large_image\" \/>\n<meta name=\"twitter:image\" content=\"https:\/\/legrandcontinent.eu\/es\/wp-content\/uploads\/sites\/6\/2026\/04\/gc-elormuz-5-scaled.jpg\" \/>\n<meta name=\"twitter:label1\" content=\"Escrito por\" \/>\n\t<meta name=\"twitter:data1\" content=\"florent\" \/>\n\t<meta name=\"twitter:label2\" content=\"Tiempo de lectura\" \/>\n\t<meta name=\"twitter:data2\" content=\"2 minutos\" \/>\n<script type=\"application\/ld+json\" class=\"yoast-schema-graph\">{\"@context\":\"https:\/\/schema.org\",\"@graph\":[{\"@type\":\"WebPage\",\"@id\":\"https:\/\/legrandcontinent.eu\/es\/2026\/04\/09\/el-trafico-en-el-estrecho-de-ormuz-sigue-paralizado-mientras-teheran-confirma-la-presencia-de-minas\/\",\"url\":\"https:\/\/legrandcontinent.eu\/es\/2026\/04\/09\/el-trafico-en-el-estrecho-de-ormuz-sigue-paralizado-mientras-teheran-confirma-la-presencia-de-minas\/\",\"name\":\"El tr\u00e1fico en el estrecho de Ormuz sigue paralizado\",\"isPartOf\":{\"@id\":\"https:\/\/legrandcontinent.eu\/es\/#website\"},\"primaryImageOfPage\":{\"@id\":\"https:\/\/legrandcontinent.eu\/es\/2026\/04\/09\/el-trafico-en-el-estrecho-de-ormuz-sigue-paralizado-mientras-teheran-confirma-la-presencia-de-minas\/#primaryimage\"},\"image\":{\"@id\":\"https:\/\/legrandcontinent.eu\/es\/2026\/04\/09\/el-trafico-en-el-estrecho-de-ormuz-sigue-paralizado-mientras-teheran-confirma-la-presencia-de-minas\/#primaryimage\"},\"thumbnailUrl\":\"https:\/\/legrandcontinent.eu\/es\/wp-content\/uploads\/sites\/6\/2026\/04\/e2HKw-buques-que-han-atravesado-el-estrecho-de-ormuz-.png\",\"datePublished\":\"2026-04-09T18:00:20+00:00\",\"dateModified\":\"2026-04-09T18:00:24+00:00\",\"author\":{\"@id\":\"https:\/\/legrandcontinent.eu\/es\/#\/schema\/person\/cdd782c93d4a9eda86ab19a8c01cdf5c\"},\"breadcrumb\":{\"@id\":\"https:\/\/legrandcontinent.eu\/es\/2026\/04\/09\/el-trafico-en-el-estrecho-de-ormuz-sigue-paralizado-mientras-teheran-confirma-la-presencia-de-minas\/#breadcrumb\"},\"inLanguage\":\"es\",\"potentialAction\":[{\"@type\":\"ReadAction\",\"target\":[\"https:\/\/legrandcontinent.eu\/es\/2026\/04\/09\/el-trafico-en-el-estrecho-de-ormuz-sigue-paralizado-mientras-teheran-confirma-la-presencia-de-minas\/\"]}]},{\"@type\":\"ImageObject\",\"inLanguage\":\"es\",\"@id\":\"https:\/\/legrandcontinent.eu\/es\/2026\/04\/09\/el-trafico-en-el-estrecho-de-ormuz-sigue-paralizado-mientras-teheran-confirma-la-presencia-de-minas\/#primaryimage\",\"url\":\"https:\/\/legrandcontinent.eu\/es\/wp-content\/uploads\/sites\/6\/2026\/04\/e2HKw-buques-que-han-atravesado-el-estrecho-de-ormuz-.png\",\"contentUrl\":\"https:\/\/legrandcontinent.eu\/es\/wp-content\/uploads\/sites\/6\/2026\/04\/e2HKw-buques-que-han-atravesado-el-estrecho-de-ormuz-.png\",\"width\":1240,\"height\":1248},{\"@type\":\"BreadcrumbList\",\"@id\":\"https:\/\/legrandcontinent.eu\/es\/2026\/04\/09\/el-trafico-en-el-estrecho-de-ormuz-sigue-paralizado-mientras-teheran-confirma-la-presencia-de-minas\/#breadcrumb\",\"itemListElement\":[{\"@type\":\"ListItem\",\"position\":1,\"name\":\"Home\",\"item\":\"https:\/\/legrandcontinent.eu\/es\/\"},{\"@type\":\"ListItem\",\"position\":2,\"name\":\"El tr\u00e1fico en el estrecho de Ormuz sigue paralizado, mientras Teher\u00e1n confirma la presencia de minas\"}]},{\"@type\":\"WebSite\",\"@id\":\"https:\/\/legrandcontinent.eu\/es\/#website\",\"url\":\"https:\/\/legrandcontinent.eu\/es\/\",\"name\":\"El Grand Continent\",\"description\":\"La escala pertinente\",\"potentialAction\":[{\"@type\":\"SearchAction\",\"target\":{\"@type\":\"EntryPoint\",\"urlTemplate\":\"https:\/\/legrandcontinent.eu\/es\/?s={search_term_string}\"},\"query-input\":{\"@type\":\"PropertyValueSpecification\",\"valueRequired\":true,\"valueName\":\"search_term_string\"}}],\"inLanguage\":\"es\"},{\"@type\":\"Person\",\"@id\":\"https:\/\/legrandcontinent.eu\/es\/#\/schema\/person\/cdd782c93d4a9eda86ab19a8c01cdf5c\",\"name\":\"florent\",\"image\":{\"@type\":\"ImageObject\",\"inLanguage\":\"es\",\"@id\":\"https:\/\/legrandcontinent.eu\/es\/#\/schema\/person\/image\/\",\"url\":\"https:\/\/secure.gravatar.com\/avatar\/0d38d78c90602daf39b309035cdac6bc?s=96&d=mm&r=g\",\"contentUrl\":\"https:\/\/secure.gravatar.com\/avatar\/0d38d78c90602daf39b309035cdac6bc?s=96&d=mm&r=g\",\"caption\":\"florent\"}}]}<\/script>\n<!-- \/ Yoast SEO plugin. -->","yoast_head_json":{"title":"El tr\u00e1fico en el estrecho de Ormuz sigue paralizado","robots":{"index":"index","follow":"follow","max-snippet":"max-snippet:-1","max-image-preview":"max-image-preview:large","max-video-preview":"max-video-preview:-1"},"canonical":"https:\/\/legrandcontinent.eu\/es\/2026\/04\/09\/el-trafico-en-el-estrecho-de-ormuz-sigue-paralizado-mientras-teheran-confirma-la-presencia-de-minas\/","og_locale":"es_ES","og_type":"article","og_title":"El tr\u00e1fico en el estrecho de Ormuz sigue paralizado","og_description":"El tr\u00e1fico mar\u00edtimo en el estrecho de Ormuz sigue paralizado. El jueves 9 de abril, ocho buques utilizaron las nuevas rutas de navegaci\u00f3n indicadas por Teher\u00e1n para atravesar el estrecho, seg\u00fan un an\u00e1lisis de la revista.","og_url":"https:\/\/legrandcontinent.eu\/es\/2026\/04\/09\/el-trafico-en-el-estrecho-de-ormuz-sigue-paralizado-mientras-teheran-confirma-la-presencia-de-minas\/","og_site_name":"El Grand Continent","article_published_time":"2026-04-09T18:00:20+00:00","article_modified_time":"2026-04-09T18:00:24+00:00","og_image":[{"width":2560,"height":1440,"url":"https:\/\/legrandcontinent.eu\/es\/wp-content\/uploads\/sites\/6\/2026\/04\/gc-elormuz-5-scaled.jpg","type":"image\/jpeg"}],"author":"florent","twitter_card":"summary_large_image","twitter_image":"https:\/\/legrandcontinent.eu\/es\/wp-content\/uploads\/sites\/6\/2026\/04\/gc-elormuz-5-scaled.jpg","twitter_misc":{"Escrito por":"florent","Tiempo de lectura":"2 minutos"},"schema":{"@context":"https:\/\/schema.org","@graph":[{"@type":"WebPage","@id":"https:\/\/legrandcontinent.eu\/es\/2026\/04\/09\/el-trafico-en-el-estrecho-de-ormuz-sigue-paralizado-mientras-teheran-confirma-la-presencia-de-minas\/","url":"https:\/\/legrandcontinent.eu\/es\/2026\/04\/09\/el-trafico-en-el-estrecho-de-ormuz-sigue-paralizado-mientras-teheran-confirma-la-presencia-de-minas\/","name":"El tr\u00e1fico en el estrecho de Ormuz sigue paralizado","isPartOf":{"@id":"https:\/\/legrandcontinent.eu\/es\/#website"},"primaryImageOfPage":{"@id":"https:\/\/legrandcontinent.eu\/es\/2026\/04\/09\/el-trafico-en-el-estrecho-de-ormuz-sigue-paralizado-mientras-teheran-confirma-la-presencia-de-minas\/#primaryimage"},"image":{"@id":"https:\/\/legrandcontinent.eu\/es\/2026\/04\/09\/el-trafico-en-el-estrecho-de-ormuz-sigue-paralizado-mientras-teheran-confirma-la-presencia-de-minas\/#primaryimage"},"thumbnailUrl":"https:\/\/legrandcontinent.eu\/es\/wp-content\/uploads\/sites\/6\/2026\/04\/e2HKw-buques-que-han-atravesado-el-estrecho-de-ormuz-.png","datePublished":"2026-04-09T18:00:20+00:00","dateModified":"2026-04-09T18:00:24+00:00","author":{"@id":"https:\/\/legrandcontinent.eu\/es\/#\/schema\/person\/cdd782c93d4a9eda86ab19a8c01cdf5c"},"breadcrumb":{"@id":"https:\/\/legrandcontinent.eu\/es\/2026\/04\/09\/el-trafico-en-el-estrecho-de-ormuz-sigue-paralizado-mientras-teheran-confirma-la-presencia-de-minas\/#breadcrumb"},"inLanguage":"es","potentialAction":[{"@type":"ReadAction","target":["https:\/\/legrandcontinent.eu\/es\/2026\/04\/09\/el-trafico-en-el-estrecho-de-ormuz-sigue-paralizado-mientras-teheran-confirma-la-presencia-de-minas\/"]}]},{"@type":"ImageObject","inLanguage":"es","@id":"https:\/\/legrandcontinent.eu\/es\/2026\/04\/09\/el-trafico-en-el-estrecho-de-ormuz-sigue-paralizado-mientras-teheran-confirma-la-presencia-de-minas\/#primaryimage","url":"https:\/\/legrandcontinent.eu\/es\/wp-content\/uploads\/sites\/6\/2026\/04\/e2HKw-buques-que-han-atravesado-el-estrecho-de-ormuz-.png","contentUrl":"https:\/\/legrandcontinent.eu\/es\/wp-content\/uploads\/sites\/6\/2026\/04\/e2HKw-buques-que-han-atravesado-el-estrecho-de-ormuz-.png","width":1240,"height":1248},{"@type":"BreadcrumbList","@id":"https:\/\/legrandcontinent.eu\/es\/2026\/04\/09\/el-trafico-en-el-estrecho-de-ormuz-sigue-paralizado-mientras-teheran-confirma-la-presencia-de-minas\/#breadcrumb","itemListElement":[{"@type":"ListItem","position":1,"name":"Home","item":"https:\/\/legrandcontinent.eu\/es\/"},{"@type":"ListItem","position":2,"name":"El tr\u00e1fico en el estrecho de Ormuz sigue paralizado, mientras Teher\u00e1n confirma la presencia de minas"}]},{"@type":"WebSite","@id":"https:\/\/legrandcontinent.eu\/es\/#website","url":"https:\/\/legrandcontinent.eu\/es\/","name":"El Grand Continent","description":"La escala pertinente","potentialAction":[{"@type":"SearchAction","target":{"@type":"EntryPoint","urlTemplate":"https:\/\/legrandcontinent.eu\/es\/?s={search_term_string}"},"query-input":{"@type":"PropertyValueSpecification","valueRequired":true,"valueName":"search_term_string"}}],"inLanguage":"es"},{"@type":"Person","@id":"https:\/\/legrandcontinent.eu\/es\/#\/schema\/person\/cdd782c93d4a9eda86ab19a8c01cdf5c","name":"florent","image":{"@type":"ImageObject","inLanguage":"es","@id":"https:\/\/legrandcontinent.eu\/es\/#\/schema\/person\/image\/","url":"https:\/\/secure.gravatar.com\/avatar\/0d38d78c90602daf39b309035cdac6bc?s=96&d=mm&r=g","contentUrl":"https:\/\/secure.gravatar.com\/avatar\/0d38d78c90602daf39b309035cdac6bc?s=96&d=mm&r=g","caption":"florent"}}]}},"lgc_categories":[{"id":1404,"name":"Ir\u00e1n: la guerra del cambio de r\u00e9gimen","slug":"iran-la-guerra-del-cambio-de-regimen"}],"lgc_author":null,"feature_image_summary":{"url":"https:\/\/legrandcontinent.eu\/es\/wp-content\/uploads\/sites\/6\/2026\/04\/e2HKw-buques-que-han-atravesado-el-estrecho-de-ormuz-.png","width":1240,"height":1248,"alt":""},"feature_image_cover":null,"term_position_data":null,"_links":{"self":[{"href":"https:\/\/legrandcontinent.eu\/es\/wp-json\/wp\/v2\/posts\/95806","targetHints":{"allow":["GET"]}}],"collection":[{"href":"https:\/\/legrandcontinent.eu\/es\/wp-json\/wp\/v2\/posts"}],"about":[{"href":"https:\/\/legrandcontinent.eu\/es\/wp-json\/wp\/v2\/types\/post"}],"author":[{"embeddable":true,"href":"https:\/\/legrandcontinent.eu\/es\/wp-json\/wp\/v2\/users\/1366"}],"replies":[{"embeddable":true,"href":"https:\/\/legrandcontinent.eu\/es\/wp-json\/wp\/v2\/comments?post=95806"}],"version-history":[{"count":5,"href":"https:\/\/legrandcontinent.eu\/es\/wp-json\/wp\/v2\/posts\/95806\/revisions"}],"predecessor-version":[{"id":95829,"href":"https:\/\/legrandcontinent.eu\/es\/wp-json\/wp\/v2\/posts\/95806\/revisions\/95829"}],"wp:featuredmedia":[{"embeddable":true,"href":"https:\/\/legrandcontinent.eu\/es\/wp-json\/wp\/v2\/media\/95820"}],"wp:attachment":[{"href":"https:\/\/legrandcontinent.eu\/es\/wp-json\/wp\/v2\/media?parent=95806"}],"wp:term":[{"taxonomy":"category","embeddable":true,"href":"https:\/\/legrandcontinent.eu\/es\/wp-json\/wp\/v2\/categories?post=95806"},{"taxonomy":"post_tag","embeddable":true,"href":"https:\/\/legrandcontinent.eu\/es\/wp-json\/wp\/v2\/tags?post=95806"},{"taxonomy":"staff","embeddable":true,"href":"https:\/\/legrandcontinent.eu\/es\/wp-json\/wp\/v2\/staff?post=95806"},{"taxonomy":"editorial_format","embeddable":true,"href":"https:\/\/legrandcontinent.eu\/es\/wp-json\/wp\/v2\/editorial_format?post=95806"},{"taxonomy":"serie","embeddable":true,"href":"https:\/\/legrandcontinent.eu\/es\/wp-json\/wp\/v2\/serie?post=95806"},{"taxonomy":"audience","embeddable":true,"href":"https:\/\/legrandcontinent.eu\/es\/wp-json\/wp\/v2\/audience?post=95806"},{"taxonomy":"geo","embeddable":true,"href":"https:\/\/legrandcontinent.eu\/es\/wp-json\/wp\/v2\/geo?post=95806"}],"curies":[{"name":"wp","href":"https:\/\/api.w.org\/{rel}","templated":true}]}}