{"id":9577,"date":"2022-10-17T10:34:00","date_gmt":"2022-10-17T09:34:00","guid":{"rendered":"https:\/\/legrandcontinent.eu\/es\/?p=9577"},"modified":"2022-10-17T19:35:02","modified_gmt":"2022-10-17T18:35:02","slug":"las-crisis-mundiales-tienen-un-gran-impacto-en-la-lucha-contra-la-pobreza-extrema","status":"publish","type":"post","link":"https:\/\/legrandcontinent.eu\/es\/2022\/10\/17\/las-crisis-mundiales-tienen-un-gran-impacto-en-la-lucha-contra-la-pobreza-extrema\/","title":{"rendered":"Las crisis mundiales tienen un gran impacto en la lucha contra la pobreza extrema"},"content":{"rendered":"\n<p>Este a\u00f1o, que se celebra el 30\u00ba aniversario del D\u00eda Internacional, la ONU pretende \u00abponer en pr\u00e1ctica la dignidad para todos\u00bb. Seg\u00fan los \u00faltimos datos del Banco Mundial, casi 650 millones de personas viv\u00edan por debajo del umbral internacional de pobreza en 2019, fijado en 2,15 d\u00f3lares al d\u00eda.<\/p>\n\n\n\n<ul class=\"wp-block-list\">\n<li>Alrededor del 10% de la poblaci\u00f3n mundial vive en la extrema pobreza y lucha por satisfacer necesidades b\u00e1sicas como la salud, la educaci\u00f3n, el acceso al agua potable y el saneamiento.&nbsp;<\/li>\n<\/ul>\n\n\n\n<ul class=\"wp-block-list\">\n<li>En el contexto actual, la ONU estim\u00f3 este mes que 970.000 personas corren el riesgo de morir de hambre en Afganist\u00e1n, Etiop\u00eda, Somalia, Sud\u00e1n del Sur y Yemen. Adem\u00e1s, para finales de a\u00f1o, el Banco Mundial calcula que <a href=\"https:\/\/legrandcontinent.eu\/es\/2022\/10\/06\/la-inflacion-en-los-precios-de-los-alimentos-pone-en-peligro-a-mas-de-200-millones-de-personas-en-todo-el-mundo\/\">205 millones de personas de 45 pa\u00edses se ver\u00e1n afectados por una crisis alimentaria o una situaci\u00f3n de hambruna<\/a>.<\/li>\n<\/ul>\n\n\n\n<div class=\"iframe-container wp-block-image wp-block-image-medium  iframe-dw\">\n\t<div>\n\t\t<iframe class=\"absolute w-full h-full pin-t pin-l\" title=\"titolo\" aria-label=\"Interactive line chart\" src=\"\/\/datawrapper.dwcdn.net\/UbJSl\/\" scrolling=\"no\" frameborder=\"0\"><\/iframe>\n\t<\/div>\n<\/div>\n\n\n\n<p>En t\u00e9rminos generales, la situaci\u00f3n econ\u00f3mica internacional no augura nada bueno en cuanto a la lucha contra la pobreza. La semana pasada, <a href=\"https:\/\/legrandcontinent.eu\/es\/2022\/10\/11\/italia-y-alemania-entraran-en-recesion-en-2023-segun-el-fmi\/\">el FMI public\u00f3 sus previsiones de crecimiento m\u00e1s d\u00e9biles desde 2001<\/a>, con la excepci\u00f3n de la pandemia y la crisis financiera de 2008. La organizaci\u00f3n espera que el crecimiento mundial caiga del 6% en 2021 al 3,2% en 2022, y s\u00f3lo al 2,7% en 2023.<\/p>\n\n\n\n<div class=\"iframe-container wp-block-image wp-block-image-medium  iframe-dw\">\n\t<div>\n\t\t<iframe class=\"absolute w-full h-full pin-t pin-l\" title=\"titolo\" aria-label=\"Interactive line chart\" src=\"\/\/datawrapper.dwcdn.net\/c0FNd\/\" scrolling=\"no\" frameborder=\"0\"><\/iframe>\n\t<\/div>\n<\/div>\n\n\n\n<p>Aunque se ha producido una reducci\u00f3n considerable de la pobreza extrema desde la d\u00e9cada de 1990, la pandemia de Covid-19 ha frenado el impulso que habr\u00eda supuesto que en 2022 hubiera menos de 600 millones de pobres en el mundo. <\/p>\n\n\n\n<ul class=\"wp-block-list\">\n<li>En el contexto actual esta cifra se estima m\u00e1s bien entre 667 y 685 millones de personas en todo el mundo, dependiendo de si se tiene en cuenta o no la inflaci\u00f3n de los precios de los alimentos y su impacto en la pobreza&nbsp;<span class='whitespace-nowrap'><span id='easy-footnote-1-9577' class='easy-footnote-margin-adjust'><\/span><span class='easy-footnote'><a href='https:\/\/legrandcontinent.eu\/es\/2022\/10\/17\/las-crisis-mundiales-tienen-un-gran-impacto-en-la-lucha-contra-la-pobreza-extrema\/#easy-footnote-bottom-1-9577' title='&lt;a href=&quot;https:\/\/openknowledge.worldbank.org\/bitstream\/handle\/10986\/37739\/9781464818936.pdf&quot;&gt;Poverty and Shared Prosperity 2022&amp;nbsp;: Correcting Course&lt;\/a&gt;, Banco Mundial, octubre de 2022.'><sup>1<\/sup><\/a><\/span><\/span>.<\/li>\n<\/ul>\n\n\n\n<ul class=\"wp-block-list\">\n<li>La inflaci\u00f3n de los precios de los alimentos, que genera inseguridad alimentaria, afecta m\u00e1s a las poblaciones que viven en el \u00c1frica subsahariana.<\/li>\n<\/ul>\n\n\n\n<div class=\"iframe-container wp-block-image wp-block-image-medium  iframe-dw\">\n\t<div>\n\t\t<iframe class=\"absolute w-full h-full pin-t pin-l\" title=\"titolo\" aria-label=\"Interactive line chart\" src=\"\/\/datawrapper.dwcdn.net\/QEhK4\/\" scrolling=\"no\" frameborder=\"0\"><\/iframe>\n\t<\/div>\n<\/div>\n\n\n\n<p>La guerra de Rusia contra Ucrania y el aumento de los precios de los alimentos y la energ\u00eda han empeorado mucho la situaci\u00f3n. Si se cumplen las previsiones actuales (que la situaci\u00f3n geopol\u00edtica parece confirmar en estos momentos), \u00e9ste ser\u00e1 el segundo peor a\u00f1o para la lucha contra la pobreza en el mundo desde el a\u00f1o 2000.<\/p>\n\n\n\n<p>Para frenar este fen\u00f3meno, el Banco Mundial recomienda una mayor movilizaci\u00f3n de la herramienta presupuestaria mediante importantes reformas. La organizaci\u00f3n destaca tres \u00e1mbitos principales: los programas de ayuda y prestaciones dirigidos a las poblaciones m\u00e1s pobres, la continuaci\u00f3n de las inversiones a largo plazo a pesar de la sucesi\u00f3n de crisis y el aumento de los ingresos fiscales para favorecer la distribuci\u00f3n&nbsp;<span class='whitespace-nowrap'><span id='easy-footnote-2-9577' class='easy-footnote-margin-adjust'><\/span><span class='easy-footnote'><a href='https:\/\/legrandcontinent.eu\/es\/2022\/10\/17\/las-crisis-mundiales-tienen-un-gran-impacto-en-la-lucha-contra-la-pobreza-extrema\/#easy-footnote-bottom-2-9577' title='&lt;a href=&quot;https:\/\/www.worldbank.org\/en\/news\/immersive-story\/2022\/10\/05\/covid-19-dealt-a-historic-blow-to-poverty-reduction&quot;&gt;Covid-19 dealt a historic blow to poverty reduction. Fiscal policy can help repair the damage&lt;\/a&gt;, Banco Mundial, 5 de octubre de 2022.'><sup>2<\/sup><\/a><\/span><\/span>.<\/p>\n","protected":false},"excerpt":{"rendered":"<p>Hoy es el D\u00eda Internacional para la Erradicaci\u00f3n de la Pobreza. La lucha contra la pobreza en el mundo ha sufrido mucho en los \u00faltimos a\u00f1os debido a la pandemia del Covid-19, la inestabilidad pol\u00edtica y la inflaci\u00f3n de los precios de los alimentos y la energ\u00eda. Seg\u00fan el Banco Mundial, el objetivo de erradicar la pobreza extrema para 2030 parece ahora inalcanzable.<\/p>\n","protected":false},"author":1366,"featured_media":9578,"comment_status":"closed","ping_status":"closed","sticky":false,"template":"templates\/post-briefings.php","format":"standard","meta":{"_acf_changed":false,"_trash_the_other_posts":false,"_yoast_wpseo_estimated-reading-time-minutes":3,"footnotes":""},"categories":[5],"tags":[],"staff":[],"editorial_format":[],"serie":[],"audience":[],"geo":[198],"class_list":["post-9577","post","type-post","status-publish","format-standard","hentry","category-economia","geo-mundo"],"acf":{"open_in_webview":false,"accent":false,"_thumbnail_id":9578,"excerpt":"Hoy es el D\u00eda Internacional para la Erradicaci\u00f3n de la Pobreza. La lucha contra la pobreza en el mundo ha sufrido mucho en los \u00faltimos a\u00f1os debido a la pandemia del Covid-19, la inestabilidad pol\u00edtica y la inflaci\u00f3n de los precios de los alimentos y la energ\u00eda. Seg\u00fan el Banco Mundial, el objetivo de erradicar la pobreza extrema para 2030 parece ahora inalcanzable.","display_date":"","new_abstract":true},"yoast_head":"<!-- This site is optimized with the Yoast SEO plugin v26.1.1 - https:\/\/yoast.com\/wordpress\/plugins\/seo\/ -->\n<title>Las crisis mundiales tienen un gran impacto en la lucha contra la pobreza extrema - El Grand Continent<\/title>\n<meta name=\"robots\" content=\"index, follow, max-snippet:-1, max-image-preview:large, max-video-preview:-1\" \/>\n<link rel=\"canonical\" href=\"https:\/\/legrandcontinent.eu\/es\/2022\/10\/17\/las-crisis-mundiales-tienen-un-gran-impacto-en-la-lucha-contra-la-pobreza-extrema\/\" \/>\n<meta property=\"og:locale\" content=\"es_ES\" \/>\n<meta property=\"og:type\" content=\"article\" \/>\n<meta property=\"og:title\" content=\"Las crisis mundiales tienen un gran impacto en la lucha contra la pobreza extrema - El Grand Continent\" \/>\n<meta property=\"og:description\" content=\"Hoy es el D\u00eda Internacional para la Erradicaci\u00f3n de la Pobreza. La lucha contra la pobreza en el mundo ha sufrido mucho en los \u00faltimos a\u00f1os debido a la pandemia del Covid-19, la inestabilidad pol\u00edtica y la inflaci\u00f3n de los precios de los alimentos y la energ\u00eda. Seg\u00fan el Banco Mundial, el objetivo de erradicar la pobreza extrema para 2030 parece ahora inalcanzable.\" \/>\n<meta property=\"og:url\" content=\"https:\/\/legrandcontinent.eu\/es\/2022\/10\/17\/las-crisis-mundiales-tienen-un-gran-impacto-en-la-lucha-contra-la-pobreza-extrema\/\" \/>\n<meta property=\"og:site_name\" content=\"El Grand Continent\" \/>\n<meta property=\"article:published_time\" content=\"2022-10-17T09:34:00+00:00\" \/>\n<meta property=\"article:modified_time\" content=\"2022-10-17T18:35:02+00:00\" \/>\n<meta property=\"og:image\" content=\"https:\/\/legrandcontinent.eu\/es\/wp-content\/uploads\/sites\/6\/2022\/10\/gc-elpobrezaextrema-scaled.jpg\" \/>\n\t<meta property=\"og:image:width\" content=\"2560\" \/>\n\t<meta property=\"og:image:height\" content=\"1437\" \/>\n\t<meta property=\"og:image:type\" content=\"image\/jpeg\" \/>\n<meta name=\"author\" content=\"florent\" \/>\n<meta name=\"twitter:card\" content=\"summary_large_image\" \/>\n<meta name=\"twitter:image\" content=\"https:\/\/legrandcontinent.eu\/es\/wp-content\/uploads\/sites\/6\/2022\/10\/gc-elpobrezaextrema-scaled.jpg\" \/>\n<meta name=\"twitter:label1\" content=\"Escrito por\" \/>\n\t<meta name=\"twitter:data1\" content=\"florent\" \/>\n\t<meta name=\"twitter:label2\" content=\"Tiempo de lectura\" \/>\n\t<meta name=\"twitter:data2\" content=\"3 minutos\" \/>\n<script type=\"application\/ld+json\" class=\"yoast-schema-graph\">{\"@context\":\"https:\/\/schema.org\",\"@graph\":[{\"@type\":\"WebPage\",\"@id\":\"https:\/\/legrandcontinent.eu\/es\/2022\/10\/17\/las-crisis-mundiales-tienen-un-gran-impacto-en-la-lucha-contra-la-pobreza-extrema\/\",\"url\":\"https:\/\/legrandcontinent.eu\/es\/2022\/10\/17\/las-crisis-mundiales-tienen-un-gran-impacto-en-la-lucha-contra-la-pobreza-extrema\/\",\"name\":\"Las crisis mundiales tienen un gran impacto en la lucha contra la pobreza extrema - El Grand Continent\",\"isPartOf\":{\"@id\":\"https:\/\/legrandcontinent.eu\/es\/#website\"},\"primaryImageOfPage\":{\"@id\":\"https:\/\/legrandcontinent.eu\/es\/2022\/10\/17\/las-crisis-mundiales-tienen-un-gran-impacto-en-la-lucha-contra-la-pobreza-extrema\/#primaryimage\"},\"image\":{\"@id\":\"https:\/\/legrandcontinent.eu\/es\/2022\/10\/17\/las-crisis-mundiales-tienen-un-gran-impacto-en-la-lucha-contra-la-pobreza-extrema\/#primaryimage\"},\"thumbnailUrl\":\"https:\/\/legrandcontinent.eu\/es\/wp-content\/uploads\/sites\/6\/2022\/10\/SIPA_01090302_000005-scaled-1.jpg\",\"datePublished\":\"2022-10-17T09:34:00+00:00\",\"dateModified\":\"2022-10-17T18:35:02+00:00\",\"author\":{\"@id\":\"https:\/\/legrandcontinent.eu\/es\/#\/schema\/person\/cdd782c93d4a9eda86ab19a8c01cdf5c\"},\"breadcrumb\":{\"@id\":\"https:\/\/legrandcontinent.eu\/es\/2022\/10\/17\/las-crisis-mundiales-tienen-un-gran-impacto-en-la-lucha-contra-la-pobreza-extrema\/#breadcrumb\"},\"inLanguage\":\"es\",\"potentialAction\":[{\"@type\":\"ReadAction\",\"target\":[\"https:\/\/legrandcontinent.eu\/es\/2022\/10\/17\/las-crisis-mundiales-tienen-un-gran-impacto-en-la-lucha-contra-la-pobreza-extrema\/\"]}]},{\"@type\":\"ImageObject\",\"inLanguage\":\"es\",\"@id\":\"https:\/\/legrandcontinent.eu\/es\/2022\/10\/17\/las-crisis-mundiales-tienen-un-gran-impacto-en-la-lucha-contra-la-pobreza-extrema\/#primaryimage\",\"url\":\"https:\/\/legrandcontinent.eu\/es\/wp-content\/uploads\/sites\/6\/2022\/10\/SIPA_01090302_000005-scaled-1.jpg\",\"contentUrl\":\"https:\/\/legrandcontinent.eu\/es\/wp-content\/uploads\/sites\/6\/2022\/10\/SIPA_01090302_000005-scaled-1.jpg\",\"width\":2560,\"height\":1706,\"caption\":\"Hundreds gather at a wholesale market as local farmers bring jute fibres in by boats to sell in bulk at Jamalpur, Bangladesh. Photographer Abdul Momin, 31, from Bogura, Bangladesh said, \\\"Jute is a kind of natural shiny bast fibre. Jute has been grown for textile purposes on the Indian subcontinent for at least 5,000 years. I have sent another set of photos earlier which shows how farmers obtain jute fibre from jute plants.\\\" \\\"Brokers buy jute fibre directly from the farmers and later they sell them to various jute fibre factories where jute is used chiefly to make yarns, sacks and coarse cloth. Jute is cultivated in the rainy season.\\\" \\\"Bangladesh is the second largest producer of jute in the world with an estimated annual production of 1.6 million tons. Around 4 million farmers in Bangladesh are involved in jute cultivation.\\\" Please byline: Abdul Momin\/Solent News\/\/SOLENTNEWS_SIPA.1341\/2210061112\/Credit:Solent News\/SIPA\/2210061125\"},{\"@type\":\"BreadcrumbList\",\"@id\":\"https:\/\/legrandcontinent.eu\/es\/2022\/10\/17\/las-crisis-mundiales-tienen-un-gran-impacto-en-la-lucha-contra-la-pobreza-extrema\/#breadcrumb\",\"itemListElement\":[{\"@type\":\"ListItem\",\"position\":1,\"name\":\"Home\",\"item\":\"https:\/\/legrandcontinent.eu\/es\/\"},{\"@type\":\"ListItem\",\"position\":2,\"name\":\"Las crisis mundiales tienen un gran impacto en la lucha contra la pobreza extrema\"}]},{\"@type\":\"WebSite\",\"@id\":\"https:\/\/legrandcontinent.eu\/es\/#website\",\"url\":\"https:\/\/legrandcontinent.eu\/es\/\",\"name\":\"El Grand Continent\",\"description\":\"La escala pertinente\",\"potentialAction\":[{\"@type\":\"SearchAction\",\"target\":{\"@type\":\"EntryPoint\",\"urlTemplate\":\"https:\/\/legrandcontinent.eu\/es\/?s={search_term_string}\"},\"query-input\":{\"@type\":\"PropertyValueSpecification\",\"valueRequired\":true,\"valueName\":\"search_term_string\"}}],\"inLanguage\":\"es\"},{\"@type\":\"Person\",\"@id\":\"https:\/\/legrandcontinent.eu\/es\/#\/schema\/person\/cdd782c93d4a9eda86ab19a8c01cdf5c\",\"name\":\"florent\",\"image\":{\"@type\":\"ImageObject\",\"inLanguage\":\"es\",\"@id\":\"https:\/\/legrandcontinent.eu\/es\/#\/schema\/person\/image\/\",\"url\":\"https:\/\/secure.gravatar.com\/avatar\/0d38d78c90602daf39b309035cdac6bc?s=96&d=mm&r=g\",\"contentUrl\":\"https:\/\/secure.gravatar.com\/avatar\/0d38d78c90602daf39b309035cdac6bc?s=96&d=mm&r=g\",\"caption\":\"florent\"}}]}<\/script>\n<!-- \/ Yoast SEO plugin. -->","yoast_head_json":{"title":"Las crisis mundiales tienen un gran impacto en la lucha contra la pobreza extrema - El Grand Continent","robots":{"index":"index","follow":"follow","max-snippet":"max-snippet:-1","max-image-preview":"max-image-preview:large","max-video-preview":"max-video-preview:-1"},"canonical":"https:\/\/legrandcontinent.eu\/es\/2022\/10\/17\/las-crisis-mundiales-tienen-un-gran-impacto-en-la-lucha-contra-la-pobreza-extrema\/","og_locale":"es_ES","og_type":"article","og_title":"Las crisis mundiales tienen un gran impacto en la lucha contra la pobreza extrema - El Grand Continent","og_description":"Hoy es el D\u00eda Internacional para la Erradicaci\u00f3n de la Pobreza. La lucha contra la pobreza en el mundo ha sufrido mucho en los \u00faltimos a\u00f1os debido a la pandemia del Covid-19, la inestabilidad pol\u00edtica y la inflaci\u00f3n de los precios de los alimentos y la energ\u00eda. Seg\u00fan el Banco Mundial, el objetivo de erradicar la pobreza extrema para 2030 parece ahora inalcanzable.","og_url":"https:\/\/legrandcontinent.eu\/es\/2022\/10\/17\/las-crisis-mundiales-tienen-un-gran-impacto-en-la-lucha-contra-la-pobreza-extrema\/","og_site_name":"El Grand Continent","article_published_time":"2022-10-17T09:34:00+00:00","article_modified_time":"2022-10-17T18:35:02+00:00","og_image":[{"width":2560,"height":1437,"url":"https:\/\/legrandcontinent.eu\/es\/wp-content\/uploads\/sites\/6\/2022\/10\/gc-elpobrezaextrema-scaled.jpg","type":"image\/jpeg"}],"author":"florent","twitter_card":"summary_large_image","twitter_image":"https:\/\/legrandcontinent.eu\/es\/wp-content\/uploads\/sites\/6\/2022\/10\/gc-elpobrezaextrema-scaled.jpg","twitter_misc":{"Escrito por":"florent","Tiempo de lectura":"3 minutos"},"schema":{"@context":"https:\/\/schema.org","@graph":[{"@type":"WebPage","@id":"https:\/\/legrandcontinent.eu\/es\/2022\/10\/17\/las-crisis-mundiales-tienen-un-gran-impacto-en-la-lucha-contra-la-pobreza-extrema\/","url":"https:\/\/legrandcontinent.eu\/es\/2022\/10\/17\/las-crisis-mundiales-tienen-un-gran-impacto-en-la-lucha-contra-la-pobreza-extrema\/","name":"Las crisis mundiales tienen un gran impacto en la lucha contra la pobreza extrema - El Grand Continent","isPartOf":{"@id":"https:\/\/legrandcontinent.eu\/es\/#website"},"primaryImageOfPage":{"@id":"https:\/\/legrandcontinent.eu\/es\/2022\/10\/17\/las-crisis-mundiales-tienen-un-gran-impacto-en-la-lucha-contra-la-pobreza-extrema\/#primaryimage"},"image":{"@id":"https:\/\/legrandcontinent.eu\/es\/2022\/10\/17\/las-crisis-mundiales-tienen-un-gran-impacto-en-la-lucha-contra-la-pobreza-extrema\/#primaryimage"},"thumbnailUrl":"https:\/\/legrandcontinent.eu\/es\/wp-content\/uploads\/sites\/6\/2022\/10\/SIPA_01090302_000005-scaled-1.jpg","datePublished":"2022-10-17T09:34:00+00:00","dateModified":"2022-10-17T18:35:02+00:00","author":{"@id":"https:\/\/legrandcontinent.eu\/es\/#\/schema\/person\/cdd782c93d4a9eda86ab19a8c01cdf5c"},"breadcrumb":{"@id":"https:\/\/legrandcontinent.eu\/es\/2022\/10\/17\/las-crisis-mundiales-tienen-un-gran-impacto-en-la-lucha-contra-la-pobreza-extrema\/#breadcrumb"},"inLanguage":"es","potentialAction":[{"@type":"ReadAction","target":["https:\/\/legrandcontinent.eu\/es\/2022\/10\/17\/las-crisis-mundiales-tienen-un-gran-impacto-en-la-lucha-contra-la-pobreza-extrema\/"]}]},{"@type":"ImageObject","inLanguage":"es","@id":"https:\/\/legrandcontinent.eu\/es\/2022\/10\/17\/las-crisis-mundiales-tienen-un-gran-impacto-en-la-lucha-contra-la-pobreza-extrema\/#primaryimage","url":"https:\/\/legrandcontinent.eu\/es\/wp-content\/uploads\/sites\/6\/2022\/10\/SIPA_01090302_000005-scaled-1.jpg","contentUrl":"https:\/\/legrandcontinent.eu\/es\/wp-content\/uploads\/sites\/6\/2022\/10\/SIPA_01090302_000005-scaled-1.jpg","width":2560,"height":1706,"caption":"Hundreds gather at a wholesale market as local farmers bring jute fibres in by boats to sell in bulk at Jamalpur, Bangladesh. Photographer Abdul Momin, 31, from Bogura, Bangladesh said, \"Jute is a kind of natural shiny bast fibre. Jute has been grown for textile purposes on the Indian subcontinent for at least 5,000 years. I have sent another set of photos earlier which shows how farmers obtain jute fibre from jute plants.\" \"Brokers buy jute fibre directly from the farmers and later they sell them to various jute fibre factories where jute is used chiefly to make yarns, sacks and coarse cloth. Jute is cultivated in the rainy season.\" \"Bangladesh is the second largest producer of jute in the world with an estimated annual production of 1.6 million tons. Around 4 million farmers in Bangladesh are involved in jute cultivation.\" Please byline: Abdul Momin\/Solent News\/\/SOLENTNEWS_SIPA.1341\/2210061112\/Credit:Solent News\/SIPA\/2210061125"},{"@type":"BreadcrumbList","@id":"https:\/\/legrandcontinent.eu\/es\/2022\/10\/17\/las-crisis-mundiales-tienen-un-gran-impacto-en-la-lucha-contra-la-pobreza-extrema\/#breadcrumb","itemListElement":[{"@type":"ListItem","position":1,"name":"Home","item":"https:\/\/legrandcontinent.eu\/es\/"},{"@type":"ListItem","position":2,"name":"Las crisis mundiales tienen un gran impacto en la lucha contra la pobreza extrema"}]},{"@type":"WebSite","@id":"https:\/\/legrandcontinent.eu\/es\/#website","url":"https:\/\/legrandcontinent.eu\/es\/","name":"El Grand Continent","description":"La escala pertinente","potentialAction":[{"@type":"SearchAction","target":{"@type":"EntryPoint","urlTemplate":"https:\/\/legrandcontinent.eu\/es\/?s={search_term_string}"},"query-input":{"@type":"PropertyValueSpecification","valueRequired":true,"valueName":"search_term_string"}}],"inLanguage":"es"},{"@type":"Person","@id":"https:\/\/legrandcontinent.eu\/es\/#\/schema\/person\/cdd782c93d4a9eda86ab19a8c01cdf5c","name":"florent","image":{"@type":"ImageObject","inLanguage":"es","@id":"https:\/\/legrandcontinent.eu\/es\/#\/schema\/person\/image\/","url":"https:\/\/secure.gravatar.com\/avatar\/0d38d78c90602daf39b309035cdac6bc?s=96&d=mm&r=g","contentUrl":"https:\/\/secure.gravatar.com\/avatar\/0d38d78c90602daf39b309035cdac6bc?s=96&d=mm&r=g","caption":"florent"}}]}},"lgc_categories":[{"id":5,"name":"Econom\u00eda","slug":"economia"}],"lgc_author":null,"feature_image_summary":{"url":"https:\/\/legrandcontinent.eu\/es\/wp-content\/uploads\/sites\/6\/2022\/10\/SIPA_01090302_000005-scaled-1.jpg","width":2560,"height":1706,"alt":""},"feature_image_cover":null,"term_position_data":null,"_links":{"self":[{"href":"https:\/\/legrandcontinent.eu\/es\/wp-json\/wp\/v2\/posts\/9577","targetHints":{"allow":["GET"]}}],"collection":[{"href":"https:\/\/legrandcontinent.eu\/es\/wp-json\/wp\/v2\/posts"}],"about":[{"href":"https:\/\/legrandcontinent.eu\/es\/wp-json\/wp\/v2\/types\/post"}],"author":[{"embeddable":true,"href":"https:\/\/legrandcontinent.eu\/es\/wp-json\/wp\/v2\/users\/1366"}],"replies":[{"embeddable":true,"href":"https:\/\/legrandcontinent.eu\/es\/wp-json\/wp\/v2\/comments?post=9577"}],"version-history":[{"count":0,"href":"https:\/\/legrandcontinent.eu\/es\/wp-json\/wp\/v2\/posts\/9577\/revisions"}],"wp:featuredmedia":[{"embeddable":true,"href":"https:\/\/legrandcontinent.eu\/es\/wp-json\/wp\/v2\/media\/9578"}],"wp:attachment":[{"href":"https:\/\/legrandcontinent.eu\/es\/wp-json\/wp\/v2\/media?parent=9577"}],"wp:term":[{"taxonomy":"category","embeddable":true,"href":"https:\/\/legrandcontinent.eu\/es\/wp-json\/wp\/v2\/categories?post=9577"},{"taxonomy":"post_tag","embeddable":true,"href":"https:\/\/legrandcontinent.eu\/es\/wp-json\/wp\/v2\/tags?post=9577"},{"taxonomy":"staff","embeddable":true,"href":"https:\/\/legrandcontinent.eu\/es\/wp-json\/wp\/v2\/staff?post=9577"},{"taxonomy":"editorial_format","embeddable":true,"href":"https:\/\/legrandcontinent.eu\/es\/wp-json\/wp\/v2\/editorial_format?post=9577"},{"taxonomy":"serie","embeddable":true,"href":"https:\/\/legrandcontinent.eu\/es\/wp-json\/wp\/v2\/serie?post=9577"},{"taxonomy":"audience","embeddable":true,"href":"https:\/\/legrandcontinent.eu\/es\/wp-json\/wp\/v2\/audience?post=9577"},{"taxonomy":"geo","embeddable":true,"href":"https:\/\/legrandcontinent.eu\/es\/wp-json\/wp\/v2\/geo?post=9577"}],"curies":[{"name":"wp","href":"https:\/\/api.w.org\/{rel}","templated":true}]}}