{"id":95761,"date":"2026-04-09T16:20:52","date_gmt":"2026-04-09T14:20:52","guid":{"rendered":"https:\/\/legrandcontinent.eu\/es\/?p=95761"},"modified":"2026-04-09T16:49:39","modified_gmt":"2026-04-09T14:49:39","slug":"trump-ultimatum-europeos-estrecho-ormuz","status":"publish","type":"post","link":"https:\/\/legrandcontinent.eu\/es\/2026\/04\/09\/trump-ultimatum-europeos-estrecho-ormuz\/","title":{"rendered":"Trump lanza un ultim\u00e1tum a los europeos para que desplieguen medios militares en el estrecho de Ormuz"},"content":{"rendered":"\n<p>Seg\u00fan informaciones obtenidas por el peri\u00f3dico alem\u00e1n\u00a0<em>Der Spiegel<\/em>, el secretario general de la OTAN, Mark Rutte, que se reuni\u00f3 ayer, mi\u00e9rcoles 8, con Trump, habr\u00eda \u00abinformado a las capitales europeas de que Donald Trump espera compromisos concretos en los pr\u00f3ximos d\u00edas en relaci\u00f3n con el despliegue de buques de guerra u otros medios militares europeos\u00bb en el estrecho de Ormuz&nbsp;<span class='whitespace-nowrap'><span id='easy-footnote-1-95761' class='easy-footnote-margin-adjust'><\/span><span class='easy-footnote'><a href='https:\/\/legrandcontinent.eu\/es\/2026\/04\/09\/trump-ultimatum-europeos-estrecho-ormuz\/#easy-footnote-bottom-1-95761' title='Matthias Gebauer, \u00ab\u00a0&lt;a href=&quot;https:\/\/www.spiegel.de\/ausland\/iran-news-am-9-april-trump-erwaegt-offenbar-truppen-abzug-als-bestrafung-fuer-nato-staaten-a-a7d1f3c7-10f4-4b72-818d-b51ddb789faf&quot;&gt;Trump erh\u00f6ht den Druck auf Europa \u2013 neue Forderung nach Unterst\u00fctzung in Stra\u00dfe von Hormus&lt;\/a&gt;\u00a0\u00bb,\u00a0&lt;em&gt;Der Spiegel&lt;\/em&gt;, 9 de abril de 2026.'><sup>1<\/sup><\/a><\/span><\/span>.<\/p>\n\n\n\n<ul class=\"wp-block-list\">\n<li>Ayer, 8 de abril, en una entrevista con\u00a0<em>CNN<\/em>, Mark Rutte declar\u00f3 que el presidente estadounidense estaba \u00abclaramente decepcionado\u00bb con muchos aliados de la OTAN que no han apoyado la guerra librada por Estados Unidos e Israel contra Ir\u00e1n tanto como \u00e9l hubiera deseado.<\/li>\n<\/ul>\n\n\n\n<figure class=\"wp-block-embed is-type-rich is-provider-twitter wp-block-embed-twitter\"><div class=\"wp-block-embed__wrapper\">\n<blockquote class=\"twitter-tweet\" data-width=\"550\" data-dnt=\"true\"><p lang=\"en\" dir=\"ltr\">NATO Secretary General Mark Rutte joined The Lead just moments after his White House meeting with President Trump and described the conversation as a \u2018very frank, very open\u2019 discussion and said President Trump is &#39;clearly disappointed&#39; with NATO allies <a href=\"https:\/\/t.co\/abuhHFn1Ug\">pic.twitter.com\/abuhHFn1Ug<\/a><\/p>&mdash; The Lead CNN (@TheLeadCNN) <a href=\"https:\/\/twitter.com\/TheLeadCNN\/status\/2042017611664241038?ref_src=twsrc%5Etfw\">April 8, 2026<\/a><\/blockquote><script async src=\"https:\/\/platform.twitter.com\/widgets.js\" charset=\"utf-8\"><\/script>\n<\/div><\/figure>\n\n\n\n<ul class=\"wp-block-list\">\n<li>Se neg\u00f3 a responder a la pregunta de si Trump hab\u00eda mencionado una posible retirada de la OTAN, pero la portavoz de la Casa Blanca, Karoline Leavitt, hab\u00eda indicado anteriormente que probablemente se abordar\u00eda el tema.<\/li>\n\n\n\n<li>La reuni\u00f3n entre Mark Rutte y Donald Trump se produce cuando varios gobiernos europeos habr\u00edan pedido al secretario general de la OTAN que moderara su apoyo a la decisi\u00f3n estadounidense de atacar Ir\u00e1n. De hecho, varios responsables consideran que su postura, considerada demasiado alineada con Washington, le incitar\u00eda a apoyar a Donald Trump en detrimento de los intereses europeos&nbsp;<span class='whitespace-nowrap'><span id='easy-footnote-2-95761' class='easy-footnote-margin-adjust'><\/span><span class='easy-footnote'><a href='https:\/\/legrandcontinent.eu\/es\/2026\/04\/09\/trump-ultimatum-europeos-estrecho-ormuz\/#easy-footnote-bottom-2-95761' title='Andrea Palasciano, \u00ab\u00a0&lt;a href=&quot;https:\/\/www.bloomberg.com\/news\/articles\/2026-04-08\/as-trump-bullies-nato-europeans-question-its-deferential-chief&quot;&gt;As Trump Bullies NATO, Europe Questions a Deferential Rutte&lt;\/a&gt;\u00a0\u00bb,\u00a0&lt;em&gt;Bloomberg&lt;\/em&gt;, 8 de abril de 2026.'><sup>2<\/sup><\/a><\/span><\/span>.<\/li>\n<\/ul>\n\n\n\n<p>Desde el inicio de la guerra el 28 de febrero, varios pa\u00edses miembros de la OTAN han cerrado su espacio a\u00e9reo o se han negado a que Estados Unidos utilice sus bases para misiones ofensivas, entre ellos Espa\u00f1a, Italia, Austria y Francia.<\/p>\n\n\n\n<ul class=\"wp-block-list\">\n<li>Otros pa\u00edses, como Portugal, han permitido a Estados Unidos utilizar sus bases en las Azores.<\/li>\n\n\n\n<li>Washington cuenta en total con 31 bases permanentes y otras 19 instalaciones militares repartidas por toda Europa, pero su uso est\u00e1 regulado, en la mayor\u00eda de los casos, por acuerdos bilaterales que autorizan a Washington a utilizarlas en el marco de la OTAN.<\/li>\n<\/ul>\n\n\n\n<div class=\"iframe-container wp-block-image wp-block-image-medium  iframe-dw\">\n\t<div>\n\t\t<iframe class=\"absolute w-full h-full pin-t pin-l\" title=\"titolo\" aria-label=\"Interactive line chart\" src=\"\/\/datawrapper.dwcdn.net\/YfExv\/\" scrolling=\"no\" frameborder=\"0\"><\/iframe>\n\t<\/div>\n<\/div>\n\n\n\n<p>Seg\u00fan el\u00a0<em>Wall Street Journal,<\/em>\u00a0que cita a responsables de la administraci\u00f3n, la Casa Blanca estar\u00eda barajando un plan para sancionar a ciertos miembros de la OTAN que, seg\u00fan Trump, no habr\u00edan prestado su apoyo a Estados Unidos e Israel durante la guerra contra Ir\u00e1n&nbsp;<span class='whitespace-nowrap'><span id='easy-footnote-3-95761' class='easy-footnote-margin-adjust'><\/span><span class='easy-footnote'><a href='https:\/\/legrandcontinent.eu\/es\/2026\/04\/09\/trump-ultimatum-europeos-estrecho-ormuz\/#easy-footnote-bottom-3-95761' title='Annie Linskey y Robbie Gramer, \u00ab\u00a0&lt;a href=&quot;https:\/\/www.wsj.com\/world\/europe\/trump-weighs-punishing-certain-nato-countries-over-lack-of-iran-war-support-a2361995&quot;&gt;Trump Team Explores Punishment for NATO Countries That Didn\u2019t Support Iran War&lt;\/a&gt;\u00a0\u00bb,\u00a0&lt;em&gt;The Wall Street Journal&lt;\/em&gt;, 8 de abril de 2026.'><sup>3<\/sup><\/a><\/span><\/span>. Espa\u00f1a se situar\u00eda \u00abprobablemente en lo alto de esa lista\u00bb, seg\u00fan fuentes citadas por\u00a0<em>Der Spiegel<\/em>.<\/p>\n\n\n\n<ul class=\"wp-block-list\">\n<li>La propuesta consistir\u00eda en retirar las tropas estadounidenses de los pa\u00edses miembros de la OTAN considerados poco cooperativos en la guerra contra Ir\u00e1n, y estacionarlas en pa\u00edses que Trump considera m\u00e1s colaboradores.<\/li>\n\n\n\n<li>Actualmente hay cerca de 70.000 soldados estadounidenses desplegados en Europa, de los cuales 36.000 se encuentran en Alemania, 10.000 en el Reino Unido y 13.000 en Italia.<\/li>\n<\/ul>\n\n\n\n<p>Varios pa\u00edses europeos, como Francia, Alemania y B\u00e9lgica, entre otros, ya han expresado su voluntad de participar en una misi\u00f3n para garantizar la circulaci\u00f3n mar\u00edtima en el estrecho, una vez finalizada la fase activa del conflicto.\u00a0<\/p>\n\n\n\n<ul class=\"wp-block-list\">\n<li>Un grupo de 40 pa\u00edses ya se ha reunido para elaborar un plan militar y diplom\u00e1tico destinado a reabrir y asegurar el estrecho de Ormuz.<\/li>\n\n\n\n<li>El presidente franc\u00e9s, Emmanuel Macron, declar\u00f3 el mi\u00e9rcoles 8 de abril que unos quince pa\u00edses estaban considerando facilitar la reanudaci\u00f3n del tr\u00e1fico en el estrecho.<\/li>\n<\/ul>\n\n\n\n<p>En las \u00faltimas semanas, Trump ha expresado cada vez m\u00e1s abiertamente sus cr\u00edticas a la OTAN, llegando incluso a sugerir que, una vez terminada la guerra, Estados Unidos podr\u00eda replantearse su compromiso con la alianza.<\/p>\n\n\n\n<ul class=\"wp-block-list\">\n<li>Tambi\u00e9n ha vinculado sus amenazas de anexionar Groenlandia a la falta de ayuda de los miembros europeos de la OTAN en Ir\u00e1n.<\/li>\n<\/ul>\n\n\n\n<figure class=\"wp-block-embed is-type-rich is-provider-twitter wp-block-embed-twitter\"><div class=\"wp-block-embed__wrapper\">\n<blockquote class=\"twitter-tweet\" data-width=\"550\" data-dnt=\"true\"><p lang=\"en\" dir=\"ltr\">\ud835\uddd7\ud835\uddfc\ud835\uddfb\ud835\uddee\ud835\uddf9\ud835\uddf1 \ud835\udddd. \ud835\udde7\ud835\uddff\ud835\ude02\ud835\uddfa\ud835\uddfd \ud835\udde7\ud835\uddff\ud835\ude02\ud835\ude01\ud835\uddf5 \ud835\udde6\ud835\uddfc\ud835\uddf0\ud835\uddf6\ud835\uddee\ud835\uddf9 \ud835\udde3\ud835\uddfc\ud835\ude00\ud835\ude01 \ud835\udfec\ud835\udff3:\ud835\udfef\ud835\udfed \ud835\udde3\ud835\udde0 \ud835\uddd8\ud835\udde6\ud835\udde7 \ud835\udfec\ud835\udff0.\ud835\udfec\ud835\udff4.\ud835\udfee\ud835\udff2<br><br>NATO WASN\u2019T THERE WHEN WE NEEDED THEM, AND THEY WON\u2019T BE THERE IF WE NEED THEM AGAIN. REMEMBER GREENLAND, THAT BIG, POORLY RUN, PIECE OF ICE!!! President DJT<\/p>&mdash; Commentary Donald J. Trump Posts From Truth Social (@TrumpDailyPosts) <a href=\"https:\/\/twitter.com\/TrumpDailyPosts\/status\/2042023287916798241?ref_src=twsrc%5Etfw\">April 8, 2026<\/a><\/blockquote><script async src=\"https:\/\/platform.twitter.com\/widgets.js\" charset=\"utf-8\"><\/script>\n<\/div><\/figure>\n\n\n\n<ul class=\"wp-block-list\">\n<li>Marco Rubio tambi\u00e9n hab\u00eda declarado: \u00ab\u00bfPor qu\u00e9 formamos parte de la OTAN? Hay que plantearse esta pregunta. \u00bfPor qu\u00e9 gastamos miles de millones de d\u00f3lares en mantener todas estas fuerzas estadounidenses en la regi\u00f3n, si no se nos permite utilizar estas bases en caso de necesidad?\u00bb.<\/li>\n<\/ul>\n","protected":false},"excerpt":{"rendered":"<p>Seg\u00fan el peri\u00f3dico alem\u00e1n\u00a0Der Spiegel, Mark Rutte, tras reunirse ayer, mi\u00e9rcoles 8 de abril, con Trump, habr\u00eda informado a los pa\u00edses europeos de que Washington espera en los pr\u00f3ximos d\u00edas \u00abcompromisos concretos\u00bb sobre el despliegue de medios militares europeos en el Golfo.<\/p>\n","protected":false},"author":1366,"featured_media":95759,"comment_status":"closed","ping_status":"closed","sticky":false,"template":"templates\/post-briefings.php","format":"standard","meta":{"_acf_changed":true,"_trash_the_other_posts":false,"_yoast_wpseo_estimated-reading-time-minutes":4,"footnotes":""},"categories":[1404],"tags":[],"staff":[],"editorial_format":[1424],"serie":[],"audience":[],"geo":[196],"class_list":["post-95761","post","type-post","status-publish","format-standard","hentry","category-iran-la-guerra-del-cambio-de-regimen","editorial_format-briefings","geo-asia-central"],"acf":{"open_in_webview":false,"accent":"default"},"yoast_head":"<!-- This site is optimized with the Yoast SEO plugin v26.1.1 - https:\/\/yoast.com\/wordpress\/plugins\/seo\/ -->\n<title>Estrecho de Ormuz: Trump lanza un ultim\u00e1tum a los europeos<\/title>\n<meta name=\"robots\" content=\"index, follow, max-snippet:-1, max-image-preview:large, max-video-preview:-1\" \/>\n<link rel=\"canonical\" href=\"https:\/\/legrandcontinent.eu\/es\/2026\/04\/09\/trump-ultimatum-europeos-estrecho-ormuz\/\" \/>\n<meta property=\"og:locale\" content=\"es_ES\" \/>\n<meta property=\"og:type\" content=\"article\" \/>\n<meta property=\"og:title\" content=\"Estrecho de Ormuz: Trump lanza un ultim\u00e1tum a los europeos\" \/>\n<meta property=\"og:description\" content=\"Seg\u00fan el peri\u00f3dico alem\u00e1n\u00a0Der Spiegel, Mark Rutte, tras reunirse ayer, mi\u00e9rcoles 8 de abril, con Trump, habr\u00eda informado a los pa\u00edses europeos de que Washington espera en los pr\u00f3ximos d\u00edas \u00abcompromisos concretos\u00bb sobre el despliegue de medios militares europeos en el Golfo.\" \/>\n<meta property=\"og:url\" content=\"https:\/\/legrandcontinent.eu\/es\/2026\/04\/09\/trump-ultimatum-europeos-estrecho-ormuz\/\" \/>\n<meta property=\"og:site_name\" content=\"El Grand Continent\" \/>\n<meta property=\"article:published_time\" content=\"2026-04-09T14:20:52+00:00\" \/>\n<meta property=\"article:modified_time\" content=\"2026-04-09T14:49:39+00:00\" \/>\n<meta property=\"og:image\" content=\"https:\/\/legrandcontinent.eu\/es\/wp-content\/uploads\/sites\/6\/2026\/04\/gc-elotan-scaled.jpeg\" \/>\n\t<meta property=\"og:image:width\" content=\"2560\" \/>\n\t<meta property=\"og:image:height\" content=\"1440\" \/>\n\t<meta property=\"og:image:type\" content=\"image\/jpeg\" \/>\n<meta name=\"author\" content=\"florent\" \/>\n<meta name=\"twitter:card\" content=\"summary_large_image\" \/>\n<meta name=\"twitter:image\" content=\"https:\/\/legrandcontinent.eu\/es\/wp-content\/uploads\/sites\/6\/2026\/04\/gc-elotan-scaled.jpeg\" \/>\n<meta name=\"twitter:label1\" content=\"Escrito por\" \/>\n\t<meta name=\"twitter:data1\" content=\"florent\" \/>\n\t<meta name=\"twitter:label2\" content=\"Tiempo de lectura\" \/>\n\t<meta name=\"twitter:data2\" content=\"4 minutos\" \/>\n<script type=\"application\/ld+json\" class=\"yoast-schema-graph\">{\"@context\":\"https:\/\/schema.org\",\"@graph\":[{\"@type\":\"WebPage\",\"@id\":\"https:\/\/legrandcontinent.eu\/es\/2026\/04\/09\/trump-ultimatum-europeos-estrecho-ormuz\/\",\"url\":\"https:\/\/legrandcontinent.eu\/es\/2026\/04\/09\/trump-ultimatum-europeos-estrecho-ormuz\/\",\"name\":\"Estrecho de Ormuz: Trump lanza un ultim\u00e1tum a los europeos\",\"isPartOf\":{\"@id\":\"https:\/\/legrandcontinent.eu\/es\/#website\"},\"primaryImageOfPage\":{\"@id\":\"https:\/\/legrandcontinent.eu\/es\/2026\/04\/09\/trump-ultimatum-europeos-estrecho-ormuz\/#primaryimage\"},\"image\":{\"@id\":\"https:\/\/legrandcontinent.eu\/es\/2026\/04\/09\/trump-ultimatum-europeos-estrecho-ormuz\/#primaryimage\"},\"thumbnailUrl\":\"https:\/\/legrandcontinent.eu\/es\/wp-content\/uploads\/sites\/2\/2026\/04\/SIPA_ap23010601_000002-scaled.jpg\",\"datePublished\":\"2026-04-09T14:20:52+00:00\",\"dateModified\":\"2026-04-09T14:49:39+00:00\",\"author\":{\"@id\":\"https:\/\/legrandcontinent.eu\/es\/#\/schema\/person\/cdd782c93d4a9eda86ab19a8c01cdf5c\"},\"breadcrumb\":{\"@id\":\"https:\/\/legrandcontinent.eu\/es\/2026\/04\/09\/trump-ultimatum-europeos-estrecho-ormuz\/#breadcrumb\"},\"inLanguage\":\"es\",\"potentialAction\":[{\"@type\":\"ReadAction\",\"target\":[\"https:\/\/legrandcontinent.eu\/es\/2026\/04\/09\/trump-ultimatum-europeos-estrecho-ormuz\/\"]}]},{\"@type\":\"ImageObject\",\"inLanguage\":\"es\",\"@id\":\"https:\/\/legrandcontinent.eu\/es\/2026\/04\/09\/trump-ultimatum-europeos-estrecho-ormuz\/#primaryimage\",\"url\":\"https:\/\/legrandcontinent.eu\/es\/wp-content\/uploads\/sites\/2\/2026\/04\/SIPA_ap23010601_000002-scaled.jpg\",\"contentUrl\":\"https:\/\/legrandcontinent.eu\/es\/wp-content\/uploads\/sites\/2\/2026\/04\/SIPA_ap23010601_000002-scaled.jpg\",\"width\":2560,\"height\":1707,\"caption\":\"FILE - President Donald Trump, right, meets with NATO Secretary General Mark Rutte on the sidelines of the Annual Meeting of the World Economic Forum in Davos, Switzerland, Jan. 21, 2026. (AP Photo\/Evan Vucci, File)\/nYRL437\/26022784372461\/FILE PHOTO\/2601240105\"},{\"@type\":\"BreadcrumbList\",\"@id\":\"https:\/\/legrandcontinent.eu\/es\/2026\/04\/09\/trump-ultimatum-europeos-estrecho-ormuz\/#breadcrumb\",\"itemListElement\":[{\"@type\":\"ListItem\",\"position\":1,\"name\":\"Home\",\"item\":\"https:\/\/legrandcontinent.eu\/es\/\"},{\"@type\":\"ListItem\",\"position\":2,\"name\":\"Trump lanza un ultim\u00e1tum a los europeos para que desplieguen medios militares en el estrecho de Ormuz\"}]},{\"@type\":\"WebSite\",\"@id\":\"https:\/\/legrandcontinent.eu\/es\/#website\",\"url\":\"https:\/\/legrandcontinent.eu\/es\/\",\"name\":\"El Grand Continent\",\"description\":\"La escala pertinente\",\"potentialAction\":[{\"@type\":\"SearchAction\",\"target\":{\"@type\":\"EntryPoint\",\"urlTemplate\":\"https:\/\/legrandcontinent.eu\/es\/?s={search_term_string}\"},\"query-input\":{\"@type\":\"PropertyValueSpecification\",\"valueRequired\":true,\"valueName\":\"search_term_string\"}}],\"inLanguage\":\"es\"},{\"@type\":\"Person\",\"@id\":\"https:\/\/legrandcontinent.eu\/es\/#\/schema\/person\/cdd782c93d4a9eda86ab19a8c01cdf5c\",\"name\":\"florent\",\"image\":{\"@type\":\"ImageObject\",\"inLanguage\":\"es\",\"@id\":\"https:\/\/legrandcontinent.eu\/es\/#\/schema\/person\/image\/\",\"url\":\"https:\/\/secure.gravatar.com\/avatar\/0d38d78c90602daf39b309035cdac6bc?s=96&d=mm&r=g\",\"contentUrl\":\"https:\/\/secure.gravatar.com\/avatar\/0d38d78c90602daf39b309035cdac6bc?s=96&d=mm&r=g\",\"caption\":\"florent\"}}]}<\/script>\n<!-- \/ Yoast SEO plugin. -->","yoast_head_json":{"title":"Estrecho de Ormuz: Trump lanza un ultim\u00e1tum a los europeos","robots":{"index":"index","follow":"follow","max-snippet":"max-snippet:-1","max-image-preview":"max-image-preview:large","max-video-preview":"max-video-preview:-1"},"canonical":"https:\/\/legrandcontinent.eu\/es\/2026\/04\/09\/trump-ultimatum-europeos-estrecho-ormuz\/","og_locale":"es_ES","og_type":"article","og_title":"Estrecho de Ormuz: Trump lanza un ultim\u00e1tum a los europeos","og_description":"Seg\u00fan el peri\u00f3dico alem\u00e1n\u00a0Der Spiegel, Mark Rutte, tras reunirse ayer, mi\u00e9rcoles 8 de abril, con Trump, habr\u00eda informado a los pa\u00edses europeos de que Washington espera en los pr\u00f3ximos d\u00edas \u00abcompromisos concretos\u00bb sobre el despliegue de medios militares europeos en el Golfo.","og_url":"https:\/\/legrandcontinent.eu\/es\/2026\/04\/09\/trump-ultimatum-europeos-estrecho-ormuz\/","og_site_name":"El Grand Continent","article_published_time":"2026-04-09T14:20:52+00:00","article_modified_time":"2026-04-09T14:49:39+00:00","og_image":[{"width":2560,"height":1440,"url":"https:\/\/legrandcontinent.eu\/es\/wp-content\/uploads\/sites\/6\/2026\/04\/gc-elotan-scaled.jpeg","type":"image\/jpeg"}],"author":"florent","twitter_card":"summary_large_image","twitter_image":"https:\/\/legrandcontinent.eu\/es\/wp-content\/uploads\/sites\/6\/2026\/04\/gc-elotan-scaled.jpeg","twitter_misc":{"Escrito por":"florent","Tiempo de lectura":"4 minutos"},"schema":{"@context":"https:\/\/schema.org","@graph":[{"@type":"WebPage","@id":"https:\/\/legrandcontinent.eu\/es\/2026\/04\/09\/trump-ultimatum-europeos-estrecho-ormuz\/","url":"https:\/\/legrandcontinent.eu\/es\/2026\/04\/09\/trump-ultimatum-europeos-estrecho-ormuz\/","name":"Estrecho de Ormuz: Trump lanza un ultim\u00e1tum a los europeos","isPartOf":{"@id":"https:\/\/legrandcontinent.eu\/es\/#website"},"primaryImageOfPage":{"@id":"https:\/\/legrandcontinent.eu\/es\/2026\/04\/09\/trump-ultimatum-europeos-estrecho-ormuz\/#primaryimage"},"image":{"@id":"https:\/\/legrandcontinent.eu\/es\/2026\/04\/09\/trump-ultimatum-europeos-estrecho-ormuz\/#primaryimage"},"thumbnailUrl":"https:\/\/legrandcontinent.eu\/es\/wp-content\/uploads\/sites\/2\/2026\/04\/SIPA_ap23010601_000002-scaled.jpg","datePublished":"2026-04-09T14:20:52+00:00","dateModified":"2026-04-09T14:49:39+00:00","author":{"@id":"https:\/\/legrandcontinent.eu\/es\/#\/schema\/person\/cdd782c93d4a9eda86ab19a8c01cdf5c"},"breadcrumb":{"@id":"https:\/\/legrandcontinent.eu\/es\/2026\/04\/09\/trump-ultimatum-europeos-estrecho-ormuz\/#breadcrumb"},"inLanguage":"es","potentialAction":[{"@type":"ReadAction","target":["https:\/\/legrandcontinent.eu\/es\/2026\/04\/09\/trump-ultimatum-europeos-estrecho-ormuz\/"]}]},{"@type":"ImageObject","inLanguage":"es","@id":"https:\/\/legrandcontinent.eu\/es\/2026\/04\/09\/trump-ultimatum-europeos-estrecho-ormuz\/#primaryimage","url":"https:\/\/legrandcontinent.eu\/es\/wp-content\/uploads\/sites\/2\/2026\/04\/SIPA_ap23010601_000002-scaled.jpg","contentUrl":"https:\/\/legrandcontinent.eu\/es\/wp-content\/uploads\/sites\/2\/2026\/04\/SIPA_ap23010601_000002-scaled.jpg","width":2560,"height":1707,"caption":"FILE - President Donald Trump, right, meets with NATO Secretary General Mark Rutte on the sidelines of the Annual Meeting of the World Economic Forum in Davos, Switzerland, Jan. 21, 2026. (AP Photo\/Evan Vucci, File)\/nYRL437\/26022784372461\/FILE PHOTO\/2601240105"},{"@type":"BreadcrumbList","@id":"https:\/\/legrandcontinent.eu\/es\/2026\/04\/09\/trump-ultimatum-europeos-estrecho-ormuz\/#breadcrumb","itemListElement":[{"@type":"ListItem","position":1,"name":"Home","item":"https:\/\/legrandcontinent.eu\/es\/"},{"@type":"ListItem","position":2,"name":"Trump lanza un ultim\u00e1tum a los europeos para que desplieguen medios militares en el estrecho de Ormuz"}]},{"@type":"WebSite","@id":"https:\/\/legrandcontinent.eu\/es\/#website","url":"https:\/\/legrandcontinent.eu\/es\/","name":"El Grand Continent","description":"La escala pertinente","potentialAction":[{"@type":"SearchAction","target":{"@type":"EntryPoint","urlTemplate":"https:\/\/legrandcontinent.eu\/es\/?s={search_term_string}"},"query-input":{"@type":"PropertyValueSpecification","valueRequired":true,"valueName":"search_term_string"}}],"inLanguage":"es"},{"@type":"Person","@id":"https:\/\/legrandcontinent.eu\/es\/#\/schema\/person\/cdd782c93d4a9eda86ab19a8c01cdf5c","name":"florent","image":{"@type":"ImageObject","inLanguage":"es","@id":"https:\/\/legrandcontinent.eu\/es\/#\/schema\/person\/image\/","url":"https:\/\/secure.gravatar.com\/avatar\/0d38d78c90602daf39b309035cdac6bc?s=96&d=mm&r=g","contentUrl":"https:\/\/secure.gravatar.com\/avatar\/0d38d78c90602daf39b309035cdac6bc?s=96&d=mm&r=g","caption":"florent"}}]}},"lgc_categories":[{"id":1404,"name":"Ir\u00e1n: la guerra del cambio de r\u00e9gimen","slug":"iran-la-guerra-del-cambio-de-regimen"}],"lgc_author":null,"feature_image_summary":{"url":"https:\/\/legrandcontinent.eu\/es\/wp-content\/uploads\/sites\/2\/2026\/04\/SIPA_ap23010601_000002-scaled.jpg","width":2560,"height":1707,"alt":""},"feature_image_cover":null,"term_position_data":null,"_links":{"self":[{"href":"https:\/\/legrandcontinent.eu\/es\/wp-json\/wp\/v2\/posts\/95761","targetHints":{"allow":["GET"]}}],"collection":[{"href":"https:\/\/legrandcontinent.eu\/es\/wp-json\/wp\/v2\/posts"}],"about":[{"href":"https:\/\/legrandcontinent.eu\/es\/wp-json\/wp\/v2\/types\/post"}],"author":[{"embeddable":true,"href":"https:\/\/legrandcontinent.eu\/es\/wp-json\/wp\/v2\/users\/1366"}],"replies":[{"embeddable":true,"href":"https:\/\/legrandcontinent.eu\/es\/wp-json\/wp\/v2\/comments?post=95761"}],"version-history":[{"count":10,"href":"https:\/\/legrandcontinent.eu\/es\/wp-json\/wp\/v2\/posts\/95761\/revisions"}],"predecessor-version":[{"id":95773,"href":"https:\/\/legrandcontinent.eu\/es\/wp-json\/wp\/v2\/posts\/95761\/revisions\/95773"}],"wp:featuredmedia":[{"embeddable":true,"href":"https:\/\/legrandcontinent.eu\/es\/wp-json\/wp\/v2\/media\/95759"}],"wp:attachment":[{"href":"https:\/\/legrandcontinent.eu\/es\/wp-json\/wp\/v2\/media?parent=95761"}],"wp:term":[{"taxonomy":"category","embeddable":true,"href":"https:\/\/legrandcontinent.eu\/es\/wp-json\/wp\/v2\/categories?post=95761"},{"taxonomy":"post_tag","embeddable":true,"href":"https:\/\/legrandcontinent.eu\/es\/wp-json\/wp\/v2\/tags?post=95761"},{"taxonomy":"staff","embeddable":true,"href":"https:\/\/legrandcontinent.eu\/es\/wp-json\/wp\/v2\/staff?post=95761"},{"taxonomy":"editorial_format","embeddable":true,"href":"https:\/\/legrandcontinent.eu\/es\/wp-json\/wp\/v2\/editorial_format?post=95761"},{"taxonomy":"serie","embeddable":true,"href":"https:\/\/legrandcontinent.eu\/es\/wp-json\/wp\/v2\/serie?post=95761"},{"taxonomy":"audience","embeddable":true,"href":"https:\/\/legrandcontinent.eu\/es\/wp-json\/wp\/v2\/audience?post=95761"},{"taxonomy":"geo","embeddable":true,"href":"https:\/\/legrandcontinent.eu\/es\/wp-json\/wp\/v2\/geo?post=95761"}],"curies":[{"name":"wp","href":"https:\/\/api.w.org\/{rel}","templated":true}]}}