{"id":95390,"date":"2026-04-05T16:08:07","date_gmt":"2026-04-05T14:08:07","guid":{"rendered":"https:\/\/legrandcontinent.eu\/es\/?p=95390"},"modified":"2026-04-05T16:08:10","modified_gmt":"2026-04-05T14:08:10","slug":"un-empresario-estadounidense-y-evangelista-tecnologico-quiere-erigir-una-cruz-en-la-luna","status":"publish","type":"post","link":"https:\/\/legrandcontinent.eu\/es\/2026\/04\/05\/un-empresario-estadounidense-y-evangelista-tecnologico-quiere-erigir-una-cruz-en-la-luna\/","title":{"rendered":"Un empresario estadounidense y evangelista tecnol\u00f3gico quiere erigir una cruz en la Luna"},"content":{"rendered":"\n<p>No existe ninguna ley ni norma que defina lo que est\u00e1 permitido en la superficie de la Luna.<\/p>\n\n\n\n<p>Desde hace dos a\u00f1os, un empresario tecnol\u00f3gico y evangelista estadounidense, Justin Park, se ha fijado el objetivo de instalar una cruz met\u00e1lica de varios metros de altura en la Luna.<\/p>\n\n\n\n<ul class=\"wp-block-list\">\n<li>Park, que comenz\u00f3 su carrera en la NASA en 2008 antes de crear en 2012 Intergalactic Education, un proyecto educativo destinado a \u00absensibilizar al mundo sobre el espacio y la tecnolog\u00eda\u00bb, lanz\u00f3 en 2024 la coalici\u00f3n \u00abCross on the Moon\u00bb.<\/li>\n\n\n\n<li>A trav\u00e9s de ella, pretende recaudar fondos para crear, enviar e instalar una cruz en la Luna de aqu\u00ed a 2033, a\u00f1o que marcar\u00e1 para los cristianos los 2000 a\u00f1os de la muerte y resurrecci\u00f3n de Cristo.<\/li>\n<\/ul>\n\n\n\n<figure class=\"wp-block-embed is-type-video is-provider-youtube wp-block-embed-youtube\"><div class=\"wp-block-embed__wrapper\">\n<iframe loading=\"lazy\" title=\"Cross on the Moon Coalition Trailer\" width=\"1778\" height=\"1000\" src=\"https:\/\/www.youtube.com\/embed\/NkoJqcfAn64?feature=oembed\" frameborder=\"0\" allow=\"accelerometer; autoplay; clipboard-write; encrypted-media; gyroscope; picture-in-picture; web-share\" referrerpolicy=\"strict-origin-when-cross-origin\" allowfullscreen><\/iframe>\n<\/div><\/figure>\n\n\n\n<p>El proyecto tiene dificultades para despegar. Durante su primer a\u00f1o, la Coalici\u00f3n s\u00f3lo recaud\u00f3 227.000 d\u00f3lares de los 40 millones previstos inicialmente. Park inici\u00f3 el a\u00f1o pasado \u00abun viaje de 386.000 kil\u00f3metros por todo el mundo para dar a conocer su misi\u00f3n\u00bb. Tambi\u00e9n se ha dirigido a miembros del Congreso y a organizaciones cat\u00f3licas&nbsp;<span class='whitespace-nowrap'><span id='easy-footnote-1-95390' class='easy-footnote-margin-adjust'><\/span><span class='easy-footnote'><a href='https:\/\/legrandcontinent.eu\/es\/2026\/04\/05\/un-empresario-estadounidense-y-evangelista-tecnologico-quiere-erigir-una-cruz-en-la-luna\/#easy-footnote-bottom-1-95390' title='Joey Roulette, \u00ab\u00a0&lt;a href=&quot;https:\/\/www.reuters.com\/technology\/space\/moon-cargo-like-human-ashes-drink-containers-sparks-legal-debate-2024-02-06\/&quot;&gt;Plans to ship human ashes, drink container to Moon spark legal debate&lt;\/a&gt;\u00a0\u00bb,\u00a0&lt;em&gt;Reuters&lt;\/em&gt;, 7 de febrero de 2024.'><sup>1<\/sup><\/a><\/span><\/span>.<\/p>\n\n\n\n<ul class=\"wp-block-list\">\n<li>Aunque la organizaci\u00f3n cuenta con algunas donaciones, realizadas en bitcoins a trav\u00e9s de un monedero p\u00fablico \u201450 d\u00f3lares donados por la Iglesia mormona, 1.000 d\u00f3lares por la Iglesia de San Esteban M\u00e1rtir, en Washington, y varias donaciones de particulares&nbsp;<span class='whitespace-nowrap'><span id='easy-footnote-2-95390' class='easy-footnote-margin-adjust'><\/span><span class='easy-footnote'><a href='https:\/\/legrandcontinent.eu\/es\/2026\/04\/05\/un-empresario-estadounidense-y-evangelista-tecnologico-quiere-erigir-una-cruz-en-la-luna\/#easy-footnote-bottom-2-95390' title='&lt;a href=&quot;https:\/\/mooncross.org\/treasury\/&quot;&gt;The Coalition\u2019s Public Treasury&lt;\/a&gt;\u00a0[Consultado el 3 de abril de 2026].'><sup>2<\/sup><\/a><\/span><\/span>\u2014, el objetivo sigue pareciendo lejano.<\/li>\n\n\n\n<li>Inspirado por el mundo de la tecnolog\u00eda y por el modelo de las sociedades de inversi\u00f3n de capital riesgo, Park intent\u00f3 solicitar financiaci\u00f3n a Peter Thiel en septiembre acudiendo a\u00a0<a href=\"https:\/\/legrandcontinent.eu\/es\/2025\/09\/29\/peter-thiel-notas-secretas-del-seminario-sobre-el-anticristo\/\">su seminario privado<\/a>\u00a0celebrado en San Francisco.<\/li>\n\n\n\n<li>Al parecer, Thiel no habr\u00eda dado \u2014por el momento\u2014 curso a la presentaci\u00f3n de Park. No obstante, este pudo hablar de la Coalici\u00f3n en el San Francisco Standard, un peri\u00f3dico digital que cubre principalmente la actualidad de la bah\u00eda, lo que proporcion\u00f3 al proyecto una cobertura medi\u00e1tica hasta entonces escasa&nbsp;<span class='whitespace-nowrap'><span id='easy-footnote-3-95390' class='easy-footnote-margin-adjust'><\/span><span class='easy-footnote'><a href='https:\/\/legrandcontinent.eu\/es\/2026\/04\/05\/un-empresario-estadounidense-y-evangelista-tecnologico-quiere-erigir-una-cruz-en-la-luna\/#easy-footnote-bottom-3-95390' title='Garrett Leahy, \u00ab\u00a0&lt;a href=&quot;https:\/\/sfstandard.com\/2025\/09\/27\/cross-on-moon-justin-park-peter-thiel\/&quot;&gt;He aims to put a cross on the moon. He\u2019s asking Peter Thiel to pay for it&lt;\/a&gt;\u00a0\u00bb,\u00a0&lt;em&gt;The San Francisco Standard&lt;\/em&gt;, 27 de septiembre de 2025.'><sup>3<\/sup><\/a><\/span><\/span>.<\/li>\n<\/ul>\n\n\n\n<p>Aunque inicialmente se hab\u00eda pensado que la cruz midiera 1.000 metros de altura \u2014lo que la habr\u00eda convertido en la estructura artificial m\u00e1s alta del sistema solar\u2014, las limitaciones atmosf\u00e9ricas implicar\u00edan una inversi\u00f3n de varios miles de millones de d\u00f3lares. S\u00f3lo los \u00abbrazos\u00bb de la cruz se extender\u00edan a lo largo de 600 metros (lo que equivale a unos seis campos de f\u00fatbol).<\/p>\n\n\n\n<ul class=\"wp-block-list\">\n<li>Pero, seg\u00fan Park: \u00abPor desgracia, el coste no es un sacrificio que el mundo est\u00e9 dispuesto a asumir en este momento\u00bb[\u00ab\u00a0<a href=\"https:\/\/mailchi.mp\/mooncross\/lookingforangel?e=0d29486e10\">Looking for an Angel and Spreading the Good News<\/a>\u00a0\u00bb, Newsletter de la Cross on the Moon Coalition, 29 de septiembre de 2025.[\/note].<\/li>\n<\/ul>\n\n\n\n<ul class=\"wp-block-list\">\n<li>Por ello, la envergadura del proyecto se ha reducido dr\u00e1sticamente. En su configuraci\u00f3n actual, la cruz deber\u00eda medir unos 2 metros de altura.<\/li>\n\n\n\n<li>La coalici\u00f3n ha invertido hasta la fecha unos 30.000 d\u00f3lares para encargar la construcci\u00f3n de una maqueta a una empresa china con sede en Hong Kong, Apex Manufacturing.<\/li>\n<\/ul>\n\n\n\n<figure class=\"wp-block-embed is-type-video is-provider-youtube wp-block-embed-youtube\"><div class=\"wp-block-embed__wrapper\">\n<iframe loading=\"lazy\" title=\"Sheet Metal Miracle\" width=\"1778\" height=\"1000\" src=\"https:\/\/www.youtube.com\/embed\/iXakUayK128?feature=oembed\" frameborder=\"0\" allow=\"accelerometer; autoplay; clipboard-write; encrypted-media; gyroscope; picture-in-picture; web-share\" referrerpolicy=\"strict-origin-when-cross-origin\" allowfullscreen><\/iframe>\n<\/div><\/figure>\n\n\n\n<p>Aunque no reivindica ninguna proximidad con la administraci\u00f3n republicana, el lanzamiento del proyecto de Park coincide con la reelecci\u00f3n de Trump. Como\u00a0<a href=\"https:\/\/legrandcontinent.eu\/es\/2025\/01\/30\/mas-alla-de-musk-como-la-elite-tecnocesarista-quiere-reconstruir-estados-unidos\/\">detallaba Alessandro Aresu en enero de 2025<\/a>, la \u00e9lite tecnocesarista que se ha beneficiado de su regreso al poder afirma querer aprovechar el segundo mandato de Trump para \u00abreconstruir Am\u00e9rica\u00bb.<\/p>\n\n\n\n<ul class=\"wp-block-list\">\n<li>Este proyecto pasa tanto por una creciente digitalizaci\u00f3n de las estructuras del Estado federal, llevada a cabo en colaboraci\u00f3n con empresas como Palantir y Oracle, como por la voluntad de traer de vuelta f\u00e1bricas y otros centros de producci\u00f3n a Estados Unidos, pero tambi\u00e9n por una ambici\u00f3n civilizacional que se centra actualmente en la capital federal: la destrucci\u00f3n del ala este de la Casa Blanca, la inscripci\u00f3n del nombre de Donald J. Trump en edificios federales, pero tambi\u00e9n a trav\u00e9s del proyecto de construcci\u00f3n de un nuevo estadio para el equipo de f\u00fatbol americano de los Washington Commanders en estilo neocl\u00e1sico.<\/li>\n<\/ul>\n\n\n\n<ul class=\"wp-block-list\">\n<li>El designio de la \u00e9lite trumpista podr\u00eda, sin embargo, ir m\u00e1s all\u00e1 de la mera capital.<\/li>\n\n\n\n<li>En enero, Elon Musk hab\u00eda manifestado su inter\u00e9s por financiar la construcci\u00f3n de una estatua de unos cien metros, bautizada como \u00ab<em>The Guardian of Liberty<\/em>\u00bb, cuya maqueta fue realizada por el taller Missor, una empresa francesa fundada en Niza.<\/li>\n<\/ul>\n\n\n\n<figure class=\"wp-block-embed is-type-rich is-provider-twitter wp-block-embed-twitter\"><div class=\"wp-block-embed__wrapper\">\n<blockquote class=\"twitter-tweet\" data-width=\"550\" data-dnt=\"true\"><p lang=\"en\" dir=\"ltr\">We\u2019re back in SF, this time with our microscopic scale model of the Guardian of Liberty. <br><br>Once built, it will be the tallest statue in the West! <br><br>We are seeking investors to walk by our side in this endeavor. <a href=\"https:\/\/t.co\/1SlKK3jMI0\">pic.twitter.com\/1SlKK3jMI0<\/a><\/p>&mdash; Atelier Missor (@AtelierMissor_) <a href=\"https:\/\/twitter.com\/AtelierMissor_\/status\/2011625483470074344?ref_src=twsrc%5Etfw\">January 15, 2026<\/a><\/blockquote><script async src=\"https:\/\/platform.twitter.com\/widgets.js\" charset=\"utf-8\"><\/script>\n<\/div><\/figure>\n\n\n\n<p>El proyecto de Park tambi\u00e9n podr\u00eda beneficiarse de este entusiasmo. Tras participar en enero en la Marcha por la Vida, una manifestaci\u00f3n anual contra el aborto organizada por la orden de los Caballeros de Col\u00f3n, durante la cual habr\u00eda contribuido a \u00abgarantizar la seguridad\u00bb de J.D. Vance, Justin Park acudir\u00e1 el 17 de mayo al \u00abJubileo nacional de oraci\u00f3n, alabanza y acci\u00f3n de gracias\u00bb, en Washington D.C., cuya celebraci\u00f3n ha sido anunciada por Trump.<\/p>\n","protected":false},"excerpt":{"rendered":"<p>En Estados Unidos, el empresario tecnol\u00f3gico y evangelista Justin Park puso en marcha en 2024 una coalici\u00f3n para construir una cruz de varios metros de altura en la superficie de la Luna.<\/p>\n","protected":false},"author":1366,"featured_media":95389,"comment_status":"closed","ping_status":"closed","sticky":false,"template":"templates\/post-briefings.php","format":"standard","meta":{"_acf_changed":true,"_trash_the_other_posts":false,"_yoast_wpseo_estimated-reading-time-minutes":4,"footnotes":""},"categories":[292],"tags":[],"staff":[],"editorial_format":[1424],"serie":[],"audience":[],"geo":[172],"class_list":["post-95390","post","type-post","status-publish","format-standard","hentry","category-religion","editorial_format-briefings","geo-americas"],"acf":{"open_in_webview":false,"accent":"default"},"yoast_head":"<!-- This site is optimized with the Yoast SEO plugin v26.1.1 - https:\/\/yoast.com\/wordpress\/plugins\/seo\/ -->\n<title>Un empresario estadounidense, evangelista de la tecnolog\u00eda, quiere colocar una cruz en la Luna<\/title>\n<meta name=\"robots\" content=\"index, follow, max-snippet:-1, max-image-preview:large, max-video-preview:-1\" \/>\n<link rel=\"canonical\" href=\"https:\/\/legrandcontinent.eu\/es\/2026\/04\/05\/un-empresario-estadounidense-y-evangelista-tecnologico-quiere-erigir-una-cruz-en-la-luna\/\" \/>\n<meta property=\"og:locale\" content=\"es_ES\" \/>\n<meta property=\"og:type\" content=\"article\" \/>\n<meta property=\"og:title\" content=\"Un empresario estadounidense, evangelista de la tecnolog\u00eda, quiere colocar una cruz en la Luna\" \/>\n<meta property=\"og:description\" content=\"En Estados Unidos, el empresario tecnol\u00f3gico y evangelista Justin Park puso en marcha en 2024 una coalici\u00f3n para construir una cruz de varios metros de altura en la superficie de la Luna.\" \/>\n<meta property=\"og:url\" content=\"https:\/\/legrandcontinent.eu\/es\/2026\/04\/05\/un-empresario-estadounidense-y-evangelista-tecnologico-quiere-erigir-una-cruz-en-la-luna\/\" \/>\n<meta property=\"og:site_name\" content=\"El Grand Continent\" \/>\n<meta property=\"article:published_time\" content=\"2026-04-05T14:08:07+00:00\" \/>\n<meta property=\"article:modified_time\" content=\"2026-04-05T14:08:10+00:00\" \/>\n<meta property=\"og:image\" content=\"https:\/\/legrandcontinent.eu\/es\/wp-content\/uploads\/sites\/6\/2026\/04\/gc-elcruz-scaled.jpg\" \/>\n\t<meta property=\"og:image:width\" content=\"2560\" \/>\n\t<meta property=\"og:image:height\" content=\"1440\" \/>\n\t<meta property=\"og:image:type\" content=\"image\/jpeg\" \/>\n<meta name=\"author\" content=\"florent\" \/>\n<meta name=\"twitter:card\" content=\"summary_large_image\" \/>\n<meta name=\"twitter:image\" content=\"https:\/\/legrandcontinent.eu\/es\/wp-content\/uploads\/sites\/6\/2026\/04\/gc-elcruz-scaled.jpg\" \/>\n<meta name=\"twitter:label1\" content=\"Escrito por\" \/>\n\t<meta name=\"twitter:data1\" content=\"florent\" \/>\n\t<meta name=\"twitter:label2\" content=\"Tiempo de lectura\" \/>\n\t<meta name=\"twitter:data2\" content=\"4 minutos\" \/>\n<script type=\"application\/ld+json\" class=\"yoast-schema-graph\">{\"@context\":\"https:\/\/schema.org\",\"@graph\":[{\"@type\":\"WebPage\",\"@id\":\"https:\/\/legrandcontinent.eu\/es\/2026\/04\/05\/un-empresario-estadounidense-y-evangelista-tecnologico-quiere-erigir-una-cruz-en-la-luna\/\",\"url\":\"https:\/\/legrandcontinent.eu\/es\/2026\/04\/05\/un-empresario-estadounidense-y-evangelista-tecnologico-quiere-erigir-una-cruz-en-la-luna\/\",\"name\":\"Un empresario estadounidense, evangelista de la tecnolog\u00eda, quiere colocar una cruz en la Luna\",\"isPartOf\":{\"@id\":\"https:\/\/legrandcontinent.eu\/es\/#website\"},\"primaryImageOfPage\":{\"@id\":\"https:\/\/legrandcontinent.eu\/es\/2026\/04\/05\/un-empresario-estadounidense-y-evangelista-tecnologico-quiere-erigir-una-cruz-en-la-luna\/#primaryimage\"},\"image\":{\"@id\":\"https:\/\/legrandcontinent.eu\/es\/2026\/04\/05\/un-empresario-estadounidense-y-evangelista-tecnologico-quiere-erigir-una-cruz-en-la-luna\/#primaryimage\"},\"thumbnailUrl\":\"https:\/\/legrandcontinent.eu\/es\/wp-content\/uploads\/sites\/2\/2026\/04\/Capture-decran-2026-04-05-a-15.05.03.png\",\"datePublished\":\"2026-04-05T14:08:07+00:00\",\"dateModified\":\"2026-04-05T14:08:10+00:00\",\"author\":{\"@id\":\"https:\/\/legrandcontinent.eu\/es\/#\/schema\/person\/cdd782c93d4a9eda86ab19a8c01cdf5c\"},\"breadcrumb\":{\"@id\":\"https:\/\/legrandcontinent.eu\/es\/2026\/04\/05\/un-empresario-estadounidense-y-evangelista-tecnologico-quiere-erigir-una-cruz-en-la-luna\/#breadcrumb\"},\"inLanguage\":\"es\",\"potentialAction\":[{\"@type\":\"ReadAction\",\"target\":[\"https:\/\/legrandcontinent.eu\/es\/2026\/04\/05\/un-empresario-estadounidense-y-evangelista-tecnologico-quiere-erigir-una-cruz-en-la-luna\/\"]}]},{\"@type\":\"ImageObject\",\"inLanguage\":\"es\",\"@id\":\"https:\/\/legrandcontinent.eu\/es\/2026\/04\/05\/un-empresario-estadounidense-y-evangelista-tecnologico-quiere-erigir-una-cruz-en-la-luna\/#primaryimage\",\"url\":\"https:\/\/legrandcontinent.eu\/es\/wp-content\/uploads\/sites\/2\/2026\/04\/Capture-decran-2026-04-05-a-15.05.03.png\",\"contentUrl\":\"https:\/\/legrandcontinent.eu\/es\/wp-content\/uploads\/sites\/2\/2026\/04\/Capture-decran-2026-04-05-a-15.05.03.png\",\"width\":1154,\"height\":642},{\"@type\":\"BreadcrumbList\",\"@id\":\"https:\/\/legrandcontinent.eu\/es\/2026\/04\/05\/un-empresario-estadounidense-y-evangelista-tecnologico-quiere-erigir-una-cruz-en-la-luna\/#breadcrumb\",\"itemListElement\":[{\"@type\":\"ListItem\",\"position\":1,\"name\":\"Home\",\"item\":\"https:\/\/legrandcontinent.eu\/es\/\"},{\"@type\":\"ListItem\",\"position\":2,\"name\":\"Un empresario estadounidense y evangelista tecnol\u00f3gico quiere erigir una cruz en la Luna\"}]},{\"@type\":\"WebSite\",\"@id\":\"https:\/\/legrandcontinent.eu\/es\/#website\",\"url\":\"https:\/\/legrandcontinent.eu\/es\/\",\"name\":\"El Grand Continent\",\"description\":\"La escala pertinente\",\"potentialAction\":[{\"@type\":\"SearchAction\",\"target\":{\"@type\":\"EntryPoint\",\"urlTemplate\":\"https:\/\/legrandcontinent.eu\/es\/?s={search_term_string}\"},\"query-input\":{\"@type\":\"PropertyValueSpecification\",\"valueRequired\":true,\"valueName\":\"search_term_string\"}}],\"inLanguage\":\"es\"},{\"@type\":\"Person\",\"@id\":\"https:\/\/legrandcontinent.eu\/es\/#\/schema\/person\/cdd782c93d4a9eda86ab19a8c01cdf5c\",\"name\":\"florent\",\"image\":{\"@type\":\"ImageObject\",\"inLanguage\":\"es\",\"@id\":\"https:\/\/legrandcontinent.eu\/es\/#\/schema\/person\/image\/\",\"url\":\"https:\/\/secure.gravatar.com\/avatar\/0d38d78c90602daf39b309035cdac6bc?s=96&d=mm&r=g\",\"contentUrl\":\"https:\/\/secure.gravatar.com\/avatar\/0d38d78c90602daf39b309035cdac6bc?s=96&d=mm&r=g\",\"caption\":\"florent\"}}]}<\/script>\n<!-- \/ Yoast SEO plugin. -->","yoast_head_json":{"title":"Un empresario estadounidense, evangelista de la tecnolog\u00eda, quiere colocar una cruz en la Luna","robots":{"index":"index","follow":"follow","max-snippet":"max-snippet:-1","max-image-preview":"max-image-preview:large","max-video-preview":"max-video-preview:-1"},"canonical":"https:\/\/legrandcontinent.eu\/es\/2026\/04\/05\/un-empresario-estadounidense-y-evangelista-tecnologico-quiere-erigir-una-cruz-en-la-luna\/","og_locale":"es_ES","og_type":"article","og_title":"Un empresario estadounidense, evangelista de la tecnolog\u00eda, quiere colocar una cruz en la Luna","og_description":"En Estados Unidos, el empresario tecnol\u00f3gico y evangelista Justin Park puso en marcha en 2024 una coalici\u00f3n para construir una cruz de varios metros de altura en la superficie de la Luna.","og_url":"https:\/\/legrandcontinent.eu\/es\/2026\/04\/05\/un-empresario-estadounidense-y-evangelista-tecnologico-quiere-erigir-una-cruz-en-la-luna\/","og_site_name":"El Grand Continent","article_published_time":"2026-04-05T14:08:07+00:00","article_modified_time":"2026-04-05T14:08:10+00:00","og_image":[{"width":2560,"height":1440,"url":"https:\/\/legrandcontinent.eu\/es\/wp-content\/uploads\/sites\/6\/2026\/04\/gc-elcruz-scaled.jpg","type":"image\/jpeg"}],"author":"florent","twitter_card":"summary_large_image","twitter_image":"https:\/\/legrandcontinent.eu\/es\/wp-content\/uploads\/sites\/6\/2026\/04\/gc-elcruz-scaled.jpg","twitter_misc":{"Escrito por":"florent","Tiempo de lectura":"4 minutos"},"schema":{"@context":"https:\/\/schema.org","@graph":[{"@type":"WebPage","@id":"https:\/\/legrandcontinent.eu\/es\/2026\/04\/05\/un-empresario-estadounidense-y-evangelista-tecnologico-quiere-erigir-una-cruz-en-la-luna\/","url":"https:\/\/legrandcontinent.eu\/es\/2026\/04\/05\/un-empresario-estadounidense-y-evangelista-tecnologico-quiere-erigir-una-cruz-en-la-luna\/","name":"Un empresario estadounidense, evangelista de la tecnolog\u00eda, quiere colocar una cruz en la Luna","isPartOf":{"@id":"https:\/\/legrandcontinent.eu\/es\/#website"},"primaryImageOfPage":{"@id":"https:\/\/legrandcontinent.eu\/es\/2026\/04\/05\/un-empresario-estadounidense-y-evangelista-tecnologico-quiere-erigir-una-cruz-en-la-luna\/#primaryimage"},"image":{"@id":"https:\/\/legrandcontinent.eu\/es\/2026\/04\/05\/un-empresario-estadounidense-y-evangelista-tecnologico-quiere-erigir-una-cruz-en-la-luna\/#primaryimage"},"thumbnailUrl":"https:\/\/legrandcontinent.eu\/es\/wp-content\/uploads\/sites\/2\/2026\/04\/Capture-decran-2026-04-05-a-15.05.03.png","datePublished":"2026-04-05T14:08:07+00:00","dateModified":"2026-04-05T14:08:10+00:00","author":{"@id":"https:\/\/legrandcontinent.eu\/es\/#\/schema\/person\/cdd782c93d4a9eda86ab19a8c01cdf5c"},"breadcrumb":{"@id":"https:\/\/legrandcontinent.eu\/es\/2026\/04\/05\/un-empresario-estadounidense-y-evangelista-tecnologico-quiere-erigir-una-cruz-en-la-luna\/#breadcrumb"},"inLanguage":"es","potentialAction":[{"@type":"ReadAction","target":["https:\/\/legrandcontinent.eu\/es\/2026\/04\/05\/un-empresario-estadounidense-y-evangelista-tecnologico-quiere-erigir-una-cruz-en-la-luna\/"]}]},{"@type":"ImageObject","inLanguage":"es","@id":"https:\/\/legrandcontinent.eu\/es\/2026\/04\/05\/un-empresario-estadounidense-y-evangelista-tecnologico-quiere-erigir-una-cruz-en-la-luna\/#primaryimage","url":"https:\/\/legrandcontinent.eu\/es\/wp-content\/uploads\/sites\/2\/2026\/04\/Capture-decran-2026-04-05-a-15.05.03.png","contentUrl":"https:\/\/legrandcontinent.eu\/es\/wp-content\/uploads\/sites\/2\/2026\/04\/Capture-decran-2026-04-05-a-15.05.03.png","width":1154,"height":642},{"@type":"BreadcrumbList","@id":"https:\/\/legrandcontinent.eu\/es\/2026\/04\/05\/un-empresario-estadounidense-y-evangelista-tecnologico-quiere-erigir-una-cruz-en-la-luna\/#breadcrumb","itemListElement":[{"@type":"ListItem","position":1,"name":"Home","item":"https:\/\/legrandcontinent.eu\/es\/"},{"@type":"ListItem","position":2,"name":"Un empresario estadounidense y evangelista tecnol\u00f3gico quiere erigir una cruz en la Luna"}]},{"@type":"WebSite","@id":"https:\/\/legrandcontinent.eu\/es\/#website","url":"https:\/\/legrandcontinent.eu\/es\/","name":"El Grand Continent","description":"La escala pertinente","potentialAction":[{"@type":"SearchAction","target":{"@type":"EntryPoint","urlTemplate":"https:\/\/legrandcontinent.eu\/es\/?s={search_term_string}"},"query-input":{"@type":"PropertyValueSpecification","valueRequired":true,"valueName":"search_term_string"}}],"inLanguage":"es"},{"@type":"Person","@id":"https:\/\/legrandcontinent.eu\/es\/#\/schema\/person\/cdd782c93d4a9eda86ab19a8c01cdf5c","name":"florent","image":{"@type":"ImageObject","inLanguage":"es","@id":"https:\/\/legrandcontinent.eu\/es\/#\/schema\/person\/image\/","url":"https:\/\/secure.gravatar.com\/avatar\/0d38d78c90602daf39b309035cdac6bc?s=96&d=mm&r=g","contentUrl":"https:\/\/secure.gravatar.com\/avatar\/0d38d78c90602daf39b309035cdac6bc?s=96&d=mm&r=g","caption":"florent"}}]}},"lgc_categories":[{"id":292,"name":"Religi\u00f3n","slug":"religion"}],"lgc_author":null,"feature_image_summary":{"url":"https:\/\/legrandcontinent.eu\/es\/wp-content\/uploads\/sites\/2\/2026\/04\/Capture-decran-2026-04-05-a-15.05.03.png","width":1154,"height":642,"alt":""},"feature_image_cover":null,"term_position_data":null,"_links":{"self":[{"href":"https:\/\/legrandcontinent.eu\/es\/wp-json\/wp\/v2\/posts\/95390","targetHints":{"allow":["GET"]}}],"collection":[{"href":"https:\/\/legrandcontinent.eu\/es\/wp-json\/wp\/v2\/posts"}],"about":[{"href":"https:\/\/legrandcontinent.eu\/es\/wp-json\/wp\/v2\/types\/post"}],"author":[{"embeddable":true,"href":"https:\/\/legrandcontinent.eu\/es\/wp-json\/wp\/v2\/users\/1366"}],"replies":[{"embeddable":true,"href":"https:\/\/legrandcontinent.eu\/es\/wp-json\/wp\/v2\/comments?post=95390"}],"version-history":[{"count":5,"href":"https:\/\/legrandcontinent.eu\/es\/wp-json\/wp\/v2\/posts\/95390\/revisions"}],"predecessor-version":[{"id":95396,"href":"https:\/\/legrandcontinent.eu\/es\/wp-json\/wp\/v2\/posts\/95390\/revisions\/95396"}],"wp:featuredmedia":[{"embeddable":true,"href":"https:\/\/legrandcontinent.eu\/es\/wp-json\/wp\/v2\/media\/95389"}],"wp:attachment":[{"href":"https:\/\/legrandcontinent.eu\/es\/wp-json\/wp\/v2\/media?parent=95390"}],"wp:term":[{"taxonomy":"category","embeddable":true,"href":"https:\/\/legrandcontinent.eu\/es\/wp-json\/wp\/v2\/categories?post=95390"},{"taxonomy":"post_tag","embeddable":true,"href":"https:\/\/legrandcontinent.eu\/es\/wp-json\/wp\/v2\/tags?post=95390"},{"taxonomy":"staff","embeddable":true,"href":"https:\/\/legrandcontinent.eu\/es\/wp-json\/wp\/v2\/staff?post=95390"},{"taxonomy":"editorial_format","embeddable":true,"href":"https:\/\/legrandcontinent.eu\/es\/wp-json\/wp\/v2\/editorial_format?post=95390"},{"taxonomy":"serie","embeddable":true,"href":"https:\/\/legrandcontinent.eu\/es\/wp-json\/wp\/v2\/serie?post=95390"},{"taxonomy":"audience","embeddable":true,"href":"https:\/\/legrandcontinent.eu\/es\/wp-json\/wp\/v2\/audience?post=95390"},{"taxonomy":"geo","embeddable":true,"href":"https:\/\/legrandcontinent.eu\/es\/wp-json\/wp\/v2\/geo?post=95390"}],"curies":[{"name":"wp","href":"https:\/\/api.w.org\/{rel}","templated":true}]}}