{"id":94314,"date":"2026-03-24T06:30:00","date_gmt":"2026-03-24T05:30:00","guid":{"rendered":"https:\/\/legrandcontinent.eu\/es\/?p=94314"},"modified":"2026-03-24T04:38:48","modified_gmt":"2026-03-24T03:38:48","slug":"el-ejercito-ruso-ha-lanzado-su-ofensiva-de-primavera","status":"publish","type":"post","link":"https:\/\/legrandcontinent.eu\/es\/2026\/03\/24\/el-ejercito-ruso-ha-lanzado-su-ofensiva-de-primavera\/","title":{"rendered":"El ej\u00e9rcito ruso ha lanzado su ofensiva de primavera"},"content":{"rendered":"\n<p>El pasado martes, 17 de marzo, aprovechando una espesa niebla en el sureste de Ucrania, el ej\u00e9rcito ruso lanz\u00f3 su ofensiva de primavera \u2014para la que los ucranianos llevaban prepar\u00e1ndose varios meses\u2014 en tres sectores principales del frente repartidos por las regiones de Donetsk y Zaporizhia: Pokrovsk, Dobropillia y Huliaipole.&nbsp;<span class='whitespace-nowrap'><span id='easy-footnote-1-94314' class='easy-footnote-margin-adjust'><\/span><span class='easy-footnote'><a href='https:\/\/legrandcontinent.eu\/es\/2026\/03\/24\/el-ejercito-ruso-ha-lanzado-su-ofensiva-de-primavera\/#easy-footnote-bottom-1-94314' title='&lt;a href=&quot;https:\/\/t.me\/robert_magyar\/2099&quot;&gt;Publicaci\u00f3n en Telegram de \u041c\u0410\u0414\u042fP&lt;\/a&gt;, 18 de marzo de 2026.'><sup>1<\/sup><\/a><\/span><\/span><\/p>\n\n\n\n<ul class=\"wp-block-list\">\n<li>Como cada a\u00f1o, Mosc\u00fa concentra sus fuerzas a principios de primavera y aprovecha las temperaturas m\u00e1s benignas para intensificar sus ataques.<\/li>\n\n\n\n<li>La disminuci\u00f3n de la atenci\u00f3n diplom\u00e1tica, que se ha desplazado hacia Medio Oriente, tambi\u00e9n ha podido contribuir a este nuevo esfuerzo ofensivo.<\/li>\n<\/ul>\n\n\n\n<div class=\"iframe-container wp-block-image wp-block-image-medium  iframe-dw\">\n\t<div>\n\t\t<iframe class=\"absolute w-full h-full pin-t pin-l\" title=\"titolo\" aria-label=\"Interactive line chart\" src=\"\/\/datawrapper.dwcdn.net\/xcxSH\/\" scrolling=\"no\" frameborder=\"0\"><\/iframe>\n\t<\/div>\n<\/div>\n\n\n\n<p>El comandante en jefe de las Fuerzas Armadas de Ucrania, Oleksandr Syrskyi, declar\u00f3 ayer, lunes 23 de marzo, que Mosc\u00fa hab\u00eda llevado a cabo 619 ataques en cuatro d\u00edas, lo que supone un ritmo m\u00e1s sostenido que en las semanas anteriores.&nbsp;<span class='whitespace-nowrap'><span id='easy-footnote-2-94314' class='easy-footnote-margin-adjust'><\/span><span class='easy-footnote'><a href='https:\/\/legrandcontinent.eu\/es\/2026\/03\/24\/el-ejercito-ruso-ha-lanzado-su-ofensiva-de-primavera\/#easy-footnote-bottom-2-94314' title='&lt;a href=&quot;https:\/\/t.me\/osirskiy\/1412&quot;&gt;Publicaci\u00f3n en Telegram de \u0421\u0418\u0420\u0421\u042c\u041a\u0418\u0419&lt;\/a&gt;, 23 de marzo de 2026.'><sup>2<\/sup><\/a><\/span><\/span> A pesar de la mala visibilidad, que merma la capacidad de los drones, Kiev afirma haber logrado repeler en gran medida los ataques rusos, causando m\u00e1s de 6.000 bajas en las filas del ej\u00e9rcito en el espacio de cuatro d\u00edas.<\/p>\n\n\n\n<p>La ofensiva rusa \u00abde primavera\u00bb \u2014que, de hecho, deber\u00eda aumentar en intensidad hasta el verano\u2014 parece dirigirse principalmente contra el cintur\u00f3n de fortalezas ucranianas en la regi\u00f3n de Donetsk.<\/p>\n\n\n\n<ul class=\"wp-block-list\">\n<li>Este \u00abcintur\u00f3n\u00bb est\u00e1 compuesto por los \u00faltimos bastiones del Donb\u00e1s que siguen bajo el control de Kiev, tras m\u00e1s de cuatro a\u00f1os de guerra de alta intensidad: Sloviansk, Kramatorsk y Kostyantynivka.<\/li>\n\n\n\n<li>Con el fin de intentar avanzar en estas direcciones, el ej\u00e9rcito ruso habr\u00eda llevado a cabo varios asaltos mecanizados en los \u00faltimos d\u00edas, un hecho que se ha vuelto poco habitual debido a la amenaza que suponen los drones.<\/li>\n\n\n\n<li>As\u00ed, Mosc\u00fa lanz\u00f3 un asalto con veh\u00edculos pesados, blindados y todoterreno el 19 de marzo en direcci\u00f3n a Lyman, a unos 20 kil\u00f3metros al noreste de Sloviansk, y contra la propia Sloviansk el domingo 22 de marzo.&nbsp;<span class='whitespace-nowrap'><span id='easy-footnote-3-94314' class='easy-footnote-margin-adjust'><\/span><span class='easy-footnote'><a href='https:\/\/legrandcontinent.eu\/es\/2026\/03\/24\/el-ejercito-ruso-ha-lanzado-su-ofensiva-de-primavera\/#easy-footnote-bottom-3-94314' title='&lt;a href=&quot;https:\/\/understandingwar.org\/research\/russia-ukraine\/russian-offensive-campaign-assessment-march-21-2026\/&quot;&gt;Russian Offensive Campaign Assessment, March 21, 2026, Institute for the Study of War&lt;\/a&gt;.'><sup>3<\/sup><\/a><\/span><\/span><\/li>\n<\/ul>\n\n\n\n<div class=\"iframe-container wp-block-image wp-block-image-medium  iframe-dw\">\n\t<div>\n\t\t<iframe class=\"absolute w-full h-full pin-t pin-l\" title=\"titolo\" aria-label=\"Interactive line chart\" src=\"\/\/datawrapper.dwcdn.net\/LYCII\/\" scrolling=\"no\" frameborder=\"0\"><\/iframe>\n\t<\/div>\n<\/div>\n\n\n\n<p>La ofensiva llega en un momento cr\u00edtico para el esfuerzo b\u00e9lico ruso en Ucrania, ya que el avance de Mosc\u00fa podr\u00eda alcanzar en marzo su nivel m\u00e1s bajo desde la primavera de 2024. Sin embargo, el ritmo de avance del ej\u00e9rcito ruso tiende a acelerarse a partir de abril, para alcanzar su punto \u00e1lgido a finales del verano o en oto\u00f1o.<\/p>\n","protected":false},"excerpt":{"rendered":"<p>Kiev ha registrado m\u00e1s de 600 ataques en tan solo cuatro d\u00edas en los principales sectores de las regiones de Donetsk y Zaporizhia. La ofensiva rusa de primavera, lanzada el 17 de marzo, parece tener como objetivo principal el cintur\u00f3n de fortalezas ucranianas en la regi\u00f3n de Donetsk.<\/p>\n","protected":false},"author":1366,"featured_media":94331,"comment_status":"closed","ping_status":"closed","sticky":false,"template":"templates\/post-briefings.php","format":"standard","meta":{"_acf_changed":true,"_trash_the_other_posts":false,"_yoast_wpseo_estimated-reading-time-minutes":2,"footnotes":""},"categories":[216],"tags":[],"staff":[],"editorial_format":[],"serie":[],"audience":[],"geo":[177],"class_list":["post-94314","post","type-post","status-publish","format-standard","hentry","category-la-guerra-en-ucrania-dia-a-dia","geo-europa"],"acf":{"open_in_webview":false,"accent":"default","_thumbnail_id":94331,"excerpt":"Kiev ha registrado m\u00e1s de 600 ataques en tan solo cuatro d\u00edas en los principales sectores de las regiones de Donetsk y Zaporizhia. La ofensiva rusa de primavera, lanzada el 17 de marzo, parece tener como objetivo principal el cintur\u00f3n de fortalezas ucranianas en la regi\u00f3n de Donetsk.","display_date":"","new_abstract":true},"yoast_head":"<!-- This site is optimized with the Yoast SEO plugin v26.1.1 - https:\/\/yoast.com\/wordpress\/plugins\/seo\/ -->\n<title>El ej\u00e9rcito ruso ha lanzado su ofensiva de primavera - El Grand Continent<\/title>\n<meta name=\"robots\" content=\"index, follow, max-snippet:-1, max-image-preview:large, max-video-preview:-1\" \/>\n<link rel=\"canonical\" href=\"https:\/\/legrandcontinent.eu\/es\/2026\/03\/24\/el-ejercito-ruso-ha-lanzado-su-ofensiva-de-primavera\/\" \/>\n<meta property=\"og:locale\" content=\"es_ES\" \/>\n<meta property=\"og:type\" content=\"article\" \/>\n<meta property=\"og:title\" content=\"El ej\u00e9rcito ruso ha lanzado su ofensiva de primavera - El Grand Continent\" \/>\n<meta property=\"og:description\" content=\"Kiev ha registrado m\u00e1s de 600 ataques en tan solo cuatro d\u00edas en los principales sectores de las regiones de Donetsk y Zaporizhia. La ofensiva rusa de primavera, lanzada el 17 de marzo, parece tener como objetivo principal el cintur\u00f3n de fortalezas ucranianas en la regi\u00f3n de Donetsk.\" \/>\n<meta property=\"og:url\" content=\"https:\/\/legrandcontinent.eu\/es\/2026\/03\/24\/el-ejercito-ruso-ha-lanzado-su-ofensiva-de-primavera\/\" \/>\n<meta property=\"og:site_name\" content=\"El Grand Continent\" \/>\n<meta property=\"article:published_time\" content=\"2026-03-24T05:30:00+00:00\" \/>\n<meta property=\"og:image\" content=\"https:\/\/legrandcontinent.eu\/es\/wp-content\/uploads\/sites\/6\/2026\/03\/LYCII-el-ejercito-ruso-ha-lanzado-su-ofensiva-de-primavera-.png\" \/>\n\t<meta property=\"og:image:width\" content=\"1040\" \/>\n\t<meta property=\"og:image:height\" content=\"870\" \/>\n\t<meta property=\"og:image:type\" content=\"image\/png\" \/>\n<meta name=\"author\" content=\"florent\" \/>\n<meta name=\"twitter:card\" content=\"summary_large_image\" \/>\n<meta name=\"twitter:label1\" content=\"Escrito por\" \/>\n\t<meta name=\"twitter:data1\" content=\"florent\" \/>\n\t<meta name=\"twitter:label2\" content=\"Tiempo de lectura\" \/>\n\t<meta name=\"twitter:data2\" content=\"2 minutos\" \/>\n<script type=\"application\/ld+json\" class=\"yoast-schema-graph\">{\"@context\":\"https:\/\/schema.org\",\"@graph\":[{\"@type\":\"WebPage\",\"@id\":\"https:\/\/legrandcontinent.eu\/es\/2026\/03\/24\/el-ejercito-ruso-ha-lanzado-su-ofensiva-de-primavera\/\",\"url\":\"https:\/\/legrandcontinent.eu\/es\/2026\/03\/24\/el-ejercito-ruso-ha-lanzado-su-ofensiva-de-primavera\/\",\"name\":\"El ej\u00e9rcito ruso ha lanzado su ofensiva de primavera - El Grand Continent\",\"isPartOf\":{\"@id\":\"https:\/\/legrandcontinent.eu\/es\/#website\"},\"primaryImageOfPage\":{\"@id\":\"https:\/\/legrandcontinent.eu\/es\/2026\/03\/24\/el-ejercito-ruso-ha-lanzado-su-ofensiva-de-primavera\/#primaryimage\"},\"image\":{\"@id\":\"https:\/\/legrandcontinent.eu\/es\/2026\/03\/24\/el-ejercito-ruso-ha-lanzado-su-ofensiva-de-primavera\/#primaryimage\"},\"thumbnailUrl\":\"https:\/\/legrandcontinent.eu\/es\/wp-content\/uploads\/sites\/6\/2026\/03\/LYCII-el-ejercito-ruso-ha-lanzado-su-ofensiva-de-primavera-.png\",\"datePublished\":\"2026-03-24T05:30:00+00:00\",\"author\":{\"@id\":\"https:\/\/legrandcontinent.eu\/es\/#\/schema\/person\/cdd782c93d4a9eda86ab19a8c01cdf5c\"},\"breadcrumb\":{\"@id\":\"https:\/\/legrandcontinent.eu\/es\/2026\/03\/24\/el-ejercito-ruso-ha-lanzado-su-ofensiva-de-primavera\/#breadcrumb\"},\"inLanguage\":\"es\",\"potentialAction\":[{\"@type\":\"ReadAction\",\"target\":[\"https:\/\/legrandcontinent.eu\/es\/2026\/03\/24\/el-ejercito-ruso-ha-lanzado-su-ofensiva-de-primavera\/\"]}]},{\"@type\":\"ImageObject\",\"inLanguage\":\"es\",\"@id\":\"https:\/\/legrandcontinent.eu\/es\/2026\/03\/24\/el-ejercito-ruso-ha-lanzado-su-ofensiva-de-primavera\/#primaryimage\",\"url\":\"https:\/\/legrandcontinent.eu\/es\/wp-content\/uploads\/sites\/6\/2026\/03\/LYCII-el-ejercito-ruso-ha-lanzado-su-ofensiva-de-primavera-.png\",\"contentUrl\":\"https:\/\/legrandcontinent.eu\/es\/wp-content\/uploads\/sites\/6\/2026\/03\/LYCII-el-ejercito-ruso-ha-lanzado-su-ofensiva-de-primavera-.png\",\"width\":1040,\"height\":870},{\"@type\":\"BreadcrumbList\",\"@id\":\"https:\/\/legrandcontinent.eu\/es\/2026\/03\/24\/el-ejercito-ruso-ha-lanzado-su-ofensiva-de-primavera\/#breadcrumb\",\"itemListElement\":[{\"@type\":\"ListItem\",\"position\":1,\"name\":\"Home\",\"item\":\"https:\/\/legrandcontinent.eu\/es\/\"},{\"@type\":\"ListItem\",\"position\":2,\"name\":\"El ej\u00e9rcito ruso ha lanzado su ofensiva de primavera\"}]},{\"@type\":\"WebSite\",\"@id\":\"https:\/\/legrandcontinent.eu\/es\/#website\",\"url\":\"https:\/\/legrandcontinent.eu\/es\/\",\"name\":\"El Grand Continent\",\"description\":\"La escala pertinente\",\"potentialAction\":[{\"@type\":\"SearchAction\",\"target\":{\"@type\":\"EntryPoint\",\"urlTemplate\":\"https:\/\/legrandcontinent.eu\/es\/?s={search_term_string}\"},\"query-input\":{\"@type\":\"PropertyValueSpecification\",\"valueRequired\":true,\"valueName\":\"search_term_string\"}}],\"inLanguage\":\"es\"},{\"@type\":\"Person\",\"@id\":\"https:\/\/legrandcontinent.eu\/es\/#\/schema\/person\/cdd782c93d4a9eda86ab19a8c01cdf5c\",\"name\":\"florent\",\"image\":{\"@type\":\"ImageObject\",\"inLanguage\":\"es\",\"@id\":\"https:\/\/legrandcontinent.eu\/es\/#\/schema\/person\/image\/\",\"url\":\"https:\/\/secure.gravatar.com\/avatar\/0d38d78c90602daf39b309035cdac6bc?s=96&d=mm&r=g\",\"contentUrl\":\"https:\/\/secure.gravatar.com\/avatar\/0d38d78c90602daf39b309035cdac6bc?s=96&d=mm&r=g\",\"caption\":\"florent\"}}]}<\/script>\n<!-- \/ Yoast SEO plugin. -->","yoast_head_json":{"title":"El ej\u00e9rcito ruso ha lanzado su ofensiva de primavera - El Grand Continent","robots":{"index":"index","follow":"follow","max-snippet":"max-snippet:-1","max-image-preview":"max-image-preview:large","max-video-preview":"max-video-preview:-1"},"canonical":"https:\/\/legrandcontinent.eu\/es\/2026\/03\/24\/el-ejercito-ruso-ha-lanzado-su-ofensiva-de-primavera\/","og_locale":"es_ES","og_type":"article","og_title":"El ej\u00e9rcito ruso ha lanzado su ofensiva de primavera - El Grand Continent","og_description":"Kiev ha registrado m\u00e1s de 600 ataques en tan solo cuatro d\u00edas en los principales sectores de las regiones de Donetsk y Zaporizhia. La ofensiva rusa de primavera, lanzada el 17 de marzo, parece tener como objetivo principal el cintur\u00f3n de fortalezas ucranianas en la regi\u00f3n de Donetsk.","og_url":"https:\/\/legrandcontinent.eu\/es\/2026\/03\/24\/el-ejercito-ruso-ha-lanzado-su-ofensiva-de-primavera\/","og_site_name":"El Grand Continent","article_published_time":"2026-03-24T05:30:00+00:00","og_image":[{"width":1040,"height":870,"url":"https:\/\/legrandcontinent.eu\/es\/wp-content\/uploads\/sites\/6\/2026\/03\/LYCII-el-ejercito-ruso-ha-lanzado-su-ofensiva-de-primavera-.png","type":"image\/png"}],"author":"florent","twitter_card":"summary_large_image","twitter_misc":{"Escrito por":"florent","Tiempo de lectura":"2 minutos"},"schema":{"@context":"https:\/\/schema.org","@graph":[{"@type":"WebPage","@id":"https:\/\/legrandcontinent.eu\/es\/2026\/03\/24\/el-ejercito-ruso-ha-lanzado-su-ofensiva-de-primavera\/","url":"https:\/\/legrandcontinent.eu\/es\/2026\/03\/24\/el-ejercito-ruso-ha-lanzado-su-ofensiva-de-primavera\/","name":"El ej\u00e9rcito ruso ha lanzado su ofensiva de primavera - El Grand Continent","isPartOf":{"@id":"https:\/\/legrandcontinent.eu\/es\/#website"},"primaryImageOfPage":{"@id":"https:\/\/legrandcontinent.eu\/es\/2026\/03\/24\/el-ejercito-ruso-ha-lanzado-su-ofensiva-de-primavera\/#primaryimage"},"image":{"@id":"https:\/\/legrandcontinent.eu\/es\/2026\/03\/24\/el-ejercito-ruso-ha-lanzado-su-ofensiva-de-primavera\/#primaryimage"},"thumbnailUrl":"https:\/\/legrandcontinent.eu\/es\/wp-content\/uploads\/sites\/6\/2026\/03\/LYCII-el-ejercito-ruso-ha-lanzado-su-ofensiva-de-primavera-.png","datePublished":"2026-03-24T05:30:00+00:00","author":{"@id":"https:\/\/legrandcontinent.eu\/es\/#\/schema\/person\/cdd782c93d4a9eda86ab19a8c01cdf5c"},"breadcrumb":{"@id":"https:\/\/legrandcontinent.eu\/es\/2026\/03\/24\/el-ejercito-ruso-ha-lanzado-su-ofensiva-de-primavera\/#breadcrumb"},"inLanguage":"es","potentialAction":[{"@type":"ReadAction","target":["https:\/\/legrandcontinent.eu\/es\/2026\/03\/24\/el-ejercito-ruso-ha-lanzado-su-ofensiva-de-primavera\/"]}]},{"@type":"ImageObject","inLanguage":"es","@id":"https:\/\/legrandcontinent.eu\/es\/2026\/03\/24\/el-ejercito-ruso-ha-lanzado-su-ofensiva-de-primavera\/#primaryimage","url":"https:\/\/legrandcontinent.eu\/es\/wp-content\/uploads\/sites\/6\/2026\/03\/LYCII-el-ejercito-ruso-ha-lanzado-su-ofensiva-de-primavera-.png","contentUrl":"https:\/\/legrandcontinent.eu\/es\/wp-content\/uploads\/sites\/6\/2026\/03\/LYCII-el-ejercito-ruso-ha-lanzado-su-ofensiva-de-primavera-.png","width":1040,"height":870},{"@type":"BreadcrumbList","@id":"https:\/\/legrandcontinent.eu\/es\/2026\/03\/24\/el-ejercito-ruso-ha-lanzado-su-ofensiva-de-primavera\/#breadcrumb","itemListElement":[{"@type":"ListItem","position":1,"name":"Home","item":"https:\/\/legrandcontinent.eu\/es\/"},{"@type":"ListItem","position":2,"name":"El ej\u00e9rcito ruso ha lanzado su ofensiva de primavera"}]},{"@type":"WebSite","@id":"https:\/\/legrandcontinent.eu\/es\/#website","url":"https:\/\/legrandcontinent.eu\/es\/","name":"El Grand Continent","description":"La escala pertinente","potentialAction":[{"@type":"SearchAction","target":{"@type":"EntryPoint","urlTemplate":"https:\/\/legrandcontinent.eu\/es\/?s={search_term_string}"},"query-input":{"@type":"PropertyValueSpecification","valueRequired":true,"valueName":"search_term_string"}}],"inLanguage":"es"},{"@type":"Person","@id":"https:\/\/legrandcontinent.eu\/es\/#\/schema\/person\/cdd782c93d4a9eda86ab19a8c01cdf5c","name":"florent","image":{"@type":"ImageObject","inLanguage":"es","@id":"https:\/\/legrandcontinent.eu\/es\/#\/schema\/person\/image\/","url":"https:\/\/secure.gravatar.com\/avatar\/0d38d78c90602daf39b309035cdac6bc?s=96&d=mm&r=g","contentUrl":"https:\/\/secure.gravatar.com\/avatar\/0d38d78c90602daf39b309035cdac6bc?s=96&d=mm&r=g","caption":"florent"}}]}},"lgc_categories":[{"id":216,"name":"La guerra en Ucrania d\u00eda a d\u00eda","slug":"la-guerra-en-ucrania-dia-a-dia"}],"lgc_author":null,"feature_image_summary":{"url":"https:\/\/legrandcontinent.eu\/es\/wp-content\/uploads\/sites\/6\/2026\/03\/LYCII-el-ejercito-ruso-ha-lanzado-su-ofensiva-de-primavera-.png","width":1040,"height":870,"alt":""},"feature_image_cover":null,"term_position_data":null,"_links":{"self":[{"href":"https:\/\/legrandcontinent.eu\/es\/wp-json\/wp\/v2\/posts\/94314","targetHints":{"allow":["GET"]}}],"collection":[{"href":"https:\/\/legrandcontinent.eu\/es\/wp-json\/wp\/v2\/posts"}],"about":[{"href":"https:\/\/legrandcontinent.eu\/es\/wp-json\/wp\/v2\/types\/post"}],"author":[{"embeddable":true,"href":"https:\/\/legrandcontinent.eu\/es\/wp-json\/wp\/v2\/users\/1366"}],"replies":[{"embeddable":true,"href":"https:\/\/legrandcontinent.eu\/es\/wp-json\/wp\/v2\/comments?post=94314"}],"version-history":[{"count":9,"href":"https:\/\/legrandcontinent.eu\/es\/wp-json\/wp\/v2\/posts\/94314\/revisions"}],"predecessor-version":[{"id":94336,"href":"https:\/\/legrandcontinent.eu\/es\/wp-json\/wp\/v2\/posts\/94314\/revisions\/94336"}],"wp:featuredmedia":[{"embeddable":true,"href":"https:\/\/legrandcontinent.eu\/es\/wp-json\/wp\/v2\/media\/94331"}],"wp:attachment":[{"href":"https:\/\/legrandcontinent.eu\/es\/wp-json\/wp\/v2\/media?parent=94314"}],"wp:term":[{"taxonomy":"category","embeddable":true,"href":"https:\/\/legrandcontinent.eu\/es\/wp-json\/wp\/v2\/categories?post=94314"},{"taxonomy":"post_tag","embeddable":true,"href":"https:\/\/legrandcontinent.eu\/es\/wp-json\/wp\/v2\/tags?post=94314"},{"taxonomy":"staff","embeddable":true,"href":"https:\/\/legrandcontinent.eu\/es\/wp-json\/wp\/v2\/staff?post=94314"},{"taxonomy":"editorial_format","embeddable":true,"href":"https:\/\/legrandcontinent.eu\/es\/wp-json\/wp\/v2\/editorial_format?post=94314"},{"taxonomy":"serie","embeddable":true,"href":"https:\/\/legrandcontinent.eu\/es\/wp-json\/wp\/v2\/serie?post=94314"},{"taxonomy":"audience","embeddable":true,"href":"https:\/\/legrandcontinent.eu\/es\/wp-json\/wp\/v2\/audience?post=94314"},{"taxonomy":"geo","embeddable":true,"href":"https:\/\/legrandcontinent.eu\/es\/wp-json\/wp\/v2\/geo?post=94314"}],"curies":[{"name":"wp","href":"https:\/\/api.w.org\/{rel}","templated":true}]}}