{"id":8977,"date":"2022-10-03T09:04:00","date_gmt":"2022-10-03T08:04:00","guid":{"rendered":"https:\/\/lgctesting.piramid.studio\/es\/2022\/10\/03\/macron-viaja-a-berlin-para-una-cena-de-trabajo-informal-con-olaf-scholz-2\/"},"modified":"2022-10-13T09:49:54","modified_gmt":"2022-10-13T08:49:54","slug":"macron-viaja-a-berlin-para-una-cena-de-trabajo-informal-con-olaf-scholz-2","status":"publish","type":"post","link":"https:\/\/legrandcontinent.eu\/es\/2022\/10\/03\/macron-viaja-a-berlin-para-una-cena-de-trabajo-informal-con-olaf-scholz-2\/","title":{"rendered":"Macron viaja a Berl\u00edn para una cena de trabajo informal con Olaf Scholz"},"content":{"rendered":"\n<ul class=\"wp-block-list\">\n<li>El lunes 3 de octubre se celebra el aniversario de la reunificaci\u00f3n alemana en 1990. En este d\u00eda festivo, Olaf Scholz ha invitado a Emmanuel Macron a una cena de trabajo informal que no ir\u00e1 seguida de una rueda de prensa. El objetivo es tratar de alinear las posiciones de los dos grandes pa\u00edses europeos en varios temas cruciales del momento.<\/li>\n<\/ul>\n\n\n\n<ul class=\"wp-block-list\">\n<li>El primer tema a tratar es el de la crisis energ\u00e9tica. A finales de la semana pasada, Berl\u00edn anunci\u00f3 el desbloqueo de 200.000 millones de euros para crear un escudo tarifario que proteja a los consumidores de la subida del precio del gas. Este es el mayor paquete de medidas de ayudas gubernamentales que el pa\u00eds ha puesto en marcha desde que comenz\u00f3 la guerra en Ucrania.<\/li>\n<\/ul>\n\n\n\n<div class=\"iframe-container wp-block-image wp-block-image-medium  iframe-dw\">\n\t<div>\n\t\t<iframe class=\"absolute w-full h-full pin-t pin-l\" title=\"titolo\" aria-label=\"Interactive line chart\" src=\"\/\/datawrapper.dwcdn.net\/LmY0C\/\" scrolling=\"no\" frameborder=\"0\"><\/iframe>\n\t<\/div>\n<\/div>\n\n\n\n<ul class=\"wp-block-list\">\n<li>Esta decisi\u00f3n podr\u00eda acarrear complicaciones a nivel europeo, puesto que, mientras que las empresas alemanas&nbsp; se beneficiar\u00e1n de un tope en el precio del gas, las europeas pagar\u00edan el precio \u00edntegro del mismo. Adem\u00e1s, Berl\u00edn se ha opuesto a medidas de \u00e1mbito continental similares, como la introducci\u00f3n de un tope para el precio del gas, <a href=\"https:\/\/legrandcontinent.eu\/es\/2022\/09\/30\/acuerdo-al-nivel-europeo-sobre-medidas-de-emergencia-para-hacer-frente-al-aumento-de-los-precios-de-la-energia\/\">apoyada por Par\u00eds y otros 14 Estados miembros<\/a>.<\/li>\n<\/ul>\n\n\n\n<ul class=\"wp-block-list\">\n<li>En este contexto, el presidente franc\u00e9s tratar\u00e1 de convencer a Scholz de la necesidad de practicar la solidaridad europea (especialmente en materia de energ\u00eda), <a href=\"https:\/\/legrandcontinent.eu\/es\/2022\/06\/29\/la-solidaridad-energetica-puesta-a-prueba-por-la-guerra-de-ucrania\/\">mermada por la guerra de Ucrania<\/a>. Tambi\u00e9n se pondr\u00e1n sobre la mesa otros temas como la reforma de las normas de unanimidad o el proyecto de gasoducto transpirenaico Midcat, cuya realizaci\u00f3n ha sido retrasada por Par\u00eds.<\/li>\n<\/ul>\n\n\n\n<div class=\"iframe-container wp-block-image wp-block-image-medium  iframe-dw\">\n\t<div>\n\t\t<iframe class=\"absolute w-full h-full pin-t pin-l\" title=\"titolo\" aria-label=\"Interactive line chart\" src=\"\/\/datawrapper.dwcdn.net\/9jgyK\/\" scrolling=\"no\" frameborder=\"0\"><\/iframe>\n\t<\/div>\n<\/div>\n\n\n\n<ul class=\"wp-block-list\">\n<li>Tambi\u00e9n se debatir\u00e1 acerca de la guerra en Ucrania y, en particular, acerca de la ayuda en materia de seguridad prestada al gobierno de Kiev. Desde el comienzo del conflicto, Par\u00eds y Berl\u00edn han sido criticados por no proporcionar suficiente equipo militar, teniendo en consideraci\u00f3n sus reservas y capacidades&nbsp;<span class='whitespace-nowrap'><span id='easy-footnote-1-8977' class='easy-footnote-margin-adjust'><\/span><span class='easy-footnote'><a href='https:\/\/legrandcontinent.eu\/es\/2022\/10\/03\/macron-viaja-a-berlin-para-una-cena-de-trabajo-informal-con-olaf-scholz-2\/#easy-footnote-bottom-1-8977' title='Hugh Schofield, \u00ab&amp;nbsp;&lt;a href=&quot;https:\/\/www.bbc.com\/news\/world-europe-63090644&quot;&gt;Ukraine war&amp;nbsp;: Questions over France\u2019s weapons supply to Kyiv&lt;\/a&gt;&amp;nbsp;\u00bb,&amp;nbsp;&lt;em&gt;BBC&lt;\/em&gt;, 3 de octubre de 2022.'><sup>1<\/sup><\/a><\/span><\/span>. En respuesta a estas cr\u00edticas, Francia est\u00e1 preparando la entrega de entre 6 y 12 ca\u00f1ones C\u00e9sar adicionales, adem\u00e1s de los 18 ya suministrados al ej\u00e9rcito ucraniano&nbsp;<span class='whitespace-nowrap'><span id='easy-footnote-2-8977' class='easy-footnote-margin-adjust'><\/span><span class='easy-footnote'><a href='https:\/\/legrandcontinent.eu\/es\/2022\/10\/03\/macron-viaja-a-berlin-para-una-cena-de-trabajo-informal-con-olaf-scholz-2\/#easy-footnote-bottom-2-8977' title='\u00ab&amp;nbsp;&lt;a href=&quot;https:\/\/www.ukrinform.net\/rubric-ato\/3583999-france-mulls-delivery-of-new-caesar-howitzers-to-ukraine-media.html&quot;&gt;France is preparing to deliver a new batch of Caesar self-propelled howitzers to Ukraine&lt;\/a&gt;&amp;nbsp;\u00bb,&amp;nbsp;&lt;em&gt;Ukrinform&lt;\/em&gt;, 2 de octubre de 2022.'><sup>2<\/sup><\/a><\/span><\/span>.<\/li>\n<\/ul>\n\n\n\n<div class=\"iframe-container wp-block-image wp-block-image-medium  iframe-dw\">\n\t<div>\n\t\t<iframe class=\"absolute w-full h-full pin-t pin-l\" title=\"titolo\" aria-label=\"Interactive line chart\" src=\"\/\/datawrapper.dwcdn.net\/azzFp\/\" scrolling=\"no\" frameborder=\"0\"><\/iframe>\n\t<\/div>\n<\/div>\n\n\n\n<ul class=\"wp-block-list\">\n<li>Esta semana es especialmente ajetreada para el canciller alem\u00e1n, que tiene previsto entrevistarse ma\u00f1ana con el primer ministro holand\u00e9s, Mark Rutte, y el mi\u00e9rcoles con Pedro S\u00e1nchez. El viernes pasado, las estimaciones de Eurostat indicaron que <a href=\"https:\/\/legrandcontinent.eu\/es\/2022\/09\/30\/la-inflacion-de-la-zona-euro-alcanzo-el-10-en-septiembre\/\">la inflaci\u00f3n interanual en Alemania super\u00f3 el 10% en septiembre<\/a>, alcanzando su nivel m\u00e1s alto en 70 a\u00f1os.<\/li>\n<\/ul>\n","protected":false},"excerpt":{"rendered":"<p>Esta tarde Emmanuel Macron tiene previsto visitar Berl\u00edn con motivo de la fiesta nacional en Alemania. Los dos l\u00edderes tendr\u00e1n una agenda muy apretada, tras el anuncio del gobierno alem\u00e1n de un paquete de 200.000 millones de euros para hacer frente al aumento de los precios del gas. Los debates se centrar\u00e1n tambi\u00e9n en Ucrania, el primer encuentro de la Comunidad Pol\u00edtica Europea y la energ\u00eda.<\/p>\n","protected":false},"author":1366,"featured_media":8889,"comment_status":"open","ping_status":"open","sticky":false,"template":"templates\/post-briefings.php","format":"standard","meta":{"_acf_changed":false,"_trash_the_other_posts":false,"_yoast_wpseo_estimated-reading-time-minutes":2,"footnotes":""},"categories":[6],"tags":[],"staff":[],"editorial_format":[],"serie":[],"audience":[],"geo":[177],"class_list":["post-8977","post","type-post","status-publish","format-standard","hentry","category-politica","geo-europa"],"acf":{"open_in_webview":false,"accent":false,"_thumbnail_id":8889,"excerpt":"Esta tarde Emmanuel Macron tiene previsto visitar Berl\u00edn con motivo de la fiesta nacional en Alemania. Los dos l\u00edderes tendr\u00e1n una agenda muy apretada, tras el anuncio del gobierno alem\u00e1n de un paquete de 200.000 millones de euros para hacer frente al aumento de los precios del gas. Los debates se centrar\u00e1n tambi\u00e9n en Ucrania, el primer encuentro de la Comunidad Pol\u00edtica Europea y la energ\u00eda.","display_date":"","new_abstract":true},"yoast_head":"<!-- This site is optimized with the Yoast SEO plugin v26.1.1 - https:\/\/yoast.com\/wordpress\/plugins\/seo\/ -->\n<title>Macron viaja a Berl\u00edn para una cena de trabajo informal con Olaf Scholz - El Grand Continent<\/title>\n<meta name=\"robots\" content=\"index, follow, max-snippet:-1, max-image-preview:large, max-video-preview:-1\" \/>\n<link rel=\"canonical\" href=\"https:\/\/legrandcontinent.eu\/es\/2022\/10\/03\/macron-viaja-a-berlin-para-una-cena-de-trabajo-informal-con-olaf-scholz-2\/\" \/>\n<meta property=\"og:locale\" content=\"es_ES\" \/>\n<meta property=\"og:type\" content=\"article\" \/>\n<meta property=\"og:title\" content=\"Macron viaja a Berl\u00edn para una cena de trabajo informal con Olaf Scholz - El Grand Continent\" \/>\n<meta property=\"og:description\" content=\"Esta tarde Emmanuel Macron tiene previsto visitar Berl\u00edn con motivo de la fiesta nacional en Alemania. Los dos l\u00edderes tendr\u00e1n una agenda muy apretada, tras el anuncio del gobierno alem\u00e1n de un paquete de 200.000 millones de euros para hacer frente al aumento de los precios del gas. Los debates se centrar\u00e1n tambi\u00e9n en Ucrania, el primer encuentro de la Comunidad Pol\u00edtica Europea y la energ\u00eda.\" \/>\n<meta property=\"og:url\" content=\"https:\/\/legrandcontinent.eu\/es\/2022\/10\/03\/macron-viaja-a-berlin-para-una-cena-de-trabajo-informal-con-olaf-scholz-2\/\" \/>\n<meta property=\"og:site_name\" content=\"El Grand Continent\" \/>\n<meta property=\"article:published_time\" content=\"2022-10-03T08:04:00+00:00\" \/>\n<meta property=\"article:modified_time\" content=\"2022-10-13T08:49:54+00:00\" \/>\n<meta name=\"author\" content=\"florent\" \/>\n<meta name=\"twitter:card\" content=\"summary_large_image\" \/>\n<meta name=\"twitter:label1\" content=\"Escrito por\" \/>\n\t<meta name=\"twitter:data1\" content=\"florent\" \/>\n\t<meta name=\"twitter:label2\" content=\"Tiempo de lectura\" \/>\n\t<meta name=\"twitter:data2\" content=\"2 minutos\" \/>\n<script type=\"application\/ld+json\" class=\"yoast-schema-graph\">{\"@context\":\"https:\/\/schema.org\",\"@graph\":[{\"@type\":\"WebPage\",\"@id\":\"https:\/\/legrandcontinent.eu\/es\/2022\/10\/03\/macron-viaja-a-berlin-para-una-cena-de-trabajo-informal-con-olaf-scholz-2\/\",\"url\":\"https:\/\/legrandcontinent.eu\/es\/2022\/10\/03\/macron-viaja-a-berlin-para-una-cena-de-trabajo-informal-con-olaf-scholz-2\/\",\"name\":\"Macron viaja a Berl\u00edn para una cena de trabajo informal con Olaf Scholz - El Grand Continent\",\"isPartOf\":{\"@id\":\"https:\/\/legrandcontinent.eu\/es\/#website\"},\"primaryImageOfPage\":{\"@id\":\"https:\/\/legrandcontinent.eu\/es\/2022\/10\/03\/macron-viaja-a-berlin-para-una-cena-de-trabajo-informal-con-olaf-scholz-2\/#primaryimage\"},\"image\":{\"@id\":\"https:\/\/legrandcontinent.eu\/es\/2022\/10\/03\/macron-viaja-a-berlin-para-una-cena-de-trabajo-informal-con-olaf-scholz-2\/#primaryimage\"},\"thumbnailUrl\":\"https:\/\/legrandcontinent.eu\/es\/wp-content\/uploads\/sites\/6\/2022\/10\/SIPA_AP22694951_000368-scaled-1.jpg\",\"datePublished\":\"2022-10-03T08:04:00+00:00\",\"dateModified\":\"2022-10-13T08:49:54+00:00\",\"author\":{\"@id\":\"https:\/\/legrandcontinent.eu\/es\/#\/schema\/person\/cdd782c93d4a9eda86ab19a8c01cdf5c\"},\"breadcrumb\":{\"@id\":\"https:\/\/legrandcontinent.eu\/es\/2022\/10\/03\/macron-viaja-a-berlin-para-una-cena-de-trabajo-informal-con-olaf-scholz-2\/#breadcrumb\"},\"inLanguage\":\"es\",\"potentialAction\":[{\"@type\":\"ReadAction\",\"target\":[\"https:\/\/legrandcontinent.eu\/es\/2022\/10\/03\/macron-viaja-a-berlin-para-una-cena-de-trabajo-informal-con-olaf-scholz-2\/\"]}]},{\"@type\":\"ImageObject\",\"inLanguage\":\"es\",\"@id\":\"https:\/\/legrandcontinent.eu\/es\/2022\/10\/03\/macron-viaja-a-berlin-para-una-cena-de-trabajo-informal-con-olaf-scholz-2\/#primaryimage\",\"url\":\"https:\/\/legrandcontinent.eu\/es\/wp-content\/uploads\/sites\/6\/2022\/10\/SIPA_AP22694951_000368-scaled-1.jpg\",\"contentUrl\":\"https:\/\/legrandcontinent.eu\/es\/wp-content\/uploads\/sites\/6\/2022\/10\/SIPA_AP22694951_000368-scaled-1.jpg\",\"width\":2560,\"height\":1707,\"caption\":\"French President Emmanuel Macron speaks with Germany's Chancellor Olaf Scholz at the start of the second plenary session of the NATO summit in Madrid, Wednesday, June 29, 2022. North Atlantic Treaty Organization heads of state will meet for a NATO summit in Madrid from Tuesday through Thursday. (Eliot Blondet, Pool via AP)\/PAR150\/22180559356742\/POOL PHOTO FOR AP AND AFP ONLY\/2206291741\"},{\"@type\":\"BreadcrumbList\",\"@id\":\"https:\/\/legrandcontinent.eu\/es\/2022\/10\/03\/macron-viaja-a-berlin-para-una-cena-de-trabajo-informal-con-olaf-scholz-2\/#breadcrumb\",\"itemListElement\":[{\"@type\":\"ListItem\",\"position\":1,\"name\":\"Home\",\"item\":\"https:\/\/legrandcontinent.eu\/es\/\"},{\"@type\":\"ListItem\",\"position\":2,\"name\":\"Macron viaja a Berl\u00edn para una cena de trabajo informal con Olaf Scholz\"}]},{\"@type\":\"WebSite\",\"@id\":\"https:\/\/legrandcontinent.eu\/es\/#website\",\"url\":\"https:\/\/legrandcontinent.eu\/es\/\",\"name\":\"El Grand Continent\",\"description\":\"La escala pertinente\",\"potentialAction\":[{\"@type\":\"SearchAction\",\"target\":{\"@type\":\"EntryPoint\",\"urlTemplate\":\"https:\/\/legrandcontinent.eu\/es\/?s={search_term_string}\"},\"query-input\":{\"@type\":\"PropertyValueSpecification\",\"valueRequired\":true,\"valueName\":\"search_term_string\"}}],\"inLanguage\":\"es\"},{\"@type\":\"Person\",\"@id\":\"https:\/\/legrandcontinent.eu\/es\/#\/schema\/person\/cdd782c93d4a9eda86ab19a8c01cdf5c\",\"name\":\"florent\",\"image\":{\"@type\":\"ImageObject\",\"inLanguage\":\"es\",\"@id\":\"https:\/\/legrandcontinent.eu\/es\/#\/schema\/person\/image\/\",\"url\":\"https:\/\/secure.gravatar.com\/avatar\/0d38d78c90602daf39b309035cdac6bc?s=96&d=mm&r=g\",\"contentUrl\":\"https:\/\/secure.gravatar.com\/avatar\/0d38d78c90602daf39b309035cdac6bc?s=96&d=mm&r=g\",\"caption\":\"florent\"}}]}<\/script>\n<!-- \/ Yoast SEO plugin. -->","yoast_head_json":{"title":"Macron viaja a Berl\u00edn para una cena de trabajo informal con Olaf Scholz - El Grand Continent","robots":{"index":"index","follow":"follow","max-snippet":"max-snippet:-1","max-image-preview":"max-image-preview:large","max-video-preview":"max-video-preview:-1"},"canonical":"https:\/\/legrandcontinent.eu\/es\/2022\/10\/03\/macron-viaja-a-berlin-para-una-cena-de-trabajo-informal-con-olaf-scholz-2\/","og_locale":"es_ES","og_type":"article","og_title":"Macron viaja a Berl\u00edn para una cena de trabajo informal con Olaf Scholz - El Grand Continent","og_description":"Esta tarde Emmanuel Macron tiene previsto visitar Berl\u00edn con motivo de la fiesta nacional en Alemania. Los dos l\u00edderes tendr\u00e1n una agenda muy apretada, tras el anuncio del gobierno alem\u00e1n de un paquete de 200.000 millones de euros para hacer frente al aumento de los precios del gas. Los debates se centrar\u00e1n tambi\u00e9n en Ucrania, el primer encuentro de la Comunidad Pol\u00edtica Europea y la energ\u00eda.","og_url":"https:\/\/legrandcontinent.eu\/es\/2022\/10\/03\/macron-viaja-a-berlin-para-una-cena-de-trabajo-informal-con-olaf-scholz-2\/","og_site_name":"El Grand Continent","article_published_time":"2022-10-03T08:04:00+00:00","article_modified_time":"2022-10-13T08:49:54+00:00","author":"florent","twitter_card":"summary_large_image","twitter_misc":{"Escrito por":"florent","Tiempo de lectura":"2 minutos"},"schema":{"@context":"https:\/\/schema.org","@graph":[{"@type":"WebPage","@id":"https:\/\/legrandcontinent.eu\/es\/2022\/10\/03\/macron-viaja-a-berlin-para-una-cena-de-trabajo-informal-con-olaf-scholz-2\/","url":"https:\/\/legrandcontinent.eu\/es\/2022\/10\/03\/macron-viaja-a-berlin-para-una-cena-de-trabajo-informal-con-olaf-scholz-2\/","name":"Macron viaja a Berl\u00edn para una cena de trabajo informal con Olaf Scholz - El Grand Continent","isPartOf":{"@id":"https:\/\/legrandcontinent.eu\/es\/#website"},"primaryImageOfPage":{"@id":"https:\/\/legrandcontinent.eu\/es\/2022\/10\/03\/macron-viaja-a-berlin-para-una-cena-de-trabajo-informal-con-olaf-scholz-2\/#primaryimage"},"image":{"@id":"https:\/\/legrandcontinent.eu\/es\/2022\/10\/03\/macron-viaja-a-berlin-para-una-cena-de-trabajo-informal-con-olaf-scholz-2\/#primaryimage"},"thumbnailUrl":"https:\/\/legrandcontinent.eu\/es\/wp-content\/uploads\/sites\/6\/2022\/10\/SIPA_AP22694951_000368-scaled-1.jpg","datePublished":"2022-10-03T08:04:00+00:00","dateModified":"2022-10-13T08:49:54+00:00","author":{"@id":"https:\/\/legrandcontinent.eu\/es\/#\/schema\/person\/cdd782c93d4a9eda86ab19a8c01cdf5c"},"breadcrumb":{"@id":"https:\/\/legrandcontinent.eu\/es\/2022\/10\/03\/macron-viaja-a-berlin-para-una-cena-de-trabajo-informal-con-olaf-scholz-2\/#breadcrumb"},"inLanguage":"es","potentialAction":[{"@type":"ReadAction","target":["https:\/\/legrandcontinent.eu\/es\/2022\/10\/03\/macron-viaja-a-berlin-para-una-cena-de-trabajo-informal-con-olaf-scholz-2\/"]}]},{"@type":"ImageObject","inLanguage":"es","@id":"https:\/\/legrandcontinent.eu\/es\/2022\/10\/03\/macron-viaja-a-berlin-para-una-cena-de-trabajo-informal-con-olaf-scholz-2\/#primaryimage","url":"https:\/\/legrandcontinent.eu\/es\/wp-content\/uploads\/sites\/6\/2022\/10\/SIPA_AP22694951_000368-scaled-1.jpg","contentUrl":"https:\/\/legrandcontinent.eu\/es\/wp-content\/uploads\/sites\/6\/2022\/10\/SIPA_AP22694951_000368-scaled-1.jpg","width":2560,"height":1707,"caption":"French President Emmanuel Macron speaks with Germany's Chancellor Olaf Scholz at the start of the second plenary session of the NATO summit in Madrid, Wednesday, June 29, 2022. North Atlantic Treaty Organization heads of state will meet for a NATO summit in Madrid from Tuesday through Thursday. (Eliot Blondet, Pool via AP)\/PAR150\/22180559356742\/POOL PHOTO FOR AP AND AFP ONLY\/2206291741"},{"@type":"BreadcrumbList","@id":"https:\/\/legrandcontinent.eu\/es\/2022\/10\/03\/macron-viaja-a-berlin-para-una-cena-de-trabajo-informal-con-olaf-scholz-2\/#breadcrumb","itemListElement":[{"@type":"ListItem","position":1,"name":"Home","item":"https:\/\/legrandcontinent.eu\/es\/"},{"@type":"ListItem","position":2,"name":"Macron viaja a Berl\u00edn para una cena de trabajo informal con Olaf Scholz"}]},{"@type":"WebSite","@id":"https:\/\/legrandcontinent.eu\/es\/#website","url":"https:\/\/legrandcontinent.eu\/es\/","name":"El Grand Continent","description":"La escala pertinente","potentialAction":[{"@type":"SearchAction","target":{"@type":"EntryPoint","urlTemplate":"https:\/\/legrandcontinent.eu\/es\/?s={search_term_string}"},"query-input":{"@type":"PropertyValueSpecification","valueRequired":true,"valueName":"search_term_string"}}],"inLanguage":"es"},{"@type":"Person","@id":"https:\/\/legrandcontinent.eu\/es\/#\/schema\/person\/cdd782c93d4a9eda86ab19a8c01cdf5c","name":"florent","image":{"@type":"ImageObject","inLanguage":"es","@id":"https:\/\/legrandcontinent.eu\/es\/#\/schema\/person\/image\/","url":"https:\/\/secure.gravatar.com\/avatar\/0d38d78c90602daf39b309035cdac6bc?s=96&d=mm&r=g","contentUrl":"https:\/\/secure.gravatar.com\/avatar\/0d38d78c90602daf39b309035cdac6bc?s=96&d=mm&r=g","caption":"florent"}}]}},"lgc_categories":[{"id":6,"name":"Pol\u00edtica","slug":"politica"}],"lgc_author":null,"feature_image_summary":{"url":"https:\/\/legrandcontinent.eu\/es\/wp-content\/uploads\/sites\/6\/2022\/10\/SIPA_AP22694951_000368-scaled-1.jpg","width":2560,"height":1707,"alt":""},"feature_image_cover":null,"term_position_data":null,"_links":{"self":[{"href":"https:\/\/legrandcontinent.eu\/es\/wp-json\/wp\/v2\/posts\/8977","targetHints":{"allow":["GET"]}}],"collection":[{"href":"https:\/\/legrandcontinent.eu\/es\/wp-json\/wp\/v2\/posts"}],"about":[{"href":"https:\/\/legrandcontinent.eu\/es\/wp-json\/wp\/v2\/types\/post"}],"author":[{"embeddable":true,"href":"https:\/\/legrandcontinent.eu\/es\/wp-json\/wp\/v2\/users\/1366"}],"replies":[{"embeddable":true,"href":"https:\/\/legrandcontinent.eu\/es\/wp-json\/wp\/v2\/comments?post=8977"}],"version-history":[{"count":0,"href":"https:\/\/legrandcontinent.eu\/es\/wp-json\/wp\/v2\/posts\/8977\/revisions"}],"wp:featuredmedia":[{"embeddable":true,"href":"https:\/\/legrandcontinent.eu\/es\/wp-json\/wp\/v2\/media\/8889"}],"wp:attachment":[{"href":"https:\/\/legrandcontinent.eu\/es\/wp-json\/wp\/v2\/media?parent=8977"}],"wp:term":[{"taxonomy":"category","embeddable":true,"href":"https:\/\/legrandcontinent.eu\/es\/wp-json\/wp\/v2\/categories?post=8977"},{"taxonomy":"post_tag","embeddable":true,"href":"https:\/\/legrandcontinent.eu\/es\/wp-json\/wp\/v2\/tags?post=8977"},{"taxonomy":"staff","embeddable":true,"href":"https:\/\/legrandcontinent.eu\/es\/wp-json\/wp\/v2\/staff?post=8977"},{"taxonomy":"editorial_format","embeddable":true,"href":"https:\/\/legrandcontinent.eu\/es\/wp-json\/wp\/v2\/editorial_format?post=8977"},{"taxonomy":"serie","embeddable":true,"href":"https:\/\/legrandcontinent.eu\/es\/wp-json\/wp\/v2\/serie?post=8977"},{"taxonomy":"audience","embeddable":true,"href":"https:\/\/legrandcontinent.eu\/es\/wp-json\/wp\/v2\/audience?post=8977"},{"taxonomy":"geo","embeddable":true,"href":"https:\/\/legrandcontinent.eu\/es\/wp-json\/wp\/v2\/geo?post=8977"}],"curies":[{"name":"wp","href":"https:\/\/api.w.org\/{rel}","templated":true}]}}