{"id":8974,"date":"2022-09-30T17:14:00","date_gmt":"2022-09-30T16:14:00","guid":{"rendered":"https:\/\/lgctesting.piramid.studio\/es\/2022\/09\/30\/acuerdo-al-nivel-europeo-sobre-medidas-de-emergencia-para-hacer-frente-al-aumento-de-los-precios-de-la-energia-2\/"},"modified":"2022-10-13T11:42:43","modified_gmt":"2022-10-13T10:42:43","slug":"acuerdo-al-nivel-europeo-sobre-medidas-de-emergencia-para-hacer-frente-al-aumento-de-los-precios-de-la-energia-2","status":"publish","type":"post","link":"https:\/\/legrandcontinent.eu\/es\/2022\/09\/30\/acuerdo-al-nivel-europeo-sobre-medidas-de-emergencia-para-hacer-frente-al-aumento-de-los-precios-de-la-energia-2\/","title":{"rendered":"Acuerdo al nivel europeo sobre medidas de emergencia para hacer frente al aumento de los precios de la energ\u00eda\u00a0"},"content":{"rendered":"\n<ul class=\"wp-block-list\">\n<li>Los 27 ministros adoptaron un reglamento que introduce \u00abmedidas comunes para reducir la demanda de electricidad y recaudar y redistribuir los ingresos excedentes del sector energ\u00e9tico entre los consumidores\u00bb.<\/li>\n<\/ul>\n\n\n\n<ul class=\"wp-block-list\">\n<li>Prev\u00e9 una reducci\u00f3n obligatoria del consumo de electricidad del 5% en las horas punta y una reducci\u00f3n voluntaria del 10% respecto al consumo bruto medio de los \u00faltimos cinco a\u00f1os (para el periodo comprendido entre el 1 de noviembre y el 31 de marzo).&nbsp;<\/li>\n<\/ul>\n\n\n\n<div class=\"iframe-container wp-block-image wp-block-image-medium  iframe-dw\">\n\t<div>\n\t\t<iframe class=\"absolute w-full h-full pin-t pin-l\" title=\"titolo\" aria-label=\"Interactive line chart\" src=\"\/\/datawrapper.dwcdn.net\/OKGmq\/\" scrolling=\"no\" frameborder=\"0\"><\/iframe>\n\t<\/div>\n<\/div>\n\n\n\n<ul class=\"wp-block-list\">\n<li>Los ingresos de los productores submarinos -renovables y nucleares- tendr\u00e1n un tope de 180 euros por megavatio hora. La diferencia ser\u00e1 recuperada por los Estados miembros y redistribuida entre particulares y empresas&nbsp;<span class='whitespace-nowrap'><span id='easy-footnote-1-8974' class='easy-footnote-margin-adjust'><\/span><span class='easy-footnote'><a href='https:\/\/legrandcontinent.eu\/es\/2022\/09\/30\/acuerdo-al-nivel-europeo-sobre-medidas-de-emergencia-para-hacer-frente-al-aumento-de-los-precios-de-la-energia-2\/#easy-footnote-bottom-1-8974' title='&lt;a href=&quot;https:\/\/www.consilium.europa.eu\/media\/59318\/st12999-en22.pdf&quot;&gt;https:\/\/www.consilium.europa.eu\/media\/59318\/st12999-en22.pdf&lt;\/a&gt;'><sup>1<\/sup><\/a><\/span><\/span>.<\/li>\n<\/ul>\n\n\n\n<ul class=\"wp-block-list\">\n<li>La Comisi\u00f3n prev\u00e9 que estos grav\u00e1menes extraordinarios de emergencia asciendan a un total de 140.000 millones de euros. Esta medida se viene debatiendo desde el pasado mes de marzo, y ha sido aplicada por algunos pa\u00edses europeos como Italia, Espa\u00f1a y Ruman\u00eda&nbsp;<span class='whitespace-nowrap'><span id='easy-footnote-2-8974' class='easy-footnote-margin-adjust'><\/span><span class='easy-footnote'><a href='https:\/\/legrandcontinent.eu\/es\/2022\/09\/30\/acuerdo-al-nivel-europeo-sobre-medidas-de-emergencia-para-hacer-frente-al-aumento-de-los-precios-de-la-energia-2\/#easy-footnote-bottom-2-8974' title='&lt;a href=&quot;https:\/\/eur-lex.europa.eu\/legal-content\/EN\/TXT\/HTML\/?uri=CELEX:52022DC0108&amp;amp;from=EN&quot;&gt;https:\/\/eur-lex.europa.eu\/legal-content\/EN\/TXT\/HTML\/?uri=CELEX:52022DC0108&amp;amp;from=EN&lt;\/a&gt;'><sup>2<\/sup><\/a><\/span><\/span>.&nbsp;<\/li>\n<\/ul>\n\n\n\n<ul class=\"wp-block-list\">\n<li>Estas medidas son excepcionales. Se aplicar\u00e1n desde el 1 de diciembre hasta el 31 de diciembre de 2023, de la siguiente manera: hasta el 31 de marzo para la reducci\u00f3n del consumo de electricidad, y hasta el 30 de junio para el l\u00edmite de ingresos de los productores inframarginales.<\/li>\n<\/ul>\n\n\n\n<div class=\"iframe-container wp-block-image wp-block-image-medium  iframe-dw\">\n\t<div>\n\t\t<iframe class=\"absolute w-full h-full pin-t pin-l\" title=\"titolo\" aria-label=\"Interactive line chart\" src=\"\/\/datawrapper.dwcdn.net\/LmY0C\/\" scrolling=\"no\" frameborder=\"0\"><\/iframe>\n\t<\/div>\n<\/div>\n\n\n\n<ul class=\"wp-block-list\">\n<li>A d\u00eda de hoy no hay consenso sobre la introducci\u00f3n de un tope en el precio mayorista del gas importado por los pa\u00edses europeos. Esta semana, 15 Estados -entre ellos Francia, Italia y Polonia- han reiterado su petici\u00f3n a la Comisi\u00f3n de que proponga la introducci\u00f3n de una medida de este tipo, pero hay una fuerte oposici\u00f3n a ella, sobre todo por parte de Alemania.<\/li>\n<\/ul>\n","protected":false},"excerpt":{"rendered":"<p>Los ministros de Energ\u00eda de los 27 Estados miembros se han reunido hoy en Bruselas. Acordaron una serie de medidas de emergencia para aliviar la presi\u00f3n sobre los consumidores. No se aprob\u00f3 la introducci\u00f3n de un tope para el precio del gas.<\/p>\n","protected":false},"author":1366,"featured_media":8884,"comment_status":"open","ping_status":"open","sticky":false,"template":"templates\/post-briefings.php","format":"standard","meta":{"_acf_changed":false,"_trash_the_other_posts":false,"_yoast_wpseo_estimated-reading-time-minutes":2,"footnotes":""},"categories":[98],"tags":[],"staff":[],"editorial_format":[],"serie":[],"audience":[],"geo":[177],"class_list":["post-8974","post","type-post","status-publish","format-standard","hentry","category-energia-y-medio-ambiente","geo-europa"],"acf":{"open_in_webview":false,"accent":false,"_thumbnail_id":8884,"excerpt":"Los ministros de Energ\u00eda de los 27 Estados miembros se han reunido hoy en Bruselas. Acordaron una serie de medidas de emergencia para aliviar la presi\u00f3n sobre los consumidores. No se aprob\u00f3 la introducci\u00f3n de un tope para el precio del gas.","display_date":"","new_abstract":true},"yoast_head":"<!-- This site is optimized with the Yoast SEO plugin v26.1.1 - https:\/\/yoast.com\/wordpress\/plugins\/seo\/ -->\n<title>Acuerdo al nivel europeo sobre medidas de emergencia para hacer frente al aumento de los precios de la energ\u00eda\u00a0 - El Grand Continent<\/title>\n<meta name=\"robots\" content=\"index, follow, max-snippet:-1, max-image-preview:large, max-video-preview:-1\" \/>\n<link rel=\"canonical\" href=\"https:\/\/legrandcontinent.eu\/es\/2022\/09\/30\/acuerdo-al-nivel-europeo-sobre-medidas-de-emergencia-para-hacer-frente-al-aumento-de-los-precios-de-la-energia-2\/\" \/>\n<meta property=\"og:locale\" content=\"es_ES\" \/>\n<meta property=\"og:type\" content=\"article\" \/>\n<meta property=\"og:title\" content=\"Acuerdo al nivel europeo sobre medidas de emergencia para hacer frente al aumento de los precios de la energ\u00eda\u00a0 - El Grand Continent\" \/>\n<meta property=\"og:description\" content=\"Los ministros de Energ\u00eda de los 27 Estados miembros se han reunido hoy en Bruselas. Acordaron una serie de medidas de emergencia para aliviar la presi\u00f3n sobre los consumidores. No se aprob\u00f3 la introducci\u00f3n de un tope para el precio del gas.\" \/>\n<meta property=\"og:url\" content=\"https:\/\/legrandcontinent.eu\/es\/2022\/09\/30\/acuerdo-al-nivel-europeo-sobre-medidas-de-emergencia-para-hacer-frente-al-aumento-de-los-precios-de-la-energia-2\/\" \/>\n<meta property=\"og:site_name\" content=\"El Grand Continent\" \/>\n<meta property=\"article:published_time\" content=\"2022-09-30T16:14:00+00:00\" \/>\n<meta property=\"article:modified_time\" content=\"2022-10-13T10:42:43+00:00\" \/>\n<meta name=\"author\" content=\"florent\" \/>\n<meta name=\"twitter:card\" content=\"summary_large_image\" \/>\n<meta name=\"twitter:label1\" content=\"Escrito por\" \/>\n\t<meta name=\"twitter:data1\" content=\"florent\" \/>\n\t<meta name=\"twitter:label2\" content=\"Tiempo de lectura\" \/>\n\t<meta name=\"twitter:data2\" content=\"2 minutos\" \/>\n<script type=\"application\/ld+json\" class=\"yoast-schema-graph\">{\"@context\":\"https:\/\/schema.org\",\"@graph\":[{\"@type\":\"WebPage\",\"@id\":\"https:\/\/legrandcontinent.eu\/es\/2022\/09\/30\/acuerdo-al-nivel-europeo-sobre-medidas-de-emergencia-para-hacer-frente-al-aumento-de-los-precios-de-la-energia-2\/\",\"url\":\"https:\/\/legrandcontinent.eu\/es\/2022\/09\/30\/acuerdo-al-nivel-europeo-sobre-medidas-de-emergencia-para-hacer-frente-al-aumento-de-los-precios-de-la-energia-2\/\",\"name\":\"Acuerdo al nivel europeo sobre medidas de emergencia para hacer frente al aumento de los precios de la energ\u00eda\u00a0 - El Grand Continent\",\"isPartOf\":{\"@id\":\"https:\/\/legrandcontinent.eu\/es\/#website\"},\"primaryImageOfPage\":{\"@id\":\"https:\/\/legrandcontinent.eu\/es\/2022\/09\/30\/acuerdo-al-nivel-europeo-sobre-medidas-de-emergencia-para-hacer-frente-al-aumento-de-los-precios-de-la-energia-2\/#primaryimage\"},\"image\":{\"@id\":\"https:\/\/legrandcontinent.eu\/es\/2022\/09\/30\/acuerdo-al-nivel-europeo-sobre-medidas-de-emergencia-para-hacer-frente-al-aumento-de-los-precios-de-la-energia-2\/#primaryimage\"},\"thumbnailUrl\":\"https:\/\/legrandcontinent.eu\/es\/wp-content\/uploads\/sites\/6\/2022\/10\/SIPA_AP22724298_000002-scaled-1.jpg\",\"datePublished\":\"2022-09-30T16:14:00+00:00\",\"dateModified\":\"2022-10-13T10:42:43+00:00\",\"author\":{\"@id\":\"https:\/\/legrandcontinent.eu\/es\/#\/schema\/person\/cdd782c93d4a9eda86ab19a8c01cdf5c\"},\"breadcrumb\":{\"@id\":\"https:\/\/legrandcontinent.eu\/es\/2022\/09\/30\/acuerdo-al-nivel-europeo-sobre-medidas-de-emergencia-para-hacer-frente-al-aumento-de-los-precios-de-la-energia-2\/#breadcrumb\"},\"inLanguage\":\"es\",\"potentialAction\":[{\"@type\":\"ReadAction\",\"target\":[\"https:\/\/legrandcontinent.eu\/es\/2022\/09\/30\/acuerdo-al-nivel-europeo-sobre-medidas-de-emergencia-para-hacer-frente-al-aumento-de-los-precios-de-la-energia-2\/\"]}]},{\"@type\":\"ImageObject\",\"inLanguage\":\"es\",\"@id\":\"https:\/\/legrandcontinent.eu\/es\/2022\/09\/30\/acuerdo-al-nivel-europeo-sobre-medidas-de-emergencia-para-hacer-frente-al-aumento-de-los-precios-de-la-energia-2\/#primaryimage\",\"url\":\"https:\/\/legrandcontinent.eu\/es\/wp-content\/uploads\/sites\/6\/2022\/10\/SIPA_AP22724298_000002-scaled-1.jpg\",\"contentUrl\":\"https:\/\/legrandcontinent.eu\/es\/wp-content\/uploads\/sites\/6\/2022\/10\/SIPA_AP22724298_000002-scaled-1.jpg\",\"width\":2560,\"height\":1707,\"caption\":\"A view of the Karsto processing plant in North Rogaland, Norway, Wednesday, Sept. 28, 2022. European companies are ramping up security around pipelines and energy prices are climbing again as the suspected sabotage of two pipelines that deliver natural gas from Russia underscored the vulnerability of Europe\u2019s energy infrastructure and prompted the EU to warn of possible retaliation. (Cornelius Poppe\/NTB Scanpix via AP)\/AMB804\/22271714840501\/NORWAY OUT; MANDATORY CREDIT\/2209282220\"},{\"@type\":\"BreadcrumbList\",\"@id\":\"https:\/\/legrandcontinent.eu\/es\/2022\/09\/30\/acuerdo-al-nivel-europeo-sobre-medidas-de-emergencia-para-hacer-frente-al-aumento-de-los-precios-de-la-energia-2\/#breadcrumb\",\"itemListElement\":[{\"@type\":\"ListItem\",\"position\":1,\"name\":\"Home\",\"item\":\"https:\/\/legrandcontinent.eu\/es\/\"},{\"@type\":\"ListItem\",\"position\":2,\"name\":\"Acuerdo al nivel europeo sobre medidas de emergencia para hacer frente al aumento de los precios de la energ\u00eda\u00a0\"}]},{\"@type\":\"WebSite\",\"@id\":\"https:\/\/legrandcontinent.eu\/es\/#website\",\"url\":\"https:\/\/legrandcontinent.eu\/es\/\",\"name\":\"El Grand Continent\",\"description\":\"La escala pertinente\",\"potentialAction\":[{\"@type\":\"SearchAction\",\"target\":{\"@type\":\"EntryPoint\",\"urlTemplate\":\"https:\/\/legrandcontinent.eu\/es\/?s={search_term_string}\"},\"query-input\":{\"@type\":\"PropertyValueSpecification\",\"valueRequired\":true,\"valueName\":\"search_term_string\"}}],\"inLanguage\":\"es\"},{\"@type\":\"Person\",\"@id\":\"https:\/\/legrandcontinent.eu\/es\/#\/schema\/person\/cdd782c93d4a9eda86ab19a8c01cdf5c\",\"name\":\"florent\",\"image\":{\"@type\":\"ImageObject\",\"inLanguage\":\"es\",\"@id\":\"https:\/\/legrandcontinent.eu\/es\/#\/schema\/person\/image\/\",\"url\":\"https:\/\/secure.gravatar.com\/avatar\/0d38d78c90602daf39b309035cdac6bc?s=96&d=mm&r=g\",\"contentUrl\":\"https:\/\/secure.gravatar.com\/avatar\/0d38d78c90602daf39b309035cdac6bc?s=96&d=mm&r=g\",\"caption\":\"florent\"}}]}<\/script>\n<!-- \/ Yoast SEO plugin. -->","yoast_head_json":{"title":"Acuerdo al nivel europeo sobre medidas de emergencia para hacer frente al aumento de los precios de la energ\u00eda\u00a0 - El Grand Continent","robots":{"index":"index","follow":"follow","max-snippet":"max-snippet:-1","max-image-preview":"max-image-preview:large","max-video-preview":"max-video-preview:-1"},"canonical":"https:\/\/legrandcontinent.eu\/es\/2022\/09\/30\/acuerdo-al-nivel-europeo-sobre-medidas-de-emergencia-para-hacer-frente-al-aumento-de-los-precios-de-la-energia-2\/","og_locale":"es_ES","og_type":"article","og_title":"Acuerdo al nivel europeo sobre medidas de emergencia para hacer frente al aumento de los precios de la energ\u00eda\u00a0 - El Grand Continent","og_description":"Los ministros de Energ\u00eda de los 27 Estados miembros se han reunido hoy en Bruselas. Acordaron una serie de medidas de emergencia para aliviar la presi\u00f3n sobre los consumidores. No se aprob\u00f3 la introducci\u00f3n de un tope para el precio del gas.","og_url":"https:\/\/legrandcontinent.eu\/es\/2022\/09\/30\/acuerdo-al-nivel-europeo-sobre-medidas-de-emergencia-para-hacer-frente-al-aumento-de-los-precios-de-la-energia-2\/","og_site_name":"El Grand Continent","article_published_time":"2022-09-30T16:14:00+00:00","article_modified_time":"2022-10-13T10:42:43+00:00","author":"florent","twitter_card":"summary_large_image","twitter_misc":{"Escrito por":"florent","Tiempo de lectura":"2 minutos"},"schema":{"@context":"https:\/\/schema.org","@graph":[{"@type":"WebPage","@id":"https:\/\/legrandcontinent.eu\/es\/2022\/09\/30\/acuerdo-al-nivel-europeo-sobre-medidas-de-emergencia-para-hacer-frente-al-aumento-de-los-precios-de-la-energia-2\/","url":"https:\/\/legrandcontinent.eu\/es\/2022\/09\/30\/acuerdo-al-nivel-europeo-sobre-medidas-de-emergencia-para-hacer-frente-al-aumento-de-los-precios-de-la-energia-2\/","name":"Acuerdo al nivel europeo sobre medidas de emergencia para hacer frente al aumento de los precios de la energ\u00eda\u00a0 - El Grand Continent","isPartOf":{"@id":"https:\/\/legrandcontinent.eu\/es\/#website"},"primaryImageOfPage":{"@id":"https:\/\/legrandcontinent.eu\/es\/2022\/09\/30\/acuerdo-al-nivel-europeo-sobre-medidas-de-emergencia-para-hacer-frente-al-aumento-de-los-precios-de-la-energia-2\/#primaryimage"},"image":{"@id":"https:\/\/legrandcontinent.eu\/es\/2022\/09\/30\/acuerdo-al-nivel-europeo-sobre-medidas-de-emergencia-para-hacer-frente-al-aumento-de-los-precios-de-la-energia-2\/#primaryimage"},"thumbnailUrl":"https:\/\/legrandcontinent.eu\/es\/wp-content\/uploads\/sites\/6\/2022\/10\/SIPA_AP22724298_000002-scaled-1.jpg","datePublished":"2022-09-30T16:14:00+00:00","dateModified":"2022-10-13T10:42:43+00:00","author":{"@id":"https:\/\/legrandcontinent.eu\/es\/#\/schema\/person\/cdd782c93d4a9eda86ab19a8c01cdf5c"},"breadcrumb":{"@id":"https:\/\/legrandcontinent.eu\/es\/2022\/09\/30\/acuerdo-al-nivel-europeo-sobre-medidas-de-emergencia-para-hacer-frente-al-aumento-de-los-precios-de-la-energia-2\/#breadcrumb"},"inLanguage":"es","potentialAction":[{"@type":"ReadAction","target":["https:\/\/legrandcontinent.eu\/es\/2022\/09\/30\/acuerdo-al-nivel-europeo-sobre-medidas-de-emergencia-para-hacer-frente-al-aumento-de-los-precios-de-la-energia-2\/"]}]},{"@type":"ImageObject","inLanguage":"es","@id":"https:\/\/legrandcontinent.eu\/es\/2022\/09\/30\/acuerdo-al-nivel-europeo-sobre-medidas-de-emergencia-para-hacer-frente-al-aumento-de-los-precios-de-la-energia-2\/#primaryimage","url":"https:\/\/legrandcontinent.eu\/es\/wp-content\/uploads\/sites\/6\/2022\/10\/SIPA_AP22724298_000002-scaled-1.jpg","contentUrl":"https:\/\/legrandcontinent.eu\/es\/wp-content\/uploads\/sites\/6\/2022\/10\/SIPA_AP22724298_000002-scaled-1.jpg","width":2560,"height":1707,"caption":"A view of the Karsto processing plant in North Rogaland, Norway, Wednesday, Sept. 28, 2022. European companies are ramping up security around pipelines and energy prices are climbing again as the suspected sabotage of two pipelines that deliver natural gas from Russia underscored the vulnerability of Europe\u2019s energy infrastructure and prompted the EU to warn of possible retaliation. (Cornelius Poppe\/NTB Scanpix via AP)\/AMB804\/22271714840501\/NORWAY OUT; MANDATORY CREDIT\/2209282220"},{"@type":"BreadcrumbList","@id":"https:\/\/legrandcontinent.eu\/es\/2022\/09\/30\/acuerdo-al-nivel-europeo-sobre-medidas-de-emergencia-para-hacer-frente-al-aumento-de-los-precios-de-la-energia-2\/#breadcrumb","itemListElement":[{"@type":"ListItem","position":1,"name":"Home","item":"https:\/\/legrandcontinent.eu\/es\/"},{"@type":"ListItem","position":2,"name":"Acuerdo al nivel europeo sobre medidas de emergencia para hacer frente al aumento de los precios de la energ\u00eda\u00a0"}]},{"@type":"WebSite","@id":"https:\/\/legrandcontinent.eu\/es\/#website","url":"https:\/\/legrandcontinent.eu\/es\/","name":"El Grand Continent","description":"La escala pertinente","potentialAction":[{"@type":"SearchAction","target":{"@type":"EntryPoint","urlTemplate":"https:\/\/legrandcontinent.eu\/es\/?s={search_term_string}"},"query-input":{"@type":"PropertyValueSpecification","valueRequired":true,"valueName":"search_term_string"}}],"inLanguage":"es"},{"@type":"Person","@id":"https:\/\/legrandcontinent.eu\/es\/#\/schema\/person\/cdd782c93d4a9eda86ab19a8c01cdf5c","name":"florent","image":{"@type":"ImageObject","inLanguage":"es","@id":"https:\/\/legrandcontinent.eu\/es\/#\/schema\/person\/image\/","url":"https:\/\/secure.gravatar.com\/avatar\/0d38d78c90602daf39b309035cdac6bc?s=96&d=mm&r=g","contentUrl":"https:\/\/secure.gravatar.com\/avatar\/0d38d78c90602daf39b309035cdac6bc?s=96&d=mm&r=g","caption":"florent"}}]}},"lgc_categories":[{"id":98,"name":"Energ\u00eda y medio ambiente","slug":"energia-y-medio-ambiente"}],"lgc_author":null,"feature_image_summary":{"url":"https:\/\/legrandcontinent.eu\/es\/wp-content\/uploads\/sites\/6\/2022\/10\/SIPA_AP22724298_000002-scaled-1.jpg","width":2560,"height":1707,"alt":""},"feature_image_cover":null,"term_position_data":null,"_links":{"self":[{"href":"https:\/\/legrandcontinent.eu\/es\/wp-json\/wp\/v2\/posts\/8974","targetHints":{"allow":["GET"]}}],"collection":[{"href":"https:\/\/legrandcontinent.eu\/es\/wp-json\/wp\/v2\/posts"}],"about":[{"href":"https:\/\/legrandcontinent.eu\/es\/wp-json\/wp\/v2\/types\/post"}],"author":[{"embeddable":true,"href":"https:\/\/legrandcontinent.eu\/es\/wp-json\/wp\/v2\/users\/1366"}],"replies":[{"embeddable":true,"href":"https:\/\/legrandcontinent.eu\/es\/wp-json\/wp\/v2\/comments?post=8974"}],"version-history":[{"count":0,"href":"https:\/\/legrandcontinent.eu\/es\/wp-json\/wp\/v2\/posts\/8974\/revisions"}],"wp:featuredmedia":[{"embeddable":true,"href":"https:\/\/legrandcontinent.eu\/es\/wp-json\/wp\/v2\/media\/8884"}],"wp:attachment":[{"href":"https:\/\/legrandcontinent.eu\/es\/wp-json\/wp\/v2\/media?parent=8974"}],"wp:term":[{"taxonomy":"category","embeddable":true,"href":"https:\/\/legrandcontinent.eu\/es\/wp-json\/wp\/v2\/categories?post=8974"},{"taxonomy":"post_tag","embeddable":true,"href":"https:\/\/legrandcontinent.eu\/es\/wp-json\/wp\/v2\/tags?post=8974"},{"taxonomy":"staff","embeddable":true,"href":"https:\/\/legrandcontinent.eu\/es\/wp-json\/wp\/v2\/staff?post=8974"},{"taxonomy":"editorial_format","embeddable":true,"href":"https:\/\/legrandcontinent.eu\/es\/wp-json\/wp\/v2\/editorial_format?post=8974"},{"taxonomy":"serie","embeddable":true,"href":"https:\/\/legrandcontinent.eu\/es\/wp-json\/wp\/v2\/serie?post=8974"},{"taxonomy":"audience","embeddable":true,"href":"https:\/\/legrandcontinent.eu\/es\/wp-json\/wp\/v2\/audience?post=8974"},{"taxonomy":"geo","embeddable":true,"href":"https:\/\/legrandcontinent.eu\/es\/wp-json\/wp\/v2\/geo?post=8974"}],"curies":[{"name":"wp","href":"https:\/\/api.w.org\/{rel}","templated":true}]}}