{"id":89574,"date":"2026-02-02T06:30:00","date_gmt":"2026-02-02T05:30:00","guid":{"rendered":"https:\/\/legrandcontinent.eu\/es\/?p=89574"},"modified":"2026-02-01T23:43:23","modified_gmt":"2026-02-01T22:43:23","slug":"el-plan-klingbeil-para-una-europa-de-los-seis","status":"publish","type":"post","link":"https:\/\/legrandcontinent.eu\/es\/2026\/02\/02\/el-plan-klingbeil-para-una-europa-de-los-seis\/","title":{"rendered":"El plan Klingbeil para una Europa de los seis\u00a0"},"content":{"rendered":"\n<p>Friedrich Merz y Lars Klingbeil anunciaron el martes 27 de enero, durante una conferencia organizada por <em>Die Welt<\/em> en Berl\u00edn&nbsp;<span class='whitespace-nowrap'><span id='easy-footnote-1-89574' class='easy-footnote-margin-adjust'><\/span><span class='easy-footnote'><a href='https:\/\/legrandcontinent.eu\/es\/2026\/02\/02\/el-plan-klingbeil-para-una-europa-de-los-seis\/#easy-footnote-bottom-1-89574' title='Karsten Seibel, Christoph Kapalschinski, Daniel-Dylan B\u00f6hmer, Thorsten Jungholt, Holger Zsch\u00e4pitz, Daniel Zwick, &lt;a href=&quot;https:\/\/www.welt.de\/wirtschaft\/article6978b1c7421b9660fac24451\/geduld-mit-europa-schwindet-im-kanzleramt-und-in-den-vorstandsetagen.html&quot;&gt;Geduld mit Europa schwindet \u2013 im Kanzleramt und in den Vorstandsetagen&lt;\/a&gt;, &lt;em&gt;Die Welt&lt;\/em&gt;, 27 de enero de 2026.'><sup>1<\/sup><\/a><\/span><\/span>, la puesta en marcha de una nueva cooperaci\u00f3n reforzada entre seis pa\u00edses voluntarios: Alemania, Francia, Italia, Espa\u00f1a, Polonia y los Pa\u00edses Bajos. Los seis representan en conjunto alrededor del 70% del PIB de la Uni\u00f3n Europea.<\/p>\n\n\n\n<ul class=\"wp-block-list\">\n<li>Seg\u00fan Klingbeil: \u00abAhora es fundamental apostar por nuestras propias fuerzas. Alemania, junto con Francia y otros socios, tomar\u00e1 la iniciativa de hacer que Europa sea m\u00e1s fuerte e independiente\u00bb.\u00a0<\/li>\n\n\n\n<li>El canciller Merz declar\u00f3: \u00abEuropa debe convertirse en una potencia pol\u00edtica capaz de moldear el mundo, tanto en el plano econ\u00f3mico como en el militar\u00bb.<\/li>\n<\/ul>\n\n\n\n<p>Una serie de prioridades comunes estructurar\u00e1n esta iniciativa, denominada \u00abgrupo de los seis\u00bb o \u00abformato E6\u00bb: la uni\u00f3n de los mercados de capitales, el papel internacional del euro \u2014incluida la creaci\u00f3n de un sistema de pago europeo independiente\u2014, la seguridad de las materias primas y las inversiones en defensa.<\/p>\n\n\n\n<p>El objetivo es convertir a Europa en una potencia capaz de actuar econ\u00f3mica y militarmente, incluso si ello supone pasar por alto a la Comisi\u00f3n, muy criticada en las \u00faltimas semanas por los empresarios y el Gobierno alem\u00e1n por su incapacidad para avanzar ante la aceleraci\u00f3n geopol\u00edtica del mundo&nbsp;<span class='whitespace-nowrap'><span id='easy-footnote-2-89574' class='easy-footnote-margin-adjust'><\/span><span class='easy-footnote'><a href='https:\/\/legrandcontinent.eu\/es\/2026\/02\/02\/el-plan-klingbeil-para-una-europa-de-los-seis\/#easy-footnote-bottom-2-89574' title='Christian Kraemer, Maria Martinez, &lt;a href=&quot;https:\/\/www.reuters.com\/world\/china\/german-french-ministers-aim-boost-eu-competitiveness-with-new-format-2026-01-27\/&quot;&gt;Germany pushes for &amp;#8216;two-speed&amp;#8217; Europe with new bloc of six leading economies&lt;\/a&gt;, &lt;em&gt;Reuters&lt;\/em&gt;, 27 de enero de 2026.'><sup>2<\/sup><\/a><\/span><\/span>.<\/p>\n\n\n\n<div class=\"iframe-container wp-block-image wp-block-image-medium  iframe-dw\">\n\t<div>\n\t\t<iframe class=\"absolute w-full h-full pin-t pin-l\" title=\"titolo\" aria-label=\"Interactive line chart\" src=\"\/\/datawrapper.dwcdn.net\/ttKtl\/\" scrolling=\"no\" frameborder=\"0\"><\/iframe>\n\t<\/div>\n<\/div>\n\n\n\n<p>Ya se ha establecido un calendario.<\/p>\n\n\n\n<ul class=\"wp-block-list\">\n<li>Ya se ha celebrado una primera reuni\u00f3n, previa a la sesi\u00f3n informal de reflexi\u00f3n de los l\u00edderes de la Uni\u00f3n del 12 de febrero, que tendr\u00e1 lugar en Alden Biesen, en B\u00e9lgica: el 28 de enero se organiz\u00f3 una videoconferencia.\u00a0<\/li>\n\n\n\n<li>Los ministros de Finanzas de los seis pa\u00edses abordaron, en particular, la cuesti\u00f3n del refuerzo de la competitividad y las capacidades de defensa.<\/li>\n\n\n\n<li>Klingbeil declar\u00f3 tras la reuni\u00f3n: \u00abComo seis grandes econom\u00edas europeas, ahora queremos ser los motores\u00bb. \u00abNosotros damos el impulso, otros pueden unirse a nosotros. Lo importante es reforzar nuestra competitividad y nuestra capacidad de defensa\u00bb&nbsp;<span class='whitespace-nowrap'><span id='easy-footnote-3-89574' class='easy-footnote-margin-adjust'><\/span><span class='easy-footnote'><a href='https:\/\/legrandcontinent.eu\/es\/2026\/02\/02\/el-plan-klingbeil-para-una-europa-de-los-seis\/#easy-footnote-bottom-3-89574' title='Maria Martinez, Victoria Waldersee,&lt;a href=&quot;https:\/\/www.reuters.com\/business\/germany-hold-call-with-select-eu-states-push-twospeed-europe-2026-01-28\/&quot;&gt; Six European economies vow to drive progress on stalled projects&lt;\/a&gt;, &lt;em&gt;Reuters&lt;\/em&gt;, 28 de enero de 2026.'><sup>3<\/sup><\/a><\/span><\/span>.<\/li>\n<\/ul>\n\n\n\n<p>La \u00abEuropa de dos velocidades\u00bb, liderada por un n\u00facleo duro, es una vieja idea en Alemania. Fue Sch\u00e4uble quien formul\u00f3 la idea de una \u00abEuropa de dos velocidades\u00bb (KernEuropa) ya en 1994, cuando la construcci\u00f3n europea s\u00f3lo contaba con 12 Estados miembros.<\/p>\n\n\n\n<ul class=\"wp-block-list\">\n<li>Fran\u00e7ois Hollande hablaba en 2015 de la creaci\u00f3n, \u00abcon los pa\u00edses que lo decidan\u00bb, de una \u00abvanguardia\u00bb de la Uni\u00f3n Europea.<\/li>\n\n\n\n<li>Emmanuel Macron tambi\u00e9n declar\u00f3 en su discurso en la Sorbona en 2017: \u00abEuropa ya es de varias velocidades, \u00a1as\u00ed que no tengamos miedo de decirlo y de quererlo!\u00bb. \u00abNing\u00fan Estado debe quedar excluido de esta din\u00e1mica, pero ning\u00fan pa\u00eds debe poder bloquear a aquellos que quieren avanzar m\u00e1s r\u00e1pido o m\u00e1s lejos\u00bb.<\/li>\n<\/ul>\n","protected":false},"excerpt":{"rendered":"<p>\u00abAhora se trata de apostar por nuestras propias fuerzas\u00bb.<\/p>\n<p>El 27 de enero, durante una conferencia organizada en Berl\u00edn por el peri\u00f3dico Die Welt, el ministro de Finanzas alem\u00e1n y vicecanciller del Gobierno de Friedrich Metz anunci\u00f3 lo que podr\u00eda convertirse en una revoluci\u00f3n en la gobernanza europea: la b\u00fasqueda activa de una Europa de dos velocidades para avanzar en algunos temas clave.<\/p>\n","protected":false},"author":1366,"featured_media":89573,"comment_status":"closed","ping_status":"closed","sticky":false,"template":"templates\/post-briefings.php","format":"standard","meta":{"_acf_changed":true,"_trash_the_other_posts":false,"_yoast_wpseo_estimated-reading-time-minutes":3,"footnotes":""},"categories":[6],"tags":[],"staff":[],"editorial_format":[],"serie":[],"audience":[],"geo":[177],"class_list":["post-89574","post","type-post","status-publish","format-standard","hentry","category-politica","geo-europa"],"acf":{"open_in_webview":false,"accent":false},"yoast_head":"<!-- This site is optimized with the Yoast SEO plugin v26.1.1 - https:\/\/yoast.com\/wordpress\/plugins\/seo\/ -->\n<title>El plan Klingbeil para una Europa de los seis\u00a0 - El Grand Continent<\/title>\n<meta name=\"robots\" content=\"index, follow, max-snippet:-1, max-image-preview:large, max-video-preview:-1\" \/>\n<link rel=\"canonical\" href=\"https:\/\/legrandcontinent.eu\/es\/2026\/02\/02\/el-plan-klingbeil-para-una-europa-de-los-seis\/\" \/>\n<meta property=\"og:locale\" content=\"es_ES\" \/>\n<meta property=\"og:type\" content=\"article\" \/>\n<meta property=\"og:title\" content=\"El plan Klingbeil para una Europa de los seis\u00a0 - El Grand Continent\" \/>\n<meta property=\"og:description\" content=\"\u00abAhora se trata de apostar por nuestras propias fuerzas\u00bb.  El 27 de enero, durante una conferencia organizada en Berl\u00edn por el peri\u00f3dico Die Welt, el ministro de Finanzas alem\u00e1n y vicecanciller del Gobierno de Friedrich Metz anunci\u00f3 lo que podr\u00eda convertirse en una revoluci\u00f3n en la gobernanza europea: la b\u00fasqueda activa de una Europa de dos velocidades para avanzar en algunos temas clave.\" \/>\n<meta property=\"og:url\" content=\"https:\/\/legrandcontinent.eu\/es\/2026\/02\/02\/el-plan-klingbeil-para-una-europa-de-los-seis\/\" \/>\n<meta property=\"og:site_name\" content=\"El Grand Continent\" \/>\n<meta property=\"article:published_time\" content=\"2026-02-02T05:30:00+00:00\" \/>\n<meta property=\"og:image\" content=\"https:\/\/legrandcontinent.eu\/es\/wp-content\/uploads\/sites\/6\/2026\/02\/gc-elseis-scaled.jpg\" \/>\n\t<meta property=\"og:image:width\" content=\"2560\" \/>\n\t<meta property=\"og:image:height\" content=\"1440\" \/>\n\t<meta property=\"og:image:type\" content=\"image\/jpeg\" \/>\n<meta name=\"author\" content=\"florent\" \/>\n<meta name=\"twitter:card\" content=\"summary_large_image\" \/>\n<meta name=\"twitter:image\" content=\"https:\/\/legrandcontinent.eu\/es\/wp-content\/uploads\/sites\/6\/2026\/02\/gc-elseis-scaled.jpg\" \/>\n<meta name=\"twitter:label1\" content=\"Escrito por\" \/>\n\t<meta name=\"twitter:data1\" content=\"florent\" \/>\n\t<meta name=\"twitter:label2\" content=\"Tiempo de lectura\" \/>\n\t<meta name=\"twitter:data2\" content=\"3 minutos\" \/>\n<script type=\"application\/ld+json\" class=\"yoast-schema-graph\">{\"@context\":\"https:\/\/schema.org\",\"@graph\":[{\"@type\":\"WebPage\",\"@id\":\"https:\/\/legrandcontinent.eu\/es\/2026\/02\/02\/el-plan-klingbeil-para-una-europa-de-los-seis\/\",\"url\":\"https:\/\/legrandcontinent.eu\/es\/2026\/02\/02\/el-plan-klingbeil-para-una-europa-de-los-seis\/\",\"name\":\"El plan Klingbeil para una Europa de los seis\u00a0 - El Grand Continent\",\"isPartOf\":{\"@id\":\"https:\/\/legrandcontinent.eu\/es\/#website\"},\"primaryImageOfPage\":{\"@id\":\"https:\/\/legrandcontinent.eu\/es\/2026\/02\/02\/el-plan-klingbeil-para-una-europa-de-los-seis\/#primaryimage\"},\"image\":{\"@id\":\"https:\/\/legrandcontinent.eu\/es\/2026\/02\/02\/el-plan-klingbeil-para-una-europa-de-los-seis\/#primaryimage\"},\"thumbnailUrl\":\"https:\/\/legrandcontinent.eu\/es\/wp-content\/uploads\/sites\/2\/2026\/02\/Capture-decran-2026-02-01-a-22.10.48.png\",\"datePublished\":\"2026-02-02T05:30:00+00:00\",\"author\":{\"@id\":\"https:\/\/legrandcontinent.eu\/es\/#\/schema\/person\/cdd782c93d4a9eda86ab19a8c01cdf5c\"},\"breadcrumb\":{\"@id\":\"https:\/\/legrandcontinent.eu\/es\/2026\/02\/02\/el-plan-klingbeil-para-una-europa-de-los-seis\/#breadcrumb\"},\"inLanguage\":\"es\",\"potentialAction\":[{\"@type\":\"ReadAction\",\"target\":[\"https:\/\/legrandcontinent.eu\/es\/2026\/02\/02\/el-plan-klingbeil-para-una-europa-de-los-seis\/\"]}]},{\"@type\":\"ImageObject\",\"inLanguage\":\"es\",\"@id\":\"https:\/\/legrandcontinent.eu\/es\/2026\/02\/02\/el-plan-klingbeil-para-una-europa-de-los-seis\/#primaryimage\",\"url\":\"https:\/\/legrandcontinent.eu\/es\/wp-content\/uploads\/sites\/2\/2026\/02\/Capture-decran-2026-02-01-a-22.10.48.png\",\"contentUrl\":\"https:\/\/legrandcontinent.eu\/es\/wp-content\/uploads\/sites\/2\/2026\/02\/Capture-decran-2026-02-01-a-22.10.48.png\",\"width\":1814,\"height\":1012},{\"@type\":\"BreadcrumbList\",\"@id\":\"https:\/\/legrandcontinent.eu\/es\/2026\/02\/02\/el-plan-klingbeil-para-una-europa-de-los-seis\/#breadcrumb\",\"itemListElement\":[{\"@type\":\"ListItem\",\"position\":1,\"name\":\"Home\",\"item\":\"https:\/\/legrandcontinent.eu\/es\/\"},{\"@type\":\"ListItem\",\"position\":2,\"name\":\"El plan Klingbeil para una Europa de los seis\u00a0\"}]},{\"@type\":\"WebSite\",\"@id\":\"https:\/\/legrandcontinent.eu\/es\/#website\",\"url\":\"https:\/\/legrandcontinent.eu\/es\/\",\"name\":\"El Grand Continent\",\"description\":\"La escala pertinente\",\"potentialAction\":[{\"@type\":\"SearchAction\",\"target\":{\"@type\":\"EntryPoint\",\"urlTemplate\":\"https:\/\/legrandcontinent.eu\/es\/?s={search_term_string}\"},\"query-input\":{\"@type\":\"PropertyValueSpecification\",\"valueRequired\":true,\"valueName\":\"search_term_string\"}}],\"inLanguage\":\"es\"},{\"@type\":\"Person\",\"@id\":\"https:\/\/legrandcontinent.eu\/es\/#\/schema\/person\/cdd782c93d4a9eda86ab19a8c01cdf5c\",\"name\":\"florent\",\"image\":{\"@type\":\"ImageObject\",\"inLanguage\":\"es\",\"@id\":\"https:\/\/legrandcontinent.eu\/es\/#\/schema\/person\/image\/\",\"url\":\"https:\/\/secure.gravatar.com\/avatar\/0d38d78c90602daf39b309035cdac6bc?s=96&d=mm&r=g\",\"contentUrl\":\"https:\/\/secure.gravatar.com\/avatar\/0d38d78c90602daf39b309035cdac6bc?s=96&d=mm&r=g\",\"caption\":\"florent\"}}]}<\/script>\n<!-- \/ Yoast SEO plugin. -->","yoast_head_json":{"title":"El plan Klingbeil para una Europa de los seis\u00a0 - El Grand Continent","robots":{"index":"index","follow":"follow","max-snippet":"max-snippet:-1","max-image-preview":"max-image-preview:large","max-video-preview":"max-video-preview:-1"},"canonical":"https:\/\/legrandcontinent.eu\/es\/2026\/02\/02\/el-plan-klingbeil-para-una-europa-de-los-seis\/","og_locale":"es_ES","og_type":"article","og_title":"El plan Klingbeil para una Europa de los seis\u00a0 - El Grand Continent","og_description":"\u00abAhora se trata de apostar por nuestras propias fuerzas\u00bb.  El 27 de enero, durante una conferencia organizada en Berl\u00edn por el peri\u00f3dico Die Welt, el ministro de Finanzas alem\u00e1n y vicecanciller del Gobierno de Friedrich Metz anunci\u00f3 lo que podr\u00eda convertirse en una revoluci\u00f3n en la gobernanza europea: la b\u00fasqueda activa de una Europa de dos velocidades para avanzar en algunos temas clave.","og_url":"https:\/\/legrandcontinent.eu\/es\/2026\/02\/02\/el-plan-klingbeil-para-una-europa-de-los-seis\/","og_site_name":"El Grand Continent","article_published_time":"2026-02-02T05:30:00+00:00","og_image":[{"width":2560,"height":1440,"url":"https:\/\/legrandcontinent.eu\/es\/wp-content\/uploads\/sites\/6\/2026\/02\/gc-elseis-scaled.jpg","type":"image\/jpeg"}],"author":"florent","twitter_card":"summary_large_image","twitter_image":"https:\/\/legrandcontinent.eu\/es\/wp-content\/uploads\/sites\/6\/2026\/02\/gc-elseis-scaled.jpg","twitter_misc":{"Escrito por":"florent","Tiempo de lectura":"3 minutos"},"schema":{"@context":"https:\/\/schema.org","@graph":[{"@type":"WebPage","@id":"https:\/\/legrandcontinent.eu\/es\/2026\/02\/02\/el-plan-klingbeil-para-una-europa-de-los-seis\/","url":"https:\/\/legrandcontinent.eu\/es\/2026\/02\/02\/el-plan-klingbeil-para-una-europa-de-los-seis\/","name":"El plan Klingbeil para una Europa de los seis\u00a0 - El Grand Continent","isPartOf":{"@id":"https:\/\/legrandcontinent.eu\/es\/#website"},"primaryImageOfPage":{"@id":"https:\/\/legrandcontinent.eu\/es\/2026\/02\/02\/el-plan-klingbeil-para-una-europa-de-los-seis\/#primaryimage"},"image":{"@id":"https:\/\/legrandcontinent.eu\/es\/2026\/02\/02\/el-plan-klingbeil-para-una-europa-de-los-seis\/#primaryimage"},"thumbnailUrl":"https:\/\/legrandcontinent.eu\/es\/wp-content\/uploads\/sites\/2\/2026\/02\/Capture-decran-2026-02-01-a-22.10.48.png","datePublished":"2026-02-02T05:30:00+00:00","author":{"@id":"https:\/\/legrandcontinent.eu\/es\/#\/schema\/person\/cdd782c93d4a9eda86ab19a8c01cdf5c"},"breadcrumb":{"@id":"https:\/\/legrandcontinent.eu\/es\/2026\/02\/02\/el-plan-klingbeil-para-una-europa-de-los-seis\/#breadcrumb"},"inLanguage":"es","potentialAction":[{"@type":"ReadAction","target":["https:\/\/legrandcontinent.eu\/es\/2026\/02\/02\/el-plan-klingbeil-para-una-europa-de-los-seis\/"]}]},{"@type":"ImageObject","inLanguage":"es","@id":"https:\/\/legrandcontinent.eu\/es\/2026\/02\/02\/el-plan-klingbeil-para-una-europa-de-los-seis\/#primaryimage","url":"https:\/\/legrandcontinent.eu\/es\/wp-content\/uploads\/sites\/2\/2026\/02\/Capture-decran-2026-02-01-a-22.10.48.png","contentUrl":"https:\/\/legrandcontinent.eu\/es\/wp-content\/uploads\/sites\/2\/2026\/02\/Capture-decran-2026-02-01-a-22.10.48.png","width":1814,"height":1012},{"@type":"BreadcrumbList","@id":"https:\/\/legrandcontinent.eu\/es\/2026\/02\/02\/el-plan-klingbeil-para-una-europa-de-los-seis\/#breadcrumb","itemListElement":[{"@type":"ListItem","position":1,"name":"Home","item":"https:\/\/legrandcontinent.eu\/es\/"},{"@type":"ListItem","position":2,"name":"El plan Klingbeil para una Europa de los seis\u00a0"}]},{"@type":"WebSite","@id":"https:\/\/legrandcontinent.eu\/es\/#website","url":"https:\/\/legrandcontinent.eu\/es\/","name":"El Grand Continent","description":"La escala pertinente","potentialAction":[{"@type":"SearchAction","target":{"@type":"EntryPoint","urlTemplate":"https:\/\/legrandcontinent.eu\/es\/?s={search_term_string}"},"query-input":{"@type":"PropertyValueSpecification","valueRequired":true,"valueName":"search_term_string"}}],"inLanguage":"es"},{"@type":"Person","@id":"https:\/\/legrandcontinent.eu\/es\/#\/schema\/person\/cdd782c93d4a9eda86ab19a8c01cdf5c","name":"florent","image":{"@type":"ImageObject","inLanguage":"es","@id":"https:\/\/legrandcontinent.eu\/es\/#\/schema\/person\/image\/","url":"https:\/\/secure.gravatar.com\/avatar\/0d38d78c90602daf39b309035cdac6bc?s=96&d=mm&r=g","contentUrl":"https:\/\/secure.gravatar.com\/avatar\/0d38d78c90602daf39b309035cdac6bc?s=96&d=mm&r=g","caption":"florent"}}]}},"lgc_categories":[{"id":6,"name":"Pol\u00edtica","slug":"politica"}],"lgc_author":null,"feature_image_summary":{"url":"https:\/\/legrandcontinent.eu\/es\/wp-content\/uploads\/sites\/2\/2026\/02\/Capture-decran-2026-02-01-a-22.10.48.png","width":1814,"height":1012,"alt":""},"feature_image_cover":null,"term_position_data":null,"_links":{"self":[{"href":"https:\/\/legrandcontinent.eu\/es\/wp-json\/wp\/v2\/posts\/89574","targetHints":{"allow":["GET"]}}],"collection":[{"href":"https:\/\/legrandcontinent.eu\/es\/wp-json\/wp\/v2\/posts"}],"about":[{"href":"https:\/\/legrandcontinent.eu\/es\/wp-json\/wp\/v2\/types\/post"}],"author":[{"embeddable":true,"href":"https:\/\/legrandcontinent.eu\/es\/wp-json\/wp\/v2\/users\/1366"}],"replies":[{"embeddable":true,"href":"https:\/\/legrandcontinent.eu\/es\/wp-json\/wp\/v2\/comments?post=89574"}],"version-history":[{"count":5,"href":"https:\/\/legrandcontinent.eu\/es\/wp-json\/wp\/v2\/posts\/89574\/revisions"}],"predecessor-version":[{"id":89580,"href":"https:\/\/legrandcontinent.eu\/es\/wp-json\/wp\/v2\/posts\/89574\/revisions\/89580"}],"wp:featuredmedia":[{"embeddable":true,"href":"https:\/\/legrandcontinent.eu\/es\/wp-json\/wp\/v2\/media\/89573"}],"wp:attachment":[{"href":"https:\/\/legrandcontinent.eu\/es\/wp-json\/wp\/v2\/media?parent=89574"}],"wp:term":[{"taxonomy":"category","embeddable":true,"href":"https:\/\/legrandcontinent.eu\/es\/wp-json\/wp\/v2\/categories?post=89574"},{"taxonomy":"post_tag","embeddable":true,"href":"https:\/\/legrandcontinent.eu\/es\/wp-json\/wp\/v2\/tags?post=89574"},{"taxonomy":"staff","embeddable":true,"href":"https:\/\/legrandcontinent.eu\/es\/wp-json\/wp\/v2\/staff?post=89574"},{"taxonomy":"editorial_format","embeddable":true,"href":"https:\/\/legrandcontinent.eu\/es\/wp-json\/wp\/v2\/editorial_format?post=89574"},{"taxonomy":"serie","embeddable":true,"href":"https:\/\/legrandcontinent.eu\/es\/wp-json\/wp\/v2\/serie?post=89574"},{"taxonomy":"audience","embeddable":true,"href":"https:\/\/legrandcontinent.eu\/es\/wp-json\/wp\/v2\/audience?post=89574"},{"taxonomy":"geo","embeddable":true,"href":"https:\/\/legrandcontinent.eu\/es\/wp-json\/wp\/v2\/geo?post=89574"}],"curies":[{"name":"wp","href":"https:\/\/api.w.org\/{rel}","templated":true}]}}