{"id":847,"date":"2021-02-22T06:30:00","date_gmt":"2021-02-22T06:30:00","guid":{"rendered":"https:\/\/legrandcontinent.eu\/es\/?p=847"},"modified":"2022-05-31T15:45:07","modified_gmt":"2022-05-31T14:45:07","slug":"geopolitica-de-la-carrera-hacia-la-vacuna-contra-el-covid-19","status":"publish","type":"post","link":"https:\/\/legrandcontinent.eu\/es\/2021\/02\/22\/geopolitica-de-la-carrera-hacia-la-vacuna-contra-el-covid-19\/","title":{"rendered":"Geopol\u00edtica de la carrera hacia la vacuna contra el Covid-19"},"content":{"rendered":"\n<p>Nota bene: los datos de este art\u00edculo se actualizan una vez al d\u00eda a las 19:00 en el <a href=\"https:\/\/legrandcontinent.eu\/fr\/observatoire-coronavirus\/\">Observatorio geopol\u00edtico del Covid-19<\/a>.<\/p>\n\n\n\n<h2 class=\"wp-block-heading\"><strong>\u00bfC\u00f3mo est\u00e1 yendo la vacunaci\u00f3n a escala continental?<\/strong><\/h2>\n\n\n\n<div class=\"iframe-container wp-block-image wp-block-image-medium  iframe-dw\">\n\t<div>\n\t\t<iframe class=\"absolute w-full h-full pin-t pin-l\" title=\"titolo\" aria-label=\"Interactive line chart\" src=\"\/\/datawrapper.dwcdn.net\/R6RdD\/1\/\" scrolling=\"no\" frameborder=\"0\"><\/iframe>\n\t<\/div>\n<\/div>\n\n\n\n<p>La coordinaci\u00f3n de la estrategia de vacunaci\u00f3n a nivel europeo fue ideada por la Comisi\u00f3n con el fin de limitar los efectos de la competici\u00f3n entre los Estados miembros. Se constata que este enfoque unificado ha contribuido a una homogeneizaci\u00f3n del reparto de vacunas a escala continental: el porcentaje de poblaci\u00f3n vacunada en Ruman\u00eda (2.63%) es superior al de Alemania (1.82%). En cambio, la heterogeneidad de capacidades log\u00edsticas nacionales es un factor de diferenciaci\u00f3n importante entre los pa\u00edses.<\/p>\n\n\n\n<div class=\"iframe-container wp-block-image wp-block-image-medium  iframe-dw\">\n\t<div>\n\t\t<iframe class=\"absolute w-full h-full pin-t pin-l\" title=\"titolo\" aria-label=\"Interactive line chart\" src=\"\/\/datawrapper.dwcdn.net\/HdoxW\/1\/\" scrolling=\"no\" frameborder=\"0\"><\/iframe>\n\t<\/div>\n<\/div>\n\n\n\n<h2 class=\"wp-block-heading\">&nbsp;<strong>\u00bfQu\u00e9 nivel de confianza en las vacunas contra el Covid-19 hay?<\/strong><\/h2>\n\n\n\n<div class=\"iframe-container wp-block-image wp-block-image-medium  iframe-dw\">\n\t<div>\n\t\t<iframe class=\"absolute w-full h-full pin-t pin-l\" title=\"titolo\" aria-label=\"Interactive line chart\" src=\"\/\/datawrapper.dwcdn.net\/KcUxp\/1\/\" scrolling=\"no\" frameborder=\"0\"><\/iframe>\n\t<\/div>\n<\/div>\n\n\n\n<p>La confianza en el Reino Unido va en aumento gracias a una estrategia centrada en la vacunaci\u00f3n masiva de la poblaci\u00f3n. La confianza se ha convertido en un tema central a lo largo del debate pol\u00edtico relativo a la Covid-19. En la cuesti\u00f3n de las vacunas, conlleva una paradoja importante. La creaci\u00f3n de una vacuna en tiempo r\u00e9cord es fruto de un gran progreso cient\u00edfico y t\u00e9cnico, pero viene acompa\u00f1ada de un recrudecimiento de la desconfianza y de la inquietud de las populaciones. Vemos que la confianza gana terreno en Francia, pero sigue siendo muy baja en comparaci\u00f3n con el resto de pa\u00edses representados.<\/p>\n\n\n\n<h2 class=\"wp-block-heading\"><strong>\u00bfQu\u00e9 log\u00edstica para distribuir la vacuna?<\/strong><\/h2>\n\n\n\n<div class=\"iframe-container wp-block-image wp-block-image-medium  iframe-dw\">\n\t<div>\n\t\t<iframe class=\"absolute w-full h-full pin-t pin-l\" title=\"titolo\" aria-label=\"Interactive line chart\" src=\"\/\/datawrapper.dwcdn.net\/ES6nv\/1\/\" scrolling=\"no\" frameborder=\"0\"><\/iframe>\n\t<\/div>\n<\/div>\n\n\n\n<p>La campa\u00f1a de vacunaci\u00f3n contra el Covid-19 es un desaf\u00edo log\u00edstico sin precedentes. Esta representaci\u00f3n gr\u00e1fica permite constatar las diferencias de temperatura necesaria para garantizar la integridad de la cadena de fr\u00edo para el almacenamiento de cada vacuna. Se constata adem\u00e1s que la tecnolog\u00eda de ARN mensajero utilizada en la vacuna Pfizer\/BioNTech precisa una temperatura particularmente baja para su conservaci\u00f3n y distribuci\u00f3n. La vacuna Moderna utiliza igualmente esta tecnolog\u00eda, pero sus requisitos de conservaci\u00f3n son menos elevados. El imperativo de garantizar la cadena de fr\u00edo es un factor importante que trastorna la log\u00edstica de almacenamiento y de distribuci\u00f3n habitual. Cabe destacar que si bien la vacuna desarrollada por Johnson &amp; Johnson puede almacenarse a -20\u00baC durante dos a\u00f1os, tambi\u00e9n puede conservarse hasta tres meses entre 2 y 8\u00baC.<\/p>\n\n\n\n<div class=\"iframe-container wp-block-image wp-block-image-medium  iframe-dw\">\n\t<div>\n\t\t<iframe class=\"absolute w-full h-full pin-t pin-l\" title=\"titolo\" aria-label=\"Interactive line chart\" src=\"\/\/datawrapper.dwcdn.net\/UAzoL\/2\/\" scrolling=\"no\" frameborder=\"0\"><\/iframe>\n\t<\/div>\n<\/div>\n\n\n\n<p>La carrera por las vacunas es transaccional. Este gr\u00e1fico permite constatar la considerable diferencia de precio por dosis entre las vacunas, particularmente entre la de AstraZeneca y las otras. El gr\u00e1fico tambi\u00e9n ofrece una representaci\u00f3n visual de la estrategia de negociaci\u00f3n de la Uni\u00f3n Europea, que est\u00e1 especialmente centrada en el precio. Por tanto, la brecha con Estados Unidos es sorprendente en las vacunas Janssen, Pfizer\/BioNTech, AstraZeneca y Sanofi. Hay una excepci\u00f3n en el caso de la vacuna Moderna. Es importante tener en cuenta el acuerdo entre la empresa estadounidense y la Uni\u00f3n Europea, que es uno de los acuerdos firmados por la UE que menos dosis incluye.<\/p>\n\n\n\n<h2 class=\"wp-block-heading\"><strong>El poder frente al Covid-19, \u00bfc\u00f3mo analizar las diferencias a escala global?<\/strong><\/h2>\n\n\n\n<p>Una crisis de esta envergadura saca a relucir las peque\u00f1as se\u00f1ales y las fuertes tendencias que est\u00e1n redefiniendo la tect\u00f3nica de placas.<\/p>\n\n\n\n<div class=\"iframe-container wp-block-image wp-block-image-large  iframe-dw\">\n\t<div>\n\t\t<iframe class=\"absolute w-full h-full pin-t pin-l\" title=\"titolo\" aria-label=\"Interactive line chart\" src=\"\/\/datawrapper.dwcdn.net\/9ccgp\/1\/\" scrolling=\"no\" frameborder=\"0\"><\/iframe>\n\t<\/div>\n<\/div>\n\n\n\n<p>Queremos subrayar dos tendencias:<\/p>\n\n\n\n<ol class=\"wp-block-list\"><li>El acceso a datos no es homog\u00e9neo a escala global: no disponemos de datos sobre las campa\u00f1as de vacunaci\u00f3n en China o en Arabia Saud\u00ed. Esto refleja y amplifica el cuestionamiento del principio de gobernanza global.<\/li><li>La divergencia de poder se refleja en el nivel de integraci\u00f3n regional (M\u00e9xico tiene m\u00e1s personas vacunadas que Jap\u00f3n) o en las capacidades de producci\u00f3n.&nbsp;<\/li><\/ol>\n\n\n\n<div class=\"iframe-container wp-block-image wp-block-image-medium  iframe-dw\">\n\t<div>\n\t\t<iframe class=\"absolute w-full h-full pin-t pin-l\" title=\"titolo\" aria-label=\"Interactive line chart\" src=\"\/\/datawrapper.dwcdn.net\/fTPAe\/1\/\" scrolling=\"no\" frameborder=\"0\"><\/iframe>\n\t<\/div>\n<\/div>\n\n\n\n<p>Israel es la clara excepci\u00f3n: un estado de cosas que resulta de una estrategia at\u00edpica en todos los frentes. Entre las causas que lo puede explicar: una poblaci\u00f3n relativamente peque\u00f1a con un PIB elevado, grandes capacidades log\u00edsticas, la disponibilidad de Pfizer para distribuir&nbsp; una determinada cantidad de dosis para demostrar la eficacia de su vacuna, la voluntad pol\u00edtica de afirmar su singularidad.<\/p>\n\n\n\n<h2 class=\"wp-block-heading\"><strong>\u00bfLa carrera por la vacuna acrecienta las desigualdades?<\/strong><\/h2>\n\n\n\n<div class=\"iframe-container wp-block-image wp-block-image-medium  iframe-dw\">\n\t<div>\n\t\t<iframe class=\"absolute w-full h-full pin-t pin-l\" title=\"titolo\" aria-label=\"Interactive line chart\" src=\"\/\/datawrapper.dwcdn.net\/W5uNW\/1\/\" scrolling=\"no\" frameborder=\"0\"><\/iframe>\n\t<\/div>\n<\/div>\n\n\n\n<p>La desigualdad en el acceso a la vacuna est\u00e1 a la vista de todos. Este gr\u00e1fico muestra la desigualdad en el acceso a la vacuna bajo el prisma de una clasificaci\u00f3n sobre la escala de ingresos. Haciendo esto, podemos constatar que el nivel de renta de un pa\u00eds es un factor determinante en dicho acceso. Tener una renta elevada favorece el acceso de manera desproporcionada en comparaci\u00f3n con los dem\u00e1s factores estudiados. El acceso decrece proporcionalmente al grado de pobreza. Al mismo tiempo, la vulnerabilidad de las poblaciones de los pa\u00edses de bajos ingresos es mayor. Estas representaciones deben ser tenidas en cuenta por la iniciativa Covax, que tiene como objetivo compensar este desequilibrio asegurando un acceso r\u00e1pido y equitativo para todos los pa\u00edses a las vacunas contra el Covid-19, independientemente de su nivel de ingresos.<\/p>\n\n\n\n<h2 class=\"wp-block-heading\"><strong>\u00bfEl acceso a las vacunas contra el Covid-19 configura una geopol\u00edtica multiescalar y multilateral?<\/strong><\/h2>\n\n\n\n<div class=\"iframe-container wp-block-image wp-block-image-medium  iframe-dw\">\n\t<div>\n\t\t<iframe class=\"absolute w-full h-full pin-t pin-l\" title=\"titolo\" aria-label=\"Interactive line chart\" src=\"\/\/datawrapper.dwcdn.net\/qUvnJ\/2\/\" scrolling=\"no\" frameborder=\"0\"><\/iframe>\n\t<\/div>\n<\/div>\n\n\n\n<p>La carrera por la vacuna muestra el car\u00e1cter pluridimensional y multinacional del poder. El papel de los grandes grupos farmac\u00e9uticos se refleja as\u00ed tanto en t\u00e9rminos de cuota de mercado como de presencia en el mundo. Constatamos en este sentido la omnipresencia de Janssen, Pfizer y AstraZeneca, as\u00ed como la diferencia de escala entre Estados Unidos y la Uni\u00f3n Europea, por un lado, y otras \u00e1reas regionales, por otro.<\/p>\n\n\n\n<p>En la Uni\u00f3n Europea, Hungr\u00eda es el \u00fanico pa\u00eds que ha firmado acuerdos con Rusia y China para la compra de vacunas.<\/p>\n\n\n\n<div class=\"iframe-container wp-block-image wp-block-image-large  iframe-dw\">\n\t<div>\n\t\t<iframe class=\"absolute w-full h-full pin-t pin-l\" title=\"titolo\" aria-label=\"Interactive line chart\" src=\"\/\/datawrapper.dwcdn.net\/JIlnm\/2\/\" scrolling=\"no\" frameborder=\"0\"><\/iframe>\n\t<\/div>\n<\/div>\n\n\n\n<p>La regulaci\u00f3n se crea cada vez m\u00e1s a escala continental. Esto se puede ver en el enfoque unificado y centrado en varias vacunas de la Uni\u00f3n, aunque es importante contrastarlo con los retrasos en la distribuci\u00f3n y producci\u00f3n de vacunas en Europa. Este mapa permite igualmente ver la dependencia de la casi totalidad del continente africano y del Sudeste Asi\u00e1tico con respecto a los procesos de desarrollo y aprobaci\u00f3n de las grandes potencias o de marco de la OMS (Covax). Tambi\u00e9n muestra las nuevas relaciones de influencia, ya que se puede inferir la influencia de actores sist\u00e9micos no occidentales a trav\u00e9s de, por ejemplo, la difusi\u00f3n de vacunas chinas y rusas.<\/p>\n\n\n\n<h2 class=\"wp-block-heading\"><strong>Estudio de caso: el poder en la pr\u00e1ctica<\/strong><\/h2>\n\n\n\n<p>La curva de Estados Unidos es una muestra de una superpotencia que no parece estar asumiendo un papel de liderazgo en este momento, al no responder al llamado para enviar el 5% de las vacunas estadounidenses y europeas a pa\u00edses en desarrollo, una iniciativa de Francia y Alemania.<\/p>\n\n\n\n<div class=\"iframe-container wp-block-image wp-block-image-medium  iframe-dw\">\n\t<div>\n\t\t<iframe class=\"absolute w-full h-full pin-t pin-l\" title=\"titolo\" aria-label=\"Interactive line chart\" src=\"\/\/datawrapper.dwcdn.net\/CNSTk\/1\/\" scrolling=\"no\" frameborder=\"0\"><\/iframe>\n\t<\/div>\n<\/div>\n\n\n\n<p>Este gr\u00e1fico indica el auge de la campa\u00f1a de vacunaci\u00f3n en todo el mundo. Se puede apreciar una evoluci\u00f3n progresiva en el conjunto de los pa\u00edses en los primeros 20 d\u00edas del mes de enero de 2021. Estados Unidos destaca por un crecimiento repentino de los esfuerzos de vacunaci\u00f3n a partir del 9 de enero de 2021, aumentando de manera exponencial desde dicha fecha.&nbsp;<\/p>\n\n\n\n<div class=\"iframe-container wp-block-image wp-block-image-medium  iframe-dw\">\n\t<div>\n\t\t<iframe class=\"absolute w-full h-full pin-t pin-l\" title=\"titolo\" aria-label=\"Interactive line chart\" src=\"\/\/datawrapper.dwcdn.net\/5eSHd\/2\/\" scrolling=\"no\" frameborder=\"0\"><\/iframe>\n\t<\/div>\n<\/div>\n\n\n\n<p>El reparto de las dosis depende principalmente del nivel de renta de los pa\u00edses. La compra de dosis se ha estructurado hasta ahora alrededor de iniciativas unilaterales: Canad\u00e1, por ejemplo, ha comprado lo suficiente para administrar una dosis a cinco veces su poblaci\u00f3n.&nbsp;<\/p>\n","protected":false},"excerpt":{"rendered":"<p>La carrera hacia la vacuna est\u00e1 redefiniendo la geopol\u00edtica a escala mundial. \u00bfC\u00f3mo acceder a los datos correctos? \u00bfC\u00f3mo descifrar los cambios estructurales provocados por este trastorno? Esta p\u00e1gina ofrece un resumen esencial.<\/p>\n","protected":false},"author":10,"featured_media":916,"comment_status":"closed","ping_status":"closed","sticky":false,"template":"templates\/post-angles.php","format":"standard","meta":{"_acf_changed":false,"_trash_the_other_posts":false,"_yoast_wpseo_estimated-reading-time-minutes":6,"footnotes":""},"categories":[55],"tags":[],"staff":[],"editorial_format":[],"serie":[],"audience":[],"geo":[198],"class_list":["post-847","post","type-post","status-publish","format-standard","hentry","category-covid-19","geo-mundo"],"acf":{"open_in_webview":false,"accent":false},"yoast_head":"<!-- This site is optimized with the Yoast SEO plugin v26.1.1 - https:\/\/yoast.com\/wordpress\/plugins\/seo\/ -->\n<title>Geopol\u00edtica de la carrera hacia la vacuna contra el Covid-19 - El Grand Continent<\/title>\n<meta name=\"robots\" content=\"index, follow, max-snippet:-1, max-image-preview:large, max-video-preview:-1\" \/>\n<link rel=\"canonical\" href=\"https:\/\/legrandcontinent.eu\/es\/2021\/02\/22\/geopolitica-de-la-carrera-hacia-la-vacuna-contra-el-covid-19\/\" \/>\n<meta property=\"og:locale\" content=\"es_ES\" \/>\n<meta property=\"og:type\" content=\"article\" \/>\n<meta property=\"og:title\" content=\"Geopol\u00edtica de la carrera hacia la vacuna contra el Covid-19 - El Grand Continent\" \/>\n<meta property=\"og:description\" content=\"La carrera hacia la vacuna est\u00e1 redefiniendo la geopol\u00edtica a escala mundial. \u00bfC\u00f3mo acceder a los datos correctos? \u00bfC\u00f3mo descifrar los cambios estructurales provocados por este trastorno? Esta p\u00e1gina ofrece un resumen esencial.\" \/>\n<meta property=\"og:url\" content=\"https:\/\/legrandcontinent.eu\/es\/2021\/02\/22\/geopolitica-de-la-carrera-hacia-la-vacuna-contra-el-covid-19\/\" \/>\n<meta property=\"og:site_name\" content=\"El Grand Continent\" \/>\n<meta property=\"article:published_time\" content=\"2021-02-22T06:30:00+00:00\" \/>\n<meta property=\"article:modified_time\" content=\"2022-05-31T14:45:07+00:00\" \/>\n<meta property=\"og:image\" content=\"https:\/\/legrandcontinent.eu\/es\/wp-content\/uploads\/sites\/6\/2021\/02\/gc-vaccins.png\" \/>\n\t<meta property=\"og:image:width\" content=\"1338\" \/>\n\t<meta property=\"og:image:height\" content=\"770\" \/>\n\t<meta property=\"og:image:type\" content=\"image\/png\" \/>\n<meta name=\"author\" content=\"Matheo Malik\" \/>\n<meta name=\"twitter:card\" content=\"summary_large_image\" \/>\n<meta name=\"twitter:image\" content=\"https:\/\/legrandcontinent.eu\/es\/wp-content\/uploads\/sites\/6\/2021\/02\/gc-vaccins.png\" \/>\n<meta name=\"twitter:label1\" content=\"Escrito por\" \/>\n\t<meta name=\"twitter:data1\" content=\"Matheo Malik\" \/>\n\t<meta name=\"twitter:label2\" content=\"Tiempo de lectura\" \/>\n\t<meta name=\"twitter:data2\" content=\"6 minutos\" \/>\n<script type=\"application\/ld+json\" class=\"yoast-schema-graph\">{\"@context\":\"https:\/\/schema.org\",\"@graph\":[{\"@type\":\"WebPage\",\"@id\":\"https:\/\/legrandcontinent.eu\/es\/2021\/02\/22\/geopolitica-de-la-carrera-hacia-la-vacuna-contra-el-covid-19\/\",\"url\":\"https:\/\/legrandcontinent.eu\/es\/2021\/02\/22\/geopolitica-de-la-carrera-hacia-la-vacuna-contra-el-covid-19\/\",\"name\":\"Geopol\u00edtica de la carrera hacia la vacuna contra el Covid-19 - El Grand Continent\",\"isPartOf\":{\"@id\":\"https:\/\/legrandcontinent.eu\/es\/#website\"},\"primaryImageOfPage\":{\"@id\":\"https:\/\/legrandcontinent.eu\/es\/2021\/02\/22\/geopolitica-de-la-carrera-hacia-la-vacuna-contra-el-covid-19\/#primaryimage\"},\"image\":{\"@id\":\"https:\/\/legrandcontinent.eu\/es\/2021\/02\/22\/geopolitica-de-la-carrera-hacia-la-vacuna-contra-el-covid-19\/#primaryimage\"},\"thumbnailUrl\":\"https:\/\/legrandcontinent.eu\/es\/wp-content\/uploads\/sites\/6\/2021\/02\/reas_youtube_1-688x516-1.jpg\",\"datePublished\":\"2021-02-22T06:30:00+00:00\",\"dateModified\":\"2022-05-31T14:45:07+00:00\",\"author\":{\"@id\":\"https:\/\/legrandcontinent.eu\/es\/#\/schema\/person\/a1c2123a1ef5abd663fcde8f63063d45\"},\"breadcrumb\":{\"@id\":\"https:\/\/legrandcontinent.eu\/es\/2021\/02\/22\/geopolitica-de-la-carrera-hacia-la-vacuna-contra-el-covid-19\/#breadcrumb\"},\"inLanguage\":\"es\",\"potentialAction\":[{\"@type\":\"ReadAction\",\"target\":[\"https:\/\/legrandcontinent.eu\/es\/2021\/02\/22\/geopolitica-de-la-carrera-hacia-la-vacuna-contra-el-covid-19\/\"]}]},{\"@type\":\"ImageObject\",\"inLanguage\":\"es\",\"@id\":\"https:\/\/legrandcontinent.eu\/es\/2021\/02\/22\/geopolitica-de-la-carrera-hacia-la-vacuna-contra-el-covid-19\/#primaryimage\",\"url\":\"https:\/\/legrandcontinent.eu\/es\/wp-content\/uploads\/sites\/6\/2021\/02\/reas_youtube_1-688x516-1.jpg\",\"contentUrl\":\"https:\/\/legrandcontinent.eu\/es\/wp-content\/uploads\/sites\/6\/2021\/02\/reas_youtube_1-688x516-1.jpg\",\"width\":688,\"height\":516},{\"@type\":\"BreadcrumbList\",\"@id\":\"https:\/\/legrandcontinent.eu\/es\/2021\/02\/22\/geopolitica-de-la-carrera-hacia-la-vacuna-contra-el-covid-19\/#breadcrumb\",\"itemListElement\":[{\"@type\":\"ListItem\",\"position\":1,\"name\":\"Home\",\"item\":\"https:\/\/legrandcontinent.eu\/es\/\"},{\"@type\":\"ListItem\",\"position\":2,\"name\":\"Geopol\u00edtica de la carrera hacia la vacuna contra el Covid-19\"}]},{\"@type\":\"WebSite\",\"@id\":\"https:\/\/legrandcontinent.eu\/es\/#website\",\"url\":\"https:\/\/legrandcontinent.eu\/es\/\",\"name\":\"El Grand Continent\",\"description\":\"La escala pertinente\",\"potentialAction\":[{\"@type\":\"SearchAction\",\"target\":{\"@type\":\"EntryPoint\",\"urlTemplate\":\"https:\/\/legrandcontinent.eu\/es\/?s={search_term_string}\"},\"query-input\":{\"@type\":\"PropertyValueSpecification\",\"valueRequired\":true,\"valueName\":\"search_term_string\"}}],\"inLanguage\":\"es\"},{\"@type\":\"Person\",\"@id\":\"https:\/\/legrandcontinent.eu\/es\/#\/schema\/person\/a1c2123a1ef5abd663fcde8f63063d45\",\"name\":\"Matheo Malik\",\"image\":{\"@type\":\"ImageObject\",\"inLanguage\":\"es\",\"@id\":\"https:\/\/legrandcontinent.eu\/es\/#\/schema\/person\/image\/\",\"url\":\"https:\/\/secure.gravatar.com\/avatar\/62cbadb9f7f0804282928747d8d2051d?s=96&d=mm&r=g\",\"contentUrl\":\"https:\/\/secure.gravatar.com\/avatar\/62cbadb9f7f0804282928747d8d2051d?s=96&d=mm&r=g\",\"caption\":\"Matheo Malik\"}}]}<\/script>\n<!-- \/ Yoast SEO plugin. -->","yoast_head_json":{"title":"Geopol\u00edtica de la carrera hacia la vacuna contra el Covid-19 - El Grand Continent","robots":{"index":"index","follow":"follow","max-snippet":"max-snippet:-1","max-image-preview":"max-image-preview:large","max-video-preview":"max-video-preview:-1"},"canonical":"https:\/\/legrandcontinent.eu\/es\/2021\/02\/22\/geopolitica-de-la-carrera-hacia-la-vacuna-contra-el-covid-19\/","og_locale":"es_ES","og_type":"article","og_title":"Geopol\u00edtica de la carrera hacia la vacuna contra el Covid-19 - El Grand Continent","og_description":"La carrera hacia la vacuna est\u00e1 redefiniendo la geopol\u00edtica a escala mundial. \u00bfC\u00f3mo acceder a los datos correctos? \u00bfC\u00f3mo descifrar los cambios estructurales provocados por este trastorno? Esta p\u00e1gina ofrece un resumen esencial.","og_url":"https:\/\/legrandcontinent.eu\/es\/2021\/02\/22\/geopolitica-de-la-carrera-hacia-la-vacuna-contra-el-covid-19\/","og_site_name":"El Grand Continent","article_published_time":"2021-02-22T06:30:00+00:00","article_modified_time":"2022-05-31T14:45:07+00:00","og_image":[{"width":1338,"height":770,"url":"https:\/\/legrandcontinent.eu\/es\/wp-content\/uploads\/sites\/6\/2021\/02\/gc-vaccins.png","type":"image\/png"}],"author":"Matheo Malik","twitter_card":"summary_large_image","twitter_image":"https:\/\/legrandcontinent.eu\/es\/wp-content\/uploads\/sites\/6\/2021\/02\/gc-vaccins.png","twitter_misc":{"Escrito por":"Matheo Malik","Tiempo de lectura":"6 minutos"},"schema":{"@context":"https:\/\/schema.org","@graph":[{"@type":"WebPage","@id":"https:\/\/legrandcontinent.eu\/es\/2021\/02\/22\/geopolitica-de-la-carrera-hacia-la-vacuna-contra-el-covid-19\/","url":"https:\/\/legrandcontinent.eu\/es\/2021\/02\/22\/geopolitica-de-la-carrera-hacia-la-vacuna-contra-el-covid-19\/","name":"Geopol\u00edtica de la carrera hacia la vacuna contra el Covid-19 - El Grand Continent","isPartOf":{"@id":"https:\/\/legrandcontinent.eu\/es\/#website"},"primaryImageOfPage":{"@id":"https:\/\/legrandcontinent.eu\/es\/2021\/02\/22\/geopolitica-de-la-carrera-hacia-la-vacuna-contra-el-covid-19\/#primaryimage"},"image":{"@id":"https:\/\/legrandcontinent.eu\/es\/2021\/02\/22\/geopolitica-de-la-carrera-hacia-la-vacuna-contra-el-covid-19\/#primaryimage"},"thumbnailUrl":"https:\/\/legrandcontinent.eu\/es\/wp-content\/uploads\/sites\/6\/2021\/02\/reas_youtube_1-688x516-1.jpg","datePublished":"2021-02-22T06:30:00+00:00","dateModified":"2022-05-31T14:45:07+00:00","author":{"@id":"https:\/\/legrandcontinent.eu\/es\/#\/schema\/person\/a1c2123a1ef5abd663fcde8f63063d45"},"breadcrumb":{"@id":"https:\/\/legrandcontinent.eu\/es\/2021\/02\/22\/geopolitica-de-la-carrera-hacia-la-vacuna-contra-el-covid-19\/#breadcrumb"},"inLanguage":"es","potentialAction":[{"@type":"ReadAction","target":["https:\/\/legrandcontinent.eu\/es\/2021\/02\/22\/geopolitica-de-la-carrera-hacia-la-vacuna-contra-el-covid-19\/"]}]},{"@type":"ImageObject","inLanguage":"es","@id":"https:\/\/legrandcontinent.eu\/es\/2021\/02\/22\/geopolitica-de-la-carrera-hacia-la-vacuna-contra-el-covid-19\/#primaryimage","url":"https:\/\/legrandcontinent.eu\/es\/wp-content\/uploads\/sites\/6\/2021\/02\/reas_youtube_1-688x516-1.jpg","contentUrl":"https:\/\/legrandcontinent.eu\/es\/wp-content\/uploads\/sites\/6\/2021\/02\/reas_youtube_1-688x516-1.jpg","width":688,"height":516},{"@type":"BreadcrumbList","@id":"https:\/\/legrandcontinent.eu\/es\/2021\/02\/22\/geopolitica-de-la-carrera-hacia-la-vacuna-contra-el-covid-19\/#breadcrumb","itemListElement":[{"@type":"ListItem","position":1,"name":"Home","item":"https:\/\/legrandcontinent.eu\/es\/"},{"@type":"ListItem","position":2,"name":"Geopol\u00edtica de la carrera hacia la vacuna contra el Covid-19"}]},{"@type":"WebSite","@id":"https:\/\/legrandcontinent.eu\/es\/#website","url":"https:\/\/legrandcontinent.eu\/es\/","name":"El Grand Continent","description":"La escala pertinente","potentialAction":[{"@type":"SearchAction","target":{"@type":"EntryPoint","urlTemplate":"https:\/\/legrandcontinent.eu\/es\/?s={search_term_string}"},"query-input":{"@type":"PropertyValueSpecification","valueRequired":true,"valueName":"search_term_string"}}],"inLanguage":"es"},{"@type":"Person","@id":"https:\/\/legrandcontinent.eu\/es\/#\/schema\/person\/a1c2123a1ef5abd663fcde8f63063d45","name":"Matheo Malik","image":{"@type":"ImageObject","inLanguage":"es","@id":"https:\/\/legrandcontinent.eu\/es\/#\/schema\/person\/image\/","url":"https:\/\/secure.gravatar.com\/avatar\/62cbadb9f7f0804282928747d8d2051d?s=96&d=mm&r=g","contentUrl":"https:\/\/secure.gravatar.com\/avatar\/62cbadb9f7f0804282928747d8d2051d?s=96&d=mm&r=g","caption":"Matheo Malik"}}]}},"lgc_categories":[{"id":55,"name":"Covid-19","slug":"covid-19"}],"lgc_author":null,"feature_image_summary":{"url":"https:\/\/legrandcontinent.eu\/es\/wp-content\/uploads\/sites\/6\/2021\/02\/reas_youtube_1-688x516-1.jpg","width":688,"height":516,"alt":""},"feature_image_cover":null,"term_position_data":null,"_links":{"self":[{"href":"https:\/\/legrandcontinent.eu\/es\/wp-json\/wp\/v2\/posts\/847","targetHints":{"allow":["GET"]}}],"collection":[{"href":"https:\/\/legrandcontinent.eu\/es\/wp-json\/wp\/v2\/posts"}],"about":[{"href":"https:\/\/legrandcontinent.eu\/es\/wp-json\/wp\/v2\/types\/post"}],"author":[{"embeddable":true,"href":"https:\/\/legrandcontinent.eu\/es\/wp-json\/wp\/v2\/users\/10"}],"replies":[{"embeddable":true,"href":"https:\/\/legrandcontinent.eu\/es\/wp-json\/wp\/v2\/comments?post=847"}],"version-history":[{"count":0,"href":"https:\/\/legrandcontinent.eu\/es\/wp-json\/wp\/v2\/posts\/847\/revisions"}],"wp:featuredmedia":[{"embeddable":true,"href":"https:\/\/legrandcontinent.eu\/es\/wp-json\/wp\/v2\/media\/916"}],"wp:attachment":[{"href":"https:\/\/legrandcontinent.eu\/es\/wp-json\/wp\/v2\/media?parent=847"}],"wp:term":[{"taxonomy":"category","embeddable":true,"href":"https:\/\/legrandcontinent.eu\/es\/wp-json\/wp\/v2\/categories?post=847"},{"taxonomy":"post_tag","embeddable":true,"href":"https:\/\/legrandcontinent.eu\/es\/wp-json\/wp\/v2\/tags?post=847"},{"taxonomy":"staff","embeddable":true,"href":"https:\/\/legrandcontinent.eu\/es\/wp-json\/wp\/v2\/staff?post=847"},{"taxonomy":"editorial_format","embeddable":true,"href":"https:\/\/legrandcontinent.eu\/es\/wp-json\/wp\/v2\/editorial_format?post=847"},{"taxonomy":"serie","embeddable":true,"href":"https:\/\/legrandcontinent.eu\/es\/wp-json\/wp\/v2\/serie?post=847"},{"taxonomy":"audience","embeddable":true,"href":"https:\/\/legrandcontinent.eu\/es\/wp-json\/wp\/v2\/audience?post=847"},{"taxonomy":"geo","embeddable":true,"href":"https:\/\/legrandcontinent.eu\/es\/wp-json\/wp\/v2\/geo?post=847"}],"curies":[{"name":"wp","href":"https:\/\/api.w.org\/{rel}","templated":true}]}}