{"id":82484,"date":"2025-11-11T19:00:45","date_gmt":"2025-11-11T18:00:45","guid":{"rendered":"https:\/\/legrandcontinent.eu\/es\/?p=82484"},"modified":"2025-11-11T19:00:49","modified_gmt":"2025-11-11T18:00:49","slug":"elecciones-locales-en-kosovo-en-plena-crisis-institucional-albin-kurti-reclama-una-timida-victoria","status":"publish","type":"post","link":"https:\/\/legrandcontinent.eu\/es\/2025\/11\/11\/elecciones-locales-en-kosovo-en-plena-crisis-institucional-albin-kurti-reclama-una-timida-victoria\/","title":{"rendered":"Elecciones locales en Kosovo: en plena crisis institucional, Albin Kurti reclama una t\u00edmida victoria"},"content":{"rendered":"\n<p>En Kosovo, las elecciones locales permiten elegir al alcalde y a los miembros de la asamblea municipal en cada uno de los 38 municipios, de los cuales 27 son de mayor\u00eda alban\u00f3fona, 10 de mayor\u00eda serb\u00f3fona y uno de mayor\u00eda turca (Mamu\u015fa). Las competencias de los municipios son bastante amplias, incluyendo la educaci\u00f3n hasta el nivel secundario y la gesti\u00f3n de los servicios de salud.\u00a0<\/p>\n\n\n\n<ul class=\"wp-block-list\">\n<li>El domingo 8 de noviembre, los votantes fueron llamados a elegir a los alcaldes, mediante un sistema de votaci\u00f3n mayoritaria uninominal a dos vueltas, mientras que los consejos municipales ya hab\u00edan sido elegidos en la primera vuelta, el 8 de octubre. Los 18 municipios afectados por la segunda vuelta inclu\u00edan la capital, Pristina, as\u00ed como Prizren y Gjilan, segunda y tercera ciudad del pa\u00eds, respectivamente, y Mitrovica, cuya mitad sur est\u00e1 habitada por la comunidad serbia y la mitad norte por la comunidad albanesa.<\/li>\n\n\n\n<li>Tras su victoria por mayor\u00eda relativa en las elecciones legislativas del 9 de febrero de 2025, el primer ministro Albin Kurti (<em>Vet\u00ebvendosje<\/em>, LVV, centroizquierda) no logr\u00f3 que se eligiera al presidente de la Asamblea, condici\u00f3n necesaria para la formaci\u00f3n de un gobierno. En el cargo desde 2021 y encargado de los asuntos corrientes desde febrero, Kurti se ve debilitado por este bloqueo institucional sin precedentes.\u00a0<\/li>\n\n\n\n<li>Aunque la presidenta Vjosa Osmani le hab\u00eda dado hasta el 26 de octubre para formar gobierno&nbsp;<span class='whitespace-nowrap'><span id='easy-footnote-1-82484' class='easy-footnote-margin-adjust'><\/span><span class='easy-footnote'><a href='https:\/\/legrandcontinent.eu\/es\/2025\/11\/11\/elecciones-locales-en-kosovo-en-plena-crisis-institucional-albin-kurti-reclama-una-timida-victoria\/#easy-footnote-bottom-1-82484' title='&lt;a href=&quot;https:\/\/sot.com.al\/kryesore\/afati-i-fundit-me-26-tetor-osmani-mandaton-kurtin-per-formimin-e-qeverise-se-re\/&quot;&gt;Afati i fundit m\u00eb 26 tetor, Osmani mandaton Kurtin p\u00ebr formimin e qeveris\u00eb s\u00eb re&lt;\/a&gt;, SOT, 14 de octubre de 2025.'><sup>1<\/sup><\/a><\/span><\/span>, el partido Vet\u00ebvendosje finalmente decidi\u00f3 proponer a su vicepresidente, Glauk Konjufca, como primer ministro&nbsp;<span class='whitespace-nowrap'><span id='easy-footnote-2-82484' class='easy-footnote-margin-adjust'><\/span><span class='easy-footnote'><a href='https:\/\/legrandcontinent.eu\/es\/2025\/11\/11\/elecciones-locales-en-kosovo-en-plena-crisis-institucional-albin-kurti-reclama-una-timida-victoria\/#easy-footnote-bottom-2-82484' title='Valbona Bytyqi,\u00a0&lt;a href=&quot;https:\/\/www.koha.net\/arberi\/presidentja-mandaton-glauk-konjufcen-per-formim-te-qeverise&quot;&gt;Presidentja mandaton Glauk Konjufc\u00ebn p\u00ebr formim t\u00eb qeveris\u00eb&lt;\/a&gt;, Koha, 4 de noviembre de 2025.'><sup>2<\/sup><\/a><\/span><\/span>. Queda por ver si esta maniobra pol\u00edtica dar\u00e1 sus frutos. Si es mal recibida por la oposici\u00f3n, podr\u00edan celebrarse nuevas elecciones en diciembre&nbsp;<span class='whitespace-nowrap'><span id='easy-footnote-3-82484' class='easy-footnote-margin-adjust'><\/span><span class='easy-footnote'><a href='https:\/\/legrandcontinent.eu\/es\/2025\/11\/11\/elecciones-locales-en-kosovo-en-plena-crisis-institucional-albin-kurti-reclama-una-timida-victoria\/#easy-footnote-bottom-3-82484' title='&lt;a href=&quot;https:\/\/www.gazetatema.net\/rajoni\/kurti-ish-opozita-vendos-per-daten-e-zgjedhjeve-dhjetor-ose-prill-i527855&quot;&gt;Kurti\u00a0: Ish-opozita vendos p\u00ebr dat\u00ebn e zgjedhjeve, dhjetor ose prill&lt;\/a&gt;, TemA, 8 de noviembre de 2025.'><sup>3<\/sup><\/a><\/span><\/span>.<\/li>\n<\/ul>\n\n\n\n<p>Los resultados de estas elecciones podr\u00edan aclarar la situaci\u00f3n pol\u00edtica nacional.<\/p>\n\n\n\n<ul class=\"wp-block-list\">\n<li>Seg\u00fan los primeros resultados, LVV gan\u00f3 4 de las 12 votaciones en las que particip\u00f3, la Liga Democr\u00e1tica de Kosovo (LDK, conservadora) 5 de 9, el Partido Democr\u00e1tico de Kosovo (PDK, liberal) 3 de 6, la Alianza por el Futuro de Kosovo (AAK, derecha) 4 de 5, y la Lista Serbia (SL) y el Partido Democr\u00e1tico Turco de Kosovo (KDTP) ganaron en los dos municipios en los que se presentaban. Teniendo en cuenta las dos vueltas, la Lista Serbia obtuvo 10 alcald\u00edas, la LDK 7, la LVV 7, el PDK 6 y la AAK 5, reparti\u00e9ndose el resto entre partidos minoritarios.<\/li>\n<\/ul>\n\n\n\n<p>Estas elecciones siguen la l\u00ednea de las anteriores elecciones locales, revelando unos arraigos territoriales estables. As\u00ed, el color pol\u00edtico de la mayor\u00eda s\u00f3lo cambia en tres municipios alban\u00f3fonos: Mitrovica (sur), Fush\u00eb-Kosova y Obiliq. No obstante, estas elecciones se caracterizan por dos rupturas.\u00a0<\/p>\n\n\n\n<ul class=\"wp-block-list\">\n<li>La primera es el avance territorial de LVV, que gana tres nuevos municipios con respecto a 2021.<\/li>\n\n\n\n<li>As\u00ed, en los tres \u00fanicos ayuntamientos alban\u00f3fonos en los que cambia el color pol\u00edtico, es a favor del movimiento populista de izquierda. Albin Kurti no dud\u00f3 en declarar que se trataba de una gran victoria para su movimiento, ya que, seg\u00fan \u00e9l, el LVV estaba solo contra todas las oposiciones&nbsp;<span class='whitespace-nowrap'><span id='easy-footnote-4-82484' class='easy-footnote-margin-adjust'><\/span><span class='easy-footnote'><a href='https:\/\/legrandcontinent.eu\/es\/2025\/11\/11\/elecciones-locales-en-kosovo-en-plena-crisis-institucional-albin-kurti-reclama-una-timida-victoria\/#easy-footnote-bottom-4-82484' title='&lt;a href=&quot;https:\/\/lajmpress.org\/kurti-te-gjitha-partite-ishin-bashke-kunder-vv-se\/&quot;&gt;Kurti\u00a0: T\u00eb gjitha partit\u00eb ishin bashk\u00eb kund\u00ebr VV-s\u00eb&lt;\/a&gt;, Lajm, 9 de noviembre de 2025.'><sup>4<\/sup><\/a><\/span><\/span>. Sin embargo, algunos comentaristas subrayan los l\u00edmites de este avance. La estrecha derrota del movimiento en la capital, Pristina, frente al alcalde saliente P\u00ebrparim Rama (LDK), a pesar de que su candidato Hajrullah \u00c7eku gozaba de cierto impulso, es decepcionante. Del mismo modo, si se ponderan los municipios ganados por su poblaci\u00f3n, LVV s\u00f3lo ocupa el tercer lugar, por detr\u00e1s de LDK y PDK&nbsp;<span class='whitespace-nowrap'><span id='easy-footnote-5-82484' class='easy-footnote-margin-adjust'><\/span><span class='easy-footnote'><a href='https:\/\/legrandcontinent.eu\/es\/2025\/11\/11\/elecciones-locales-en-kosovo-en-plena-crisis-institucional-albin-kurti-reclama-una-timida-victoria\/#easy-footnote-bottom-5-82484' title='&lt;a href=&quot;https:\/\/www.koha.net\/zgjedhjet-lokale-1\/zgjedhjet-lokale-i-nxjerrin-te-gjithe-fitues&quot;&gt;Zgjedhjet lokale i nxjerrin t\u00eb gjith\u00eb \u201cfitues\u201d&lt;\/a&gt;, Koha, 10 de noviembre de 2025.'><sup>5<\/sup><\/a><\/span><\/span>. Como se\u00f1ala el periodista Augustin Palokaj, todos los partidos reivindican la victoria seg\u00fan sus propios criterios, desde la influencia cultural de sus municipios hasta el n\u00famero de sus administrados&nbsp;<span class='whitespace-nowrap'><span id='easy-footnote-6-82484' class='easy-footnote-margin-adjust'><\/span><span class='easy-footnote'><a href='https:\/\/legrandcontinent.eu\/es\/2025\/11\/11\/elecciones-locales-en-kosovo-en-plena-crisis-institucional-albin-kurti-reclama-una-timida-victoria\/#easy-footnote-bottom-6-82484' title='&lt;a href=&quot;https:\/\/www.koha.net\/veshtrime\/ndodh-edhe-kjo-te-gjithe-i-fituan-zgjedhjet&quot;&gt;Ndodh edhe kjo \u2013 t\u00eb gjith\u00eb i fituan zgjedhjet&lt;\/a&gt;, Koha, 10 de noviembre de 2025.'><sup>6<\/sup><\/a><\/span><\/span>.<\/li>\n\n\n\n<li>A pesar de las limitaciones de su avance, las elecciones siguen siendo un buen augurio para LVV, que refuerza su arraigo local en detrimento de la oposici\u00f3n.\u00a0<\/li>\n\n\n\n<li>Sin embargo, esta victoria no es suficiente para salir del estancamiento pol\u00edtico provocado por las elecciones legislativas de febrero. Ser\u00e1 necesaria una nueva aclaraci\u00f3n si Albin Kurti no consigue el apoyo de la asamblea.<\/li>\n<\/ul>\n\n\n\n<ul class=\"wp-block-list\">\n<li>La segunda novedad es el regreso de los candidatos de la Lista Serbia, que boicotearon las elecciones anteriores, lo que dio lugar a unos \u00edndices de participaci\u00f3n hist\u00f3ricamente bajos, seguidos de la instalaci\u00f3n en los municipios de la minor\u00eda de consejos municipales alban\u00f3fonos muy poco representativos.<\/li>\n\n\n\n<li>La segunda vuelta confirma su fuerte regreso, con la aplastante victoria en el municipio de Klokot de Bo\u017eidar Dejanovi\u0107, ya elegido en 2017, con el 90% de los votos emitidos. En total, los candidatos de la Lista Serbia, alineados con Belgrado, controlan los diez municipios con mayor\u00eda serbia en Kosovo. Se trata, por tanto, de un retorno al\u00a0<em>statu quo ante<\/em>.<\/li>\n<\/ul>\n\n\n\n<p>A la espera de los informes de los observadores internacionales, el primer an\u00e1lisis de las elecciones parece indicar que no se han producido irregularidades importantes. La misi\u00f3n EULEX Kosovo, con la ayuda de las fuerzas de la OTAN (KFOR) y de la polic\u00eda local, se desplaz\u00f3 a los colegios electorales y sus alrededores para velar por el buen desarrollo de las elecciones&nbsp;<span class='whitespace-nowrap'><span id='easy-footnote-7-82484' class='easy-footnote-margin-adjust'><\/span><span class='easy-footnote'><a href='https:\/\/legrandcontinent.eu\/es\/2025\/11\/11\/elecciones-locales-en-kosovo-en-plena-crisis-institucional-albin-kurti-reclama-una-timida-victoria\/#easy-footnote-bottom-7-82484' title='&lt;a href=&quot;https:\/\/www.gazetatema.net\/rajoni\/raundi-i-dyte-i-zgjedhjeve-ne-kosove-eulex-monitoron-sigurine-me-kfor-n-d-i527960&quot;&gt;Raundi i dyt\u00eb i zgjedhjeve n\u00eb Kosov\u00eb, EULEX monitoron sigurin\u00eb me KFOR-n dhe policin\u00eb&lt;\/a&gt;, TemA, 9 de noviembre de 2025.'><sup>7<\/sup><\/a><\/span><\/span>. Una excepci\u00f3n notable es la situaci\u00f3n en Mitrovica Sur, donde los medios de comunicaci\u00f3n informaron la noche del 10 de noviembre de que el recuento se hab\u00eda detenido ante sospechas de fraude electoral.<\/p>\n\n\n\n<ul class=\"wp-block-list\">\n<li>El PDK denunci\u00f3 un fraude orquestado por el Gobierno y podr\u00eda recurrir al fiscal para que declare la irregularidad de las elecciones&nbsp;<span class='whitespace-nowrap'><span id='easy-footnote-8-82484' class='easy-footnote-margin-adjust'><\/span><span class='easy-footnote'><a href='https:\/\/legrandcontinent.eu\/es\/2025\/11\/11\/elecciones-locales-en-kosovo-en-plena-crisis-institucional-albin-kurti-reclama-una-timida-victoria\/#easy-footnote-bottom-8-82484' title='&lt;a href=&quot;https:\/\/gazetametro.net\/mef-bajqinovci-pdkja-po-perpiqet-ta-ktheje-rezultatin-ne-mitrovice-permes-prokurorise\/&quot;&gt;Mef Bajqinovci\u00a0: PDK\u2019ja po p\u00ebrpiqet ta kthej\u00eb rezultatin n\u00eb Mitrovic\u00eb p\u00ebrmes Prokuroris\u00eb&lt;\/a&gt;, Gazeta Metro, 10 de noviembre de 2025\u00a0;\u00a0&lt;a href=&quot;https:\/\/www.kosovo-online.com\/vesti\/politika\/behrami-kurti-iskoristio-sav-potencijal-da-bi-pokrao-glasove-u-mitrovici-10-11-2025&quot;&gt;Behrami\u00a0: Kurti iskoristio sav potencijal da bi pokrao glasove u Mitrovici&lt;\/a&gt;, Kosovo Online, 10 de noviembre de 2025.'><sup>8<\/sup><\/a><\/span><\/span>, mientras que el LVV denuncia un intento ileg\u00edtimo de la oposici\u00f3n de derrocarlo&nbsp;<span class='whitespace-nowrap'><span id='easy-footnote-9-82484' class='easy-footnote-margin-adjust'><\/span><span class='easy-footnote'><a href='https:\/\/legrandcontinent.eu\/es\/2025\/11\/11\/elecciones-locales-en-kosovo-en-plena-crisis-institucional-albin-kurti-reclama-una-timida-victoria\/#easy-footnote-bottom-9-82484' title='&lt;a href=&quot;https:\/\/www.botasot.info\/aktuale-lajme\/2411417\/raportimet-per-nderprerje-te-numerimit-ne-mitrovice-bajqinovci-godet-pdk-ne-as-prokuroria-sju-shpeton\/&quot;&gt;Raportimet p\u00ebr nd\u00ebrprerje t\u00eb num\u00ebrimit n\u00eb Mitrovic\u00eb, Bajqinovci \u2018godet\u2019 PDK-n\u00eb\u00a0: As prokuroria s\u2019ju shp\u00ebton\u00a0!&lt;\/a&gt;, Bota Sot, 10 de noviembre de 2025.'><sup>9<\/sup><\/a><\/span><\/span>.\u00a0<\/li>\n\n\n\n<li>En este momento, la Comisi\u00f3n Central Electoral (KQZ) ha admitido errores t\u00e9cnicos en la impresi\u00f3n de las papeletas&nbsp;<span class='whitespace-nowrap'><span id='easy-footnote-10-82484' class='easy-footnote-margin-adjust'><\/span><span class='easy-footnote'><a href='https:\/\/legrandcontinent.eu\/es\/2025\/11\/11\/elecciones-locales-en-kosovo-en-plena-crisis-institucional-albin-kurti-reclama-una-timida-victoria\/#easy-footnote-bottom-10-82484' title='&lt;a href=&quot;https:\/\/www.koha.net\/zgjedhjet-lokale-1\/kqz-ja-sqaron-disa-prej-fletvotimeve-jane-shtypur-me-gabim-teknik&quot;&gt;KQZ-ja\u00a0: Disa prej flet\u00ebvotimeve jan\u00eb shtypur me gabim teknik&lt;\/a&gt;, Koha, 10 de noviembre de 2025.'><sup>10<\/sup><\/a><\/span><\/span>.<\/li>\n\n\n\n<li>La KQZ ha anunciado que comunicar\u00e1 los resultados definitivos de todas las elecciones en un plazo de diez d\u00edas.<\/li>\n<\/ul>\n","protected":false},"excerpt":{"rendered":"<p>El domingo 8 de noviembre, tras una primera vuelta poco clara que dio lugar a dieciocho segundas vueltas, los votantes kosovares volvieron a las urnas.<\/p>\n<p>Esta segunda vuelta se esperaba como un momento de clarificaci\u00f3n en un contexto marcado por una crisis institucional y pol\u00edtica sin desenlace.<\/p>\n","protected":false},"author":1366,"featured_media":82482,"comment_status":"closed","ping_status":"closed","sticky":false,"template":"templates\/post-briefings.php","format":"standard","meta":{"_acf_changed":true,"_trash_the_other_posts":false,"_yoast_wpseo_estimated-reading-time-minutes":6,"footnotes":""},"categories":[232],"tags":[],"staff":[],"editorial_format":[],"serie":[],"audience":[],"geo":[177],"class_list":["post-82484","post","type-post","status-publish","format-standard","hentry","category-elecciones","geo-europa"],"acf":{"open_in_webview":false,"accent":false,"_thumbnail_id":82482,"excerpt":"El domingo 8 de noviembre, tras una primera vuelta poco clara que dio lugar a dieciocho segundas vueltas, los votantes kosovares volvieron a las urnas.\r\n\r\nEsta segunda vuelta se esperaba como un momento de clarificaci\u00f3n en un contexto marcado por una crisis institucional y pol\u00edtica sin desenlace.","display_date":"","new_abstract":true},"yoast_head":"<!-- This site is optimized with the Yoast SEO plugin v26.1.1 - https:\/\/yoast.com\/wordpress\/plugins\/seo\/ -->\n<title>Elecciones locales en Kosovo: en plena crisis institucional, Albin Kurti reclama una t\u00edmida victoria - El Grand Continent<\/title>\n<meta name=\"robots\" content=\"index, follow, max-snippet:-1, max-image-preview:large, max-video-preview:-1\" \/>\n<link rel=\"canonical\" href=\"https:\/\/legrandcontinent.eu\/es\/2025\/11\/11\/elecciones-locales-en-kosovo-en-plena-crisis-institucional-albin-kurti-reclama-una-timida-victoria\/\" \/>\n<meta property=\"og:locale\" content=\"es_ES\" \/>\n<meta property=\"og:type\" content=\"article\" \/>\n<meta property=\"og:title\" content=\"Elecciones locales en Kosovo: en plena crisis institucional, Albin Kurti reclama una t\u00edmida victoria - El Grand Continent\" \/>\n<meta property=\"og:description\" content=\"El domingo 8 de noviembre, tras una primera vuelta poco clara que dio lugar a dieciocho segundas vueltas, los votantes kosovares volvieron a las urnas.  Esta segunda vuelta se esperaba como un momento de clarificaci\u00f3n en un contexto marcado por una crisis institucional y pol\u00edtica sin desenlace.\" \/>\n<meta property=\"og:url\" content=\"https:\/\/legrandcontinent.eu\/es\/2025\/11\/11\/elecciones-locales-en-kosovo-en-plena-crisis-institucional-albin-kurti-reclama-una-timida-victoria\/\" \/>\n<meta property=\"og:site_name\" content=\"El Grand Continent\" \/>\n<meta property=\"article:published_time\" content=\"2025-11-11T18:00:45+00:00\" \/>\n<meta property=\"article:modified_time\" content=\"2025-11-11T18:00:49+00:00\" \/>\n<meta property=\"og:image\" content=\"https:\/\/legrandcontinent.eu\/es\/wp-content\/uploads\/sites\/6\/2025\/11\/gc-elkosovo-scaled.jpg\" \/>\n\t<meta property=\"og:image:width\" content=\"2560\" \/>\n\t<meta property=\"og:image:height\" content=\"1440\" \/>\n\t<meta property=\"og:image:type\" content=\"image\/jpeg\" \/>\n<meta name=\"author\" content=\"florent\" \/>\n<meta name=\"twitter:card\" content=\"summary_large_image\" \/>\n<meta name=\"twitter:image\" content=\"https:\/\/legrandcontinent.eu\/es\/wp-content\/uploads\/sites\/6\/2025\/11\/gc-elkosovo-scaled.jpg\" \/>\n<meta name=\"twitter:label1\" content=\"Escrito por\" \/>\n\t<meta name=\"twitter:data1\" content=\"florent\" \/>\n\t<meta name=\"twitter:label2\" content=\"Tiempo de lectura\" \/>\n\t<meta name=\"twitter:data2\" content=\"6 minutos\" \/>\n<script type=\"application\/ld+json\" class=\"yoast-schema-graph\">{\"@context\":\"https:\/\/schema.org\",\"@graph\":[{\"@type\":\"WebPage\",\"@id\":\"https:\/\/legrandcontinent.eu\/es\/2025\/11\/11\/elecciones-locales-en-kosovo-en-plena-crisis-institucional-albin-kurti-reclama-una-timida-victoria\/\",\"url\":\"https:\/\/legrandcontinent.eu\/es\/2025\/11\/11\/elecciones-locales-en-kosovo-en-plena-crisis-institucional-albin-kurti-reclama-una-timida-victoria\/\",\"name\":\"Elecciones locales en Kosovo: en plena crisis institucional, Albin Kurti reclama una t\u00edmida victoria - El Grand Continent\",\"isPartOf\":{\"@id\":\"https:\/\/legrandcontinent.eu\/es\/#website\"},\"primaryImageOfPage\":{\"@id\":\"https:\/\/legrandcontinent.eu\/es\/2025\/11\/11\/elecciones-locales-en-kosovo-en-plena-crisis-institucional-albin-kurti-reclama-una-timida-victoria\/#primaryimage\"},\"image\":{\"@id\":\"https:\/\/legrandcontinent.eu\/es\/2025\/11\/11\/elecciones-locales-en-kosovo-en-plena-crisis-institucional-albin-kurti-reclama-una-timida-victoria\/#primaryimage\"},\"thumbnailUrl\":\"https:\/\/legrandcontinent.eu\/es\/wp-content\/uploads\/sites\/2\/2025\/11\/581864259_1226901576134924_1398787728475688122_n.jpg\",\"datePublished\":\"2025-11-11T18:00:45+00:00\",\"dateModified\":\"2025-11-11T18:00:49+00:00\",\"author\":{\"@id\":\"https:\/\/legrandcontinent.eu\/es\/#\/schema\/person\/cdd782c93d4a9eda86ab19a8c01cdf5c\"},\"breadcrumb\":{\"@id\":\"https:\/\/legrandcontinent.eu\/es\/2025\/11\/11\/elecciones-locales-en-kosovo-en-plena-crisis-institucional-albin-kurti-reclama-una-timida-victoria\/#breadcrumb\"},\"inLanguage\":\"es\",\"potentialAction\":[{\"@type\":\"ReadAction\",\"target\":[\"https:\/\/legrandcontinent.eu\/es\/2025\/11\/11\/elecciones-locales-en-kosovo-en-plena-crisis-institucional-albin-kurti-reclama-una-timida-victoria\/\"]}]},{\"@type\":\"ImageObject\",\"inLanguage\":\"es\",\"@id\":\"https:\/\/legrandcontinent.eu\/es\/2025\/11\/11\/elecciones-locales-en-kosovo-en-plena-crisis-institucional-albin-kurti-reclama-una-timida-victoria\/#primaryimage\",\"url\":\"https:\/\/legrandcontinent.eu\/es\/wp-content\/uploads\/sites\/2\/2025\/11\/581864259_1226901576134924_1398787728475688122_n.jpg\",\"contentUrl\":\"https:\/\/legrandcontinent.eu\/es\/wp-content\/uploads\/sites\/2\/2025\/11\/581864259_1226901576134924_1398787728475688122_n.jpg\",\"width\":1600,\"height\":1200,\"caption\":\"Cr\u00e9dits: Commission centrale charg\u00e9e des \u00e9lections\"},{\"@type\":\"BreadcrumbList\",\"@id\":\"https:\/\/legrandcontinent.eu\/es\/2025\/11\/11\/elecciones-locales-en-kosovo-en-plena-crisis-institucional-albin-kurti-reclama-una-timida-victoria\/#breadcrumb\",\"itemListElement\":[{\"@type\":\"ListItem\",\"position\":1,\"name\":\"Home\",\"item\":\"https:\/\/legrandcontinent.eu\/es\/\"},{\"@type\":\"ListItem\",\"position\":2,\"name\":\"Elecciones locales en Kosovo: en plena crisis institucional, Albin Kurti reclama una t\u00edmida victoria\"}]},{\"@type\":\"WebSite\",\"@id\":\"https:\/\/legrandcontinent.eu\/es\/#website\",\"url\":\"https:\/\/legrandcontinent.eu\/es\/\",\"name\":\"El Grand Continent\",\"description\":\"La escala pertinente\",\"potentialAction\":[{\"@type\":\"SearchAction\",\"target\":{\"@type\":\"EntryPoint\",\"urlTemplate\":\"https:\/\/legrandcontinent.eu\/es\/?s={search_term_string}\"},\"query-input\":{\"@type\":\"PropertyValueSpecification\",\"valueRequired\":true,\"valueName\":\"search_term_string\"}}],\"inLanguage\":\"es\"},{\"@type\":\"Person\",\"@id\":\"https:\/\/legrandcontinent.eu\/es\/#\/schema\/person\/cdd782c93d4a9eda86ab19a8c01cdf5c\",\"name\":\"florent\",\"image\":{\"@type\":\"ImageObject\",\"inLanguage\":\"es\",\"@id\":\"https:\/\/legrandcontinent.eu\/es\/#\/schema\/person\/image\/\",\"url\":\"https:\/\/secure.gravatar.com\/avatar\/0d38d78c90602daf39b309035cdac6bc?s=96&d=mm&r=g\",\"contentUrl\":\"https:\/\/secure.gravatar.com\/avatar\/0d38d78c90602daf39b309035cdac6bc?s=96&d=mm&r=g\",\"caption\":\"florent\"}}]}<\/script>\n<!-- \/ Yoast SEO plugin. -->","yoast_head_json":{"title":"Elecciones locales en Kosovo: en plena crisis institucional, Albin Kurti reclama una t\u00edmida victoria - El Grand Continent","robots":{"index":"index","follow":"follow","max-snippet":"max-snippet:-1","max-image-preview":"max-image-preview:large","max-video-preview":"max-video-preview:-1"},"canonical":"https:\/\/legrandcontinent.eu\/es\/2025\/11\/11\/elecciones-locales-en-kosovo-en-plena-crisis-institucional-albin-kurti-reclama-una-timida-victoria\/","og_locale":"es_ES","og_type":"article","og_title":"Elecciones locales en Kosovo: en plena crisis institucional, Albin Kurti reclama una t\u00edmida victoria - El Grand Continent","og_description":"El domingo 8 de noviembre, tras una primera vuelta poco clara que dio lugar a dieciocho segundas vueltas, los votantes kosovares volvieron a las urnas.  Esta segunda vuelta se esperaba como un momento de clarificaci\u00f3n en un contexto marcado por una crisis institucional y pol\u00edtica sin desenlace.","og_url":"https:\/\/legrandcontinent.eu\/es\/2025\/11\/11\/elecciones-locales-en-kosovo-en-plena-crisis-institucional-albin-kurti-reclama-una-timida-victoria\/","og_site_name":"El Grand Continent","article_published_time":"2025-11-11T18:00:45+00:00","article_modified_time":"2025-11-11T18:00:49+00:00","og_image":[{"width":2560,"height":1440,"url":"https:\/\/legrandcontinent.eu\/es\/wp-content\/uploads\/sites\/6\/2025\/11\/gc-elkosovo-scaled.jpg","type":"image\/jpeg"}],"author":"florent","twitter_card":"summary_large_image","twitter_image":"https:\/\/legrandcontinent.eu\/es\/wp-content\/uploads\/sites\/6\/2025\/11\/gc-elkosovo-scaled.jpg","twitter_misc":{"Escrito por":"florent","Tiempo de lectura":"6 minutos"},"schema":{"@context":"https:\/\/schema.org","@graph":[{"@type":"WebPage","@id":"https:\/\/legrandcontinent.eu\/es\/2025\/11\/11\/elecciones-locales-en-kosovo-en-plena-crisis-institucional-albin-kurti-reclama-una-timida-victoria\/","url":"https:\/\/legrandcontinent.eu\/es\/2025\/11\/11\/elecciones-locales-en-kosovo-en-plena-crisis-institucional-albin-kurti-reclama-una-timida-victoria\/","name":"Elecciones locales en Kosovo: en plena crisis institucional, Albin Kurti reclama una t\u00edmida victoria - El Grand Continent","isPartOf":{"@id":"https:\/\/legrandcontinent.eu\/es\/#website"},"primaryImageOfPage":{"@id":"https:\/\/legrandcontinent.eu\/es\/2025\/11\/11\/elecciones-locales-en-kosovo-en-plena-crisis-institucional-albin-kurti-reclama-una-timida-victoria\/#primaryimage"},"image":{"@id":"https:\/\/legrandcontinent.eu\/es\/2025\/11\/11\/elecciones-locales-en-kosovo-en-plena-crisis-institucional-albin-kurti-reclama-una-timida-victoria\/#primaryimage"},"thumbnailUrl":"https:\/\/legrandcontinent.eu\/es\/wp-content\/uploads\/sites\/2\/2025\/11\/581864259_1226901576134924_1398787728475688122_n.jpg","datePublished":"2025-11-11T18:00:45+00:00","dateModified":"2025-11-11T18:00:49+00:00","author":{"@id":"https:\/\/legrandcontinent.eu\/es\/#\/schema\/person\/cdd782c93d4a9eda86ab19a8c01cdf5c"},"breadcrumb":{"@id":"https:\/\/legrandcontinent.eu\/es\/2025\/11\/11\/elecciones-locales-en-kosovo-en-plena-crisis-institucional-albin-kurti-reclama-una-timida-victoria\/#breadcrumb"},"inLanguage":"es","potentialAction":[{"@type":"ReadAction","target":["https:\/\/legrandcontinent.eu\/es\/2025\/11\/11\/elecciones-locales-en-kosovo-en-plena-crisis-institucional-albin-kurti-reclama-una-timida-victoria\/"]}]},{"@type":"ImageObject","inLanguage":"es","@id":"https:\/\/legrandcontinent.eu\/es\/2025\/11\/11\/elecciones-locales-en-kosovo-en-plena-crisis-institucional-albin-kurti-reclama-una-timida-victoria\/#primaryimage","url":"https:\/\/legrandcontinent.eu\/es\/wp-content\/uploads\/sites\/2\/2025\/11\/581864259_1226901576134924_1398787728475688122_n.jpg","contentUrl":"https:\/\/legrandcontinent.eu\/es\/wp-content\/uploads\/sites\/2\/2025\/11\/581864259_1226901576134924_1398787728475688122_n.jpg","width":1600,"height":1200,"caption":"Cr\u00e9dits: Commission centrale charg\u00e9e des \u00e9lections"},{"@type":"BreadcrumbList","@id":"https:\/\/legrandcontinent.eu\/es\/2025\/11\/11\/elecciones-locales-en-kosovo-en-plena-crisis-institucional-albin-kurti-reclama-una-timida-victoria\/#breadcrumb","itemListElement":[{"@type":"ListItem","position":1,"name":"Home","item":"https:\/\/legrandcontinent.eu\/es\/"},{"@type":"ListItem","position":2,"name":"Elecciones locales en Kosovo: en plena crisis institucional, Albin Kurti reclama una t\u00edmida victoria"}]},{"@type":"WebSite","@id":"https:\/\/legrandcontinent.eu\/es\/#website","url":"https:\/\/legrandcontinent.eu\/es\/","name":"El Grand Continent","description":"La escala pertinente","potentialAction":[{"@type":"SearchAction","target":{"@type":"EntryPoint","urlTemplate":"https:\/\/legrandcontinent.eu\/es\/?s={search_term_string}"},"query-input":{"@type":"PropertyValueSpecification","valueRequired":true,"valueName":"search_term_string"}}],"inLanguage":"es"},{"@type":"Person","@id":"https:\/\/legrandcontinent.eu\/es\/#\/schema\/person\/cdd782c93d4a9eda86ab19a8c01cdf5c","name":"florent","image":{"@type":"ImageObject","inLanguage":"es","@id":"https:\/\/legrandcontinent.eu\/es\/#\/schema\/person\/image\/","url":"https:\/\/secure.gravatar.com\/avatar\/0d38d78c90602daf39b309035cdac6bc?s=96&d=mm&r=g","contentUrl":"https:\/\/secure.gravatar.com\/avatar\/0d38d78c90602daf39b309035cdac6bc?s=96&d=mm&r=g","caption":"florent"}}]}},"lgc_categories":[{"id":232,"name":"Elecciones","slug":"elecciones"}],"lgc_author":null,"feature_image_summary":{"url":"https:\/\/legrandcontinent.eu\/es\/wp-content\/uploads\/sites\/2\/2025\/11\/581864259_1226901576134924_1398787728475688122_n.jpg","width":1600,"height":1200,"alt":""},"feature_image_cover":null,"term_position_data":null,"_links":{"self":[{"href":"https:\/\/legrandcontinent.eu\/es\/wp-json\/wp\/v2\/posts\/82484","targetHints":{"allow":["GET"]}}],"collection":[{"href":"https:\/\/legrandcontinent.eu\/es\/wp-json\/wp\/v2\/posts"}],"about":[{"href":"https:\/\/legrandcontinent.eu\/es\/wp-json\/wp\/v2\/types\/post"}],"author":[{"embeddable":true,"href":"https:\/\/legrandcontinent.eu\/es\/wp-json\/wp\/v2\/users\/1366"}],"replies":[{"embeddable":true,"href":"https:\/\/legrandcontinent.eu\/es\/wp-json\/wp\/v2\/comments?post=82484"}],"version-history":[{"count":4,"href":"https:\/\/legrandcontinent.eu\/es\/wp-json\/wp\/v2\/posts\/82484\/revisions"}],"predecessor-version":[{"id":82489,"href":"https:\/\/legrandcontinent.eu\/es\/wp-json\/wp\/v2\/posts\/82484\/revisions\/82489"}],"wp:featuredmedia":[{"embeddable":true,"href":"https:\/\/legrandcontinent.eu\/es\/wp-json\/wp\/v2\/media\/82482"}],"wp:attachment":[{"href":"https:\/\/legrandcontinent.eu\/es\/wp-json\/wp\/v2\/media?parent=82484"}],"wp:term":[{"taxonomy":"category","embeddable":true,"href":"https:\/\/legrandcontinent.eu\/es\/wp-json\/wp\/v2\/categories?post=82484"},{"taxonomy":"post_tag","embeddable":true,"href":"https:\/\/legrandcontinent.eu\/es\/wp-json\/wp\/v2\/tags?post=82484"},{"taxonomy":"staff","embeddable":true,"href":"https:\/\/legrandcontinent.eu\/es\/wp-json\/wp\/v2\/staff?post=82484"},{"taxonomy":"editorial_format","embeddable":true,"href":"https:\/\/legrandcontinent.eu\/es\/wp-json\/wp\/v2\/editorial_format?post=82484"},{"taxonomy":"serie","embeddable":true,"href":"https:\/\/legrandcontinent.eu\/es\/wp-json\/wp\/v2\/serie?post=82484"},{"taxonomy":"audience","embeddable":true,"href":"https:\/\/legrandcontinent.eu\/es\/wp-json\/wp\/v2\/audience?post=82484"},{"taxonomy":"geo","embeddable":true,"href":"https:\/\/legrandcontinent.eu\/es\/wp-json\/wp\/v2\/geo?post=82484"}],"curies":[{"name":"wp","href":"https:\/\/api.w.org\/{rel}","templated":true}]}}