{"id":8002,"date":"2022-09-20T14:27:00","date_gmt":"2022-09-20T13:27:00","guid":{"rendered":"https:\/\/legrandcontinent.eu\/es\/?p=8002"},"modified":"2022-09-20T16:43:38","modified_gmt":"2022-09-20T15:43:38","slug":"fondos-europeos-para-hungria-podrian-ser-suspendidos","status":"publish","type":"post","link":"https:\/\/legrandcontinent.eu\/es\/2022\/09\/20\/fondos-europeos-para-hungria-podrian-ser-suspendidos\/","title":{"rendered":"Fondos europeos para Hungr\u00eda podr\u00edan ser suspendidos"},"content":{"rendered":"\n<ul class=\"wp-block-list\">\n<li>El jueves pasado, el Parlamento Europeo adoptaba un informe que lo llevaba <a href=\"https:\/\/legrandcontinent.eu\/es\/2022\/09\/15\/el-parlamento-europeo-considera-que-hungria-ya-no-puede-considerarse-una-democracia\/\">a dejar de considerar a Hungr\u00eda como una democracia<\/a> y a considerarla como un \u00abr\u00e9gimen h\u00edbrido de autocracia electoral\u00bb. El domingo, la Comisi\u00f3n propuso la suspensi\u00f3n de parte de fondos europeos a Budapest.<\/li>\n<\/ul>\n\n\n\n<ul class=\"wp-block-list\">\n<li>La propuesta de la Comisi\u00f3n Europea se refiere a la suspensi\u00f3n del \u00ab65% de los compromisos de tres programas operativos de la pol\u00edtica de cohesi\u00f3n, por un importe estimado de 7.500 millones de euros\u00bb (es decir, un tercio del total de los fondos de cohesi\u00f3n asignados al pa\u00eds).<\/li>\n<\/ul>\n\n\n\n<div class=\"iframe-container wp-block-image wp-block-image-medium  iframe-dw\">\n\t<div>\n\t\t<iframe class=\"absolute w-full h-full pin-t pin-l\" title=\"titolo\" aria-label=\"Interactive line chart\" src=\"\/\/datawrapper.dwcdn.net\/QLgY7\/\" scrolling=\"no\" frameborder=\"0\"><\/iframe>\n\t<\/div>\n<\/div>\n\n\n\n<ul class=\"wp-block-list\">\n<li>Dicho, para que las medidas se adopten, la decisi\u00f3n debe contar con el apoyo de los Estados miembros. Sin embargo, la votaci\u00f3n no ser\u00e1 un\u00e1nime sino por mayor\u00eda cualificada, para que no pueda ser bloqueada por Polonia.<\/li>\n<\/ul>\n\n\n\n<ul class=\"wp-block-list\">\n<li>En la reuni\u00f3n del domingo de los comisarios europeos, todos votaron a favor de la decisi\u00f3n, incluso Janusz Wojciechowski, el comisario polaco de Agricultura y Desarrollo Rural del partido Ley y Justicia. Dijo que su \u00abposici\u00f3n en este asunto no era diferente de la del Comisario h\u00fangaro\u00bb&nbsp;<span class='whitespace-nowrap'><span id='easy-footnote-1-8002' class='easy-footnote-margin-adjust'><\/span><span class='easy-footnote'><a href='https:\/\/legrandcontinent.eu\/es\/2022\/09\/20\/fondos-europeos-para-hungria-podrian-ser-suspendidos\/#easy-footnote-bottom-1-8002' title='Tweet de Janusz Wojciechowski, 18 de septiembre de 2022.'><sup>1<\/sup><\/a><\/span><\/span>.<\/li>\n<\/ul>\n\n\n\n<div class=\"iframe-container wp-block-image wp-block-image-medium  iframe-dw\">\n\t<div>\n\t\t<iframe class=\"absolute w-full h-full pin-t pin-l\" title=\"titolo\" aria-label=\"Interactive line chart\" src=\"\/\/datawrapper.dwcdn.net\/LGRMe\/\" scrolling=\"no\" frameborder=\"0\"><\/iframe>\n\t<\/div>\n<\/div>\n\n\n\n<ul class=\"wp-block-list\">\n<li>Budapest tiene hasta el 19 de noviembre para poner en marcha \u00abmedidas correctoras\u00bb para cumplir los requisitos de la Uni\u00f3n en materia de lucha contra la corrupci\u00f3n, regulaci\u00f3n de la contrataci\u00f3n p\u00fablica y uso de los fondos de la Uni\u00f3n Europea.<\/li>\n<\/ul>\n\n\n\n<ul class=\"wp-block-list\">\n<li>El Consejo dispone de un plazo de un mes -que puede prorrogarse por dos meses debido a circunstancias excepcionales- para tomar una decisi\u00f3n sobre la suspensi\u00f3n o no de los pagos de fondos. La reuni\u00f3n de hoy tambi\u00e9n est\u00e1 dedicada a la preparaci\u00f3n del Consejo Europeo que se celebrar\u00e1 los d\u00edas 20 y 21 de octubre.<\/li>\n<\/ul>\n","protected":false},"excerpt":{"rendered":"<p>Hoy se celebra el Consejo de Asuntos Generales bajo la Presidencia checa. El tema del Estado de Derecho ser\u00e1 una parte importante de esta reuni\u00f3n, tras las recientes declaraciones de Ursula von der Leyen sobre la suspensi\u00f3n de parte de fondos europeos a Hungr\u00eda. La decisi\u00f3n final la tomar\u00e1 el Consejo.<\/p>\n","protected":false},"author":1366,"featured_media":8003,"comment_status":"open","ping_status":"open","sticky":false,"template":"templates\/post-briefings.php","format":"standard","meta":{"_acf_changed":false,"_trash_the_other_posts":false,"_yoast_wpseo_estimated-reading-time-minutes":2,"footnotes":""},"categories":[6],"tags":[],"staff":[],"editorial_format":[],"serie":[],"audience":[],"geo":[177],"class_list":["post-8002","post","type-post","status-publish","format-standard","hentry","category-politica","geo-europa"],"acf":{"open_in_webview":false,"accent":false,"_thumbnail_id":8003,"excerpt":"Hoy se celebra el Consejo de Asuntos Generales bajo la Presidencia checa. El tema del Estado de Derecho ser\u00e1 una parte importante de esta reuni\u00f3n, tras las recientes declaraciones de Ursula von der Leyen sobre la suspensi\u00f3n de parte de fondos europeos a Hungr\u00eda. La decisi\u00f3n final la tomar\u00e1 el Consejo.","display_date":"","new_abstract":true},"yoast_head":"<!-- This site is optimized with the Yoast SEO plugin v26.1.1 - https:\/\/yoast.com\/wordpress\/plugins\/seo\/ -->\n<title>Fondos europeos para Hungr\u00eda podr\u00edan ser suspendidos - El Grand Continent<\/title>\n<meta name=\"robots\" content=\"index, follow, max-snippet:-1, max-image-preview:large, max-video-preview:-1\" \/>\n<link rel=\"canonical\" href=\"https:\/\/legrandcontinent.eu\/es\/2022\/09\/20\/fondos-europeos-para-hungria-podrian-ser-suspendidos\/\" \/>\n<meta property=\"og:locale\" content=\"es_ES\" \/>\n<meta property=\"og:type\" content=\"article\" \/>\n<meta property=\"og:title\" content=\"Fondos europeos para Hungr\u00eda podr\u00edan ser suspendidos - El Grand Continent\" \/>\n<meta property=\"og:description\" content=\"Hoy se celebra el Consejo de Asuntos Generales bajo la Presidencia checa. El tema del Estado de Derecho ser\u00e1 una parte importante de esta reuni\u00f3n, tras las recientes declaraciones de Ursula von der Leyen sobre la suspensi\u00f3n de parte de fondos europeos a Hungr\u00eda. La decisi\u00f3n final la tomar\u00e1 el Consejo.\" \/>\n<meta property=\"og:url\" content=\"https:\/\/legrandcontinent.eu\/es\/2022\/09\/20\/fondos-europeos-para-hungria-podrian-ser-suspendidos\/\" \/>\n<meta property=\"og:site_name\" content=\"El Grand Continent\" \/>\n<meta property=\"article:published_time\" content=\"2022-09-20T13:27:00+00:00\" \/>\n<meta property=\"article:modified_time\" content=\"2022-09-20T15:43:38+00:00\" \/>\n<meta property=\"og:image\" content=\"https:\/\/legrandcontinent.eu\/es\/wp-content\/uploads\/sites\/6\/2022\/09\/gc-elfondohungaro-scaled.jpg\" \/>\n\t<meta property=\"og:image:width\" content=\"2560\" \/>\n\t<meta property=\"og:image:height\" content=\"1438\" \/>\n\t<meta property=\"og:image:type\" content=\"image\/jpeg\" \/>\n<meta name=\"author\" content=\"florent\" \/>\n<meta name=\"twitter:card\" content=\"summary_large_image\" \/>\n<meta name=\"twitter:image\" content=\"https:\/\/legrandcontinent.eu\/es\/wp-content\/uploads\/sites\/6\/2022\/09\/gc-elfondohungaro-scaled.jpg\" \/>\n<meta name=\"twitter:label1\" content=\"Escrito por\" \/>\n\t<meta name=\"twitter:data1\" content=\"florent\" \/>\n\t<meta name=\"twitter:label2\" content=\"Tiempo de lectura\" \/>\n\t<meta name=\"twitter:data2\" content=\"2 minutos\" \/>\n<script type=\"application\/ld+json\" class=\"yoast-schema-graph\">{\"@context\":\"https:\/\/schema.org\",\"@graph\":[{\"@type\":\"WebPage\",\"@id\":\"https:\/\/legrandcontinent.eu\/es\/2022\/09\/20\/fondos-europeos-para-hungria-podrian-ser-suspendidos\/\",\"url\":\"https:\/\/legrandcontinent.eu\/es\/2022\/09\/20\/fondos-europeos-para-hungria-podrian-ser-suspendidos\/\",\"name\":\"Fondos europeos para Hungr\u00eda podr\u00edan ser suspendidos - El Grand Continent\",\"isPartOf\":{\"@id\":\"https:\/\/legrandcontinent.eu\/es\/#website\"},\"primaryImageOfPage\":{\"@id\":\"https:\/\/legrandcontinent.eu\/es\/2022\/09\/20\/fondos-europeos-para-hungria-podrian-ser-suspendidos\/#primaryimage\"},\"image\":{\"@id\":\"https:\/\/legrandcontinent.eu\/es\/2022\/09\/20\/fondos-europeos-para-hungria-podrian-ser-suspendidos\/#primaryimage\"},\"thumbnailUrl\":\"https:\/\/legrandcontinent.eu\/es\/wp-content\/uploads\/sites\/6\/2022\/09\/SIPA_AP22719995_000003-scaled-1.jpg\",\"datePublished\":\"2022-09-20T13:27:00+00:00\",\"dateModified\":\"2022-09-20T15:43:38+00:00\",\"author\":{\"@id\":\"https:\/\/legrandcontinent.eu\/es\/#\/schema\/person\/cdd782c93d4a9eda86ab19a8c01cdf5c\"},\"breadcrumb\":{\"@id\":\"https:\/\/legrandcontinent.eu\/es\/2022\/09\/20\/fondos-europeos-para-hungria-podrian-ser-suspendidos\/#breadcrumb\"},\"inLanguage\":\"es\",\"potentialAction\":[{\"@type\":\"ReadAction\",\"target\":[\"https:\/\/legrandcontinent.eu\/es\/2022\/09\/20\/fondos-europeos-para-hungria-podrian-ser-suspendidos\/\"]}]},{\"@type\":\"ImageObject\",\"inLanguage\":\"es\",\"@id\":\"https:\/\/legrandcontinent.eu\/es\/2022\/09\/20\/fondos-europeos-para-hungria-podrian-ser-suspendidos\/#primaryimage\",\"url\":\"https:\/\/legrandcontinent.eu\/es\/wp-content\/uploads\/sites\/6\/2022\/09\/SIPA_AP22719995_000003-scaled-1.jpg\",\"contentUrl\":\"https:\/\/legrandcontinent.eu\/es\/wp-content\/uploads\/sites\/6\/2022\/09\/SIPA_AP22719995_000003-scaled-1.jpg\",\"width\":2560,\"height\":1801,\"caption\":\"Hungary's Prime Minister Viktor Orban listens to Serbian President Aleksandar Vucic during their talks in Belgrade, Serbia, Friday, Sept. 16, 2022. Orban is on a one day working visit to Serbia. (AP Photo\/Darko Vojinovic)\/XDMV103\/22259282382554\/\/2209161000\"},{\"@type\":\"BreadcrumbList\",\"@id\":\"https:\/\/legrandcontinent.eu\/es\/2022\/09\/20\/fondos-europeos-para-hungria-podrian-ser-suspendidos\/#breadcrumb\",\"itemListElement\":[{\"@type\":\"ListItem\",\"position\":1,\"name\":\"Home\",\"item\":\"https:\/\/legrandcontinent.eu\/es\/\"},{\"@type\":\"ListItem\",\"position\":2,\"name\":\"Fondos europeos para Hungr\u00eda podr\u00edan ser suspendidos\"}]},{\"@type\":\"WebSite\",\"@id\":\"https:\/\/legrandcontinent.eu\/es\/#website\",\"url\":\"https:\/\/legrandcontinent.eu\/es\/\",\"name\":\"El Grand Continent\",\"description\":\"La escala pertinente\",\"potentialAction\":[{\"@type\":\"SearchAction\",\"target\":{\"@type\":\"EntryPoint\",\"urlTemplate\":\"https:\/\/legrandcontinent.eu\/es\/?s={search_term_string}\"},\"query-input\":{\"@type\":\"PropertyValueSpecification\",\"valueRequired\":true,\"valueName\":\"search_term_string\"}}],\"inLanguage\":\"es\"},{\"@type\":\"Person\",\"@id\":\"https:\/\/legrandcontinent.eu\/es\/#\/schema\/person\/cdd782c93d4a9eda86ab19a8c01cdf5c\",\"name\":\"florent\",\"image\":{\"@type\":\"ImageObject\",\"inLanguage\":\"es\",\"@id\":\"https:\/\/legrandcontinent.eu\/es\/#\/schema\/person\/image\/\",\"url\":\"https:\/\/secure.gravatar.com\/avatar\/0d38d78c90602daf39b309035cdac6bc?s=96&d=mm&r=g\",\"contentUrl\":\"https:\/\/secure.gravatar.com\/avatar\/0d38d78c90602daf39b309035cdac6bc?s=96&d=mm&r=g\",\"caption\":\"florent\"}}]}<\/script>\n<!-- \/ Yoast SEO plugin. -->","yoast_head_json":{"title":"Fondos europeos para Hungr\u00eda podr\u00edan ser suspendidos - El Grand Continent","robots":{"index":"index","follow":"follow","max-snippet":"max-snippet:-1","max-image-preview":"max-image-preview:large","max-video-preview":"max-video-preview:-1"},"canonical":"https:\/\/legrandcontinent.eu\/es\/2022\/09\/20\/fondos-europeos-para-hungria-podrian-ser-suspendidos\/","og_locale":"es_ES","og_type":"article","og_title":"Fondos europeos para Hungr\u00eda podr\u00edan ser suspendidos - El Grand Continent","og_description":"Hoy se celebra el Consejo de Asuntos Generales bajo la Presidencia checa. El tema del Estado de Derecho ser\u00e1 una parte importante de esta reuni\u00f3n, tras las recientes declaraciones de Ursula von der Leyen sobre la suspensi\u00f3n de parte de fondos europeos a Hungr\u00eda. La decisi\u00f3n final la tomar\u00e1 el Consejo.","og_url":"https:\/\/legrandcontinent.eu\/es\/2022\/09\/20\/fondos-europeos-para-hungria-podrian-ser-suspendidos\/","og_site_name":"El Grand Continent","article_published_time":"2022-09-20T13:27:00+00:00","article_modified_time":"2022-09-20T15:43:38+00:00","og_image":[{"width":2560,"height":1438,"url":"https:\/\/legrandcontinent.eu\/es\/wp-content\/uploads\/sites\/6\/2022\/09\/gc-elfondohungaro-scaled.jpg","type":"image\/jpeg"}],"author":"florent","twitter_card":"summary_large_image","twitter_image":"https:\/\/legrandcontinent.eu\/es\/wp-content\/uploads\/sites\/6\/2022\/09\/gc-elfondohungaro-scaled.jpg","twitter_misc":{"Escrito por":"florent","Tiempo de lectura":"2 minutos"},"schema":{"@context":"https:\/\/schema.org","@graph":[{"@type":"WebPage","@id":"https:\/\/legrandcontinent.eu\/es\/2022\/09\/20\/fondos-europeos-para-hungria-podrian-ser-suspendidos\/","url":"https:\/\/legrandcontinent.eu\/es\/2022\/09\/20\/fondos-europeos-para-hungria-podrian-ser-suspendidos\/","name":"Fondos europeos para Hungr\u00eda podr\u00edan ser suspendidos - El Grand Continent","isPartOf":{"@id":"https:\/\/legrandcontinent.eu\/es\/#website"},"primaryImageOfPage":{"@id":"https:\/\/legrandcontinent.eu\/es\/2022\/09\/20\/fondos-europeos-para-hungria-podrian-ser-suspendidos\/#primaryimage"},"image":{"@id":"https:\/\/legrandcontinent.eu\/es\/2022\/09\/20\/fondos-europeos-para-hungria-podrian-ser-suspendidos\/#primaryimage"},"thumbnailUrl":"https:\/\/legrandcontinent.eu\/es\/wp-content\/uploads\/sites\/6\/2022\/09\/SIPA_AP22719995_000003-scaled-1.jpg","datePublished":"2022-09-20T13:27:00+00:00","dateModified":"2022-09-20T15:43:38+00:00","author":{"@id":"https:\/\/legrandcontinent.eu\/es\/#\/schema\/person\/cdd782c93d4a9eda86ab19a8c01cdf5c"},"breadcrumb":{"@id":"https:\/\/legrandcontinent.eu\/es\/2022\/09\/20\/fondos-europeos-para-hungria-podrian-ser-suspendidos\/#breadcrumb"},"inLanguage":"es","potentialAction":[{"@type":"ReadAction","target":["https:\/\/legrandcontinent.eu\/es\/2022\/09\/20\/fondos-europeos-para-hungria-podrian-ser-suspendidos\/"]}]},{"@type":"ImageObject","inLanguage":"es","@id":"https:\/\/legrandcontinent.eu\/es\/2022\/09\/20\/fondos-europeos-para-hungria-podrian-ser-suspendidos\/#primaryimage","url":"https:\/\/legrandcontinent.eu\/es\/wp-content\/uploads\/sites\/6\/2022\/09\/SIPA_AP22719995_000003-scaled-1.jpg","contentUrl":"https:\/\/legrandcontinent.eu\/es\/wp-content\/uploads\/sites\/6\/2022\/09\/SIPA_AP22719995_000003-scaled-1.jpg","width":2560,"height":1801,"caption":"Hungary's Prime Minister Viktor Orban listens to Serbian President Aleksandar Vucic during their talks in Belgrade, Serbia, Friday, Sept. 16, 2022. Orban is on a one day working visit to Serbia. (AP Photo\/Darko Vojinovic)\/XDMV103\/22259282382554\/\/2209161000"},{"@type":"BreadcrumbList","@id":"https:\/\/legrandcontinent.eu\/es\/2022\/09\/20\/fondos-europeos-para-hungria-podrian-ser-suspendidos\/#breadcrumb","itemListElement":[{"@type":"ListItem","position":1,"name":"Home","item":"https:\/\/legrandcontinent.eu\/es\/"},{"@type":"ListItem","position":2,"name":"Fondos europeos para Hungr\u00eda podr\u00edan ser suspendidos"}]},{"@type":"WebSite","@id":"https:\/\/legrandcontinent.eu\/es\/#website","url":"https:\/\/legrandcontinent.eu\/es\/","name":"El Grand Continent","description":"La escala pertinente","potentialAction":[{"@type":"SearchAction","target":{"@type":"EntryPoint","urlTemplate":"https:\/\/legrandcontinent.eu\/es\/?s={search_term_string}"},"query-input":{"@type":"PropertyValueSpecification","valueRequired":true,"valueName":"search_term_string"}}],"inLanguage":"es"},{"@type":"Person","@id":"https:\/\/legrandcontinent.eu\/es\/#\/schema\/person\/cdd782c93d4a9eda86ab19a8c01cdf5c","name":"florent","image":{"@type":"ImageObject","inLanguage":"es","@id":"https:\/\/legrandcontinent.eu\/es\/#\/schema\/person\/image\/","url":"https:\/\/secure.gravatar.com\/avatar\/0d38d78c90602daf39b309035cdac6bc?s=96&d=mm&r=g","contentUrl":"https:\/\/secure.gravatar.com\/avatar\/0d38d78c90602daf39b309035cdac6bc?s=96&d=mm&r=g","caption":"florent"}}]}},"lgc_categories":[{"id":6,"name":"Pol\u00edtica","slug":"politica"}],"lgc_author":null,"feature_image_summary":{"url":"https:\/\/legrandcontinent.eu\/es\/wp-content\/uploads\/sites\/6\/2022\/09\/SIPA_AP22719995_000003-scaled-1.jpg","width":2560,"height":1801,"alt":""},"feature_image_cover":null,"term_position_data":null,"_links":{"self":[{"href":"https:\/\/legrandcontinent.eu\/es\/wp-json\/wp\/v2\/posts\/8002","targetHints":{"allow":["GET"]}}],"collection":[{"href":"https:\/\/legrandcontinent.eu\/es\/wp-json\/wp\/v2\/posts"}],"about":[{"href":"https:\/\/legrandcontinent.eu\/es\/wp-json\/wp\/v2\/types\/post"}],"author":[{"embeddable":true,"href":"https:\/\/legrandcontinent.eu\/es\/wp-json\/wp\/v2\/users\/1366"}],"replies":[{"embeddable":true,"href":"https:\/\/legrandcontinent.eu\/es\/wp-json\/wp\/v2\/comments?post=8002"}],"version-history":[{"count":0,"href":"https:\/\/legrandcontinent.eu\/es\/wp-json\/wp\/v2\/posts\/8002\/revisions"}],"wp:featuredmedia":[{"embeddable":true,"href":"https:\/\/legrandcontinent.eu\/es\/wp-json\/wp\/v2\/media\/8003"}],"wp:attachment":[{"href":"https:\/\/legrandcontinent.eu\/es\/wp-json\/wp\/v2\/media?parent=8002"}],"wp:term":[{"taxonomy":"category","embeddable":true,"href":"https:\/\/legrandcontinent.eu\/es\/wp-json\/wp\/v2\/categories?post=8002"},{"taxonomy":"post_tag","embeddable":true,"href":"https:\/\/legrandcontinent.eu\/es\/wp-json\/wp\/v2\/tags?post=8002"},{"taxonomy":"staff","embeddable":true,"href":"https:\/\/legrandcontinent.eu\/es\/wp-json\/wp\/v2\/staff?post=8002"},{"taxonomy":"editorial_format","embeddable":true,"href":"https:\/\/legrandcontinent.eu\/es\/wp-json\/wp\/v2\/editorial_format?post=8002"},{"taxonomy":"serie","embeddable":true,"href":"https:\/\/legrandcontinent.eu\/es\/wp-json\/wp\/v2\/serie?post=8002"},{"taxonomy":"audience","embeddable":true,"href":"https:\/\/legrandcontinent.eu\/es\/wp-json\/wp\/v2\/audience?post=8002"},{"taxonomy":"geo","embeddable":true,"href":"https:\/\/legrandcontinent.eu\/es\/wp-json\/wp\/v2\/geo?post=8002"}],"curies":[{"name":"wp","href":"https:\/\/api.w.org\/{rel}","templated":true}]}}