{"id":79399,"date":"2025-09-30T07:34:12","date_gmt":"2025-09-30T05:34:12","guid":{"rendered":"https:\/\/legrandcontinent.eu\/es\/?p=79399"},"modified":"2025-09-30T07:34:15","modified_gmt":"2025-09-30T05:34:15","slug":"que-se-puede-esperar-de-la-reunion-de-hegseth-con-los-generales-estadounidenses","status":"publish","type":"post","link":"https:\/\/legrandcontinent.eu\/es\/2025\/09\/30\/que-se-puede-esperar-de-la-reunion-de-hegseth-con-los-generales-estadounidenses\/","title":{"rendered":"\u00bfQu\u00e9 se puede esperar de la reuni\u00f3n de Hegseth con los generales estadounidenses?"},"content":{"rendered":"\n<p>El jueves 25 de septiembre, el portavoz del Pent\u00e1gono, Sean Parnell, anunci\u00f3 que\u00a0<a href=\"https:\/\/legrandcontinent.eu\/es\/2025\/01\/13\/pete-hegseth-el-hombre-fiel-dispuesto-a-emprender-una-cruzada-por-trump\/\">el secretario de Defensa Pete Hegseth<\/a>\u00a0hab\u00eda convocado a m\u00e1s de 800 generales y almirantes del ej\u00e9rcito estadounidense para una reuni\u00f3n que tendr\u00e1 lugar hoy, martes 30 de septiembre, en la base de los marines de Quantico, en Virginia. La convocatoria de todo el mando del ej\u00e9rcito estadounidense es muy inusual en tiempos de paz.<\/p>\n\n\n\n<p>El Pent\u00e1gono no ha dado detalles sobre los temas que se tratar\u00e1n en la reuni\u00f3n, en la que participar\u00e1 Donald Trump.<\/p>\n\n\n\n<ul class=\"wp-block-list\">\n<li>El presidente estadounidense habl\u00f3 el domingo 28 de una \u00abreuni\u00f3n muy bonita en la que se discutir\u00e1n nuestros excelentes resultados en el plano militar, nuestra excelente forma, muchas cosas positivas\u00bb&nbsp;<span class='whitespace-nowrap'><span id='easy-footnote-1-79399' class='easy-footnote-margin-adjust'><\/span><span class='easy-footnote'><a href='https:\/\/legrandcontinent.eu\/es\/2025\/09\/30\/que-se-puede-esperar-de-la-reunion-de-hegseth-con-los-generales-estadounidenses\/#easy-footnote-bottom-1-79399' title='Yamiche Alcindor y Alexandra Marquez, \u00ab\u00a0&lt;a href=&quot;https:\/\/www.nbcnews.com\/politics\/donald-trump\/trump-pete-hegseth-generals-military-meeting-rcna234216&quot;&gt;Trump says he\u2019ll attend Pete Hegseth\u2019s gathering of generals to tell them \u2018how well we\u2019re doing militarily\u2019&lt;\/a&gt;\u00a0\u00bb,\u00a0&lt;em&gt;NBC News&lt;\/em&gt;, 28 de septiembre de 2025.'><sup>1<\/sup><\/a><\/span><\/span>.<\/li>\n\n\n\n<li>Seg\u00fan responsables estadounidenses, Hegseth se centrar\u00e1 en su discurso en el restablecimiento de una \u00ab\u00e9tica guerrera\u00bb en el ej\u00e9rcito estadounidense y presentar\u00e1 nuevas medidas para alcanzar este objetivo&nbsp;<span class='whitespace-nowrap'><span id='easy-footnote-2-79399' class='easy-footnote-margin-adjust'><\/span><span class='easy-footnote'><a href='https:\/\/legrandcontinent.eu\/es\/2025\/09\/30\/que-se-puede-esperar-de-la-reunion-de-hegseth-con-los-generales-estadounidenses\/#easy-footnote-bottom-2-79399' title='Luis Martinez, \u00ab\u00a0&lt;a href=&quot;https:\/\/abcnews.go.com\/Politics\/defense-secretary-pete-hegseth-hundreds-generals-warrior-ethos\/story?id=125978838&quot;&gt;Defense Secretary Pete Hegseth to tell hundreds of generals about the \u2018warrior ethos\u2019 in rare gathering\u00a0: Sources&lt;\/a&gt;\u00a0\u00bb,\u00a0&lt;em&gt;ABC News&lt;\/em&gt;, 28 de septiembre de 2025.'><sup>2<\/sup><\/a><\/span><\/span>.<\/li>\n\n\n\n<li>Otras fuentes han dicho que esperan una ola de despidos o que Hegseth exija a sus generales que demuestren \u00ablealtad\u00bb en la aplicaci\u00f3n de la agenda de Trump&nbsp;<span class='whitespace-nowrap'><span id='easy-footnote-3-79399' class='easy-footnote-margin-adjust'><\/span><span class='easy-footnote'><a href='https:\/\/legrandcontinent.eu\/es\/2025\/09\/30\/que-se-puede-esperar-de-la-reunion-de-hegseth-con-los-generales-estadounidenses\/#easy-footnote-bottom-3-79399' title='Steff Ch\u00e1vez, \u00ab\u00a0&lt;a href=&quot;https:\/\/www.ft.com\/content\/6bd6df0c-2057-486e-927e-9beba16d1816&quot;&gt;Pete Hegseth\u2019s sudden military summit stirs concern and speculation&lt;\/a&gt;\u00a0\u00bb,\u00a0&lt;em&gt;Financial Times&lt;\/em&gt;, 26 de septiembre de 2025.'><sup>3<\/sup><\/a><\/span><\/span>.<\/li>\n<\/ul>\n\n\n\n<div class=\"iframe-container wp-block-image wp-block-image-medium  iframe-dw\">\n\t<div>\n\t\t<iframe class=\"absolute w-full h-full pin-t pin-l\" title=\"titolo\" aria-label=\"Interactive line chart\" src=\"\/\/datawrapper.dwcdn.net\/3qehv\/\" scrolling=\"no\" frameborder=\"0\"><\/iframe>\n\t<\/div>\n<\/div>\n\n\n\n<p>La presencia en un mismo lugar de varios cientos de generales del ej\u00e9rcito parece presentar riesgos en materia de seguridad. Por lo general, el Departamento de Defensa utiliza programas inform\u00e1ticos de videoconferencia internos de alta seguridad que permiten evitar desplazamientos que requieren importantes maniobras log\u00edsticas. La reuni\u00f3n resulta a\u00fan m\u00e1s sorprendente por el hecho de que no se mantuvo en secreto.<\/p>\n\n\n\n<ul class=\"wp-block-list\">\n<li>Donald Trump ha recurrido ampliamente al ej\u00e9rcito desde el 20 de enero para llevar a cabo su agenda<a href=\"https:\/\/legrandcontinent.eu\/es\/2025\/06\/09\/en-los-angeles-tras-la-intervencion-de-la-guardia-nacional-donald-trump-amenaza-con-enviar-al-ejercito-contra-los-manifestantes\/\">, desplegando la Guardia Nacional en Los \u00c1ngeles<\/a>\u00a0y en Washington D. C., la capital federal.<\/li>\n\n\n\n<li>El presidente republicano ha declarado su intenci\u00f3n de enviar tropas a Portland, Oreg\u00f3n, Chicago y Memphis, y ha mencionado las ciudades de Baltimore y Nueva Orleans como posibles destinos, todas ellas ciudades dem\u00f3cratas.<\/li>\n<\/ul>\n\n\n\n<div class=\"iframe-container wp-block-image wp-block-image-medium  iframe-dw\">\n\t<div>\n\t\t<iframe class=\"absolute w-full h-full pin-t pin-l\" title=\"titolo\" aria-label=\"Interactive line chart\" src=\"\/\/datawrapper.dwcdn.net\/H8EPs\/\" scrolling=\"no\" frameborder=\"0\"><\/iframe>\n\t<\/div>\n<\/div>\n\n\n\n<p>Desde su nombramiento al frente del Pent\u00e1gono, Pete Hegseth, un exmilitar que se incorpor\u00f3 a la cadena Fox News en 2014, ha suprimido programas y comisiones destinados a animar a las mujeres a alistarse en el ej\u00e9rcito, ha pedido que se eliminen todas las menciones a f\u00f3rmulas de promoci\u00f3n de la diversidad, equidad e inclusi\u00f3n (DEI) de los materiales de comunicaci\u00f3n del ej\u00e9rcito y exigido a los periodistas que se comprometieran a no publicar nada antes de que fuera autorizado por el Departamento de Defensa.<\/p>\n\n\n\n<ul class=\"wp-block-list\">\n<li>En\u00a0<a href=\"https:\/\/legrandcontinent.eu\/es\/2024\/11\/16\/trump-y-la-elite-trumpista-en-11-libros\/\">un libro publicado en junio de 2024<\/a>, Hegseth denunciaba la \u00abideolog\u00eda woke\u00bb que, seg\u00fan \u00e9l, gangrena el ej\u00e9rcito estadounidense. Cuando se public\u00f3 el libro, este afirm\u00f3 en Fox News que \u00abla diversidad no es la fuerza del ej\u00e9rcito, la unidad es la fuerza\u00bb.<\/li>\n\n\n\n<li>Tambi\u00e9n hab\u00eda declarado en el pasado que estaba en contra de enviar mujeres al combate, antes de retractarse poco antes de su nombramiento por Trump.<\/li>\n\n\n\n<li>A principios de septiembre, Trump firm\u00f3 un decreto para renombrar el Departamento de Defensa como \u00abDepartamento de Guerra\u00bb con el fin de \u00abproyectar una imagen de fuerza y determinaci\u00f3n\u00bb.<\/li>\n<\/ul>\n","protected":false},"excerpt":{"rendered":"<p>Hoy, martes 30 de septiembre, el secretario de Defensa estadounidense Pete Hegseth re\u00fane a m\u00e1s de 800 generales y almirantes del ej\u00e9rcito estadounidense para una reuni\u00f3n en la base de los marines de Quantico, en Virginia.<\/p>\n<p>La convocatoria de todo el mando del ej\u00e9rcito estadounidense es muy inusual en tiempos de paz.<\/p>\n","protected":false},"author":1366,"featured_media":79355,"comment_status":"closed","ping_status":"closed","sticky":false,"template":"templates\/post-briefings.php","format":"standard","meta":{"_acf_changed":true,"_trash_the_other_posts":false,"_yoast_wpseo_estimated-reading-time-minutes":3,"footnotes":""},"categories":[6],"tags":[],"staff":[],"editorial_format":[],"serie":[],"audience":[],"geo":[172],"class_list":["post-79399","post","type-post","status-publish","format-standard","hentry","category-politica","geo-americas"],"acf":{"open_in_webview":false,"accent":false},"yoast_head":"<!-- This site is optimized with the Yoast SEO plugin v26.1.1 - https:\/\/yoast.com\/wordpress\/plugins\/seo\/ -->\n<title>\u00bfQu\u00e9 se puede esperar de la reuni\u00f3n de Hegseth con los generales estadounidenses? - El Grand Continent<\/title>\n<meta name=\"robots\" content=\"index, follow, max-snippet:-1, max-image-preview:large, max-video-preview:-1\" \/>\n<link rel=\"canonical\" href=\"https:\/\/legrandcontinent.eu\/es\/2025\/09\/30\/que-se-puede-esperar-de-la-reunion-de-hegseth-con-los-generales-estadounidenses\/\" \/>\n<meta property=\"og:locale\" content=\"es_ES\" \/>\n<meta property=\"og:type\" content=\"article\" \/>\n<meta property=\"og:title\" content=\"\u00bfQu\u00e9 se puede esperar de la reuni\u00f3n de Hegseth con los generales estadounidenses? - El Grand Continent\" \/>\n<meta property=\"og:description\" content=\"Hoy, martes 30 de septiembre, el secretario de Defensa estadounidense Pete Hegseth re\u00fane a m\u00e1s de 800 generales y almirantes del ej\u00e9rcito estadounidense para una reuni\u00f3n en la base de los marines de Quantico, en Virginia.  La convocatoria de todo el mando del ej\u00e9rcito estadounidense es muy inusual en tiempos de paz.\" \/>\n<meta property=\"og:url\" content=\"https:\/\/legrandcontinent.eu\/es\/2025\/09\/30\/que-se-puede-esperar-de-la-reunion-de-hegseth-con-los-generales-estadounidenses\/\" \/>\n<meta property=\"og:site_name\" content=\"El Grand Continent\" \/>\n<meta property=\"article:published_time\" content=\"2025-09-30T05:34:12+00:00\" \/>\n<meta property=\"article:modified_time\" content=\"2025-09-30T05:34:15+00:00\" \/>\n<meta property=\"og:image\" content=\"https:\/\/legrandcontinent.eu\/es\/wp-content\/uploads\/sites\/6\/2025\/09\/gc-elhegseth-scaled.jpg\" \/>\n\t<meta property=\"og:image:width\" content=\"2560\" \/>\n\t<meta property=\"og:image:height\" content=\"1440\" \/>\n\t<meta property=\"og:image:type\" content=\"image\/jpeg\" \/>\n<meta name=\"author\" content=\"florent\" \/>\n<meta name=\"twitter:card\" content=\"summary_large_image\" \/>\n<meta name=\"twitter:image\" content=\"https:\/\/legrandcontinent.eu\/es\/wp-content\/uploads\/sites\/6\/2025\/09\/gc-elhegseth-scaled.jpg\" \/>\n<meta name=\"twitter:label1\" content=\"Escrito por\" \/>\n\t<meta name=\"twitter:data1\" content=\"florent\" \/>\n\t<meta name=\"twitter:label2\" content=\"Tiempo de lectura\" \/>\n\t<meta name=\"twitter:data2\" content=\"3 minutos\" \/>\n<script type=\"application\/ld+json\" class=\"yoast-schema-graph\">{\"@context\":\"https:\/\/schema.org\",\"@graph\":[{\"@type\":\"WebPage\",\"@id\":\"https:\/\/legrandcontinent.eu\/es\/2025\/09\/30\/que-se-puede-esperar-de-la-reunion-de-hegseth-con-los-generales-estadounidenses\/\",\"url\":\"https:\/\/legrandcontinent.eu\/es\/2025\/09\/30\/que-se-puede-esperar-de-la-reunion-de-hegseth-con-los-generales-estadounidenses\/\",\"name\":\"\u00bfQu\u00e9 se puede esperar de la reuni\u00f3n de Hegseth con los generales estadounidenses? - El Grand Continent\",\"isPartOf\":{\"@id\":\"https:\/\/legrandcontinent.eu\/es\/#website\"},\"primaryImageOfPage\":{\"@id\":\"https:\/\/legrandcontinent.eu\/es\/2025\/09\/30\/que-se-puede-esperar-de-la-reunion-de-hegseth-con-los-generales-estadounidenses\/#primaryimage\"},\"image\":{\"@id\":\"https:\/\/legrandcontinent.eu\/es\/2025\/09\/30\/que-se-puede-esperar-de-la-reunion-de-hegseth-con-los-generales-estadounidenses\/#primaryimage\"},\"thumbnailUrl\":\"https:\/\/legrandcontinent.eu\/es\/wp-content\/uploads\/sites\/2\/2025\/09\/SIPA_shutterstock41312364_000001-scaled.jpg\",\"datePublished\":\"2025-09-30T05:34:12+00:00\",\"dateModified\":\"2025-09-30T05:34:15+00:00\",\"author\":{\"@id\":\"https:\/\/legrandcontinent.eu\/es\/#\/schema\/person\/cdd782c93d4a9eda86ab19a8c01cdf5c\"},\"breadcrumb\":{\"@id\":\"https:\/\/legrandcontinent.eu\/es\/2025\/09\/30\/que-se-puede-esperar-de-la-reunion-de-hegseth-con-los-generales-estadounidenses\/#breadcrumb\"},\"inLanguage\":\"es\",\"potentialAction\":[{\"@type\":\"ReadAction\",\"target\":[\"https:\/\/legrandcontinent.eu\/es\/2025\/09\/30\/que-se-puede-esperar-de-la-reunion-de-hegseth-con-los-generales-estadounidenses\/\"]}]},{\"@type\":\"ImageObject\",\"inLanguage\":\"es\",\"@id\":\"https:\/\/legrandcontinent.eu\/es\/2025\/09\/30\/que-se-puede-esperar-de-la-reunion-de-hegseth-con-los-generales-estadounidenses\/#primaryimage\",\"url\":\"https:\/\/legrandcontinent.eu\/es\/wp-content\/uploads\/sites\/2\/2025\/09\/SIPA_shutterstock41312364_000001-scaled.jpg\",\"contentUrl\":\"https:\/\/legrandcontinent.eu\/es\/wp-content\/uploads\/sites\/2\/2025\/09\/SIPA_shutterstock41312364_000001-scaled.jpg\",\"width\":2560,\"height\":1706,\"caption\":\"Mandatory Credit: Photo by Al Drago\/UPI\/Shutterstock (15468569p) Pete Hegseth, US secretary of defense, attends an announcement in the Oval Office of the White House in Washington, DC on Tuesday, Sept. 2, 2025. Trump is set to announce that he's basing US Space Command in Huntsville, Alabama, undoing former President Joe Biden's decision to put the headquarters in Colorado. US President Donald Trump in the Oval Office of the White House, Washington, District of Columbia, United States - 02 Sep 2025\/shutterstock_editorial_US_President_Donald_Trump_in_t_15468569p\/\/2509030015\"},{\"@type\":\"BreadcrumbList\",\"@id\":\"https:\/\/legrandcontinent.eu\/es\/2025\/09\/30\/que-se-puede-esperar-de-la-reunion-de-hegseth-con-los-generales-estadounidenses\/#breadcrumb\",\"itemListElement\":[{\"@type\":\"ListItem\",\"position\":1,\"name\":\"Home\",\"item\":\"https:\/\/legrandcontinent.eu\/es\/\"},{\"@type\":\"ListItem\",\"position\":2,\"name\":\"\u00bfQu\u00e9 se puede esperar de la reuni\u00f3n de Hegseth con los generales estadounidenses?\"}]},{\"@type\":\"WebSite\",\"@id\":\"https:\/\/legrandcontinent.eu\/es\/#website\",\"url\":\"https:\/\/legrandcontinent.eu\/es\/\",\"name\":\"El Grand Continent\",\"description\":\"La escala pertinente\",\"potentialAction\":[{\"@type\":\"SearchAction\",\"target\":{\"@type\":\"EntryPoint\",\"urlTemplate\":\"https:\/\/legrandcontinent.eu\/es\/?s={search_term_string}\"},\"query-input\":{\"@type\":\"PropertyValueSpecification\",\"valueRequired\":true,\"valueName\":\"search_term_string\"}}],\"inLanguage\":\"es\"},{\"@type\":\"Person\",\"@id\":\"https:\/\/legrandcontinent.eu\/es\/#\/schema\/person\/cdd782c93d4a9eda86ab19a8c01cdf5c\",\"name\":\"florent\",\"image\":{\"@type\":\"ImageObject\",\"inLanguage\":\"es\",\"@id\":\"https:\/\/legrandcontinent.eu\/es\/#\/schema\/person\/image\/\",\"url\":\"https:\/\/secure.gravatar.com\/avatar\/0d38d78c90602daf39b309035cdac6bc?s=96&d=mm&r=g\",\"contentUrl\":\"https:\/\/secure.gravatar.com\/avatar\/0d38d78c90602daf39b309035cdac6bc?s=96&d=mm&r=g\",\"caption\":\"florent\"}}]}<\/script>\n<!-- \/ Yoast SEO plugin. -->","yoast_head_json":{"title":"\u00bfQu\u00e9 se puede esperar de la reuni\u00f3n de Hegseth con los generales estadounidenses? - El Grand Continent","robots":{"index":"index","follow":"follow","max-snippet":"max-snippet:-1","max-image-preview":"max-image-preview:large","max-video-preview":"max-video-preview:-1"},"canonical":"https:\/\/legrandcontinent.eu\/es\/2025\/09\/30\/que-se-puede-esperar-de-la-reunion-de-hegseth-con-los-generales-estadounidenses\/","og_locale":"es_ES","og_type":"article","og_title":"\u00bfQu\u00e9 se puede esperar de la reuni\u00f3n de Hegseth con los generales estadounidenses? - El Grand Continent","og_description":"Hoy, martes 30 de septiembre, el secretario de Defensa estadounidense Pete Hegseth re\u00fane a m\u00e1s de 800 generales y almirantes del ej\u00e9rcito estadounidense para una reuni\u00f3n en la base de los marines de Quantico, en Virginia.  La convocatoria de todo el mando del ej\u00e9rcito estadounidense es muy inusual en tiempos de paz.","og_url":"https:\/\/legrandcontinent.eu\/es\/2025\/09\/30\/que-se-puede-esperar-de-la-reunion-de-hegseth-con-los-generales-estadounidenses\/","og_site_name":"El Grand Continent","article_published_time":"2025-09-30T05:34:12+00:00","article_modified_time":"2025-09-30T05:34:15+00:00","og_image":[{"width":2560,"height":1440,"url":"https:\/\/legrandcontinent.eu\/es\/wp-content\/uploads\/sites\/6\/2025\/09\/gc-elhegseth-scaled.jpg","type":"image\/jpeg"}],"author":"florent","twitter_card":"summary_large_image","twitter_image":"https:\/\/legrandcontinent.eu\/es\/wp-content\/uploads\/sites\/6\/2025\/09\/gc-elhegseth-scaled.jpg","twitter_misc":{"Escrito por":"florent","Tiempo de lectura":"3 minutos"},"schema":{"@context":"https:\/\/schema.org","@graph":[{"@type":"WebPage","@id":"https:\/\/legrandcontinent.eu\/es\/2025\/09\/30\/que-se-puede-esperar-de-la-reunion-de-hegseth-con-los-generales-estadounidenses\/","url":"https:\/\/legrandcontinent.eu\/es\/2025\/09\/30\/que-se-puede-esperar-de-la-reunion-de-hegseth-con-los-generales-estadounidenses\/","name":"\u00bfQu\u00e9 se puede esperar de la reuni\u00f3n de Hegseth con los generales estadounidenses? - El Grand Continent","isPartOf":{"@id":"https:\/\/legrandcontinent.eu\/es\/#website"},"primaryImageOfPage":{"@id":"https:\/\/legrandcontinent.eu\/es\/2025\/09\/30\/que-se-puede-esperar-de-la-reunion-de-hegseth-con-los-generales-estadounidenses\/#primaryimage"},"image":{"@id":"https:\/\/legrandcontinent.eu\/es\/2025\/09\/30\/que-se-puede-esperar-de-la-reunion-de-hegseth-con-los-generales-estadounidenses\/#primaryimage"},"thumbnailUrl":"https:\/\/legrandcontinent.eu\/es\/wp-content\/uploads\/sites\/2\/2025\/09\/SIPA_shutterstock41312364_000001-scaled.jpg","datePublished":"2025-09-30T05:34:12+00:00","dateModified":"2025-09-30T05:34:15+00:00","author":{"@id":"https:\/\/legrandcontinent.eu\/es\/#\/schema\/person\/cdd782c93d4a9eda86ab19a8c01cdf5c"},"breadcrumb":{"@id":"https:\/\/legrandcontinent.eu\/es\/2025\/09\/30\/que-se-puede-esperar-de-la-reunion-de-hegseth-con-los-generales-estadounidenses\/#breadcrumb"},"inLanguage":"es","potentialAction":[{"@type":"ReadAction","target":["https:\/\/legrandcontinent.eu\/es\/2025\/09\/30\/que-se-puede-esperar-de-la-reunion-de-hegseth-con-los-generales-estadounidenses\/"]}]},{"@type":"ImageObject","inLanguage":"es","@id":"https:\/\/legrandcontinent.eu\/es\/2025\/09\/30\/que-se-puede-esperar-de-la-reunion-de-hegseth-con-los-generales-estadounidenses\/#primaryimage","url":"https:\/\/legrandcontinent.eu\/es\/wp-content\/uploads\/sites\/2\/2025\/09\/SIPA_shutterstock41312364_000001-scaled.jpg","contentUrl":"https:\/\/legrandcontinent.eu\/es\/wp-content\/uploads\/sites\/2\/2025\/09\/SIPA_shutterstock41312364_000001-scaled.jpg","width":2560,"height":1706,"caption":"Mandatory Credit: Photo by Al Drago\/UPI\/Shutterstock (15468569p) Pete Hegseth, US secretary of defense, attends an announcement in the Oval Office of the White House in Washington, DC on Tuesday, Sept. 2, 2025. Trump is set to announce that he's basing US Space Command in Huntsville, Alabama, undoing former President Joe Biden's decision to put the headquarters in Colorado. US President Donald Trump in the Oval Office of the White House, Washington, District of Columbia, United States - 02 Sep 2025\/shutterstock_editorial_US_President_Donald_Trump_in_t_15468569p\/\/2509030015"},{"@type":"BreadcrumbList","@id":"https:\/\/legrandcontinent.eu\/es\/2025\/09\/30\/que-se-puede-esperar-de-la-reunion-de-hegseth-con-los-generales-estadounidenses\/#breadcrumb","itemListElement":[{"@type":"ListItem","position":1,"name":"Home","item":"https:\/\/legrandcontinent.eu\/es\/"},{"@type":"ListItem","position":2,"name":"\u00bfQu\u00e9 se puede esperar de la reuni\u00f3n de Hegseth con los generales estadounidenses?"}]},{"@type":"WebSite","@id":"https:\/\/legrandcontinent.eu\/es\/#website","url":"https:\/\/legrandcontinent.eu\/es\/","name":"El Grand Continent","description":"La escala pertinente","potentialAction":[{"@type":"SearchAction","target":{"@type":"EntryPoint","urlTemplate":"https:\/\/legrandcontinent.eu\/es\/?s={search_term_string}"},"query-input":{"@type":"PropertyValueSpecification","valueRequired":true,"valueName":"search_term_string"}}],"inLanguage":"es"},{"@type":"Person","@id":"https:\/\/legrandcontinent.eu\/es\/#\/schema\/person\/cdd782c93d4a9eda86ab19a8c01cdf5c","name":"florent","image":{"@type":"ImageObject","inLanguage":"es","@id":"https:\/\/legrandcontinent.eu\/es\/#\/schema\/person\/image\/","url":"https:\/\/secure.gravatar.com\/avatar\/0d38d78c90602daf39b309035cdac6bc?s=96&d=mm&r=g","contentUrl":"https:\/\/secure.gravatar.com\/avatar\/0d38d78c90602daf39b309035cdac6bc?s=96&d=mm&r=g","caption":"florent"}}]}},"lgc_categories":[{"id":6,"name":"Pol\u00edtica","slug":"politica"}],"lgc_author":null,"feature_image_summary":{"url":"https:\/\/legrandcontinent.eu\/es\/wp-content\/uploads\/sites\/2\/2025\/09\/SIPA_shutterstock41312364_000001-scaled.jpg","width":2560,"height":1706,"alt":""},"feature_image_cover":null,"term_position_data":null,"_links":{"self":[{"href":"https:\/\/legrandcontinent.eu\/es\/wp-json\/wp\/v2\/posts\/79399","targetHints":{"allow":["GET"]}}],"collection":[{"href":"https:\/\/legrandcontinent.eu\/es\/wp-json\/wp\/v2\/posts"}],"about":[{"href":"https:\/\/legrandcontinent.eu\/es\/wp-json\/wp\/v2\/types\/post"}],"author":[{"embeddable":true,"href":"https:\/\/legrandcontinent.eu\/es\/wp-json\/wp\/v2\/users\/1366"}],"replies":[{"embeddable":true,"href":"https:\/\/legrandcontinent.eu\/es\/wp-json\/wp\/v2\/comments?post=79399"}],"version-history":[{"count":0,"href":"https:\/\/legrandcontinent.eu\/es\/wp-json\/wp\/v2\/posts\/79399\/revisions"}],"wp:featuredmedia":[{"embeddable":true,"href":"https:\/\/legrandcontinent.eu\/es\/wp-json\/wp\/v2\/media\/79355"}],"wp:attachment":[{"href":"https:\/\/legrandcontinent.eu\/es\/wp-json\/wp\/v2\/media?parent=79399"}],"wp:term":[{"taxonomy":"category","embeddable":true,"href":"https:\/\/legrandcontinent.eu\/es\/wp-json\/wp\/v2\/categories?post=79399"},{"taxonomy":"post_tag","embeddable":true,"href":"https:\/\/legrandcontinent.eu\/es\/wp-json\/wp\/v2\/tags?post=79399"},{"taxonomy":"staff","embeddable":true,"href":"https:\/\/legrandcontinent.eu\/es\/wp-json\/wp\/v2\/staff?post=79399"},{"taxonomy":"editorial_format","embeddable":true,"href":"https:\/\/legrandcontinent.eu\/es\/wp-json\/wp\/v2\/editorial_format?post=79399"},{"taxonomy":"serie","embeddable":true,"href":"https:\/\/legrandcontinent.eu\/es\/wp-json\/wp\/v2\/serie?post=79399"},{"taxonomy":"audience","embeddable":true,"href":"https:\/\/legrandcontinent.eu\/es\/wp-json\/wp\/v2\/audience?post=79399"},{"taxonomy":"geo","embeddable":true,"href":"https:\/\/legrandcontinent.eu\/es\/wp-json\/wp\/v2\/geo?post=79399"}],"curies":[{"name":"wp","href":"https:\/\/api.w.org\/{rel}","templated":true}]}}