{"id":78329,"date":"2025-09-16T15:14:02","date_gmt":"2025-09-16T13:14:02","guid":{"rendered":"https:\/\/legrandcontinent.eu\/es\/?p=78329"},"modified":"2025-09-16T15:14:05","modified_gmt":"2025-09-16T13:14:05","slug":"de-que-fines-del-mundo-tenemos-miedo","status":"publish","type":"post","link":"https:\/\/legrandcontinent.eu\/es\/2025\/09\/16\/de-que-fines-del-mundo-tenemos-miedo\/","title":{"rendered":"\u00bfDe qu\u00e9 fines del mundo tenemos miedo?"},"content":{"rendered":"\n<p>Seg\u00fan una encuesta realizada por YouGov en abril en Estados Unidos y en cinco pa\u00edses europeos, entre ellos el Reino Unido, casi el 50% de los europeos considera \u00abprobable\u00bb que estalle una nueva guerra mundial en los pr\u00f3ximos 5 a 10 a\u00f1os&nbsp;<span class='whitespace-nowrap'><span id='easy-footnote-1-78329' class='easy-footnote-margin-adjust'><\/span><span class='easy-footnote'><a href='https:\/\/legrandcontinent.eu\/es\/2025\/09\/16\/de-que-fines-del-mundo-tenemos-miedo\/#easy-footnote-bottom-1-78329' title='&lt;a href=&quot;https:\/\/ygo-assets-websites-editorial-emea.yougov.net\/documents\/VE_Day_toplines_compiled.pdf&quot;&gt;VE Day toplines compiled&lt;\/a&gt;, YouGov, 6 de mayo de 2025.'><sup>1<\/sup><\/a><\/span><\/span>.<\/p>\n\n\n\n<ul class=\"wp-block-list\">\n<li>Este porcentaje es m\u00e1s elevado en Francia (55% de los encuestados), Espa\u00f1a (50%) e Italia (46%), mientras que es minoritario en el Reino Unido (donde el 42% considera esta hip\u00f3tesis \u00abpoco probable\u00bb) y Alemania (43%).<\/li>\n\n\n\n<li>Si bien tres cuartas partes de los encuestados consideran que las tensiones con Rusia constituyen \u00abuna amenaza\u00bb para la paz en el continente, una mayor\u00eda de franceses, alemanes y espa\u00f1oles tambi\u00e9n mencionan las tensiones con Estados Unidos.<\/li>\n<\/ul>\n\n\n\n<div class=\"iframe-container wp-block-image wp-block-image-medium  iframe-dw\">\n\t<div>\n\t\t<iframe class=\"absolute w-full h-full pin-t pin-l\" title=\"titolo\" aria-label=\"Interactive line chart\" src=\"\/\/datawrapper.dwcdn.net\/ZIVnb\/\" scrolling=\"no\" frameborder=\"0\"><\/iframe>\n\t<\/div>\n<\/div>\n\n\n\n<p>Entre el 68% y el 76% de los encuestados por YouGov, incluido el 71% en Estados Unidos, cree que un conflicto mundial podr\u00eda conducir al uso de armas nucleares. Se trata de un cambio notable: en una encuesta realizada en 2020, s\u00f3lo el 17% de los estadounidenses afirmaba que una guerra nuclear podr\u00eda provocar el apocalipsis, por debajo del cambio clim\u00e1tico y una pandemia mundial (19% cada uno)&nbsp;<span class='whitespace-nowrap'><span id='easy-footnote-2-78329' class='easy-footnote-margin-adjust'><\/span><span class='easy-footnote'><a href='https:\/\/legrandcontinent.eu\/es\/2025\/09\/16\/de-que-fines-del-mundo-tenemos-miedo\/#easy-footnote-bottom-2-78329' title='&lt;a href=&quot;https:\/\/ygo-assets-websites-editorial-emea.yougov.net\/documents\/Results_for_YouGov_Realtime_End_of_the_World_53_3.2.2020.pdf&quot;&gt;End of the World&lt;\/a&gt;, YouGov, 18 de marzo de 2020.'><sup>2<\/sup><\/a><\/span><\/span>.<\/p>\n\n\n\n<p>Desde la invasi\u00f3n rusa a gran escala de Ucrania en febrero de 2022 y las amenazas del Kremlin de utilizar armas at\u00f3micas en Ucrania y contra las capitales europeas, el riesgo nuclear se identifica como el principal vector de un posible fin del mundo en la mayor\u00eda de las encuestas.<\/p>\n\n\n\n<ul class=\"wp-block-list\">\n<li>El pasado mes de noviembre, en respuesta al uso por parte de Kiev de misiles estadounidenses ATACMS y cohetes brit\u00e1nicos Storm Shadow en territorio ruso,\u00a0<a href=\"https:\/\/legrandcontinent.eu\/es\/2024\/11\/23\/el-mensaje-del-misil-oreshnik-comprender-la-retorica-nuclear-de-putin-traduccion-inedita\/\">Putin atac\u00f3 la ciudad ucraniana de Dnipro con un misil Oreshnik<\/a>, capaz de transportar una ojiva nuclear.<\/li>\n\n\n\n<li>Los medios de comunicaci\u00f3n estatales rusos difundieron entonces por televisi\u00f3n las estimaciones del tiempo de vuelo necesario para que un misil de este tipo alcanzara las capitales europeas: 12 minutos para Varsovia, 15 para Berl\u00edn y 20 para Londres y Par\u00eds.<\/li>\n\n\n\n<li>Unos d\u00edas antes, el presidente ruso\u00a0<a href=\"https:\/\/legrandcontinent.eu\/es\/2024\/11\/19\/nuclear-ruso-que-cambia-con-la-nueva-doctrina-de-putin\/\">hab\u00eda modificado la doctrina rusa sobre el uso de su arsenal at\u00f3mico<\/a>.<\/li>\n\n\n\n<li>En la actualizaci\u00f3n de su \u00abreloj del fin del mundo\u00bb en enero, el Bulletin of the Atomic Scientists \u2014una revista cient\u00edfica estadounidense que cada a\u00f1o toma el \u00abpulso\u00bb a las amenazas nucleares, tecnol\u00f3gicas y medioambientales que se ciernen sobre el mundo\u2014 indicaba que\u00a0<a href=\"https:\/\/legrandcontinent.eu\/es\/2025\/01\/28\/energia-nuclear-clima-ia-el-mundo-nunca-ha-estado-tan-cerca-de-una-catastrofe-global\/\">el mundo se encontraba a s\u00f3lo 89 segundos de la medianoche<\/a>, la cifra m\u00e1s cercana desde su primera publicaci\u00f3n en 1947.<\/li>\n<\/ul>\n\n\n\n<div class=\"iframe-container wp-block-image wp-block-image-medium  iframe-dw\">\n\t<div>\n\t\t<iframe class=\"absolute w-full h-full pin-t pin-l\" title=\"titolo\" aria-label=\"Interactive line chart\" src=\"\/\/datawrapper.dwcdn.net\/DNq3L\/\" scrolling=\"no\" frameborder=\"0\"><\/iframe>\n\t<\/div>\n<\/div>\n\n\n\n<p>En la \u00faltima actualizaci\u00f3n de su gran encuesta sobre amenazas globales, realizada en 25 pa\u00edses, los encuestados por el Pew Research Center se\u00f1alan la desinformaci\u00f3n en l\u00ednea (72%), las condiciones de la econom\u00eda mundial (70%) y el terrorismo (69%) como \u00abamenazas importantes\u00bb que pesan sobre el mundo&nbsp;<span class='whitespace-nowrap'><span id='easy-footnote-3-78329' class='easy-footnote-margin-adjust'><\/span><span class='easy-footnote'><a href='https:\/\/legrandcontinent.eu\/es\/2025\/09\/16\/de-que-fines-del-mundo-tenemos-miedo\/#easy-footnote-bottom-3-78329' title='Jacob Poushter, Moira Fagan, Maria Smerkovich y Andrew Prozorovsky,\u00a0&lt;a href=&quot;https:\/\/www.pewresearch.org\/wp-content\/uploads\/sites\/20\/2025\/08\/pg_2025.08.19_global-threats_reporta.pdf&quot;&gt;International Opinion on Global Threats&lt;\/a&gt;, Pew Research Center, 19 de agosto de 2025.'><sup>3<\/sup><\/a><\/span><\/span>.<\/p>\n\n\n\n<ul class=\"wp-block-list\">\n<li>Al mismo tiempo, disminuyen las preocupaciones sobre los efectos del cambio clim\u00e1tico y la propagaci\u00f3n de enfermedades infecciosas.<\/li>\n\n\n\n<li>Sin embargo, en los pa\u00edses del Sur, los riesgos clim\u00e1ticos suscitan m\u00e1s preocupaci\u00f3n que en 2018: +17 puntos en Turqu\u00eda, +13 en Nigeria, +9 en Indonesia y +8 en la India.<\/li>\n<\/ul>\n\n\n\n<div class=\"iframe-container wp-block-image wp-block-image-medium  iframe-dw\">\n\t<div>\n\t\t<iframe class=\"absolute w-full h-full pin-t pin-l\" title=\"titolo\" aria-label=\"Interactive line chart\" src=\"\/\/datawrapper.dwcdn.net\/xNkUi\/\" scrolling=\"no\" frameborder=\"0\"><\/iframe>\n\t<\/div>\n<\/div>\n\n\n\n<p>A escala de la Uni\u00f3n, un estudio del ECFR publicado en enero de 2024 pone de relieve las diferencias en las preocupaciones de los ciudadanos de los distintos pa\u00edses europeos&nbsp;<span class='whitespace-nowrap'><span id='easy-footnote-4-78329' class='easy-footnote-margin-adjust'><\/span><span class='easy-footnote'><a href='https:\/\/legrandcontinent.eu\/es\/2025\/09\/16\/de-que-fines-del-mundo-tenemos-miedo\/#easy-footnote-bottom-4-78329' title='Ivan Krastev y Mark Leonard,\u00a0&lt;a href=&quot;https:\/\/ecfr.eu\/wp-content\/uploads\/2024\/01\/A-crisis-of-ones-own_The-politics-of-trauma-in-Europes-election-year-v2.pdf&quot;&gt;A Crisis Of One\u2019s Own\u00a0: The Politics Of Trauma In Europe\u2019s Election Year&lt;\/a&gt;, European Council on Foreign Relations, 17 de enero de 2024.'><sup>4<\/sup><\/a><\/span><\/span>.<\/p>\n\n\n\n<ul class=\"wp-block-list\">\n<li>Mientras que la inmigraci\u00f3n es el problema m\u00e1s importante para los votantes alemanes, un tercio de los italianos y portugueses afirma que son los \u00abcambios econ\u00f3micos mundiales\u00bb los que m\u00e1s han cambiado su forma de ver el futuro.<\/li>\n\n\n\n<li>En el norte y el este del continente, en Estonia, Polonia y Dinamarca, la guerra en Ucrania se considera la crisis m\u00e1s importante, mientras que en Francia, Espa\u00f1a y Gran Breta\u00f1a queda relegada a un segundo plano.<\/li>\n<\/ul>\n","protected":false},"excerpt":{"rendered":"<p>Riesgos clim\u00e1ticos, colapso econ\u00f3mico, guerra nuclear: no faltan escenarios apocal\u00edpticos.<\/p>\n<p>Seg\u00fan las \u00faltimas encuestas de opini\u00f3n, casi el 50% de los europeos considera \u00abprobable\u00bb que estalle una nueva guerra mundial en los pr\u00f3ximos 5 a 10 a\u00f1os, y entre el 68% y el 76% de los encuestados cree que dicho conflicto podr\u00eda dar lugar al uso de armas nucleares.<\/p>\n","protected":false},"author":1366,"featured_media":78330,"comment_status":"closed","ping_status":"closed","sticky":false,"template":"templates\/post-briefings.php","format":"standard","meta":{"_acf_changed":true,"_trash_the_other_posts":false,"_yoast_wpseo_estimated-reading-time-minutes":4,"footnotes":""},"categories":[6],"tags":[],"staff":[],"editorial_format":[],"serie":[],"audience":[],"geo":[198],"class_list":["post-78329","post","type-post","status-publish","format-standard","hentry","category-politica","geo-mundo"],"acf":{"open_in_webview":false,"accent":false,"_thumbnail_id":78330,"excerpt":"Riesgos clim\u00e1ticos, colapso econ\u00f3mico, guerra nuclear: no faltan escenarios apocal\u00edpticos.\r\n\r\nSeg\u00fan las \u00faltimas encuestas de opini\u00f3n, casi el 50% de los europeos considera \u00abprobable\u00bb que estalle una nueva guerra mundial en los pr\u00f3ximos 5 a 10 a\u00f1os, y entre el 68% y el 76% de los encuestados cree que dicho conflicto podr\u00eda dar lugar al uso de armas nucleares.","display_date":"","new_abstract":true},"yoast_head":"<!-- This site is optimized with the Yoast SEO plugin v26.1.1 - https:\/\/yoast.com\/wordpress\/plugins\/seo\/ -->\n<title>\u00bfDe qu\u00e9 fines del mundo tenemos miedo? - El Grand Continent<\/title>\n<meta name=\"robots\" content=\"index, follow, max-snippet:-1, max-image-preview:large, max-video-preview:-1\" \/>\n<link rel=\"canonical\" href=\"https:\/\/legrandcontinent.eu\/es\/2025\/09\/16\/de-que-fines-del-mundo-tenemos-miedo\/\" \/>\n<meta property=\"og:locale\" content=\"es_ES\" \/>\n<meta property=\"og:type\" content=\"article\" \/>\n<meta property=\"og:title\" content=\"\u00bfDe qu\u00e9 fines del mundo tenemos miedo? - El Grand Continent\" \/>\n<meta property=\"og:description\" content=\"Riesgos clim\u00e1ticos, colapso econ\u00f3mico, guerra nuclear: no faltan escenarios apocal\u00edpticos.  Seg\u00fan las \u00faltimas encuestas de opini\u00f3n, casi el 50% de los europeos considera \u00abprobable\u00bb que estalle una nueva guerra mundial en los pr\u00f3ximos 5 a 10 a\u00f1os, y entre el 68% y el 76% de los encuestados cree que dicho conflicto podr\u00eda dar lugar al uso de armas nucleares.\" \/>\n<meta property=\"og:url\" content=\"https:\/\/legrandcontinent.eu\/es\/2025\/09\/16\/de-que-fines-del-mundo-tenemos-miedo\/\" \/>\n<meta property=\"og:site_name\" content=\"El Grand Continent\" \/>\n<meta property=\"article:published_time\" content=\"2025-09-16T13:14:02+00:00\" \/>\n<meta property=\"article:modified_time\" content=\"2025-09-16T13:14:05+00:00\" \/>\n<meta property=\"og:image\" content=\"https:\/\/legrandcontinent.eu\/es\/wp-content\/uploads\/sites\/6\/2025\/09\/gc-elmiedo-scaled.jpg\" \/>\n\t<meta property=\"og:image:width\" content=\"2560\" \/>\n\t<meta property=\"og:image:height\" content=\"1440\" \/>\n\t<meta property=\"og:image:type\" content=\"image\/jpeg\" \/>\n<meta name=\"author\" content=\"florent\" \/>\n<meta name=\"twitter:card\" content=\"summary_large_image\" \/>\n<meta name=\"twitter:image\" content=\"https:\/\/legrandcontinent.eu\/es\/wp-content\/uploads\/sites\/6\/2025\/09\/gc-elmiedo-scaled.jpg\" \/>\n<meta name=\"twitter:label1\" content=\"Escrito por\" \/>\n\t<meta name=\"twitter:data1\" content=\"florent\" \/>\n\t<meta name=\"twitter:label2\" content=\"Tiempo de lectura\" \/>\n\t<meta name=\"twitter:data2\" content=\"4 minutos\" \/>\n<script type=\"application\/ld+json\" class=\"yoast-schema-graph\">{\"@context\":\"https:\/\/schema.org\",\"@graph\":[{\"@type\":\"WebPage\",\"@id\":\"https:\/\/legrandcontinent.eu\/es\/2025\/09\/16\/de-que-fines-del-mundo-tenemos-miedo\/\",\"url\":\"https:\/\/legrandcontinent.eu\/es\/2025\/09\/16\/de-que-fines-del-mundo-tenemos-miedo\/\",\"name\":\"\u00bfDe qu\u00e9 fines del mundo tenemos miedo? - El Grand Continent\",\"isPartOf\":{\"@id\":\"https:\/\/legrandcontinent.eu\/es\/#website\"},\"primaryImageOfPage\":{\"@id\":\"https:\/\/legrandcontinent.eu\/es\/2025\/09\/16\/de-que-fines-del-mundo-tenemos-miedo\/#primaryimage\"},\"image\":{\"@id\":\"https:\/\/legrandcontinent.eu\/es\/2025\/09\/16\/de-que-fines-del-mundo-tenemos-miedo\/#primaryimage\"},\"thumbnailUrl\":\"https:\/\/legrandcontinent.eu\/es\/wp-content\/uploads\/sites\/6\/2025\/09\/ZIVnb-en-su-opini-n-en-qu-medida-es-probable-o-improbable-que-estalle-otra-guerra-mundial-en-los-pr-ximos-5-a-10-a-os-.png\",\"datePublished\":\"2025-09-16T13:14:02+00:00\",\"dateModified\":\"2025-09-16T13:14:05+00:00\",\"author\":{\"@id\":\"https:\/\/legrandcontinent.eu\/es\/#\/schema\/person\/cdd782c93d4a9eda86ab19a8c01cdf5c\"},\"breadcrumb\":{\"@id\":\"https:\/\/legrandcontinent.eu\/es\/2025\/09\/16\/de-que-fines-del-mundo-tenemos-miedo\/#breadcrumb\"},\"inLanguage\":\"es\",\"potentialAction\":[{\"@type\":\"ReadAction\",\"target\":[\"https:\/\/legrandcontinent.eu\/es\/2025\/09\/16\/de-que-fines-del-mundo-tenemos-miedo\/\"]}]},{\"@type\":\"ImageObject\",\"inLanguage\":\"es\",\"@id\":\"https:\/\/legrandcontinent.eu\/es\/2025\/09\/16\/de-que-fines-del-mundo-tenemos-miedo\/#primaryimage\",\"url\":\"https:\/\/legrandcontinent.eu\/es\/wp-content\/uploads\/sites\/6\/2025\/09\/ZIVnb-en-su-opini-n-en-qu-medida-es-probable-o-improbable-que-estalle-otra-guerra-mundial-en-los-pr-ximos-5-a-10-a-os-.png\",\"contentUrl\":\"https:\/\/legrandcontinent.eu\/es\/wp-content\/uploads\/sites\/6\/2025\/09\/ZIVnb-en-su-opini-n-en-qu-medida-es-probable-o-improbable-que-estalle-otra-guerra-mundial-en-los-pr-ximos-5-a-10-a-os-.png\",\"width\":1240,\"height\":920},{\"@type\":\"BreadcrumbList\",\"@id\":\"https:\/\/legrandcontinent.eu\/es\/2025\/09\/16\/de-que-fines-del-mundo-tenemos-miedo\/#breadcrumb\",\"itemListElement\":[{\"@type\":\"ListItem\",\"position\":1,\"name\":\"Home\",\"item\":\"https:\/\/legrandcontinent.eu\/es\/\"},{\"@type\":\"ListItem\",\"position\":2,\"name\":\"\u00bfDe qu\u00e9 fines del mundo tenemos miedo?\"}]},{\"@type\":\"WebSite\",\"@id\":\"https:\/\/legrandcontinent.eu\/es\/#website\",\"url\":\"https:\/\/legrandcontinent.eu\/es\/\",\"name\":\"El Grand Continent\",\"description\":\"La escala pertinente\",\"potentialAction\":[{\"@type\":\"SearchAction\",\"target\":{\"@type\":\"EntryPoint\",\"urlTemplate\":\"https:\/\/legrandcontinent.eu\/es\/?s={search_term_string}\"},\"query-input\":{\"@type\":\"PropertyValueSpecification\",\"valueRequired\":true,\"valueName\":\"search_term_string\"}}],\"inLanguage\":\"es\"},{\"@type\":\"Person\",\"@id\":\"https:\/\/legrandcontinent.eu\/es\/#\/schema\/person\/cdd782c93d4a9eda86ab19a8c01cdf5c\",\"name\":\"florent\",\"image\":{\"@type\":\"ImageObject\",\"inLanguage\":\"es\",\"@id\":\"https:\/\/legrandcontinent.eu\/es\/#\/schema\/person\/image\/\",\"url\":\"https:\/\/secure.gravatar.com\/avatar\/0d38d78c90602daf39b309035cdac6bc?s=96&d=mm&r=g\",\"contentUrl\":\"https:\/\/secure.gravatar.com\/avatar\/0d38d78c90602daf39b309035cdac6bc?s=96&d=mm&r=g\",\"caption\":\"florent\"}}]}<\/script>\n<!-- \/ Yoast SEO plugin. -->","yoast_head_json":{"title":"\u00bfDe qu\u00e9 fines del mundo tenemos miedo? - El Grand Continent","robots":{"index":"index","follow":"follow","max-snippet":"max-snippet:-1","max-image-preview":"max-image-preview:large","max-video-preview":"max-video-preview:-1"},"canonical":"https:\/\/legrandcontinent.eu\/es\/2025\/09\/16\/de-que-fines-del-mundo-tenemos-miedo\/","og_locale":"es_ES","og_type":"article","og_title":"\u00bfDe qu\u00e9 fines del mundo tenemos miedo? - El Grand Continent","og_description":"Riesgos clim\u00e1ticos, colapso econ\u00f3mico, guerra nuclear: no faltan escenarios apocal\u00edpticos.  Seg\u00fan las \u00faltimas encuestas de opini\u00f3n, casi el 50% de los europeos considera \u00abprobable\u00bb que estalle una nueva guerra mundial en los pr\u00f3ximos 5 a 10 a\u00f1os, y entre el 68% y el 76% de los encuestados cree que dicho conflicto podr\u00eda dar lugar al uso de armas nucleares.","og_url":"https:\/\/legrandcontinent.eu\/es\/2025\/09\/16\/de-que-fines-del-mundo-tenemos-miedo\/","og_site_name":"El Grand Continent","article_published_time":"2025-09-16T13:14:02+00:00","article_modified_time":"2025-09-16T13:14:05+00:00","og_image":[{"width":2560,"height":1440,"url":"https:\/\/legrandcontinent.eu\/es\/wp-content\/uploads\/sites\/6\/2025\/09\/gc-elmiedo-scaled.jpg","type":"image\/jpeg"}],"author":"florent","twitter_card":"summary_large_image","twitter_image":"https:\/\/legrandcontinent.eu\/es\/wp-content\/uploads\/sites\/6\/2025\/09\/gc-elmiedo-scaled.jpg","twitter_misc":{"Escrito por":"florent","Tiempo de lectura":"4 minutos"},"schema":{"@context":"https:\/\/schema.org","@graph":[{"@type":"WebPage","@id":"https:\/\/legrandcontinent.eu\/es\/2025\/09\/16\/de-que-fines-del-mundo-tenemos-miedo\/","url":"https:\/\/legrandcontinent.eu\/es\/2025\/09\/16\/de-que-fines-del-mundo-tenemos-miedo\/","name":"\u00bfDe qu\u00e9 fines del mundo tenemos miedo? - El Grand Continent","isPartOf":{"@id":"https:\/\/legrandcontinent.eu\/es\/#website"},"primaryImageOfPage":{"@id":"https:\/\/legrandcontinent.eu\/es\/2025\/09\/16\/de-que-fines-del-mundo-tenemos-miedo\/#primaryimage"},"image":{"@id":"https:\/\/legrandcontinent.eu\/es\/2025\/09\/16\/de-que-fines-del-mundo-tenemos-miedo\/#primaryimage"},"thumbnailUrl":"https:\/\/legrandcontinent.eu\/es\/wp-content\/uploads\/sites\/6\/2025\/09\/ZIVnb-en-su-opini-n-en-qu-medida-es-probable-o-improbable-que-estalle-otra-guerra-mundial-en-los-pr-ximos-5-a-10-a-os-.png","datePublished":"2025-09-16T13:14:02+00:00","dateModified":"2025-09-16T13:14:05+00:00","author":{"@id":"https:\/\/legrandcontinent.eu\/es\/#\/schema\/person\/cdd782c93d4a9eda86ab19a8c01cdf5c"},"breadcrumb":{"@id":"https:\/\/legrandcontinent.eu\/es\/2025\/09\/16\/de-que-fines-del-mundo-tenemos-miedo\/#breadcrumb"},"inLanguage":"es","potentialAction":[{"@type":"ReadAction","target":["https:\/\/legrandcontinent.eu\/es\/2025\/09\/16\/de-que-fines-del-mundo-tenemos-miedo\/"]}]},{"@type":"ImageObject","inLanguage":"es","@id":"https:\/\/legrandcontinent.eu\/es\/2025\/09\/16\/de-que-fines-del-mundo-tenemos-miedo\/#primaryimage","url":"https:\/\/legrandcontinent.eu\/es\/wp-content\/uploads\/sites\/6\/2025\/09\/ZIVnb-en-su-opini-n-en-qu-medida-es-probable-o-improbable-que-estalle-otra-guerra-mundial-en-los-pr-ximos-5-a-10-a-os-.png","contentUrl":"https:\/\/legrandcontinent.eu\/es\/wp-content\/uploads\/sites\/6\/2025\/09\/ZIVnb-en-su-opini-n-en-qu-medida-es-probable-o-improbable-que-estalle-otra-guerra-mundial-en-los-pr-ximos-5-a-10-a-os-.png","width":1240,"height":920},{"@type":"BreadcrumbList","@id":"https:\/\/legrandcontinent.eu\/es\/2025\/09\/16\/de-que-fines-del-mundo-tenemos-miedo\/#breadcrumb","itemListElement":[{"@type":"ListItem","position":1,"name":"Home","item":"https:\/\/legrandcontinent.eu\/es\/"},{"@type":"ListItem","position":2,"name":"\u00bfDe qu\u00e9 fines del mundo tenemos miedo?"}]},{"@type":"WebSite","@id":"https:\/\/legrandcontinent.eu\/es\/#website","url":"https:\/\/legrandcontinent.eu\/es\/","name":"El Grand Continent","description":"La escala pertinente","potentialAction":[{"@type":"SearchAction","target":{"@type":"EntryPoint","urlTemplate":"https:\/\/legrandcontinent.eu\/es\/?s={search_term_string}"},"query-input":{"@type":"PropertyValueSpecification","valueRequired":true,"valueName":"search_term_string"}}],"inLanguage":"es"},{"@type":"Person","@id":"https:\/\/legrandcontinent.eu\/es\/#\/schema\/person\/cdd782c93d4a9eda86ab19a8c01cdf5c","name":"florent","image":{"@type":"ImageObject","inLanguage":"es","@id":"https:\/\/legrandcontinent.eu\/es\/#\/schema\/person\/image\/","url":"https:\/\/secure.gravatar.com\/avatar\/0d38d78c90602daf39b309035cdac6bc?s=96&d=mm&r=g","contentUrl":"https:\/\/secure.gravatar.com\/avatar\/0d38d78c90602daf39b309035cdac6bc?s=96&d=mm&r=g","caption":"florent"}}]}},"lgc_categories":[{"id":6,"name":"Pol\u00edtica","slug":"politica"}],"lgc_author":null,"feature_image_summary":{"url":"https:\/\/legrandcontinent.eu\/es\/wp-content\/uploads\/sites\/6\/2025\/09\/ZIVnb-en-su-opini-n-en-qu-medida-es-probable-o-improbable-que-estalle-otra-guerra-mundial-en-los-pr-ximos-5-a-10-a-os-.png","width":1240,"height":920,"alt":""},"feature_image_cover":null,"term_position_data":null,"_links":{"self":[{"href":"https:\/\/legrandcontinent.eu\/es\/wp-json\/wp\/v2\/posts\/78329","targetHints":{"allow":["GET"]}}],"collection":[{"href":"https:\/\/legrandcontinent.eu\/es\/wp-json\/wp\/v2\/posts"}],"about":[{"href":"https:\/\/legrandcontinent.eu\/es\/wp-json\/wp\/v2\/types\/post"}],"author":[{"embeddable":true,"href":"https:\/\/legrandcontinent.eu\/es\/wp-json\/wp\/v2\/users\/1366"}],"replies":[{"embeddable":true,"href":"https:\/\/legrandcontinent.eu\/es\/wp-json\/wp\/v2\/comments?post=78329"}],"version-history":[{"count":0,"href":"https:\/\/legrandcontinent.eu\/es\/wp-json\/wp\/v2\/posts\/78329\/revisions"}],"wp:featuredmedia":[{"embeddable":true,"href":"https:\/\/legrandcontinent.eu\/es\/wp-json\/wp\/v2\/media\/78330"}],"wp:attachment":[{"href":"https:\/\/legrandcontinent.eu\/es\/wp-json\/wp\/v2\/media?parent=78329"}],"wp:term":[{"taxonomy":"category","embeddable":true,"href":"https:\/\/legrandcontinent.eu\/es\/wp-json\/wp\/v2\/categories?post=78329"},{"taxonomy":"post_tag","embeddable":true,"href":"https:\/\/legrandcontinent.eu\/es\/wp-json\/wp\/v2\/tags?post=78329"},{"taxonomy":"staff","embeddable":true,"href":"https:\/\/legrandcontinent.eu\/es\/wp-json\/wp\/v2\/staff?post=78329"},{"taxonomy":"editorial_format","embeddable":true,"href":"https:\/\/legrandcontinent.eu\/es\/wp-json\/wp\/v2\/editorial_format?post=78329"},{"taxonomy":"serie","embeddable":true,"href":"https:\/\/legrandcontinent.eu\/es\/wp-json\/wp\/v2\/serie?post=78329"},{"taxonomy":"audience","embeddable":true,"href":"https:\/\/legrandcontinent.eu\/es\/wp-json\/wp\/v2\/audience?post=78329"},{"taxonomy":"geo","embeddable":true,"href":"https:\/\/legrandcontinent.eu\/es\/wp-json\/wp\/v2\/geo?post=78329"}],"curies":[{"name":"wp","href":"https:\/\/api.w.org\/{rel}","templated":true}]}}