{"id":77846,"date":"2025-09-09T23:27:56","date_gmt":"2025-09-09T21:27:56","guid":{"rendered":"https:\/\/legrandcontinent.eu\/es\/?p=77846"},"modified":"2025-09-09T23:33:04","modified_gmt":"2025-09-09T21:33:04","slug":"francois-bayrou-ha-presentado-su-renuncia-que-escenarios-se-plantean-a-partir-de-ahora","status":"publish","type":"post","link":"https:\/\/legrandcontinent.eu\/es\/2025\/09\/09\/francois-bayrou-ha-presentado-su-renuncia-que-escenarios-se-plantean-a-partir-de-ahora\/","title":{"rendered":"Fran\u00e7ois Bayrou ha presentado su renuncia: \u00bfqu\u00e9 escenarios se plantean a partir de ahora?"},"content":{"rendered":"\n<p>Desde el 8 de julio, el presidente Emmanuel Macron puede volver a disolver la Asamblea Nacional, pero ha descartado <em>a priori<\/em> esta posibilidad al anunciar la noche del 8 de septiembre que nombrar\u00eda a un nuevo primer ministro en los pr\u00f3ximos d\u00edas.<\/p>\n\n\n\n<ul class=\"wp-block-list\">\n<li>Sin embargo, esta opci\u00f3n podr\u00eda volver a plantearse en las pr\u00f3ximas semanas si se constata que ning\u00fan jefe de gobierno potencial es capaz de aprobar el presupuesto de 2026.<\/li>\n<\/ul>\n\n\n\n<p>Aunque es \u00abhabitual\u00bb en la Quinta Rep\u00fablica, el nombramiento directo por parte del presidente de un nuevo primer ministro sin haber dejado previamente que las fuerzas pol\u00edticas negocien la formaci\u00f3n de una mayor\u00eda capaz, si no de apoyarlo, al menos de no censurarlo, parece arriesgado en el contexto actual. De hecho, el presidente de la Rep\u00fablica no parece estar en la mejor posici\u00f3n para lograr por s\u00ed solo unir a las fuerzas pol\u00edticas.<\/p>\n\n\n\n<div class=\"iframe-container wp-block-image wp-block-image- \">\n\t<div>\n\t\t<iframe class=\"absolute w-full h-full pin-t pin-l\" title=\"titolo\" aria-label=\"Interactive line chart\" src=\"\/\/flo.uri.sh\/visualisation\/25053167\/embed\" scrolling=\"no\" frameborder=\"0\"><\/iframe>\n\t<\/div>\n<\/div>\n\n\n\n<ul class=\"wp-block-list\">\n<li>El tema central sigue siendo el del arco pol\u00edtico que ser\u00eda capaz, si no de apoyar a un gobierno de este tipo, al menos de no derrocarlo, en particular en lo que respecta al presupuesto.<\/li>\n\n\n\n<li>La Asamblea Nacional cuenta actualmente con 577 diputados, con 3 esca\u00f1os vacantes.<\/li>\n\n\n\n<li>Para censurar a un gobierno, se necesitan 288 diputados.<\/li>\n<\/ul>\n\n\n\n<div class=\"iframe-container wp-block-image wp-block-image- \">\n\t<div>\n\t\t<iframe class=\"absolute w-full h-full pin-t pin-l\" title=\"titolo\" aria-label=\"Interactive line chart\" src=\"\/\/flo.uri.sh\/visualisation\/25053206\/embed\" scrolling=\"no\" frameborder=\"0\"><\/iframe>\n\t<\/div>\n<\/div>\n\n\n\n<p>Con 348 diputados, un acuerdo de no censura entre la extrema derecha, la derecha y el bloque central permitir\u00eda un gobierno estable. Tanto Michel Barnier como Fran\u00e7ois Bayrou han intentado en varias ocasiones recurrir a esta configuraci\u00f3n.<\/p>\n\n\n\n<ul class=\"wp-block-list\">\n<li>M\u00e1s all\u00e1 de su car\u00e1cter peligroso para el equilibrio institucional y el futuro del pa\u00eds, esta opci\u00f3n parece poco viable hoy en d\u00eda porque RN apunta m\u00e1s bien a una r\u00e1pida disoluci\u00f3n de la Asamblea o incluso a la dimisi\u00f3n del presidente.<\/li>\n<\/ul>\n\n\n\n<div class=\"iframe-container wp-block-image wp-block-image- \">\n\t<div>\n\t\t<iframe class=\"absolute w-full h-full pin-t pin-l\" title=\"titolo\" aria-label=\"Interactive line chart\" src=\"\/\/flo.uri.sh\/visualisation\/25053221\/embed\" scrolling=\"no\" frameborder=\"0\"><\/iframe>\n\t<\/div>\n<\/div>\n\n\n\n<p>Un acuerdo de no censura entre los partidos que apoyaban al gobierno de Bayrou (la derecha y el bloque central) y los socialistas por s\u00ed solos es la opci\u00f3n que parece preferir Emmanuel Macron.<\/p>\n\n\n\n<ul class=\"wp-block-list\">\n<li>Sin embargo, con solo 276 diputados, tal agrupaci\u00f3n no permitir\u00eda proteger s\u00f3lidamente al gobierno de una moci\u00f3n de censura.<\/li>\n\n\n\n<li>Sobre todo, colocar\u00eda a los socialistas en una posici\u00f3n muy expuesta a la izquierda y correr\u00eda el riesgo de debilitarlos considerablemente de cara a las elecciones municipales de marzo de 2026 y las pr\u00f3ximas citas nacionales.<\/li>\n\n\n\n<li>Lo que fue posible puntualmente a principios de a\u00f1o con la no censura de Fran\u00e7ois Bayrou parece hoy mucho m\u00e1s dif\u00edcil de repetir.<\/li>\n\n\n\n<li>Si Emmanuel Macron vuelve a dar prioridad a esta opci\u00f3n, la crisis pol\u00edtica podr\u00eda prolongarse y agravarse.<\/li>\n<\/ul>\n\n\n\n<div class=\"iframe-container wp-block-image wp-block-image- \">\n\t<div>\n\t\t<iframe class=\"absolute w-full h-full pin-t pin-l\" title=\"titolo\" aria-label=\"Interactive line chart\" src=\"\/\/flo.uri.sh\/visualisation\/25053247\/embed\" scrolling=\"no\" frameborder=\"0\"><\/iframe>\n\t<\/div>\n<\/div>\n\n\n\n<p>Un acuerdo de no censura que comprometa a los socialistas, los ecologistas, los comunistas, Ensemble pour la R\u00e9publique, Modem y Horizons reunir\u00eda a 282 diputados.<\/p>\n\n\n\n<ul class=\"wp-block-list\">\n<li>Con el apoyo de algunos diputados no inscritos o LIOT, podr\u00eda ser suficiente para evitar una censura conjunta de la derecha, la extrema derecha y La France Insoumise, que suman 258 diputados.<\/li>\n\n\n\n<li>Pero ser\u00eda dif\u00edcil encontrar el equilibrio que permitir\u00eda concluir un acuerdo de este tipo, al igual que la personalidad capaz de formar un gobierno aceptable para todas estas fuerzas.<\/li>\n<\/ul>\n\n\n\n<div class=\"iframe-container wp-block-image wp-block-image-medium \">\n\t<div>\n\t\t<iframe class=\"absolute w-full h-full pin-t pin-l\" title=\"titolo\" aria-label=\"Interactive line chart\" src=\"\/\/flo.uri.sh\/visualisation\/25053350\/embed\" scrolling=\"no\" frameborder=\"0\"><\/iframe>\n\t<\/div>\n<\/div>\n\n\n\n<p>Un acuerdo de no censura entre los partidos del Nouveau Front Populaire y Ensemble Pour la R\u00e9publique reunir\u00eda a 283 diputados y se encontrar\u00eda en una posici\u00f3n similar a la mencionada en la hip\u00f3tesis anterior.<\/p>\n\n\n\n<ul class=\"wp-block-list\">\n<li>Esta opci\u00f3n parece hoy descartada, ya que La France Insoumise la rechaza y porque supondr\u00eda una divisi\u00f3n del \u00abbloque central\u00bb, que por ello correr\u00eda el riesgo de desaparecer del panorama pol\u00edtico.<\/li>\n<\/ul>\n\n\n\n<p>La \u00fanica opci\u00f3n realista al d\u00eda de hoy parece ser la de un acuerdo entre el \u00abbloque central\u00bb y el conjunto de la izquierda, excluida LFI. Sin embargo, esta no es, evidentemente, la opci\u00f3n preferida por el presidente de la Rep\u00fablica, y las condiciones para que suceda parecen muy dif\u00edciles de reunir, especialmente en materia presupuestaria.<\/p>\n\n\n\n<p>Seg\u00fan el calendario anunciado antes del voto de confianza, el presupuesto de 2026 deb\u00eda presentarse a la Asamblea el 14 de octubre y al Senado el 24 de noviembre, y el presupuesto de la Seguridad Social, el 21 de octubre y el 10 de noviembre.<\/p>\n\n\n\n<ul class=\"wp-block-list\">\n<li>El presupuesto de Bayrou ten\u00eda como objetivo reducir el d\u00e9ficit p\u00fablico al 4,6 % para 2026, frente al 5,6 % de este a\u00f1o y el 5,8 % de 2024, mediante un plan de ahorro de 44.000 millones de euros.<\/li>\n\n\n\n<li>Seg\u00fan la Ley Org\u00e1nica de Finanzas, el presupuesto debe presentarse antes del 7 de octubre y aprobarse antes del 31 de diciembre.<\/li>\n\n\n\n<li>Esto significa que, en teor\u00eda, antes del 7 de octubre, el gobierno debe consultar tanto al Consejo Superior de Finanzas P\u00fablicas como al Consejo de Estado, y que el proyecto de ley tambi\u00e9n debe presentarse al Consejo de Ministros.<\/li>\n\n\n\n<li>Este calendario depende ahora de la rapidez con la que el presidente nombre a un nuevo primer ministro. El gobierno de Bayrou, aunque se encarga de los asuntos corrientes, podr\u00eda, sin embargo, presentar un presupuesto si fuera necesario.<\/li>\n\n\n\n<li>En cuanto al presupuesto del Estado, el Parlamento y el Senado disponen de un total de 70 d\u00edas para examinar el texto.<\/li>\n\n\n\n<li>Por lo tanto, el pr\u00f3ximo gobierno podr\u00eda optar por ganar tiempo. Seg\u00fan el art\u00edculo 47 de la Constituci\u00f3n, \u00absi el Parlamento no se ha pronunciado en un plazo de 70 d\u00edas, las disposiciones del proyecto podr\u00e1n entrar en vigor por decreto\u00bb.<\/li>\n<\/ul>\n","protected":false},"excerpt":{"rendered":"<p>El gobierno de Fran\u00e7ois Bayrou perdi\u00f3 ayer, lunes 8 de septiembre, el voto de confianza ante la Asamblea Nacional, con 194 votos a favor y 364 en contra. El primer ministro ha presentado hoy su renuncia.<\/p>\n<p>\u00bfQu\u00e9 opciones tiene Emmanuel Macron? \u00bfC\u00f3mo aprobar el presupuesto de 2026?<\/p>\n","protected":false},"author":17959,"featured_media":77843,"comment_status":"closed","ping_status":"closed","sticky":false,"template":"templates\/post-briefings.php","format":"standard","meta":{"_acf_changed":true,"_trash_the_other_posts":false,"_yoast_wpseo_estimated-reading-time-minutes":5,"footnotes":""},"categories":[6],"tags":[],"staff":[966],"editorial_format":[],"serie":[],"audience":[],"geo":[177],"class_list":["post-77846","post","type-post","status-publish","format-standard","hentry","category-politica","staff-guillaume-duval","geo-europa"],"acf":{"open_in_webview":false,"accent":false},"yoast_head":"<!-- This site is optimized with the Yoast SEO plugin v26.1.1 - https:\/\/yoast.com\/wordpress\/plugins\/seo\/ -->\n<title>Fran\u00e7ois Bayrou ha presentado su renuncia: \u00bfqu\u00e9 escenarios se plantean a partir de ahora? - El Grand Continent<\/title>\n<meta name=\"robots\" content=\"index, follow, max-snippet:-1, max-image-preview:large, max-video-preview:-1\" \/>\n<link rel=\"canonical\" href=\"https:\/\/legrandcontinent.eu\/es\/2025\/09\/09\/francois-bayrou-ha-presentado-su-renuncia-que-escenarios-se-plantean-a-partir-de-ahora\/\" \/>\n<meta property=\"og:locale\" content=\"es_ES\" \/>\n<meta property=\"og:type\" content=\"article\" \/>\n<meta property=\"og:title\" content=\"Fran\u00e7ois Bayrou ha presentado su renuncia: \u00bfqu\u00e9 escenarios se plantean a partir de ahora? - El Grand Continent\" \/>\n<meta property=\"og:description\" content=\"El gobierno de Fran\u00e7ois Bayrou perdi\u00f3 ayer, lunes 8 de septiembre, el voto de confianza ante la Asamblea Nacional, con 194 votos a favor y 364 en contra. El primer ministro ha presentado hoy su renuncia.  \u00bfQu\u00e9 opciones tiene Emmanuel Macron? \u00bfC\u00f3mo aprobar el presupuesto de 2026?\" \/>\n<meta property=\"og:url\" content=\"https:\/\/legrandcontinent.eu\/es\/2025\/09\/09\/francois-bayrou-ha-presentado-su-renuncia-que-escenarios-se-plantean-a-partir-de-ahora\/\" \/>\n<meta property=\"og:site_name\" content=\"El Grand Continent\" \/>\n<meta property=\"article:published_time\" content=\"2025-09-09T21:27:56+00:00\" \/>\n<meta property=\"article:modified_time\" content=\"2025-09-09T21:33:04+00:00\" \/>\n<meta property=\"og:image\" content=\"https:\/\/legrandcontinent.eu\/es\/wp-content\/uploads\/sites\/2\/2025\/09\/Capture-decran-2025-09-09-a-19.41.11.png\" \/>\n\t<meta property=\"og:image:width\" content=\"1690\" \/>\n\t<meta property=\"og:image:height\" content=\"938\" \/>\n\t<meta property=\"og:image:type\" content=\"image\/png\" \/>\n<meta name=\"author\" content=\"anainesfernandez\" \/>\n<meta name=\"twitter:card\" content=\"summary_large_image\" \/>\n<meta name=\"twitter:label1\" content=\"Escrito por\" \/>\n\t<meta name=\"twitter:data1\" content=\"anainesfernandez\" \/>\n\t<meta name=\"twitter:label2\" content=\"Tiempo de lectura\" \/>\n\t<meta name=\"twitter:data2\" content=\"5 minutos\" \/>\n<script type=\"application\/ld+json\" class=\"yoast-schema-graph\">{\"@context\":\"https:\/\/schema.org\",\"@graph\":[{\"@type\":\"WebPage\",\"@id\":\"https:\/\/legrandcontinent.eu\/es\/2025\/09\/09\/francois-bayrou-ha-presentado-su-renuncia-que-escenarios-se-plantean-a-partir-de-ahora\/\",\"url\":\"https:\/\/legrandcontinent.eu\/es\/2025\/09\/09\/francois-bayrou-ha-presentado-su-renuncia-que-escenarios-se-plantean-a-partir-de-ahora\/\",\"name\":\"Fran\u00e7ois Bayrou ha presentado su renuncia: \u00bfqu\u00e9 escenarios se plantean a partir de ahora? - El Grand Continent\",\"isPartOf\":{\"@id\":\"https:\/\/legrandcontinent.eu\/es\/#website\"},\"primaryImageOfPage\":{\"@id\":\"https:\/\/legrandcontinent.eu\/es\/2025\/09\/09\/francois-bayrou-ha-presentado-su-renuncia-que-escenarios-se-plantean-a-partir-de-ahora\/#primaryimage\"},\"image\":{\"@id\":\"https:\/\/legrandcontinent.eu\/es\/2025\/09\/09\/francois-bayrou-ha-presentado-su-renuncia-que-escenarios-se-plantean-a-partir-de-ahora\/#primaryimage\"},\"thumbnailUrl\":\"https:\/\/legrandcontinent.eu\/es\/wp-content\/uploads\/sites\/2\/2025\/09\/Capture-decran-2025-09-09-a-19.41.11.png\",\"datePublished\":\"2025-09-09T21:27:56+00:00\",\"dateModified\":\"2025-09-09T21:33:04+00:00\",\"author\":{\"@id\":\"https:\/\/legrandcontinent.eu\/es\/#\/schema\/person\/570398dd8da37ba5d66dec6d242bd33c\"},\"breadcrumb\":{\"@id\":\"https:\/\/legrandcontinent.eu\/es\/2025\/09\/09\/francois-bayrou-ha-presentado-su-renuncia-que-escenarios-se-plantean-a-partir-de-ahora\/#breadcrumb\"},\"inLanguage\":\"es\",\"potentialAction\":[{\"@type\":\"ReadAction\",\"target\":[\"https:\/\/legrandcontinent.eu\/es\/2025\/09\/09\/francois-bayrou-ha-presentado-su-renuncia-que-escenarios-se-plantean-a-partir-de-ahora\/\"]}]},{\"@type\":\"ImageObject\",\"inLanguage\":\"es\",\"@id\":\"https:\/\/legrandcontinent.eu\/es\/2025\/09\/09\/francois-bayrou-ha-presentado-su-renuncia-que-escenarios-se-plantean-a-partir-de-ahora\/#primaryimage\",\"url\":\"https:\/\/legrandcontinent.eu\/es\/wp-content\/uploads\/sites\/2\/2025\/09\/Capture-decran-2025-09-09-a-19.41.11.png\",\"contentUrl\":\"https:\/\/legrandcontinent.eu\/es\/wp-content\/uploads\/sites\/2\/2025\/09\/Capture-decran-2025-09-09-a-19.41.11.png\",\"width\":1690,\"height\":938},{\"@type\":\"BreadcrumbList\",\"@id\":\"https:\/\/legrandcontinent.eu\/es\/2025\/09\/09\/francois-bayrou-ha-presentado-su-renuncia-que-escenarios-se-plantean-a-partir-de-ahora\/#breadcrumb\",\"itemListElement\":[{\"@type\":\"ListItem\",\"position\":1,\"name\":\"Home\",\"item\":\"https:\/\/legrandcontinent.eu\/es\/\"},{\"@type\":\"ListItem\",\"position\":2,\"name\":\"Fran\u00e7ois Bayrou ha presentado su renuncia: \u00bfqu\u00e9 escenarios se plantean a partir de ahora?\"}]},{\"@type\":\"WebSite\",\"@id\":\"https:\/\/legrandcontinent.eu\/es\/#website\",\"url\":\"https:\/\/legrandcontinent.eu\/es\/\",\"name\":\"El Grand Continent\",\"description\":\"La escala pertinente\",\"potentialAction\":[{\"@type\":\"SearchAction\",\"target\":{\"@type\":\"EntryPoint\",\"urlTemplate\":\"https:\/\/legrandcontinent.eu\/es\/?s={search_term_string}\"},\"query-input\":{\"@type\":\"PropertyValueSpecification\",\"valueRequired\":true,\"valueName\":\"search_term_string\"}}],\"inLanguage\":\"es\"},{\"@type\":\"Person\",\"@id\":\"https:\/\/legrandcontinent.eu\/es\/#\/schema\/person\/570398dd8da37ba5d66dec6d242bd33c\",\"name\":\"anainesfernandez\",\"image\":{\"@type\":\"ImageObject\",\"inLanguage\":\"es\",\"@id\":\"https:\/\/legrandcontinent.eu\/es\/#\/schema\/person\/image\/\",\"url\":\"https:\/\/secure.gravatar.com\/avatar\/fe25c21e6213f69a683147fabda32586?s=96&d=mm&r=g\",\"contentUrl\":\"https:\/\/secure.gravatar.com\/avatar\/fe25c21e6213f69a683147fabda32586?s=96&d=mm&r=g\",\"caption\":\"anainesfernandez\"}}]}<\/script>\n<!-- \/ Yoast SEO plugin. -->","yoast_head_json":{"title":"Fran\u00e7ois Bayrou ha presentado su renuncia: \u00bfqu\u00e9 escenarios se plantean a partir de ahora? - El Grand Continent","robots":{"index":"index","follow":"follow","max-snippet":"max-snippet:-1","max-image-preview":"max-image-preview:large","max-video-preview":"max-video-preview:-1"},"canonical":"https:\/\/legrandcontinent.eu\/es\/2025\/09\/09\/francois-bayrou-ha-presentado-su-renuncia-que-escenarios-se-plantean-a-partir-de-ahora\/","og_locale":"es_ES","og_type":"article","og_title":"Fran\u00e7ois Bayrou ha presentado su renuncia: \u00bfqu\u00e9 escenarios se plantean a partir de ahora? - El Grand Continent","og_description":"El gobierno de Fran\u00e7ois Bayrou perdi\u00f3 ayer, lunes 8 de septiembre, el voto de confianza ante la Asamblea Nacional, con 194 votos a favor y 364 en contra. El primer ministro ha presentado hoy su renuncia.  \u00bfQu\u00e9 opciones tiene Emmanuel Macron? \u00bfC\u00f3mo aprobar el presupuesto de 2026?","og_url":"https:\/\/legrandcontinent.eu\/es\/2025\/09\/09\/francois-bayrou-ha-presentado-su-renuncia-que-escenarios-se-plantean-a-partir-de-ahora\/","og_site_name":"El Grand Continent","article_published_time":"2025-09-09T21:27:56+00:00","article_modified_time":"2025-09-09T21:33:04+00:00","og_image":[{"width":1690,"height":938,"url":"https:\/\/legrandcontinent.eu\/es\/wp-content\/uploads\/sites\/2\/2025\/09\/Capture-decran-2025-09-09-a-19.41.11.png","type":"image\/png"}],"author":"anainesfernandez","twitter_card":"summary_large_image","twitter_misc":{"Escrito por":"anainesfernandez","Tiempo de lectura":"5 minutos"},"schema":{"@context":"https:\/\/schema.org","@graph":[{"@type":"WebPage","@id":"https:\/\/legrandcontinent.eu\/es\/2025\/09\/09\/francois-bayrou-ha-presentado-su-renuncia-que-escenarios-se-plantean-a-partir-de-ahora\/","url":"https:\/\/legrandcontinent.eu\/es\/2025\/09\/09\/francois-bayrou-ha-presentado-su-renuncia-que-escenarios-se-plantean-a-partir-de-ahora\/","name":"Fran\u00e7ois Bayrou ha presentado su renuncia: \u00bfqu\u00e9 escenarios se plantean a partir de ahora? - El Grand Continent","isPartOf":{"@id":"https:\/\/legrandcontinent.eu\/es\/#website"},"primaryImageOfPage":{"@id":"https:\/\/legrandcontinent.eu\/es\/2025\/09\/09\/francois-bayrou-ha-presentado-su-renuncia-que-escenarios-se-plantean-a-partir-de-ahora\/#primaryimage"},"image":{"@id":"https:\/\/legrandcontinent.eu\/es\/2025\/09\/09\/francois-bayrou-ha-presentado-su-renuncia-que-escenarios-se-plantean-a-partir-de-ahora\/#primaryimage"},"thumbnailUrl":"https:\/\/legrandcontinent.eu\/es\/wp-content\/uploads\/sites\/2\/2025\/09\/Capture-decran-2025-09-09-a-19.41.11.png","datePublished":"2025-09-09T21:27:56+00:00","dateModified":"2025-09-09T21:33:04+00:00","author":{"@id":"https:\/\/legrandcontinent.eu\/es\/#\/schema\/person\/570398dd8da37ba5d66dec6d242bd33c"},"breadcrumb":{"@id":"https:\/\/legrandcontinent.eu\/es\/2025\/09\/09\/francois-bayrou-ha-presentado-su-renuncia-que-escenarios-se-plantean-a-partir-de-ahora\/#breadcrumb"},"inLanguage":"es","potentialAction":[{"@type":"ReadAction","target":["https:\/\/legrandcontinent.eu\/es\/2025\/09\/09\/francois-bayrou-ha-presentado-su-renuncia-que-escenarios-se-plantean-a-partir-de-ahora\/"]}]},{"@type":"ImageObject","inLanguage":"es","@id":"https:\/\/legrandcontinent.eu\/es\/2025\/09\/09\/francois-bayrou-ha-presentado-su-renuncia-que-escenarios-se-plantean-a-partir-de-ahora\/#primaryimage","url":"https:\/\/legrandcontinent.eu\/es\/wp-content\/uploads\/sites\/2\/2025\/09\/Capture-decran-2025-09-09-a-19.41.11.png","contentUrl":"https:\/\/legrandcontinent.eu\/es\/wp-content\/uploads\/sites\/2\/2025\/09\/Capture-decran-2025-09-09-a-19.41.11.png","width":1690,"height":938},{"@type":"BreadcrumbList","@id":"https:\/\/legrandcontinent.eu\/es\/2025\/09\/09\/francois-bayrou-ha-presentado-su-renuncia-que-escenarios-se-plantean-a-partir-de-ahora\/#breadcrumb","itemListElement":[{"@type":"ListItem","position":1,"name":"Home","item":"https:\/\/legrandcontinent.eu\/es\/"},{"@type":"ListItem","position":2,"name":"Fran\u00e7ois Bayrou ha presentado su renuncia: \u00bfqu\u00e9 escenarios se plantean a partir de ahora?"}]},{"@type":"WebSite","@id":"https:\/\/legrandcontinent.eu\/es\/#website","url":"https:\/\/legrandcontinent.eu\/es\/","name":"El Grand Continent","description":"La escala pertinente","potentialAction":[{"@type":"SearchAction","target":{"@type":"EntryPoint","urlTemplate":"https:\/\/legrandcontinent.eu\/es\/?s={search_term_string}"},"query-input":{"@type":"PropertyValueSpecification","valueRequired":true,"valueName":"search_term_string"}}],"inLanguage":"es"},{"@type":"Person","@id":"https:\/\/legrandcontinent.eu\/es\/#\/schema\/person\/570398dd8da37ba5d66dec6d242bd33c","name":"anainesfernandez","image":{"@type":"ImageObject","inLanguage":"es","@id":"https:\/\/legrandcontinent.eu\/es\/#\/schema\/person\/image\/","url":"https:\/\/secure.gravatar.com\/avatar\/fe25c21e6213f69a683147fabda32586?s=96&d=mm&r=g","contentUrl":"https:\/\/secure.gravatar.com\/avatar\/fe25c21e6213f69a683147fabda32586?s=96&d=mm&r=g","caption":"anainesfernandez"}}]}},"lgc_categories":[{"id":6,"name":"Pol\u00edtica","slug":"politica"}],"lgc_author":{"id":966,"name":"Guillaume Duval","slug":"guillaume-duval","first_name":"Guillaume","last_name":"Duval","picture":{"url":"https:\/\/legrandcontinent.eu\/es\/wp-content\/uploads\/sites\/2\/2024\/12\/gc-GuillaumeDuval-1.png","width":222,"height":222,"alt":""}},"feature_image_summary":{"url":"https:\/\/legrandcontinent.eu\/es\/wp-content\/uploads\/sites\/2\/2025\/09\/Capture-decran-2025-09-09-a-19.41.11.png","width":1690,"height":938,"alt":""},"feature_image_cover":null,"term_position_data":null,"_links":{"self":[{"href":"https:\/\/legrandcontinent.eu\/es\/wp-json\/wp\/v2\/posts\/77846","targetHints":{"allow":["GET"]}}],"collection":[{"href":"https:\/\/legrandcontinent.eu\/es\/wp-json\/wp\/v2\/posts"}],"about":[{"href":"https:\/\/legrandcontinent.eu\/es\/wp-json\/wp\/v2\/types\/post"}],"author":[{"embeddable":true,"href":"https:\/\/legrandcontinent.eu\/es\/wp-json\/wp\/v2\/users\/17959"}],"replies":[{"embeddable":true,"href":"https:\/\/legrandcontinent.eu\/es\/wp-json\/wp\/v2\/comments?post=77846"}],"version-history":[{"count":0,"href":"https:\/\/legrandcontinent.eu\/es\/wp-json\/wp\/v2\/posts\/77846\/revisions"}],"wp:featuredmedia":[{"embeddable":true,"href":"https:\/\/legrandcontinent.eu\/es\/wp-json\/wp\/v2\/media\/77843"}],"wp:attachment":[{"href":"https:\/\/legrandcontinent.eu\/es\/wp-json\/wp\/v2\/media?parent=77846"}],"wp:term":[{"taxonomy":"category","embeddable":true,"href":"https:\/\/legrandcontinent.eu\/es\/wp-json\/wp\/v2\/categories?post=77846"},{"taxonomy":"post_tag","embeddable":true,"href":"https:\/\/legrandcontinent.eu\/es\/wp-json\/wp\/v2\/tags?post=77846"},{"taxonomy":"staff","embeddable":true,"href":"https:\/\/legrandcontinent.eu\/es\/wp-json\/wp\/v2\/staff?post=77846"},{"taxonomy":"editorial_format","embeddable":true,"href":"https:\/\/legrandcontinent.eu\/es\/wp-json\/wp\/v2\/editorial_format?post=77846"},{"taxonomy":"serie","embeddable":true,"href":"https:\/\/legrandcontinent.eu\/es\/wp-json\/wp\/v2\/serie?post=77846"},{"taxonomy":"audience","embeddable":true,"href":"https:\/\/legrandcontinent.eu\/es\/wp-json\/wp\/v2\/audience?post=77846"},{"taxonomy":"geo","embeddable":true,"href":"https:\/\/legrandcontinent.eu\/es\/wp-json\/wp\/v2\/geo?post=77846"}],"curies":[{"name":"wp","href":"https:\/\/api.w.org\/{rel}","templated":true}]}}