{"id":77726,"date":"2025-09-08T06:30:00","date_gmt":"2025-09-08T04:30:00","guid":{"rendered":"https:\/\/legrandcontinent.eu\/es\/?p=77726"},"modified":"2025-09-07T22:23:04","modified_gmt":"2025-09-07T20:23:04","slug":"francois-bayrou-ante-la-mocion-de-confianza-programa-del-dia-y-posibles-escenarios","status":"publish","type":"post","link":"https:\/\/legrandcontinent.eu\/es\/2025\/09\/08\/francois-bayrou-ante-la-mocion-de-confianza-programa-del-dia-y-posibles-escenarios\/","title":{"rendered":"Fran\u00e7ois Bayrou ante la moci\u00f3n de confianza: programa del d\u00eda y posibles escenarios"},"content":{"rendered":"\n<p>El 25 de agosto, el primer ministro franc\u00e9s, Fran\u00e7ois Bayrou, anunci\u00f3 que convocar\u00eda una moci\u00f3n de confianza el 8 de septiembre, en virtud del art\u00edculo 49.1 de la Constituci\u00f3n.<\/p>\n\n\n\n<p>Esta decisi\u00f3n, sorprendente ya que Bayrou, que no dispon\u00eda de mayor\u00eda absoluta, no hab\u00eda solicitado una moci\u00f3n de confianza cuando fue nombrado, deber\u00eda conducir, salvo sorpresa de \u00faltima hora, a la censura del Gobierno.<\/p>\n\n\n\n<ul class=\"wp-block-list\">\n<li>La sesi\u00f3n en la Asamblea comenzar\u00e1 a las 15:00 horas, y el primer ministro pronunciar\u00e1 un discurso similar a una declaraci\u00f3n de pol\u00edtica general, pero centrado en la situaci\u00f3n presupuestaria del pa\u00eds.\u00a0<\/li>\n\n\n\n<li>A continuaci\u00f3n, cada presidente de grupo tomar\u00e1 la palabra y el primer ministro podr\u00e1 responder. Despu\u00e9s se celebrar\u00e1 la votaci\u00f3n: para no ser censurado, el Gobierno necesita la mayor\u00eda de los votos emitidos.<\/li>\n\n\n\n<li>La votaci\u00f3n ser\u00e1 p\u00fablica y los resultados se dar\u00e1n a conocer alrededor de las 19:00.<\/li>\n<\/ul>\n\n\n\n<div class=\"iframe-container wp-block-image wp-block-image-medium  iframe-dw\">\n\t<div>\n\t\t<iframe class=\"absolute w-full h-full pin-t pin-l\" title=\"titolo\" aria-label=\"Interactive line chart\" src=\"\/\/datawrapper.dwcdn.net\/XcIJp\/\" scrolling=\"no\" frameborder=\"0\"><\/iframe>\n\t<\/div>\n<\/div>\n\n\n\n<p>El resultado de la votaci\u00f3n por mayor\u00eda de los presentes parece estar decidido.<\/p>\n\n\n\n<p>Se perfilan tres hip\u00f3tesis principales para el futuro:<\/p>\n\n\n\n<ul class=\"wp-block-list\">\n<li><em>Una nueva disoluci\u00f3n de la Asamblea Nacional con resultados inciertos<\/em>. Seg\u00fan una encuesta de opini\u00f3n de Toluna Harris Interactive para Challenges publicada ayer, 7 de septiembre, el Rassemblement National y sus aliados obtendr\u00edan una amplia ventaja en la primera vuelta con un 33% de los votos, por delante de la izquierda (una alianza entre el PS, el PCF y los ecologistas obtendr\u00eda un 19% de los votos, y La France Insoumise un 10%) y el bando presidencial (15%)&nbsp;<span class='whitespace-nowrap'><span id='easy-footnote-1-77726' class='easy-footnote-margin-adjust'><\/span><span class='easy-footnote'><a href='https:\/\/legrandcontinent.eu\/es\/2025\/09\/08\/francois-bayrou-ante-la-mocion-de-confianza-programa-del-dia-y-posibles-escenarios\/#easy-footnote-bottom-1-77726' title='&lt;a href=&quot;https:\/\/www.challenges.fr\/politique\/sondage-legislatives-le-rn-largement-en-tete-devant-la-gauche-en-cas-de-nouvelle-dissolution-les-macronistes-en-grande-difficulte_623760&quot;&gt;SONDAGE \u2013 L\u00e9gislatives\u00a0: le RN largement en t\u00eate devant la gauche en cas de nouvelle dissolution, les macronistes en grande difficult\u00e9&lt;\/a&gt;,\u00a0&lt;em&gt;Challenges&lt;\/em&gt;, 7 de septiembre de 2025.'><sup>1<\/sup><\/a><\/span><\/span>.<\/li>\n\n\n\n<li><em>Continuaci\u00f3n de la configuraci\u00f3n actual con un nuevo primer ministro<\/em>. Pero para que este escenario se haga realidad, el bloque central tendr\u00e1 que hacer concesiones sustanciales en materia de fiscalidad de los m\u00e1s ricos, seguro de desempleo, medio ambiente o educaci\u00f3n. Este contexto pol\u00edtico recordar\u00eda al de principios de a\u00f1o, cuando Fran\u00e7ois Bayrou escap\u00f3 de la censura gracias al apoyo del PS.<\/li>\n\n\n\n<li><em>Un cambio de orientaci\u00f3n del Gobierno con un compromiso entre el bloque central y una parte de la izquierda<\/em>. Bruno Retailleau ya advirti\u00f3 ayer: \u00abEs impensable\u00bb que la derecha acepte el nombramiento de un primer ministro socialista, mientras que el secretario general del PS, Olivier Faure, se mostraba dispuesto a discutir con el presidente Emmanuel Macron las condiciones para entrar en el Gobierno.<\/li>\n<\/ul>\n\n\n\n<p>La primera tarea de un nuevo Gobierno ser\u00e1 iniciar las negociaciones sobre el presupuesto de 2026.\u00a0<\/p>\n\n\n\n<ul class=\"wp-block-list\">\n<li>Seg\u00fan el calendario anunciado antes de la votaci\u00f3n de confianza de hoy, el presupuesto de 2026 deb\u00eda presentarse a la Asamblea el 14 de octubre y al Senado el 24 de noviembre, y el de la Seguridad Social, el 21 de octubre y el 10 de noviembre.<\/li>\n\n\n\n<li>El presupuesto de Bayrou tiene como objetivo reducir el d\u00e9ficit p\u00fablico al 4,6% en 2026, frente al 5,4% de este a\u00f1o y el 5,8% de 2024.\u00a0<\/li>\n\n\n\n<li>Es poco probable que un futuro gobierno siga las mismas l\u00edneas generales y los mercados esperan que un futuro compromiso pol\u00edtico conduzca m\u00e1s bien a un d\u00e9ficit cercano al 5% en 2026.<\/li>\n\n\n\n<li>El spread entre Francia y Alemania ha alcanzado los 79 puntos b\u00e1sicos, mientras que el spread entre Francia e Italia es ahora de s\u00f3lo 8 pb.<\/li>\n<\/ul>\n","protected":false},"excerpt":{"rendered":"<p>Hoy, 8 de septiembre, la Asamblea Nacional votar\u00e1 \u2014salvo sorpresa de \u00faltima hora\u2014 la censura al Gobierno de Bayrou.<\/p>\n<p>El programa de un d\u00eda especialmente intenso y los tres escenarios m\u00e1s probables.<\/p>\n","protected":false},"author":1366,"featured_media":77725,"comment_status":"closed","ping_status":"closed","sticky":false,"template":"templates\/post-briefings.php","format":"standard","meta":{"_acf_changed":true,"_trash_the_other_posts":false,"_yoast_wpseo_estimated-reading-time-minutes":3,"footnotes":""},"categories":[6],"tags":[],"staff":[],"editorial_format":[],"serie":[],"audience":[],"geo":[177],"class_list":["post-77726","post","type-post","status-publish","format-standard","hentry","category-politica","geo-europa"],"acf":{"open_in_webview":false,"accent":false,"_thumbnail_id":77725,"excerpt":"Hoy, 8 de septiembre, la Asamblea Nacional votar\u00e1 \u2014salvo sorpresa de \u00faltima hora\u2014 la censura al Gobierno de Bayrou.\r\n\r\nEl programa de un d\u00eda especialmente intenso y los tres escenarios m\u00e1s probables.","display_date":"","new_abstract":true},"yoast_head":"<!-- This site is optimized with the Yoast SEO plugin v26.1.1 - https:\/\/yoast.com\/wordpress\/plugins\/seo\/ -->\n<title>Fran\u00e7ois Bayrou ante la moci\u00f3n de confianza: programa del d\u00eda y posibles escenarios - El Grand Continent<\/title>\n<meta name=\"robots\" content=\"index, follow, max-snippet:-1, max-image-preview:large, max-video-preview:-1\" \/>\n<link rel=\"canonical\" href=\"https:\/\/legrandcontinent.eu\/es\/2025\/09\/08\/francois-bayrou-ante-la-mocion-de-confianza-programa-del-dia-y-posibles-escenarios\/\" \/>\n<meta property=\"og:locale\" content=\"es_ES\" \/>\n<meta property=\"og:type\" content=\"article\" \/>\n<meta property=\"og:title\" content=\"Fran\u00e7ois Bayrou ante la moci\u00f3n de confianza: programa del d\u00eda y posibles escenarios - El Grand Continent\" \/>\n<meta property=\"og:description\" content=\"Hoy, 8 de septiembre, la Asamblea Nacional votar\u00e1 \u2014salvo sorpresa de \u00faltima hora\u2014 la censura al Gobierno de Bayrou.  El programa de un d\u00eda especialmente intenso y los tres escenarios m\u00e1s probables.\" \/>\n<meta property=\"og:url\" content=\"https:\/\/legrandcontinent.eu\/es\/2025\/09\/08\/francois-bayrou-ante-la-mocion-de-confianza-programa-del-dia-y-posibles-escenarios\/\" \/>\n<meta property=\"og:site_name\" content=\"El Grand Continent\" \/>\n<meta property=\"article:published_time\" content=\"2025-09-08T04:30:00+00:00\" \/>\n<meta property=\"og:image\" content=\"https:\/\/legrandcontinent.eu\/es\/wp-content\/uploads\/sites\/6\/2025\/09\/gc-elbayrou-scaled.jpg\" \/>\n\t<meta property=\"og:image:width\" content=\"2560\" \/>\n\t<meta property=\"og:image:height\" content=\"1440\" \/>\n\t<meta property=\"og:image:type\" content=\"image\/jpeg\" \/>\n<meta name=\"author\" content=\"florent\" \/>\n<meta name=\"twitter:card\" content=\"summary_large_image\" \/>\n<meta name=\"twitter:image\" content=\"https:\/\/legrandcontinent.eu\/es\/wp-content\/uploads\/sites\/6\/2025\/09\/gc-elbayrou-scaled.jpg\" \/>\n<meta name=\"twitter:label1\" content=\"Escrito por\" \/>\n\t<meta name=\"twitter:data1\" content=\"florent\" \/>\n\t<meta name=\"twitter:label2\" content=\"Tiempo de lectura\" \/>\n\t<meta name=\"twitter:data2\" content=\"3 minutos\" \/>\n<script type=\"application\/ld+json\" class=\"yoast-schema-graph\">{\"@context\":\"https:\/\/schema.org\",\"@graph\":[{\"@type\":\"WebPage\",\"@id\":\"https:\/\/legrandcontinent.eu\/es\/2025\/09\/08\/francois-bayrou-ante-la-mocion-de-confianza-programa-del-dia-y-posibles-escenarios\/\",\"url\":\"https:\/\/legrandcontinent.eu\/es\/2025\/09\/08\/francois-bayrou-ante-la-mocion-de-confianza-programa-del-dia-y-posibles-escenarios\/\",\"name\":\"Fran\u00e7ois Bayrou ante la moci\u00f3n de confianza: programa del d\u00eda y posibles escenarios - El Grand Continent\",\"isPartOf\":{\"@id\":\"https:\/\/legrandcontinent.eu\/es\/#website\"},\"primaryImageOfPage\":{\"@id\":\"https:\/\/legrandcontinent.eu\/es\/2025\/09\/08\/francois-bayrou-ante-la-mocion-de-confianza-programa-del-dia-y-posibles-escenarios\/#primaryimage\"},\"image\":{\"@id\":\"https:\/\/legrandcontinent.eu\/es\/2025\/09\/08\/francois-bayrou-ante-la-mocion-de-confianza-programa-del-dia-y-posibles-escenarios\/#primaryimage\"},\"thumbnailUrl\":\"https:\/\/legrandcontinent.eu\/es\/wp-content\/uploads\/sites\/2\/2025\/09\/Repartition-des-groupes-politiques-dans-lhemicycle.jpg\",\"datePublished\":\"2025-09-08T04:30:00+00:00\",\"author\":{\"@id\":\"https:\/\/legrandcontinent.eu\/es\/#\/schema\/person\/cdd782c93d4a9eda86ab19a8c01cdf5c\"},\"breadcrumb\":{\"@id\":\"https:\/\/legrandcontinent.eu\/es\/2025\/09\/08\/francois-bayrou-ante-la-mocion-de-confianza-programa-del-dia-y-posibles-escenarios\/#breadcrumb\"},\"inLanguage\":\"es\",\"potentialAction\":[{\"@type\":\"ReadAction\",\"target\":[\"https:\/\/legrandcontinent.eu\/es\/2025\/09\/08\/francois-bayrou-ante-la-mocion-de-confianza-programa-del-dia-y-posibles-escenarios\/\"]}]},{\"@type\":\"ImageObject\",\"inLanguage\":\"es\",\"@id\":\"https:\/\/legrandcontinent.eu\/es\/2025\/09\/08\/francois-bayrou-ante-la-mocion-de-confianza-programa-del-dia-y-posibles-escenarios\/#primaryimage\",\"url\":\"https:\/\/legrandcontinent.eu\/es\/wp-content\/uploads\/sites\/2\/2025\/09\/Repartition-des-groupes-politiques-dans-lhemicycle.jpg\",\"contentUrl\":\"https:\/\/legrandcontinent.eu\/es\/wp-content\/uploads\/sites\/2\/2025\/09\/Repartition-des-groupes-politiques-dans-lhemicycle.jpg\",\"width\":1966,\"height\":1098,\"caption\":\"Screenshot\"},{\"@type\":\"BreadcrumbList\",\"@id\":\"https:\/\/legrandcontinent.eu\/es\/2025\/09\/08\/francois-bayrou-ante-la-mocion-de-confianza-programa-del-dia-y-posibles-escenarios\/#breadcrumb\",\"itemListElement\":[{\"@type\":\"ListItem\",\"position\":1,\"name\":\"Home\",\"item\":\"https:\/\/legrandcontinent.eu\/es\/\"},{\"@type\":\"ListItem\",\"position\":2,\"name\":\"Fran\u00e7ois Bayrou ante la moci\u00f3n de confianza: programa del d\u00eda y posibles escenarios\"}]},{\"@type\":\"WebSite\",\"@id\":\"https:\/\/legrandcontinent.eu\/es\/#website\",\"url\":\"https:\/\/legrandcontinent.eu\/es\/\",\"name\":\"El Grand Continent\",\"description\":\"La escala pertinente\",\"potentialAction\":[{\"@type\":\"SearchAction\",\"target\":{\"@type\":\"EntryPoint\",\"urlTemplate\":\"https:\/\/legrandcontinent.eu\/es\/?s={search_term_string}\"},\"query-input\":{\"@type\":\"PropertyValueSpecification\",\"valueRequired\":true,\"valueName\":\"search_term_string\"}}],\"inLanguage\":\"es\"},{\"@type\":\"Person\",\"@id\":\"https:\/\/legrandcontinent.eu\/es\/#\/schema\/person\/cdd782c93d4a9eda86ab19a8c01cdf5c\",\"name\":\"florent\",\"image\":{\"@type\":\"ImageObject\",\"inLanguage\":\"es\",\"@id\":\"https:\/\/legrandcontinent.eu\/es\/#\/schema\/person\/image\/\",\"url\":\"https:\/\/secure.gravatar.com\/avatar\/0d38d78c90602daf39b309035cdac6bc?s=96&d=mm&r=g\",\"contentUrl\":\"https:\/\/secure.gravatar.com\/avatar\/0d38d78c90602daf39b309035cdac6bc?s=96&d=mm&r=g\",\"caption\":\"florent\"}}]}<\/script>\n<!-- \/ Yoast SEO plugin. -->","yoast_head_json":{"title":"Fran\u00e7ois Bayrou ante la moci\u00f3n de confianza: programa del d\u00eda y posibles escenarios - El Grand Continent","robots":{"index":"index","follow":"follow","max-snippet":"max-snippet:-1","max-image-preview":"max-image-preview:large","max-video-preview":"max-video-preview:-1"},"canonical":"https:\/\/legrandcontinent.eu\/es\/2025\/09\/08\/francois-bayrou-ante-la-mocion-de-confianza-programa-del-dia-y-posibles-escenarios\/","og_locale":"es_ES","og_type":"article","og_title":"Fran\u00e7ois Bayrou ante la moci\u00f3n de confianza: programa del d\u00eda y posibles escenarios - El Grand Continent","og_description":"Hoy, 8 de septiembre, la Asamblea Nacional votar\u00e1 \u2014salvo sorpresa de \u00faltima hora\u2014 la censura al Gobierno de Bayrou.  El programa de un d\u00eda especialmente intenso y los tres escenarios m\u00e1s probables.","og_url":"https:\/\/legrandcontinent.eu\/es\/2025\/09\/08\/francois-bayrou-ante-la-mocion-de-confianza-programa-del-dia-y-posibles-escenarios\/","og_site_name":"El Grand Continent","article_published_time":"2025-09-08T04:30:00+00:00","og_image":[{"width":2560,"height":1440,"url":"https:\/\/legrandcontinent.eu\/es\/wp-content\/uploads\/sites\/6\/2025\/09\/gc-elbayrou-scaled.jpg","type":"image\/jpeg"}],"author":"florent","twitter_card":"summary_large_image","twitter_image":"https:\/\/legrandcontinent.eu\/es\/wp-content\/uploads\/sites\/6\/2025\/09\/gc-elbayrou-scaled.jpg","twitter_misc":{"Escrito por":"florent","Tiempo de lectura":"3 minutos"},"schema":{"@context":"https:\/\/schema.org","@graph":[{"@type":"WebPage","@id":"https:\/\/legrandcontinent.eu\/es\/2025\/09\/08\/francois-bayrou-ante-la-mocion-de-confianza-programa-del-dia-y-posibles-escenarios\/","url":"https:\/\/legrandcontinent.eu\/es\/2025\/09\/08\/francois-bayrou-ante-la-mocion-de-confianza-programa-del-dia-y-posibles-escenarios\/","name":"Fran\u00e7ois Bayrou ante la moci\u00f3n de confianza: programa del d\u00eda y posibles escenarios - El Grand Continent","isPartOf":{"@id":"https:\/\/legrandcontinent.eu\/es\/#website"},"primaryImageOfPage":{"@id":"https:\/\/legrandcontinent.eu\/es\/2025\/09\/08\/francois-bayrou-ante-la-mocion-de-confianza-programa-del-dia-y-posibles-escenarios\/#primaryimage"},"image":{"@id":"https:\/\/legrandcontinent.eu\/es\/2025\/09\/08\/francois-bayrou-ante-la-mocion-de-confianza-programa-del-dia-y-posibles-escenarios\/#primaryimage"},"thumbnailUrl":"https:\/\/legrandcontinent.eu\/es\/wp-content\/uploads\/sites\/2\/2025\/09\/Repartition-des-groupes-politiques-dans-lhemicycle.jpg","datePublished":"2025-09-08T04:30:00+00:00","author":{"@id":"https:\/\/legrandcontinent.eu\/es\/#\/schema\/person\/cdd782c93d4a9eda86ab19a8c01cdf5c"},"breadcrumb":{"@id":"https:\/\/legrandcontinent.eu\/es\/2025\/09\/08\/francois-bayrou-ante-la-mocion-de-confianza-programa-del-dia-y-posibles-escenarios\/#breadcrumb"},"inLanguage":"es","potentialAction":[{"@type":"ReadAction","target":["https:\/\/legrandcontinent.eu\/es\/2025\/09\/08\/francois-bayrou-ante-la-mocion-de-confianza-programa-del-dia-y-posibles-escenarios\/"]}]},{"@type":"ImageObject","inLanguage":"es","@id":"https:\/\/legrandcontinent.eu\/es\/2025\/09\/08\/francois-bayrou-ante-la-mocion-de-confianza-programa-del-dia-y-posibles-escenarios\/#primaryimage","url":"https:\/\/legrandcontinent.eu\/es\/wp-content\/uploads\/sites\/2\/2025\/09\/Repartition-des-groupes-politiques-dans-lhemicycle.jpg","contentUrl":"https:\/\/legrandcontinent.eu\/es\/wp-content\/uploads\/sites\/2\/2025\/09\/Repartition-des-groupes-politiques-dans-lhemicycle.jpg","width":1966,"height":1098,"caption":"Screenshot"},{"@type":"BreadcrumbList","@id":"https:\/\/legrandcontinent.eu\/es\/2025\/09\/08\/francois-bayrou-ante-la-mocion-de-confianza-programa-del-dia-y-posibles-escenarios\/#breadcrumb","itemListElement":[{"@type":"ListItem","position":1,"name":"Home","item":"https:\/\/legrandcontinent.eu\/es\/"},{"@type":"ListItem","position":2,"name":"Fran\u00e7ois Bayrou ante la moci\u00f3n de confianza: programa del d\u00eda y posibles escenarios"}]},{"@type":"WebSite","@id":"https:\/\/legrandcontinent.eu\/es\/#website","url":"https:\/\/legrandcontinent.eu\/es\/","name":"El Grand Continent","description":"La escala pertinente","potentialAction":[{"@type":"SearchAction","target":{"@type":"EntryPoint","urlTemplate":"https:\/\/legrandcontinent.eu\/es\/?s={search_term_string}"},"query-input":{"@type":"PropertyValueSpecification","valueRequired":true,"valueName":"search_term_string"}}],"inLanguage":"es"},{"@type":"Person","@id":"https:\/\/legrandcontinent.eu\/es\/#\/schema\/person\/cdd782c93d4a9eda86ab19a8c01cdf5c","name":"florent","image":{"@type":"ImageObject","inLanguage":"es","@id":"https:\/\/legrandcontinent.eu\/es\/#\/schema\/person\/image\/","url":"https:\/\/secure.gravatar.com\/avatar\/0d38d78c90602daf39b309035cdac6bc?s=96&d=mm&r=g","contentUrl":"https:\/\/secure.gravatar.com\/avatar\/0d38d78c90602daf39b309035cdac6bc?s=96&d=mm&r=g","caption":"florent"}}]}},"lgc_categories":[{"id":6,"name":"Pol\u00edtica","slug":"politica"}],"lgc_author":null,"feature_image_summary":{"url":"https:\/\/legrandcontinent.eu\/es\/wp-content\/uploads\/sites\/2\/2025\/09\/Repartition-des-groupes-politiques-dans-lhemicycle.jpg","width":1966,"height":1098,"alt":""},"feature_image_cover":null,"term_position_data":null,"_links":{"self":[{"href":"https:\/\/legrandcontinent.eu\/es\/wp-json\/wp\/v2\/posts\/77726","targetHints":{"allow":["GET"]}}],"collection":[{"href":"https:\/\/legrandcontinent.eu\/es\/wp-json\/wp\/v2\/posts"}],"about":[{"href":"https:\/\/legrandcontinent.eu\/es\/wp-json\/wp\/v2\/types\/post"}],"author":[{"embeddable":true,"href":"https:\/\/legrandcontinent.eu\/es\/wp-json\/wp\/v2\/users\/1366"}],"replies":[{"embeddable":true,"href":"https:\/\/legrandcontinent.eu\/es\/wp-json\/wp\/v2\/comments?post=77726"}],"version-history":[{"count":0,"href":"https:\/\/legrandcontinent.eu\/es\/wp-json\/wp\/v2\/posts\/77726\/revisions"}],"wp:featuredmedia":[{"embeddable":true,"href":"https:\/\/legrandcontinent.eu\/es\/wp-json\/wp\/v2\/media\/77725"}],"wp:attachment":[{"href":"https:\/\/legrandcontinent.eu\/es\/wp-json\/wp\/v2\/media?parent=77726"}],"wp:term":[{"taxonomy":"category","embeddable":true,"href":"https:\/\/legrandcontinent.eu\/es\/wp-json\/wp\/v2\/categories?post=77726"},{"taxonomy":"post_tag","embeddable":true,"href":"https:\/\/legrandcontinent.eu\/es\/wp-json\/wp\/v2\/tags?post=77726"},{"taxonomy":"staff","embeddable":true,"href":"https:\/\/legrandcontinent.eu\/es\/wp-json\/wp\/v2\/staff?post=77726"},{"taxonomy":"editorial_format","embeddable":true,"href":"https:\/\/legrandcontinent.eu\/es\/wp-json\/wp\/v2\/editorial_format?post=77726"},{"taxonomy":"serie","embeddable":true,"href":"https:\/\/legrandcontinent.eu\/es\/wp-json\/wp\/v2\/serie?post=77726"},{"taxonomy":"audience","embeddable":true,"href":"https:\/\/legrandcontinent.eu\/es\/wp-json\/wp\/v2\/audience?post=77726"},{"taxonomy":"geo","embeddable":true,"href":"https:\/\/legrandcontinent.eu\/es\/wp-json\/wp\/v2\/geo?post=77726"}],"curies":[{"name":"wp","href":"https:\/\/api.w.org\/{rel}","templated":true}]}}