{"id":77331,"date":"2025-09-03T06:30:00","date_gmt":"2025-09-03T04:30:00","guid":{"rendered":"https:\/\/legrandcontinent.eu\/es\/?p=77331"},"modified":"2025-09-03T09:55:59","modified_gmt":"2025-09-03T07:55:59","slug":"nawrocki-en-washington-quien-gobierna-polonia-x","status":"publish","type":"post","link":"https:\/\/legrandcontinent.eu\/es\/2025\/09\/03\/nawrocki-en-washington-quien-gobierna-polonia-x\/","title":{"rendered":"Nawrocki en Washington: \u00bfqui\u00e9n gobierna Polonia?"},"content":{"rendered":"\n<p>Hoy, mi\u00e9rcoles 3 de septiembre, el presidente polaco Karol Nawrocki es recibido en Washington por Donald Trump. Este encuentro se inscribe en el marco de un acercamiento progresivo entre ambos hombres desde la primavera, cuando la administraci\u00f3n estadounidense decidi\u00f3 apoyar al historiador nacionalista, entonces candidato del PiS, que se convirti\u00f3 en presidente de la Rep\u00fablica de Polonia el 6 de agosto.<\/p>\n\n\n\n<ul class=\"wp-block-list\">\n<li><a href=\"https:\/\/legrandcontinent.eu\/es\/2025\/06\/01\/quien-es-karol-nawrocki-historiador-hooligan-y-antiaborto-el-candidato-del-pis-a-las-elecciones-presidenciales-polacas-en-10-frases-clave\/\">Durante la campa\u00f1a<\/a>, Nawrocki ya hab\u00eda sido recibido por Trump en la Casa Blanca y hab\u00eda indicado que el presidente estadounidense le habr\u00eda susurrado: \u00abVas a ganar\u00bb. Durante la CPAC de Varsovia en mayo,<a href=\"https:\/\/legrandcontinent.eu\/es\/2025\/01\/15\/kristi-noem-la-conservadora-de-las-praderas-de-donald-trump\/\"> la secretaria de Seguridad Interior estadounidense, Kristi Noem<\/a>, lo hab\u00eda apoyado oficialmente.<\/li>\n\n\n\n<li>El 9 de agosto, tres d\u00edas despu\u00e9s de su toma de posesi\u00f3n, la canciller\u00eda presidencial anunci\u00f3 una invitaci\u00f3n formal de Trump a Nawrocki para una visita de trabajo el 3 de septiembre a Washington, que ser\u00e1 el primer viaje al extranjero del nuevo jefe de Estado.<\/li>\n\n\n\n<li>Este \u00faltimo indic\u00f3 que, por supuesto, abordar\u00e1 la cuesti\u00f3n de Ucrania, pero que se centrar\u00e1 principalmente en cuestiones relacionadas con la defensa de Polonia.<\/li>\n<\/ul>\n\n\n\n<div class=\"iframe-container wp-block-image wp-block-image-medium  iframe-dw\">\n\t<div>\n\t\t<iframe class=\"absolute w-full h-full pin-t pin-l\" title=\"titolo\" aria-label=\"Interactive line chart\" src=\"\/\/datawrapper.dwcdn.net\/Kb7ru\/\" scrolling=\"no\" frameborder=\"0\"><\/iframe>\n\t<\/div>\n<\/div>\n\n\n\n<p>Un <em>outsider<\/em> desconocido para el gran p\u00fablico antes de que se revelara su<a href=\"https:\/\/legrandcontinent.eu\/es\/2025\/06\/01\/quien-es-karol-nawrocki-historiador-hooligan-y-antiaborto-el-candidato-del-pis-a-las-elecciones-presidenciales-polacas-en-10-frases-clave\/\"> pasado como hooligan<\/a> durante la campa\u00f1a presidencial, as\u00ed como sus ambiguas posiciones sobre el apoyo a Ucrania, Nawrocki ya ha roto con la tradici\u00f3n polaca desde su investidura: en lugar de una presidencia protocolaria, impone una hiperpresidencia ofensiva.<\/p>\n\n\n\n<p>No se trata, por tanto, de la simple sustituci\u00f3n de un presidente pro-PiS, Andrzej Duda, por otro.<\/p>\n\n\n\n<ul class=\"wp-block-list\">\n<li>El viaje de Nawrocki a Washington se produce tras una serie de acontecimientos en los que este ha intentado progresivamente representar a Polonia en el extranjero.<\/li>\n\n\n\n<li>Seg\u00fan la Constituci\u00f3n polaca, la diplomacia es competencia del gobierno, representado por el primer ministro Donald Tusk y el ministro de Asuntos Exteriores Rados\u0142aw Sikorski, que no dejan de record\u00e1rselo a la canciller\u00eda presidencial, sin \u00e9xito.<\/li>\n<\/ul>\n\n\n\n<p>En la reuni\u00f3n informativa del 13 de agosto, cuyo objetivo era coordinar la posici\u00f3n de estadounidenses y europeos antes del encuentro entre Putin y Trump, fue Nawrocki quien recibi\u00f3 la invitaci\u00f3n del presidente Trump, y no Tusk. Este acontecimiento, revelado en el \u00faltimo momento, sorprendi\u00f3 a la clase pol\u00edtica polaca.<\/p>\n\n\n\n<ul class=\"wp-block-list\">\n<li>Sin embargo, al d\u00eda siguiente, en la reuni\u00f3n de la \u00abcoalici\u00f3n de voluntarios\u00bb, fue el ministro de Relaciones Exteriores Sikorski quien estuvo presente.<\/li>\n\n\n\n<li>Estas maniobras provocaron tensiones entre ambos hombres, hasta tal punto que, el 18 de agosto, a pesar de que Polonia es uno de los principales apoyos de Ucrania, el pa\u00eds no estuvo representado en el Despacho Oval, donde se reunieron varios l\u00edderes europeos y el presidente Zelenski.<\/li>\n\n\n\n<li>Ante la proximidad de la visita de Nawrocki a Washington, el Ministerio de Asuntos Exteriores polaco remiti\u00f3 a la presidencia un documento sint\u00e9tico en el que se resum\u00eda la posici\u00f3n diplom\u00e1tica que Polonia deb\u00eda adoptar con respecto a Estados Unidos, lo que el portavoz de la presidencia calific\u00f3 de \u00abbroma\u00bb.<\/li>\n<\/ul>\n\n\n\n<p>Tras las elecciones presidenciales, algunos pudieron pensar que el hecho de que Nawrocki mantuviera relaciones con la Casa Blanca y el movimiento MAGA era una buena noticia, ya que permit\u00eda tener una relaci\u00f3n atl\u00e1ntica privilegiada, como durante el anterior mandato de Andrzej Duda.<\/p>\n\n\n\n<ul class=\"wp-block-list\">\n<li>De hecho, las relaciones entre Trump y Tusk son malas desde 2017-2019, periodo en el que este \u00faltimo era presidente del Consejo Europeo.<\/li>\n\n\n\n<li>Sin embargo, la batalla entre la presidencia y el gobierno sobre la personalidad que mejor encarna la imagen internacional de Polonia empa\u00f1a el \u00ab<a href=\"https:\/\/legrandcontinent.eu\/es\/2025\/01\/01\/europa-geopolitica-el-momento-polaco\/\">momento polaco<\/a>\u00bb, durante el cual Varsovia presidi\u00f3 el Consejo de la Uni\u00f3n y se sent\u00f3 junto a Par\u00eds y Berl\u00edn en un tri\u00e1ngulo de Weimar reforzado.<\/li>\n<\/ul>\n\n\n\n\n\n<figure class=\"wp-block-image wp-block-image-medium\"\n    data-shadow=\"false\"\n    data-use-original-file=\"false\">\n    <a\n        data-pswp-src=\"https:\/\/legrandcontinent.eu\/es\/wp-content\/uploads\/sites\/2\/2025\/09\/tusk_waiting2.jpeg\"\n        class=\"inline-block gallery-item no-underline \"\n        data-pswp-width=\"960\"\n        data-pswp-height=\"608\">\n                                        <picture>\r\n                    <source\r\n                srcset=\"https:\/\/legrandcontinent.eu\/es\/wp-content\/uploads\/sites\/2\/2025\/09\/tusk_waiting2-330x209.jpeg\"\r\n                media=\"(max-width:  374px)\" \/>\r\n                    <source\r\n                srcset=\"https:\/\/legrandcontinent.eu\/es\/wp-content\/uploads\/sites\/2\/2025\/09\/tusk_waiting2-690x437.jpeg\"\r\n                media=\"(max-width:  989px)\" \/>\r\n                    <source\r\n                srcset=\"https:\/\/legrandcontinent.eu\/es\/wp-content\/uploads\/sites\/2\/2025\/09\/tusk_waiting2.jpeg\"\r\n                media=\"(max-width: 1319px)\" \/>\r\n                    <source\r\n                srcset=\"https:\/\/legrandcontinent.eu\/es\/wp-content\/uploads\/sites\/2\/2025\/09\/tusk_waiting2-690x437.jpeg\"\r\n                media=\"(max-width: 1599px)\" \/>\r\n                    <source\r\n                srcset=\"https:\/\/legrandcontinent.eu\/es\/wp-content\/uploads\/sites\/2\/2025\/09\/tusk_waiting2.jpeg\"\r\n                media=\"(min-width: 1600px)\" \/>\r\n                <img decoding=\"async\" src=\"https:\/\/legrandcontinent.eu\/es\/wp-content\/uploads\/sites\/2\/2025\/09\/tusk_waiting2-125x79.jpeg\" \/>\r\n        <\/picture>\r\n                            \n                    <figcaption class=\"pswp-caption-content \">\u00a9 PAP\/Pawe\u0142 Supernak<\/figcaption>\n            <\/a>\n<\/figure>\n\n\n<p>M\u00e1s all\u00e1 de esta cacofon\u00eda diplom\u00e1tica, el conflicto entre ambos hombres, que se detestan cordialmente, tambi\u00e9n est\u00e1 presente en la pol\u00edtica interior.<\/p>\n\n\n\n<ul class=\"wp-block-list\">\n<li>Tras la confusi\u00f3n sobre la participaci\u00f3n de Nawrocki en la reuni\u00f3n con Trump el 13 de agosto, al d\u00eda siguiente se dio una explicaci\u00f3n en el palacio presidencial.<\/li>\n\n\n\n<li>Antes de la misma, Nawrocki hizo esperar deliberadamente a Tusk para simular superioridad ante las c\u00e1maras.<\/li>\n\n\n\n<li>La discusi\u00f3n no dio ning\u00fan fruto, y Tusk tuite\u00f3 que el \u00fanico punto de acuerdo entre ambos era \u00abque tenemos familias maravillosas e hijos fant\u00e1sticos\u00bb.<\/li>\n<\/ul>\n\n\n\n<figure class=\"wp-block-embed is-type-rich is-provider-twitter wp-block-embed-twitter\"><div class=\"wp-block-embed__wrapper\">\n<blockquote class=\"twitter-tweet\" data-width=\"550\" data-dnt=\"true\"><p lang=\"pl\" dir=\"ltr\">W jednym byli\u015bmy z Panem Prezydentem zgodni w stu procentach: \u017ce mamy kochane rodziny i fantastyczne dzieci!\ud83d\ude00<\/p>&mdash; Donald Tusk (@donaldtusk) <a href=\"https:\/\/twitter.com\/donaldtusk\/status\/1955954543516123626?ref_src=twsrc%5Etfw\">August 14, 2025<\/a><\/blockquote><script async src=\"https:\/\/platform.twitter.com\/widgets.js\" charset=\"utf-8\"><\/script>\n<\/div><\/figure>\n\n\n\n<ul class=\"wp-block-list\">\n<li>Nawrocki tambi\u00e9n convoc\u00f3 un Consejo de Ministros el 27 de agosto y lanz\u00f3 una serie de cr\u00edticas contra Tusk y su gobierno, reproch\u00e1ndoles en particular un d\u00e9ficit r\u00e9cord, los retrasos en el megaproyecto del aeropuerto CPK y la insuficiente protecci\u00f3n de la agricultura polaca.<\/li>\n<\/ul>\n\n\n\n<p>M\u00e1s concretamente, en sus cuatro semanas al frente del Estado, Nawrocki ha vetado numerosos proyectos de ley propuestos por el gobierno y aprobados por la Dieta, dominada por la coalici\u00f3n de Tusk, en pr\u00e1cticamente todos los \u00e1mbitos.<\/p>\n\n\n\n<ul class=\"wp-block-list\">\n<li>En materia de energ\u00eda, una ley que flexibiliza las normas de instalaci\u00f3n de aerogeneradores, junto con una pr\u00f3rroga de la congelaci\u00f3n de las tarifas para los hogares.<\/li>\n\n\n\n<li>En materia de pol\u00edtica social y de inmigraci\u00f3n, una ley destinada a prorrogar las ayudas sociales a los ucranianos presentes en Polonia.<\/li>\n\n\n\n<li>En el apoyo m\u00e1s espec\u00edfico a Kiev, una ley sobre la financiaci\u00f3n por parte de Polonia de la red Starlink utilizada en Ucrania.<\/li>\n<\/ul>\n\n\n\n<p>En total, se han producido siete vetos en un mes, casi tantos como los del anterior presidente Duda en dos a\u00f1os.<\/p>\n\n\n\n<ul class=\"wp-block-list\">\n<li>Para revocar estos vetos, es necesario alcanzar una mayor\u00eda de tres quintos en la Dieta, lo que parece muy improbable, ya que el PiS cuenta con dos quintos de los esca\u00f1os +1, a los que hay que sumar los de otras formaciones de la oposici\u00f3n (28), siendo la principal el partido de extrema derecha Confederaci\u00f3n.<\/li>\n<\/ul>\n\n\n\n<p>Es probable que los expedientes sigan sobre la mesa del presidente.<\/p>\n\n\n\n<ul class=\"wp-block-list\">\n<li>En la mayor\u00eda de los temas, Nawrocki ha presentado nuevos proyectos de ley al Parlamento, aunque sus apoyos directos no tienen mayor\u00eda en \u00e9l.<\/li>\n\n\n\n<li>Es posible que se alcancen algunos compromisos, ya que algunos proyectos de Nawrocki recogen parcialmente las propuestas del gobierno, omitiendo los aspectos m\u00e1s conflictivos.<\/li>\n\n\n\n<li>El gobierno tambi\u00e9n puede recurrir a mecanismos extraparlamentarios para proponer ajustes a la situaci\u00f3n actual, como ya ha hecho con la administraci\u00f3n de la p\u00edldora del d\u00eda despu\u00e9s sin receta m\u00e9dica, un proyecto bloqueado por el presidente Duda y que Nawrocki no tiene intenci\u00f3n de sacar adelante.<\/li>\n<\/ul>\n\n\n\n<div class=\"iframe-container wp-block-image wp-block-image-medium  iframe-dw\">\n\t<div>\n\t\t<iframe class=\"absolute w-full h-full pin-t pin-l\" title=\"titolo\" aria-label=\"Interactive line chart\" src=\"\/\/datawrapper.dwcdn.net\/1wiMI\/\" scrolling=\"no\" frameborder=\"0\"><\/iframe>\n\t<\/div>\n<\/div>\n\n\n\n<p>Sin embargo, el m\u00e1s m\u00ednimo tema se convierte en objeto de una confrontaci\u00f3n directa que no deja tiempo a las comisiones parlamentarias para realizar su labor de conciliaci\u00f3n, y lo que se perfila es un horizonte de conflicto permanente.<\/p>\n\n\n\n<ul class=\"wp-block-list\">\n<li>En las encuestas, el PiS y la Coalici\u00f3n C\u00edvica est\u00e1n empatados, con alrededor del 30 % de la intenci\u00f3n de voto.<\/li>\n\n\n\n<li>Las pr\u00f3ximas elecciones legislativas est\u00e1n previstas para el oto\u00f1o de 2027, y el margen de maniobra de la Coalici\u00f3n C\u00edvica y sus aliados es escaso hasta entonces, aunque la suma de sus votos siga siendo mayoritaria.<\/li>\n\n\n\n<li>Nawrocki seguir\u00e1 siendo presidente hasta 2030.<\/li>\n<\/ul>\n\n\n\n<p>En un contexto en el que es necesario buscar votos en la derecha, a veces se observa una \u00abnawrockizaci\u00f3n\u00bb de la vida pol\u00edtica polaca.<\/p>\n\n\n\n<ul class=\"wp-block-list\">\n<li>Nawrocki considera que la cuesti\u00f3n de las masacres de Volinia durante la Segunda Guerra Mundial&nbsp;<span class='whitespace-nowrap'><span id='easy-footnote-1-77331' class='easy-footnote-margin-adjust'><\/span><span class='easy-footnote'><a href='https:\/\/legrandcontinent.eu\/es\/2025\/09\/03\/nawrocki-en-washington-quien-gobierna-polonia-x\/#easy-footnote-bottom-1-77331' title='Se trata del asesinato de casi 100.000 polacos por parte del Ej\u00e9rcito Insurreccional Ucraniano (UPA) entre 1942 y 1944, que Polonia califica de genocidio. Desde la guerra de 2022, Ucrania ha avanzado en el reconocimiento de estas masacres; a mediados de enero de 2025, Zelenski anunci\u00f3 oficialmente que comenzar\u00eda la exhumaci\u00f3n de las v\u00edctimas a partir de la primavera, respondiendo as\u00ed a una espera de las familias polacas que lleva ya 80 a\u00f1os.'><sup>1<\/sup><\/a><\/span><\/span> es el principal punto de tensi\u00f3n entre Polonia y Ucrania.<\/li>\n\n\n\n<li>Jugando con la cuerda de la memoria, el ministro de Defensa, miembro de la coalici\u00f3n gubernamental de Tusk pero perteneciente al PSL (un partido campesino m\u00e1s conservador que la Coalici\u00f3n C\u00edvica), declar\u00f3 que Polonia no apoyar\u00eda la adhesi\u00f3n de Ucrania a la Uni\u00f3n Europea mientras no se resolvieran los conflictos de memoria relacionados con estas masacres.<\/li>\n\n\n\n<li>Para intentar preservar el lugar de Polonia en la escena internacional a pesar de las tensiones, Tusk contin\u00faa con su diplomacia paralela, como lo demuestra su visita a Moldavia con el presidente franc\u00e9s Macron y el canciller Merz.<\/li>\n\n\n\n<li>Al mismo tiempo, Nawrocki pone en marcha sus propias iniciativas, como la cumbre celebrada la semana pasada en Varsovia con los pa\u00edses b\u00e1lticos y Dinamarca, que dio lugar a una videoconferencia con el presidente Zelenski.<\/li>\n\n\n\n<li>Ayer mismo, antes de la reuni\u00f3n entre Nawrocki y Trump, el ministro de Asuntos Exteriores, Sikorski, organiz\u00f3 su encuentro en Miami con el secretario de Estado estadounidense, Marco Rubio, para entregar el premio Solidarno\u015b\u0107 a la disidente cubana Berta Soler.<\/li>\n<\/ul>\n","protected":false},"excerpt":{"rendered":"<p>El presidente polaco, Karol Nawrocki, es recibido hoy, mi\u00e9rcoles 3 de septiembre, por el presidente estadounidense Donald Trump en Washington.<\/p>\n<p>Desde su toma de posesi\u00f3n el 6 de agosto, hace casi un mes, Nawrocki ha optado por llevar a cabo una presidencia ofensiva contra el gobierno de Donald Tusk, sumiendo a Polonia en una nueva disputa institucional, lo que no deja de tener consecuencias para su imagen internacional.<\/p>\n","protected":false},"author":1366,"featured_media":77311,"comment_status":"closed","ping_status":"closed","sticky":false,"template":"templates\/post-briefings.php","format":"standard","meta":{"_acf_changed":true,"_trash_the_other_posts":false,"_yoast_wpseo_estimated-reading-time-minutes":7,"footnotes":""},"categories":[6],"tags":[],"staff":[49],"editorial_format":[],"serie":[],"audience":[],"geo":[172],"class_list":["post-77331","post","type-post","status-publish","format-standard","hentry","category-politica","staff-olivier-lenoir","geo-americas"],"acf":{"open_in_webview":false,"accent":false},"yoast_head":"<!-- This site is optimized with the Yoast SEO plugin v26.1.1 - https:\/\/yoast.com\/wordpress\/plugins\/seo\/ -->\n<title>Nawrocki en Washington: \u00bfqui\u00e9n gobierna Polonia? - El Grand Continent<\/title>\n<meta name=\"robots\" content=\"index, follow, max-snippet:-1, max-image-preview:large, max-video-preview:-1\" \/>\n<link rel=\"canonical\" href=\"https:\/\/legrandcontinent.eu\/es\/2025\/09\/03\/nawrocki-en-washington-quien-gobierna-polonia-x\/\" \/>\n<meta property=\"og:locale\" content=\"es_ES\" \/>\n<meta property=\"og:type\" content=\"article\" \/>\n<meta property=\"og:title\" content=\"Nawrocki en Washington: \u00bfqui\u00e9n gobierna Polonia? - El Grand Continent\" \/>\n<meta property=\"og:description\" content=\"El presidente polaco, Karol Nawrocki, es recibido hoy, mi\u00e9rcoles 3 de septiembre, por el presidente estadounidense Donald Trump en Washington.  Desde su toma de posesi\u00f3n el 6 de agosto, hace casi un mes, Nawrocki ha optado por llevar a cabo una presidencia ofensiva contra el gobierno de Donald Tusk, sumiendo a Polonia en una nueva disputa institucional, lo que no deja de tener consecuencias para su imagen internacional.\" \/>\n<meta property=\"og:url\" content=\"https:\/\/legrandcontinent.eu\/es\/2025\/09\/03\/nawrocki-en-washington-quien-gobierna-polonia-x\/\" \/>\n<meta property=\"og:site_name\" content=\"El Grand Continent\" \/>\n<meta property=\"article:published_time\" content=\"2025-09-03T04:30:00+00:00\" \/>\n<meta property=\"article:modified_time\" content=\"2025-09-03T07:55:59+00:00\" \/>\n<meta property=\"og:image\" content=\"https:\/\/legrandcontinent.eu\/es\/wp-content\/uploads\/sites\/6\/2025\/09\/gc-elnawrocki-scaled.jpg\" \/>\n\t<meta property=\"og:image:width\" content=\"2560\" \/>\n\t<meta property=\"og:image:height\" content=\"1440\" \/>\n\t<meta property=\"og:image:type\" content=\"image\/jpeg\" \/>\n<meta name=\"author\" content=\"florent\" \/>\n<meta name=\"twitter:card\" content=\"summary_large_image\" \/>\n<meta name=\"twitter:image\" content=\"https:\/\/legrandcontinent.eu\/es\/wp-content\/uploads\/sites\/6\/2025\/09\/gc-elnawrocki-scaled.jpg\" \/>\n<meta name=\"twitter:label1\" content=\"Escrito por\" \/>\n\t<meta name=\"twitter:data1\" content=\"florent\" \/>\n\t<meta name=\"twitter:label2\" content=\"Tiempo de lectura\" \/>\n\t<meta name=\"twitter:data2\" content=\"7 minutos\" \/>\n<script type=\"application\/ld+json\" class=\"yoast-schema-graph\">{\"@context\":\"https:\/\/schema.org\",\"@graph\":[{\"@type\":\"WebPage\",\"@id\":\"https:\/\/legrandcontinent.eu\/es\/2025\/09\/03\/nawrocki-en-washington-quien-gobierna-polonia-x\/\",\"url\":\"https:\/\/legrandcontinent.eu\/es\/2025\/09\/03\/nawrocki-en-washington-quien-gobierna-polonia-x\/\",\"name\":\"Nawrocki en Washington: \u00bfqui\u00e9n gobierna Polonia? - El Grand Continent\",\"isPartOf\":{\"@id\":\"https:\/\/legrandcontinent.eu\/es\/#website\"},\"primaryImageOfPage\":{\"@id\":\"https:\/\/legrandcontinent.eu\/es\/2025\/09\/03\/nawrocki-en-washington-quien-gobierna-polonia-x\/#primaryimage\"},\"image\":{\"@id\":\"https:\/\/legrandcontinent.eu\/es\/2025\/09\/03\/nawrocki-en-washington-quien-gobierna-polonia-x\/#primaryimage\"},\"thumbnailUrl\":\"https:\/\/legrandcontinent.eu\/es\/wp-content\/uploads\/sites\/2\/2025\/09\/SIPA_sipausa30492796_000008-scaled.jpg\",\"datePublished\":\"2025-09-03T04:30:00+00:00\",\"dateModified\":\"2025-09-03T07:55:59+00:00\",\"author\":{\"@id\":\"https:\/\/legrandcontinent.eu\/es\/#\/schema\/person\/cdd782c93d4a9eda86ab19a8c01cdf5c\"},\"breadcrumb\":{\"@id\":\"https:\/\/legrandcontinent.eu\/es\/2025\/09\/03\/nawrocki-en-washington-quien-gobierna-polonia-x\/#breadcrumb\"},\"inLanguage\":\"es\",\"potentialAction\":[{\"@type\":\"ReadAction\",\"target\":[\"https:\/\/legrandcontinent.eu\/es\/2025\/09\/03\/nawrocki-en-washington-quien-gobierna-polonia-x\/\"]}]},{\"@type\":\"ImageObject\",\"inLanguage\":\"es\",\"@id\":\"https:\/\/legrandcontinent.eu\/es\/2025\/09\/03\/nawrocki-en-washington-quien-gobierna-polonia-x\/#primaryimage\",\"url\":\"https:\/\/legrandcontinent.eu\/es\/wp-content\/uploads\/sites\/2\/2025\/09\/SIPA_sipausa30492796_000008-scaled.jpg\",\"contentUrl\":\"https:\/\/legrandcontinent.eu\/es\/wp-content\/uploads\/sites\/2\/2025\/09\/SIPA_sipausa30492796_000008-scaled.jpg\",\"width\":2560,\"height\":1706,\"caption\":\"President elect Karol Nawrocki greets fans and supporters after his certification ceremony at the Royal Castle Square in Warsaw, Poland on 11 June, 2025. (Photo by Jaap Arriens \/ Sipa USA)\/62144507\/Jaap Arriens\/2506131136\"},{\"@type\":\"BreadcrumbList\",\"@id\":\"https:\/\/legrandcontinent.eu\/es\/2025\/09\/03\/nawrocki-en-washington-quien-gobierna-polonia-x\/#breadcrumb\",\"itemListElement\":[{\"@type\":\"ListItem\",\"position\":1,\"name\":\"Home\",\"item\":\"https:\/\/legrandcontinent.eu\/es\/\"},{\"@type\":\"ListItem\",\"position\":2,\"name\":\"Nawrocki en Washington: \u00bfqui\u00e9n gobierna Polonia?\"}]},{\"@type\":\"WebSite\",\"@id\":\"https:\/\/legrandcontinent.eu\/es\/#website\",\"url\":\"https:\/\/legrandcontinent.eu\/es\/\",\"name\":\"El Grand Continent\",\"description\":\"La escala pertinente\",\"potentialAction\":[{\"@type\":\"SearchAction\",\"target\":{\"@type\":\"EntryPoint\",\"urlTemplate\":\"https:\/\/legrandcontinent.eu\/es\/?s={search_term_string}\"},\"query-input\":{\"@type\":\"PropertyValueSpecification\",\"valueRequired\":true,\"valueName\":\"search_term_string\"}}],\"inLanguage\":\"es\"},{\"@type\":\"Person\",\"@id\":\"https:\/\/legrandcontinent.eu\/es\/#\/schema\/person\/cdd782c93d4a9eda86ab19a8c01cdf5c\",\"name\":\"florent\",\"image\":{\"@type\":\"ImageObject\",\"inLanguage\":\"es\",\"@id\":\"https:\/\/legrandcontinent.eu\/es\/#\/schema\/person\/image\/\",\"url\":\"https:\/\/secure.gravatar.com\/avatar\/0d38d78c90602daf39b309035cdac6bc?s=96&d=mm&r=g\",\"contentUrl\":\"https:\/\/secure.gravatar.com\/avatar\/0d38d78c90602daf39b309035cdac6bc?s=96&d=mm&r=g\",\"caption\":\"florent\"}}]}<\/script>\n<!-- \/ Yoast SEO plugin. -->","yoast_head_json":{"title":"Nawrocki en Washington: \u00bfqui\u00e9n gobierna Polonia? - El Grand Continent","robots":{"index":"index","follow":"follow","max-snippet":"max-snippet:-1","max-image-preview":"max-image-preview:large","max-video-preview":"max-video-preview:-1"},"canonical":"https:\/\/legrandcontinent.eu\/es\/2025\/09\/03\/nawrocki-en-washington-quien-gobierna-polonia-x\/","og_locale":"es_ES","og_type":"article","og_title":"Nawrocki en Washington: \u00bfqui\u00e9n gobierna Polonia? - El Grand Continent","og_description":"El presidente polaco, Karol Nawrocki, es recibido hoy, mi\u00e9rcoles 3 de septiembre, por el presidente estadounidense Donald Trump en Washington.  Desde su toma de posesi\u00f3n el 6 de agosto, hace casi un mes, Nawrocki ha optado por llevar a cabo una presidencia ofensiva contra el gobierno de Donald Tusk, sumiendo a Polonia en una nueva disputa institucional, lo que no deja de tener consecuencias para su imagen internacional.","og_url":"https:\/\/legrandcontinent.eu\/es\/2025\/09\/03\/nawrocki-en-washington-quien-gobierna-polonia-x\/","og_site_name":"El Grand Continent","article_published_time":"2025-09-03T04:30:00+00:00","article_modified_time":"2025-09-03T07:55:59+00:00","og_image":[{"width":2560,"height":1440,"url":"https:\/\/legrandcontinent.eu\/es\/wp-content\/uploads\/sites\/6\/2025\/09\/gc-elnawrocki-scaled.jpg","type":"image\/jpeg"}],"author":"florent","twitter_card":"summary_large_image","twitter_image":"https:\/\/legrandcontinent.eu\/es\/wp-content\/uploads\/sites\/6\/2025\/09\/gc-elnawrocki-scaled.jpg","twitter_misc":{"Escrito por":"florent","Tiempo de lectura":"7 minutos"},"schema":{"@context":"https:\/\/schema.org","@graph":[{"@type":"WebPage","@id":"https:\/\/legrandcontinent.eu\/es\/2025\/09\/03\/nawrocki-en-washington-quien-gobierna-polonia-x\/","url":"https:\/\/legrandcontinent.eu\/es\/2025\/09\/03\/nawrocki-en-washington-quien-gobierna-polonia-x\/","name":"Nawrocki en Washington: \u00bfqui\u00e9n gobierna Polonia? - El Grand Continent","isPartOf":{"@id":"https:\/\/legrandcontinent.eu\/es\/#website"},"primaryImageOfPage":{"@id":"https:\/\/legrandcontinent.eu\/es\/2025\/09\/03\/nawrocki-en-washington-quien-gobierna-polonia-x\/#primaryimage"},"image":{"@id":"https:\/\/legrandcontinent.eu\/es\/2025\/09\/03\/nawrocki-en-washington-quien-gobierna-polonia-x\/#primaryimage"},"thumbnailUrl":"https:\/\/legrandcontinent.eu\/es\/wp-content\/uploads\/sites\/2\/2025\/09\/SIPA_sipausa30492796_000008-scaled.jpg","datePublished":"2025-09-03T04:30:00+00:00","dateModified":"2025-09-03T07:55:59+00:00","author":{"@id":"https:\/\/legrandcontinent.eu\/es\/#\/schema\/person\/cdd782c93d4a9eda86ab19a8c01cdf5c"},"breadcrumb":{"@id":"https:\/\/legrandcontinent.eu\/es\/2025\/09\/03\/nawrocki-en-washington-quien-gobierna-polonia-x\/#breadcrumb"},"inLanguage":"es","potentialAction":[{"@type":"ReadAction","target":["https:\/\/legrandcontinent.eu\/es\/2025\/09\/03\/nawrocki-en-washington-quien-gobierna-polonia-x\/"]}]},{"@type":"ImageObject","inLanguage":"es","@id":"https:\/\/legrandcontinent.eu\/es\/2025\/09\/03\/nawrocki-en-washington-quien-gobierna-polonia-x\/#primaryimage","url":"https:\/\/legrandcontinent.eu\/es\/wp-content\/uploads\/sites\/2\/2025\/09\/SIPA_sipausa30492796_000008-scaled.jpg","contentUrl":"https:\/\/legrandcontinent.eu\/es\/wp-content\/uploads\/sites\/2\/2025\/09\/SIPA_sipausa30492796_000008-scaled.jpg","width":2560,"height":1706,"caption":"President elect Karol Nawrocki greets fans and supporters after his certification ceremony at the Royal Castle Square in Warsaw, Poland on 11 June, 2025. (Photo by Jaap Arriens \/ Sipa USA)\/62144507\/Jaap Arriens\/2506131136"},{"@type":"BreadcrumbList","@id":"https:\/\/legrandcontinent.eu\/es\/2025\/09\/03\/nawrocki-en-washington-quien-gobierna-polonia-x\/#breadcrumb","itemListElement":[{"@type":"ListItem","position":1,"name":"Home","item":"https:\/\/legrandcontinent.eu\/es\/"},{"@type":"ListItem","position":2,"name":"Nawrocki en Washington: \u00bfqui\u00e9n gobierna Polonia?"}]},{"@type":"WebSite","@id":"https:\/\/legrandcontinent.eu\/es\/#website","url":"https:\/\/legrandcontinent.eu\/es\/","name":"El Grand Continent","description":"La escala pertinente","potentialAction":[{"@type":"SearchAction","target":{"@type":"EntryPoint","urlTemplate":"https:\/\/legrandcontinent.eu\/es\/?s={search_term_string}"},"query-input":{"@type":"PropertyValueSpecification","valueRequired":true,"valueName":"search_term_string"}}],"inLanguage":"es"},{"@type":"Person","@id":"https:\/\/legrandcontinent.eu\/es\/#\/schema\/person\/cdd782c93d4a9eda86ab19a8c01cdf5c","name":"florent","image":{"@type":"ImageObject","inLanguage":"es","@id":"https:\/\/legrandcontinent.eu\/es\/#\/schema\/person\/image\/","url":"https:\/\/secure.gravatar.com\/avatar\/0d38d78c90602daf39b309035cdac6bc?s=96&d=mm&r=g","contentUrl":"https:\/\/secure.gravatar.com\/avatar\/0d38d78c90602daf39b309035cdac6bc?s=96&d=mm&r=g","caption":"florent"}}]}},"lgc_categories":[{"id":6,"name":"Pol\u00edtica","slug":"politica"}],"lgc_author":{"id":49,"name":"Olivier Lenoir","slug":"olivier-lenoir","first_name":null,"last_name":null,"picture":null},"feature_image_summary":{"url":"https:\/\/legrandcontinent.eu\/es\/wp-content\/uploads\/sites\/2\/2025\/09\/SIPA_sipausa30492796_000008-scaled.jpg","width":2560,"height":1706,"alt":""},"feature_image_cover":null,"term_position_data":null,"_links":{"self":[{"href":"https:\/\/legrandcontinent.eu\/es\/wp-json\/wp\/v2\/posts\/77331","targetHints":{"allow":["GET"]}}],"collection":[{"href":"https:\/\/legrandcontinent.eu\/es\/wp-json\/wp\/v2\/posts"}],"about":[{"href":"https:\/\/legrandcontinent.eu\/es\/wp-json\/wp\/v2\/types\/post"}],"author":[{"embeddable":true,"href":"https:\/\/legrandcontinent.eu\/es\/wp-json\/wp\/v2\/users\/1366"}],"replies":[{"embeddable":true,"href":"https:\/\/legrandcontinent.eu\/es\/wp-json\/wp\/v2\/comments?post=77331"}],"version-history":[{"count":0,"href":"https:\/\/legrandcontinent.eu\/es\/wp-json\/wp\/v2\/posts\/77331\/revisions"}],"wp:featuredmedia":[{"embeddable":true,"href":"https:\/\/legrandcontinent.eu\/es\/wp-json\/wp\/v2\/media\/77311"}],"wp:attachment":[{"href":"https:\/\/legrandcontinent.eu\/es\/wp-json\/wp\/v2\/media?parent=77331"}],"wp:term":[{"taxonomy":"category","embeddable":true,"href":"https:\/\/legrandcontinent.eu\/es\/wp-json\/wp\/v2\/categories?post=77331"},{"taxonomy":"post_tag","embeddable":true,"href":"https:\/\/legrandcontinent.eu\/es\/wp-json\/wp\/v2\/tags?post=77331"},{"taxonomy":"staff","embeddable":true,"href":"https:\/\/legrandcontinent.eu\/es\/wp-json\/wp\/v2\/staff?post=77331"},{"taxonomy":"editorial_format","embeddable":true,"href":"https:\/\/legrandcontinent.eu\/es\/wp-json\/wp\/v2\/editorial_format?post=77331"},{"taxonomy":"serie","embeddable":true,"href":"https:\/\/legrandcontinent.eu\/es\/wp-json\/wp\/v2\/serie?post=77331"},{"taxonomy":"audience","embeddable":true,"href":"https:\/\/legrandcontinent.eu\/es\/wp-json\/wp\/v2\/audience?post=77331"},{"taxonomy":"geo","embeddable":true,"href":"https:\/\/legrandcontinent.eu\/es\/wp-json\/wp\/v2\/geo?post=77331"}],"curies":[{"name":"wp","href":"https:\/\/api.w.org\/{rel}","templated":true}]}}