{"id":76655,"date":"2025-08-26T14:00:04","date_gmt":"2025-08-26T12:00:04","guid":{"rendered":"https:\/\/legrandcontinent.eu\/es\/?p=76655"},"modified":"2025-08-26T14:00:08","modified_gmt":"2025-08-26T12:00:08","slug":"que-significan-las-amenazas-de-trump-sobre-los-impuestos-y-las-regulaciones-digitales-para-la-union-europea","status":"publish","type":"post","link":"https:\/\/legrandcontinent.eu\/es\/2025\/08\/26\/que-significan-las-amenazas-de-trump-sobre-los-impuestos-y-las-regulaciones-digitales-para-la-union-europea\/","title":{"rendered":"\u00bfQu\u00e9 significan las amenazas de Trump sobre los impuestos y las regulaciones digitales para la Uni\u00f3n Europea?\u00a0"},"content":{"rendered":"\n<p>Ya el 21 de febrero, Trump orden\u00f3 una revisi\u00f3n de las medidas de represalia arancelaria relacionadas con los impuestos sobre los servicios digitales. En repetidas ocasiones hab\u00eda criticado la normativa europea y, desde el comienzo de su mandato, se hab\u00eda comprometido a tomar medidas contra las barreras no arancelarias, subrayando en particular que el IVA y los impuestos digitales constitu\u00edan \u00abpr\u00e1cticas comerciales desleales\u00bb.<\/p>\n\n\n\n<ul class=\"wp-block-list\">\n<li>Las declaraciones de Trump siguen esta l\u00ednea, pero plantean interrogantes sobre los acuerdos comerciales ya anunciados, en particular el acuerdo con la Uni\u00f3n Europea.<\/li>\n<\/ul>\n\n\n\n<figure class=\"wp-block-embed is-type-rich is-provider-twitter wp-block-embed-twitter\"><div class=\"wp-block-embed__wrapper\">\n<blockquote class=\"twitter-tweet\" data-width=\"550\" data-dnt=\"true\"><p lang=\"en\" dir=\"ltr\">Donald J. Trump Truth Social 08.25.25 08:31 PM EST <a href=\"https:\/\/t.co\/Pn20Kqw3gY\">pic.twitter.com\/Pn20Kqw3gY<\/a><\/p>&mdash; Fan Donald J. Trump Posts From Truth Social (@TrumpDailyPosts) <a href=\"https:\/\/twitter.com\/TrumpDailyPosts\/status\/1960139373753630858?ref_src=twsrc%5Etfw\">August 26, 2025<\/a><\/blockquote><script async src=\"https:\/\/platform.twitter.com\/widgets.js\" charset=\"utf-8\"><\/script>\n<\/div><\/figure>\n\n\n\n<p>Cabe se\u00f1alar que, en su publicaci\u00f3n, Trump no distingue entre los impuestos sobre los servicios digitales, tema que se debate con Estados Unidos desde hace varios a\u00f1os y que deber\u00eda haberse resuelto mediante el acuerdo de la OCDE sobre la fiscalidad mundial, y lo que la Administraci\u00f3n Trump percibe como regulaciones \u00abdise\u00f1adas para perjudicar o discriminar a la tecnolog\u00eda estadounidense\u00bb.<\/p>\n\n\n\n<ul class=\"wp-block-list\">\n<li>Cita en particular la \u00ablegislaci\u00f3n sobre servicios digitales\u00bb y la \u00abregulaci\u00f3n de los mercados digitales\u00bb.<\/li>\n\n\n\n<li>Seg\u00fan fuentes citadas ayer, lunes 25 de agosto, por\u00a0<em>Reuters<\/em>&nbsp;<span class='whitespace-nowrap'><span id='easy-footnote-1-76655' class='easy-footnote-margin-adjust'><\/span><span class='easy-footnote'><a href='https:\/\/legrandcontinent.eu\/es\/2025\/08\/26\/que-significan-las-amenazas-de-trump-sobre-los-impuestos-y-las-regulaciones-digitales-para-la-union-europea\/#easy-footnote-bottom-1-76655' title='Humeyra Pamuk, \u00ab\u00a0&lt;a href=&quot;https:\/\/www.reuters.com\/world\/us\/trump-administration-weighs-sanctions-officials-implementing-eu-tech-law-sources-2025-08-25\/&quot;&gt;Exclusive\u00a0: Trump administration weighs sanctions on officials implementing EU tech law, sources say&lt;\/a&gt;\u00a0\u00bb,\u00a0&lt;em&gt;Reuters&lt;\/em&gt;, 26 de agosto de 2025.'><sup>1<\/sup><\/a><\/span><\/span>, la administraci\u00f3n estadounidense estar\u00eda considerando imponer sanciones a los responsables de la Uni\u00f3n o de los Estados miembros encargados de aplicar la ley sobre servicios digitales.<\/li>\n\n\n\n<li>La semana pasada, la Comisi\u00f3n declar\u00f3: \u00abHemos dejado claro a Estados Unidos que las modificaciones de nuestras normativas digitales \u2014la Ley de Mercados Digitales y la Ley de Servicios Digitales\u2014 no est\u00e1n en la agenda\u00bb&nbsp;<span class='whitespace-nowrap'><span id='easy-footnote-2-76655' class='easy-footnote-margin-adjust'><\/span><span class='easy-footnote'><a href='https:\/\/legrandcontinent.eu\/es\/2025\/08\/26\/que-significan-las-amenazas-de-trump-sobre-los-impuestos-y-las-regulaciones-digitales-para-la-union-europea\/#easy-footnote-bottom-2-76655' title='&lt;a href=&quot;https:\/\/ec.europa.eu\/commission\/presscorner\/detail\/en\/qanda_25_1974&quot;&gt;Questions and answers on the EU-US Joint Statement on Transatlantic Trade and Investment&lt;\/a&gt;, Comisi\u00f3n Europea, 21 de agosto de 2025.'><sup>2<\/sup><\/a><\/span><\/span>.<\/li>\n\n\n\n<li>Una fuente europea contactada por la revista declar\u00f3 hoy: \u00abEs un derecho soberano de la Uni\u00f3n y de sus Estados miembros regular las actividades econ\u00f3micas en nuestro territorio que sean conformes con nuestros valores democr\u00e1ticos\u00bb.<\/li>\n<\/ul>\n\n\n\n<p>Si bien una treintena de pa\u00edses de todo el mundo han adoptado o est\u00e1n considerando adoptar impuestos sobre los servicios digitales, la mayor\u00eda se encuentran en Europa.<\/p>\n\n\n\n<div class=\"iframe-container wp-block-image wp-block-image-medium  iframe-dw\">\n\t<div>\n\t\t<iframe class=\"absolute w-full h-full pin-t pin-l\" title=\"titolo\" aria-label=\"Interactive line chart\" src=\"\/\/datawrapper.dwcdn.net\/DgQtx\/\" scrolling=\"no\" frameborder=\"0\"><\/iframe>\n\t<\/div>\n<\/div>\n\n\n\n<ul class=\"wp-block-list\">\n<li>Canad\u00e1 ya ha renunciado a su proyecto de introducir un impuesto sobre los servicios digitales para facilitar la conclusi\u00f3n de un acuerdo con Estados Unidos&nbsp;<span class='whitespace-nowrap'><span id='easy-footnote-3-76655' class='easy-footnote-margin-adjust'><\/span><span class='easy-footnote'><a href='https:\/\/legrandcontinent.eu\/es\/2025\/08\/26\/que-significan-las-amenazas-de-trump-sobre-los-impuestos-y-las-regulaciones-digitales-para-la-union-europea\/#easy-footnote-bottom-3-76655' title='&lt;a href=&quot;https:\/\/www.canada.ca\/en\/department-finance\/news\/2025\/06\/canada-rescinds-digital-services-tax-to-advance-broader-trade-negotiations-with-the-united-states.html&quot;&gt;Canada rescinds digital services tax to advance broader trade negotiations with the United States&lt;\/a&gt;, 29 de junio de 2025.'><sup>3<\/sup><\/a><\/span><\/span>.<\/li>\n\n\n\n<li>Al ser preguntada sobre las consecuencias del acuerdo entre la Uni\u00f3n y Estados Unidos para los impuestos digitales previstos en la legislaci\u00f3n de algunos Estados miembros, la Comisi\u00f3n declar\u00f3 que \u00abel acuerdo no tiene ninguna incidencia en los impuestos sobre los servicios digitales adoptados a nivel nacional\u00bb.<\/li>\n<\/ul>\n\n\n\n<div class=\"iframe-container wp-block-image wp-block-image-medium  iframe-dw\">\n\t<div>\n\t\t<iframe class=\"absolute w-full h-full pin-t pin-l\" title=\"titolo\" aria-label=\"Interactive line chart\" src=\"\/\/datawrapper.dwcdn.net\/LP4ws\/\" scrolling=\"no\" frameborder=\"0\"><\/iframe>\n\t<\/div>\n<\/div>\n\n\n\n<ul class=\"wp-block-list\">\n<li>La Comisi\u00f3n hab\u00eda propuesto en 2018 un impuesto digital a escala del bloque del 3%, pero finalmente se suspendi\u00f3 a la espera de una soluci\u00f3n adoptada en la OCDE.<\/li>\n\n\n\n<li>Este impuesto tampoco se mencion\u00f3 en la propuesta de la Comisi\u00f3n sobre el\u00a0<a href=\"https:\/\/legrandcontinent.eu\/es\/2025\/07\/16\/la-comision-europea-presenta-su-nuevo-marco-financiero-plurianual-que-hay-que-recordar-x\/\">pr\u00f3ximo marco financiero plurianual<\/a>, mientras que, el 20 de enero, Donald Trump retir\u00f3 a Estados Unidos de las negociaciones de la OCDE.<\/li>\n\n\n\n<li>Es dif\u00edcil imaginar que los pa\u00edses europeos renuncien a esta fuente de ingresos \u2014para Francia, los ingresos estimados del impuesto ascienden a 774 millones de euros este a\u00f1o\u2014 en un contexto presupuestario especialmente fr\u00e1gil.<\/li>\n<\/ul>\n","protected":false},"excerpt":{"rendered":"<p>El 25 de agosto, el presidente estadounidense Donald Trump anunci\u00f3 en su red social Truth Social que Estados Unidos impondr\u00eda aranceles adicionales y restricciones a la exportaci\u00f3n a todos los pa\u00edses que hubieran establecido \u00abimpuestos, leyes, normas o regulaciones digitales\u00bb.<\/p>\n<p>Se trata de un importante rev\u00e9s para la Uni\u00f3n, que consideraba una victoria el hecho de que las regulaciones digitales europeas \u2014en particular, las DMA y DSA\u2014 pudieran excluirse de las demandas estadounidenses en el marco del acuerdo anunciado en Turnberry el 27 de julio.<\/p>\n","protected":false},"author":1366,"featured_media":76656,"comment_status":"closed","ping_status":"closed","sticky":false,"template":"templates\/post-briefings.php","format":"standard","meta":{"_acf_changed":true,"_trash_the_other_posts":false,"_yoast_wpseo_estimated-reading-time-minutes":3,"footnotes":""},"categories":[123],"tags":[],"staff":[],"editorial_format":[],"serie":[],"audience":[],"geo":[177],"class_list":["post-76655","post","type-post","status-publish","format-standard","hentry","category-digital","geo-europa"],"acf":{"open_in_webview":false,"accent":false,"_thumbnail_id":76656,"excerpt":"El 25 de agosto, el presidente estadounidense Donald Trump anunci\u00f3 en su red social Truth Social que Estados Unidos impondr\u00eda aranceles adicionales y restricciones a la exportaci\u00f3n a todos los pa\u00edses que hubieran establecido \u00abimpuestos, leyes, normas o regulaciones digitales\u00bb.\r\n\r\nSe trata de un importante rev\u00e9s para la Uni\u00f3n, que consideraba una victoria el hecho de que las regulaciones digitales europeas \u2014en particular, las DMA y DSA\u2014 pudieran excluirse de las demandas estadounidenses en el marco del acuerdo anunciado en Turnberry el 27 de julio.","display_date":"","new_abstract":true},"yoast_head":"<!-- This site is optimized with the Yoast SEO plugin v26.1.1 - https:\/\/yoast.com\/wordpress\/plugins\/seo\/ -->\n<title>\u00bfQu\u00e9 significan las amenazas de Trump sobre los impuestos y las regulaciones digitales para la Uni\u00f3n Europea?\u00a0 - El Grand Continent<\/title>\n<meta name=\"robots\" content=\"index, follow, max-snippet:-1, max-image-preview:large, max-video-preview:-1\" \/>\n<link rel=\"canonical\" href=\"https:\/\/legrandcontinent.eu\/es\/2025\/08\/26\/que-significan-las-amenazas-de-trump-sobre-los-impuestos-y-las-regulaciones-digitales-para-la-union-europea\/\" \/>\n<meta property=\"og:locale\" content=\"es_ES\" \/>\n<meta property=\"og:type\" content=\"article\" \/>\n<meta property=\"og:title\" content=\"\u00bfQu\u00e9 significan las amenazas de Trump sobre los impuestos y las regulaciones digitales para la Uni\u00f3n Europea?\u00a0 - El Grand Continent\" \/>\n<meta property=\"og:description\" content=\"El 25 de agosto, el presidente estadounidense Donald Trump anunci\u00f3 en su red social Truth Social que Estados Unidos impondr\u00eda aranceles adicionales y restricciones a la exportaci\u00f3n a todos los pa\u00edses que hubieran establecido \u00abimpuestos, leyes, normas o regulaciones digitales\u00bb.  Se trata de un importante rev\u00e9s para la Uni\u00f3n, que consideraba una victoria el hecho de que las regulaciones digitales europeas \u2014en particular, las DMA y DSA\u2014 pudieran excluirse de las demandas estadounidenses en el marco del acuerdo anunciado en Turnberry el 27 de julio.\" \/>\n<meta property=\"og:url\" content=\"https:\/\/legrandcontinent.eu\/es\/2025\/08\/26\/que-significan-las-amenazas-de-trump-sobre-los-impuestos-y-las-regulaciones-digitales-para-la-union-europea\/\" \/>\n<meta property=\"og:site_name\" content=\"El Grand Continent\" \/>\n<meta property=\"article:published_time\" content=\"2025-08-26T12:00:04+00:00\" \/>\n<meta property=\"article:modified_time\" content=\"2025-08-26T12:00:08+00:00\" \/>\n<meta property=\"og:image\" content=\"https:\/\/legrandcontinent.eu\/es\/wp-content\/uploads\/sites\/6\/2025\/08\/gc-elimpuestos-scaled.jpg\" \/>\n\t<meta property=\"og:image:width\" content=\"2560\" \/>\n\t<meta property=\"og:image:height\" content=\"1440\" \/>\n\t<meta property=\"og:image:type\" content=\"image\/jpeg\" \/>\n<meta name=\"author\" content=\"florent\" \/>\n<meta name=\"twitter:card\" content=\"summary_large_image\" \/>\n<meta name=\"twitter:image\" content=\"https:\/\/legrandcontinent.eu\/es\/wp-content\/uploads\/sites\/6\/2025\/08\/gc-elimpuestos-scaled.jpg\" \/>\n<meta name=\"twitter:label1\" content=\"Escrito por\" \/>\n\t<meta name=\"twitter:data1\" content=\"florent\" \/>\n\t<meta name=\"twitter:label2\" content=\"Tiempo de lectura\" \/>\n\t<meta name=\"twitter:data2\" content=\"3 minutos\" \/>\n<script type=\"application\/ld+json\" class=\"yoast-schema-graph\">{\"@context\":\"https:\/\/schema.org\",\"@graph\":[{\"@type\":\"WebPage\",\"@id\":\"https:\/\/legrandcontinent.eu\/es\/2025\/08\/26\/que-significan-las-amenazas-de-trump-sobre-los-impuestos-y-las-regulaciones-digitales-para-la-union-europea\/\",\"url\":\"https:\/\/legrandcontinent.eu\/es\/2025\/08\/26\/que-significan-las-amenazas-de-trump-sobre-los-impuestos-y-las-regulaciones-digitales-para-la-union-europea\/\",\"name\":\"\u00bfQu\u00e9 significan las amenazas de Trump sobre los impuestos y las regulaciones digitales para la Uni\u00f3n Europea?\u00a0 - El Grand Continent\",\"isPartOf\":{\"@id\":\"https:\/\/legrandcontinent.eu\/es\/#website\"},\"primaryImageOfPage\":{\"@id\":\"https:\/\/legrandcontinent.eu\/es\/2025\/08\/26\/que-significan-las-amenazas-de-trump-sobre-los-impuestos-y-las-regulaciones-digitales-para-la-union-europea\/#primaryimage\"},\"image\":{\"@id\":\"https:\/\/legrandcontinent.eu\/es\/2025\/08\/26\/que-significan-las-amenazas-de-trump-sobre-los-impuestos-y-las-regulaciones-digitales-para-la-union-europea\/#primaryimage\"},\"thumbnailUrl\":\"https:\/\/legrandcontinent.eu\/es\/wp-content\/uploads\/sites\/6\/2025\/08\/impuestos.jpg\",\"datePublished\":\"2025-08-26T12:00:04+00:00\",\"dateModified\":\"2025-08-26T12:00:08+00:00\",\"author\":{\"@id\":\"https:\/\/legrandcontinent.eu\/es\/#\/schema\/person\/cdd782c93d4a9eda86ab19a8c01cdf5c\"},\"breadcrumb\":{\"@id\":\"https:\/\/legrandcontinent.eu\/es\/2025\/08\/26\/que-significan-las-amenazas-de-trump-sobre-los-impuestos-y-las-regulaciones-digitales-para-la-union-europea\/#breadcrumb\"},\"inLanguage\":\"es\",\"potentialAction\":[{\"@type\":\"ReadAction\",\"target\":[\"https:\/\/legrandcontinent.eu\/es\/2025\/08\/26\/que-significan-las-amenazas-de-trump-sobre-los-impuestos-y-las-regulaciones-digitales-para-la-union-europea\/\"]}]},{\"@type\":\"ImageObject\",\"inLanguage\":\"es\",\"@id\":\"https:\/\/legrandcontinent.eu\/es\/2025\/08\/26\/que-significan-las-amenazas-de-trump-sobre-los-impuestos-y-las-regulaciones-digitales-para-la-union-europea\/#primaryimage\",\"url\":\"https:\/\/legrandcontinent.eu\/es\/wp-content\/uploads\/sites\/6\/2025\/08\/impuestos.jpg\",\"contentUrl\":\"https:\/\/legrandcontinent.eu\/es\/wp-content\/uploads\/sites\/6\/2025\/08\/impuestos.jpg\",\"width\":1240,\"height\":1372},{\"@type\":\"BreadcrumbList\",\"@id\":\"https:\/\/legrandcontinent.eu\/es\/2025\/08\/26\/que-significan-las-amenazas-de-trump-sobre-los-impuestos-y-las-regulaciones-digitales-para-la-union-europea\/#breadcrumb\",\"itemListElement\":[{\"@type\":\"ListItem\",\"position\":1,\"name\":\"Home\",\"item\":\"https:\/\/legrandcontinent.eu\/es\/\"},{\"@type\":\"ListItem\",\"position\":2,\"name\":\"\u00bfQu\u00e9 significan las amenazas de Trump sobre los impuestos y las regulaciones digitales para la Uni\u00f3n Europea?\u00a0\"}]},{\"@type\":\"WebSite\",\"@id\":\"https:\/\/legrandcontinent.eu\/es\/#website\",\"url\":\"https:\/\/legrandcontinent.eu\/es\/\",\"name\":\"El Grand Continent\",\"description\":\"La escala pertinente\",\"potentialAction\":[{\"@type\":\"SearchAction\",\"target\":{\"@type\":\"EntryPoint\",\"urlTemplate\":\"https:\/\/legrandcontinent.eu\/es\/?s={search_term_string}\"},\"query-input\":{\"@type\":\"PropertyValueSpecification\",\"valueRequired\":true,\"valueName\":\"search_term_string\"}}],\"inLanguage\":\"es\"},{\"@type\":\"Person\",\"@id\":\"https:\/\/legrandcontinent.eu\/es\/#\/schema\/person\/cdd782c93d4a9eda86ab19a8c01cdf5c\",\"name\":\"florent\",\"image\":{\"@type\":\"ImageObject\",\"inLanguage\":\"es\",\"@id\":\"https:\/\/legrandcontinent.eu\/es\/#\/schema\/person\/image\/\",\"url\":\"https:\/\/secure.gravatar.com\/avatar\/0d38d78c90602daf39b309035cdac6bc?s=96&d=mm&r=g\",\"contentUrl\":\"https:\/\/secure.gravatar.com\/avatar\/0d38d78c90602daf39b309035cdac6bc?s=96&d=mm&r=g\",\"caption\":\"florent\"}}]}<\/script>\n<!-- \/ Yoast SEO plugin. -->","yoast_head_json":{"title":"\u00bfQu\u00e9 significan las amenazas de Trump sobre los impuestos y las regulaciones digitales para la Uni\u00f3n Europea?\u00a0 - El Grand Continent","robots":{"index":"index","follow":"follow","max-snippet":"max-snippet:-1","max-image-preview":"max-image-preview:large","max-video-preview":"max-video-preview:-1"},"canonical":"https:\/\/legrandcontinent.eu\/es\/2025\/08\/26\/que-significan-las-amenazas-de-trump-sobre-los-impuestos-y-las-regulaciones-digitales-para-la-union-europea\/","og_locale":"es_ES","og_type":"article","og_title":"\u00bfQu\u00e9 significan las amenazas de Trump sobre los impuestos y las regulaciones digitales para la Uni\u00f3n Europea?\u00a0 - El Grand Continent","og_description":"El 25 de agosto, el presidente estadounidense Donald Trump anunci\u00f3 en su red social Truth Social que Estados Unidos impondr\u00eda aranceles adicionales y restricciones a la exportaci\u00f3n a todos los pa\u00edses que hubieran establecido \u00abimpuestos, leyes, normas o regulaciones digitales\u00bb.  Se trata de un importante rev\u00e9s para la Uni\u00f3n, que consideraba una victoria el hecho de que las regulaciones digitales europeas \u2014en particular, las DMA y DSA\u2014 pudieran excluirse de las demandas estadounidenses en el marco del acuerdo anunciado en Turnberry el 27 de julio.","og_url":"https:\/\/legrandcontinent.eu\/es\/2025\/08\/26\/que-significan-las-amenazas-de-trump-sobre-los-impuestos-y-las-regulaciones-digitales-para-la-union-europea\/","og_site_name":"El Grand Continent","article_published_time":"2025-08-26T12:00:04+00:00","article_modified_time":"2025-08-26T12:00:08+00:00","og_image":[{"width":2560,"height":1440,"url":"https:\/\/legrandcontinent.eu\/es\/wp-content\/uploads\/sites\/6\/2025\/08\/gc-elimpuestos-scaled.jpg","type":"image\/jpeg"}],"author":"florent","twitter_card":"summary_large_image","twitter_image":"https:\/\/legrandcontinent.eu\/es\/wp-content\/uploads\/sites\/6\/2025\/08\/gc-elimpuestos-scaled.jpg","twitter_misc":{"Escrito por":"florent","Tiempo de lectura":"3 minutos"},"schema":{"@context":"https:\/\/schema.org","@graph":[{"@type":"WebPage","@id":"https:\/\/legrandcontinent.eu\/es\/2025\/08\/26\/que-significan-las-amenazas-de-trump-sobre-los-impuestos-y-las-regulaciones-digitales-para-la-union-europea\/","url":"https:\/\/legrandcontinent.eu\/es\/2025\/08\/26\/que-significan-las-amenazas-de-trump-sobre-los-impuestos-y-las-regulaciones-digitales-para-la-union-europea\/","name":"\u00bfQu\u00e9 significan las amenazas de Trump sobre los impuestos y las regulaciones digitales para la Uni\u00f3n Europea?\u00a0 - El Grand Continent","isPartOf":{"@id":"https:\/\/legrandcontinent.eu\/es\/#website"},"primaryImageOfPage":{"@id":"https:\/\/legrandcontinent.eu\/es\/2025\/08\/26\/que-significan-las-amenazas-de-trump-sobre-los-impuestos-y-las-regulaciones-digitales-para-la-union-europea\/#primaryimage"},"image":{"@id":"https:\/\/legrandcontinent.eu\/es\/2025\/08\/26\/que-significan-las-amenazas-de-trump-sobre-los-impuestos-y-las-regulaciones-digitales-para-la-union-europea\/#primaryimage"},"thumbnailUrl":"https:\/\/legrandcontinent.eu\/es\/wp-content\/uploads\/sites\/6\/2025\/08\/impuestos.jpg","datePublished":"2025-08-26T12:00:04+00:00","dateModified":"2025-08-26T12:00:08+00:00","author":{"@id":"https:\/\/legrandcontinent.eu\/es\/#\/schema\/person\/cdd782c93d4a9eda86ab19a8c01cdf5c"},"breadcrumb":{"@id":"https:\/\/legrandcontinent.eu\/es\/2025\/08\/26\/que-significan-las-amenazas-de-trump-sobre-los-impuestos-y-las-regulaciones-digitales-para-la-union-europea\/#breadcrumb"},"inLanguage":"es","potentialAction":[{"@type":"ReadAction","target":["https:\/\/legrandcontinent.eu\/es\/2025\/08\/26\/que-significan-las-amenazas-de-trump-sobre-los-impuestos-y-las-regulaciones-digitales-para-la-union-europea\/"]}]},{"@type":"ImageObject","inLanguage":"es","@id":"https:\/\/legrandcontinent.eu\/es\/2025\/08\/26\/que-significan-las-amenazas-de-trump-sobre-los-impuestos-y-las-regulaciones-digitales-para-la-union-europea\/#primaryimage","url":"https:\/\/legrandcontinent.eu\/es\/wp-content\/uploads\/sites\/6\/2025\/08\/impuestos.jpg","contentUrl":"https:\/\/legrandcontinent.eu\/es\/wp-content\/uploads\/sites\/6\/2025\/08\/impuestos.jpg","width":1240,"height":1372},{"@type":"BreadcrumbList","@id":"https:\/\/legrandcontinent.eu\/es\/2025\/08\/26\/que-significan-las-amenazas-de-trump-sobre-los-impuestos-y-las-regulaciones-digitales-para-la-union-europea\/#breadcrumb","itemListElement":[{"@type":"ListItem","position":1,"name":"Home","item":"https:\/\/legrandcontinent.eu\/es\/"},{"@type":"ListItem","position":2,"name":"\u00bfQu\u00e9 significan las amenazas de Trump sobre los impuestos y las regulaciones digitales para la Uni\u00f3n Europea?\u00a0"}]},{"@type":"WebSite","@id":"https:\/\/legrandcontinent.eu\/es\/#website","url":"https:\/\/legrandcontinent.eu\/es\/","name":"El Grand Continent","description":"La escala pertinente","potentialAction":[{"@type":"SearchAction","target":{"@type":"EntryPoint","urlTemplate":"https:\/\/legrandcontinent.eu\/es\/?s={search_term_string}"},"query-input":{"@type":"PropertyValueSpecification","valueRequired":true,"valueName":"search_term_string"}}],"inLanguage":"es"},{"@type":"Person","@id":"https:\/\/legrandcontinent.eu\/es\/#\/schema\/person\/cdd782c93d4a9eda86ab19a8c01cdf5c","name":"florent","image":{"@type":"ImageObject","inLanguage":"es","@id":"https:\/\/legrandcontinent.eu\/es\/#\/schema\/person\/image\/","url":"https:\/\/secure.gravatar.com\/avatar\/0d38d78c90602daf39b309035cdac6bc?s=96&d=mm&r=g","contentUrl":"https:\/\/secure.gravatar.com\/avatar\/0d38d78c90602daf39b309035cdac6bc?s=96&d=mm&r=g","caption":"florent"}}]}},"lgc_categories":[{"id":123,"name":"Digital","slug":"digital"}],"lgc_author":null,"feature_image_summary":{"url":"https:\/\/legrandcontinent.eu\/es\/wp-content\/uploads\/sites\/6\/2025\/08\/impuestos.jpg","width":1240,"height":1372,"alt":""},"feature_image_cover":null,"term_position_data":null,"_links":{"self":[{"href":"https:\/\/legrandcontinent.eu\/es\/wp-json\/wp\/v2\/posts\/76655","targetHints":{"allow":["GET"]}}],"collection":[{"href":"https:\/\/legrandcontinent.eu\/es\/wp-json\/wp\/v2\/posts"}],"about":[{"href":"https:\/\/legrandcontinent.eu\/es\/wp-json\/wp\/v2\/types\/post"}],"author":[{"embeddable":true,"href":"https:\/\/legrandcontinent.eu\/es\/wp-json\/wp\/v2\/users\/1366"}],"replies":[{"embeddable":true,"href":"https:\/\/legrandcontinent.eu\/es\/wp-json\/wp\/v2\/comments?post=76655"}],"version-history":[{"count":0,"href":"https:\/\/legrandcontinent.eu\/es\/wp-json\/wp\/v2\/posts\/76655\/revisions"}],"wp:featuredmedia":[{"embeddable":true,"href":"https:\/\/legrandcontinent.eu\/es\/wp-json\/wp\/v2\/media\/76656"}],"wp:attachment":[{"href":"https:\/\/legrandcontinent.eu\/es\/wp-json\/wp\/v2\/media?parent=76655"}],"wp:term":[{"taxonomy":"category","embeddable":true,"href":"https:\/\/legrandcontinent.eu\/es\/wp-json\/wp\/v2\/categories?post=76655"},{"taxonomy":"post_tag","embeddable":true,"href":"https:\/\/legrandcontinent.eu\/es\/wp-json\/wp\/v2\/tags?post=76655"},{"taxonomy":"staff","embeddable":true,"href":"https:\/\/legrandcontinent.eu\/es\/wp-json\/wp\/v2\/staff?post=76655"},{"taxonomy":"editorial_format","embeddable":true,"href":"https:\/\/legrandcontinent.eu\/es\/wp-json\/wp\/v2\/editorial_format?post=76655"},{"taxonomy":"serie","embeddable":true,"href":"https:\/\/legrandcontinent.eu\/es\/wp-json\/wp\/v2\/serie?post=76655"},{"taxonomy":"audience","embeddable":true,"href":"https:\/\/legrandcontinent.eu\/es\/wp-json\/wp\/v2\/audience?post=76655"},{"taxonomy":"geo","embeddable":true,"href":"https:\/\/legrandcontinent.eu\/es\/wp-json\/wp\/v2\/geo?post=76655"}],"curies":[{"name":"wp","href":"https:\/\/api.w.org\/{rel}","templated":true}]}}