{"id":74894,"date":"2025-08-09T07:30:00","date_gmt":"2025-08-09T05:30:00","guid":{"rendered":"https:\/\/legrandcontinent.eu\/es\/?p=74894"},"modified":"2025-08-09T04:50:14","modified_gmt":"2025-08-09T02:50:14","slug":"cuales-son-los-destinos-favoritos-de-los-europeos-para-las-vacaciones","status":"publish","type":"post","link":"https:\/\/legrandcontinent.eu\/es\/2025\/08\/09\/cuales-son-los-destinos-favoritos-de-los-europeos-para-las-vacaciones\/","title":{"rendered":"\u00bfCu\u00e1les son los destinos favoritos de los europeos para las vacaciones?"},"content":{"rendered":"\n<p>Seg\u00fan datos de la Comisi\u00f3n Europea para el a\u00f1o 2023, Italia (30,8 millones de turistas), Espa\u00f1a (30,4 millones) y Francia (21,8 millones) son los tres destinos preferidos de los turistas europeos.<\/p>\n\n\n\n<ul class=\"wp-block-list\">\n<li>Los alemanes son, con diferencia, los europeos que m\u00e1s salen de vacaciones al extranjero cada a\u00f1o: en 2022 se registraron 70,1 millones de pernoctaciones en otro pa\u00eds europeo, con una poblaci\u00f3n total de 83,5 millones de habitantes.&nbsp;<span class='whitespace-nowrap'><span id='easy-footnote-1-74894' class='easy-footnote-margin-adjust'><\/span><span class='easy-footnote'><a href='https:\/\/legrandcontinent.eu\/es\/2025\/08\/09\/cuales-son-los-destinos-favoritos-de-los-europeos-para-las-vacaciones\/#easy-footnote-bottom-1-74894' title='Esta cifra no corresponde al n\u00famero de alemanes que viajan al extranjero. Se refiere a los viajes al extranjero que han incluido al menos una noche.'><sup>1<\/sup><\/a><\/span><\/span><\/li>\n\n\n\n<li>El pa\u00eds solo recibi\u00f3 19,1 millones de turistas europeos en 2023, de los cuales 4,6 millones eran neerlandeses, 2,9 millones austriacos, 2,6 millones polacos y 2,3 millones franceses.<\/li>\n<\/ul>\n\n\n\n<p>En la Uni\u00f3n, los turistas franceses son los que m\u00e1s viajan dentro de su propio pa\u00eds (incluido el territorio metropolitano y de ultramar): en 2023, el 56 % de la poblaci\u00f3n se fue de vacaciones a Francia al menos por una noche.<\/p>\n\n\n\n<ul class=\"wp-block-list\">\n<li>Les siguen Espa\u00f1a (45 %), Polonia (44 %) y Suecia (39 %). Los belgas (7 %), los malteses (8 %) y los eslovenos (11 %) son los que menos viajan dentro de su pa\u00eds.<\/li>\n<\/ul>\n\n\n\n<p>Aunque Francia es el principal destino tur\u00edstico del mundo (entre 80 y 140 millones, seg\u00fan las fuentes y los indicadores), es mucho menos popular entre los turistas europeos.<\/p>\n\n\n\n<ul class=\"wp-block-list\">\n<li>En junio de 2024, un informe de Deloitte estimaba que Espa\u00f1a deber\u00eda desbancar a Francia de aqu\u00ed a 2040, con 110 millones de visitantes anuales, frente a los 105 de Francia.&nbsp;<span class='whitespace-nowrap'><span id='easy-footnote-2-74894' class='easy-footnote-margin-adjust'><\/span><span class='easy-footnote'><a href='https:\/\/legrandcontinent.eu\/es\/2025\/08\/09\/cuales-son-los-destinos-favoritos-de-los-europeos-para-las-vacaciones\/#easy-footnote-bottom-2-74894' title='&lt;a href=&quot;https:\/\/perspectivas.deloitte.com\/l\/915781\/2024-06-11\/t9wxj\/915781\/1718097063p7fpDKlS\/20240305_NextGen_Travellers_Destinations_Google_ENG.pdf&quot;&gt;NextGen travellers and destinations&lt;\/a&gt;, Google &amp;amp; Deloitte, junio de 2024.'><sup>2<\/sup><\/a><\/span><\/span><\/li>\n\n\n\n<li>A escala mundial, los pa\u00edses de \u00c1frica y Medio Oriente deber\u00edan registrar el mayor crecimiento anual en el n\u00famero de llegadas de turistas, con un +3,5 % y un +5 %, respectivamente.<\/li>\n\n\n\n<li>No obstante, Europa deber\u00eda seguir siendo el continente m\u00e1s visitado, con el 38 % del total de turistas internacionales.<\/li>\n<\/ul>\n","protected":false},"excerpt":{"rendered":"<p>Los europeos viajan principalmente dentro de su propio pa\u00eds y a otros pa\u00edses de la Uni\u00f3n durante las vacaciones. En 2023, se registraron cerca de 230 millones de estancias tur\u00edsticas intraeuropeas de m\u00e1s de una noche.<\/p>\n<p>Italia fue el destino m\u00e1s popular para los europeos en 2023, seguida de Espa\u00f1a y Francia.<\/p>\n","protected":false},"author":1366,"featured_media":74886,"comment_status":"closed","ping_status":"closed","sticky":false,"template":"templates\/post-briefings.php","format":"standard","meta":{"_acf_changed":true,"_trash_the_other_posts":false,"_yoast_wpseo_estimated-reading-time-minutes":2,"footnotes":""},"categories":[522],"tags":[],"staff":[],"editorial_format":[],"serie":[],"audience":[],"geo":[177],"class_list":["post-74894","post","type-post","status-publish","format-standard","hentry","category-los-datos-que-lo-cambian-todo","geo-europa"],"acf":{"open_in_webview":false,"accent":false,"_thumbnail_id":74886,"excerpt":"Los europeos viajan principalmente dentro de su propio pa\u00eds y a otros pa\u00edses de la Uni\u00f3n durante las vacaciones. En 2023, se registraron cerca de 230 millones de estancias tur\u00edsticas intraeuropeas de m\u00e1s de una noche.\r\n\r\nItalia fue el destino m\u00e1s popular para los europeos en 2023, seguida de Espa\u00f1a y Francia.","display_date":"","new_abstract":true},"yoast_head":"<!-- This site is optimized with the Yoast SEO plugin v26.1.1 - https:\/\/yoast.com\/wordpress\/plugins\/seo\/ -->\n<title>\u00bfCu\u00e1les son los destinos favoritos de los europeos para las vacaciones? - El Grand Continent<\/title>\n<meta name=\"robots\" content=\"index, follow, max-snippet:-1, max-image-preview:large, max-video-preview:-1\" \/>\n<link rel=\"canonical\" href=\"https:\/\/legrandcontinent.eu\/es\/2025\/08\/09\/cuales-son-los-destinos-favoritos-de-los-europeos-para-las-vacaciones\/\" \/>\n<meta property=\"og:locale\" content=\"es_ES\" \/>\n<meta property=\"og:type\" content=\"article\" \/>\n<meta property=\"og:title\" content=\"\u00bfCu\u00e1les son los destinos favoritos de los europeos para las vacaciones? - El Grand Continent\" \/>\n<meta property=\"og:description\" content=\"Los europeos viajan principalmente dentro de su propio pa\u00eds y a otros pa\u00edses de la Uni\u00f3n durante las vacaciones. En 2023, se registraron cerca de 230 millones de estancias tur\u00edsticas intraeuropeas de m\u00e1s de una noche.  Italia fue el destino m\u00e1s popular para los europeos en 2023, seguida de Espa\u00f1a y Francia.\" \/>\n<meta property=\"og:url\" content=\"https:\/\/legrandcontinent.eu\/es\/2025\/08\/09\/cuales-son-los-destinos-favoritos-de-los-europeos-para-las-vacaciones\/\" \/>\n<meta property=\"og:site_name\" content=\"El Grand Continent\" \/>\n<meta property=\"article:published_time\" content=\"2025-08-09T05:30:00+00:00\" \/>\n<meta property=\"og:image\" content=\"https:\/\/legrandcontinent.eu\/es\/wp-content\/uploads\/sites\/2\/2025\/08\/Capture-decran-2025-08-08-a-22.52.54.png\" \/>\n\t<meta property=\"og:image:width\" content=\"1822\" \/>\n\t<meta property=\"og:image:height\" content=\"1018\" \/>\n\t<meta property=\"og:image:type\" content=\"image\/png\" \/>\n<meta name=\"author\" content=\"florent\" \/>\n<meta name=\"twitter:card\" content=\"summary_large_image\" \/>\n<meta name=\"twitter:label1\" content=\"Escrito por\" \/>\n\t<meta name=\"twitter:data1\" content=\"florent\" \/>\n\t<meta name=\"twitter:label2\" content=\"Tiempo de lectura\" \/>\n\t<meta name=\"twitter:data2\" content=\"2 minutos\" \/>\n<script type=\"application\/ld+json\" class=\"yoast-schema-graph\">{\"@context\":\"https:\/\/schema.org\",\"@graph\":[{\"@type\":\"WebPage\",\"@id\":\"https:\/\/legrandcontinent.eu\/es\/2025\/08\/09\/cuales-son-los-destinos-favoritos-de-los-europeos-para-las-vacaciones\/\",\"url\":\"https:\/\/legrandcontinent.eu\/es\/2025\/08\/09\/cuales-son-los-destinos-favoritos-de-los-europeos-para-las-vacaciones\/\",\"name\":\"\u00bfCu\u00e1les son los destinos favoritos de los europeos para las vacaciones? - El Grand Continent\",\"isPartOf\":{\"@id\":\"https:\/\/legrandcontinent.eu\/es\/#website\"},\"primaryImageOfPage\":{\"@id\":\"https:\/\/legrandcontinent.eu\/es\/2025\/08\/09\/cuales-son-los-destinos-favoritos-de-los-europeos-para-las-vacaciones\/#primaryimage\"},\"image\":{\"@id\":\"https:\/\/legrandcontinent.eu\/es\/2025\/08\/09\/cuales-son-los-destinos-favoritos-de-los-europeos-para-las-vacaciones\/#primaryimage\"},\"thumbnailUrl\":\"https:\/\/legrandcontinent.eu\/es\/wp-content\/uploads\/sites\/2\/2025\/08\/Capture-decran-2025-08-08-a-22.52.54.png\",\"datePublished\":\"2025-08-09T05:30:00+00:00\",\"author\":{\"@id\":\"https:\/\/legrandcontinent.eu\/es\/#\/schema\/person\/cdd782c93d4a9eda86ab19a8c01cdf5c\"},\"breadcrumb\":{\"@id\":\"https:\/\/legrandcontinent.eu\/es\/2025\/08\/09\/cuales-son-los-destinos-favoritos-de-los-europeos-para-las-vacaciones\/#breadcrumb\"},\"inLanguage\":\"es\",\"potentialAction\":[{\"@type\":\"ReadAction\",\"target\":[\"https:\/\/legrandcontinent.eu\/es\/2025\/08\/09\/cuales-son-los-destinos-favoritos-de-los-europeos-para-las-vacaciones\/\"]}]},{\"@type\":\"ImageObject\",\"inLanguage\":\"es\",\"@id\":\"https:\/\/legrandcontinent.eu\/es\/2025\/08\/09\/cuales-son-los-destinos-favoritos-de-los-europeos-para-las-vacaciones\/#primaryimage\",\"url\":\"https:\/\/legrandcontinent.eu\/es\/wp-content\/uploads\/sites\/2\/2025\/08\/Capture-decran-2025-08-08-a-22.52.54.png\",\"contentUrl\":\"https:\/\/legrandcontinent.eu\/es\/wp-content\/uploads\/sites\/2\/2025\/08\/Capture-decran-2025-08-08-a-22.52.54.png\",\"width\":1822,\"height\":1018,\"caption\":\"Flux intra-europ\u00e9en de touristes, en 2023 Les Europ\u00e9ens voyagent avant tout dans leur propre pays et dans les autres pays de l\u2019Union pendant les vacances. En 2023, ont \u00e9t\u00e9 recens\u00e9s pr\u00e8s de 230 millions de s\u00e9jours touristiques intra-europ\u00e9ens d'une dur\u00e9e sup\u00e9rieure \u00e0 une nuit.\"},{\"@type\":\"BreadcrumbList\",\"@id\":\"https:\/\/legrandcontinent.eu\/es\/2025\/08\/09\/cuales-son-los-destinos-favoritos-de-los-europeos-para-las-vacaciones\/#breadcrumb\",\"itemListElement\":[{\"@type\":\"ListItem\",\"position\":1,\"name\":\"Home\",\"item\":\"https:\/\/legrandcontinent.eu\/es\/\"},{\"@type\":\"ListItem\",\"position\":2,\"name\":\"\u00bfCu\u00e1les son los destinos favoritos de los europeos para las vacaciones?\"}]},{\"@type\":\"WebSite\",\"@id\":\"https:\/\/legrandcontinent.eu\/es\/#website\",\"url\":\"https:\/\/legrandcontinent.eu\/es\/\",\"name\":\"El Grand Continent\",\"description\":\"La escala pertinente\",\"potentialAction\":[{\"@type\":\"SearchAction\",\"target\":{\"@type\":\"EntryPoint\",\"urlTemplate\":\"https:\/\/legrandcontinent.eu\/es\/?s={search_term_string}\"},\"query-input\":{\"@type\":\"PropertyValueSpecification\",\"valueRequired\":true,\"valueName\":\"search_term_string\"}}],\"inLanguage\":\"es\"},{\"@type\":\"Person\",\"@id\":\"https:\/\/legrandcontinent.eu\/es\/#\/schema\/person\/cdd782c93d4a9eda86ab19a8c01cdf5c\",\"name\":\"florent\",\"image\":{\"@type\":\"ImageObject\",\"inLanguage\":\"es\",\"@id\":\"https:\/\/legrandcontinent.eu\/es\/#\/schema\/person\/image\/\",\"url\":\"https:\/\/secure.gravatar.com\/avatar\/0d38d78c90602daf39b309035cdac6bc?s=96&d=mm&r=g\",\"contentUrl\":\"https:\/\/secure.gravatar.com\/avatar\/0d38d78c90602daf39b309035cdac6bc?s=96&d=mm&r=g\",\"caption\":\"florent\"}}]}<\/script>\n<!-- \/ Yoast SEO plugin. -->","yoast_head_json":{"title":"\u00bfCu\u00e1les son los destinos favoritos de los europeos para las vacaciones? - El Grand Continent","robots":{"index":"index","follow":"follow","max-snippet":"max-snippet:-1","max-image-preview":"max-image-preview:large","max-video-preview":"max-video-preview:-1"},"canonical":"https:\/\/legrandcontinent.eu\/es\/2025\/08\/09\/cuales-son-los-destinos-favoritos-de-los-europeos-para-las-vacaciones\/","og_locale":"es_ES","og_type":"article","og_title":"\u00bfCu\u00e1les son los destinos favoritos de los europeos para las vacaciones? - El Grand Continent","og_description":"Los europeos viajan principalmente dentro de su propio pa\u00eds y a otros pa\u00edses de la Uni\u00f3n durante las vacaciones. En 2023, se registraron cerca de 230 millones de estancias tur\u00edsticas intraeuropeas de m\u00e1s de una noche.  Italia fue el destino m\u00e1s popular para los europeos en 2023, seguida de Espa\u00f1a y Francia.","og_url":"https:\/\/legrandcontinent.eu\/es\/2025\/08\/09\/cuales-son-los-destinos-favoritos-de-los-europeos-para-las-vacaciones\/","og_site_name":"El Grand Continent","article_published_time":"2025-08-09T05:30:00+00:00","og_image":[{"width":1822,"height":1018,"url":"https:\/\/legrandcontinent.eu\/es\/wp-content\/uploads\/sites\/2\/2025\/08\/Capture-decran-2025-08-08-a-22.52.54.png","type":"image\/png"}],"author":"florent","twitter_card":"summary_large_image","twitter_misc":{"Escrito por":"florent","Tiempo de lectura":"2 minutos"},"schema":{"@context":"https:\/\/schema.org","@graph":[{"@type":"WebPage","@id":"https:\/\/legrandcontinent.eu\/es\/2025\/08\/09\/cuales-son-los-destinos-favoritos-de-los-europeos-para-las-vacaciones\/","url":"https:\/\/legrandcontinent.eu\/es\/2025\/08\/09\/cuales-son-los-destinos-favoritos-de-los-europeos-para-las-vacaciones\/","name":"\u00bfCu\u00e1les son los destinos favoritos de los europeos para las vacaciones? - El Grand Continent","isPartOf":{"@id":"https:\/\/legrandcontinent.eu\/es\/#website"},"primaryImageOfPage":{"@id":"https:\/\/legrandcontinent.eu\/es\/2025\/08\/09\/cuales-son-los-destinos-favoritos-de-los-europeos-para-las-vacaciones\/#primaryimage"},"image":{"@id":"https:\/\/legrandcontinent.eu\/es\/2025\/08\/09\/cuales-son-los-destinos-favoritos-de-los-europeos-para-las-vacaciones\/#primaryimage"},"thumbnailUrl":"https:\/\/legrandcontinent.eu\/es\/wp-content\/uploads\/sites\/2\/2025\/08\/Capture-decran-2025-08-08-a-22.52.54.png","datePublished":"2025-08-09T05:30:00+00:00","author":{"@id":"https:\/\/legrandcontinent.eu\/es\/#\/schema\/person\/cdd782c93d4a9eda86ab19a8c01cdf5c"},"breadcrumb":{"@id":"https:\/\/legrandcontinent.eu\/es\/2025\/08\/09\/cuales-son-los-destinos-favoritos-de-los-europeos-para-las-vacaciones\/#breadcrumb"},"inLanguage":"es","potentialAction":[{"@type":"ReadAction","target":["https:\/\/legrandcontinent.eu\/es\/2025\/08\/09\/cuales-son-los-destinos-favoritos-de-los-europeos-para-las-vacaciones\/"]}]},{"@type":"ImageObject","inLanguage":"es","@id":"https:\/\/legrandcontinent.eu\/es\/2025\/08\/09\/cuales-son-los-destinos-favoritos-de-los-europeos-para-las-vacaciones\/#primaryimage","url":"https:\/\/legrandcontinent.eu\/es\/wp-content\/uploads\/sites\/2\/2025\/08\/Capture-decran-2025-08-08-a-22.52.54.png","contentUrl":"https:\/\/legrandcontinent.eu\/es\/wp-content\/uploads\/sites\/2\/2025\/08\/Capture-decran-2025-08-08-a-22.52.54.png","width":1822,"height":1018,"caption":"Flux intra-europ\u00e9en de touristes, en 2023 Les Europ\u00e9ens voyagent avant tout dans leur propre pays et dans les autres pays de l\u2019Union pendant les vacances. En 2023, ont \u00e9t\u00e9 recens\u00e9s pr\u00e8s de 230 millions de s\u00e9jours touristiques intra-europ\u00e9ens d'une dur\u00e9e sup\u00e9rieure \u00e0 une nuit."},{"@type":"BreadcrumbList","@id":"https:\/\/legrandcontinent.eu\/es\/2025\/08\/09\/cuales-son-los-destinos-favoritos-de-los-europeos-para-las-vacaciones\/#breadcrumb","itemListElement":[{"@type":"ListItem","position":1,"name":"Home","item":"https:\/\/legrandcontinent.eu\/es\/"},{"@type":"ListItem","position":2,"name":"\u00bfCu\u00e1les son los destinos favoritos de los europeos para las vacaciones?"}]},{"@type":"WebSite","@id":"https:\/\/legrandcontinent.eu\/es\/#website","url":"https:\/\/legrandcontinent.eu\/es\/","name":"El Grand Continent","description":"La escala pertinente","potentialAction":[{"@type":"SearchAction","target":{"@type":"EntryPoint","urlTemplate":"https:\/\/legrandcontinent.eu\/es\/?s={search_term_string}"},"query-input":{"@type":"PropertyValueSpecification","valueRequired":true,"valueName":"search_term_string"}}],"inLanguage":"es"},{"@type":"Person","@id":"https:\/\/legrandcontinent.eu\/es\/#\/schema\/person\/cdd782c93d4a9eda86ab19a8c01cdf5c","name":"florent","image":{"@type":"ImageObject","inLanguage":"es","@id":"https:\/\/legrandcontinent.eu\/es\/#\/schema\/person\/image\/","url":"https:\/\/secure.gravatar.com\/avatar\/0d38d78c90602daf39b309035cdac6bc?s=96&d=mm&r=g","contentUrl":"https:\/\/secure.gravatar.com\/avatar\/0d38d78c90602daf39b309035cdac6bc?s=96&d=mm&r=g","caption":"florent"}}]}},"lgc_categories":[{"id":522,"name":"Los datos que lo cambian todo","slug":"los-datos-que-lo-cambian-todo"}],"lgc_author":null,"feature_image_summary":{"url":"https:\/\/legrandcontinent.eu\/es\/wp-content\/uploads\/sites\/2\/2025\/08\/Capture-decran-2025-08-08-a-22.52.54.png","width":1822,"height":1018,"alt":""},"feature_image_cover":null,"term_position_data":null,"_links":{"self":[{"href":"https:\/\/legrandcontinent.eu\/es\/wp-json\/wp\/v2\/posts\/74894","targetHints":{"allow":["GET"]}}],"collection":[{"href":"https:\/\/legrandcontinent.eu\/es\/wp-json\/wp\/v2\/posts"}],"about":[{"href":"https:\/\/legrandcontinent.eu\/es\/wp-json\/wp\/v2\/types\/post"}],"author":[{"embeddable":true,"href":"https:\/\/legrandcontinent.eu\/es\/wp-json\/wp\/v2\/users\/1366"}],"replies":[{"embeddable":true,"href":"https:\/\/legrandcontinent.eu\/es\/wp-json\/wp\/v2\/comments?post=74894"}],"version-history":[{"count":0,"href":"https:\/\/legrandcontinent.eu\/es\/wp-json\/wp\/v2\/posts\/74894\/revisions"}],"wp:featuredmedia":[{"embeddable":true,"href":"https:\/\/legrandcontinent.eu\/es\/wp-json\/wp\/v2\/media\/74886"}],"wp:attachment":[{"href":"https:\/\/legrandcontinent.eu\/es\/wp-json\/wp\/v2\/media?parent=74894"}],"wp:term":[{"taxonomy":"category","embeddable":true,"href":"https:\/\/legrandcontinent.eu\/es\/wp-json\/wp\/v2\/categories?post=74894"},{"taxonomy":"post_tag","embeddable":true,"href":"https:\/\/legrandcontinent.eu\/es\/wp-json\/wp\/v2\/tags?post=74894"},{"taxonomy":"staff","embeddable":true,"href":"https:\/\/legrandcontinent.eu\/es\/wp-json\/wp\/v2\/staff?post=74894"},{"taxonomy":"editorial_format","embeddable":true,"href":"https:\/\/legrandcontinent.eu\/es\/wp-json\/wp\/v2\/editorial_format?post=74894"},{"taxonomy":"serie","embeddable":true,"href":"https:\/\/legrandcontinent.eu\/es\/wp-json\/wp\/v2\/serie?post=74894"},{"taxonomy":"audience","embeddable":true,"href":"https:\/\/legrandcontinent.eu\/es\/wp-json\/wp\/v2\/audience?post=74894"},{"taxonomy":"geo","embeddable":true,"href":"https:\/\/legrandcontinent.eu\/es\/wp-json\/wp\/v2\/geo?post=74894"}],"curies":[{"name":"wp","href":"https:\/\/api.w.org\/{rel}","templated":true}]}}